{"id":77318,"date":"2024-05-18T14:00:35","date_gmt":"2024-05-18T17:00:35","guid":{"rendered":"https:\/\/cleitonpinheiro.com.br\/site\/?p=77318"},"modified":"2024-05-18T14:00:39","modified_gmt":"2024-05-18T17:00:39","slug":"confira-quais-orgaos-municipais-funcionam-na-vespera-e-no-aniversario-da-capital","status":"publish","type":"post","link":"https:\/\/cleitonpinheiro.com.br\/site\/confira-quais-orgaos-municipais-funcionam-na-vespera-e-no-aniversario-da-capital\/","title":{"rendered":"Confira quais \u00f3rg\u00e3os municipais funcionam na v\u00e9spera e no anivers\u00e1rio da Capital"},"content":{"rendered":"\n<figure class=\"wp-block-image size-large\"><img decoding=\"async\" src=\"https:\/\/cleitonpinheiro.com.br\/site\/wp-content\/uploads\/2024\/05\/317ef3fc-d9be-489e-8ced-28bc9f5bd6fb-compressed-1024x683.jpg\" alt=\"\" class=\"wp-image-77319\"\/><\/figure>\n\n\n\n<p>Devido ao feriado de anivers\u00e1rio de 35 anos da cidade de Palmas, na pr\u00f3xima segunda-feira, 20, os \u00f3rg\u00e3os p\u00fablicos municipais n\u00e3o funcionam\u00a0e retomar\u00e3o as atividades normais na ter\u00e7a-feira, 21. A exce\u00e7\u00e3o s\u00e3o os \u00f3rg\u00e3os que atendem em regime de urg\u00eancia e emerg\u00eancia e em sistema de plant\u00e3o.\u00a0Assim, os servi\u00e7os da Sa\u00fade, como as Unidades de Pronto Atendimento (Upas); Servi\u00e7o de Atendimento M\u00f3vel de Urg\u00eancia (Samu); Centro de Aten\u00e7\u00e3o Psicossocial \u00c1lcool e Drogas (Caps AD); os servi\u00e7os de limpeza urbana, infraestrutura e ilumina\u00e7\u00e3o p\u00fablica; e as unidades educacionais da Rede Municipal de Ensino, por terem calend\u00e1rio escolar pr\u00f3prio, n\u00e3o seguem o ponto facultativo e funcionam normalmente.\u00a0<\/p>\n\n\n\n<p>A Secretaria Municipal da Sa\u00fade (Semus) informa, ainda, que abrir\u00e1 duas Unidades de Sa\u00fade da Fam\u00edlia (USFs) no final de semana e durante o feriado do dia 20. As USFs Jos\u00e9 Hermes Rodrigues Damaso (Setor Sul) e da Arno 61 (503 Norte) estar\u00e3o em funcionamento durante esses dias. Al\u00e9m disso, a USF Walter Pereira Morato, em Taquaru\u00e7u, tamb\u00e9m funcionar\u00e1 durante esses tr\u00eas dias em regime de 24 horas, mas exclusivamente para casos de urg\u00eancia. (Confira mais informa\u00e7\u00f5es&nbsp;<a href=\"https:\/\/agenciapalmas.com\/Noticia\/241630\/Semus-abre-tr%C3%AAs-unidades-de-sa%C3%BAde-durante-o-final-de-semana-e-feriado-do-dia-20\" target=\"_blank\" rel=\"noreferrer noopener\">aqui<\/a>)<\/p>\n\n\n\n<p>Tamb\u00e9m h\u00e1&nbsp;atendimentos dos conselhos tutelares e outros servi\u00e7os sociais&nbsp;que seguem regime de plant\u00e3o. Assim como o transporte coletivo p\u00fablico urbano de passageiros de Palmas, que ser\u00e1 gratuito no final de semana e no feriado.&nbsp;<\/p>\n\n\n\n<p><strong>Palmas 35 anos<\/strong><\/p>\n\n\n\n<p>A comemora\u00e7\u00e3o acontecer\u00e1 nos dias 19 e 20 de maio com uma extensa programa\u00e7\u00e3o que come\u00e7a no domingo,19, \u00e0s 8 horas, e segue at\u00e9 segunda-feira, 20, \u00e0s 18h30.&nbsp;Confira a programa\u00e7\u00e3o completa do anivers\u00e1rio,&nbsp;<a href=\"https:\/\/agenciapalmas.com\/Noticia\/241551\/avenida-teotonio-segurado-sera-palco-de-programacao-de-aniversario-com-alok-como-atracao-principal\" target=\"_blank\" rel=\"noreferrer noopener\">acessando aqui<\/a>.<\/p>\n\n\n\n<p><strong>Texto:\u00a0<\/strong>Prefeitura de Palmas<\/p>\n","protected":false},"excerpt":{"rendered":"<p>Devido ao feriado de anivers\u00e1rio de 35 anos da cidade de Palmas, na pr\u00f3xima segunda-feira, 20, os \u00f3rg\u00e3os p\u00fablicos municipais n\u00e3o funcionam\u00a0e retomar\u00e3o as atividades normais na ter\u00e7a-feira, 21. A exce\u00e7\u00e3o s\u00e3o os \u00f3rg\u00e3os que atendem em regime de urg\u00eancia e emerg\u00eancia e em sistema de plant\u00e3o.\u00a0Assim, os servi\u00e7os da Sa\u00fade, como as Unidades de [&hellip;]<\/p>\n","protected":false},"author":10,"featured_media":0,"comment_status":"open","ping_status":"open","sticky":false,"template":"","format":"standard","meta":{"_acf_changed":false,"footnotes":""},"categories":[22,898,21],"tags":[],"class_list":["post-77318","post","type-post","status-publish","format-standard","hentry","category-cidades","category-manchete-segundaria","category-todas-noticias"],"acf":[],"yoast_head":"<!-- This site is optimized with the Yoast SEO plugin v24.4 - https:\/\/yoast.com\/wordpress\/plugins\/seo\/ -->\n<title>Confira quais \u00f3rg\u00e3os municipais funcionam na v\u00e9spera e no anivers\u00e1rio da Capital - PORTAL DE NOT\u00cdCIAS CLEITON PINHEIRO<\/title>\n<meta name=\"robots\" content=\"index, follow, max-snippet:-1, max-image-preview:large, max-video-preview:-1\" \/>\n<link rel=\"canonical\" href=\"https:\/\/cleitonpinheiro.com.br\/site\/confira-quais-orgaos-municipais-funcionam-na-vespera-e-no-aniversario-da-capital\/\" \/>\n<meta property=\"og:locale\" content=\"pt_BR\" \/>\n<meta property=\"og:type\" content=\"article\" \/>\n<meta property=\"og:title\" content=\"Confira quais \u00f3rg\u00e3os municipais funcionam na v\u00e9spera e no anivers\u00e1rio da Capital - PORTAL DE NOT\u00cdCIAS CLEITON PINHEIRO\" \/>\n<meta property=\"og:description\" content=\"Devido ao feriado de anivers\u00e1rio de 35 anos da cidade de Palmas, na pr\u00f3xima segunda-feira, 20, os \u00f3rg\u00e3os p\u00fablicos municipais n\u00e3o funcionam\u00a0e retomar\u00e3o as atividades normais na ter\u00e7a-feira, 21. A exce\u00e7\u00e3o s\u00e3o os \u00f3rg\u00e3os que atendem em regime de urg\u00eancia e emerg\u00eancia e em sistema de plant\u00e3o.\u00a0Assim, os servi\u00e7os da Sa\u00fade, como as Unidades de [&hellip;]\" \/>\n<meta property=\"og:url\" content=\"https:\/\/cleitonpinheiro.com.br\/site\/confira-quais-orgaos-municipais-funcionam-na-vespera-e-no-aniversario-da-capital\/\" \/>\n<meta property=\"og:site_name\" content=\"PORTAL DE NOT\u00cdCIAS CLEITON PINHEIRO\" \/>\n<meta property=\"article:publisher\" content=\"https:\/\/www.facebook.com\/portalcpnoticias\/\" \/>\n<meta property=\"article:published_time\" content=\"2024-05-18T17:00:35+00:00\" \/>\n<meta property=\"article:modified_time\" content=\"2024-05-18T17:00:39+00:00\" \/>\n<meta property=\"og:image\" content=\"https:\/\/cleitonpinheiro.com.br\/site\/wp-content\/uploads\/2024\/05\/317ef3fc-d9be-489e-8ced-28bc9f5bd6fb-compressed-scaled.jpg\" \/>\n\t<meta property=\"og:image:width\" content=\"2560\" \/>\n\t<meta property=\"og:image:height\" content=\"1707\" \/>\n\t<meta property=\"og:image:type\" content=\"image\/jpeg\" \/>\n<meta name=\"author\" content=\"Cleiton Pinheiro\" \/>\n<meta name=\"twitter:card\" content=\"summary_large_image\" \/>\n<meta name=\"twitter:label1\" content=\"Escrito por\" \/>\n\t<meta name=\"twitter:data1\" content=\"Cleiton Pinheiro\" \/>\n\t<meta name=\"twitter:label2\" content=\"Est. tempo de leitura\" \/>\n\t<meta name=\"twitter:data2\" content=\"2 minutos\" \/>\n<script type=\"application\/ld+json\" class=\"yoast-schema-graph\">{\"@context\":\"https:\/\/schema.org\",\"@graph\":[{\"@type\":\"Article\",\"@id\":\"https:\/\/cleitonpinheiro.com.br\/site\/confira-quais-orgaos-municipais-funcionam-na-vespera-e-no-aniversario-da-capital\/#article\",\"isPartOf\":{\"@id\":\"https:\/\/cleitonpinheiro.com.br\/site\/confira-quais-orgaos-municipais-funcionam-na-vespera-e-no-aniversario-da-capital\/\"},\"author\":{\"name\":\"Cleiton Pinheiro\",\"@id\":\"https:\/\/cleitonpinheiro.com.br\/site\/#\/schema\/person\/62fd4eb98fcc8bd3fc477aaff264af51\"},\"headline\":\"Confira quais \u00f3rg\u00e3os municipais funcionam na v\u00e9spera e no anivers\u00e1rio da Capital\",\"datePublished\":\"2024-05-18T17:00:35+00:00\",\"dateModified\":\"2024-05-18T17:00:39+00:00\",\"mainEntityOfPage\":{\"@id\":\"https:\/\/cleitonpinheiro.com.br\/site\/confira-quais-orgaos-municipais-funcionam-na-vespera-e-no-aniversario-da-capital\/\"},\"wordCount\":317,\"commentCount\":0,\"publisher\":{\"@id\":\"https:\/\/cleitonpinheiro.com.br\/site\/#organization\"},\"image\":{\"@id\":\"https:\/\/cleitonpinheiro.com.br\/site\/confira-quais-orgaos-municipais-funcionam-na-vespera-e-no-aniversario-da-capital\/#primaryimage\"},\"thumbnailUrl\":\"https:\/\/cleitonpinheiro.com.br\/site\/wp-content\/uploads\/2024\/05\/317ef3fc-d9be-489e-8ced-28bc9f5bd6fb-compressed-1024x683.jpg\",\"articleSection\":[\"CIDADES\",\"MANCHETE SEGUND\u00c1RIA\",\"TODAS NOTICIAS\"],\"inLanguage\":\"pt-BR\",\"potentialAction\":[{\"@type\":\"CommentAction\",\"name\":\"Comment\",\"target\":[\"https:\/\/cleitonpinheiro.com.br\/site\/confira-quais-orgaos-municipais-funcionam-na-vespera-e-no-aniversario-da-capital\/#respond\"]}]},{\"@type\":\"WebPage\",\"@id\":\"https:\/\/cleitonpinheiro.com.br\/site\/confira-quais-orgaos-municipais-funcionam-na-vespera-e-no-aniversario-da-capital\/\",\"url\":\"https:\/\/cleitonpinheiro.com.br\/site\/confira-quais-orgaos-municipais-funcionam-na-vespera-e-no-aniversario-da-capital\/\",\"name\":\"Confira quais \u00f3rg\u00e3os municipais funcionam na v\u00e9spera e no anivers\u00e1rio da Capital - PORTAL DE NOT\u00cdCIAS CLEITON PINHEIRO\",\"isPartOf\":{\"@id\":\"https:\/\/cleitonpinheiro.com.br\/site\/#website\"},\"primaryImageOfPage\":{\"@id\":\"https:\/\/cleitonpinheiro.com.br\/site\/confira-quais-orgaos-municipais-funcionam-na-vespera-e-no-aniversario-da-capital\/#primaryimage\"},\"image\":{\"@id\":\"https:\/\/cleitonpinheiro.com.br\/site\/confira-quais-orgaos-municipais-funcionam-na-vespera-e-no-aniversario-da-capital\/#primaryimage\"},\"thumbnailUrl\":\"https:\/\/cleitonpinheiro.com.br\/site\/wp-content\/uploads\/2024\/05\/317ef3fc-d9be-489e-8ced-28bc9f5bd6fb-compressed-1024x683.jpg\",\"datePublished\":\"2024-05-18T17:00:35+00:00\",\"dateModified\":\"2024-05-18T17:00:39+00:00\",\"breadcrumb\":{\"@id\":\"https:\/\/cleitonpinheiro.com.br\/site\/confira-quais-orgaos-municipais-funcionam-na-vespera-e-no-aniversario-da-capital\/#breadcrumb\"},\"inLanguage\":\"pt-BR\",\"potentialAction\":[{\"@type\":\"ReadAction\",\"target\":[\"https:\/\/cleitonpinheiro.com.br\/site\/confira-quais-orgaos-municipais-funcionam-na-vespera-e-no-aniversario-da-capital\/\"]}]},{\"@type\":\"ImageObject\",\"inLanguage\":\"pt-BR\",\"@id\":\"https:\/\/cleitonpinheiro.com.br\/site\/confira-quais-orgaos-municipais-funcionam-na-vespera-e-no-aniversario-da-capital\/#primaryimage\",\"url\":\"\",\"contentUrl\":\"\"},{\"@type\":\"BreadcrumbList\",\"@id\":\"https:\/\/cleitonpinheiro.com.br\/site\/confira-quais-orgaos-municipais-funcionam-na-vespera-e-no-aniversario-da-capital\/#breadcrumb\",\"itemListElement\":[{\"@type\":\"ListItem\",\"position\":1,\"name\":\"In\u00edcio\",\"item\":\"https:\/\/cleitonpinheiro.com.br\/site\/\"},{\"@type\":\"ListItem\",\"position\":2,\"name\":\"Confira quais \u00f3rg\u00e3os municipais funcionam na v\u00e9spera e no anivers\u00e1rio da Capital\"}]},{\"@type\":\"WebSite\",\"@id\":\"https:\/\/cleitonpinheiro.com.br\/site\/#website\",\"url\":\"https:\/\/cleitonpinheiro.com.br\/site\/\",\"name\":\"PORTAL DE NOT\u00cdCIAS CLEITON PINHEIRO\",\"description\":\"FALANDO A VERDADE\",\"publisher\":{\"@id\":\"https:\/\/cleitonpinheiro.com.br\/site\/#organization\"},\"potentialAction\":[{\"@type\":\"SearchAction\",\"target\":{\"@type\":\"EntryPoint\",\"urlTemplate\":\"https:\/\/cleitonpinheiro.com.br\/site\/?s={search_term_string}\"},\"query-input\":{\"@type\":\"PropertyValueSpecification\",\"valueRequired\":true,\"valueName\":\"search_term_string\"}}],\"inLanguage\":\"pt-BR\"},{\"@type\":\"Organization\",\"@id\":\"https:\/\/cleitonpinheiro.com.br\/site\/#organization\",\"name\":\"CPNOT\u00cdCIAS\",\"url\":\"https:\/\/cleitonpinheiro.com.br\/site\/\",\"logo\":{\"@type\":\"ImageObject\",\"inLanguage\":\"pt-BR\",\"@id\":\"https:\/\/cleitonpinheiro.com.br\/site\/#\/schema\/logo\/image\/\",\"url\":\"https:\/\/cleitonpinheiro.com.br\/site\/wp-content\/uploads\/2022\/08\/Logo-pequena-2.png\",\"contentUrl\":\"https:\/\/cleitonpinheiro.com.br\/site\/wp-content\/uploads\/2022\/08\/Logo-pequena-2.png\",\"width\":500,\"height\":500,\"caption\":\"CPNOT\u00cdCIAS\"},\"image\":{\"@id\":\"https:\/\/cleitonpinheiro.com.br\/site\/#\/schema\/logo\/image\/\"},\"sameAs\":[\"https:\/\/www.facebook.com\/portalcpnoticias\/\"]},{\"@type\":\"Person\",\"@id\":\"https:\/\/cleitonpinheiro.com.br\/site\/#\/schema\/person\/62fd4eb98fcc8bd3fc477aaff264af51\",\"name\":\"Cleiton Pinheiro\",\"image\":{\"@type\":\"ImageObject\",\"inLanguage\":\"pt-BR\",\"@id\":\"https:\/\/cleitonpinheiro.com.br\/site\/#\/schema\/person\/image\/\",\"url\":\"https:\/\/secure.gravatar.com\/avatar\/15642ec35b78fe5eed3cfa8e4a3f3211d73a3df4f35f0566b4324958cba1b1b9?s=96&r=g\",\"contentUrl\":\"https:\/\/secure.gravatar.com\/avatar\/15642ec35b78fe5eed3cfa8e4a3f3211d73a3df4f35f0566b4324958cba1b1b9?s=96&r=g\",\"caption\":\"Cleiton Pinheiro\"},\"url\":\"https:\/\/cleitonpinheiro.com.br\/site\/author\/cleiton\/\"}]}<\/script>\n<!-- \/ Yoast SEO plugin. -->","yoast_head_json":{"title":"Confira quais \u00f3rg\u00e3os municipais funcionam na v\u00e9spera e no anivers\u00e1rio da Capital - PORTAL DE NOT\u00cdCIAS CLEITON PINHEIRO","robots":{"index":"index","follow":"follow","max-snippet":"max-snippet:-1","max-image-preview":"max-image-preview:large","max-video-preview":"max-video-preview:-1"},"canonical":"https:\/\/cleitonpinheiro.com.br\/site\/confira-quais-orgaos-municipais-funcionam-na-vespera-e-no-aniversario-da-capital\/","og_locale":"pt_BR","og_type":"article","og_title":"Confira quais \u00f3rg\u00e3os municipais funcionam na v\u00e9spera e no anivers\u00e1rio da Capital - PORTAL DE NOT\u00cdCIAS CLEITON PINHEIRO","og_description":"Devido ao feriado de anivers\u00e1rio de 35 anos da cidade de Palmas, na pr\u00f3xima segunda-feira, 20, os \u00f3rg\u00e3os p\u00fablicos municipais n\u00e3o funcionam\u00a0e retomar\u00e3o as atividades normais na ter\u00e7a-feira, 21. A exce\u00e7\u00e3o s\u00e3o os \u00f3rg\u00e3os que atendem em regime de urg\u00eancia e emerg\u00eancia e em sistema de plant\u00e3o.\u00a0Assim, os servi\u00e7os da Sa\u00fade, como as Unidades de [&hellip;]","og_url":"https:\/\/cleitonpinheiro.com.br\/site\/confira-quais-orgaos-municipais-funcionam-na-vespera-e-no-aniversario-da-capital\/","og_site_name":"PORTAL DE NOT\u00cdCIAS CLEITON PINHEIRO","article_publisher":"https:\/\/www.facebook.com\/portalcpnoticias\/","article_published_time":"2024-05-18T17:00:35+00:00","article_modified_time":"2024-05-18T17:00:39+00:00","og_image":[{"width":2560,"height":1707,"url":"https:\/\/cleitonpinheiro.com.br\/site\/wp-content\/uploads\/2024\/05\/317ef3fc-d9be-489e-8ced-28bc9f5bd6fb-compressed-scaled.jpg","type":"image\/jpeg"}],"author":"Cleiton Pinheiro","twitter_card":"summary_large_image","twitter_misc":{"Escrito por":"Cleiton Pinheiro","Est. tempo de leitura":"2 minutos"},"schema":{"@context":"https:\/\/schema.org","@graph":[{"@type":"Article","@id":"https:\/\/cleitonpinheiro.com.br\/site\/confira-quais-orgaos-municipais-funcionam-na-vespera-e-no-aniversario-da-capital\/#article","isPartOf":{"@id":"https:\/\/cleitonpinheiro.com.br\/site\/confira-quais-orgaos-municipais-funcionam-na-vespera-e-no-aniversario-da-capital\/"},"author":{"name":"Cleiton Pinheiro","@id":"https:\/\/cleitonpinheiro.com.br\/site\/#\/schema\/person\/62fd4eb98fcc8bd3fc477aaff264af51"},"headline":"Confira quais \u00f3rg\u00e3os municipais funcionam na v\u00e9spera e no anivers\u00e1rio da Capital","datePublished":"2024-05-18T17:00:35+00:00","dateModified":"2024-05-18T17:00:39+00:00","mainEntityOfPage":{"@id":"https:\/\/cleitonpinheiro.com.br\/site\/confira-quais-orgaos-municipais-funcionam-na-vespera-e-no-aniversario-da-capital\/"},"wordCount":317,"commentCount":0,"publisher":{"@id":"https:\/\/cleitonpinheiro.com.br\/site\/#organization"},"image":{"@id":"https:\/\/cleitonpinheiro.com.br\/site\/confira-quais-orgaos-municipais-funcionam-na-vespera-e-no-aniversario-da-capital\/#primaryimage"},"thumbnailUrl":"https:\/\/cleitonpinheiro.com.br\/site\/wp-content\/uploads\/2024\/05\/317ef3fc-d9be-489e-8ced-28bc9f5bd6fb-compressed-1024x683.jpg","articleSection":["CIDADES","MANCHETE SEGUND\u00c1RIA","TODAS NOTICIAS"],"inLanguage":"pt-BR","potentialAction":[{"@type":"CommentAction","name":"Comment","target":["https:\/\/cleitonpinheiro.com.br\/site\/confira-quais-orgaos-municipais-funcionam-na-vespera-e-no-aniversario-da-capital\/#respond"]}]},{"@type":"WebPage","@id":"https:\/\/cleitonpinheiro.com.br\/site\/confira-quais-orgaos-municipais-funcionam-na-vespera-e-no-aniversario-da-capital\/","url":"https:\/\/cleitonpinheiro.com.br\/site\/confira-quais-orgaos-municipais-funcionam-na-vespera-e-no-aniversario-da-capital\/","name":"Confira quais \u00f3rg\u00e3os municipais funcionam na v\u00e9spera e no anivers\u00e1rio da Capital - PORTAL DE NOT\u00cdCIAS CLEITON PINHEIRO","isPartOf":{"@id":"https:\/\/cleitonpinheiro.com.br\/site\/#website"},"primaryImageOfPage":{"@id":"https:\/\/cleitonpinheiro.com.br\/site\/confira-quais-orgaos-municipais-funcionam-na-vespera-e-no-aniversario-da-capital\/#primaryimage"},"image":{"@id":"https:\/\/cleitonpinheiro.com.br\/site\/confira-quais-orgaos-municipais-funcionam-na-vespera-e-no-aniversario-da-capital\/#primaryimage"},"thumbnailUrl":"https:\/\/cleitonpinheiro.com.br\/site\/wp-content\/uploads\/2024\/05\/317ef3fc-d9be-489e-8ced-28bc9f5bd6fb-compressed-1024x683.jpg","datePublished":"2024-05-18T17:00:35+00:00","dateModified":"2024-05-18T17:00:39+00:00","breadcrumb":{"@id":"https:\/\/cleitonpinheiro.com.br\/site\/confira-quais-orgaos-municipais-funcionam-na-vespera-e-no-aniversario-da-capital\/#breadcrumb"},"inLanguage":"pt-BR","potentialAction":[{"@type":"ReadAction","target":["https:\/\/cleitonpinheiro.com.br\/site\/confira-quais-orgaos-municipais-funcionam-na-vespera-e-no-aniversario-da-capital\/"]}]},{"@type":"ImageObject","inLanguage":"pt-BR","@id":"https:\/\/cleitonpinheiro.com.br\/site\/confira-quais-orgaos-municipais-funcionam-na-vespera-e-no-aniversario-da-capital\/#primaryimage","url":"","contentUrl":""},{"@type":"BreadcrumbList","@id":"https:\/\/cleitonpinheiro.com.br\/site\/confira-quais-orgaos-municipais-funcionam-na-vespera-e-no-aniversario-da-capital\/#breadcrumb","itemListElement":[{"@type":"ListItem","position":1,"name":"In\u00edcio","item":"https:\/\/cleitonpinheiro.com.br\/site\/"},{"@type":"ListItem","position":2,"name":"Confira quais \u00f3rg\u00e3os municipais funcionam na v\u00e9spera e no anivers\u00e1rio da Capital"}]},{"@type":"WebSite","@id":"https:\/\/cleitonpinheiro.com.br\/site\/#website","url":"https:\/\/cleitonpinheiro.com.br\/site\/","name":"PORTAL DE NOT\u00cdCIAS CLEITON PINHEIRO","description":"FALANDO A VERDADE","publisher":{"@id":"https:\/\/cleitonpinheiro.com.br\/site\/#organization"},"potentialAction":[{"@type":"SearchAction","target":{"@type":"EntryPoint","urlTemplate":"https:\/\/cleitonpinheiro.com.br\/site\/?s={search_term_string}"},"query-input":{"@type":"PropertyValueSpecification","valueRequired":true,"valueName":"search_term_string"}}],"inLanguage":"pt-BR"},{"@type":"Organization","@id":"https:\/\/cleitonpinheiro.com.br\/site\/#organization","name":"CPNOT\u00cdCIAS","url":"https:\/\/cleitonpinheiro.com.br\/site\/","logo":{"@type":"ImageObject","inLanguage":"pt-BR","@id":"https:\/\/cleitonpinheiro.com.br\/site\/#\/schema\/logo\/image\/","url":"https:\/\/cleitonpinheiro.com.br\/site\/wp-content\/uploads\/2022\/08\/Logo-pequena-2.png","contentUrl":"https:\/\/cleitonpinheiro.com.br\/site\/wp-content\/uploads\/2022\/08\/Logo-pequena-2.png","width":500,"height":500,"caption":"CPNOT\u00cdCIAS"},"image":{"@id":"https:\/\/cleitonpinheiro.com.br\/site\/#\/schema\/logo\/image\/"},"sameAs":["https:\/\/www.facebook.com\/portalcpnoticias\/"]},{"@type":"Person","@id":"https:\/\/cleitonpinheiro.com.br\/site\/#\/schema\/person\/62fd4eb98fcc8bd3fc477aaff264af51","name":"Cleiton Pinheiro","image":{"@type":"ImageObject","inLanguage":"pt-BR","@id":"https:\/\/cleitonpinheiro.com.br\/site\/#\/schema\/person\/image\/","url":"https:\/\/secure.gravatar.com\/avatar\/15642ec35b78fe5eed3cfa8e4a3f3211d73a3df4f35f0566b4324958cba1b1b9?s=96&r=g","contentUrl":"https:\/\/secure.gravatar.com\/avatar\/15642ec35b78fe5eed3cfa8e4a3f3211d73a3df4f35f0566b4324958cba1b1b9?s=96&r=g","caption":"Cleiton Pinheiro"},"url":"https:\/\/cleitonpinheiro.com.br\/site\/author\/cleiton\/"}]}},"views":168,"_links":{"self":[{"href":"https:\/\/cleitonpinheiro.com.br\/site\/wp-json\/wp\/v2\/posts\/77318","targetHints":{"allow":["GET"]}}],"collection":[{"href":"https:\/\/cleitonpinheiro.com.br\/site\/wp-json\/wp\/v2\/posts"}],"about":[{"href":"https:\/\/cleitonpinheiro.com.br\/site\/wp-json\/wp\/v2\/types\/post"}],"author":[{"embeddable":true,"href":"https:\/\/cleitonpinheiro.com.br\/site\/wp-json\/wp\/v2\/users\/10"}],"replies":[{"embeddable":true,"href":"https:\/\/cleitonpinheiro.com.br\/site\/wp-json\/wp\/v2\/comments?post=77318"}],"version-history":[{"count":1,"href":"https:\/\/cleitonpinheiro.com.br\/site\/wp-json\/wp\/v2\/posts\/77318\/revisions"}],"predecessor-version":[{"id":77320,"href":"https:\/\/cleitonpinheiro.com.br\/site\/wp-json\/wp\/v2\/posts\/77318\/revisions\/77320"}],"wp:attachment":[{"href":"https:\/\/cleitonpinheiro.com.br\/site\/wp-json\/wp\/v2\/media?parent=77318"}],"wp:term":[{"taxonomy":"category","embeddable":true,"href":"https:\/\/cleitonpinheiro.com.br\/site\/wp-json\/wp\/v2\/categories?post=77318"},{"taxonomy":"post_tag","embeddable":true,"href":"https:\/\/cleitonpinheiro.com.br\/site\/wp-json\/wp\/v2\/tags?post=77318"}],"curies":[{"name":"wp","href":"https:\/\/api.w.org\/{rel}","templated":true}]}}