{"id":77327,"date":"2024-05-20T07:08:00","date_gmt":"2024-05-20T10:08:00","guid":{"rendered":"https:\/\/cleitonpinheiro.com.br\/site\/?p=77327"},"modified":"2024-05-21T11:22:59","modified_gmt":"2024-05-21T14:22:59","slug":"bastidores-de-palmas-como-servidor-estive-presente-nos-primeiros-momentos","status":"publish","type":"post","link":"https:\/\/cleitonpinheiro.com.br\/site\/bastidores-de-palmas-como-servidor-estive-presente-nos-primeiros-momentos\/","title":{"rendered":"Bastidores de Palmas: como servidor estive presente nos primeiros momentos"},"content":{"rendered":"\n<figure class=\"wp-block-image size-large\"><img decoding=\"async\" src=\"https:\/\/cleitonpinheiro.com.br\/site\/wp-content\/uploads\/2024\/05\/WhatsApp-Image-2024-05-17-at-17.55.53-2-1024x682.jpeg\" alt=\"\" class=\"wp-image-77329\"\/><figcaption class=\"wp-element-caption\">Foto: Lia Mara\/Prefeitura de Palmas<\/figcaption><\/figure>\n\n\n\n<p>Era um s\u00e1bado, aos meus 15 anos, acompanhei o lan\u00e7amento da pedra fundamental de Palmas, no dia 20 de maio de 1989. No mesmo ano, em 28 de dezembro de 1989, agora com 16 anos, Cleiton fui o segundo servidor p\u00fablico civil a chegar para organizar a implementa\u00e7\u00e3o da Capital mais jovem do Brasil, que deixaria de ser em Miracema do Tocantins, at\u00e9 ent\u00e3o, capital provis\u00f3ria. Esse texto foi adaptado de uma entrevista que concedi \u00e0 Prefeitura de Palmas em 2021, em raz\u00e3o do anivers\u00e1rio de Palmas. Volto ao texto, agora narrado na primeira pessoa, para compartilhar minha impress\u00e3o sobre Palmas e sua hist\u00f3ria.<\/p>\n\n\n\n<p>Eu era muito jovem e era uma grande aventura. Lembro que tinha chovido muito e n\u00e3o era poss\u00edvel passar na estrada que ligava Miracema a Palmas, as pontes estavam cobertas de \u00e1gua, e viemos pela BR-153 at\u00e9 F\u00e1tima, e depois pegando estrada para Porto Nacional, e assim chegar aqui. O nosso trabalho era preparar a chegada do ent\u00e3o governador Siqueira Campos e dos deputados estaduais e membros do Judici\u00e1rio, Minist\u00e9rio P\u00fablico e do Tribunal de Contas, pois dia 1\u00ba seria instalada a Capital do Tocantins em Palmas.<\/p>\n\n\n\n<p>Para receber os deputados estaduais, secret\u00e1rios de Estado, desembargadores, conselheiros de Contas e\u00a0promotores de Justi\u00e7a foram constru\u00eddas casas na Arse 14 (110 Sul), conhecida como Vila dos Deputados. J\u00e1 os servidores p\u00fablicos, ainda em janeiro de 1990, receberam lotes na Arse 51 (504 Sul), onde deveriam iniciar a constru\u00e7\u00e3o de suas casas e se instalarem. <\/p>\n\n\n\n<p>Nesse primeiro momento, alguns abandonaram os lotes ou venderam e deixaram Palmas. O dia a dia era complicado, n\u00e3o havia \u00e1gua encanada e nem energia el\u00e9trica na quadra. Para construir eu buscava \u00e1gua todos os dias junto com pedreiro no c\u00f3rrego, que passa ao lado do Espa\u00e7o Cultural. Tamb\u00e9m n\u00e3o havia onde comprar material de constru\u00e7\u00e3o em Palmas, tinha que vir de fora. O governo tamb\u00e9m fazia casas na 51, de madeirite, para quem estivesse com mais pressa. <\/p>\n\n\n\n<h2 class=\"wp-block-heading\"><strong>Dia a dia<\/strong><\/h2>\n\n\n\n<p>Enquanto as casas estavam sendo feitas, os servidores p\u00fablicos dormiam nos alojamentos. Onde hoje \u00e9 o pr\u00e9dio da OAB-TO ficava o alojamento feminino e onde fica a sede dos Correios, o alojamento masculino. O bandej\u00e3o, que era o refeit\u00f3rio onde servia as refei\u00e7\u00f5es para os servidores p\u00fablicos, funcionava onde atualmente est\u00e1 o Senai\/Cetec. O primeiro restaurante foi da S\u00f4nia, mais ou menos localizado de frente onde hoje \u00e9 a UPA Norte. Ainda nos primeiros meses de 1990 tamb\u00e9m foram\u00a0loteados os Jardins Aurenys I, II e III, que come\u00e7avam tamb\u00e9m a crescer em paralelo a toda constru\u00e7\u00e3o do plano diretor.<\/p>\n\n\n\n<figure class=\"wp-block-image size-large\"><img decoding=\"async\" src=\"https:\/\/cleitonpinheiro.com.br\/site\/wp-content\/uploads\/2024\/05\/WhatsApp-Image-2024-05-17-at-17.55.53-1-1024x682.jpeg\" alt=\"\" class=\"wp-image-77330\"\/><figcaption class=\"wp-element-caption\">Foto: Lia Mara\/Prefeitura de Palmas<\/figcaption><\/figure>\n\n\n\n<p>Depois do trabalho, o lugar de encontro e lazer era em uma represa que ficava onde hoje \u00e9 o pr\u00e9dio da Embrapa, esse era o \u2018point\u2019 da Capital em 1990. Outra curiosidade, \u00e9 que nos primeiros seis meses de Palmas havia o decreto da Lei Seca, proibindo a comercializa\u00e7\u00e3o de bebida alco\u00f3lica. Com um sorriso no rosto, o pioneiro rememora que havia um grande atoleiro na Avenida JK, logo depois da Panificadora Roma, e que os ventos de julho e agosto eram t\u00e3o fortes que, dependendo do local em que estivesse, carregava uma pessoa.<\/p>\n\n\n\n<h2 class=\"wp-block-heading\"><strong>Do improviso \u00e0 conquista da&nbsp;independ\u00eancia financeira<\/strong><\/h2>\n\n\n\n<p>No primeiro momento, tanto a Prefeitura de Palmas quanto a C\u00e2mara Municipal, foram instaladas em um pr\u00e9dio onde hoje \u00e9 o Parque Cesamar, mas poucos meses depois j\u00e1 estava sendo inaugurado o Pa\u00e7o Municipal na Pra\u00e7a do Bosque dos Pioneiros, tudo era feito muito r\u00e1pido, muita constru\u00e7\u00e3o em madeirite. E no dia da inaugura\u00e7\u00e3o, veio gente de todo lado, do Tocantins todo, para ver o ent\u00e3o presidente Fernando Collor, foi um grande evento.<\/p>\n\n\n\n<p>Nos primeiros anos de Palmas, o Fundo de Participa\u00e7\u00e3o do Munic\u00edpio (FPM) era depositado na conta do governo do Estado e que, apenas por volta de 1993, ap\u00f3s a Prefeitura de Palmas ingressar com uma a\u00e7\u00e3o judicial, conquistou sua independ\u00eancia financeira.<\/p>\n\n\n\n<p>\u201cesse per\u00edodo, a gest\u00e3o come\u00e7ou a abrir as valas para passar o encanamento de \u00e1gua. Era multid\u00e3o de pessoas trabalhando. Come\u00e7aram a abrir as avenidas, constru\u00edram a Praia da Graciosa. E o governo do Estado e a Prefeitura de Palmas lotearam novas quadras para os servidores p\u00fablicos e moradores: Arse 61 (604 Sul), Arse 71 (704 Sul), Arse 72 (706 Sul), Arno 31 (303 Norte) e Arno 32 (305 Norte).<\/p>\n\n\n\n<h2 class=\"wp-block-heading\"><strong>Cidade cresceu de forma r\u00e1pida<\/strong><\/h2>\n\n\n\n<p>Eu nasci em Miranorte, aqui no Tocantins, a maior cidade que eu conhecia era Aragua\u00edna e, em 1990, discutindo com os colegas de trabalho, que inclusive conhecia cidades maiores, acredit\u00e1vamos que Palmas levaria pelo menos 50 anos para chegar ao tamanho que tem hoje, com seus 32 anos. Foi a partir de 1995 que Palmas come\u00e7ou a crescer de forma intensa, com pessoas chegando todos os dias, levando inclusive o Poder P\u00fablico a criar barreiras de controle nas entradas da Capital.<\/p>\n\n\n\n<p>Logo ap\u00f3s a cria\u00e7\u00e3o de Palmas houve uma discuss\u00e3o pela\u00a0retirada da Capital daqui e isso gerou certa instabilidade. Mas, depois de alguns anos de cria\u00e7\u00e3o, as pr\u00f3prias pessoas que vieram no primeiro ano come\u00e7aram a trazer os seus parentes, come\u00e7aram\u00a0a se instalar grandes empresas e tivemos um grande crescimento do com\u00e9rcio tamb\u00e9m.<\/p>\n\n\n\n<figure class=\"wp-block-image size-large\"><img decoding=\"async\" src=\"https:\/\/cleitonpinheiro.com.br\/site\/wp-content\/uploads\/2024\/05\/WhatsApp-Image-2024-05-17-at-17.55.53-3-1024x682.jpeg\" alt=\"\" class=\"wp-image-77328\"\/><figcaption class=\"wp-element-caption\">Foto: Lia Mara\/Prefeitura de Palmas<\/figcaption><\/figure>\n\n\n\n<h2 class=\"wp-block-heading\"><strong>Primeiros passos da cria\u00e7\u00e3o de Palmas<\/strong><\/h2>\n\n\n\n<p><strong>7 de maio de 1989<\/strong><\/p>\n\n\n\n<p>Aprovada a Lei n\u00ba 62\/1989 que d\u00e1 o nome de Palmas \u00e0 nova capital do Tocantins.<\/p>\n\n\n\n<p><strong>20 de maio de 1989<\/strong><\/p>\n\n\n\n<p>Lan\u00e7amento da pedra fundamental de Palmas; apresenta\u00e7\u00e3o do projeto urban\u00edstico e arquitet\u00f4nico dos principais edif\u00edcios e in\u00edcio da abertura da Theot\u00f4nio Segurado, primeira avenida da cidade.<\/p>\n\n\n\n<p><strong>19 de julho de 1989<\/strong><\/p>\n\n\n\n<p>O ent\u00e3o prefeito do munic\u00edpio de Taquaru\u00e7u, Fenelon Barbosa, cidade rec\u00e9m-emancipada de Porto Nacional, aceita transferir sua sede administrativa para Palmas.<\/p>\n\n\n\n<p><strong>28 de dezembro de 1989<\/strong><\/p>\n\n\n\n<p>Assembleia Legislativa aprova a mudan\u00e7a da sede administrativa de Taquaru\u00e7u para Palmas e Fenelon Barbosa se torna o primeiro prefeito, assim como os vereadores de Taquaru\u00e7u, primeiros parlamentares da mais jovem Capital brasileira.<\/p>\n\n\n\n<p><strong>29 de dezembro de 1989<\/strong><\/p>\n\n\n\n<p>A Lei n\u00ba 28\/1989, autorizando a mudan\u00e7a do nome de Taquaru\u00e7u para Palmas, \u00e9 aprovada pela C\u00e2mara Municipal de Taquaru\u00e7u.<\/p>\n\n\n\n<p><strong>1\u00b0 de janeiro de 1990<\/strong><\/p>\n\n\n\n<p>A Assembleia Legislativa aprova a mudan\u00e7a da sede administrativa do Governo, de Miracema do Tocantins para Palmas, instalando assim a nova Capital. E a sede administrativa \u00e9 transferida de Taquaru\u00e7u para Palmas, sendo que a Prefeitura e C\u00e2mara Municipal foram instaladas provisoriamente no pr\u00e9dio da antiga fazenda Tri\u00e2ngulo.<\/p>\n\n\n\n<p><strong>20 de maio de 1990<\/strong><\/p>\n\n\n\n<p>O ent\u00e3o presidente da Rep\u00fablica Fernando Collor de Melo participa da inaugura\u00e7\u00e3o do pr\u00e9dio da Prefeitura de Palmas, durante visita \u00e0 Capital, em seu 1\u00ba anivers\u00e1rio.<\/p>\n\n\n\n<h2 class=\"wp-block-heading\"><strong>Galeria de Prefeitos de Palmas<\/strong><\/h2>\n\n\n\n<p><strong>1989 a 1992<\/strong> &#8211; Fenelon Barbosa<\/p>\n\n\n\n<p><strong>1993 a 1996<\/strong> &#8211; Eduardo Siqueira Campos<\/p>\n\n\n\n<p><strong>1997 a 2000<\/strong> &#8211; Odir Rocha<\/p>\n\n\n\n<p><strong>2001 a 2004<\/strong> &#8211; Nilmar Ruiz<\/p>\n\n\n\n<p><strong>2005 a 2008<\/strong> &#8211; Raul Filho<\/p>\n\n\n\n<p><strong>2009 a 2012<\/strong> \u2013 Raul Filho<\/p>\n\n\n\n<p><strong>2013 a 2016<\/strong> &#8211; Carlos Amastha<\/p>\n\n\n\n<p><strong>2017 a 2018<\/strong> \u2013 Carlos Amastha<\/p>\n\n\n\n<p><strong>2018 a 2020<\/strong> \u2013 Cinthia Ribeiro<\/p>\n\n\n\n<p><strong>2021-2024 (em exerc\u00edcio)<\/strong> &#8211; Cinthia Ribeiro<\/p>\n\n\n\n<p>Texto: Prefeitura de Palmas, com adapta\u00e7\u00e3o<\/p>\n","protected":false},"excerpt":{"rendered":"<p>Era um s\u00e1bado, aos meus 15 anos, acompanhei o lan\u00e7amento da pedra fundamental de Palmas, no dia 20 de maio de 1989. No mesmo ano, em 28 de dezembro de 1989, agora com 16 anos, Cleiton fui o segundo servidor p\u00fablico civil a chegar para organizar a implementa\u00e7\u00e3o da Capital mais jovem do Brasil, que [&hellip;]<\/p>\n","protected":false},"author":10,"featured_media":0,"comment_status":"open","ping_status":"open","sticky":false,"template":"","format":"standard","meta":{"_acf_changed":false,"footnotes":""},"categories":[22,898,21],"tags":[],"class_list":["post-77327","post","type-post","status-publish","format-standard","hentry","category-cidades","category-manchete-segundaria","category-todas-noticias"],"acf":[],"yoast_head":"<!-- This site is optimized with the Yoast SEO plugin v24.4 - https:\/\/yoast.com\/wordpress\/plugins\/seo\/ -->\n<title>Bastidores de Palmas: como servidor estive presente nos primeiros momentos - PORTAL DE NOT\u00cdCIAS CLEITON PINHEIRO<\/title>\n<meta name=\"robots\" content=\"index, follow, max-snippet:-1, max-image-preview:large, max-video-preview:-1\" \/>\n<link rel=\"canonical\" href=\"https:\/\/cleitonpinheiro.com.br\/site\/bastidores-de-palmas-como-servidor-estive-presente-nos-primeiros-momentos\/\" \/>\n<meta property=\"og:locale\" content=\"pt_BR\" \/>\n<meta property=\"og:type\" content=\"article\" \/>\n<meta property=\"og:title\" content=\"Bastidores de Palmas: como servidor estive presente nos primeiros momentos - PORTAL DE NOT\u00cdCIAS CLEITON PINHEIRO\" \/>\n<meta property=\"og:description\" content=\"Era um s\u00e1bado, aos meus 15 anos, acompanhei o lan\u00e7amento da pedra fundamental de Palmas, no dia 20 de maio de 1989. No mesmo ano, em 28 de dezembro de 1989, agora com 16 anos, Cleiton fui o segundo servidor p\u00fablico civil a chegar para organizar a implementa\u00e7\u00e3o da Capital mais jovem do Brasil, que [&hellip;]\" \/>\n<meta property=\"og:url\" content=\"https:\/\/cleitonpinheiro.com.br\/site\/bastidores-de-palmas-como-servidor-estive-presente-nos-primeiros-momentos\/\" \/>\n<meta property=\"og:site_name\" content=\"PORTAL DE NOT\u00cdCIAS CLEITON PINHEIRO\" \/>\n<meta property=\"article:publisher\" content=\"https:\/\/www.facebook.com\/portalcpnoticias\/\" \/>\n<meta property=\"article:published_time\" content=\"2024-05-20T10:08:00+00:00\" \/>\n<meta property=\"article:modified_time\" content=\"2024-05-21T14:22:59+00:00\" \/>\n<meta property=\"og:image\" content=\"https:\/\/cleitonpinheiro.com.br\/site\/wp-content\/uploads\/2024\/05\/WhatsApp-Image-2024-05-17-at-17.55.53.jpeg\" \/>\n\t<meta property=\"og:image:width\" content=\"1600\" \/>\n\t<meta property=\"og:image:height\" content=\"1066\" \/>\n\t<meta property=\"og:image:type\" content=\"image\/jpeg\" \/>\n<meta name=\"author\" content=\"Cleiton Pinheiro\" \/>\n<meta name=\"twitter:card\" content=\"summary_large_image\" \/>\n<meta name=\"twitter:label1\" content=\"Escrito por\" \/>\n\t<meta name=\"twitter:data1\" content=\"Cleiton Pinheiro\" \/>\n\t<meta name=\"twitter:label2\" content=\"Est. tempo de leitura\" \/>\n\t<meta name=\"twitter:data2\" content=\"8 minutos\" \/>\n<script type=\"application\/ld+json\" class=\"yoast-schema-graph\">{\"@context\":\"https:\/\/schema.org\",\"@graph\":[{\"@type\":\"Article\",\"@id\":\"https:\/\/cleitonpinheiro.com.br\/site\/bastidores-de-palmas-como-servidor-estive-presente-nos-primeiros-momentos\/#article\",\"isPartOf\":{\"@id\":\"https:\/\/cleitonpinheiro.com.br\/site\/bastidores-de-palmas-como-servidor-estive-presente-nos-primeiros-momentos\/\"},\"author\":{\"name\":\"Cleiton Pinheiro\",\"@id\":\"https:\/\/cleitonpinheiro.com.br\/site\/#\/schema\/person\/62fd4eb98fcc8bd3fc477aaff264af51\"},\"headline\":\"Bastidores de Palmas: como servidor estive presente nos primeiros momentos\",\"datePublished\":\"2024-05-20T10:08:00+00:00\",\"dateModified\":\"2024-05-21T14:22:59+00:00\",\"mainEntityOfPage\":{\"@id\":\"https:\/\/cleitonpinheiro.com.br\/site\/bastidores-de-palmas-como-servidor-estive-presente-nos-primeiros-momentos\/\"},\"wordCount\":1217,\"commentCount\":0,\"publisher\":{\"@id\":\"https:\/\/cleitonpinheiro.com.br\/site\/#organization\"},\"image\":{\"@id\":\"https:\/\/cleitonpinheiro.com.br\/site\/bastidores-de-palmas-como-servidor-estive-presente-nos-primeiros-momentos\/#primaryimage\"},\"thumbnailUrl\":\"https:\/\/cleitonpinheiro.com.br\/site\/wp-content\/uploads\/2024\/05\/WhatsApp-Image-2024-05-17-at-17.55.53-2-1024x682.jpeg\",\"articleSection\":[\"CIDADES\",\"MANCHETE SEGUND\u00c1RIA\",\"TODAS NOTICIAS\"],\"inLanguage\":\"pt-BR\",\"potentialAction\":[{\"@type\":\"CommentAction\",\"name\":\"Comment\",\"target\":[\"https:\/\/cleitonpinheiro.com.br\/site\/bastidores-de-palmas-como-servidor-estive-presente-nos-primeiros-momentos\/#respond\"]}]},{\"@type\":\"WebPage\",\"@id\":\"https:\/\/cleitonpinheiro.com.br\/site\/bastidores-de-palmas-como-servidor-estive-presente-nos-primeiros-momentos\/\",\"url\":\"https:\/\/cleitonpinheiro.com.br\/site\/bastidores-de-palmas-como-servidor-estive-presente-nos-primeiros-momentos\/\",\"name\":\"Bastidores de Palmas: como servidor estive presente nos primeiros momentos - PORTAL DE NOT\u00cdCIAS CLEITON PINHEIRO\",\"isPartOf\":{\"@id\":\"https:\/\/cleitonpinheiro.com.br\/site\/#website\"},\"primaryImageOfPage\":{\"@id\":\"https:\/\/cleitonpinheiro.com.br\/site\/bastidores-de-palmas-como-servidor-estive-presente-nos-primeiros-momentos\/#primaryimage\"},\"image\":{\"@id\":\"https:\/\/cleitonpinheiro.com.br\/site\/bastidores-de-palmas-como-servidor-estive-presente-nos-primeiros-momentos\/#primaryimage\"},\"thumbnailUrl\":\"https:\/\/cleitonpinheiro.com.br\/site\/wp-content\/uploads\/2024\/05\/WhatsApp-Image-2024-05-17-at-17.55.53-2-1024x682.jpeg\",\"datePublished\":\"2024-05-20T10:08:00+00:00\",\"dateModified\":\"2024-05-21T14:22:59+00:00\",\"breadcrumb\":{\"@id\":\"https:\/\/cleitonpinheiro.com.br\/site\/bastidores-de-palmas-como-servidor-estive-presente-nos-primeiros-momentos\/#breadcrumb\"},\"inLanguage\":\"pt-BR\",\"potentialAction\":[{\"@type\":\"ReadAction\",\"target\":[\"https:\/\/cleitonpinheiro.com.br\/site\/bastidores-de-palmas-como-servidor-estive-presente-nos-primeiros-momentos\/\"]}]},{\"@type\":\"ImageObject\",\"inLanguage\":\"pt-BR\",\"@id\":\"https:\/\/cleitonpinheiro.com.br\/site\/bastidores-de-palmas-como-servidor-estive-presente-nos-primeiros-momentos\/#primaryimage\",\"url\":\"\",\"contentUrl\":\"\"},{\"@type\":\"BreadcrumbList\",\"@id\":\"https:\/\/cleitonpinheiro.com.br\/site\/bastidores-de-palmas-como-servidor-estive-presente-nos-primeiros-momentos\/#breadcrumb\",\"itemListElement\":[{\"@type\":\"ListItem\",\"position\":1,\"name\":\"In\u00edcio\",\"item\":\"https:\/\/cleitonpinheiro.com.br\/site\/\"},{\"@type\":\"ListItem\",\"position\":2,\"name\":\"Bastidores de Palmas: como servidor estive presente nos primeiros momentos\"}]},{\"@type\":\"WebSite\",\"@id\":\"https:\/\/cleitonpinheiro.com.br\/site\/#website\",\"url\":\"https:\/\/cleitonpinheiro.com.br\/site\/\",\"name\":\"PORTAL DE NOT\u00cdCIAS CLEITON PINHEIRO\",\"description\":\"FALANDO A VERDADE\",\"publisher\":{\"@id\":\"https:\/\/cleitonpinheiro.com.br\/site\/#organization\"},\"potentialAction\":[{\"@type\":\"SearchAction\",\"target\":{\"@type\":\"EntryPoint\",\"urlTemplate\":\"https:\/\/cleitonpinheiro.com.br\/site\/?s={search_term_string}\"},\"query-input\":{\"@type\":\"PropertyValueSpecification\",\"valueRequired\":true,\"valueName\":\"search_term_string\"}}],\"inLanguage\":\"pt-BR\"},{\"@type\":\"Organization\",\"@id\":\"https:\/\/cleitonpinheiro.com.br\/site\/#organization\",\"name\":\"CPNOT\u00cdCIAS\",\"url\":\"https:\/\/cleitonpinheiro.com.br\/site\/\",\"logo\":{\"@type\":\"ImageObject\",\"inLanguage\":\"pt-BR\",\"@id\":\"https:\/\/cleitonpinheiro.com.br\/site\/#\/schema\/logo\/image\/\",\"url\":\"https:\/\/cleitonpinheiro.com.br\/site\/wp-content\/uploads\/2022\/08\/Logo-pequena-2.png\",\"contentUrl\":\"https:\/\/cleitonpinheiro.com.br\/site\/wp-content\/uploads\/2022\/08\/Logo-pequena-2.png\",\"width\":500,\"height\":500,\"caption\":\"CPNOT\u00cdCIAS\"},\"image\":{\"@id\":\"https:\/\/cleitonpinheiro.com.br\/site\/#\/schema\/logo\/image\/\"},\"sameAs\":[\"https:\/\/www.facebook.com\/portalcpnoticias\/\"]},{\"@type\":\"Person\",\"@id\":\"https:\/\/cleitonpinheiro.com.br\/site\/#\/schema\/person\/62fd4eb98fcc8bd3fc477aaff264af51\",\"name\":\"Cleiton Pinheiro\",\"image\":{\"@type\":\"ImageObject\",\"inLanguage\":\"pt-BR\",\"@id\":\"https:\/\/cleitonpinheiro.com.br\/site\/#\/schema\/person\/image\/\",\"url\":\"https:\/\/secure.gravatar.com\/avatar\/15642ec35b78fe5eed3cfa8e4a3f3211d73a3df4f35f0566b4324958cba1b1b9?s=96&r=g\",\"contentUrl\":\"https:\/\/secure.gravatar.com\/avatar\/15642ec35b78fe5eed3cfa8e4a3f3211d73a3df4f35f0566b4324958cba1b1b9?s=96&r=g\",\"caption\":\"Cleiton Pinheiro\"},\"url\":\"https:\/\/cleitonpinheiro.com.br\/site\/author\/cleiton\/\"}]}<\/script>\n<!-- \/ Yoast SEO plugin. -->","yoast_head_json":{"title":"Bastidores de Palmas: como servidor estive presente nos primeiros momentos - PORTAL DE NOT\u00cdCIAS CLEITON PINHEIRO","robots":{"index":"index","follow":"follow","max-snippet":"max-snippet:-1","max-image-preview":"max-image-preview:large","max-video-preview":"max-video-preview:-1"},"canonical":"https:\/\/cleitonpinheiro.com.br\/site\/bastidores-de-palmas-como-servidor-estive-presente-nos-primeiros-momentos\/","og_locale":"pt_BR","og_type":"article","og_title":"Bastidores de Palmas: como servidor estive presente nos primeiros momentos - PORTAL DE NOT\u00cdCIAS CLEITON PINHEIRO","og_description":"Era um s\u00e1bado, aos meus 15 anos, acompanhei o lan\u00e7amento da pedra fundamental de Palmas, no dia 20 de maio de 1989. No mesmo ano, em 28 de dezembro de 1989, agora com 16 anos, Cleiton fui o segundo servidor p\u00fablico civil a chegar para organizar a implementa\u00e7\u00e3o da Capital mais jovem do Brasil, que [&hellip;]","og_url":"https:\/\/cleitonpinheiro.com.br\/site\/bastidores-de-palmas-como-servidor-estive-presente-nos-primeiros-momentos\/","og_site_name":"PORTAL DE NOT\u00cdCIAS CLEITON PINHEIRO","article_publisher":"https:\/\/www.facebook.com\/portalcpnoticias\/","article_published_time":"2024-05-20T10:08:00+00:00","article_modified_time":"2024-05-21T14:22:59+00:00","og_image":[{"width":1600,"height":1066,"url":"https:\/\/cleitonpinheiro.com.br\/site\/wp-content\/uploads\/2024\/05\/WhatsApp-Image-2024-05-17-at-17.55.53.jpeg","type":"image\/jpeg"}],"author":"Cleiton Pinheiro","twitter_card":"summary_large_image","twitter_misc":{"Escrito por":"Cleiton Pinheiro","Est. tempo de leitura":"8 minutos"},"schema":{"@context":"https:\/\/schema.org","@graph":[{"@type":"Article","@id":"https:\/\/cleitonpinheiro.com.br\/site\/bastidores-de-palmas-como-servidor-estive-presente-nos-primeiros-momentos\/#article","isPartOf":{"@id":"https:\/\/cleitonpinheiro.com.br\/site\/bastidores-de-palmas-como-servidor-estive-presente-nos-primeiros-momentos\/"},"author":{"name":"Cleiton Pinheiro","@id":"https:\/\/cleitonpinheiro.com.br\/site\/#\/schema\/person\/62fd4eb98fcc8bd3fc477aaff264af51"},"headline":"Bastidores de Palmas: como servidor estive presente nos primeiros momentos","datePublished":"2024-05-20T10:08:00+00:00","dateModified":"2024-05-21T14:22:59+00:00","mainEntityOfPage":{"@id":"https:\/\/cleitonpinheiro.com.br\/site\/bastidores-de-palmas-como-servidor-estive-presente-nos-primeiros-momentos\/"},"wordCount":1217,"commentCount":0,"publisher":{"@id":"https:\/\/cleitonpinheiro.com.br\/site\/#organization"},"image":{"@id":"https:\/\/cleitonpinheiro.com.br\/site\/bastidores-de-palmas-como-servidor-estive-presente-nos-primeiros-momentos\/#primaryimage"},"thumbnailUrl":"https:\/\/cleitonpinheiro.com.br\/site\/wp-content\/uploads\/2024\/05\/WhatsApp-Image-2024-05-17-at-17.55.53-2-1024x682.jpeg","articleSection":["CIDADES","MANCHETE SEGUND\u00c1RIA","TODAS NOTICIAS"],"inLanguage":"pt-BR","potentialAction":[{"@type":"CommentAction","name":"Comment","target":["https:\/\/cleitonpinheiro.com.br\/site\/bastidores-de-palmas-como-servidor-estive-presente-nos-primeiros-momentos\/#respond"]}]},{"@type":"WebPage","@id":"https:\/\/cleitonpinheiro.com.br\/site\/bastidores-de-palmas-como-servidor-estive-presente-nos-primeiros-momentos\/","url":"https:\/\/cleitonpinheiro.com.br\/site\/bastidores-de-palmas-como-servidor-estive-presente-nos-primeiros-momentos\/","name":"Bastidores de Palmas: como servidor estive presente nos primeiros momentos - PORTAL DE NOT\u00cdCIAS CLEITON PINHEIRO","isPartOf":{"@id":"https:\/\/cleitonpinheiro.com.br\/site\/#website"},"primaryImageOfPage":{"@id":"https:\/\/cleitonpinheiro.com.br\/site\/bastidores-de-palmas-como-servidor-estive-presente-nos-primeiros-momentos\/#primaryimage"},"image":{"@id":"https:\/\/cleitonpinheiro.com.br\/site\/bastidores-de-palmas-como-servidor-estive-presente-nos-primeiros-momentos\/#primaryimage"},"thumbnailUrl":"https:\/\/cleitonpinheiro.com.br\/site\/wp-content\/uploads\/2024\/05\/WhatsApp-Image-2024-05-17-at-17.55.53-2-1024x682.jpeg","datePublished":"2024-05-20T10:08:00+00:00","dateModified":"2024-05-21T14:22:59+00:00","breadcrumb":{"@id":"https:\/\/cleitonpinheiro.com.br\/site\/bastidores-de-palmas-como-servidor-estive-presente-nos-primeiros-momentos\/#breadcrumb"},"inLanguage":"pt-BR","potentialAction":[{"@type":"ReadAction","target":["https:\/\/cleitonpinheiro.com.br\/site\/bastidores-de-palmas-como-servidor-estive-presente-nos-primeiros-momentos\/"]}]},{"@type":"ImageObject","inLanguage":"pt-BR","@id":"https:\/\/cleitonpinheiro.com.br\/site\/bastidores-de-palmas-como-servidor-estive-presente-nos-primeiros-momentos\/#primaryimage","url":"","contentUrl":""},{"@type":"BreadcrumbList","@id":"https:\/\/cleitonpinheiro.com.br\/site\/bastidores-de-palmas-como-servidor-estive-presente-nos-primeiros-momentos\/#breadcrumb","itemListElement":[{"@type":"ListItem","position":1,"name":"In\u00edcio","item":"https:\/\/cleitonpinheiro.com.br\/site\/"},{"@type":"ListItem","position":2,"name":"Bastidores de Palmas: como servidor estive presente nos primeiros momentos"}]},{"@type":"WebSite","@id":"https:\/\/cleitonpinheiro.com.br\/site\/#website","url":"https:\/\/cleitonpinheiro.com.br\/site\/","name":"PORTAL DE NOT\u00cdCIAS CLEITON PINHEIRO","description":"FALANDO A VERDADE","publisher":{"@id":"https:\/\/cleitonpinheiro.com.br\/site\/#organization"},"potentialAction":[{"@type":"SearchAction","target":{"@type":"EntryPoint","urlTemplate":"https:\/\/cleitonpinheiro.com.br\/site\/?s={search_term_string}"},"query-input":{"@type":"PropertyValueSpecification","valueRequired":true,"valueName":"search_term_string"}}],"inLanguage":"pt-BR"},{"@type":"Organization","@id":"https:\/\/cleitonpinheiro.com.br\/site\/#organization","name":"CPNOT\u00cdCIAS","url":"https:\/\/cleitonpinheiro.com.br\/site\/","logo":{"@type":"ImageObject","inLanguage":"pt-BR","@id":"https:\/\/cleitonpinheiro.com.br\/site\/#\/schema\/logo\/image\/","url":"https:\/\/cleitonpinheiro.com.br\/site\/wp-content\/uploads\/2022\/08\/Logo-pequena-2.png","contentUrl":"https:\/\/cleitonpinheiro.com.br\/site\/wp-content\/uploads\/2022\/08\/Logo-pequena-2.png","width":500,"height":500,"caption":"CPNOT\u00cdCIAS"},"image":{"@id":"https:\/\/cleitonpinheiro.com.br\/site\/#\/schema\/logo\/image\/"},"sameAs":["https:\/\/www.facebook.com\/portalcpnoticias\/"]},{"@type":"Person","@id":"https:\/\/cleitonpinheiro.com.br\/site\/#\/schema\/person\/62fd4eb98fcc8bd3fc477aaff264af51","name":"Cleiton Pinheiro","image":{"@type":"ImageObject","inLanguage":"pt-BR","@id":"https:\/\/cleitonpinheiro.com.br\/site\/#\/schema\/person\/image\/","url":"https:\/\/secure.gravatar.com\/avatar\/15642ec35b78fe5eed3cfa8e4a3f3211d73a3df4f35f0566b4324958cba1b1b9?s=96&r=g","contentUrl":"https:\/\/secure.gravatar.com\/avatar\/15642ec35b78fe5eed3cfa8e4a3f3211d73a3df4f35f0566b4324958cba1b1b9?s=96&r=g","caption":"Cleiton Pinheiro"},"url":"https:\/\/cleitonpinheiro.com.br\/site\/author\/cleiton\/"}]}},"views":208,"_links":{"self":[{"href":"https:\/\/cleitonpinheiro.com.br\/site\/wp-json\/wp\/v2\/posts\/77327","targetHints":{"allow":["GET"]}}],"collection":[{"href":"https:\/\/cleitonpinheiro.com.br\/site\/wp-json\/wp\/v2\/posts"}],"about":[{"href":"https:\/\/cleitonpinheiro.com.br\/site\/wp-json\/wp\/v2\/types\/post"}],"author":[{"embeddable":true,"href":"https:\/\/cleitonpinheiro.com.br\/site\/wp-json\/wp\/v2\/users\/10"}],"replies":[{"embeddable":true,"href":"https:\/\/cleitonpinheiro.com.br\/site\/wp-json\/wp\/v2\/comments?post=77327"}],"version-history":[{"count":1,"href":"https:\/\/cleitonpinheiro.com.br\/site\/wp-json\/wp\/v2\/posts\/77327\/revisions"}],"predecessor-version":[{"id":77332,"href":"https:\/\/cleitonpinheiro.com.br\/site\/wp-json\/wp\/v2\/posts\/77327\/revisions\/77332"}],"wp:attachment":[{"href":"https:\/\/cleitonpinheiro.com.br\/site\/wp-json\/wp\/v2\/media?parent=77327"}],"wp:term":[{"taxonomy":"category","embeddable":true,"href":"https:\/\/cleitonpinheiro.com.br\/site\/wp-json\/wp\/v2\/categories?post=77327"},{"taxonomy":"post_tag","embeddable":true,"href":"https:\/\/cleitonpinheiro.com.br\/site\/wp-json\/wp\/v2\/tags?post=77327"}],"curies":[{"name":"wp","href":"https:\/\/api.w.org\/{rel}","templated":true}]}}