{"id":77333,"date":"2024-05-21T11:31:01","date_gmt":"2024-05-21T14:31:01","guid":{"rendered":"https:\/\/cleitonpinheiro.com.br\/site\/?p=77333"},"modified":"2024-05-23T14:37:42","modified_gmt":"2024-05-23T17:37:42","slug":"sobe-para-161-numero-de-mortes-por-chuvas-no-rio-grande-do-sul","status":"publish","type":"post","link":"https:\/\/cleitonpinheiro.com.br\/site\/sobe-para-161-numero-de-mortes-por-chuvas-no-rio-grande-do-sul\/","title":{"rendered":"Sobe para 161 n\u00famero de mortes por chuvas no Rio Grande do Sul"},"content":{"rendered":"\n<figure class=\"wp-block-image size-large\"><img decoding=\"async\" src=\"https:\/\/cleitonpinheiro.com.br\/site\/wp-content\/uploads\/2024\/05\/cd982194-793e-4d7c-b653-640f42aeb530-1024x613.webp\" alt=\"\" class=\"wp-image-77334\"\/><figcaption class=\"wp-element-caption\">Foto: Rafa Neddermeyer\/Ag\u00eancia Brasil<\/figcaption><\/figure>\n\n\n\n<p>O n\u00famero de mortes confirmadas no Rio Grande do Sul em consequ\u00eancia do\u00a0<a href=\"https:\/\/agenciabrasil.ebc.com.br\/tags\/chuvas-0\" target=\"_blank\" rel=\"noreferrer noopener\">maior evento clim\u00e1tico<\/a>\u00a0j\u00e1 registrado no estado subiu para 161. Seguem desaparecidas 85 pessoas e 806 ficaram feridas. Os dados s\u00e3o do\u00a0<a href=\"http:\/\/https\/\/defesacivil.rs.gov.br\/defesa-civil-atualiza-balanco-das-enchentes-no-rs-21-5-9h\" target=\"_blank\" rel=\"noreferrer noopener\">boletim divulgado pela Defesa Civil do estado<\/a>\u00a0nesta ter\u00e7a-feira (21).<\/p>\n\n\n\n<p>Ao menos 654,19 mil ga\u00fachos ainda est\u00e3o fora das resid\u00eancias, sendo 581.633 desalojados &#8211; aqueles que tiveram de sair de seus lares e est\u00e3o acolhidos em casas de familiares, amigos ou conhecidos &#8211; e outras 72.561 pessoas est\u00e3o morando temporariamente em um dos 839&nbsp;<a href=\"https:\/\/app.powerbi.com\/view?r=eyJrIjoiNThhYTZmMGMtZDhkNy00OTEyLTkzNmEtYjU1NWIyMTZmNTVjIiwidCI6IjE1ZGNkOTA5LThkYzAtNDBlOS1hMWU1LWNlY2IwNTNjZGQxYSJ9\" target=\"_blank\" rel=\"noreferrer noopener\">abrigos cadastrados<\/a>&nbsp;pela Secretaria de Desenvolvimento Social do Rio Grande do Sul.&nbsp;<\/p>\n\n\n\n<p>Mais da metade da popula\u00e7\u00e3o desabrigada \u00e9 da regi\u00e3o metropolitana de Porto Alegre (54,09%). A segunda maior regi\u00e3o do estado com desabrigados \u00e9 o Vale dos Sinos (26,98%).<\/p>\n\n\n\n<p>O n\u00famero de atingidos pela cat\u00e1strofe clim\u00e1tica tamb\u00e9m aumentou para 2.339.508, ou 21,49% dos 10,88 milh\u00f5es de habitantes do estado.<\/p>\n\n\n\n<p>O n\u00famero de pessoas resgatadas permanece em 82.666. O boletim da Defesa Civil contabiliza ainda o resgate de 12.358 animais silvestres e dom\u00e9sticos com vida, a maioria c\u00e3es e gatos.<\/p>\n\n\n\n<p>Dos 497 munic\u00edpios do Rio Grande do Sul, 464 tiveram suas rotinas impactadas pelas fortes chuvas, o equivalente a 93,36% de todas as cidades sul-rio-grandenses.<\/p>\n\n\n\n<p>Texto: Daniella Almeida\/Ag\u00eancia Brasil<\/p>\n","protected":false},"excerpt":{"rendered":"<p>O n\u00famero de mortes confirmadas no Rio Grande do Sul em consequ\u00eancia do\u00a0maior evento clim\u00e1tico\u00a0j\u00e1 registrado no estado subiu para 161. Seguem desaparecidas 85 pessoas e 806 ficaram feridas. Os dados s\u00e3o do\u00a0boletim divulgado pela Defesa Civil do estado\u00a0nesta ter\u00e7a-feira (21). Ao menos 654,19 mil ga\u00fachos ainda est\u00e3o fora das resid\u00eancias, sendo 581.633 desalojados &#8211; [&hellip;]<\/p>\n","protected":false},"author":10,"featured_media":0,"comment_status":"open","ping_status":"open","sticky":false,"template":"","format":"standard","meta":{"_acf_changed":false,"footnotes":""},"categories":[19,898,21],"tags":[],"class_list":["post-77333","post","type-post","status-publish","format-standard","hentry","category-brasil-mundo","category-manchete-segundaria","category-todas-noticias"],"acf":[],"yoast_head":"<!-- This site is optimized with the Yoast SEO plugin v24.4 - https:\/\/yoast.com\/wordpress\/plugins\/seo\/ -->\n<title>Sobe para 161 n\u00famero de mortes por chuvas no Rio Grande do Sul - PORTAL DE NOT\u00cdCIAS CLEITON PINHEIRO<\/title>\n<meta name=\"robots\" content=\"index, follow, max-snippet:-1, max-image-preview:large, max-video-preview:-1\" \/>\n<link rel=\"canonical\" href=\"https:\/\/cleitonpinheiro.com.br\/site\/sobe-para-161-numero-de-mortes-por-chuvas-no-rio-grande-do-sul\/\" \/>\n<meta property=\"og:locale\" content=\"pt_BR\" \/>\n<meta property=\"og:type\" content=\"article\" \/>\n<meta property=\"og:title\" content=\"Sobe para 161 n\u00famero de mortes por chuvas no Rio Grande do Sul - PORTAL DE NOT\u00cdCIAS CLEITON PINHEIRO\" \/>\n<meta property=\"og:description\" content=\"O n\u00famero de mortes confirmadas no Rio Grande do Sul em consequ\u00eancia do\u00a0maior evento clim\u00e1tico\u00a0j\u00e1 registrado no estado subiu para 161. Seguem desaparecidas 85 pessoas e 806 ficaram feridas. Os dados s\u00e3o do\u00a0boletim divulgado pela Defesa Civil do estado\u00a0nesta ter\u00e7a-feira (21). Ao menos 654,19 mil ga\u00fachos ainda est\u00e3o fora das resid\u00eancias, sendo 581.633 desalojados &#8211; [&hellip;]\" \/>\n<meta property=\"og:url\" content=\"https:\/\/cleitonpinheiro.com.br\/site\/sobe-para-161-numero-de-mortes-por-chuvas-no-rio-grande-do-sul\/\" \/>\n<meta property=\"og:site_name\" content=\"PORTAL DE NOT\u00cdCIAS CLEITON PINHEIRO\" \/>\n<meta property=\"article:publisher\" content=\"https:\/\/www.facebook.com\/portalcpnoticias\/\" \/>\n<meta property=\"article:published_time\" content=\"2024-05-21T14:31:01+00:00\" \/>\n<meta property=\"article:modified_time\" content=\"2024-05-23T17:37:42+00:00\" \/>\n<meta property=\"og:image\" content=\"https:\/\/cleitonpinheiro.com.br\/site\/wp-content\/uploads\/2024\/05\/cd982194-793e-4d7c-b653-640f42aeb530.webp\" \/>\n\t<meta property=\"og:image:width\" content=\"1170\" \/>\n\t<meta property=\"og:image:height\" content=\"700\" \/>\n\t<meta property=\"og:image:type\" content=\"image\/webp\" \/>\n<meta name=\"author\" content=\"Cleiton Pinheiro\" \/>\n<meta name=\"twitter:card\" content=\"summary_large_image\" \/>\n<meta name=\"twitter:label1\" content=\"Escrito por\" \/>\n\t<meta name=\"twitter:data1\" content=\"Cleiton Pinheiro\" \/>\n\t<meta name=\"twitter:label2\" content=\"Est. tempo de leitura\" \/>\n\t<meta name=\"twitter:data2\" content=\"2 minutos\" \/>\n<script type=\"application\/ld+json\" class=\"yoast-schema-graph\">{\"@context\":\"https:\/\/schema.org\",\"@graph\":[{\"@type\":\"Article\",\"@id\":\"https:\/\/cleitonpinheiro.com.br\/site\/sobe-para-161-numero-de-mortes-por-chuvas-no-rio-grande-do-sul\/#article\",\"isPartOf\":{\"@id\":\"https:\/\/cleitonpinheiro.com.br\/site\/sobe-para-161-numero-de-mortes-por-chuvas-no-rio-grande-do-sul\/\"},\"author\":{\"name\":\"Cleiton Pinheiro\",\"@id\":\"https:\/\/cleitonpinheiro.com.br\/site\/#\/schema\/person\/62fd4eb98fcc8bd3fc477aaff264af51\"},\"headline\":\"Sobe para 161 n\u00famero de mortes por chuvas no Rio Grande do Sul\",\"datePublished\":\"2024-05-21T14:31:01+00:00\",\"dateModified\":\"2024-05-23T17:37:42+00:00\",\"mainEntityOfPage\":{\"@id\":\"https:\/\/cleitonpinheiro.com.br\/site\/sobe-para-161-numero-de-mortes-por-chuvas-no-rio-grande-do-sul\/\"},\"wordCount\":234,\"commentCount\":0,\"publisher\":{\"@id\":\"https:\/\/cleitonpinheiro.com.br\/site\/#organization\"},\"image\":{\"@id\":\"https:\/\/cleitonpinheiro.com.br\/site\/sobe-para-161-numero-de-mortes-por-chuvas-no-rio-grande-do-sul\/#primaryimage\"},\"thumbnailUrl\":\"https:\/\/cleitonpinheiro.com.br\/site\/wp-content\/uploads\/2024\/05\/cd982194-793e-4d7c-b653-640f42aeb530-1024x613.webp\",\"articleSection\":[\"BRASIL \/ MUNDO\",\"MANCHETE SEGUND\u00c1RIA\",\"TODAS NOTICIAS\"],\"inLanguage\":\"pt-BR\",\"potentialAction\":[{\"@type\":\"CommentAction\",\"name\":\"Comment\",\"target\":[\"https:\/\/cleitonpinheiro.com.br\/site\/sobe-para-161-numero-de-mortes-por-chuvas-no-rio-grande-do-sul\/#respond\"]}]},{\"@type\":\"WebPage\",\"@id\":\"https:\/\/cleitonpinheiro.com.br\/site\/sobe-para-161-numero-de-mortes-por-chuvas-no-rio-grande-do-sul\/\",\"url\":\"https:\/\/cleitonpinheiro.com.br\/site\/sobe-para-161-numero-de-mortes-por-chuvas-no-rio-grande-do-sul\/\",\"name\":\"Sobe para 161 n\u00famero de mortes por chuvas no Rio Grande do Sul - PORTAL DE NOT\u00cdCIAS CLEITON PINHEIRO\",\"isPartOf\":{\"@id\":\"https:\/\/cleitonpinheiro.com.br\/site\/#website\"},\"primaryImageOfPage\":{\"@id\":\"https:\/\/cleitonpinheiro.com.br\/site\/sobe-para-161-numero-de-mortes-por-chuvas-no-rio-grande-do-sul\/#primaryimage\"},\"image\":{\"@id\":\"https:\/\/cleitonpinheiro.com.br\/site\/sobe-para-161-numero-de-mortes-por-chuvas-no-rio-grande-do-sul\/#primaryimage\"},\"thumbnailUrl\":\"https:\/\/cleitonpinheiro.com.br\/site\/wp-content\/uploads\/2024\/05\/cd982194-793e-4d7c-b653-640f42aeb530-1024x613.webp\",\"datePublished\":\"2024-05-21T14:31:01+00:00\",\"dateModified\":\"2024-05-23T17:37:42+00:00\",\"breadcrumb\":{\"@id\":\"https:\/\/cleitonpinheiro.com.br\/site\/sobe-para-161-numero-de-mortes-por-chuvas-no-rio-grande-do-sul\/#breadcrumb\"},\"inLanguage\":\"pt-BR\",\"potentialAction\":[{\"@type\":\"ReadAction\",\"target\":[\"https:\/\/cleitonpinheiro.com.br\/site\/sobe-para-161-numero-de-mortes-por-chuvas-no-rio-grande-do-sul\/\"]}]},{\"@type\":\"ImageObject\",\"inLanguage\":\"pt-BR\",\"@id\":\"https:\/\/cleitonpinheiro.com.br\/site\/sobe-para-161-numero-de-mortes-por-chuvas-no-rio-grande-do-sul\/#primaryimage\",\"url\":\"\",\"contentUrl\":\"\"},{\"@type\":\"BreadcrumbList\",\"@id\":\"https:\/\/cleitonpinheiro.com.br\/site\/sobe-para-161-numero-de-mortes-por-chuvas-no-rio-grande-do-sul\/#breadcrumb\",\"itemListElement\":[{\"@type\":\"ListItem\",\"position\":1,\"name\":\"In\u00edcio\",\"item\":\"https:\/\/cleitonpinheiro.com.br\/site\/\"},{\"@type\":\"ListItem\",\"position\":2,\"name\":\"Sobe para 161 n\u00famero de mortes por chuvas no Rio Grande do Sul\"}]},{\"@type\":\"WebSite\",\"@id\":\"https:\/\/cleitonpinheiro.com.br\/site\/#website\",\"url\":\"https:\/\/cleitonpinheiro.com.br\/site\/\",\"name\":\"PORTAL DE NOT\u00cdCIAS CLEITON PINHEIRO\",\"description\":\"FALANDO A VERDADE\",\"publisher\":{\"@id\":\"https:\/\/cleitonpinheiro.com.br\/site\/#organization\"},\"potentialAction\":[{\"@type\":\"SearchAction\",\"target\":{\"@type\":\"EntryPoint\",\"urlTemplate\":\"https:\/\/cleitonpinheiro.com.br\/site\/?s={search_term_string}\"},\"query-input\":{\"@type\":\"PropertyValueSpecification\",\"valueRequired\":true,\"valueName\":\"search_term_string\"}}],\"inLanguage\":\"pt-BR\"},{\"@type\":\"Organization\",\"@id\":\"https:\/\/cleitonpinheiro.com.br\/site\/#organization\",\"name\":\"CPNOT\u00cdCIAS\",\"url\":\"https:\/\/cleitonpinheiro.com.br\/site\/\",\"logo\":{\"@type\":\"ImageObject\",\"inLanguage\":\"pt-BR\",\"@id\":\"https:\/\/cleitonpinheiro.com.br\/site\/#\/schema\/logo\/image\/\",\"url\":\"https:\/\/cleitonpinheiro.com.br\/site\/wp-content\/uploads\/2022\/08\/Logo-pequena-2.png\",\"contentUrl\":\"https:\/\/cleitonpinheiro.com.br\/site\/wp-content\/uploads\/2022\/08\/Logo-pequena-2.png\",\"width\":500,\"height\":500,\"caption\":\"CPNOT\u00cdCIAS\"},\"image\":{\"@id\":\"https:\/\/cleitonpinheiro.com.br\/site\/#\/schema\/logo\/image\/\"},\"sameAs\":[\"https:\/\/www.facebook.com\/portalcpnoticias\/\"]},{\"@type\":\"Person\",\"@id\":\"https:\/\/cleitonpinheiro.com.br\/site\/#\/schema\/person\/62fd4eb98fcc8bd3fc477aaff264af51\",\"name\":\"Cleiton Pinheiro\",\"image\":{\"@type\":\"ImageObject\",\"inLanguage\":\"pt-BR\",\"@id\":\"https:\/\/cleitonpinheiro.com.br\/site\/#\/schema\/person\/image\/\",\"url\":\"https:\/\/secure.gravatar.com\/avatar\/15642ec35b78fe5eed3cfa8e4a3f3211d73a3df4f35f0566b4324958cba1b1b9?s=96&r=g\",\"contentUrl\":\"https:\/\/secure.gravatar.com\/avatar\/15642ec35b78fe5eed3cfa8e4a3f3211d73a3df4f35f0566b4324958cba1b1b9?s=96&r=g\",\"caption\":\"Cleiton Pinheiro\"},\"url\":\"https:\/\/cleitonpinheiro.com.br\/site\/author\/cleiton\/\"}]}<\/script>\n<!-- \/ Yoast SEO plugin. -->","yoast_head_json":{"title":"Sobe para 161 n\u00famero de mortes por chuvas no Rio Grande do Sul - PORTAL DE NOT\u00cdCIAS CLEITON PINHEIRO","robots":{"index":"index","follow":"follow","max-snippet":"max-snippet:-1","max-image-preview":"max-image-preview:large","max-video-preview":"max-video-preview:-1"},"canonical":"https:\/\/cleitonpinheiro.com.br\/site\/sobe-para-161-numero-de-mortes-por-chuvas-no-rio-grande-do-sul\/","og_locale":"pt_BR","og_type":"article","og_title":"Sobe para 161 n\u00famero de mortes por chuvas no Rio Grande do Sul - PORTAL DE NOT\u00cdCIAS CLEITON PINHEIRO","og_description":"O n\u00famero de mortes confirmadas no Rio Grande do Sul em consequ\u00eancia do\u00a0maior evento clim\u00e1tico\u00a0j\u00e1 registrado no estado subiu para 161. Seguem desaparecidas 85 pessoas e 806 ficaram feridas. Os dados s\u00e3o do\u00a0boletim divulgado pela Defesa Civil do estado\u00a0nesta ter\u00e7a-feira (21). Ao menos 654,19 mil ga\u00fachos ainda est\u00e3o fora das resid\u00eancias, sendo 581.633 desalojados &#8211; [&hellip;]","og_url":"https:\/\/cleitonpinheiro.com.br\/site\/sobe-para-161-numero-de-mortes-por-chuvas-no-rio-grande-do-sul\/","og_site_name":"PORTAL DE NOT\u00cdCIAS CLEITON PINHEIRO","article_publisher":"https:\/\/www.facebook.com\/portalcpnoticias\/","article_published_time":"2024-05-21T14:31:01+00:00","article_modified_time":"2024-05-23T17:37:42+00:00","og_image":[{"width":1170,"height":700,"url":"https:\/\/cleitonpinheiro.com.br\/site\/wp-content\/uploads\/2024\/05\/cd982194-793e-4d7c-b653-640f42aeb530.webp","type":"image\/webp"}],"author":"Cleiton Pinheiro","twitter_card":"summary_large_image","twitter_misc":{"Escrito por":"Cleiton Pinheiro","Est. tempo de leitura":"2 minutos"},"schema":{"@context":"https:\/\/schema.org","@graph":[{"@type":"Article","@id":"https:\/\/cleitonpinheiro.com.br\/site\/sobe-para-161-numero-de-mortes-por-chuvas-no-rio-grande-do-sul\/#article","isPartOf":{"@id":"https:\/\/cleitonpinheiro.com.br\/site\/sobe-para-161-numero-de-mortes-por-chuvas-no-rio-grande-do-sul\/"},"author":{"name":"Cleiton Pinheiro","@id":"https:\/\/cleitonpinheiro.com.br\/site\/#\/schema\/person\/62fd4eb98fcc8bd3fc477aaff264af51"},"headline":"Sobe para 161 n\u00famero de mortes por chuvas no Rio Grande do Sul","datePublished":"2024-05-21T14:31:01+00:00","dateModified":"2024-05-23T17:37:42+00:00","mainEntityOfPage":{"@id":"https:\/\/cleitonpinheiro.com.br\/site\/sobe-para-161-numero-de-mortes-por-chuvas-no-rio-grande-do-sul\/"},"wordCount":234,"commentCount":0,"publisher":{"@id":"https:\/\/cleitonpinheiro.com.br\/site\/#organization"},"image":{"@id":"https:\/\/cleitonpinheiro.com.br\/site\/sobe-para-161-numero-de-mortes-por-chuvas-no-rio-grande-do-sul\/#primaryimage"},"thumbnailUrl":"https:\/\/cleitonpinheiro.com.br\/site\/wp-content\/uploads\/2024\/05\/cd982194-793e-4d7c-b653-640f42aeb530-1024x613.webp","articleSection":["BRASIL \/ MUNDO","MANCHETE SEGUND\u00c1RIA","TODAS NOTICIAS"],"inLanguage":"pt-BR","potentialAction":[{"@type":"CommentAction","name":"Comment","target":["https:\/\/cleitonpinheiro.com.br\/site\/sobe-para-161-numero-de-mortes-por-chuvas-no-rio-grande-do-sul\/#respond"]}]},{"@type":"WebPage","@id":"https:\/\/cleitonpinheiro.com.br\/site\/sobe-para-161-numero-de-mortes-por-chuvas-no-rio-grande-do-sul\/","url":"https:\/\/cleitonpinheiro.com.br\/site\/sobe-para-161-numero-de-mortes-por-chuvas-no-rio-grande-do-sul\/","name":"Sobe para 161 n\u00famero de mortes por chuvas no Rio Grande do Sul - PORTAL DE NOT\u00cdCIAS CLEITON PINHEIRO","isPartOf":{"@id":"https:\/\/cleitonpinheiro.com.br\/site\/#website"},"primaryImageOfPage":{"@id":"https:\/\/cleitonpinheiro.com.br\/site\/sobe-para-161-numero-de-mortes-por-chuvas-no-rio-grande-do-sul\/#primaryimage"},"image":{"@id":"https:\/\/cleitonpinheiro.com.br\/site\/sobe-para-161-numero-de-mortes-por-chuvas-no-rio-grande-do-sul\/#primaryimage"},"thumbnailUrl":"https:\/\/cleitonpinheiro.com.br\/site\/wp-content\/uploads\/2024\/05\/cd982194-793e-4d7c-b653-640f42aeb530-1024x613.webp","datePublished":"2024-05-21T14:31:01+00:00","dateModified":"2024-05-23T17:37:42+00:00","breadcrumb":{"@id":"https:\/\/cleitonpinheiro.com.br\/site\/sobe-para-161-numero-de-mortes-por-chuvas-no-rio-grande-do-sul\/#breadcrumb"},"inLanguage":"pt-BR","potentialAction":[{"@type":"ReadAction","target":["https:\/\/cleitonpinheiro.com.br\/site\/sobe-para-161-numero-de-mortes-por-chuvas-no-rio-grande-do-sul\/"]}]},{"@type":"ImageObject","inLanguage":"pt-BR","@id":"https:\/\/cleitonpinheiro.com.br\/site\/sobe-para-161-numero-de-mortes-por-chuvas-no-rio-grande-do-sul\/#primaryimage","url":"","contentUrl":""},{"@type":"BreadcrumbList","@id":"https:\/\/cleitonpinheiro.com.br\/site\/sobe-para-161-numero-de-mortes-por-chuvas-no-rio-grande-do-sul\/#breadcrumb","itemListElement":[{"@type":"ListItem","position":1,"name":"In\u00edcio","item":"https:\/\/cleitonpinheiro.com.br\/site\/"},{"@type":"ListItem","position":2,"name":"Sobe para 161 n\u00famero de mortes por chuvas no Rio Grande do Sul"}]},{"@type":"WebSite","@id":"https:\/\/cleitonpinheiro.com.br\/site\/#website","url":"https:\/\/cleitonpinheiro.com.br\/site\/","name":"PORTAL DE NOT\u00cdCIAS CLEITON PINHEIRO","description":"FALANDO A VERDADE","publisher":{"@id":"https:\/\/cleitonpinheiro.com.br\/site\/#organization"},"potentialAction":[{"@type":"SearchAction","target":{"@type":"EntryPoint","urlTemplate":"https:\/\/cleitonpinheiro.com.br\/site\/?s={search_term_string}"},"query-input":{"@type":"PropertyValueSpecification","valueRequired":true,"valueName":"search_term_string"}}],"inLanguage":"pt-BR"},{"@type":"Organization","@id":"https:\/\/cleitonpinheiro.com.br\/site\/#organization","name":"CPNOT\u00cdCIAS","url":"https:\/\/cleitonpinheiro.com.br\/site\/","logo":{"@type":"ImageObject","inLanguage":"pt-BR","@id":"https:\/\/cleitonpinheiro.com.br\/site\/#\/schema\/logo\/image\/","url":"https:\/\/cleitonpinheiro.com.br\/site\/wp-content\/uploads\/2022\/08\/Logo-pequena-2.png","contentUrl":"https:\/\/cleitonpinheiro.com.br\/site\/wp-content\/uploads\/2022\/08\/Logo-pequena-2.png","width":500,"height":500,"caption":"CPNOT\u00cdCIAS"},"image":{"@id":"https:\/\/cleitonpinheiro.com.br\/site\/#\/schema\/logo\/image\/"},"sameAs":["https:\/\/www.facebook.com\/portalcpnoticias\/"]},{"@type":"Person","@id":"https:\/\/cleitonpinheiro.com.br\/site\/#\/schema\/person\/62fd4eb98fcc8bd3fc477aaff264af51","name":"Cleiton Pinheiro","image":{"@type":"ImageObject","inLanguage":"pt-BR","@id":"https:\/\/cleitonpinheiro.com.br\/site\/#\/schema\/person\/image\/","url":"https:\/\/secure.gravatar.com\/avatar\/15642ec35b78fe5eed3cfa8e4a3f3211d73a3df4f35f0566b4324958cba1b1b9?s=96&r=g","contentUrl":"https:\/\/secure.gravatar.com\/avatar\/15642ec35b78fe5eed3cfa8e4a3f3211d73a3df4f35f0566b4324958cba1b1b9?s=96&r=g","caption":"Cleiton Pinheiro"},"url":"https:\/\/cleitonpinheiro.com.br\/site\/author\/cleiton\/"}]}},"views":216,"_links":{"self":[{"href":"https:\/\/cleitonpinheiro.com.br\/site\/wp-json\/wp\/v2\/posts\/77333","targetHints":{"allow":["GET"]}}],"collection":[{"href":"https:\/\/cleitonpinheiro.com.br\/site\/wp-json\/wp\/v2\/posts"}],"about":[{"href":"https:\/\/cleitonpinheiro.com.br\/site\/wp-json\/wp\/v2\/types\/post"}],"author":[{"embeddable":true,"href":"https:\/\/cleitonpinheiro.com.br\/site\/wp-json\/wp\/v2\/users\/10"}],"replies":[{"embeddable":true,"href":"https:\/\/cleitonpinheiro.com.br\/site\/wp-json\/wp\/v2\/comments?post=77333"}],"version-history":[{"count":1,"href":"https:\/\/cleitonpinheiro.com.br\/site\/wp-json\/wp\/v2\/posts\/77333\/revisions"}],"predecessor-version":[{"id":77335,"href":"https:\/\/cleitonpinheiro.com.br\/site\/wp-json\/wp\/v2\/posts\/77333\/revisions\/77335"}],"wp:attachment":[{"href":"https:\/\/cleitonpinheiro.com.br\/site\/wp-json\/wp\/v2\/media?parent=77333"}],"wp:term":[{"taxonomy":"category","embeddable":true,"href":"https:\/\/cleitonpinheiro.com.br\/site\/wp-json\/wp\/v2\/categories?post=77333"},{"taxonomy":"post_tag","embeddable":true,"href":"https:\/\/cleitonpinheiro.com.br\/site\/wp-json\/wp\/v2\/tags?post=77333"}],"curies":[{"name":"wp","href":"https:\/\/api.w.org\/{rel}","templated":true}]}}