{"id":77339,"date":"2024-05-21T14:03:23","date_gmt":"2024-05-21T17:03:23","guid":{"rendered":"https:\/\/cleitonpinheiro.com.br\/site\/?p=77339"},"modified":"2024-05-21T14:03:29","modified_gmt":"2024-05-21T17:03:29","slug":"lewandowski-lanca-plano-de-r-50-mi-para-ampliar-defensoria-publica","status":"publish","type":"post","link":"https:\/\/cleitonpinheiro.com.br\/site\/lewandowski-lanca-plano-de-r-50-mi-para-ampliar-defensoria-publica\/","title":{"rendered":"Lewandowski lan\u00e7a plano de R$ 50 mi para ampliar defensoria p\u00fablica"},"content":{"rendered":"\n<figure class=\"wp-block-image size-large\"><img decoding=\"async\" src=\"https:\/\/cleitonpinheiro.com.br\/site\/wp-content\/uploads\/2024\/05\/img_5463-1024x613.webp\" alt=\"\" class=\"wp-image-77340\"\/><figcaption class=\"wp-element-caption\">Foto: Rovena Rosa\/Ag\u00eancia Brasil<\/figcaption><\/figure>\n\n\n\n<p>O ministro da Justi\u00e7a e Seguran\u00e7a P\u00fablica (MJSP), Ricardo Lewandowski, lan\u00e7ou nesta segunda-feira (20) o Plano Nacional Defensoria em Todos os Cantos. Ser\u00e3o investidos inicialmente R$ 50 milh\u00f5es para o fortalecimento da Defensoria P\u00fablica da Uni\u00e3o (DPU) e das defensorias dos estados.<\/p>\n\n\n\n<p>Segundo o ministro, o&nbsp;programa vai ampliar o acesso da popula\u00e7\u00e3o \u00e0 Justi\u00e7a em todo pa\u00eds. Ao receberem os recursos, as defensorias dever\u00e3o ampliar unidades de atendimento, comprar ve\u00edculos itinerantes e investir em projetos de promo\u00e7\u00e3o dos direitos das mulheres, popula\u00e7\u00e3o negra, presos, crian\u00e7as e adolescentes e popula\u00e7\u00e3o LGBTQIA+.<\/p>\n\n\n\n<p>&#8220;A defensoria p\u00fablica brasileira, da Uni\u00e3o, e dos estados, \u00e9 chamada a colaborar, n\u00e3o com o Estado brasileiro, mas com o povo brasileiro. N\u00f3s vamos promover assist\u00eancia daqueles menos assistidos, daqueles desamparados do ponto de vista social e econ\u00f4mico para que a Justi\u00e7a possa chegar neles&#8221;, afirmou.<\/p>\n\n\n\n<p>O plano nacional tem tr\u00eas eixos principais e vai universalizar os servi\u00e7os prestados pelas defensorias nas comarcas da Justi\u00e7a em todo o Brasil, ampliar os servi\u00e7os itinerantes em \u00e1reas de dif\u00edcil acesso e promover projetos para grupos vulner\u00e1veis.<\/p>\n\n\n\n<p>Texto: Ag\u00eancia Brasil<\/p>\n","protected":false},"excerpt":{"rendered":"<p>O ministro da Justi\u00e7a e Seguran\u00e7a P\u00fablica (MJSP), Ricardo Lewandowski, lan\u00e7ou nesta segunda-feira (20) o Plano Nacional Defensoria em Todos os Cantos. Ser\u00e3o investidos inicialmente R$ 50 milh\u00f5es para o fortalecimento da Defensoria P\u00fablica da Uni\u00e3o (DPU) e das defensorias dos estados. Segundo o ministro, o&nbsp;programa vai ampliar o acesso da popula\u00e7\u00e3o \u00e0 Justi\u00e7a em [&hellip;]<\/p>\n","protected":false},"author":10,"featured_media":0,"comment_status":"open","ping_status":"open","sticky":false,"template":"","format":"standard","meta":{"_acf_changed":false,"footnotes":""},"categories":[19,898,21],"tags":[],"class_list":["post-77339","post","type-post","status-publish","format-standard","hentry","category-brasil-mundo","category-manchete-segundaria","category-todas-noticias"],"acf":[],"yoast_head":"<!-- This site is optimized with the Yoast SEO plugin v24.4 - https:\/\/yoast.com\/wordpress\/plugins\/seo\/ -->\n<title>Lewandowski lan\u00e7a plano de R$ 50 mi para ampliar defensoria p\u00fablica - PORTAL DE NOT\u00cdCIAS CLEITON PINHEIRO<\/title>\n<meta name=\"robots\" content=\"index, follow, max-snippet:-1, max-image-preview:large, max-video-preview:-1\" \/>\n<link rel=\"canonical\" href=\"https:\/\/cleitonpinheiro.com.br\/site\/lewandowski-lanca-plano-de-r-50-mi-para-ampliar-defensoria-publica\/\" \/>\n<meta property=\"og:locale\" content=\"pt_BR\" \/>\n<meta property=\"og:type\" content=\"article\" \/>\n<meta property=\"og:title\" content=\"Lewandowski lan\u00e7a plano de R$ 50 mi para ampliar defensoria p\u00fablica - PORTAL DE NOT\u00cdCIAS CLEITON PINHEIRO\" \/>\n<meta property=\"og:description\" content=\"O ministro da Justi\u00e7a e Seguran\u00e7a P\u00fablica (MJSP), Ricardo Lewandowski, lan\u00e7ou nesta segunda-feira (20) o Plano Nacional Defensoria em Todos os Cantos. Ser\u00e3o investidos inicialmente R$ 50 milh\u00f5es para o fortalecimento da Defensoria P\u00fablica da Uni\u00e3o (DPU) e das defensorias dos estados. Segundo o ministro, o&nbsp;programa vai ampliar o acesso da popula\u00e7\u00e3o \u00e0 Justi\u00e7a em [&hellip;]\" \/>\n<meta property=\"og:url\" content=\"https:\/\/cleitonpinheiro.com.br\/site\/lewandowski-lanca-plano-de-r-50-mi-para-ampliar-defensoria-publica\/\" \/>\n<meta property=\"og:site_name\" content=\"PORTAL DE NOT\u00cdCIAS CLEITON PINHEIRO\" \/>\n<meta property=\"article:publisher\" content=\"https:\/\/www.facebook.com\/portalcpnoticias\/\" \/>\n<meta property=\"article:published_time\" content=\"2024-05-21T17:03:23+00:00\" \/>\n<meta property=\"article:modified_time\" content=\"2024-05-21T17:03:29+00:00\" \/>\n<meta property=\"og:image\" content=\"https:\/\/cleitonpinheiro.com.br\/site\/wp-content\/uploads\/2024\/05\/img_5463.webp\" \/>\n\t<meta property=\"og:image:width\" content=\"1170\" \/>\n\t<meta property=\"og:image:height\" content=\"700\" \/>\n\t<meta property=\"og:image:type\" content=\"image\/webp\" \/>\n<meta name=\"author\" content=\"Cleiton Pinheiro\" \/>\n<meta name=\"twitter:card\" content=\"summary_large_image\" \/>\n<meta name=\"twitter:label1\" content=\"Escrito por\" \/>\n\t<meta name=\"twitter:data1\" content=\"Cleiton Pinheiro\" \/>\n\t<meta name=\"twitter:label2\" content=\"Est. tempo de leitura\" \/>\n\t<meta name=\"twitter:data2\" content=\"2 minutos\" \/>\n<script type=\"application\/ld+json\" class=\"yoast-schema-graph\">{\"@context\":\"https:\/\/schema.org\",\"@graph\":[{\"@type\":\"Article\",\"@id\":\"https:\/\/cleitonpinheiro.com.br\/site\/lewandowski-lanca-plano-de-r-50-mi-para-ampliar-defensoria-publica\/#article\",\"isPartOf\":{\"@id\":\"https:\/\/cleitonpinheiro.com.br\/site\/lewandowski-lanca-plano-de-r-50-mi-para-ampliar-defensoria-publica\/\"},\"author\":{\"name\":\"Cleiton Pinheiro\",\"@id\":\"https:\/\/cleitonpinheiro.com.br\/site\/#\/schema\/person\/62fd4eb98fcc8bd3fc477aaff264af51\"},\"headline\":\"Lewandowski lan\u00e7a plano de R$ 50 mi para ampliar defensoria p\u00fablica\",\"datePublished\":\"2024-05-21T17:03:23+00:00\",\"dateModified\":\"2024-05-21T17:03:29+00:00\",\"mainEntityOfPage\":{\"@id\":\"https:\/\/cleitonpinheiro.com.br\/site\/lewandowski-lanca-plano-de-r-50-mi-para-ampliar-defensoria-publica\/\"},\"wordCount\":225,\"commentCount\":0,\"publisher\":{\"@id\":\"https:\/\/cleitonpinheiro.com.br\/site\/#organization\"},\"image\":{\"@id\":\"https:\/\/cleitonpinheiro.com.br\/site\/lewandowski-lanca-plano-de-r-50-mi-para-ampliar-defensoria-publica\/#primaryimage\"},\"thumbnailUrl\":\"https:\/\/cleitonpinheiro.com.br\/site\/wp-content\/uploads\/2024\/05\/img_5463-1024x613.webp\",\"articleSection\":[\"BRASIL \/ MUNDO\",\"MANCHETE SEGUND\u00c1RIA\",\"TODAS NOTICIAS\"],\"inLanguage\":\"pt-BR\",\"potentialAction\":[{\"@type\":\"CommentAction\",\"name\":\"Comment\",\"target\":[\"https:\/\/cleitonpinheiro.com.br\/site\/lewandowski-lanca-plano-de-r-50-mi-para-ampliar-defensoria-publica\/#respond\"]}]},{\"@type\":\"WebPage\",\"@id\":\"https:\/\/cleitonpinheiro.com.br\/site\/lewandowski-lanca-plano-de-r-50-mi-para-ampliar-defensoria-publica\/\",\"url\":\"https:\/\/cleitonpinheiro.com.br\/site\/lewandowski-lanca-plano-de-r-50-mi-para-ampliar-defensoria-publica\/\",\"name\":\"Lewandowski lan\u00e7a plano de R$ 50 mi para ampliar defensoria p\u00fablica - PORTAL DE NOT\u00cdCIAS CLEITON PINHEIRO\",\"isPartOf\":{\"@id\":\"https:\/\/cleitonpinheiro.com.br\/site\/#website\"},\"primaryImageOfPage\":{\"@id\":\"https:\/\/cleitonpinheiro.com.br\/site\/lewandowski-lanca-plano-de-r-50-mi-para-ampliar-defensoria-publica\/#primaryimage\"},\"image\":{\"@id\":\"https:\/\/cleitonpinheiro.com.br\/site\/lewandowski-lanca-plano-de-r-50-mi-para-ampliar-defensoria-publica\/#primaryimage\"},\"thumbnailUrl\":\"https:\/\/cleitonpinheiro.com.br\/site\/wp-content\/uploads\/2024\/05\/img_5463-1024x613.webp\",\"datePublished\":\"2024-05-21T17:03:23+00:00\",\"dateModified\":\"2024-05-21T17:03:29+00:00\",\"breadcrumb\":{\"@id\":\"https:\/\/cleitonpinheiro.com.br\/site\/lewandowski-lanca-plano-de-r-50-mi-para-ampliar-defensoria-publica\/#breadcrumb\"},\"inLanguage\":\"pt-BR\",\"potentialAction\":[{\"@type\":\"ReadAction\",\"target\":[\"https:\/\/cleitonpinheiro.com.br\/site\/lewandowski-lanca-plano-de-r-50-mi-para-ampliar-defensoria-publica\/\"]}]},{\"@type\":\"ImageObject\",\"inLanguage\":\"pt-BR\",\"@id\":\"https:\/\/cleitonpinheiro.com.br\/site\/lewandowski-lanca-plano-de-r-50-mi-para-ampliar-defensoria-publica\/#primaryimage\",\"url\":\"\",\"contentUrl\":\"\"},{\"@type\":\"BreadcrumbList\",\"@id\":\"https:\/\/cleitonpinheiro.com.br\/site\/lewandowski-lanca-plano-de-r-50-mi-para-ampliar-defensoria-publica\/#breadcrumb\",\"itemListElement\":[{\"@type\":\"ListItem\",\"position\":1,\"name\":\"In\u00edcio\",\"item\":\"https:\/\/cleitonpinheiro.com.br\/site\/\"},{\"@type\":\"ListItem\",\"position\":2,\"name\":\"Lewandowski lan\u00e7a plano de R$ 50 mi para ampliar defensoria p\u00fablica\"}]},{\"@type\":\"WebSite\",\"@id\":\"https:\/\/cleitonpinheiro.com.br\/site\/#website\",\"url\":\"https:\/\/cleitonpinheiro.com.br\/site\/\",\"name\":\"PORTAL DE NOT\u00cdCIAS CLEITON PINHEIRO\",\"description\":\"FALANDO A VERDADE\",\"publisher\":{\"@id\":\"https:\/\/cleitonpinheiro.com.br\/site\/#organization\"},\"potentialAction\":[{\"@type\":\"SearchAction\",\"target\":{\"@type\":\"EntryPoint\",\"urlTemplate\":\"https:\/\/cleitonpinheiro.com.br\/site\/?s={search_term_string}\"},\"query-input\":{\"@type\":\"PropertyValueSpecification\",\"valueRequired\":true,\"valueName\":\"search_term_string\"}}],\"inLanguage\":\"pt-BR\"},{\"@type\":\"Organization\",\"@id\":\"https:\/\/cleitonpinheiro.com.br\/site\/#organization\",\"name\":\"CPNOT\u00cdCIAS\",\"url\":\"https:\/\/cleitonpinheiro.com.br\/site\/\",\"logo\":{\"@type\":\"ImageObject\",\"inLanguage\":\"pt-BR\",\"@id\":\"https:\/\/cleitonpinheiro.com.br\/site\/#\/schema\/logo\/image\/\",\"url\":\"https:\/\/cleitonpinheiro.com.br\/site\/wp-content\/uploads\/2022\/08\/Logo-pequena-2.png\",\"contentUrl\":\"https:\/\/cleitonpinheiro.com.br\/site\/wp-content\/uploads\/2022\/08\/Logo-pequena-2.png\",\"width\":500,\"height\":500,\"caption\":\"CPNOT\u00cdCIAS\"},\"image\":{\"@id\":\"https:\/\/cleitonpinheiro.com.br\/site\/#\/schema\/logo\/image\/\"},\"sameAs\":[\"https:\/\/www.facebook.com\/portalcpnoticias\/\"]},{\"@type\":\"Person\",\"@id\":\"https:\/\/cleitonpinheiro.com.br\/site\/#\/schema\/person\/62fd4eb98fcc8bd3fc477aaff264af51\",\"name\":\"Cleiton Pinheiro\",\"image\":{\"@type\":\"ImageObject\",\"inLanguage\":\"pt-BR\",\"@id\":\"https:\/\/cleitonpinheiro.com.br\/site\/#\/schema\/person\/image\/\",\"url\":\"https:\/\/secure.gravatar.com\/avatar\/15642ec35b78fe5eed3cfa8e4a3f3211d73a3df4f35f0566b4324958cba1b1b9?s=96&r=g\",\"contentUrl\":\"https:\/\/secure.gravatar.com\/avatar\/15642ec35b78fe5eed3cfa8e4a3f3211d73a3df4f35f0566b4324958cba1b1b9?s=96&r=g\",\"caption\":\"Cleiton Pinheiro\"},\"url\":\"https:\/\/cleitonpinheiro.com.br\/site\/author\/cleiton\/\"}]}<\/script>\n<!-- \/ Yoast SEO plugin. -->","yoast_head_json":{"title":"Lewandowski lan\u00e7a plano de R$ 50 mi para ampliar defensoria p\u00fablica - PORTAL DE NOT\u00cdCIAS CLEITON PINHEIRO","robots":{"index":"index","follow":"follow","max-snippet":"max-snippet:-1","max-image-preview":"max-image-preview:large","max-video-preview":"max-video-preview:-1"},"canonical":"https:\/\/cleitonpinheiro.com.br\/site\/lewandowski-lanca-plano-de-r-50-mi-para-ampliar-defensoria-publica\/","og_locale":"pt_BR","og_type":"article","og_title":"Lewandowski lan\u00e7a plano de R$ 50 mi para ampliar defensoria p\u00fablica - PORTAL DE NOT\u00cdCIAS CLEITON PINHEIRO","og_description":"O ministro da Justi\u00e7a e Seguran\u00e7a P\u00fablica (MJSP), Ricardo Lewandowski, lan\u00e7ou nesta segunda-feira (20) o Plano Nacional Defensoria em Todos os Cantos. Ser\u00e3o investidos inicialmente R$ 50 milh\u00f5es para o fortalecimento da Defensoria P\u00fablica da Uni\u00e3o (DPU) e das defensorias dos estados. Segundo o ministro, o&nbsp;programa vai ampliar o acesso da popula\u00e7\u00e3o \u00e0 Justi\u00e7a em [&hellip;]","og_url":"https:\/\/cleitonpinheiro.com.br\/site\/lewandowski-lanca-plano-de-r-50-mi-para-ampliar-defensoria-publica\/","og_site_name":"PORTAL DE NOT\u00cdCIAS CLEITON PINHEIRO","article_publisher":"https:\/\/www.facebook.com\/portalcpnoticias\/","article_published_time":"2024-05-21T17:03:23+00:00","article_modified_time":"2024-05-21T17:03:29+00:00","og_image":[{"width":1170,"height":700,"url":"https:\/\/cleitonpinheiro.com.br\/site\/wp-content\/uploads\/2024\/05\/img_5463.webp","type":"image\/webp"}],"author":"Cleiton Pinheiro","twitter_card":"summary_large_image","twitter_misc":{"Escrito por":"Cleiton Pinheiro","Est. tempo de leitura":"2 minutos"},"schema":{"@context":"https:\/\/schema.org","@graph":[{"@type":"Article","@id":"https:\/\/cleitonpinheiro.com.br\/site\/lewandowski-lanca-plano-de-r-50-mi-para-ampliar-defensoria-publica\/#article","isPartOf":{"@id":"https:\/\/cleitonpinheiro.com.br\/site\/lewandowski-lanca-plano-de-r-50-mi-para-ampliar-defensoria-publica\/"},"author":{"name":"Cleiton Pinheiro","@id":"https:\/\/cleitonpinheiro.com.br\/site\/#\/schema\/person\/62fd4eb98fcc8bd3fc477aaff264af51"},"headline":"Lewandowski lan\u00e7a plano de R$ 50 mi para ampliar defensoria p\u00fablica","datePublished":"2024-05-21T17:03:23+00:00","dateModified":"2024-05-21T17:03:29+00:00","mainEntityOfPage":{"@id":"https:\/\/cleitonpinheiro.com.br\/site\/lewandowski-lanca-plano-de-r-50-mi-para-ampliar-defensoria-publica\/"},"wordCount":225,"commentCount":0,"publisher":{"@id":"https:\/\/cleitonpinheiro.com.br\/site\/#organization"},"image":{"@id":"https:\/\/cleitonpinheiro.com.br\/site\/lewandowski-lanca-plano-de-r-50-mi-para-ampliar-defensoria-publica\/#primaryimage"},"thumbnailUrl":"https:\/\/cleitonpinheiro.com.br\/site\/wp-content\/uploads\/2024\/05\/img_5463-1024x613.webp","articleSection":["BRASIL \/ MUNDO","MANCHETE SEGUND\u00c1RIA","TODAS NOTICIAS"],"inLanguage":"pt-BR","potentialAction":[{"@type":"CommentAction","name":"Comment","target":["https:\/\/cleitonpinheiro.com.br\/site\/lewandowski-lanca-plano-de-r-50-mi-para-ampliar-defensoria-publica\/#respond"]}]},{"@type":"WebPage","@id":"https:\/\/cleitonpinheiro.com.br\/site\/lewandowski-lanca-plano-de-r-50-mi-para-ampliar-defensoria-publica\/","url":"https:\/\/cleitonpinheiro.com.br\/site\/lewandowski-lanca-plano-de-r-50-mi-para-ampliar-defensoria-publica\/","name":"Lewandowski lan\u00e7a plano de R$ 50 mi para ampliar defensoria p\u00fablica - PORTAL DE NOT\u00cdCIAS CLEITON PINHEIRO","isPartOf":{"@id":"https:\/\/cleitonpinheiro.com.br\/site\/#website"},"primaryImageOfPage":{"@id":"https:\/\/cleitonpinheiro.com.br\/site\/lewandowski-lanca-plano-de-r-50-mi-para-ampliar-defensoria-publica\/#primaryimage"},"image":{"@id":"https:\/\/cleitonpinheiro.com.br\/site\/lewandowski-lanca-plano-de-r-50-mi-para-ampliar-defensoria-publica\/#primaryimage"},"thumbnailUrl":"https:\/\/cleitonpinheiro.com.br\/site\/wp-content\/uploads\/2024\/05\/img_5463-1024x613.webp","datePublished":"2024-05-21T17:03:23+00:00","dateModified":"2024-05-21T17:03:29+00:00","breadcrumb":{"@id":"https:\/\/cleitonpinheiro.com.br\/site\/lewandowski-lanca-plano-de-r-50-mi-para-ampliar-defensoria-publica\/#breadcrumb"},"inLanguage":"pt-BR","potentialAction":[{"@type":"ReadAction","target":["https:\/\/cleitonpinheiro.com.br\/site\/lewandowski-lanca-plano-de-r-50-mi-para-ampliar-defensoria-publica\/"]}]},{"@type":"ImageObject","inLanguage":"pt-BR","@id":"https:\/\/cleitonpinheiro.com.br\/site\/lewandowski-lanca-plano-de-r-50-mi-para-ampliar-defensoria-publica\/#primaryimage","url":"","contentUrl":""},{"@type":"BreadcrumbList","@id":"https:\/\/cleitonpinheiro.com.br\/site\/lewandowski-lanca-plano-de-r-50-mi-para-ampliar-defensoria-publica\/#breadcrumb","itemListElement":[{"@type":"ListItem","position":1,"name":"In\u00edcio","item":"https:\/\/cleitonpinheiro.com.br\/site\/"},{"@type":"ListItem","position":2,"name":"Lewandowski lan\u00e7a plano de R$ 50 mi para ampliar defensoria p\u00fablica"}]},{"@type":"WebSite","@id":"https:\/\/cleitonpinheiro.com.br\/site\/#website","url":"https:\/\/cleitonpinheiro.com.br\/site\/","name":"PORTAL DE NOT\u00cdCIAS CLEITON PINHEIRO","description":"FALANDO A VERDADE","publisher":{"@id":"https:\/\/cleitonpinheiro.com.br\/site\/#organization"},"potentialAction":[{"@type":"SearchAction","target":{"@type":"EntryPoint","urlTemplate":"https:\/\/cleitonpinheiro.com.br\/site\/?s={search_term_string}"},"query-input":{"@type":"PropertyValueSpecification","valueRequired":true,"valueName":"search_term_string"}}],"inLanguage":"pt-BR"},{"@type":"Organization","@id":"https:\/\/cleitonpinheiro.com.br\/site\/#organization","name":"CPNOT\u00cdCIAS","url":"https:\/\/cleitonpinheiro.com.br\/site\/","logo":{"@type":"ImageObject","inLanguage":"pt-BR","@id":"https:\/\/cleitonpinheiro.com.br\/site\/#\/schema\/logo\/image\/","url":"https:\/\/cleitonpinheiro.com.br\/site\/wp-content\/uploads\/2022\/08\/Logo-pequena-2.png","contentUrl":"https:\/\/cleitonpinheiro.com.br\/site\/wp-content\/uploads\/2022\/08\/Logo-pequena-2.png","width":500,"height":500,"caption":"CPNOT\u00cdCIAS"},"image":{"@id":"https:\/\/cleitonpinheiro.com.br\/site\/#\/schema\/logo\/image\/"},"sameAs":["https:\/\/www.facebook.com\/portalcpnoticias\/"]},{"@type":"Person","@id":"https:\/\/cleitonpinheiro.com.br\/site\/#\/schema\/person\/62fd4eb98fcc8bd3fc477aaff264af51","name":"Cleiton Pinheiro","image":{"@type":"ImageObject","inLanguage":"pt-BR","@id":"https:\/\/cleitonpinheiro.com.br\/site\/#\/schema\/person\/image\/","url":"https:\/\/secure.gravatar.com\/avatar\/15642ec35b78fe5eed3cfa8e4a3f3211d73a3df4f35f0566b4324958cba1b1b9?s=96&r=g","contentUrl":"https:\/\/secure.gravatar.com\/avatar\/15642ec35b78fe5eed3cfa8e4a3f3211d73a3df4f35f0566b4324958cba1b1b9?s=96&r=g","caption":"Cleiton Pinheiro"},"url":"https:\/\/cleitonpinheiro.com.br\/site\/author\/cleiton\/"}]}},"views":219,"_links":{"self":[{"href":"https:\/\/cleitonpinheiro.com.br\/site\/wp-json\/wp\/v2\/posts\/77339","targetHints":{"allow":["GET"]}}],"collection":[{"href":"https:\/\/cleitonpinheiro.com.br\/site\/wp-json\/wp\/v2\/posts"}],"about":[{"href":"https:\/\/cleitonpinheiro.com.br\/site\/wp-json\/wp\/v2\/types\/post"}],"author":[{"embeddable":true,"href":"https:\/\/cleitonpinheiro.com.br\/site\/wp-json\/wp\/v2\/users\/10"}],"replies":[{"embeddable":true,"href":"https:\/\/cleitonpinheiro.com.br\/site\/wp-json\/wp\/v2\/comments?post=77339"}],"version-history":[{"count":1,"href":"https:\/\/cleitonpinheiro.com.br\/site\/wp-json\/wp\/v2\/posts\/77339\/revisions"}],"predecessor-version":[{"id":77341,"href":"https:\/\/cleitonpinheiro.com.br\/site\/wp-json\/wp\/v2\/posts\/77339\/revisions\/77341"}],"wp:attachment":[{"href":"https:\/\/cleitonpinheiro.com.br\/site\/wp-json\/wp\/v2\/media?parent=77339"}],"wp:term":[{"taxonomy":"category","embeddable":true,"href":"https:\/\/cleitonpinheiro.com.br\/site\/wp-json\/wp\/v2\/categories?post=77339"},{"taxonomy":"post_tag","embeddable":true,"href":"https:\/\/cleitonpinheiro.com.br\/site\/wp-json\/wp\/v2\/tags?post=77339"}],"curies":[{"name":"wp","href":"https:\/\/api.w.org\/{rel}","templated":true}]}}