{"id":77342,"date":"2024-05-17T14:04:39","date_gmt":"2024-05-17T17:04:39","guid":{"rendered":"https:\/\/cleitonpinheiro.com.br\/site\/?p=77342"},"modified":"2024-05-21T14:07:23","modified_gmt":"2024-05-21T17:07:23","slug":"estudantes-da-rede-estadual-viajam-para-mundial-escolar-de-futebol-na-china","status":"publish","type":"post","link":"https:\/\/cleitonpinheiro.com.br\/site\/estudantes-da-rede-estadual-viajam-para-mundial-escolar-de-futebol-na-china\/","title":{"rendered":"Estudantes da rede estadual viajam para Mundial Escolar de Futebol na China"},"content":{"rendered":"\n<figure class=\"wp-block-image size-full\"><img decoding=\"async\" src=\"https:\/\/cleitonpinheiro.com.br\/site\/wp-content\/uploads\/2024\/05\/377748.jpg\" alt=\"\" class=\"wp-image-77343\"\/><figcaption class=\"wp-element-caption\">Estudantes-atletas embarcaram rumo \u00e0 China para disputar o Mundial Escolar de Futebol &#8211; Foto: Seduc\/Governo do Tocantins<\/figcaption><\/figure>\n\n\n\n<p>O time de futebol feminino sub-18 do Col\u00e9gio C\u00edvico-Militar Domingos da Cruz Machado, de Aragua\u00edna, composto de 18 estudantes, vai participar do Mundial Escolar de Futebol, o ISF WSC Football 2024, realizado em Dalian, China, entre os dias 17 e 27 de maio, pela Federa\u00e7\u00e3o Internacional de Esporte Escolar. A delega\u00e7\u00e3o do Tocantins embarcou em Palmas, nessa ter\u00e7a-feira, 14.<\/p>\n\n\n\n<p>As estudantes-atletas tocantinenses foram convocadas pela Confedera\u00e7\u00e3o Brasileira de Desporto Escolar (CBDE) e contam com apoio do Governo do Tocantins, por meio da Secretaria de Estado da Educa\u00e7\u00e3o (Seduc).<\/p>\n\n\n\n<p>Al\u00e9m da equipe tocantinense, a delega\u00e7\u00e3o brasileira conta com um time de futebol masculino do Amap\u00e1. O Brasil est\u00e1 no grupo C, com as sele\u00e7\u00f5es de Uganda, Rep\u00fablica Tcheca, Canad\u00e1 e Nig\u00e9ria.<\/p>\n\n\n\n<p>O secret\u00e1rio-executivo da Seduc, Edinho Fernandes, ressalta a import\u00e2ncia do investimento do Governo do Tocantins no desporto escolar para a conquista desses resultados no cen\u00e1rio internacional. &#8220;Estamos muito orgulhosos de nossas estudantes, que est\u00e3o mostrando a for\u00e7a do desporto escolar tocantinense. Acreditamos no potencial e na qualidade t\u00e9cnica das nossas estudantes. Certamente, elas v\u00e3o se destacar neste Mundial na China\u201d, completa.<\/p>\n\n\n\n<p>O treinador do time, Paulo S\u00e9rgio Benedito, afirma que est\u00e1 otimista. \u201cA expectativa \u00e9 a melhor poss\u00edvel, de representar bem o Brasil em uma competi\u00e7\u00e3o em \u00e2mbito internacional. Poder levar o nome do estado do Tocantins a um evento mundial nos deixa muito feliz. O Col\u00e9gio C\u00edvico-Militar Domingos da Cruz Machado est\u00e1 indo ao outro lado do mundo com a inten\u00e7\u00e3o de trazer o melhor resultado para o nosso estado\u201d, informa.<\/p>\n\n\n\n<p><strong>Destaque Internacional<\/strong><\/p>\n\n\n\n<p>Em 2023, em um momento hist\u00f3rico para o desporto escolar da rede estadual de ensino, o time de futsal feminino do Col\u00e9gio Estadual Guilherme Dourado, de Aragua\u00edna, colocou o Tocantins em evid\u00eancia no cen\u00e1rio internacional, com o 2\u00b0 lugar no Campeonato Mundial de Futsal Escolar Feminino, que ocorreu em Belgrado, na S\u00e9rvia. Algumas das estudantes-atletas daquele time comp\u00f5em essa equipe que competir\u00e1 na China.<\/p>\n\n\n\n<p>Texto: Marcos Miranda\/Governo do Tocantins<\/p>\n","protected":false},"excerpt":{"rendered":"<p>O time de futebol feminino sub-18 do Col\u00e9gio C\u00edvico-Militar Domingos da Cruz Machado, de Aragua\u00edna, composto de 18 estudantes, vai participar do Mundial Escolar de Futebol, o ISF WSC Football 2024, realizado em Dalian, China, entre os dias 17 e 27 de maio, pela Federa\u00e7\u00e3o Internacional de Esporte Escolar. A delega\u00e7\u00e3o do Tocantins embarcou em [&hellip;]<\/p>\n","protected":false},"author":10,"featured_media":0,"comment_status":"open","ping_status":"open","sticky":false,"template":"","format":"standard","meta":{"_acf_changed":false,"footnotes":""},"categories":[1,898,21],"tags":[],"class_list":["post-77342","post","type-post","status-publish","format-standard","hentry","category-esporte","category-manchete-segundaria","category-todas-noticias"],"acf":[],"yoast_head":"<!-- This site is optimized with the Yoast SEO plugin v24.4 - https:\/\/yoast.com\/wordpress\/plugins\/seo\/ -->\n<title>Estudantes da rede estadual viajam para Mundial Escolar de Futebol na China - PORTAL DE NOT\u00cdCIAS CLEITON PINHEIRO<\/title>\n<meta name=\"robots\" content=\"index, follow, max-snippet:-1, max-image-preview:large, max-video-preview:-1\" \/>\n<link rel=\"canonical\" href=\"https:\/\/cleitonpinheiro.com.br\/site\/estudantes-da-rede-estadual-viajam-para-mundial-escolar-de-futebol-na-china\/\" \/>\n<meta property=\"og:locale\" content=\"pt_BR\" \/>\n<meta property=\"og:type\" content=\"article\" \/>\n<meta property=\"og:title\" content=\"Estudantes da rede estadual viajam para Mundial Escolar de Futebol na China - PORTAL DE NOT\u00cdCIAS CLEITON PINHEIRO\" \/>\n<meta property=\"og:description\" content=\"O time de futebol feminino sub-18 do Col\u00e9gio C\u00edvico-Militar Domingos da Cruz Machado, de Aragua\u00edna, composto de 18 estudantes, vai participar do Mundial Escolar de Futebol, o ISF WSC Football 2024, realizado em Dalian, China, entre os dias 17 e 27 de maio, pela Federa\u00e7\u00e3o Internacional de Esporte Escolar. A delega\u00e7\u00e3o do Tocantins embarcou em [&hellip;]\" \/>\n<meta property=\"og:url\" content=\"https:\/\/cleitonpinheiro.com.br\/site\/estudantes-da-rede-estadual-viajam-para-mundial-escolar-de-futebol-na-china\/\" \/>\n<meta property=\"og:site_name\" content=\"PORTAL DE NOT\u00cdCIAS CLEITON PINHEIRO\" \/>\n<meta property=\"article:publisher\" content=\"https:\/\/www.facebook.com\/portalcpnoticias\/\" \/>\n<meta property=\"article:published_time\" content=\"2024-05-17T17:04:39+00:00\" \/>\n<meta property=\"article:modified_time\" content=\"2024-05-21T17:07:23+00:00\" \/>\n<meta property=\"og:image\" content=\"https:\/\/cleitonpinheiro.com.br\/site\/wp-content\/uploads\/2024\/05\/377748.jpg\" \/>\n\t<meta property=\"og:image:width\" content=\"883\" \/>\n\t<meta property=\"og:image:height\" content=\"505\" \/>\n\t<meta property=\"og:image:type\" content=\"image\/jpeg\" \/>\n<meta name=\"author\" content=\"Cleiton Pinheiro\" \/>\n<meta name=\"twitter:card\" content=\"summary_large_image\" \/>\n<meta name=\"twitter:label1\" content=\"Escrito por\" \/>\n\t<meta name=\"twitter:data1\" content=\"Cleiton Pinheiro\" \/>\n\t<meta name=\"twitter:label2\" content=\"Est. tempo de leitura\" \/>\n\t<meta name=\"twitter:data2\" content=\"3 minutos\" \/>\n<script type=\"application\/ld+json\" class=\"yoast-schema-graph\">{\"@context\":\"https:\/\/schema.org\",\"@graph\":[{\"@type\":\"Article\",\"@id\":\"https:\/\/cleitonpinheiro.com.br\/site\/estudantes-da-rede-estadual-viajam-para-mundial-escolar-de-futebol-na-china\/#article\",\"isPartOf\":{\"@id\":\"https:\/\/cleitonpinheiro.com.br\/site\/estudantes-da-rede-estadual-viajam-para-mundial-escolar-de-futebol-na-china\/\"},\"author\":{\"name\":\"Cleiton Pinheiro\",\"@id\":\"https:\/\/cleitonpinheiro.com.br\/site\/#\/schema\/person\/62fd4eb98fcc8bd3fc477aaff264af51\"},\"headline\":\"Estudantes da rede estadual viajam para Mundial Escolar de Futebol na China\",\"datePublished\":\"2024-05-17T17:04:39+00:00\",\"dateModified\":\"2024-05-21T17:07:23+00:00\",\"mainEntityOfPage\":{\"@id\":\"https:\/\/cleitonpinheiro.com.br\/site\/estudantes-da-rede-estadual-viajam-para-mundial-escolar-de-futebol-na-china\/\"},\"wordCount\":378,\"commentCount\":0,\"publisher\":{\"@id\":\"https:\/\/cleitonpinheiro.com.br\/site\/#organization\"},\"image\":{\"@id\":\"https:\/\/cleitonpinheiro.com.br\/site\/estudantes-da-rede-estadual-viajam-para-mundial-escolar-de-futebol-na-china\/#primaryimage\"},\"thumbnailUrl\":\"https:\/\/cleitonpinheiro.com.br\/site\/wp-content\/uploads\/2024\/05\/377748.jpg\",\"articleSection\":[\"ESPORTE\",\"MANCHETE SEGUND\u00c1RIA\",\"TODAS NOTICIAS\"],\"inLanguage\":\"pt-BR\",\"potentialAction\":[{\"@type\":\"CommentAction\",\"name\":\"Comment\",\"target\":[\"https:\/\/cleitonpinheiro.com.br\/site\/estudantes-da-rede-estadual-viajam-para-mundial-escolar-de-futebol-na-china\/#respond\"]}]},{\"@type\":\"WebPage\",\"@id\":\"https:\/\/cleitonpinheiro.com.br\/site\/estudantes-da-rede-estadual-viajam-para-mundial-escolar-de-futebol-na-china\/\",\"url\":\"https:\/\/cleitonpinheiro.com.br\/site\/estudantes-da-rede-estadual-viajam-para-mundial-escolar-de-futebol-na-china\/\",\"name\":\"Estudantes da rede estadual viajam para Mundial Escolar de Futebol na China - PORTAL DE NOT\u00cdCIAS CLEITON PINHEIRO\",\"isPartOf\":{\"@id\":\"https:\/\/cleitonpinheiro.com.br\/site\/#website\"},\"primaryImageOfPage\":{\"@id\":\"https:\/\/cleitonpinheiro.com.br\/site\/estudantes-da-rede-estadual-viajam-para-mundial-escolar-de-futebol-na-china\/#primaryimage\"},\"image\":{\"@id\":\"https:\/\/cleitonpinheiro.com.br\/site\/estudantes-da-rede-estadual-viajam-para-mundial-escolar-de-futebol-na-china\/#primaryimage\"},\"thumbnailUrl\":\"https:\/\/cleitonpinheiro.com.br\/site\/wp-content\/uploads\/2024\/05\/377748.jpg\",\"datePublished\":\"2024-05-17T17:04:39+00:00\",\"dateModified\":\"2024-05-21T17:07:23+00:00\",\"breadcrumb\":{\"@id\":\"https:\/\/cleitonpinheiro.com.br\/site\/estudantes-da-rede-estadual-viajam-para-mundial-escolar-de-futebol-na-china\/#breadcrumb\"},\"inLanguage\":\"pt-BR\",\"potentialAction\":[{\"@type\":\"ReadAction\",\"target\":[\"https:\/\/cleitonpinheiro.com.br\/site\/estudantes-da-rede-estadual-viajam-para-mundial-escolar-de-futebol-na-china\/\"]}]},{\"@type\":\"ImageObject\",\"inLanguage\":\"pt-BR\",\"@id\":\"https:\/\/cleitonpinheiro.com.br\/site\/estudantes-da-rede-estadual-viajam-para-mundial-escolar-de-futebol-na-china\/#primaryimage\",\"url\":\"\",\"contentUrl\":\"\"},{\"@type\":\"BreadcrumbList\",\"@id\":\"https:\/\/cleitonpinheiro.com.br\/site\/estudantes-da-rede-estadual-viajam-para-mundial-escolar-de-futebol-na-china\/#breadcrumb\",\"itemListElement\":[{\"@type\":\"ListItem\",\"position\":1,\"name\":\"In\u00edcio\",\"item\":\"https:\/\/cleitonpinheiro.com.br\/site\/\"},{\"@type\":\"ListItem\",\"position\":2,\"name\":\"Estudantes da rede estadual viajam para Mundial Escolar de Futebol na China\"}]},{\"@type\":\"WebSite\",\"@id\":\"https:\/\/cleitonpinheiro.com.br\/site\/#website\",\"url\":\"https:\/\/cleitonpinheiro.com.br\/site\/\",\"name\":\"PORTAL DE NOT\u00cdCIAS CLEITON PINHEIRO\",\"description\":\"FALANDO A VERDADE\",\"publisher\":{\"@id\":\"https:\/\/cleitonpinheiro.com.br\/site\/#organization\"},\"potentialAction\":[{\"@type\":\"SearchAction\",\"target\":{\"@type\":\"EntryPoint\",\"urlTemplate\":\"https:\/\/cleitonpinheiro.com.br\/site\/?s={search_term_string}\"},\"query-input\":{\"@type\":\"PropertyValueSpecification\",\"valueRequired\":true,\"valueName\":\"search_term_string\"}}],\"inLanguage\":\"pt-BR\"},{\"@type\":\"Organization\",\"@id\":\"https:\/\/cleitonpinheiro.com.br\/site\/#organization\",\"name\":\"CPNOT\u00cdCIAS\",\"url\":\"https:\/\/cleitonpinheiro.com.br\/site\/\",\"logo\":{\"@type\":\"ImageObject\",\"inLanguage\":\"pt-BR\",\"@id\":\"https:\/\/cleitonpinheiro.com.br\/site\/#\/schema\/logo\/image\/\",\"url\":\"https:\/\/cleitonpinheiro.com.br\/site\/wp-content\/uploads\/2022\/08\/Logo-pequena-2.png\",\"contentUrl\":\"https:\/\/cleitonpinheiro.com.br\/site\/wp-content\/uploads\/2022\/08\/Logo-pequena-2.png\",\"width\":500,\"height\":500,\"caption\":\"CPNOT\u00cdCIAS\"},\"image\":{\"@id\":\"https:\/\/cleitonpinheiro.com.br\/site\/#\/schema\/logo\/image\/\"},\"sameAs\":[\"https:\/\/www.facebook.com\/portalcpnoticias\/\"]},{\"@type\":\"Person\",\"@id\":\"https:\/\/cleitonpinheiro.com.br\/site\/#\/schema\/person\/62fd4eb98fcc8bd3fc477aaff264af51\",\"name\":\"Cleiton Pinheiro\",\"image\":{\"@type\":\"ImageObject\",\"inLanguage\":\"pt-BR\",\"@id\":\"https:\/\/cleitonpinheiro.com.br\/site\/#\/schema\/person\/image\/\",\"url\":\"https:\/\/secure.gravatar.com\/avatar\/15642ec35b78fe5eed3cfa8e4a3f3211d73a3df4f35f0566b4324958cba1b1b9?s=96&r=g\",\"contentUrl\":\"https:\/\/secure.gravatar.com\/avatar\/15642ec35b78fe5eed3cfa8e4a3f3211d73a3df4f35f0566b4324958cba1b1b9?s=96&r=g\",\"caption\":\"Cleiton Pinheiro\"},\"url\":\"https:\/\/cleitonpinheiro.com.br\/site\/author\/cleiton\/\"}]}<\/script>\n<!-- \/ Yoast SEO plugin. -->","yoast_head_json":{"title":"Estudantes da rede estadual viajam para Mundial Escolar de Futebol na China - PORTAL DE NOT\u00cdCIAS CLEITON PINHEIRO","robots":{"index":"index","follow":"follow","max-snippet":"max-snippet:-1","max-image-preview":"max-image-preview:large","max-video-preview":"max-video-preview:-1"},"canonical":"https:\/\/cleitonpinheiro.com.br\/site\/estudantes-da-rede-estadual-viajam-para-mundial-escolar-de-futebol-na-china\/","og_locale":"pt_BR","og_type":"article","og_title":"Estudantes da rede estadual viajam para Mundial Escolar de Futebol na China - PORTAL DE NOT\u00cdCIAS CLEITON PINHEIRO","og_description":"O time de futebol feminino sub-18 do Col\u00e9gio C\u00edvico-Militar Domingos da Cruz Machado, de Aragua\u00edna, composto de 18 estudantes, vai participar do Mundial Escolar de Futebol, o ISF WSC Football 2024, realizado em Dalian, China, entre os dias 17 e 27 de maio, pela Federa\u00e7\u00e3o Internacional de Esporte Escolar. A delega\u00e7\u00e3o do Tocantins embarcou em [&hellip;]","og_url":"https:\/\/cleitonpinheiro.com.br\/site\/estudantes-da-rede-estadual-viajam-para-mundial-escolar-de-futebol-na-china\/","og_site_name":"PORTAL DE NOT\u00cdCIAS CLEITON PINHEIRO","article_publisher":"https:\/\/www.facebook.com\/portalcpnoticias\/","article_published_time":"2024-05-17T17:04:39+00:00","article_modified_time":"2024-05-21T17:07:23+00:00","og_image":[{"width":883,"height":505,"url":"https:\/\/cleitonpinheiro.com.br\/site\/wp-content\/uploads\/2024\/05\/377748.jpg","type":"image\/jpeg"}],"author":"Cleiton Pinheiro","twitter_card":"summary_large_image","twitter_misc":{"Escrito por":"Cleiton Pinheiro","Est. tempo de leitura":"3 minutos"},"schema":{"@context":"https:\/\/schema.org","@graph":[{"@type":"Article","@id":"https:\/\/cleitonpinheiro.com.br\/site\/estudantes-da-rede-estadual-viajam-para-mundial-escolar-de-futebol-na-china\/#article","isPartOf":{"@id":"https:\/\/cleitonpinheiro.com.br\/site\/estudantes-da-rede-estadual-viajam-para-mundial-escolar-de-futebol-na-china\/"},"author":{"name":"Cleiton Pinheiro","@id":"https:\/\/cleitonpinheiro.com.br\/site\/#\/schema\/person\/62fd4eb98fcc8bd3fc477aaff264af51"},"headline":"Estudantes da rede estadual viajam para Mundial Escolar de Futebol na China","datePublished":"2024-05-17T17:04:39+00:00","dateModified":"2024-05-21T17:07:23+00:00","mainEntityOfPage":{"@id":"https:\/\/cleitonpinheiro.com.br\/site\/estudantes-da-rede-estadual-viajam-para-mundial-escolar-de-futebol-na-china\/"},"wordCount":378,"commentCount":0,"publisher":{"@id":"https:\/\/cleitonpinheiro.com.br\/site\/#organization"},"image":{"@id":"https:\/\/cleitonpinheiro.com.br\/site\/estudantes-da-rede-estadual-viajam-para-mundial-escolar-de-futebol-na-china\/#primaryimage"},"thumbnailUrl":"https:\/\/cleitonpinheiro.com.br\/site\/wp-content\/uploads\/2024\/05\/377748.jpg","articleSection":["ESPORTE","MANCHETE SEGUND\u00c1RIA","TODAS NOTICIAS"],"inLanguage":"pt-BR","potentialAction":[{"@type":"CommentAction","name":"Comment","target":["https:\/\/cleitonpinheiro.com.br\/site\/estudantes-da-rede-estadual-viajam-para-mundial-escolar-de-futebol-na-china\/#respond"]}]},{"@type":"WebPage","@id":"https:\/\/cleitonpinheiro.com.br\/site\/estudantes-da-rede-estadual-viajam-para-mundial-escolar-de-futebol-na-china\/","url":"https:\/\/cleitonpinheiro.com.br\/site\/estudantes-da-rede-estadual-viajam-para-mundial-escolar-de-futebol-na-china\/","name":"Estudantes da rede estadual viajam para Mundial Escolar de Futebol na China - PORTAL DE NOT\u00cdCIAS CLEITON PINHEIRO","isPartOf":{"@id":"https:\/\/cleitonpinheiro.com.br\/site\/#website"},"primaryImageOfPage":{"@id":"https:\/\/cleitonpinheiro.com.br\/site\/estudantes-da-rede-estadual-viajam-para-mundial-escolar-de-futebol-na-china\/#primaryimage"},"image":{"@id":"https:\/\/cleitonpinheiro.com.br\/site\/estudantes-da-rede-estadual-viajam-para-mundial-escolar-de-futebol-na-china\/#primaryimage"},"thumbnailUrl":"https:\/\/cleitonpinheiro.com.br\/site\/wp-content\/uploads\/2024\/05\/377748.jpg","datePublished":"2024-05-17T17:04:39+00:00","dateModified":"2024-05-21T17:07:23+00:00","breadcrumb":{"@id":"https:\/\/cleitonpinheiro.com.br\/site\/estudantes-da-rede-estadual-viajam-para-mundial-escolar-de-futebol-na-china\/#breadcrumb"},"inLanguage":"pt-BR","potentialAction":[{"@type":"ReadAction","target":["https:\/\/cleitonpinheiro.com.br\/site\/estudantes-da-rede-estadual-viajam-para-mundial-escolar-de-futebol-na-china\/"]}]},{"@type":"ImageObject","inLanguage":"pt-BR","@id":"https:\/\/cleitonpinheiro.com.br\/site\/estudantes-da-rede-estadual-viajam-para-mundial-escolar-de-futebol-na-china\/#primaryimage","url":"","contentUrl":""},{"@type":"BreadcrumbList","@id":"https:\/\/cleitonpinheiro.com.br\/site\/estudantes-da-rede-estadual-viajam-para-mundial-escolar-de-futebol-na-china\/#breadcrumb","itemListElement":[{"@type":"ListItem","position":1,"name":"In\u00edcio","item":"https:\/\/cleitonpinheiro.com.br\/site\/"},{"@type":"ListItem","position":2,"name":"Estudantes da rede estadual viajam para Mundial Escolar de Futebol na China"}]},{"@type":"WebSite","@id":"https:\/\/cleitonpinheiro.com.br\/site\/#website","url":"https:\/\/cleitonpinheiro.com.br\/site\/","name":"PORTAL DE NOT\u00cdCIAS CLEITON PINHEIRO","description":"FALANDO A VERDADE","publisher":{"@id":"https:\/\/cleitonpinheiro.com.br\/site\/#organization"},"potentialAction":[{"@type":"SearchAction","target":{"@type":"EntryPoint","urlTemplate":"https:\/\/cleitonpinheiro.com.br\/site\/?s={search_term_string}"},"query-input":{"@type":"PropertyValueSpecification","valueRequired":true,"valueName":"search_term_string"}}],"inLanguage":"pt-BR"},{"@type":"Organization","@id":"https:\/\/cleitonpinheiro.com.br\/site\/#organization","name":"CPNOT\u00cdCIAS","url":"https:\/\/cleitonpinheiro.com.br\/site\/","logo":{"@type":"ImageObject","inLanguage":"pt-BR","@id":"https:\/\/cleitonpinheiro.com.br\/site\/#\/schema\/logo\/image\/","url":"https:\/\/cleitonpinheiro.com.br\/site\/wp-content\/uploads\/2022\/08\/Logo-pequena-2.png","contentUrl":"https:\/\/cleitonpinheiro.com.br\/site\/wp-content\/uploads\/2022\/08\/Logo-pequena-2.png","width":500,"height":500,"caption":"CPNOT\u00cdCIAS"},"image":{"@id":"https:\/\/cleitonpinheiro.com.br\/site\/#\/schema\/logo\/image\/"},"sameAs":["https:\/\/www.facebook.com\/portalcpnoticias\/"]},{"@type":"Person","@id":"https:\/\/cleitonpinheiro.com.br\/site\/#\/schema\/person\/62fd4eb98fcc8bd3fc477aaff264af51","name":"Cleiton Pinheiro","image":{"@type":"ImageObject","inLanguage":"pt-BR","@id":"https:\/\/cleitonpinheiro.com.br\/site\/#\/schema\/person\/image\/","url":"https:\/\/secure.gravatar.com\/avatar\/15642ec35b78fe5eed3cfa8e4a3f3211d73a3df4f35f0566b4324958cba1b1b9?s=96&r=g","contentUrl":"https:\/\/secure.gravatar.com\/avatar\/15642ec35b78fe5eed3cfa8e4a3f3211d73a3df4f35f0566b4324958cba1b1b9?s=96&r=g","caption":"Cleiton Pinheiro"},"url":"https:\/\/cleitonpinheiro.com.br\/site\/author\/cleiton\/"}]}},"views":165,"_links":{"self":[{"href":"https:\/\/cleitonpinheiro.com.br\/site\/wp-json\/wp\/v2\/posts\/77342","targetHints":{"allow":["GET"]}}],"collection":[{"href":"https:\/\/cleitonpinheiro.com.br\/site\/wp-json\/wp\/v2\/posts"}],"about":[{"href":"https:\/\/cleitonpinheiro.com.br\/site\/wp-json\/wp\/v2\/types\/post"}],"author":[{"embeddable":true,"href":"https:\/\/cleitonpinheiro.com.br\/site\/wp-json\/wp\/v2\/users\/10"}],"replies":[{"embeddable":true,"href":"https:\/\/cleitonpinheiro.com.br\/site\/wp-json\/wp\/v2\/comments?post=77342"}],"version-history":[{"count":1,"href":"https:\/\/cleitonpinheiro.com.br\/site\/wp-json\/wp\/v2\/posts\/77342\/revisions"}],"predecessor-version":[{"id":77344,"href":"https:\/\/cleitonpinheiro.com.br\/site\/wp-json\/wp\/v2\/posts\/77342\/revisions\/77344"}],"wp:attachment":[{"href":"https:\/\/cleitonpinheiro.com.br\/site\/wp-json\/wp\/v2\/media?parent=77342"}],"wp:term":[{"taxonomy":"category","embeddable":true,"href":"https:\/\/cleitonpinheiro.com.br\/site\/wp-json\/wp\/v2\/categories?post=77342"},{"taxonomy":"post_tag","embeddable":true,"href":"https:\/\/cleitonpinheiro.com.br\/site\/wp-json\/wp\/v2\/tags?post=77342"}],"curies":[{"name":"wp","href":"https:\/\/api.w.org\/{rel}","templated":true}]}}