{"id":77351,"date":"2024-05-21T14:15:03","date_gmt":"2024-05-21T17:15:03","guid":{"rendered":"https:\/\/cleitonpinheiro.com.br\/site\/?p=77351"},"modified":"2024-05-23T14:38:02","modified_gmt":"2024-05-23T17:38:02","slug":"auxilio-reconstrucao-governo-lanca-site-para-cadastro-das-familias","status":"publish","type":"post","link":"https:\/\/cleitonpinheiro.com.br\/site\/auxilio-reconstrucao-governo-lanca-site-para-cadastro-das-familias\/","title":{"rendered":"Aux\u00edlio Reconstru\u00e7\u00e3o: governo lan\u00e7a site para cadastro das fam\u00edlias"},"content":{"rendered":"\n<figure class=\"wp-block-image size-large\"><img decoding=\"async\" src=\"https:\/\/cleitonpinheiro.com.br\/site\/wp-content\/uploads\/2024\/05\/20240517170550_img_7266-1024x613.webp\" alt=\"\" class=\"wp-image-77352\"\/><figcaption class=\"wp-element-caption\">Foto: Rafa Neddermeyer\/Ag\u00eancia Brasil<\/figcaption><\/figure>\n\n\n\n<p>O governo federal lan\u00e7ou nesta segunda-feira (20) o site para as prefeituras do Rio Grande do Sul\u00a0<a href=\"http:\/\/www.gov.br\/auxilioreconstrucao\" target=\"_blank\" rel=\"noreferrer noopener\">cadastrarem as fam\u00edlias que receber\u00e3o a parcela \u00fanica do Aux\u00edlio Reconstru\u00e7\u00e3o<\/a>\u00a0no valor de R$ 5.100.\u00a0Cada fam\u00edlia poder\u00e1 usar o dinheiro para\u00a0comprar itens perdidos durante os alagamentos\u00a0ou para reformar im\u00f3vel onde mora ou trabalha.<\/p>\n\n\n\n<p>O aux\u00edlio foi criado em&nbsp;<a href=\"https:\/\/agenciabrasil.ebc.com.br\/geral\/noticia\/2024-05\/mp-do-auxilio-reconstrucao-do-rio-grande-do-sul-entra-em-vigor%C2%A0\" target=\"_blank\" rel=\"noreferrer noopener\">medida provis\u00f3ria<\/a>&nbsp;assinada pelo presidente Luiz In\u00e1cio Lula da Silva na \u00faltima quarta-feira (15), como mais uma a\u00e7\u00e3o&nbsp;do governo federal de apoio&nbsp;\u00e0s v\u00edtimas das chuvas.<\/p>\n\n\n\n<figure class=\"wp-block-image alignright\"><img decoding=\"async\" src=\"https:\/\/imagens.ebc.com.br\/FOVMIa57awjb8e4I09_4Bsz8mQg=\/463x0\/smart\/https:\/\/agenciabrasil.ebc.com.br\/sites\/default\/files\/thumbnails\/image\/2024\/05\/20\/_ja_8499.jpg?itok=apnCVYE6\" alt=\"Bras\u00edlia (DF) 20\/05\/2024 - O ministro da Secretaria Extraordin\u00e1ria de Apoio \u00e0 Reconstru\u00e7\u00e3o do RS, Paulo Pimenta, junto com os ministros, Waldez G\u00f3es (Infraestrutura), Camilo Santana (Educa\u00e7\u00e3o) e o Silvio Costa Filho (Porto e Aeroportos) anunciam novas medidas de ajuda ao estado do Rio Grande do Sul atingido por fortes chuvas.\nFoto: Jo\u00e9dson Alves\/Ag\u00eancia Brasil\" title=\"Jo\u00e9dson Alves\/Ag\u00eancia Brasil\"\/><\/figure>\n\n\n\n<h6 class=\"wp-block-heading\">Ministro de Apoio \u00e0 Reconstru\u00e7\u00e3o do RS, Paulo Pimenta, explica cadastro para o aux\u00edlio reconstru\u00e7\u00e3o&nbsp;&#8211; Foto:&nbsp;<strong>Jo\u00e9dson Alves\/Ag\u00eancia Brasil<\/strong><\/h6>\n\n\n\n<blockquote class=\"wp-block-quote is-layout-flow wp-block-quote-is-layout-flow\">\n<p>\u201cEsse apoio, que n\u00f3s estamos chamando de Aux\u00edlio Reconstru\u00e7\u00e3o, de R$ 5.100, \u00e9 para todas as pessoas que residem nas \u00e1reas que foram inundadas, que perderam as suas coisas e, tamb\u00e9m, em localidades onde houve queda de barreiras, as pessoas que tiveram que sair de \u00e1reas de risco, por conta de encostas\u201d, explicou o ministro da Secretaria Extraordin\u00e1ria da Presid\u00eancia da Rep\u00fablica para Apoio \u00e0 Reconstru\u00e7\u00e3o do Rio Grande do Sul, Paulo Pimenta.<\/p>\n<\/blockquote>\n\n\n\n<p>O ministro da Integra\u00e7\u00e3o e do Desenvolvimento Regional, Waldez G\u00f3es, destacou que uma das estrat\u00e9gias \u00e9 manter rela\u00e7\u00e3o direta com os munic\u00edpios e atender \u00e0s demandas dos afetados pelas enchentes.<\/p>\n\n\n\n<figure class=\"wp-block-image alignleft\"><img decoding=\"async\" src=\"https:\/\/imagens.ebc.com.br\/GLsFgcGb4--MxLAWn6RqdtUibLU=\/463x0\/smart\/https:\/\/agenciabrasil.ebc.com.br\/sites\/default\/files\/thumbnails\/image\/2024\/05\/20\/_ja_8520.jpg?itok=0dWo4EG9\" alt=\"Bras\u00edlia (DF) 20\/05\/2024 -  Waldez G\u00f3es (Infraestrutura),  ministro da Secretaria Extraordin\u00e1ria de Apoio \u00e0 Reconstru\u00e7\u00e3o do RS, Paulo Pimenta, junto com os ministros, Camilo Santana (Educa\u00e7\u00e3o) e o Silvio Costa Filho (Porto e Aeroportos) anunciam novas medidas de ajuda ao estado do Rio Grande do Sul atingido por fortes chuvas.\nFoto: Jo\u00e9dson Alves\/Ag\u00eancia Brasil\" title=\"Jo\u00e9dson Alves\/Ag\u00eancia Brasil\"\/><\/figure>\n\n\n\n<h6 class=\"wp-block-heading\">Ministro Waldez G\u00f3es informa que pagamento ser\u00e1 feito pela Caixa. Foto:&nbsp;<strong>Jo\u00e9dson Alves\/Ag\u00eancia Brasil<\/strong><\/h6>\n\n\n\n<blockquote class=\"wp-block-quote is-layout-flow wp-block-quote-is-layout-flow\">\n<p>&#8220;Coube-nos, tamb\u00e9m, nesse atendimento \u00e0 popula\u00e7\u00e3o ga\u00facha gerenciar junto com a Caixa Econ\u00f4mica o Aux\u00edlio Reconstru\u00e7\u00e3o&#8221;, disse.&nbsp;<\/p>\n<\/blockquote>\n\n\n\n<h2 class=\"wp-block-heading\">Como cadastrar os dados<\/h2>\n\n\n\n<p>Para efetiva libera\u00e7\u00e3o do benef\u00edcio, ser\u00e1 necess\u00e1rio cumprir tr\u00eas fases:<\/p>\n\n\n\n<p><strong>1)<\/strong>&nbsp;&nbsp;&nbsp;&nbsp;&nbsp;&nbsp;<strong>Prefeituras:<\/strong>&nbsp;a partir desta segunda-feira (20), as prefeituras dos munic\u00edpios afetados devem enviar ao governo federal dados sobre as localidades atingidas e das fam\u00edlias desalojadas ou desabrigadas. No<a href=\"http:\/\/www.gov.br\/auxilioreconstrucao\" target=\"_blank\" rel=\"noreferrer noopener\">&nbsp;site do Aux\u00edlio Reconstru\u00e7\u00e3o<\/a>, h\u00e1&nbsp;duas planilhas distintas para serem preenchidas pelo gestor p\u00fablico municipal autorizado,&nbsp;no&nbsp;<a href=\"https:\/\/www.gov.br\/transferegov\/pt-brb\" target=\"_blank\" rel=\"noreferrer noopener\">sistema transfere.Gov<\/a>, por meio de senha cadastrada. Depois de preenchidas, as planilhas s\u00e3o enviadas ao governo federal, no&nbsp;pr\u00f3prio site.<\/p>\n\n\n\n<p><strong>2)&nbsp;&nbsp;&nbsp;&nbsp;&nbsp; Fam\u00edlias<\/strong>: a pessoa identificada como respons\u00e1vel pela fam\u00edlia beneficiada precisar\u00e1 confirmar, a partir de 27 de maio, o cadastro no site. \u00c9 preciso acessar o bot\u00e3o&nbsp;Sou Cidad\u00e3o pela&nbsp;conta registrada no site Gov.br, com o login e senha cadastrados. Caso haja erro de cadastro, as prefeituras dever\u00e3o receber os cidad\u00e3os para corrigir dados, como CPF, endere\u00e7o ou nome.<\/p>\n\n\n\n<p>Os dados&nbsp;confirmados pelos respons\u00e1veis ser\u00e3o cruzados com outros cadastros j\u00e1 existentes \u2014 como os da Previd\u00eancia, trabalho e assist\u00eancia \u2014&nbsp;para atestar endere\u00e7os e CPFs. Somente depois da confer\u00eancia,&nbsp;o pagamento ser\u00e1 liberado para o respons\u00e1vel.<\/p>\n\n\n\n<p><strong>3)&nbsp;&nbsp;&nbsp;&nbsp;&nbsp; Pagamento:<\/strong>&nbsp;a Caixa Econ\u00f4mica Federal receber\u00e1 a lista dos nomes aptos e far\u00e1 o dep\u00f3sito na conta.<\/p>\n\n\n\n<p>As fam\u00edlias n\u00e3o precisam&nbsp;abrir contas no banco. A Caixa&nbsp;identificar\u00e1 se o respons\u00e1vel j\u00e1 tem&nbsp;conta-poupan\u00e7a ou corrente na institui\u00e7\u00e3o e far\u00e1&nbsp;o cr\u00e9dito automaticamente.<\/p>\n\n\n\n<p>Caso o benefici\u00e1rio n\u00e3o tenha&nbsp;conta, o pr\u00f3prio banco&nbsp;se encarregar\u00e1 de abrir uma Poupan\u00e7a Social Digital para o pagamento&nbsp;do aux\u00edlio. O valor poder\u00e1 ser movimentado pelo aplicativo&nbsp;Caixa Tem.<\/p>\n\n\n\n<p>A estimativa \u00e9 que os primeiros pagamentos sejam feitos&nbsp;ainda neste m\u00eas de maio, por\u00e9m, depender\u00e1 da velocidade com que os dados forem enviados pelas prefeituras e confirmados pelas fam\u00edlias. Por isso, quanto antes a prefeitura enviar os dados e a fam\u00edlia confirmar no sistema, mais r\u00e1pido o dinheiro entra na conta.<\/p>\n\n\n\n<h2 class=\"wp-block-heading\">Quem pode receber<\/h2>\n\n\n\n<p>O apoio financeiro ser\u00e1 pago a quem&nbsp;teve de&nbsp;abandonar a&nbsp;casa, de forma tempor\u00e1ria ou definitiva.<\/p>\n\n\n\n<p>As fam\u00edlias desalojadas ou desabrigadas devem, obrigatoriamente, ser residentes em um dos 369 munic\u00edpios ga\u00fachos com&nbsp;situa\u00e7\u00e3o de calamidade p\u00fablica ou emerg\u00eancia&nbsp;p\u00fablica reconhecida pela Defesa Civil nacional at\u00e9 15 de maio. A lista dos munic\u00edpios<a href=\"https:\/\/www.gov.br\/mdr\/pt-br\/auxilioreconstrucao\/Municpiosreconhecidosat15_05.pdf\" target=\"_blank\" rel=\"noreferrer noopener\">&nbsp;est\u00e1 dispon\u00edvel na internet<\/a>.&nbsp;<\/p>\n\n\n\n<p>Os benefici\u00e1rios do programa Bolsa Fam\u00edlia que estiverem na situa\u00e7\u00e3o de desalojados ou desabrigados poder\u00e3o receber o aux\u00edlio Reconstru\u00e7\u00e3o. Mas quem&nbsp;n\u00e3o estiver&nbsp;nessas situa\u00e7\u00f5es, n\u00e3o \u00e9&nbsp;eleg\u00edvel&nbsp;para o aux\u00edlio.<\/p>\n\n\n\n<p>O cidad\u00e3o que recebe o seguro-desemprego e \u00e9 morador de \u00e1rea atingida, teve que sair de casa e perdeu bens com a chuva, poder\u00e1 receber o aux\u00edlio.<\/p>\n\n\n\n<p>Ap\u00f3s acessar o sistema usando login e senha do Gov.Br e confirmar os dados cadastrados, o&nbsp;respons\u00e1vel pela fam\u00edlia deve acessar o sistema periodicamente para verificar se o pagamento \u00fanico j\u00e1 foi liberado.<\/p>\n\n\n\n<p>Cada fam\u00edlia pode ter\u00a0apenas um Aux\u00edlio Reconstru\u00e7\u00e3o. O recebimento de mais de um deste benef\u00edcio\u00a0\u00e9 considerado\u00a0fraude, sujeito a san\u00e7\u00f5es penais e c\u00edveis cab\u00edveis, al\u00e9m de ressarcir \u00e0 Uni\u00e3o o valor recebido.<\/p>\n\n\n\n<p>Texto: Daniella Almeida\/Ag\u00eancia Brasil<\/p>\n","protected":false},"excerpt":{"rendered":"<p>O governo federal lan\u00e7ou nesta segunda-feira (20) o site para as prefeituras do Rio Grande do Sul\u00a0cadastrarem as fam\u00edlias que receber\u00e3o a parcela \u00fanica do Aux\u00edlio Reconstru\u00e7\u00e3o\u00a0no valor de R$ 5.100.\u00a0Cada fam\u00edlia poder\u00e1 usar o dinheiro para\u00a0comprar itens perdidos durante os alagamentos\u00a0ou para reformar im\u00f3vel onde mora ou trabalha. O aux\u00edlio foi criado em&nbsp;medida provis\u00f3ria&nbsp;assinada [&hellip;]<\/p>\n","protected":false},"author":10,"featured_media":0,"comment_status":"open","ping_status":"open","sticky":false,"template":"","format":"standard","meta":{"_acf_changed":false,"footnotes":""},"categories":[19,898,21],"tags":[],"class_list":["post-77351","post","type-post","status-publish","format-standard","hentry","category-brasil-mundo","category-manchete-segundaria","category-todas-noticias"],"acf":[],"yoast_head":"<!-- This site is optimized with the Yoast SEO plugin v24.4 - https:\/\/yoast.com\/wordpress\/plugins\/seo\/ -->\n<title>Aux\u00edlio Reconstru\u00e7\u00e3o: governo lan\u00e7a site para cadastro das fam\u00edlias - PORTAL DE NOT\u00cdCIAS CLEITON PINHEIRO<\/title>\n<meta name=\"robots\" content=\"index, follow, max-snippet:-1, max-image-preview:large, max-video-preview:-1\" \/>\n<link rel=\"canonical\" href=\"https:\/\/cleitonpinheiro.com.br\/site\/auxilio-reconstrucao-governo-lanca-site-para-cadastro-das-familias\/\" \/>\n<meta property=\"og:locale\" content=\"pt_BR\" \/>\n<meta property=\"og:type\" content=\"article\" \/>\n<meta property=\"og:title\" content=\"Aux\u00edlio Reconstru\u00e7\u00e3o: governo lan\u00e7a site para cadastro das fam\u00edlias - PORTAL DE NOT\u00cdCIAS CLEITON PINHEIRO\" \/>\n<meta property=\"og:description\" content=\"O governo federal lan\u00e7ou nesta segunda-feira (20) o site para as prefeituras do Rio Grande do Sul\u00a0cadastrarem as fam\u00edlias que receber\u00e3o a parcela \u00fanica do Aux\u00edlio Reconstru\u00e7\u00e3o\u00a0no valor de R$ 5.100.\u00a0Cada fam\u00edlia poder\u00e1 usar o dinheiro para\u00a0comprar itens perdidos durante os alagamentos\u00a0ou para reformar im\u00f3vel onde mora ou trabalha. O aux\u00edlio foi criado em&nbsp;medida provis\u00f3ria&nbsp;assinada [&hellip;]\" \/>\n<meta property=\"og:url\" content=\"https:\/\/cleitonpinheiro.com.br\/site\/auxilio-reconstrucao-governo-lanca-site-para-cadastro-das-familias\/\" \/>\n<meta property=\"og:site_name\" content=\"PORTAL DE NOT\u00cdCIAS CLEITON PINHEIRO\" \/>\n<meta property=\"article:publisher\" content=\"https:\/\/www.facebook.com\/portalcpnoticias\/\" \/>\n<meta property=\"article:published_time\" content=\"2024-05-21T17:15:03+00:00\" \/>\n<meta property=\"article:modified_time\" content=\"2024-05-23T17:38:02+00:00\" \/>\n<meta property=\"og:image\" content=\"https:\/\/cleitonpinheiro.com.br\/site\/wp-content\/uploads\/2024\/05\/20240517170550_img_7266.webp\" \/>\n\t<meta property=\"og:image:width\" content=\"1170\" \/>\n\t<meta property=\"og:image:height\" content=\"700\" \/>\n\t<meta property=\"og:image:type\" content=\"image\/webp\" \/>\n<meta name=\"author\" content=\"Cleiton Pinheiro\" \/>\n<meta name=\"twitter:card\" content=\"summary_large_image\" \/>\n<meta name=\"twitter:label1\" content=\"Escrito por\" \/>\n\t<meta name=\"twitter:data1\" content=\"Cleiton Pinheiro\" \/>\n\t<meta name=\"twitter:label2\" content=\"Est. tempo de leitura\" \/>\n\t<meta name=\"twitter:data2\" content=\"5 minutos\" \/>\n<script type=\"application\/ld+json\" class=\"yoast-schema-graph\">{\"@context\":\"https:\/\/schema.org\",\"@graph\":[{\"@type\":\"Article\",\"@id\":\"https:\/\/cleitonpinheiro.com.br\/site\/auxilio-reconstrucao-governo-lanca-site-para-cadastro-das-familias\/#article\",\"isPartOf\":{\"@id\":\"https:\/\/cleitonpinheiro.com.br\/site\/auxilio-reconstrucao-governo-lanca-site-para-cadastro-das-familias\/\"},\"author\":{\"name\":\"Cleiton Pinheiro\",\"@id\":\"https:\/\/cleitonpinheiro.com.br\/site\/#\/schema\/person\/62fd4eb98fcc8bd3fc477aaff264af51\"},\"headline\":\"Aux\u00edlio Reconstru\u00e7\u00e3o: governo lan\u00e7a site para cadastro das fam\u00edlias\",\"datePublished\":\"2024-05-21T17:15:03+00:00\",\"dateModified\":\"2024-05-23T17:38:02+00:00\",\"mainEntityOfPage\":{\"@id\":\"https:\/\/cleitonpinheiro.com.br\/site\/auxilio-reconstrucao-governo-lanca-site-para-cadastro-das-familias\/\"},\"wordCount\":910,\"commentCount\":0,\"publisher\":{\"@id\":\"https:\/\/cleitonpinheiro.com.br\/site\/#organization\"},\"image\":{\"@id\":\"https:\/\/cleitonpinheiro.com.br\/site\/auxilio-reconstrucao-governo-lanca-site-para-cadastro-das-familias\/#primaryimage\"},\"thumbnailUrl\":\"https:\/\/cleitonpinheiro.com.br\/site\/wp-content\/uploads\/2024\/05\/20240517170550_img_7266-1024x613.webp\",\"articleSection\":[\"BRASIL \/ MUNDO\",\"MANCHETE SEGUND\u00c1RIA\",\"TODAS NOTICIAS\"],\"inLanguage\":\"pt-BR\",\"potentialAction\":[{\"@type\":\"CommentAction\",\"name\":\"Comment\",\"target\":[\"https:\/\/cleitonpinheiro.com.br\/site\/auxilio-reconstrucao-governo-lanca-site-para-cadastro-das-familias\/#respond\"]}]},{\"@type\":\"WebPage\",\"@id\":\"https:\/\/cleitonpinheiro.com.br\/site\/auxilio-reconstrucao-governo-lanca-site-para-cadastro-das-familias\/\",\"url\":\"https:\/\/cleitonpinheiro.com.br\/site\/auxilio-reconstrucao-governo-lanca-site-para-cadastro-das-familias\/\",\"name\":\"Aux\u00edlio Reconstru\u00e7\u00e3o: governo lan\u00e7a site para cadastro das fam\u00edlias - PORTAL DE NOT\u00cdCIAS CLEITON PINHEIRO\",\"isPartOf\":{\"@id\":\"https:\/\/cleitonpinheiro.com.br\/site\/#website\"},\"primaryImageOfPage\":{\"@id\":\"https:\/\/cleitonpinheiro.com.br\/site\/auxilio-reconstrucao-governo-lanca-site-para-cadastro-das-familias\/#primaryimage\"},\"image\":{\"@id\":\"https:\/\/cleitonpinheiro.com.br\/site\/auxilio-reconstrucao-governo-lanca-site-para-cadastro-das-familias\/#primaryimage\"},\"thumbnailUrl\":\"https:\/\/cleitonpinheiro.com.br\/site\/wp-content\/uploads\/2024\/05\/20240517170550_img_7266-1024x613.webp\",\"datePublished\":\"2024-05-21T17:15:03+00:00\",\"dateModified\":\"2024-05-23T17:38:02+00:00\",\"breadcrumb\":{\"@id\":\"https:\/\/cleitonpinheiro.com.br\/site\/auxilio-reconstrucao-governo-lanca-site-para-cadastro-das-familias\/#breadcrumb\"},\"inLanguage\":\"pt-BR\",\"potentialAction\":[{\"@type\":\"ReadAction\",\"target\":[\"https:\/\/cleitonpinheiro.com.br\/site\/auxilio-reconstrucao-governo-lanca-site-para-cadastro-das-familias\/\"]}]},{\"@type\":\"ImageObject\",\"inLanguage\":\"pt-BR\",\"@id\":\"https:\/\/cleitonpinheiro.com.br\/site\/auxilio-reconstrucao-governo-lanca-site-para-cadastro-das-familias\/#primaryimage\",\"url\":\"\",\"contentUrl\":\"\"},{\"@type\":\"BreadcrumbList\",\"@id\":\"https:\/\/cleitonpinheiro.com.br\/site\/auxilio-reconstrucao-governo-lanca-site-para-cadastro-das-familias\/#breadcrumb\",\"itemListElement\":[{\"@type\":\"ListItem\",\"position\":1,\"name\":\"In\u00edcio\",\"item\":\"https:\/\/cleitonpinheiro.com.br\/site\/\"},{\"@type\":\"ListItem\",\"position\":2,\"name\":\"Aux\u00edlio Reconstru\u00e7\u00e3o: governo lan\u00e7a site para cadastro das fam\u00edlias\"}]},{\"@type\":\"WebSite\",\"@id\":\"https:\/\/cleitonpinheiro.com.br\/site\/#website\",\"url\":\"https:\/\/cleitonpinheiro.com.br\/site\/\",\"name\":\"PORTAL DE NOT\u00cdCIAS CLEITON PINHEIRO\",\"description\":\"FALANDO A VERDADE\",\"publisher\":{\"@id\":\"https:\/\/cleitonpinheiro.com.br\/site\/#organization\"},\"potentialAction\":[{\"@type\":\"SearchAction\",\"target\":{\"@type\":\"EntryPoint\",\"urlTemplate\":\"https:\/\/cleitonpinheiro.com.br\/site\/?s={search_term_string}\"},\"query-input\":{\"@type\":\"PropertyValueSpecification\",\"valueRequired\":true,\"valueName\":\"search_term_string\"}}],\"inLanguage\":\"pt-BR\"},{\"@type\":\"Organization\",\"@id\":\"https:\/\/cleitonpinheiro.com.br\/site\/#organization\",\"name\":\"CPNOT\u00cdCIAS\",\"url\":\"https:\/\/cleitonpinheiro.com.br\/site\/\",\"logo\":{\"@type\":\"ImageObject\",\"inLanguage\":\"pt-BR\",\"@id\":\"https:\/\/cleitonpinheiro.com.br\/site\/#\/schema\/logo\/image\/\",\"url\":\"https:\/\/cleitonpinheiro.com.br\/site\/wp-content\/uploads\/2022\/08\/Logo-pequena-2.png\",\"contentUrl\":\"https:\/\/cleitonpinheiro.com.br\/site\/wp-content\/uploads\/2022\/08\/Logo-pequena-2.png\",\"width\":500,\"height\":500,\"caption\":\"CPNOT\u00cdCIAS\"},\"image\":{\"@id\":\"https:\/\/cleitonpinheiro.com.br\/site\/#\/schema\/logo\/image\/\"},\"sameAs\":[\"https:\/\/www.facebook.com\/portalcpnoticias\/\"]},{\"@type\":\"Person\",\"@id\":\"https:\/\/cleitonpinheiro.com.br\/site\/#\/schema\/person\/62fd4eb98fcc8bd3fc477aaff264af51\",\"name\":\"Cleiton Pinheiro\",\"image\":{\"@type\":\"ImageObject\",\"inLanguage\":\"pt-BR\",\"@id\":\"https:\/\/cleitonpinheiro.com.br\/site\/#\/schema\/person\/image\/\",\"url\":\"https:\/\/secure.gravatar.com\/avatar\/15642ec35b78fe5eed3cfa8e4a3f3211d73a3df4f35f0566b4324958cba1b1b9?s=96&r=g\",\"contentUrl\":\"https:\/\/secure.gravatar.com\/avatar\/15642ec35b78fe5eed3cfa8e4a3f3211d73a3df4f35f0566b4324958cba1b1b9?s=96&r=g\",\"caption\":\"Cleiton Pinheiro\"},\"url\":\"https:\/\/cleitonpinheiro.com.br\/site\/author\/cleiton\/\"}]}<\/script>\n<!-- \/ Yoast SEO plugin. -->","yoast_head_json":{"title":"Aux\u00edlio Reconstru\u00e7\u00e3o: governo lan\u00e7a site para cadastro das fam\u00edlias - PORTAL DE NOT\u00cdCIAS CLEITON PINHEIRO","robots":{"index":"index","follow":"follow","max-snippet":"max-snippet:-1","max-image-preview":"max-image-preview:large","max-video-preview":"max-video-preview:-1"},"canonical":"https:\/\/cleitonpinheiro.com.br\/site\/auxilio-reconstrucao-governo-lanca-site-para-cadastro-das-familias\/","og_locale":"pt_BR","og_type":"article","og_title":"Aux\u00edlio Reconstru\u00e7\u00e3o: governo lan\u00e7a site para cadastro das fam\u00edlias - PORTAL DE NOT\u00cdCIAS CLEITON PINHEIRO","og_description":"O governo federal lan\u00e7ou nesta segunda-feira (20) o site para as prefeituras do Rio Grande do Sul\u00a0cadastrarem as fam\u00edlias que receber\u00e3o a parcela \u00fanica do Aux\u00edlio Reconstru\u00e7\u00e3o\u00a0no valor de R$ 5.100.\u00a0Cada fam\u00edlia poder\u00e1 usar o dinheiro para\u00a0comprar itens perdidos durante os alagamentos\u00a0ou para reformar im\u00f3vel onde mora ou trabalha. O aux\u00edlio foi criado em&nbsp;medida provis\u00f3ria&nbsp;assinada [&hellip;]","og_url":"https:\/\/cleitonpinheiro.com.br\/site\/auxilio-reconstrucao-governo-lanca-site-para-cadastro-das-familias\/","og_site_name":"PORTAL DE NOT\u00cdCIAS CLEITON PINHEIRO","article_publisher":"https:\/\/www.facebook.com\/portalcpnoticias\/","article_published_time":"2024-05-21T17:15:03+00:00","article_modified_time":"2024-05-23T17:38:02+00:00","og_image":[{"width":1170,"height":700,"url":"https:\/\/cleitonpinheiro.com.br\/site\/wp-content\/uploads\/2024\/05\/20240517170550_img_7266.webp","type":"image\/webp"}],"author":"Cleiton Pinheiro","twitter_card":"summary_large_image","twitter_misc":{"Escrito por":"Cleiton Pinheiro","Est. tempo de leitura":"5 minutos"},"schema":{"@context":"https:\/\/schema.org","@graph":[{"@type":"Article","@id":"https:\/\/cleitonpinheiro.com.br\/site\/auxilio-reconstrucao-governo-lanca-site-para-cadastro-das-familias\/#article","isPartOf":{"@id":"https:\/\/cleitonpinheiro.com.br\/site\/auxilio-reconstrucao-governo-lanca-site-para-cadastro-das-familias\/"},"author":{"name":"Cleiton Pinheiro","@id":"https:\/\/cleitonpinheiro.com.br\/site\/#\/schema\/person\/62fd4eb98fcc8bd3fc477aaff264af51"},"headline":"Aux\u00edlio Reconstru\u00e7\u00e3o: governo lan\u00e7a site para cadastro das fam\u00edlias","datePublished":"2024-05-21T17:15:03+00:00","dateModified":"2024-05-23T17:38:02+00:00","mainEntityOfPage":{"@id":"https:\/\/cleitonpinheiro.com.br\/site\/auxilio-reconstrucao-governo-lanca-site-para-cadastro-das-familias\/"},"wordCount":910,"commentCount":0,"publisher":{"@id":"https:\/\/cleitonpinheiro.com.br\/site\/#organization"},"image":{"@id":"https:\/\/cleitonpinheiro.com.br\/site\/auxilio-reconstrucao-governo-lanca-site-para-cadastro-das-familias\/#primaryimage"},"thumbnailUrl":"https:\/\/cleitonpinheiro.com.br\/site\/wp-content\/uploads\/2024\/05\/20240517170550_img_7266-1024x613.webp","articleSection":["BRASIL \/ MUNDO","MANCHETE SEGUND\u00c1RIA","TODAS NOTICIAS"],"inLanguage":"pt-BR","potentialAction":[{"@type":"CommentAction","name":"Comment","target":["https:\/\/cleitonpinheiro.com.br\/site\/auxilio-reconstrucao-governo-lanca-site-para-cadastro-das-familias\/#respond"]}]},{"@type":"WebPage","@id":"https:\/\/cleitonpinheiro.com.br\/site\/auxilio-reconstrucao-governo-lanca-site-para-cadastro-das-familias\/","url":"https:\/\/cleitonpinheiro.com.br\/site\/auxilio-reconstrucao-governo-lanca-site-para-cadastro-das-familias\/","name":"Aux\u00edlio Reconstru\u00e7\u00e3o: governo lan\u00e7a site para cadastro das fam\u00edlias - PORTAL DE NOT\u00cdCIAS CLEITON PINHEIRO","isPartOf":{"@id":"https:\/\/cleitonpinheiro.com.br\/site\/#website"},"primaryImageOfPage":{"@id":"https:\/\/cleitonpinheiro.com.br\/site\/auxilio-reconstrucao-governo-lanca-site-para-cadastro-das-familias\/#primaryimage"},"image":{"@id":"https:\/\/cleitonpinheiro.com.br\/site\/auxilio-reconstrucao-governo-lanca-site-para-cadastro-das-familias\/#primaryimage"},"thumbnailUrl":"https:\/\/cleitonpinheiro.com.br\/site\/wp-content\/uploads\/2024\/05\/20240517170550_img_7266-1024x613.webp","datePublished":"2024-05-21T17:15:03+00:00","dateModified":"2024-05-23T17:38:02+00:00","breadcrumb":{"@id":"https:\/\/cleitonpinheiro.com.br\/site\/auxilio-reconstrucao-governo-lanca-site-para-cadastro-das-familias\/#breadcrumb"},"inLanguage":"pt-BR","potentialAction":[{"@type":"ReadAction","target":["https:\/\/cleitonpinheiro.com.br\/site\/auxilio-reconstrucao-governo-lanca-site-para-cadastro-das-familias\/"]}]},{"@type":"ImageObject","inLanguage":"pt-BR","@id":"https:\/\/cleitonpinheiro.com.br\/site\/auxilio-reconstrucao-governo-lanca-site-para-cadastro-das-familias\/#primaryimage","url":"","contentUrl":""},{"@type":"BreadcrumbList","@id":"https:\/\/cleitonpinheiro.com.br\/site\/auxilio-reconstrucao-governo-lanca-site-para-cadastro-das-familias\/#breadcrumb","itemListElement":[{"@type":"ListItem","position":1,"name":"In\u00edcio","item":"https:\/\/cleitonpinheiro.com.br\/site\/"},{"@type":"ListItem","position":2,"name":"Aux\u00edlio Reconstru\u00e7\u00e3o: governo lan\u00e7a site para cadastro das fam\u00edlias"}]},{"@type":"WebSite","@id":"https:\/\/cleitonpinheiro.com.br\/site\/#website","url":"https:\/\/cleitonpinheiro.com.br\/site\/","name":"PORTAL DE NOT\u00cdCIAS CLEITON PINHEIRO","description":"FALANDO A VERDADE","publisher":{"@id":"https:\/\/cleitonpinheiro.com.br\/site\/#organization"},"potentialAction":[{"@type":"SearchAction","target":{"@type":"EntryPoint","urlTemplate":"https:\/\/cleitonpinheiro.com.br\/site\/?s={search_term_string}"},"query-input":{"@type":"PropertyValueSpecification","valueRequired":true,"valueName":"search_term_string"}}],"inLanguage":"pt-BR"},{"@type":"Organization","@id":"https:\/\/cleitonpinheiro.com.br\/site\/#organization","name":"CPNOT\u00cdCIAS","url":"https:\/\/cleitonpinheiro.com.br\/site\/","logo":{"@type":"ImageObject","inLanguage":"pt-BR","@id":"https:\/\/cleitonpinheiro.com.br\/site\/#\/schema\/logo\/image\/","url":"https:\/\/cleitonpinheiro.com.br\/site\/wp-content\/uploads\/2022\/08\/Logo-pequena-2.png","contentUrl":"https:\/\/cleitonpinheiro.com.br\/site\/wp-content\/uploads\/2022\/08\/Logo-pequena-2.png","width":500,"height":500,"caption":"CPNOT\u00cdCIAS"},"image":{"@id":"https:\/\/cleitonpinheiro.com.br\/site\/#\/schema\/logo\/image\/"},"sameAs":["https:\/\/www.facebook.com\/portalcpnoticias\/"]},{"@type":"Person","@id":"https:\/\/cleitonpinheiro.com.br\/site\/#\/schema\/person\/62fd4eb98fcc8bd3fc477aaff264af51","name":"Cleiton Pinheiro","image":{"@type":"ImageObject","inLanguage":"pt-BR","@id":"https:\/\/cleitonpinheiro.com.br\/site\/#\/schema\/person\/image\/","url":"https:\/\/secure.gravatar.com\/avatar\/15642ec35b78fe5eed3cfa8e4a3f3211d73a3df4f35f0566b4324958cba1b1b9?s=96&r=g","contentUrl":"https:\/\/secure.gravatar.com\/avatar\/15642ec35b78fe5eed3cfa8e4a3f3211d73a3df4f35f0566b4324958cba1b1b9?s=96&r=g","caption":"Cleiton Pinheiro"},"url":"https:\/\/cleitonpinheiro.com.br\/site\/author\/cleiton\/"}]}},"views":233,"_links":{"self":[{"href":"https:\/\/cleitonpinheiro.com.br\/site\/wp-json\/wp\/v2\/posts\/77351","targetHints":{"allow":["GET"]}}],"collection":[{"href":"https:\/\/cleitonpinheiro.com.br\/site\/wp-json\/wp\/v2\/posts"}],"about":[{"href":"https:\/\/cleitonpinheiro.com.br\/site\/wp-json\/wp\/v2\/types\/post"}],"author":[{"embeddable":true,"href":"https:\/\/cleitonpinheiro.com.br\/site\/wp-json\/wp\/v2\/users\/10"}],"replies":[{"embeddable":true,"href":"https:\/\/cleitonpinheiro.com.br\/site\/wp-json\/wp\/v2\/comments?post=77351"}],"version-history":[{"count":1,"href":"https:\/\/cleitonpinheiro.com.br\/site\/wp-json\/wp\/v2\/posts\/77351\/revisions"}],"predecessor-version":[{"id":77353,"href":"https:\/\/cleitonpinheiro.com.br\/site\/wp-json\/wp\/v2\/posts\/77351\/revisions\/77353"}],"wp:attachment":[{"href":"https:\/\/cleitonpinheiro.com.br\/site\/wp-json\/wp\/v2\/media?parent=77351"}],"wp:term":[{"taxonomy":"category","embeddable":true,"href":"https:\/\/cleitonpinheiro.com.br\/site\/wp-json\/wp\/v2\/categories?post=77351"},{"taxonomy":"post_tag","embeddable":true,"href":"https:\/\/cleitonpinheiro.com.br\/site\/wp-json\/wp\/v2\/tags?post=77351"}],"curies":[{"name":"wp","href":"https:\/\/api.w.org\/{rel}","templated":true}]}}