{"id":77358,"date":"2024-05-23T14:35:06","date_gmt":"2024-05-23T17:35:06","guid":{"rendered":"https:\/\/cleitonpinheiro.com.br\/site\/?p=77358"},"modified":"2024-12-14T14:20:05","modified_gmt":"2024-12-14T17:20:05","slug":"prefeitura-leva-acao-de-encoleiramento-e-testagem-de-leishmaniose-para-regiao-norte-de-palmas","status":"publish","type":"post","link":"https:\/\/cleitonpinheiro.com.br\/site\/prefeitura-leva-acao-de-encoleiramento-e-testagem-de-leishmaniose-para-regiao-norte-de-palmas\/","title":{"rendered":"Prefeitura leva a\u00e7\u00e3o de encoleiramento e testagem de leishmaniose para regi\u00e3o Norte de Palmas"},"content":{"rendered":"\n<figure class=\"wp-block-image size-full\"><img decoding=\"async\" src=\"https:\/\/cleitonpinheiro.com.br\/site\/wp-content\/uploads\/2024\/05\/7ecba8bf-8473-4a97-a0b4-42a66a46173e.jpg\" alt=\"\" class=\"wp-image-77359\"\/><figcaption class=\"wp-element-caption\">Foto: Juliana Carneiro\/Prefeitura de Palmas<\/figcaption><\/figure>\n\n\n\n<p>Neste s\u00e1bado, 25, a Secretaria Municipal da Sa\u00fade (Semus) oferecer\u00e1 aos moradores que possuem c\u00e3es nas Quadras Arno\u00a031 (303 Norte), 32 (305 Norte), 33 (307 Norte), 41 (403 Norte), 42 (405 Norte) e 43 (407 Norte)\u00a0as coleiras repelentes do calazar e testagem r\u00e1pida para leishmaniose visceral canina. A a\u00e7\u00e3o ocorrer\u00e1\u00a0em tr\u00eas pontos: na pra\u00e7a da Arno 31, em frente a Unidade de Sa\u00fade da Fam\u00edlia (USF) da Arno 41 e na\u00a0pra\u00e7a da Arno 33. Os atendimentos ocorrer\u00e3o\u00a0das 8 \u00e0s 17 horas.\u00a0<\/p>\n\n\n\n<p>Para o animal ser encoleirado, \u00e9 necess\u00e1rio que os tutores apresentem, obrigatoriamente, comprovante de endere\u00e7o atualizado, comprovando resid\u00eancia em um das seis quadras citadas selecionadas para a a\u00e7\u00e3o. Al\u00e9m disso, as coleiras s\u00f3 poder\u00e3o&nbsp;ser colocadas em c\u00e3es com mais de tr\u00eas meses de idade e precisar\u00e3o&nbsp;ser substitu\u00eddas a cada seis meses. Durante o processo de encoleiramento, tamb\u00e9m ser\u00e1 realizada a coleta de sangue do animal para o teste de diagn\u00f3stico da leishmaniose visceral.<\/p>\n\n\n\n<p>Os tutores dos animais devem estar atentos para garantir que as coleiras n\u00e3o sejam perdidas antes da pr\u00f3xima troca. Segundo a Semus, a\u00a0redu\u00e7\u00e3o da preval\u00eancia da doen\u00e7a \u00e9 observada ap\u00f3s o uso cont\u00ednuo dessa estrat\u00e9gia por dois anos, equivalente a quatro ciclos de trocas das coleiras.<\/p>\n\n\n\n<p>Texto: Prefeitura de Palmas<\/p>\n","protected":false},"excerpt":{"rendered":"<p>Neste s\u00e1bado, 25, a Secretaria Municipal da Sa\u00fade (Semus) oferecer\u00e1 aos moradores que possuem c\u00e3es nas Quadras Arno\u00a031 (303 Norte), 32 (305 Norte), 33 (307 Norte), 41 (403 Norte), 42 (405 Norte) e 43 (407 Norte)\u00a0as coleiras repelentes do calazar e testagem r\u00e1pida para leishmaniose visceral canina. A a\u00e7\u00e3o ocorrer\u00e1\u00a0em tr\u00eas pontos: na pra\u00e7a da [&hellip;]<\/p>\n","protected":false},"author":10,"featured_media":0,"comment_status":"open","ping_status":"open","sticky":false,"template":"","format":"standard","meta":{"_acf_changed":false,"footnotes":""},"categories":[22,898,21],"tags":[],"class_list":["post-77358","post","type-post","status-publish","format-standard","hentry","category-cidades","category-manchete-segundaria","category-todas-noticias"],"acf":[],"yoast_head":"<!-- This site is optimized with the Yoast SEO plugin v24.4 - https:\/\/yoast.com\/wordpress\/plugins\/seo\/ -->\n<title>Prefeitura leva a\u00e7\u00e3o de encoleiramento e testagem de leishmaniose para regi\u00e3o Norte de Palmas - PORTAL DE NOT\u00cdCIAS CLEITON PINHEIRO<\/title>\n<meta name=\"robots\" content=\"index, follow, max-snippet:-1, max-image-preview:large, max-video-preview:-1\" \/>\n<link rel=\"canonical\" href=\"https:\/\/cleitonpinheiro.com.br\/site\/prefeitura-leva-acao-de-encoleiramento-e-testagem-de-leishmaniose-para-regiao-norte-de-palmas\/\" \/>\n<meta property=\"og:locale\" content=\"pt_BR\" \/>\n<meta property=\"og:type\" content=\"article\" \/>\n<meta property=\"og:title\" content=\"Prefeitura leva a\u00e7\u00e3o de encoleiramento e testagem de leishmaniose para regi\u00e3o Norte de Palmas - PORTAL DE NOT\u00cdCIAS CLEITON PINHEIRO\" \/>\n<meta property=\"og:description\" content=\"Neste s\u00e1bado, 25, a Secretaria Municipal da Sa\u00fade (Semus) oferecer\u00e1 aos moradores que possuem c\u00e3es nas Quadras Arno\u00a031 (303 Norte), 32 (305 Norte), 33 (307 Norte), 41 (403 Norte), 42 (405 Norte) e 43 (407 Norte)\u00a0as coleiras repelentes do calazar e testagem r\u00e1pida para leishmaniose visceral canina. A a\u00e7\u00e3o ocorrer\u00e1\u00a0em tr\u00eas pontos: na pra\u00e7a da [&hellip;]\" \/>\n<meta property=\"og:url\" content=\"https:\/\/cleitonpinheiro.com.br\/site\/prefeitura-leva-acao-de-encoleiramento-e-testagem-de-leishmaniose-para-regiao-norte-de-palmas\/\" \/>\n<meta property=\"og:site_name\" content=\"PORTAL DE NOT\u00cdCIAS CLEITON PINHEIRO\" \/>\n<meta property=\"article:publisher\" content=\"https:\/\/www.facebook.com\/portalcpnoticias\/\" \/>\n<meta property=\"article:published_time\" content=\"2024-05-23T17:35:06+00:00\" \/>\n<meta property=\"article:modified_time\" content=\"2024-12-14T17:20:05+00:00\" \/>\n<meta property=\"og:image\" content=\"https:\/\/cleitonpinheiro.com.br\/site\/wp-content\/uploads\/2024\/05\/7ecba8bf-8473-4a97-a0b4-42a66a46173e.jpg\" \/>\n\t<meta property=\"og:image:width\" content=\"800\" \/>\n\t<meta property=\"og:image:height\" content=\"533\" \/>\n\t<meta property=\"og:image:type\" content=\"image\/jpeg\" \/>\n<meta name=\"author\" content=\"Cleiton Pinheiro\" \/>\n<meta name=\"twitter:card\" content=\"summary_large_image\" \/>\n<meta name=\"twitter:label1\" content=\"Escrito por\" \/>\n\t<meta name=\"twitter:data1\" content=\"Cleiton Pinheiro\" \/>\n\t<meta name=\"twitter:label2\" content=\"Est. tempo de leitura\" \/>\n\t<meta name=\"twitter:data2\" content=\"2 minutos\" \/>\n<script type=\"application\/ld+json\" class=\"yoast-schema-graph\">{\"@context\":\"https:\/\/schema.org\",\"@graph\":[{\"@type\":\"Article\",\"@id\":\"https:\/\/cleitonpinheiro.com.br\/site\/prefeitura-leva-acao-de-encoleiramento-e-testagem-de-leishmaniose-para-regiao-norte-de-palmas\/#article\",\"isPartOf\":{\"@id\":\"https:\/\/cleitonpinheiro.com.br\/site\/prefeitura-leva-acao-de-encoleiramento-e-testagem-de-leishmaniose-para-regiao-norte-de-palmas\/\"},\"author\":{\"name\":\"Cleiton Pinheiro\",\"@id\":\"https:\/\/cleitonpinheiro.com.br\/site\/#\/schema\/person\/62fd4eb98fcc8bd3fc477aaff264af51\"},\"headline\":\"Prefeitura leva a\u00e7\u00e3o de encoleiramento e testagem de leishmaniose para regi\u00e3o Norte de Palmas\",\"datePublished\":\"2024-05-23T17:35:06+00:00\",\"dateModified\":\"2024-12-14T17:20:05+00:00\",\"mainEntityOfPage\":{\"@id\":\"https:\/\/cleitonpinheiro.com.br\/site\/prefeitura-leva-acao-de-encoleiramento-e-testagem-de-leishmaniose-para-regiao-norte-de-palmas\/\"},\"wordCount\":247,\"commentCount\":0,\"publisher\":{\"@id\":\"https:\/\/cleitonpinheiro.com.br\/site\/#organization\"},\"image\":{\"@id\":\"https:\/\/cleitonpinheiro.com.br\/site\/prefeitura-leva-acao-de-encoleiramento-e-testagem-de-leishmaniose-para-regiao-norte-de-palmas\/#primaryimage\"},\"thumbnailUrl\":\"https:\/\/cleitonpinheiro.com.br\/site\/wp-content\/uploads\/2024\/05\/7ecba8bf-8473-4a97-a0b4-42a66a46173e.jpg\",\"articleSection\":[\"CIDADES\",\"MANCHETE SEGUND\u00c1RIA\",\"TODAS NOTICIAS\"],\"inLanguage\":\"pt-BR\",\"potentialAction\":[{\"@type\":\"CommentAction\",\"name\":\"Comment\",\"target\":[\"https:\/\/cleitonpinheiro.com.br\/site\/prefeitura-leva-acao-de-encoleiramento-e-testagem-de-leishmaniose-para-regiao-norte-de-palmas\/#respond\"]}]},{\"@type\":\"WebPage\",\"@id\":\"https:\/\/cleitonpinheiro.com.br\/site\/prefeitura-leva-acao-de-encoleiramento-e-testagem-de-leishmaniose-para-regiao-norte-de-palmas\/\",\"url\":\"https:\/\/cleitonpinheiro.com.br\/site\/prefeitura-leva-acao-de-encoleiramento-e-testagem-de-leishmaniose-para-regiao-norte-de-palmas\/\",\"name\":\"Prefeitura leva a\u00e7\u00e3o de encoleiramento e testagem de leishmaniose para regi\u00e3o Norte de Palmas - PORTAL DE NOT\u00cdCIAS CLEITON PINHEIRO\",\"isPartOf\":{\"@id\":\"https:\/\/cleitonpinheiro.com.br\/site\/#website\"},\"primaryImageOfPage\":{\"@id\":\"https:\/\/cleitonpinheiro.com.br\/site\/prefeitura-leva-acao-de-encoleiramento-e-testagem-de-leishmaniose-para-regiao-norte-de-palmas\/#primaryimage\"},\"image\":{\"@id\":\"https:\/\/cleitonpinheiro.com.br\/site\/prefeitura-leva-acao-de-encoleiramento-e-testagem-de-leishmaniose-para-regiao-norte-de-palmas\/#primaryimage\"},\"thumbnailUrl\":\"https:\/\/cleitonpinheiro.com.br\/site\/wp-content\/uploads\/2024\/05\/7ecba8bf-8473-4a97-a0b4-42a66a46173e.jpg\",\"datePublished\":\"2024-05-23T17:35:06+00:00\",\"dateModified\":\"2024-12-14T17:20:05+00:00\",\"breadcrumb\":{\"@id\":\"https:\/\/cleitonpinheiro.com.br\/site\/prefeitura-leva-acao-de-encoleiramento-e-testagem-de-leishmaniose-para-regiao-norte-de-palmas\/#breadcrumb\"},\"inLanguage\":\"pt-BR\",\"potentialAction\":[{\"@type\":\"ReadAction\",\"target\":[\"https:\/\/cleitonpinheiro.com.br\/site\/prefeitura-leva-acao-de-encoleiramento-e-testagem-de-leishmaniose-para-regiao-norte-de-palmas\/\"]}]},{\"@type\":\"ImageObject\",\"inLanguage\":\"pt-BR\",\"@id\":\"https:\/\/cleitonpinheiro.com.br\/site\/prefeitura-leva-acao-de-encoleiramento-e-testagem-de-leishmaniose-para-regiao-norte-de-palmas\/#primaryimage\",\"url\":\"\",\"contentUrl\":\"\"},{\"@type\":\"BreadcrumbList\",\"@id\":\"https:\/\/cleitonpinheiro.com.br\/site\/prefeitura-leva-acao-de-encoleiramento-e-testagem-de-leishmaniose-para-regiao-norte-de-palmas\/#breadcrumb\",\"itemListElement\":[{\"@type\":\"ListItem\",\"position\":1,\"name\":\"In\u00edcio\",\"item\":\"https:\/\/cleitonpinheiro.com.br\/site\/\"},{\"@type\":\"ListItem\",\"position\":2,\"name\":\"Prefeitura leva a\u00e7\u00e3o de encoleiramento e testagem de leishmaniose para regi\u00e3o Norte de Palmas\"}]},{\"@type\":\"WebSite\",\"@id\":\"https:\/\/cleitonpinheiro.com.br\/site\/#website\",\"url\":\"https:\/\/cleitonpinheiro.com.br\/site\/\",\"name\":\"PORTAL DE NOT\u00cdCIAS CLEITON PINHEIRO\",\"description\":\"FALANDO A VERDADE\",\"publisher\":{\"@id\":\"https:\/\/cleitonpinheiro.com.br\/site\/#organization\"},\"potentialAction\":[{\"@type\":\"SearchAction\",\"target\":{\"@type\":\"EntryPoint\",\"urlTemplate\":\"https:\/\/cleitonpinheiro.com.br\/site\/?s={search_term_string}\"},\"query-input\":{\"@type\":\"PropertyValueSpecification\",\"valueRequired\":true,\"valueName\":\"search_term_string\"}}],\"inLanguage\":\"pt-BR\"},{\"@type\":\"Organization\",\"@id\":\"https:\/\/cleitonpinheiro.com.br\/site\/#organization\",\"name\":\"CPNOT\u00cdCIAS\",\"url\":\"https:\/\/cleitonpinheiro.com.br\/site\/\",\"logo\":{\"@type\":\"ImageObject\",\"inLanguage\":\"pt-BR\",\"@id\":\"https:\/\/cleitonpinheiro.com.br\/site\/#\/schema\/logo\/image\/\",\"url\":\"https:\/\/cleitonpinheiro.com.br\/site\/wp-content\/uploads\/2022\/08\/Logo-pequena-2.png\",\"contentUrl\":\"https:\/\/cleitonpinheiro.com.br\/site\/wp-content\/uploads\/2022\/08\/Logo-pequena-2.png\",\"width\":500,\"height\":500,\"caption\":\"CPNOT\u00cdCIAS\"},\"image\":{\"@id\":\"https:\/\/cleitonpinheiro.com.br\/site\/#\/schema\/logo\/image\/\"},\"sameAs\":[\"https:\/\/www.facebook.com\/portalcpnoticias\/\"]},{\"@type\":\"Person\",\"@id\":\"https:\/\/cleitonpinheiro.com.br\/site\/#\/schema\/person\/62fd4eb98fcc8bd3fc477aaff264af51\",\"name\":\"Cleiton Pinheiro\",\"image\":{\"@type\":\"ImageObject\",\"inLanguage\":\"pt-BR\",\"@id\":\"https:\/\/cleitonpinheiro.com.br\/site\/#\/schema\/person\/image\/\",\"url\":\"https:\/\/secure.gravatar.com\/avatar\/15642ec35b78fe5eed3cfa8e4a3f3211d73a3df4f35f0566b4324958cba1b1b9?s=96&r=g\",\"contentUrl\":\"https:\/\/secure.gravatar.com\/avatar\/15642ec35b78fe5eed3cfa8e4a3f3211d73a3df4f35f0566b4324958cba1b1b9?s=96&r=g\",\"caption\":\"Cleiton Pinheiro\"},\"url\":\"https:\/\/cleitonpinheiro.com.br\/site\/author\/cleiton\/\"}]}<\/script>\n<!-- \/ Yoast SEO plugin. -->","yoast_head_json":{"title":"Prefeitura leva a\u00e7\u00e3o de encoleiramento e testagem de leishmaniose para regi\u00e3o Norte de Palmas - PORTAL DE NOT\u00cdCIAS CLEITON PINHEIRO","robots":{"index":"index","follow":"follow","max-snippet":"max-snippet:-1","max-image-preview":"max-image-preview:large","max-video-preview":"max-video-preview:-1"},"canonical":"https:\/\/cleitonpinheiro.com.br\/site\/prefeitura-leva-acao-de-encoleiramento-e-testagem-de-leishmaniose-para-regiao-norte-de-palmas\/","og_locale":"pt_BR","og_type":"article","og_title":"Prefeitura leva a\u00e7\u00e3o de encoleiramento e testagem de leishmaniose para regi\u00e3o Norte de Palmas - PORTAL DE NOT\u00cdCIAS CLEITON PINHEIRO","og_description":"Neste s\u00e1bado, 25, a Secretaria Municipal da Sa\u00fade (Semus) oferecer\u00e1 aos moradores que possuem c\u00e3es nas Quadras Arno\u00a031 (303 Norte), 32 (305 Norte), 33 (307 Norte), 41 (403 Norte), 42 (405 Norte) e 43 (407 Norte)\u00a0as coleiras repelentes do calazar e testagem r\u00e1pida para leishmaniose visceral canina. A a\u00e7\u00e3o ocorrer\u00e1\u00a0em tr\u00eas pontos: na pra\u00e7a da [&hellip;]","og_url":"https:\/\/cleitonpinheiro.com.br\/site\/prefeitura-leva-acao-de-encoleiramento-e-testagem-de-leishmaniose-para-regiao-norte-de-palmas\/","og_site_name":"PORTAL DE NOT\u00cdCIAS CLEITON PINHEIRO","article_publisher":"https:\/\/www.facebook.com\/portalcpnoticias\/","article_published_time":"2024-05-23T17:35:06+00:00","article_modified_time":"2024-12-14T17:20:05+00:00","og_image":[{"width":800,"height":533,"url":"https:\/\/cleitonpinheiro.com.br\/site\/wp-content\/uploads\/2024\/05\/7ecba8bf-8473-4a97-a0b4-42a66a46173e.jpg","type":"image\/jpeg"}],"author":"Cleiton Pinheiro","twitter_card":"summary_large_image","twitter_misc":{"Escrito por":"Cleiton Pinheiro","Est. tempo de leitura":"2 minutos"},"schema":{"@context":"https:\/\/schema.org","@graph":[{"@type":"Article","@id":"https:\/\/cleitonpinheiro.com.br\/site\/prefeitura-leva-acao-de-encoleiramento-e-testagem-de-leishmaniose-para-regiao-norte-de-palmas\/#article","isPartOf":{"@id":"https:\/\/cleitonpinheiro.com.br\/site\/prefeitura-leva-acao-de-encoleiramento-e-testagem-de-leishmaniose-para-regiao-norte-de-palmas\/"},"author":{"name":"Cleiton Pinheiro","@id":"https:\/\/cleitonpinheiro.com.br\/site\/#\/schema\/person\/62fd4eb98fcc8bd3fc477aaff264af51"},"headline":"Prefeitura leva a\u00e7\u00e3o de encoleiramento e testagem de leishmaniose para regi\u00e3o Norte de Palmas","datePublished":"2024-05-23T17:35:06+00:00","dateModified":"2024-12-14T17:20:05+00:00","mainEntityOfPage":{"@id":"https:\/\/cleitonpinheiro.com.br\/site\/prefeitura-leva-acao-de-encoleiramento-e-testagem-de-leishmaniose-para-regiao-norte-de-palmas\/"},"wordCount":247,"commentCount":0,"publisher":{"@id":"https:\/\/cleitonpinheiro.com.br\/site\/#organization"},"image":{"@id":"https:\/\/cleitonpinheiro.com.br\/site\/prefeitura-leva-acao-de-encoleiramento-e-testagem-de-leishmaniose-para-regiao-norte-de-palmas\/#primaryimage"},"thumbnailUrl":"https:\/\/cleitonpinheiro.com.br\/site\/wp-content\/uploads\/2024\/05\/7ecba8bf-8473-4a97-a0b4-42a66a46173e.jpg","articleSection":["CIDADES","MANCHETE SEGUND\u00c1RIA","TODAS NOTICIAS"],"inLanguage":"pt-BR","potentialAction":[{"@type":"CommentAction","name":"Comment","target":["https:\/\/cleitonpinheiro.com.br\/site\/prefeitura-leva-acao-de-encoleiramento-e-testagem-de-leishmaniose-para-regiao-norte-de-palmas\/#respond"]}]},{"@type":"WebPage","@id":"https:\/\/cleitonpinheiro.com.br\/site\/prefeitura-leva-acao-de-encoleiramento-e-testagem-de-leishmaniose-para-regiao-norte-de-palmas\/","url":"https:\/\/cleitonpinheiro.com.br\/site\/prefeitura-leva-acao-de-encoleiramento-e-testagem-de-leishmaniose-para-regiao-norte-de-palmas\/","name":"Prefeitura leva a\u00e7\u00e3o de encoleiramento e testagem de leishmaniose para regi\u00e3o Norte de Palmas - PORTAL DE NOT\u00cdCIAS CLEITON PINHEIRO","isPartOf":{"@id":"https:\/\/cleitonpinheiro.com.br\/site\/#website"},"primaryImageOfPage":{"@id":"https:\/\/cleitonpinheiro.com.br\/site\/prefeitura-leva-acao-de-encoleiramento-e-testagem-de-leishmaniose-para-regiao-norte-de-palmas\/#primaryimage"},"image":{"@id":"https:\/\/cleitonpinheiro.com.br\/site\/prefeitura-leva-acao-de-encoleiramento-e-testagem-de-leishmaniose-para-regiao-norte-de-palmas\/#primaryimage"},"thumbnailUrl":"https:\/\/cleitonpinheiro.com.br\/site\/wp-content\/uploads\/2024\/05\/7ecba8bf-8473-4a97-a0b4-42a66a46173e.jpg","datePublished":"2024-05-23T17:35:06+00:00","dateModified":"2024-12-14T17:20:05+00:00","breadcrumb":{"@id":"https:\/\/cleitonpinheiro.com.br\/site\/prefeitura-leva-acao-de-encoleiramento-e-testagem-de-leishmaniose-para-regiao-norte-de-palmas\/#breadcrumb"},"inLanguage":"pt-BR","potentialAction":[{"@type":"ReadAction","target":["https:\/\/cleitonpinheiro.com.br\/site\/prefeitura-leva-acao-de-encoleiramento-e-testagem-de-leishmaniose-para-regiao-norte-de-palmas\/"]}]},{"@type":"ImageObject","inLanguage":"pt-BR","@id":"https:\/\/cleitonpinheiro.com.br\/site\/prefeitura-leva-acao-de-encoleiramento-e-testagem-de-leishmaniose-para-regiao-norte-de-palmas\/#primaryimage","url":"","contentUrl":""},{"@type":"BreadcrumbList","@id":"https:\/\/cleitonpinheiro.com.br\/site\/prefeitura-leva-acao-de-encoleiramento-e-testagem-de-leishmaniose-para-regiao-norte-de-palmas\/#breadcrumb","itemListElement":[{"@type":"ListItem","position":1,"name":"In\u00edcio","item":"https:\/\/cleitonpinheiro.com.br\/site\/"},{"@type":"ListItem","position":2,"name":"Prefeitura leva a\u00e7\u00e3o de encoleiramento e testagem de leishmaniose para regi\u00e3o Norte de Palmas"}]},{"@type":"WebSite","@id":"https:\/\/cleitonpinheiro.com.br\/site\/#website","url":"https:\/\/cleitonpinheiro.com.br\/site\/","name":"PORTAL DE NOT\u00cdCIAS CLEITON PINHEIRO","description":"FALANDO A VERDADE","publisher":{"@id":"https:\/\/cleitonpinheiro.com.br\/site\/#organization"},"potentialAction":[{"@type":"SearchAction","target":{"@type":"EntryPoint","urlTemplate":"https:\/\/cleitonpinheiro.com.br\/site\/?s={search_term_string}"},"query-input":{"@type":"PropertyValueSpecification","valueRequired":true,"valueName":"search_term_string"}}],"inLanguage":"pt-BR"},{"@type":"Organization","@id":"https:\/\/cleitonpinheiro.com.br\/site\/#organization","name":"CPNOT\u00cdCIAS","url":"https:\/\/cleitonpinheiro.com.br\/site\/","logo":{"@type":"ImageObject","inLanguage":"pt-BR","@id":"https:\/\/cleitonpinheiro.com.br\/site\/#\/schema\/logo\/image\/","url":"https:\/\/cleitonpinheiro.com.br\/site\/wp-content\/uploads\/2022\/08\/Logo-pequena-2.png","contentUrl":"https:\/\/cleitonpinheiro.com.br\/site\/wp-content\/uploads\/2022\/08\/Logo-pequena-2.png","width":500,"height":500,"caption":"CPNOT\u00cdCIAS"},"image":{"@id":"https:\/\/cleitonpinheiro.com.br\/site\/#\/schema\/logo\/image\/"},"sameAs":["https:\/\/www.facebook.com\/portalcpnoticias\/"]},{"@type":"Person","@id":"https:\/\/cleitonpinheiro.com.br\/site\/#\/schema\/person\/62fd4eb98fcc8bd3fc477aaff264af51","name":"Cleiton Pinheiro","image":{"@type":"ImageObject","inLanguage":"pt-BR","@id":"https:\/\/cleitonpinheiro.com.br\/site\/#\/schema\/person\/image\/","url":"https:\/\/secure.gravatar.com\/avatar\/15642ec35b78fe5eed3cfa8e4a3f3211d73a3df4f35f0566b4324958cba1b1b9?s=96&r=g","contentUrl":"https:\/\/secure.gravatar.com\/avatar\/15642ec35b78fe5eed3cfa8e4a3f3211d73a3df4f35f0566b4324958cba1b1b9?s=96&r=g","caption":"Cleiton Pinheiro"},"url":"https:\/\/cleitonpinheiro.com.br\/site\/author\/cleiton\/"}]}},"views":224,"_links":{"self":[{"href":"https:\/\/cleitonpinheiro.com.br\/site\/wp-json\/wp\/v2\/posts\/77358","targetHints":{"allow":["GET"]}}],"collection":[{"href":"https:\/\/cleitonpinheiro.com.br\/site\/wp-json\/wp\/v2\/posts"}],"about":[{"href":"https:\/\/cleitonpinheiro.com.br\/site\/wp-json\/wp\/v2\/types\/post"}],"author":[{"embeddable":true,"href":"https:\/\/cleitonpinheiro.com.br\/site\/wp-json\/wp\/v2\/users\/10"}],"replies":[{"embeddable":true,"href":"https:\/\/cleitonpinheiro.com.br\/site\/wp-json\/wp\/v2\/comments?post=77358"}],"version-history":[{"count":1,"href":"https:\/\/cleitonpinheiro.com.br\/site\/wp-json\/wp\/v2\/posts\/77358\/revisions"}],"predecessor-version":[{"id":77360,"href":"https:\/\/cleitonpinheiro.com.br\/site\/wp-json\/wp\/v2\/posts\/77358\/revisions\/77360"}],"wp:attachment":[{"href":"https:\/\/cleitonpinheiro.com.br\/site\/wp-json\/wp\/v2\/media?parent=77358"}],"wp:term":[{"taxonomy":"category","embeddable":true,"href":"https:\/\/cleitonpinheiro.com.br\/site\/wp-json\/wp\/v2\/categories?post=77358"},{"taxonomy":"post_tag","embeddable":true,"href":"https:\/\/cleitonpinheiro.com.br\/site\/wp-json\/wp\/v2\/tags?post=77358"}],"curies":[{"name":"wp","href":"https:\/\/api.w.org\/{rel}","templated":true}]}}