{"id":77656,"date":"2024-06-14T08:18:06","date_gmt":"2024-06-14T11:18:06","guid":{"rendered":"https:\/\/cleitonpinheiro.com.br\/site\/?p=77656"},"modified":"2024-06-14T08:18:10","modified_gmt":"2024-06-14T11:18:10","slug":"dolar-cai-para-r-536-apos-declaracoes-de-lula-e-de-ministros","status":"publish","type":"post","link":"https:\/\/cleitonpinheiro.com.br\/site\/dolar-cai-para-r-536-apos-declaracoes-de-lula-e-de-ministros\/","title":{"rendered":"D\u00f3lar cai para R$ 5,36 ap\u00f3s declara\u00e7\u00f5es de Lula e de ministros"},"content":{"rendered":"\n<figure class=\"wp-block-gallery has-nested-images columns-default is-cropped wp-block-gallery-1 is-layout-flex wp-block-gallery-is-layout-flex\">\n<figure class=\"wp-block-image size-large\"><img fetchpriority=\"high\" decoding=\"async\" width=\"640\" height=\"453\" data-id=\"77657\" src=\"https:\/\/cleitonpinheiro.com.br\/site\/wp-content\/uploads\/2024\/06\/dollars-499481_640.jpg\" alt=\"\" class=\"wp-image-77657\" srcset=\"https:\/\/cleitonpinheiro.com.br\/site\/wp-content\/uploads\/2024\/06\/dollars-499481_640.jpg 640w, https:\/\/cleitonpinheiro.com.br\/site\/wp-content\/uploads\/2024\/06\/dollars-499481_640-300x212.jpg 300w\" sizes=\"(max-width: 640px) 100vw, 640px\" \/><figcaption class=\"wp-element-caption\">Foto: Pixabay\/Divulga\u00e7\u00e3o <\/figcaption><\/figure>\n<\/figure>\n\n\n\n<p>Num dia de al\u00edvio no mercado financeiro, o d\u00f3lar caiu nesta quinta-feira (13) para abaixo de R$ 5,40 ap\u00f3s declara\u00e7\u00f5es do presidente Luiz In\u00e1cio Lula da Silva e dos ministros da Fazenda, Fernando Haddad, e do Planejamento, Simone Tebet, sobre o comprometimento com o ajuste fiscal. O clima positivo, no entanto, n\u00e3o se estendeu \u00e0 Bolsa de Valores (B3), que caiu pela segunda vez consecutiva e permanece no menor n\u00edvel em sete meses.<img decoding=\"async\" src=\"https:\/\/agenciabrasil.ebc.com.br\/ebc.png?id=1599625&amp;o=node\"><img decoding=\"async\" src=\"https:\/\/agenciabrasil.ebc.com.br\/ebc.gif?id=1599625&amp;o=node\"><\/p>\n\n\n\n<p>O d\u00f3lar comercial encerrou o dia vendido a R$ 5,367, com queda de R$ 0,04 (-0,73%). A cota\u00e7\u00e3o operou pr\u00f3xima da estabilidade durante a manh\u00e3, mas recuou ap\u00f3s as 11h15,&nbsp;<a href=\"https:\/\/agenciabrasil.ebc.com.br\/economia\/noticia\/2024-06\/haddad-e-tebet-defendem-aceleracao-de-agenda-de-corte-de-gastos\" target=\"_blank\" rel=\"noreferrer noopener\">quando Haddad e Tebet deram entrevista<\/a>&nbsp;em que se comprometeram a apresentar um plano de revis\u00e3o de gastos p\u00fablicos.<\/p>\n\n\n\n<p>Durante a tarde, a cota\u00e7\u00e3o continuou a cair, at\u00e9 se consolidar no n\u00edvel de R$ 5,36 na hora final de negocia\u00e7\u00e3o. A divisa acumula alta de 2,25% em junho e de 10,59% em 2024.<\/p>\n\n\n\n<p>O mercado de a\u00e7\u00f5es teve um dia mais vol\u00e1til. O \u00edndice Ibovespa, da B3, fechou aos 119.777 pontos, com leve queda de 0,13%. O indicador oscilou bastante, chegando a cair 0,64% \u00e0s 12h16, recuperou-se durante a tarde, chegando a operar acima dos 120 mil pontos, mas n\u00e3o manteve o patamar.<\/p>\n\n\n\n<h2 class=\"wp-block-heading\">Turbul\u00eancias<\/h2>\n\n\n\n<p>Nos \u00faltimos dias, o mercado financeiro enfrentou turbul\u00eancias internas e externas. No plano internacional, os investidores ainda digerem o comunicado do&nbsp;<em>Federal Reserve<\/em>&nbsp;(Fed, Banco Central norte-americano), que apontou que a autoridade monet\u00e1ria da maior economia do planeta s\u00f3 far\u00e1 um corte de 0,25 ponto percentual nos juros neste ano. Parte do mercado ainda acreditava na possibilidade de duas redu\u00e7\u00f5es em 2024.<\/p>\n\n\n\n<p>No entanto, os fatores internos t\u00eam pesado mais nos \u00faltimos dias.&nbsp;<a href=\"https:\/\/agenciabrasil.ebc.com.br\/politica\/noticia\/2024-06\/pacheco-decide-devolver-texto-de-mp-do-piscofins-ao-governo\" target=\"_blank\" rel=\"noreferrer noopener\">Ap\u00f3s a devolu\u00e7\u00e3o pelo presidente do Senado, Rodrigo Pacheco,<\/a>&nbsp;da medida provis\u00f3ria que limita as compensa\u00e7\u00f5es do Programa de Integra\u00e7\u00e3o Social (PIS) e da Contribui\u00e7\u00e3o para o Financiamento da Seguridade Social (Cofins), o mercado financeiro passou a pressionar por uma agenda de corte de gastos.<\/p>\n\n\n\n<p>Antes da entrevista de Haddad e de Tebet, o presidente Luiz In\u00e1cio Lula da Silva expressou apoio \u00e0 equipe econ\u00f4mica. Em viagem para a Su\u00ed\u00e7a, o presidente reiterou que n\u00e3o haver\u00e1 impacto sobre as contas p\u00fablicas, porque uma liminar do Supremo Tribunal Federal determinou a reonera\u00e7\u00e3o da folha de pagamento a 17 setores da economia e a pequenos munic\u00edpios, caso o governo e o Congresso n\u00e3o cheguem a um acordo para compensar o benef\u00edcio.<\/p>\n\n\n\n<p>\u201cAgora, voc\u00ea tem uma decis\u00e3o da Suprema Corte que vai acontecer. Se em 45 dias n\u00e3o houver um acordo sobre compensa\u00e7\u00e3o, o que vai acontecer? Vai acabar a desonera\u00e7\u00e3o, que era o que eu queria, por isso que eu vetei naquela \u00e9poca. A bola n\u00e3o est\u00e1 mais na m\u00e3o do Haddad; a bola est\u00e1 na m\u00e3o do Senado e na m\u00e3o dos empres\u00e1rios\u201d, declarou o presidente.<\/p>\n\n\n\n<p>Texto: Wellton M\u00e1ximo \u2013 Rep\u00f3rter da Ag\u00eancia Brasil* &#8211; Bras\u00edlia<\/p>\n\n\n\n<p>*\u00a0<em>Com informa\u00e7\u00f5es da ag\u00eancia Reuters<\/em><\/p>\n","protected":false},"excerpt":{"rendered":"<p>Num dia de al\u00edvio no mercado financeiro, o d\u00f3lar caiu nesta quinta-feira (13) para abaixo de R$ 5,40 ap\u00f3s declara\u00e7\u00f5es do presidente Luiz In\u00e1cio Lula da Silva e dos ministros da Fazenda, Fernando Haddad, e do Planejamento, Simone Tebet, sobre o comprometimento com o ajuste fiscal. O clima positivo, no entanto, n\u00e3o se estendeu \u00e0 [&hellip;]<\/p>\n","protected":false},"author":25,"featured_media":77657,"comment_status":"open","ping_status":"open","sticky":false,"template":"","format":"standard","meta":{"_acf_changed":false,"footnotes":""},"categories":[19,898],"tags":[],"class_list":["post-77656","post","type-post","status-publish","format-standard","has-post-thumbnail","hentry","category-brasil-mundo","category-manchete-segundaria"],"acf":[],"yoast_head":"<!-- This site is optimized with the Yoast SEO plugin v24.4 - https:\/\/yoast.com\/wordpress\/plugins\/seo\/ -->\n<title>D\u00f3lar cai para R$ 5,36 ap\u00f3s declara\u00e7\u00f5es de Lula e de ministros - PORTAL DE NOT\u00cdCIAS CLEITON PINHEIRO<\/title>\n<meta name=\"robots\" content=\"index, follow, max-snippet:-1, max-image-preview:large, max-video-preview:-1\" \/>\n<link rel=\"canonical\" href=\"https:\/\/cleitonpinheiro.com.br\/site\/dolar-cai-para-r-536-apos-declaracoes-de-lula-e-de-ministros\/\" \/>\n<meta property=\"og:locale\" content=\"pt_BR\" \/>\n<meta property=\"og:type\" content=\"article\" \/>\n<meta property=\"og:title\" content=\"D\u00f3lar cai para R$ 5,36 ap\u00f3s declara\u00e7\u00f5es de Lula e de ministros - PORTAL DE NOT\u00cdCIAS CLEITON PINHEIRO\" \/>\n<meta property=\"og:description\" content=\"Num dia de al\u00edvio no mercado financeiro, o d\u00f3lar caiu nesta quinta-feira (13) para abaixo de R$ 5,40 ap\u00f3s declara\u00e7\u00f5es do presidente Luiz In\u00e1cio Lula da Silva e dos ministros da Fazenda, Fernando Haddad, e do Planejamento, Simone Tebet, sobre o comprometimento com o ajuste fiscal. O clima positivo, no entanto, n\u00e3o se estendeu \u00e0 [&hellip;]\" \/>\n<meta property=\"og:url\" content=\"https:\/\/cleitonpinheiro.com.br\/site\/dolar-cai-para-r-536-apos-declaracoes-de-lula-e-de-ministros\/\" \/>\n<meta property=\"og:site_name\" content=\"PORTAL DE NOT\u00cdCIAS CLEITON PINHEIRO\" \/>\n<meta property=\"article:publisher\" content=\"https:\/\/www.facebook.com\/portalcpnoticias\/\" \/>\n<meta property=\"article:published_time\" content=\"2024-06-14T11:18:06+00:00\" \/>\n<meta property=\"article:modified_time\" content=\"2024-06-14T11:18:10+00:00\" \/>\n<meta property=\"og:image\" content=\"https:\/\/cleitonpinheiro.com.br\/site\/wp-content\/uploads\/2024\/06\/dollars-499481_640.jpg\" \/>\n\t<meta property=\"og:image:width\" content=\"640\" \/>\n\t<meta property=\"og:image:height\" content=\"453\" \/>\n\t<meta property=\"og:image:type\" content=\"image\/jpeg\" \/>\n<meta name=\"author\" content=\"Maria Inez Freitas de Oliveira\" \/>\n<meta name=\"twitter:card\" content=\"summary_large_image\" \/>\n<meta name=\"twitter:label1\" content=\"Escrito por\" \/>\n\t<meta name=\"twitter:data1\" content=\"Maria Inez Freitas de Oliveira\" \/>\n\t<meta name=\"twitter:label2\" content=\"Est. tempo de leitura\" \/>\n\t<meta name=\"twitter:data2\" content=\"4 minutos\" \/>\n<script type=\"application\/ld+json\" class=\"yoast-schema-graph\">{\"@context\":\"https:\/\/schema.org\",\"@graph\":[{\"@type\":\"Article\",\"@id\":\"https:\/\/cleitonpinheiro.com.br\/site\/dolar-cai-para-r-536-apos-declaracoes-de-lula-e-de-ministros\/#article\",\"isPartOf\":{\"@id\":\"https:\/\/cleitonpinheiro.com.br\/site\/dolar-cai-para-r-536-apos-declaracoes-de-lula-e-de-ministros\/\"},\"author\":{\"name\":\"Maria Inez Freitas de Oliveira\",\"@id\":\"https:\/\/cleitonpinheiro.com.br\/site\/#\/schema\/person\/afd66d2092a2af96277ec94d0fdca5e9\"},\"headline\":\"D\u00f3lar cai para R$ 5,36 ap\u00f3s declara\u00e7\u00f5es de Lula e de ministros\",\"datePublished\":\"2024-06-14T11:18:06+00:00\",\"dateModified\":\"2024-06-14T11:18:10+00:00\",\"mainEntityOfPage\":{\"@id\":\"https:\/\/cleitonpinheiro.com.br\/site\/dolar-cai-para-r-536-apos-declaracoes-de-lula-e-de-ministros\/\"},\"wordCount\":539,\"commentCount\":0,\"publisher\":{\"@id\":\"https:\/\/cleitonpinheiro.com.br\/site\/#organization\"},\"image\":{\"@id\":\"https:\/\/cleitonpinheiro.com.br\/site\/dolar-cai-para-r-536-apos-declaracoes-de-lula-e-de-ministros\/#primaryimage\"},\"thumbnailUrl\":\"https:\/\/cleitonpinheiro.com.br\/site\/wp-content\/uploads\/2024\/06\/dollars-499481_640.jpg\",\"articleSection\":[\"BRASIL \/ MUNDO\",\"MANCHETE SEGUND\u00c1RIA\"],\"inLanguage\":\"pt-BR\",\"potentialAction\":[{\"@type\":\"CommentAction\",\"name\":\"Comment\",\"target\":[\"https:\/\/cleitonpinheiro.com.br\/site\/dolar-cai-para-r-536-apos-declaracoes-de-lula-e-de-ministros\/#respond\"]}]},{\"@type\":\"WebPage\",\"@id\":\"https:\/\/cleitonpinheiro.com.br\/site\/dolar-cai-para-r-536-apos-declaracoes-de-lula-e-de-ministros\/\",\"url\":\"https:\/\/cleitonpinheiro.com.br\/site\/dolar-cai-para-r-536-apos-declaracoes-de-lula-e-de-ministros\/\",\"name\":\"D\u00f3lar cai para R$ 5,36 ap\u00f3s declara\u00e7\u00f5es de Lula e de ministros - PORTAL DE NOT\u00cdCIAS CLEITON PINHEIRO\",\"isPartOf\":{\"@id\":\"https:\/\/cleitonpinheiro.com.br\/site\/#website\"},\"primaryImageOfPage\":{\"@id\":\"https:\/\/cleitonpinheiro.com.br\/site\/dolar-cai-para-r-536-apos-declaracoes-de-lula-e-de-ministros\/#primaryimage\"},\"image\":{\"@id\":\"https:\/\/cleitonpinheiro.com.br\/site\/dolar-cai-para-r-536-apos-declaracoes-de-lula-e-de-ministros\/#primaryimage\"},\"thumbnailUrl\":\"https:\/\/cleitonpinheiro.com.br\/site\/wp-content\/uploads\/2024\/06\/dollars-499481_640.jpg\",\"datePublished\":\"2024-06-14T11:18:06+00:00\",\"dateModified\":\"2024-06-14T11:18:10+00:00\",\"breadcrumb\":{\"@id\":\"https:\/\/cleitonpinheiro.com.br\/site\/dolar-cai-para-r-536-apos-declaracoes-de-lula-e-de-ministros\/#breadcrumb\"},\"inLanguage\":\"pt-BR\",\"potentialAction\":[{\"@type\":\"ReadAction\",\"target\":[\"https:\/\/cleitonpinheiro.com.br\/site\/dolar-cai-para-r-536-apos-declaracoes-de-lula-e-de-ministros\/\"]}]},{\"@type\":\"ImageObject\",\"inLanguage\":\"pt-BR\",\"@id\":\"https:\/\/cleitonpinheiro.com.br\/site\/dolar-cai-para-r-536-apos-declaracoes-de-lula-e-de-ministros\/#primaryimage\",\"url\":\"https:\/\/cleitonpinheiro.com.br\/site\/wp-content\/uploads\/2024\/06\/dollars-499481_640.jpg\",\"contentUrl\":\"https:\/\/cleitonpinheiro.com.br\/site\/wp-content\/uploads\/2024\/06\/dollars-499481_640.jpg\",\"width\":640,\"height\":453},{\"@type\":\"BreadcrumbList\",\"@id\":\"https:\/\/cleitonpinheiro.com.br\/site\/dolar-cai-para-r-536-apos-declaracoes-de-lula-e-de-ministros\/#breadcrumb\",\"itemListElement\":[{\"@type\":\"ListItem\",\"position\":1,\"name\":\"In\u00edcio\",\"item\":\"https:\/\/cleitonpinheiro.com.br\/site\/\"},{\"@type\":\"ListItem\",\"position\":2,\"name\":\"D\u00f3lar cai para R$ 5,36 ap\u00f3s declara\u00e7\u00f5es de Lula e de ministros\"}]},{\"@type\":\"WebSite\",\"@id\":\"https:\/\/cleitonpinheiro.com.br\/site\/#website\",\"url\":\"https:\/\/cleitonpinheiro.com.br\/site\/\",\"name\":\"PORTAL DE NOT\u00cdCIAS CLEITON PINHEIRO\",\"description\":\"FALANDO A VERDADE\",\"publisher\":{\"@id\":\"https:\/\/cleitonpinheiro.com.br\/site\/#organization\"},\"potentialAction\":[{\"@type\":\"SearchAction\",\"target\":{\"@type\":\"EntryPoint\",\"urlTemplate\":\"https:\/\/cleitonpinheiro.com.br\/site\/?s={search_term_string}\"},\"query-input\":{\"@type\":\"PropertyValueSpecification\",\"valueRequired\":true,\"valueName\":\"search_term_string\"}}],\"inLanguage\":\"pt-BR\"},{\"@type\":\"Organization\",\"@id\":\"https:\/\/cleitonpinheiro.com.br\/site\/#organization\",\"name\":\"CPNOT\u00cdCIAS\",\"url\":\"https:\/\/cleitonpinheiro.com.br\/site\/\",\"logo\":{\"@type\":\"ImageObject\",\"inLanguage\":\"pt-BR\",\"@id\":\"https:\/\/cleitonpinheiro.com.br\/site\/#\/schema\/logo\/image\/\",\"url\":\"https:\/\/cleitonpinheiro.com.br\/site\/wp-content\/uploads\/2022\/08\/Logo-pequena-2.png\",\"contentUrl\":\"https:\/\/cleitonpinheiro.com.br\/site\/wp-content\/uploads\/2022\/08\/Logo-pequena-2.png\",\"width\":500,\"height\":500,\"caption\":\"CPNOT\u00cdCIAS\"},\"image\":{\"@id\":\"https:\/\/cleitonpinheiro.com.br\/site\/#\/schema\/logo\/image\/\"},\"sameAs\":[\"https:\/\/www.facebook.com\/portalcpnoticias\/\"]},{\"@type\":\"Person\",\"@id\":\"https:\/\/cleitonpinheiro.com.br\/site\/#\/schema\/person\/afd66d2092a2af96277ec94d0fdca5e9\",\"name\":\"Maria Inez Freitas de Oliveira\",\"image\":{\"@type\":\"ImageObject\",\"inLanguage\":\"pt-BR\",\"@id\":\"https:\/\/cleitonpinheiro.com.br\/site\/#\/schema\/person\/image\/\",\"url\":\"https:\/\/secure.gravatar.com\/avatar\/8da4748da444fee870fe4880de74d9dd08b34df8aabd6158765ed760cf8cd7c8?s=96&r=g\",\"contentUrl\":\"https:\/\/secure.gravatar.com\/avatar\/8da4748da444fee870fe4880de74d9dd08b34df8aabd6158765ed760cf8cd7c8?s=96&r=g\",\"caption\":\"Maria Inez Freitas de Oliveira\"},\"url\":\"https:\/\/cleitonpinheiro.com.br\/site\/author\/inez\/\"}]}<\/script>\n<!-- \/ Yoast SEO plugin. -->","yoast_head_json":{"title":"D\u00f3lar cai para R$ 5,36 ap\u00f3s declara\u00e7\u00f5es de Lula e de ministros - PORTAL DE NOT\u00cdCIAS CLEITON PINHEIRO","robots":{"index":"index","follow":"follow","max-snippet":"max-snippet:-1","max-image-preview":"max-image-preview:large","max-video-preview":"max-video-preview:-1"},"canonical":"https:\/\/cleitonpinheiro.com.br\/site\/dolar-cai-para-r-536-apos-declaracoes-de-lula-e-de-ministros\/","og_locale":"pt_BR","og_type":"article","og_title":"D\u00f3lar cai para R$ 5,36 ap\u00f3s declara\u00e7\u00f5es de Lula e de ministros - PORTAL DE NOT\u00cdCIAS CLEITON PINHEIRO","og_description":"Num dia de al\u00edvio no mercado financeiro, o d\u00f3lar caiu nesta quinta-feira (13) para abaixo de R$ 5,40 ap\u00f3s declara\u00e7\u00f5es do presidente Luiz In\u00e1cio Lula da Silva e dos ministros da Fazenda, Fernando Haddad, e do Planejamento, Simone Tebet, sobre o comprometimento com o ajuste fiscal. O clima positivo, no entanto, n\u00e3o se estendeu \u00e0 [&hellip;]","og_url":"https:\/\/cleitonpinheiro.com.br\/site\/dolar-cai-para-r-536-apos-declaracoes-de-lula-e-de-ministros\/","og_site_name":"PORTAL DE NOT\u00cdCIAS CLEITON PINHEIRO","article_publisher":"https:\/\/www.facebook.com\/portalcpnoticias\/","article_published_time":"2024-06-14T11:18:06+00:00","article_modified_time":"2024-06-14T11:18:10+00:00","og_image":[{"width":640,"height":453,"url":"https:\/\/cleitonpinheiro.com.br\/site\/wp-content\/uploads\/2024\/06\/dollars-499481_640.jpg","type":"image\/jpeg"}],"author":"Maria Inez Freitas de Oliveira","twitter_card":"summary_large_image","twitter_misc":{"Escrito por":"Maria Inez Freitas de Oliveira","Est. tempo de leitura":"4 minutos"},"schema":{"@context":"https:\/\/schema.org","@graph":[{"@type":"Article","@id":"https:\/\/cleitonpinheiro.com.br\/site\/dolar-cai-para-r-536-apos-declaracoes-de-lula-e-de-ministros\/#article","isPartOf":{"@id":"https:\/\/cleitonpinheiro.com.br\/site\/dolar-cai-para-r-536-apos-declaracoes-de-lula-e-de-ministros\/"},"author":{"name":"Maria Inez Freitas de Oliveira","@id":"https:\/\/cleitonpinheiro.com.br\/site\/#\/schema\/person\/afd66d2092a2af96277ec94d0fdca5e9"},"headline":"D\u00f3lar cai para R$ 5,36 ap\u00f3s declara\u00e7\u00f5es de Lula e de ministros","datePublished":"2024-06-14T11:18:06+00:00","dateModified":"2024-06-14T11:18:10+00:00","mainEntityOfPage":{"@id":"https:\/\/cleitonpinheiro.com.br\/site\/dolar-cai-para-r-536-apos-declaracoes-de-lula-e-de-ministros\/"},"wordCount":539,"commentCount":0,"publisher":{"@id":"https:\/\/cleitonpinheiro.com.br\/site\/#organization"},"image":{"@id":"https:\/\/cleitonpinheiro.com.br\/site\/dolar-cai-para-r-536-apos-declaracoes-de-lula-e-de-ministros\/#primaryimage"},"thumbnailUrl":"https:\/\/cleitonpinheiro.com.br\/site\/wp-content\/uploads\/2024\/06\/dollars-499481_640.jpg","articleSection":["BRASIL \/ MUNDO","MANCHETE SEGUND\u00c1RIA"],"inLanguage":"pt-BR","potentialAction":[{"@type":"CommentAction","name":"Comment","target":["https:\/\/cleitonpinheiro.com.br\/site\/dolar-cai-para-r-536-apos-declaracoes-de-lula-e-de-ministros\/#respond"]}]},{"@type":"WebPage","@id":"https:\/\/cleitonpinheiro.com.br\/site\/dolar-cai-para-r-536-apos-declaracoes-de-lula-e-de-ministros\/","url":"https:\/\/cleitonpinheiro.com.br\/site\/dolar-cai-para-r-536-apos-declaracoes-de-lula-e-de-ministros\/","name":"D\u00f3lar cai para R$ 5,36 ap\u00f3s declara\u00e7\u00f5es de Lula e de ministros - PORTAL DE NOT\u00cdCIAS CLEITON PINHEIRO","isPartOf":{"@id":"https:\/\/cleitonpinheiro.com.br\/site\/#website"},"primaryImageOfPage":{"@id":"https:\/\/cleitonpinheiro.com.br\/site\/dolar-cai-para-r-536-apos-declaracoes-de-lula-e-de-ministros\/#primaryimage"},"image":{"@id":"https:\/\/cleitonpinheiro.com.br\/site\/dolar-cai-para-r-536-apos-declaracoes-de-lula-e-de-ministros\/#primaryimage"},"thumbnailUrl":"https:\/\/cleitonpinheiro.com.br\/site\/wp-content\/uploads\/2024\/06\/dollars-499481_640.jpg","datePublished":"2024-06-14T11:18:06+00:00","dateModified":"2024-06-14T11:18:10+00:00","breadcrumb":{"@id":"https:\/\/cleitonpinheiro.com.br\/site\/dolar-cai-para-r-536-apos-declaracoes-de-lula-e-de-ministros\/#breadcrumb"},"inLanguage":"pt-BR","potentialAction":[{"@type":"ReadAction","target":["https:\/\/cleitonpinheiro.com.br\/site\/dolar-cai-para-r-536-apos-declaracoes-de-lula-e-de-ministros\/"]}]},{"@type":"ImageObject","inLanguage":"pt-BR","@id":"https:\/\/cleitonpinheiro.com.br\/site\/dolar-cai-para-r-536-apos-declaracoes-de-lula-e-de-ministros\/#primaryimage","url":"https:\/\/cleitonpinheiro.com.br\/site\/wp-content\/uploads\/2024\/06\/dollars-499481_640.jpg","contentUrl":"https:\/\/cleitonpinheiro.com.br\/site\/wp-content\/uploads\/2024\/06\/dollars-499481_640.jpg","width":640,"height":453},{"@type":"BreadcrumbList","@id":"https:\/\/cleitonpinheiro.com.br\/site\/dolar-cai-para-r-536-apos-declaracoes-de-lula-e-de-ministros\/#breadcrumb","itemListElement":[{"@type":"ListItem","position":1,"name":"In\u00edcio","item":"https:\/\/cleitonpinheiro.com.br\/site\/"},{"@type":"ListItem","position":2,"name":"D\u00f3lar cai para R$ 5,36 ap\u00f3s declara\u00e7\u00f5es de Lula e de ministros"}]},{"@type":"WebSite","@id":"https:\/\/cleitonpinheiro.com.br\/site\/#website","url":"https:\/\/cleitonpinheiro.com.br\/site\/","name":"PORTAL DE NOT\u00cdCIAS CLEITON PINHEIRO","description":"FALANDO A VERDADE","publisher":{"@id":"https:\/\/cleitonpinheiro.com.br\/site\/#organization"},"potentialAction":[{"@type":"SearchAction","target":{"@type":"EntryPoint","urlTemplate":"https:\/\/cleitonpinheiro.com.br\/site\/?s={search_term_string}"},"query-input":{"@type":"PropertyValueSpecification","valueRequired":true,"valueName":"search_term_string"}}],"inLanguage":"pt-BR"},{"@type":"Organization","@id":"https:\/\/cleitonpinheiro.com.br\/site\/#organization","name":"CPNOT\u00cdCIAS","url":"https:\/\/cleitonpinheiro.com.br\/site\/","logo":{"@type":"ImageObject","inLanguage":"pt-BR","@id":"https:\/\/cleitonpinheiro.com.br\/site\/#\/schema\/logo\/image\/","url":"https:\/\/cleitonpinheiro.com.br\/site\/wp-content\/uploads\/2022\/08\/Logo-pequena-2.png","contentUrl":"https:\/\/cleitonpinheiro.com.br\/site\/wp-content\/uploads\/2022\/08\/Logo-pequena-2.png","width":500,"height":500,"caption":"CPNOT\u00cdCIAS"},"image":{"@id":"https:\/\/cleitonpinheiro.com.br\/site\/#\/schema\/logo\/image\/"},"sameAs":["https:\/\/www.facebook.com\/portalcpnoticias\/"]},{"@type":"Person","@id":"https:\/\/cleitonpinheiro.com.br\/site\/#\/schema\/person\/afd66d2092a2af96277ec94d0fdca5e9","name":"Maria Inez Freitas de Oliveira","image":{"@type":"ImageObject","inLanguage":"pt-BR","@id":"https:\/\/cleitonpinheiro.com.br\/site\/#\/schema\/person\/image\/","url":"https:\/\/secure.gravatar.com\/avatar\/8da4748da444fee870fe4880de74d9dd08b34df8aabd6158765ed760cf8cd7c8?s=96&r=g","contentUrl":"https:\/\/secure.gravatar.com\/avatar\/8da4748da444fee870fe4880de74d9dd08b34df8aabd6158765ed760cf8cd7c8?s=96&r=g","caption":"Maria Inez Freitas de Oliveira"},"url":"https:\/\/cleitonpinheiro.com.br\/site\/author\/inez\/"}]}},"views":149,"_links":{"self":[{"href":"https:\/\/cleitonpinheiro.com.br\/site\/wp-json\/wp\/v2\/posts\/77656","targetHints":{"allow":["GET"]}}],"collection":[{"href":"https:\/\/cleitonpinheiro.com.br\/site\/wp-json\/wp\/v2\/posts"}],"about":[{"href":"https:\/\/cleitonpinheiro.com.br\/site\/wp-json\/wp\/v2\/types\/post"}],"author":[{"embeddable":true,"href":"https:\/\/cleitonpinheiro.com.br\/site\/wp-json\/wp\/v2\/users\/25"}],"replies":[{"embeddable":true,"href":"https:\/\/cleitonpinheiro.com.br\/site\/wp-json\/wp\/v2\/comments?post=77656"}],"version-history":[{"count":1,"href":"https:\/\/cleitonpinheiro.com.br\/site\/wp-json\/wp\/v2\/posts\/77656\/revisions"}],"predecessor-version":[{"id":77658,"href":"https:\/\/cleitonpinheiro.com.br\/site\/wp-json\/wp\/v2\/posts\/77656\/revisions\/77658"}],"wp:featuredmedia":[{"embeddable":true,"href":"https:\/\/cleitonpinheiro.com.br\/site\/wp-json\/wp\/v2\/media\/77657"}],"wp:attachment":[{"href":"https:\/\/cleitonpinheiro.com.br\/site\/wp-json\/wp\/v2\/media?parent=77656"}],"wp:term":[{"taxonomy":"category","embeddable":true,"href":"https:\/\/cleitonpinheiro.com.br\/site\/wp-json\/wp\/v2\/categories?post=77656"},{"taxonomy":"post_tag","embeddable":true,"href":"https:\/\/cleitonpinheiro.com.br\/site\/wp-json\/wp\/v2\/tags?post=77656"}],"curies":[{"name":"wp","href":"https:\/\/api.w.org\/{rel}","templated":true}]}}