{"id":77659,"date":"2024-06-14T08:49:03","date_gmt":"2024-06-14T11:49:03","guid":{"rendered":"https:\/\/cleitonpinheiro.com.br\/site\/?p=77659"},"modified":"2024-06-14T08:49:08","modified_gmt":"2024-06-14T11:49:08","slug":"arraia-da-capital-2024-tera-forro-de-solange-almeida-na-primeira-noite-do-arraia-da-capital-2024","status":"publish","type":"post","link":"https:\/\/cleitonpinheiro.com.br\/site\/arraia-da-capital-2024-tera-forro-de-solange-almeida-na-primeira-noite-do-arraia-da-capital-2024\/","title":{"rendered":"Arrai\u00e1 da Capital 2024 ter\u00e1 forr\u00f3 de Solange Almeida na primeira noite do Arrai\u00e1 da Capital 2024"},"content":{"rendered":"\n<h2 class=\"wp-block-heading\"><\/h2>\n\n\n\n<figure class=\"wp-block-gallery has-nested-images columns-default is-cropped wp-block-gallery-1 is-layout-flex wp-block-gallery-is-layout-flex\">\n<figure class=\"wp-block-image size-large\"><img fetchpriority=\"high\" decoding=\"async\" width=\"800\" height=\"600\" data-id=\"77660\" src=\"https:\/\/cleitonpinheiro.com.br\/site\/wp-content\/uploads\/2024\/06\/44414d0dd99344df8a62904421df3df8.jpg\" alt=\"\" class=\"wp-image-77660\" srcset=\"https:\/\/cleitonpinheiro.com.br\/site\/wp-content\/uploads\/2024\/06\/44414d0dd99344df8a62904421df3df8.jpg 800w, https:\/\/cleitonpinheiro.com.br\/site\/wp-content\/uploads\/2024\/06\/44414d0dd99344df8a62904421df3df8-300x225.jpg 300w, https:\/\/cleitonpinheiro.com.br\/site\/wp-content\/uploads\/2024\/06\/44414d0dd99344df8a62904421df3df8-768x576.jpg 768w\" sizes=\"(max-width: 800px) 100vw, 800px\" \/><figcaption class=\"wp-element-caption\">Foto: divulga\u00e7\u00e3o<\/figcaption><\/figure>\n<\/figure>\n\n\n\n<p>Chegou uma das \u00e9pocas mais esperadas pelo palmense. Na pr\u00f3xima quarta-feira, 19, a cantora Solange Almeida abrir\u00e1 festan\u00e7a do 32\u00ba Arrai\u00e1 da Capital. &nbsp;O evento, que segue at\u00e9 a segunda-feira, 24, contar\u00e1 ainda com shows da Cia do Calypso, Banda da Loirinha, Thiago Brava e Clayton e Rom\u00e1rio, al\u00e9m dos cantores regionais Sabrina Fitipaldi, Moleca Sapeca, Clayton Farias, Marcos e D\u00b4Luca, Sabino S\u00e1 e Trio Bacana e DJ&nbsp;Mateus Peres, que se apresentar\u00e3o no palco principal.&nbsp;<\/p>\n\n\n\n<p>O arrasta-p\u00e9 acontece todos os dias no Coreto do Forr\u00f3, com a anima\u00e7\u00e3o de forrozeiros tradicionais da Capital. &nbsp;J\u00e1 na arena, o espet\u00e1culo fica por conta do Concurso de Juninas. Doze quadrilhas juninas ir\u00e3o concorrer nesta edi\u00e7\u00e3o, sendo nove no Grupo Especial e tr\u00eas no Grupo de Acesso. A disputa \u00e9 pelos seguintes pr\u00eamios: melhores quadrilhas Juninas do Grupo Especial e Grupo de Acesso; Rainha, 1\u00aa e 2\u00aa Princesas do 32\u00ba Arrai\u00e1 da Capital; Melhor Animador\/Marcador; Melhor Casal de Reis e&nbsp;Melhor Casal de Noivos.<\/p>\n\n\n\n<p>Ao realizar o Arrai\u00e1 da Capital, a Prefeitura de Palmas, atrav\u00e9s da Funda\u00e7\u00e3o Cultural de Palmas (FCP), al\u00e9m de valorizar e preservar a cultura popular, tamb\u00e9m investe na economia criativa que movimenta uma cadeia formada por lojistas, costureiras, figurinistas, compositores, core\u00f3grafos, t\u00e9cnicos, dentre outros trabalhadores que se profissionalizam e entregam um evento cada vez mais rico e belo. \u00c9 v\u00e1lido citar ainda os recursos que giram no com\u00e9rcio de comidas t\u00edpicas na vila gastron\u00f4mica do evento. Este ano,&nbsp;<a href=\"https:\/\/agenciapalmas.com\/Noticia\/242161\/Trabalhadores-ambulantes-s%C3%A3o-sorteados-para-o-32%C2%B0-Arrai%C3%A1-da-Capital\" target=\"_blank\" rel=\"noreferrer noopener\">31 empreendedores<\/a>&nbsp;estar\u00e3o na&nbsp;pra\u00e7a de alimenta\u00e7\u00e3o do Arrai\u00e1.<\/p>\n\n\n\n<p>\u201cO Arrai\u00e1 da Capital cresce e fica mais bonito a cada edi\u00e7\u00e3o. Este ano o p\u00fablico vai poder reconhecer Palmas na cenografia, sem perder e a identidade regional das festas juninas que est\u00e3o na nossa mem\u00f3ria desde sempre. Ser\u00e3o, sem d\u00favida, cinco dias de um evento alegre, belo e seguro\u201d, ressalta o presidente da FCP, Giovanni Assis.&nbsp; Confira abaixo a programa\u00e7\u00e3o completa do evento:<\/p>\n\n\n\n<p><br><strong>Concurso de Juninas &#8211;&nbsp;<\/strong>a&nbsp;partir das 19 horas<\/p>\n\n\n\n<ul class=\"wp-block-list\">\n<li><strong>19\/06\u00a0<\/strong>\u2013\u00a0<strong>Concurso de Rainhas<\/strong><\/li>\n\n\n\n<li><strong>20\/06\u00a0<\/strong>\u2013<strong>\u00a0Arrai\u00e1 da Comunidade\u00a0<\/strong><\/li>\n\n\n\n<li><strong>21 \/06<\/strong>\u00a0\u2013\u00a0<strong>Concurso das Quadrilhas Juninas \u2013 Grupo de Acesso:<\/strong>Encanto Luar ;Pula Fogueira ; Ful\u00f4 do Mandacaru<\/li>\n\n\n\n<li><strong>22\/06\u00a0<\/strong>&#8211; \u00a0<strong>Concurso das Quadrilhas Juninas \u2013 Grupo Especial:<\/strong>\u00a0Cafund\u00f3 do Brejo, Estrela do Sert\u00e3o, Na\u00e7\u00e3o Junina, Explos\u00e3o Amor Caipira, S\u00e3o Jo\u00e3o das Palmas<\/li>\n\n\n\n<li><strong>23\/06<\/strong>\u00a0\u2013\u00a0<strong>Concurso das Quadrilhas Juninas \u2013 Grupo Especial:<\/strong>\u00a0Fogo na Cumbuca, Pizada da Butina, Matutos da Noite, Arrasta P\u00e9 do Liberdade<\/li>\n\n\n\n<li><strong>24\/06 \u2013 Apura\u00e7\u00e3o e premia\u00e7\u00e3o do concurso juninas<\/strong>\u00a0<\/li>\n<\/ul>\n\n\n\n<p><strong>Coreto do Forr\u00f3&nbsp;\u2013<\/strong>&nbsp;todos os dias a partir das 19h30<\/p>\n\n\n\n<p><strong>Programa\u00e7\u00e3o do Palco Principal&nbsp; &#8211;<\/strong>&nbsp;22h30<\/p>\n\n\n\n<ul class=\"wp-block-list\">\n<li><strong>19\/06 (quarta feira)<\/strong>\u00a0&#8211;<strong>\u00a0<\/strong>Solange Almeida; DJ\u00a0Mateus Peres; Sabrina Fitipaldi<\/li>\n\n\n\n<li><strong>20\/06 (quinta-feira)\u00a0<\/strong>&#8211;<strong>\u00a0<\/strong>Cia Calypso ; DJ\u00a0Mateus Peres; Banda da Loirinha; Moleca Sapeca<\/li>\n\n\n\n<li><strong>21\/06 (sexta feira)\u00a0<\/strong>&#8211;\u00a0Cleyton Farias; DJ\u00a0Mateus Peres; Thiago Brava; Marcos e D\u2019Lucca<\/li>\n\n\n\n<li><strong>22\/06 (S\u00e1bado)<\/strong>\u00a0&#8211; Kadu Martins; DJ Mateus Peres; Pedra de Fogo \u00a0<\/li>\n\n\n\n<li><strong>23\/06 (domingo)\u00a0<\/strong>&#8211;\u00a0Clayton e Rom\u00e1rio; DJ\u00a0\u00a0Mateus Peres; Sabino S\u00e1 e Banda\u00a0<\/li>\n\n\n\n<li><strong>24\/06 (segunda)\u00a0<\/strong>&#8211; Trio bacana<\/li>\n<\/ul>\n\n\n\n<p><br>Texto: FCP<\/p>\n","protected":false},"excerpt":{"rendered":"<p>Chegou uma das \u00e9pocas mais esperadas pelo palmense. Na pr\u00f3xima quarta-feira, 19, a cantora Solange Almeida abrir\u00e1 festan\u00e7a do 32\u00ba Arrai\u00e1 da Capital. &nbsp;O evento, que segue at\u00e9 a segunda-feira, 24, contar\u00e1 ainda com shows da Cia do Calypso, Banda da Loirinha, Thiago Brava e Clayton e Rom\u00e1rio, al\u00e9m dos cantores regionais Sabrina Fitipaldi, Moleca [&hellip;]<\/p>\n","protected":false},"author":25,"featured_media":77660,"comment_status":"open","ping_status":"open","sticky":false,"template":"","format":"standard","meta":{"_acf_changed":false,"footnotes":""},"categories":[22,898],"tags":[],"class_list":["post-77659","post","type-post","status-publish","format-standard","has-post-thumbnail","hentry","category-cidades","category-manchete-segundaria"],"acf":[],"yoast_head":"<!-- This site is optimized with the Yoast SEO plugin v24.4 - https:\/\/yoast.com\/wordpress\/plugins\/seo\/ -->\n<title>Arrai\u00e1 da Capital 2024 ter\u00e1 forr\u00f3 de Solange Almeida na primeira noite do Arrai\u00e1 da Capital 2024 - PORTAL DE NOT\u00cdCIAS CLEITON PINHEIRO<\/title>\n<meta name=\"robots\" content=\"index, follow, max-snippet:-1, max-image-preview:large, max-video-preview:-1\" \/>\n<link rel=\"canonical\" href=\"https:\/\/cleitonpinheiro.com.br\/site\/arraia-da-capital-2024-tera-forro-de-solange-almeida-na-primeira-noite-do-arraia-da-capital-2024\/\" \/>\n<meta property=\"og:locale\" content=\"pt_BR\" \/>\n<meta property=\"og:type\" content=\"article\" \/>\n<meta property=\"og:title\" content=\"Arrai\u00e1 da Capital 2024 ter\u00e1 forr\u00f3 de Solange Almeida na primeira noite do Arrai\u00e1 da Capital 2024 - PORTAL DE NOT\u00cdCIAS CLEITON PINHEIRO\" \/>\n<meta property=\"og:description\" content=\"Chegou uma das \u00e9pocas mais esperadas pelo palmense. Na pr\u00f3xima quarta-feira, 19, a cantora Solange Almeida abrir\u00e1 festan\u00e7a do 32\u00ba Arrai\u00e1 da Capital. &nbsp;O evento, que segue at\u00e9 a segunda-feira, 24, contar\u00e1 ainda com shows da Cia do Calypso, Banda da Loirinha, Thiago Brava e Clayton e Rom\u00e1rio, al\u00e9m dos cantores regionais Sabrina Fitipaldi, Moleca [&hellip;]\" \/>\n<meta property=\"og:url\" content=\"https:\/\/cleitonpinheiro.com.br\/site\/arraia-da-capital-2024-tera-forro-de-solange-almeida-na-primeira-noite-do-arraia-da-capital-2024\/\" \/>\n<meta property=\"og:site_name\" content=\"PORTAL DE NOT\u00cdCIAS CLEITON PINHEIRO\" \/>\n<meta property=\"article:publisher\" content=\"https:\/\/www.facebook.com\/portalcpnoticias\/\" \/>\n<meta property=\"article:published_time\" content=\"2024-06-14T11:49:03+00:00\" \/>\n<meta property=\"article:modified_time\" content=\"2024-06-14T11:49:08+00:00\" \/>\n<meta property=\"og:image\" content=\"https:\/\/cleitonpinheiro.com.br\/site\/wp-content\/uploads\/2024\/06\/44414d0dd99344df8a62904421df3df8.jpg\" \/>\n<meta name=\"author\" content=\"Maria Inez Freitas de Oliveira\" \/>\n<meta name=\"twitter:card\" content=\"summary_large_image\" \/>\n<meta name=\"twitter:label1\" content=\"Escrito por\" \/>\n\t<meta name=\"twitter:data1\" content=\"Maria Inez Freitas de Oliveira\" \/>\n\t<meta name=\"twitter:label2\" content=\"Est. tempo de leitura\" \/>\n\t<meta name=\"twitter:data2\" content=\"3 minutos\" \/>\n<script type=\"application\/ld+json\" class=\"yoast-schema-graph\">{\"@context\":\"https:\/\/schema.org\",\"@graph\":[{\"@type\":\"Article\",\"@id\":\"https:\/\/cleitonpinheiro.com.br\/site\/arraia-da-capital-2024-tera-forro-de-solange-almeida-na-primeira-noite-do-arraia-da-capital-2024\/#article\",\"isPartOf\":{\"@id\":\"https:\/\/cleitonpinheiro.com.br\/site\/arraia-da-capital-2024-tera-forro-de-solange-almeida-na-primeira-noite-do-arraia-da-capital-2024\/\"},\"author\":{\"name\":\"Maria Inez Freitas de Oliveira\",\"@id\":\"https:\/\/cleitonpinheiro.com.br\/site\/#\/schema\/person\/afd66d2092a2af96277ec94d0fdca5e9\"},\"headline\":\"Arrai\u00e1 da Capital 2024 ter\u00e1 forr\u00f3 de Solange Almeida na primeira noite do Arrai\u00e1 da Capital 2024\",\"datePublished\":\"2024-06-14T11:49:03+00:00\",\"dateModified\":\"2024-06-14T11:49:08+00:00\",\"mainEntityOfPage\":{\"@id\":\"https:\/\/cleitonpinheiro.com.br\/site\/arraia-da-capital-2024-tera-forro-de-solange-almeida-na-primeira-noite-do-arraia-da-capital-2024\/\"},\"wordCount\":534,\"commentCount\":0,\"publisher\":{\"@id\":\"https:\/\/cleitonpinheiro.com.br\/site\/#organization\"},\"image\":{\"@id\":\"https:\/\/cleitonpinheiro.com.br\/site\/arraia-da-capital-2024-tera-forro-de-solange-almeida-na-primeira-noite-do-arraia-da-capital-2024\/#primaryimage\"},\"thumbnailUrl\":\"https:\/\/cleitonpinheiro.com.br\/site\/wp-content\/uploads\/2024\/06\/44414d0dd99344df8a62904421df3df8.jpg\",\"articleSection\":[\"CIDADES\",\"MANCHETE SEGUND\u00c1RIA\"],\"inLanguage\":\"pt-BR\",\"potentialAction\":[{\"@type\":\"CommentAction\",\"name\":\"Comment\",\"target\":[\"https:\/\/cleitonpinheiro.com.br\/site\/arraia-da-capital-2024-tera-forro-de-solange-almeida-na-primeira-noite-do-arraia-da-capital-2024\/#respond\"]}]},{\"@type\":\"WebPage\",\"@id\":\"https:\/\/cleitonpinheiro.com.br\/site\/arraia-da-capital-2024-tera-forro-de-solange-almeida-na-primeira-noite-do-arraia-da-capital-2024\/\",\"url\":\"https:\/\/cleitonpinheiro.com.br\/site\/arraia-da-capital-2024-tera-forro-de-solange-almeida-na-primeira-noite-do-arraia-da-capital-2024\/\",\"name\":\"Arrai\u00e1 da Capital 2024 ter\u00e1 forr\u00f3 de Solange Almeida na primeira noite do Arrai\u00e1 da Capital 2024 - PORTAL DE NOT\u00cdCIAS CLEITON PINHEIRO\",\"isPartOf\":{\"@id\":\"https:\/\/cleitonpinheiro.com.br\/site\/#website\"},\"primaryImageOfPage\":{\"@id\":\"https:\/\/cleitonpinheiro.com.br\/site\/arraia-da-capital-2024-tera-forro-de-solange-almeida-na-primeira-noite-do-arraia-da-capital-2024\/#primaryimage\"},\"image\":{\"@id\":\"https:\/\/cleitonpinheiro.com.br\/site\/arraia-da-capital-2024-tera-forro-de-solange-almeida-na-primeira-noite-do-arraia-da-capital-2024\/#primaryimage\"},\"thumbnailUrl\":\"https:\/\/cleitonpinheiro.com.br\/site\/wp-content\/uploads\/2024\/06\/44414d0dd99344df8a62904421df3df8.jpg\",\"datePublished\":\"2024-06-14T11:49:03+00:00\",\"dateModified\":\"2024-06-14T11:49:08+00:00\",\"breadcrumb\":{\"@id\":\"https:\/\/cleitonpinheiro.com.br\/site\/arraia-da-capital-2024-tera-forro-de-solange-almeida-na-primeira-noite-do-arraia-da-capital-2024\/#breadcrumb\"},\"inLanguage\":\"pt-BR\",\"potentialAction\":[{\"@type\":\"ReadAction\",\"target\":[\"https:\/\/cleitonpinheiro.com.br\/site\/arraia-da-capital-2024-tera-forro-de-solange-almeida-na-primeira-noite-do-arraia-da-capital-2024\/\"]}]},{\"@type\":\"ImageObject\",\"inLanguage\":\"pt-BR\",\"@id\":\"https:\/\/cleitonpinheiro.com.br\/site\/arraia-da-capital-2024-tera-forro-de-solange-almeida-na-primeira-noite-do-arraia-da-capital-2024\/#primaryimage\",\"url\":\"https:\/\/cleitonpinheiro.com.br\/site\/wp-content\/uploads\/2024\/06\/44414d0dd99344df8a62904421df3df8.jpg\",\"contentUrl\":\"https:\/\/cleitonpinheiro.com.br\/site\/wp-content\/uploads\/2024\/06\/44414d0dd99344df8a62904421df3df8.jpg\",\"width\":800,\"height\":600},{\"@type\":\"BreadcrumbList\",\"@id\":\"https:\/\/cleitonpinheiro.com.br\/site\/arraia-da-capital-2024-tera-forro-de-solange-almeida-na-primeira-noite-do-arraia-da-capital-2024\/#breadcrumb\",\"itemListElement\":[{\"@type\":\"ListItem\",\"position\":1,\"name\":\"In\u00edcio\",\"item\":\"https:\/\/cleitonpinheiro.com.br\/site\/\"},{\"@type\":\"ListItem\",\"position\":2,\"name\":\"Arrai\u00e1 da Capital 2024 ter\u00e1 forr\u00f3 de Solange Almeida na primeira noite do Arrai\u00e1 da Capital 2024\"}]},{\"@type\":\"WebSite\",\"@id\":\"https:\/\/cleitonpinheiro.com.br\/site\/#website\",\"url\":\"https:\/\/cleitonpinheiro.com.br\/site\/\",\"name\":\"PORTAL DE NOT\u00cdCIAS CLEITON PINHEIRO\",\"description\":\"FALANDO A VERDADE\",\"publisher\":{\"@id\":\"https:\/\/cleitonpinheiro.com.br\/site\/#organization\"},\"potentialAction\":[{\"@type\":\"SearchAction\",\"target\":{\"@type\":\"EntryPoint\",\"urlTemplate\":\"https:\/\/cleitonpinheiro.com.br\/site\/?s={search_term_string}\"},\"query-input\":{\"@type\":\"PropertyValueSpecification\",\"valueRequired\":true,\"valueName\":\"search_term_string\"}}],\"inLanguage\":\"pt-BR\"},{\"@type\":\"Organization\",\"@id\":\"https:\/\/cleitonpinheiro.com.br\/site\/#organization\",\"name\":\"CPNOT\u00cdCIAS\",\"url\":\"https:\/\/cleitonpinheiro.com.br\/site\/\",\"logo\":{\"@type\":\"ImageObject\",\"inLanguage\":\"pt-BR\",\"@id\":\"https:\/\/cleitonpinheiro.com.br\/site\/#\/schema\/logo\/image\/\",\"url\":\"https:\/\/cleitonpinheiro.com.br\/site\/wp-content\/uploads\/2022\/08\/Logo-pequena-2.png\",\"contentUrl\":\"https:\/\/cleitonpinheiro.com.br\/site\/wp-content\/uploads\/2022\/08\/Logo-pequena-2.png\",\"width\":500,\"height\":500,\"caption\":\"CPNOT\u00cdCIAS\"},\"image\":{\"@id\":\"https:\/\/cleitonpinheiro.com.br\/site\/#\/schema\/logo\/image\/\"},\"sameAs\":[\"https:\/\/www.facebook.com\/portalcpnoticias\/\"]},{\"@type\":\"Person\",\"@id\":\"https:\/\/cleitonpinheiro.com.br\/site\/#\/schema\/person\/afd66d2092a2af96277ec94d0fdca5e9\",\"name\":\"Maria Inez Freitas de Oliveira\",\"image\":{\"@type\":\"ImageObject\",\"inLanguage\":\"pt-BR\",\"@id\":\"https:\/\/cleitonpinheiro.com.br\/site\/#\/schema\/person\/image\/\",\"url\":\"https:\/\/secure.gravatar.com\/avatar\/8da4748da444fee870fe4880de74d9dd08b34df8aabd6158765ed760cf8cd7c8?s=96&r=g\",\"contentUrl\":\"https:\/\/secure.gravatar.com\/avatar\/8da4748da444fee870fe4880de74d9dd08b34df8aabd6158765ed760cf8cd7c8?s=96&r=g\",\"caption\":\"Maria Inez Freitas de Oliveira\"},\"url\":\"https:\/\/cleitonpinheiro.com.br\/site\/author\/inez\/\"}]}<\/script>\n<!-- \/ Yoast SEO plugin. -->","yoast_head_json":{"title":"Arrai\u00e1 da Capital 2024 ter\u00e1 forr\u00f3 de Solange Almeida na primeira noite do Arrai\u00e1 da Capital 2024 - PORTAL DE NOT\u00cdCIAS CLEITON PINHEIRO","robots":{"index":"index","follow":"follow","max-snippet":"max-snippet:-1","max-image-preview":"max-image-preview:large","max-video-preview":"max-video-preview:-1"},"canonical":"https:\/\/cleitonpinheiro.com.br\/site\/arraia-da-capital-2024-tera-forro-de-solange-almeida-na-primeira-noite-do-arraia-da-capital-2024\/","og_locale":"pt_BR","og_type":"article","og_title":"Arrai\u00e1 da Capital 2024 ter\u00e1 forr\u00f3 de Solange Almeida na primeira noite do Arrai\u00e1 da Capital 2024 - PORTAL DE NOT\u00cdCIAS CLEITON PINHEIRO","og_description":"Chegou uma das \u00e9pocas mais esperadas pelo palmense. Na pr\u00f3xima quarta-feira, 19, a cantora Solange Almeida abrir\u00e1 festan\u00e7a do 32\u00ba Arrai\u00e1 da Capital. &nbsp;O evento, que segue at\u00e9 a segunda-feira, 24, contar\u00e1 ainda com shows da Cia do Calypso, Banda da Loirinha, Thiago Brava e Clayton e Rom\u00e1rio, al\u00e9m dos cantores regionais Sabrina Fitipaldi, Moleca [&hellip;]","og_url":"https:\/\/cleitonpinheiro.com.br\/site\/arraia-da-capital-2024-tera-forro-de-solange-almeida-na-primeira-noite-do-arraia-da-capital-2024\/","og_site_name":"PORTAL DE NOT\u00cdCIAS CLEITON PINHEIRO","article_publisher":"https:\/\/www.facebook.com\/portalcpnoticias\/","article_published_time":"2024-06-14T11:49:03+00:00","article_modified_time":"2024-06-14T11:49:08+00:00","og_image":[{"url":"https:\/\/cleitonpinheiro.com.br\/site\/wp-content\/uploads\/2024\/06\/44414d0dd99344df8a62904421df3df8.jpg","type":"","width":"","height":""}],"author":"Maria Inez Freitas de Oliveira","twitter_card":"summary_large_image","twitter_misc":{"Escrito por":"Maria Inez Freitas de Oliveira","Est. tempo de leitura":"3 minutos"},"schema":{"@context":"https:\/\/schema.org","@graph":[{"@type":"Article","@id":"https:\/\/cleitonpinheiro.com.br\/site\/arraia-da-capital-2024-tera-forro-de-solange-almeida-na-primeira-noite-do-arraia-da-capital-2024\/#article","isPartOf":{"@id":"https:\/\/cleitonpinheiro.com.br\/site\/arraia-da-capital-2024-tera-forro-de-solange-almeida-na-primeira-noite-do-arraia-da-capital-2024\/"},"author":{"name":"Maria Inez Freitas de Oliveira","@id":"https:\/\/cleitonpinheiro.com.br\/site\/#\/schema\/person\/afd66d2092a2af96277ec94d0fdca5e9"},"headline":"Arrai\u00e1 da Capital 2024 ter\u00e1 forr\u00f3 de Solange Almeida na primeira noite do Arrai\u00e1 da Capital 2024","datePublished":"2024-06-14T11:49:03+00:00","dateModified":"2024-06-14T11:49:08+00:00","mainEntityOfPage":{"@id":"https:\/\/cleitonpinheiro.com.br\/site\/arraia-da-capital-2024-tera-forro-de-solange-almeida-na-primeira-noite-do-arraia-da-capital-2024\/"},"wordCount":534,"commentCount":0,"publisher":{"@id":"https:\/\/cleitonpinheiro.com.br\/site\/#organization"},"image":{"@id":"https:\/\/cleitonpinheiro.com.br\/site\/arraia-da-capital-2024-tera-forro-de-solange-almeida-na-primeira-noite-do-arraia-da-capital-2024\/#primaryimage"},"thumbnailUrl":"https:\/\/cleitonpinheiro.com.br\/site\/wp-content\/uploads\/2024\/06\/44414d0dd99344df8a62904421df3df8.jpg","articleSection":["CIDADES","MANCHETE SEGUND\u00c1RIA"],"inLanguage":"pt-BR","potentialAction":[{"@type":"CommentAction","name":"Comment","target":["https:\/\/cleitonpinheiro.com.br\/site\/arraia-da-capital-2024-tera-forro-de-solange-almeida-na-primeira-noite-do-arraia-da-capital-2024\/#respond"]}]},{"@type":"WebPage","@id":"https:\/\/cleitonpinheiro.com.br\/site\/arraia-da-capital-2024-tera-forro-de-solange-almeida-na-primeira-noite-do-arraia-da-capital-2024\/","url":"https:\/\/cleitonpinheiro.com.br\/site\/arraia-da-capital-2024-tera-forro-de-solange-almeida-na-primeira-noite-do-arraia-da-capital-2024\/","name":"Arrai\u00e1 da Capital 2024 ter\u00e1 forr\u00f3 de Solange Almeida na primeira noite do Arrai\u00e1 da Capital 2024 - PORTAL DE NOT\u00cdCIAS CLEITON PINHEIRO","isPartOf":{"@id":"https:\/\/cleitonpinheiro.com.br\/site\/#website"},"primaryImageOfPage":{"@id":"https:\/\/cleitonpinheiro.com.br\/site\/arraia-da-capital-2024-tera-forro-de-solange-almeida-na-primeira-noite-do-arraia-da-capital-2024\/#primaryimage"},"image":{"@id":"https:\/\/cleitonpinheiro.com.br\/site\/arraia-da-capital-2024-tera-forro-de-solange-almeida-na-primeira-noite-do-arraia-da-capital-2024\/#primaryimage"},"thumbnailUrl":"https:\/\/cleitonpinheiro.com.br\/site\/wp-content\/uploads\/2024\/06\/44414d0dd99344df8a62904421df3df8.jpg","datePublished":"2024-06-14T11:49:03+00:00","dateModified":"2024-06-14T11:49:08+00:00","breadcrumb":{"@id":"https:\/\/cleitonpinheiro.com.br\/site\/arraia-da-capital-2024-tera-forro-de-solange-almeida-na-primeira-noite-do-arraia-da-capital-2024\/#breadcrumb"},"inLanguage":"pt-BR","potentialAction":[{"@type":"ReadAction","target":["https:\/\/cleitonpinheiro.com.br\/site\/arraia-da-capital-2024-tera-forro-de-solange-almeida-na-primeira-noite-do-arraia-da-capital-2024\/"]}]},{"@type":"ImageObject","inLanguage":"pt-BR","@id":"https:\/\/cleitonpinheiro.com.br\/site\/arraia-da-capital-2024-tera-forro-de-solange-almeida-na-primeira-noite-do-arraia-da-capital-2024\/#primaryimage","url":"https:\/\/cleitonpinheiro.com.br\/site\/wp-content\/uploads\/2024\/06\/44414d0dd99344df8a62904421df3df8.jpg","contentUrl":"https:\/\/cleitonpinheiro.com.br\/site\/wp-content\/uploads\/2024\/06\/44414d0dd99344df8a62904421df3df8.jpg","width":800,"height":600},{"@type":"BreadcrumbList","@id":"https:\/\/cleitonpinheiro.com.br\/site\/arraia-da-capital-2024-tera-forro-de-solange-almeida-na-primeira-noite-do-arraia-da-capital-2024\/#breadcrumb","itemListElement":[{"@type":"ListItem","position":1,"name":"In\u00edcio","item":"https:\/\/cleitonpinheiro.com.br\/site\/"},{"@type":"ListItem","position":2,"name":"Arrai\u00e1 da Capital 2024 ter\u00e1 forr\u00f3 de Solange Almeida na primeira noite do Arrai\u00e1 da Capital 2024"}]},{"@type":"WebSite","@id":"https:\/\/cleitonpinheiro.com.br\/site\/#website","url":"https:\/\/cleitonpinheiro.com.br\/site\/","name":"PORTAL DE NOT\u00cdCIAS CLEITON PINHEIRO","description":"FALANDO A VERDADE","publisher":{"@id":"https:\/\/cleitonpinheiro.com.br\/site\/#organization"},"potentialAction":[{"@type":"SearchAction","target":{"@type":"EntryPoint","urlTemplate":"https:\/\/cleitonpinheiro.com.br\/site\/?s={search_term_string}"},"query-input":{"@type":"PropertyValueSpecification","valueRequired":true,"valueName":"search_term_string"}}],"inLanguage":"pt-BR"},{"@type":"Organization","@id":"https:\/\/cleitonpinheiro.com.br\/site\/#organization","name":"CPNOT\u00cdCIAS","url":"https:\/\/cleitonpinheiro.com.br\/site\/","logo":{"@type":"ImageObject","inLanguage":"pt-BR","@id":"https:\/\/cleitonpinheiro.com.br\/site\/#\/schema\/logo\/image\/","url":"https:\/\/cleitonpinheiro.com.br\/site\/wp-content\/uploads\/2022\/08\/Logo-pequena-2.png","contentUrl":"https:\/\/cleitonpinheiro.com.br\/site\/wp-content\/uploads\/2022\/08\/Logo-pequena-2.png","width":500,"height":500,"caption":"CPNOT\u00cdCIAS"},"image":{"@id":"https:\/\/cleitonpinheiro.com.br\/site\/#\/schema\/logo\/image\/"},"sameAs":["https:\/\/www.facebook.com\/portalcpnoticias\/"]},{"@type":"Person","@id":"https:\/\/cleitonpinheiro.com.br\/site\/#\/schema\/person\/afd66d2092a2af96277ec94d0fdca5e9","name":"Maria Inez Freitas de Oliveira","image":{"@type":"ImageObject","inLanguage":"pt-BR","@id":"https:\/\/cleitonpinheiro.com.br\/site\/#\/schema\/person\/image\/","url":"https:\/\/secure.gravatar.com\/avatar\/8da4748da444fee870fe4880de74d9dd08b34df8aabd6158765ed760cf8cd7c8?s=96&r=g","contentUrl":"https:\/\/secure.gravatar.com\/avatar\/8da4748da444fee870fe4880de74d9dd08b34df8aabd6158765ed760cf8cd7c8?s=96&r=g","caption":"Maria Inez Freitas de Oliveira"},"url":"https:\/\/cleitonpinheiro.com.br\/site\/author\/inez\/"}]}},"views":152,"_links":{"self":[{"href":"https:\/\/cleitonpinheiro.com.br\/site\/wp-json\/wp\/v2\/posts\/77659","targetHints":{"allow":["GET"]}}],"collection":[{"href":"https:\/\/cleitonpinheiro.com.br\/site\/wp-json\/wp\/v2\/posts"}],"about":[{"href":"https:\/\/cleitonpinheiro.com.br\/site\/wp-json\/wp\/v2\/types\/post"}],"author":[{"embeddable":true,"href":"https:\/\/cleitonpinheiro.com.br\/site\/wp-json\/wp\/v2\/users\/25"}],"replies":[{"embeddable":true,"href":"https:\/\/cleitonpinheiro.com.br\/site\/wp-json\/wp\/v2\/comments?post=77659"}],"version-history":[{"count":1,"href":"https:\/\/cleitonpinheiro.com.br\/site\/wp-json\/wp\/v2\/posts\/77659\/revisions"}],"predecessor-version":[{"id":77661,"href":"https:\/\/cleitonpinheiro.com.br\/site\/wp-json\/wp\/v2\/posts\/77659\/revisions\/77661"}],"wp:featuredmedia":[{"embeddable":true,"href":"https:\/\/cleitonpinheiro.com.br\/site\/wp-json\/wp\/v2\/media\/77660"}],"wp:attachment":[{"href":"https:\/\/cleitonpinheiro.com.br\/site\/wp-json\/wp\/v2\/media?parent=77659"}],"wp:term":[{"taxonomy":"category","embeddable":true,"href":"https:\/\/cleitonpinheiro.com.br\/site\/wp-json\/wp\/v2\/categories?post=77659"},{"taxonomy":"post_tag","embeddable":true,"href":"https:\/\/cleitonpinheiro.com.br\/site\/wp-json\/wp\/v2\/tags?post=77659"}],"curies":[{"name":"wp","href":"https:\/\/api.w.org\/{rel}","templated":true}]}}