{"id":77662,"date":"2024-06-14T09:07:40","date_gmt":"2024-06-14T12:07:40","guid":{"rendered":"https:\/\/cleitonpinheiro.com.br\/site\/?p=77662"},"modified":"2024-06-14T09:07:45","modified_gmt":"2024-06-14T12:07:45","slug":"prefeitura-de-palmas-detalha-etapas-do-processo-de-posse-para-aprovados-no-quadro-geral","status":"publish","type":"post","link":"https:\/\/cleitonpinheiro.com.br\/site\/prefeitura-de-palmas-detalha-etapas-do-processo-de-posse-para-aprovados-no-quadro-geral\/","title":{"rendered":"Prefeitura de Palmas detalha etapas do processo de posse para aprovados no Quadro Geral"},"content":{"rendered":"\n<figure class=\"wp-block-gallery has-nested-images columns-default is-cropped wp-block-gallery-1 is-layout-flex wp-block-gallery-is-layout-flex\">\n<figure class=\"wp-block-image size-large\"><img fetchpriority=\"high\" decoding=\"async\" width=\"800\" height=\"533\" data-id=\"77663\" src=\"https:\/\/cleitonpinheiro.com.br\/site\/wp-content\/uploads\/2024\/06\/141aeae9dbe145ad898aa17d15618a35.jpeg\" alt=\"\" class=\"wp-image-77663\" srcset=\"https:\/\/cleitonpinheiro.com.br\/site\/wp-content\/uploads\/2024\/06\/141aeae9dbe145ad898aa17d15618a35.jpeg 800w, https:\/\/cleitonpinheiro.com.br\/site\/wp-content\/uploads\/2024\/06\/141aeae9dbe145ad898aa17d15618a35-300x200.jpeg 300w, https:\/\/cleitonpinheiro.com.br\/site\/wp-content\/uploads\/2024\/06\/141aeae9dbe145ad898aa17d15618a35-768x512.jpeg 768w\" sizes=\"(max-width: 800px) 100vw, 800px\" \/><figcaption class=\"wp-element-caption\">Foto: Divulga\u00e7\u00e3o<\/figcaption><\/figure>\n<\/figure>\n\n\n\n<p>A Prefeitura de Palmas, por meio da Secretaria Municipal de Planejamento e Desenvolvimento Humano (Seplad), divulgou na quarta-feira, 12, orienta\u00e7\u00f5es detalhadas sobre os procedimentos necess\u00e1rios para a posse dos nomeados em cargos efetivos do Concurso do Quadro Geral. A medida \u00e9 essencial para que os novos servidores iniciem suas fun\u00e7\u00f5es de acordo com os prazos estabelecidos pela legisla\u00e7\u00e3o municipal.<\/p>\n\n\n\n<p><strong>Documenta\u00e7\u00e3o Necess\u00e1ria<\/strong><\/p>\n\n\n\n<p>Conforme a Instru\u00e7\u00e3o Normativa\/Seplag N\u00ba 002, de 31 de outubro de 2013, a documenta\u00e7\u00e3o exigida pode ser acessada no seguinte endere\u00e7o:&nbsp;<a href=\"https:\/\/www.palmas.to.gov.br\/media\/pagina_generica\/arquivo\/4637-07-11-2013.pdf\" target=\"_blank\" rel=\"noreferrer noopener\">Instru\u00e7\u00e3o Normativa<\/a>.<\/p>\n\n\n\n<p><strong>Exames M\u00e9dicos<\/strong><\/p>\n\n\n\n<p>Todos os nomeados devem passar por uma avalia\u00e7\u00e3o m\u00e9dica pericial, realizada pela Junta M\u00e9dica Oficial do Munic\u00edpio de Palmas. Esta avalia\u00e7\u00e3o \u00e9 obrigat\u00f3ria e visa garantir a aptid\u00e3o f\u00edsica e mental dos candidatos para o exerc\u00edcio de suas fun\u00e7\u00f5es. Os exames ser\u00e3o realizados no Centro de Atendimento ao Servidor (CAS), mediante agendamento por este&nbsp;<a href=\"http:\/\/cidadao.palmas.to.gov.br\/cadastrousuarioexterno\/agendar.aspx\" target=\"_blank\" rel=\"noreferrer noopener\">link: agendamento<\/a>. No dia marcado, \u00e9 necess\u00e1rio apresentar os exames m\u00e9dicos listados na Instru\u00e7\u00e3o Normativa mencionada.<\/p>\n\n\n\n<p><strong>Prazo para Posse<\/strong><\/p>\n\n\n\n<p>Os nomeados t\u00eam um prazo de 30 dias para tomar posse, a partir da publica\u00e7\u00e3o do ato de nomea\u00e7\u00e3o no Di\u00e1rio Oficial do Munic\u00edpio. O descumprimento desse prazo pode acarretar a perda do direito \u00e0 vaga.<\/p>\n\n\n\n<p><strong>Local de Apresenta\u00e7\u00e3o<\/strong><\/p>\n\n\n\n<p>A avalia\u00e7\u00e3o m\u00e9dica pericial e a posse ocorrer\u00e3o no CAS, situado na Quadra ACSU 50 (502 Sul), Av. NS 2, 28 &#8211; Plano Diretor Sul, Palmas &#8211; TO, 77021-900, das 8 \u00e0s 18 horas.<\/p>\n\n\n\n<p><strong>Informa\u00e7\u00f5es Adicionais<\/strong><\/p>\n\n\n\n<p>Para esclarecer d\u00favidas e facilitar o processo, a Prefeitura disponibiliza um servi\u00e7o de atendimento aos nomeados pelos telefones (63) 3212-7124, 3212-7132, e 3212-7108, ou pelos e-mails jmompalmas@gmail.com e posse.seplad@gmail.com.<\/p>\n\n\n\n<p><strong>Boas-vindas<\/strong><\/p>\n\n\n\n<p>A Prefeitura de Palmas em breve dar\u00e1 boas-vindas aos novos servidores, destacando a import\u00e2ncia do compromisso com o servi\u00e7o p\u00fablico para o desenvolvimento do munic\u00edpio. A posse \u00e9 um marco significativo no in\u00edcio da carreira dos servidores, e a administra\u00e7\u00e3o municipal se coloca \u00e0 disposi\u00e7\u00e3o para apoiar durante todo o processo.<\/p>\n\n\n\n<p><strong>Texto:<\/strong>&nbsp;Reda\u00e7\u00e3o Secom<\/p>\n","protected":false},"excerpt":{"rendered":"<p>A Prefeitura de Palmas, por meio da Secretaria Municipal de Planejamento e Desenvolvimento Humano (Seplad), divulgou na quarta-feira, 12, orienta\u00e7\u00f5es detalhadas sobre os procedimentos necess\u00e1rios para a posse dos nomeados em cargos efetivos do Concurso do Quadro Geral. A medida \u00e9 essencial para que os novos servidores iniciem suas fun\u00e7\u00f5es de acordo com os prazos [&hellip;]<\/p>\n","protected":false},"author":25,"featured_media":77663,"comment_status":"open","ping_status":"open","sticky":false,"template":"","format":"standard","meta":{"_acf_changed":false,"footnotes":""},"categories":[22,898],"tags":[],"class_list":["post-77662","post","type-post","status-publish","format-standard","has-post-thumbnail","hentry","category-cidades","category-manchete-segundaria"],"acf":[],"yoast_head":"<!-- This site is optimized with the Yoast SEO plugin v24.4 - https:\/\/yoast.com\/wordpress\/plugins\/seo\/ -->\n<title>Prefeitura de Palmas detalha etapas do processo de posse para aprovados no Quadro Geral - PORTAL DE NOT\u00cdCIAS CLEITON PINHEIRO<\/title>\n<meta name=\"robots\" content=\"index, follow, max-snippet:-1, max-image-preview:large, max-video-preview:-1\" \/>\n<link rel=\"canonical\" href=\"https:\/\/cleitonpinheiro.com.br\/site\/prefeitura-de-palmas-detalha-etapas-do-processo-de-posse-para-aprovados-no-quadro-geral\/\" \/>\n<meta property=\"og:locale\" content=\"pt_BR\" \/>\n<meta property=\"og:type\" content=\"article\" \/>\n<meta property=\"og:title\" content=\"Prefeitura de Palmas detalha etapas do processo de posse para aprovados no Quadro Geral - PORTAL DE NOT\u00cdCIAS CLEITON PINHEIRO\" \/>\n<meta property=\"og:description\" content=\"A Prefeitura de Palmas, por meio da Secretaria Municipal de Planejamento e Desenvolvimento Humano (Seplad), divulgou na quarta-feira, 12, orienta\u00e7\u00f5es detalhadas sobre os procedimentos necess\u00e1rios para a posse dos nomeados em cargos efetivos do Concurso do Quadro Geral. A medida \u00e9 essencial para que os novos servidores iniciem suas fun\u00e7\u00f5es de acordo com os prazos [&hellip;]\" \/>\n<meta property=\"og:url\" content=\"https:\/\/cleitonpinheiro.com.br\/site\/prefeitura-de-palmas-detalha-etapas-do-processo-de-posse-para-aprovados-no-quadro-geral\/\" \/>\n<meta property=\"og:site_name\" content=\"PORTAL DE NOT\u00cdCIAS CLEITON PINHEIRO\" \/>\n<meta property=\"article:publisher\" content=\"https:\/\/www.facebook.com\/portalcpnoticias\/\" \/>\n<meta property=\"article:published_time\" content=\"2024-06-14T12:07:40+00:00\" \/>\n<meta property=\"article:modified_time\" content=\"2024-06-14T12:07:45+00:00\" \/>\n<meta property=\"og:image\" content=\"https:\/\/cleitonpinheiro.com.br\/site\/wp-content\/uploads\/2024\/06\/141aeae9dbe145ad898aa17d15618a35.jpeg\" \/>\n\t<meta property=\"og:image:width\" content=\"800\" \/>\n\t<meta property=\"og:image:height\" content=\"533\" \/>\n\t<meta property=\"og:image:type\" content=\"image\/jpeg\" \/>\n<meta name=\"author\" content=\"Maria Inez Freitas de Oliveira\" \/>\n<meta name=\"twitter:card\" content=\"summary_large_image\" \/>\n<meta name=\"twitter:label1\" content=\"Escrito por\" \/>\n\t<meta name=\"twitter:data1\" content=\"Maria Inez Freitas de Oliveira\" \/>\n\t<meta name=\"twitter:label2\" content=\"Est. tempo de leitura\" \/>\n\t<meta name=\"twitter:data2\" content=\"3 minutos\" \/>\n<script type=\"application\/ld+json\" class=\"yoast-schema-graph\">{\"@context\":\"https:\/\/schema.org\",\"@graph\":[{\"@type\":\"Article\",\"@id\":\"https:\/\/cleitonpinheiro.com.br\/site\/prefeitura-de-palmas-detalha-etapas-do-processo-de-posse-para-aprovados-no-quadro-geral\/#article\",\"isPartOf\":{\"@id\":\"https:\/\/cleitonpinheiro.com.br\/site\/prefeitura-de-palmas-detalha-etapas-do-processo-de-posse-para-aprovados-no-quadro-geral\/\"},\"author\":{\"name\":\"Maria Inez Freitas de Oliveira\",\"@id\":\"https:\/\/cleitonpinheiro.com.br\/site\/#\/schema\/person\/afd66d2092a2af96277ec94d0fdca5e9\"},\"headline\":\"Prefeitura de Palmas detalha etapas do processo de posse para aprovados no Quadro Geral\",\"datePublished\":\"2024-06-14T12:07:40+00:00\",\"dateModified\":\"2024-06-14T12:07:45+00:00\",\"mainEntityOfPage\":{\"@id\":\"https:\/\/cleitonpinheiro.com.br\/site\/prefeitura-de-palmas-detalha-etapas-do-processo-de-posse-para-aprovados-no-quadro-geral\/\"},\"wordCount\":371,\"commentCount\":0,\"publisher\":{\"@id\":\"https:\/\/cleitonpinheiro.com.br\/site\/#organization\"},\"image\":{\"@id\":\"https:\/\/cleitonpinheiro.com.br\/site\/prefeitura-de-palmas-detalha-etapas-do-processo-de-posse-para-aprovados-no-quadro-geral\/#primaryimage\"},\"thumbnailUrl\":\"https:\/\/cleitonpinheiro.com.br\/site\/wp-content\/uploads\/2024\/06\/141aeae9dbe145ad898aa17d15618a35.jpeg\",\"articleSection\":[\"CIDADES\",\"MANCHETE SEGUND\u00c1RIA\"],\"inLanguage\":\"pt-BR\",\"potentialAction\":[{\"@type\":\"CommentAction\",\"name\":\"Comment\",\"target\":[\"https:\/\/cleitonpinheiro.com.br\/site\/prefeitura-de-palmas-detalha-etapas-do-processo-de-posse-para-aprovados-no-quadro-geral\/#respond\"]}]},{\"@type\":\"WebPage\",\"@id\":\"https:\/\/cleitonpinheiro.com.br\/site\/prefeitura-de-palmas-detalha-etapas-do-processo-de-posse-para-aprovados-no-quadro-geral\/\",\"url\":\"https:\/\/cleitonpinheiro.com.br\/site\/prefeitura-de-palmas-detalha-etapas-do-processo-de-posse-para-aprovados-no-quadro-geral\/\",\"name\":\"Prefeitura de Palmas detalha etapas do processo de posse para aprovados no Quadro Geral - PORTAL DE NOT\u00cdCIAS CLEITON PINHEIRO\",\"isPartOf\":{\"@id\":\"https:\/\/cleitonpinheiro.com.br\/site\/#website\"},\"primaryImageOfPage\":{\"@id\":\"https:\/\/cleitonpinheiro.com.br\/site\/prefeitura-de-palmas-detalha-etapas-do-processo-de-posse-para-aprovados-no-quadro-geral\/#primaryimage\"},\"image\":{\"@id\":\"https:\/\/cleitonpinheiro.com.br\/site\/prefeitura-de-palmas-detalha-etapas-do-processo-de-posse-para-aprovados-no-quadro-geral\/#primaryimage\"},\"thumbnailUrl\":\"https:\/\/cleitonpinheiro.com.br\/site\/wp-content\/uploads\/2024\/06\/141aeae9dbe145ad898aa17d15618a35.jpeg\",\"datePublished\":\"2024-06-14T12:07:40+00:00\",\"dateModified\":\"2024-06-14T12:07:45+00:00\",\"breadcrumb\":{\"@id\":\"https:\/\/cleitonpinheiro.com.br\/site\/prefeitura-de-palmas-detalha-etapas-do-processo-de-posse-para-aprovados-no-quadro-geral\/#breadcrumb\"},\"inLanguage\":\"pt-BR\",\"potentialAction\":[{\"@type\":\"ReadAction\",\"target\":[\"https:\/\/cleitonpinheiro.com.br\/site\/prefeitura-de-palmas-detalha-etapas-do-processo-de-posse-para-aprovados-no-quadro-geral\/\"]}]},{\"@type\":\"ImageObject\",\"inLanguage\":\"pt-BR\",\"@id\":\"https:\/\/cleitonpinheiro.com.br\/site\/prefeitura-de-palmas-detalha-etapas-do-processo-de-posse-para-aprovados-no-quadro-geral\/#primaryimage\",\"url\":\"https:\/\/cleitonpinheiro.com.br\/site\/wp-content\/uploads\/2024\/06\/141aeae9dbe145ad898aa17d15618a35.jpeg\",\"contentUrl\":\"https:\/\/cleitonpinheiro.com.br\/site\/wp-content\/uploads\/2024\/06\/141aeae9dbe145ad898aa17d15618a35.jpeg\",\"width\":800,\"height\":533},{\"@type\":\"BreadcrumbList\",\"@id\":\"https:\/\/cleitonpinheiro.com.br\/site\/prefeitura-de-palmas-detalha-etapas-do-processo-de-posse-para-aprovados-no-quadro-geral\/#breadcrumb\",\"itemListElement\":[{\"@type\":\"ListItem\",\"position\":1,\"name\":\"In\u00edcio\",\"item\":\"https:\/\/cleitonpinheiro.com.br\/site\/\"},{\"@type\":\"ListItem\",\"position\":2,\"name\":\"Prefeitura de Palmas detalha etapas do processo de posse para aprovados no Quadro Geral\"}]},{\"@type\":\"WebSite\",\"@id\":\"https:\/\/cleitonpinheiro.com.br\/site\/#website\",\"url\":\"https:\/\/cleitonpinheiro.com.br\/site\/\",\"name\":\"PORTAL DE NOT\u00cdCIAS CLEITON PINHEIRO\",\"description\":\"FALANDO A VERDADE\",\"publisher\":{\"@id\":\"https:\/\/cleitonpinheiro.com.br\/site\/#organization\"},\"potentialAction\":[{\"@type\":\"SearchAction\",\"target\":{\"@type\":\"EntryPoint\",\"urlTemplate\":\"https:\/\/cleitonpinheiro.com.br\/site\/?s={search_term_string}\"},\"query-input\":{\"@type\":\"PropertyValueSpecification\",\"valueRequired\":true,\"valueName\":\"search_term_string\"}}],\"inLanguage\":\"pt-BR\"},{\"@type\":\"Organization\",\"@id\":\"https:\/\/cleitonpinheiro.com.br\/site\/#organization\",\"name\":\"CPNOT\u00cdCIAS\",\"url\":\"https:\/\/cleitonpinheiro.com.br\/site\/\",\"logo\":{\"@type\":\"ImageObject\",\"inLanguage\":\"pt-BR\",\"@id\":\"https:\/\/cleitonpinheiro.com.br\/site\/#\/schema\/logo\/image\/\",\"url\":\"https:\/\/cleitonpinheiro.com.br\/site\/wp-content\/uploads\/2022\/08\/Logo-pequena-2.png\",\"contentUrl\":\"https:\/\/cleitonpinheiro.com.br\/site\/wp-content\/uploads\/2022\/08\/Logo-pequena-2.png\",\"width\":500,\"height\":500,\"caption\":\"CPNOT\u00cdCIAS\"},\"image\":{\"@id\":\"https:\/\/cleitonpinheiro.com.br\/site\/#\/schema\/logo\/image\/\"},\"sameAs\":[\"https:\/\/www.facebook.com\/portalcpnoticias\/\"]},{\"@type\":\"Person\",\"@id\":\"https:\/\/cleitonpinheiro.com.br\/site\/#\/schema\/person\/afd66d2092a2af96277ec94d0fdca5e9\",\"name\":\"Maria Inez Freitas de Oliveira\",\"image\":{\"@type\":\"ImageObject\",\"inLanguage\":\"pt-BR\",\"@id\":\"https:\/\/cleitonpinheiro.com.br\/site\/#\/schema\/person\/image\/\",\"url\":\"https:\/\/secure.gravatar.com\/avatar\/8da4748da444fee870fe4880de74d9dd08b34df8aabd6158765ed760cf8cd7c8?s=96&r=g\",\"contentUrl\":\"https:\/\/secure.gravatar.com\/avatar\/8da4748da444fee870fe4880de74d9dd08b34df8aabd6158765ed760cf8cd7c8?s=96&r=g\",\"caption\":\"Maria Inez Freitas de Oliveira\"},\"url\":\"https:\/\/cleitonpinheiro.com.br\/site\/author\/inez\/\"}]}<\/script>\n<!-- \/ Yoast SEO plugin. -->","yoast_head_json":{"title":"Prefeitura de Palmas detalha etapas do processo de posse para aprovados no Quadro Geral - PORTAL DE NOT\u00cdCIAS CLEITON PINHEIRO","robots":{"index":"index","follow":"follow","max-snippet":"max-snippet:-1","max-image-preview":"max-image-preview:large","max-video-preview":"max-video-preview:-1"},"canonical":"https:\/\/cleitonpinheiro.com.br\/site\/prefeitura-de-palmas-detalha-etapas-do-processo-de-posse-para-aprovados-no-quadro-geral\/","og_locale":"pt_BR","og_type":"article","og_title":"Prefeitura de Palmas detalha etapas do processo de posse para aprovados no Quadro Geral - PORTAL DE NOT\u00cdCIAS CLEITON PINHEIRO","og_description":"A Prefeitura de Palmas, por meio da Secretaria Municipal de Planejamento e Desenvolvimento Humano (Seplad), divulgou na quarta-feira, 12, orienta\u00e7\u00f5es detalhadas sobre os procedimentos necess\u00e1rios para a posse dos nomeados em cargos efetivos do Concurso do Quadro Geral. A medida \u00e9 essencial para que os novos servidores iniciem suas fun\u00e7\u00f5es de acordo com os prazos [&hellip;]","og_url":"https:\/\/cleitonpinheiro.com.br\/site\/prefeitura-de-palmas-detalha-etapas-do-processo-de-posse-para-aprovados-no-quadro-geral\/","og_site_name":"PORTAL DE NOT\u00cdCIAS CLEITON PINHEIRO","article_publisher":"https:\/\/www.facebook.com\/portalcpnoticias\/","article_published_time":"2024-06-14T12:07:40+00:00","article_modified_time":"2024-06-14T12:07:45+00:00","og_image":[{"width":800,"height":533,"url":"https:\/\/cleitonpinheiro.com.br\/site\/wp-content\/uploads\/2024\/06\/141aeae9dbe145ad898aa17d15618a35.jpeg","type":"image\/jpeg"}],"author":"Maria Inez Freitas de Oliveira","twitter_card":"summary_large_image","twitter_misc":{"Escrito por":"Maria Inez Freitas de Oliveira","Est. tempo de leitura":"3 minutos"},"schema":{"@context":"https:\/\/schema.org","@graph":[{"@type":"Article","@id":"https:\/\/cleitonpinheiro.com.br\/site\/prefeitura-de-palmas-detalha-etapas-do-processo-de-posse-para-aprovados-no-quadro-geral\/#article","isPartOf":{"@id":"https:\/\/cleitonpinheiro.com.br\/site\/prefeitura-de-palmas-detalha-etapas-do-processo-de-posse-para-aprovados-no-quadro-geral\/"},"author":{"name":"Maria Inez Freitas de Oliveira","@id":"https:\/\/cleitonpinheiro.com.br\/site\/#\/schema\/person\/afd66d2092a2af96277ec94d0fdca5e9"},"headline":"Prefeitura de Palmas detalha etapas do processo de posse para aprovados no Quadro Geral","datePublished":"2024-06-14T12:07:40+00:00","dateModified":"2024-06-14T12:07:45+00:00","mainEntityOfPage":{"@id":"https:\/\/cleitonpinheiro.com.br\/site\/prefeitura-de-palmas-detalha-etapas-do-processo-de-posse-para-aprovados-no-quadro-geral\/"},"wordCount":371,"commentCount":0,"publisher":{"@id":"https:\/\/cleitonpinheiro.com.br\/site\/#organization"},"image":{"@id":"https:\/\/cleitonpinheiro.com.br\/site\/prefeitura-de-palmas-detalha-etapas-do-processo-de-posse-para-aprovados-no-quadro-geral\/#primaryimage"},"thumbnailUrl":"https:\/\/cleitonpinheiro.com.br\/site\/wp-content\/uploads\/2024\/06\/141aeae9dbe145ad898aa17d15618a35.jpeg","articleSection":["CIDADES","MANCHETE SEGUND\u00c1RIA"],"inLanguage":"pt-BR","potentialAction":[{"@type":"CommentAction","name":"Comment","target":["https:\/\/cleitonpinheiro.com.br\/site\/prefeitura-de-palmas-detalha-etapas-do-processo-de-posse-para-aprovados-no-quadro-geral\/#respond"]}]},{"@type":"WebPage","@id":"https:\/\/cleitonpinheiro.com.br\/site\/prefeitura-de-palmas-detalha-etapas-do-processo-de-posse-para-aprovados-no-quadro-geral\/","url":"https:\/\/cleitonpinheiro.com.br\/site\/prefeitura-de-palmas-detalha-etapas-do-processo-de-posse-para-aprovados-no-quadro-geral\/","name":"Prefeitura de Palmas detalha etapas do processo de posse para aprovados no Quadro Geral - PORTAL DE NOT\u00cdCIAS CLEITON PINHEIRO","isPartOf":{"@id":"https:\/\/cleitonpinheiro.com.br\/site\/#website"},"primaryImageOfPage":{"@id":"https:\/\/cleitonpinheiro.com.br\/site\/prefeitura-de-palmas-detalha-etapas-do-processo-de-posse-para-aprovados-no-quadro-geral\/#primaryimage"},"image":{"@id":"https:\/\/cleitonpinheiro.com.br\/site\/prefeitura-de-palmas-detalha-etapas-do-processo-de-posse-para-aprovados-no-quadro-geral\/#primaryimage"},"thumbnailUrl":"https:\/\/cleitonpinheiro.com.br\/site\/wp-content\/uploads\/2024\/06\/141aeae9dbe145ad898aa17d15618a35.jpeg","datePublished":"2024-06-14T12:07:40+00:00","dateModified":"2024-06-14T12:07:45+00:00","breadcrumb":{"@id":"https:\/\/cleitonpinheiro.com.br\/site\/prefeitura-de-palmas-detalha-etapas-do-processo-de-posse-para-aprovados-no-quadro-geral\/#breadcrumb"},"inLanguage":"pt-BR","potentialAction":[{"@type":"ReadAction","target":["https:\/\/cleitonpinheiro.com.br\/site\/prefeitura-de-palmas-detalha-etapas-do-processo-de-posse-para-aprovados-no-quadro-geral\/"]}]},{"@type":"ImageObject","inLanguage":"pt-BR","@id":"https:\/\/cleitonpinheiro.com.br\/site\/prefeitura-de-palmas-detalha-etapas-do-processo-de-posse-para-aprovados-no-quadro-geral\/#primaryimage","url":"https:\/\/cleitonpinheiro.com.br\/site\/wp-content\/uploads\/2024\/06\/141aeae9dbe145ad898aa17d15618a35.jpeg","contentUrl":"https:\/\/cleitonpinheiro.com.br\/site\/wp-content\/uploads\/2024\/06\/141aeae9dbe145ad898aa17d15618a35.jpeg","width":800,"height":533},{"@type":"BreadcrumbList","@id":"https:\/\/cleitonpinheiro.com.br\/site\/prefeitura-de-palmas-detalha-etapas-do-processo-de-posse-para-aprovados-no-quadro-geral\/#breadcrumb","itemListElement":[{"@type":"ListItem","position":1,"name":"In\u00edcio","item":"https:\/\/cleitonpinheiro.com.br\/site\/"},{"@type":"ListItem","position":2,"name":"Prefeitura de Palmas detalha etapas do processo de posse para aprovados no Quadro Geral"}]},{"@type":"WebSite","@id":"https:\/\/cleitonpinheiro.com.br\/site\/#website","url":"https:\/\/cleitonpinheiro.com.br\/site\/","name":"PORTAL DE NOT\u00cdCIAS CLEITON PINHEIRO","description":"FALANDO A VERDADE","publisher":{"@id":"https:\/\/cleitonpinheiro.com.br\/site\/#organization"},"potentialAction":[{"@type":"SearchAction","target":{"@type":"EntryPoint","urlTemplate":"https:\/\/cleitonpinheiro.com.br\/site\/?s={search_term_string}"},"query-input":{"@type":"PropertyValueSpecification","valueRequired":true,"valueName":"search_term_string"}}],"inLanguage":"pt-BR"},{"@type":"Organization","@id":"https:\/\/cleitonpinheiro.com.br\/site\/#organization","name":"CPNOT\u00cdCIAS","url":"https:\/\/cleitonpinheiro.com.br\/site\/","logo":{"@type":"ImageObject","inLanguage":"pt-BR","@id":"https:\/\/cleitonpinheiro.com.br\/site\/#\/schema\/logo\/image\/","url":"https:\/\/cleitonpinheiro.com.br\/site\/wp-content\/uploads\/2022\/08\/Logo-pequena-2.png","contentUrl":"https:\/\/cleitonpinheiro.com.br\/site\/wp-content\/uploads\/2022\/08\/Logo-pequena-2.png","width":500,"height":500,"caption":"CPNOT\u00cdCIAS"},"image":{"@id":"https:\/\/cleitonpinheiro.com.br\/site\/#\/schema\/logo\/image\/"},"sameAs":["https:\/\/www.facebook.com\/portalcpnoticias\/"]},{"@type":"Person","@id":"https:\/\/cleitonpinheiro.com.br\/site\/#\/schema\/person\/afd66d2092a2af96277ec94d0fdca5e9","name":"Maria Inez Freitas de Oliveira","image":{"@type":"ImageObject","inLanguage":"pt-BR","@id":"https:\/\/cleitonpinheiro.com.br\/site\/#\/schema\/person\/image\/","url":"https:\/\/secure.gravatar.com\/avatar\/8da4748da444fee870fe4880de74d9dd08b34df8aabd6158765ed760cf8cd7c8?s=96&r=g","contentUrl":"https:\/\/secure.gravatar.com\/avatar\/8da4748da444fee870fe4880de74d9dd08b34df8aabd6158765ed760cf8cd7c8?s=96&r=g","caption":"Maria Inez Freitas de Oliveira"},"url":"https:\/\/cleitonpinheiro.com.br\/site\/author\/inez\/"}]}},"views":175,"_links":{"self":[{"href":"https:\/\/cleitonpinheiro.com.br\/site\/wp-json\/wp\/v2\/posts\/77662","targetHints":{"allow":["GET"]}}],"collection":[{"href":"https:\/\/cleitonpinheiro.com.br\/site\/wp-json\/wp\/v2\/posts"}],"about":[{"href":"https:\/\/cleitonpinheiro.com.br\/site\/wp-json\/wp\/v2\/types\/post"}],"author":[{"embeddable":true,"href":"https:\/\/cleitonpinheiro.com.br\/site\/wp-json\/wp\/v2\/users\/25"}],"replies":[{"embeddable":true,"href":"https:\/\/cleitonpinheiro.com.br\/site\/wp-json\/wp\/v2\/comments?post=77662"}],"version-history":[{"count":1,"href":"https:\/\/cleitonpinheiro.com.br\/site\/wp-json\/wp\/v2\/posts\/77662\/revisions"}],"predecessor-version":[{"id":77664,"href":"https:\/\/cleitonpinheiro.com.br\/site\/wp-json\/wp\/v2\/posts\/77662\/revisions\/77664"}],"wp:featuredmedia":[{"embeddable":true,"href":"https:\/\/cleitonpinheiro.com.br\/site\/wp-json\/wp\/v2\/media\/77663"}],"wp:attachment":[{"href":"https:\/\/cleitonpinheiro.com.br\/site\/wp-json\/wp\/v2\/media?parent=77662"}],"wp:term":[{"taxonomy":"category","embeddable":true,"href":"https:\/\/cleitonpinheiro.com.br\/site\/wp-json\/wp\/v2\/categories?post=77662"},{"taxonomy":"post_tag","embeddable":true,"href":"https:\/\/cleitonpinheiro.com.br\/site\/wp-json\/wp\/v2\/tags?post=77662"}],"curies":[{"name":"wp","href":"https:\/\/api.w.org\/{rel}","templated":true}]}}