{"id":77665,"date":"2024-06-14T09:44:51","date_gmt":"2024-06-14T12:44:51","guid":{"rendered":"https:\/\/cleitonpinheiro.com.br\/site\/?p=77665"},"modified":"2024-06-14T09:46:20","modified_gmt":"2024-06-14T12:46:20","slug":"sintras-to-anuncia-acao-judicial-por-equiparacao-salarial-para-os-auxiliares-de-enfermagem","status":"publish","type":"post","link":"https:\/\/cleitonpinheiro.com.br\/site\/sintras-to-anuncia-acao-judicial-por-equiparacao-salarial-para-os-auxiliares-de-enfermagem\/","title":{"rendered":"Sintras (TO) anuncia a\u00e7\u00e3o judicial por equipara\u00e7\u00e3o salarial para os auxiliares de enfermagem"},"content":{"rendered":"\n<figure class=\"wp-block-gallery has-nested-images columns-default is-cropped wp-block-gallery-1 is-layout-flex wp-block-gallery-is-layout-flex\">\n<figure class=\"wp-block-image size-large\"><img fetchpriority=\"high\" decoding=\"async\" width=\"1024\" height=\"545\" data-id=\"77669\" src=\"https:\/\/cleitonpinheiro.com.br\/site\/wp-content\/uploads\/2024\/06\/nurse-2536963_1280-1024x545.jpg\" alt=\"\" class=\"wp-image-77669\" srcset=\"https:\/\/cleitonpinheiro.com.br\/site\/wp-content\/uploads\/2024\/06\/nurse-2536963_1280-1024x545.jpg 1024w, https:\/\/cleitonpinheiro.com.br\/site\/wp-content\/uploads\/2024\/06\/nurse-2536963_1280-300x160.jpg 300w, https:\/\/cleitonpinheiro.com.br\/site\/wp-content\/uploads\/2024\/06\/nurse-2536963_1280-768x409.jpg 768w, https:\/\/cleitonpinheiro.com.br\/site\/wp-content\/uploads\/2024\/06\/nurse-2536963_1280.jpg 1280w\" sizes=\"(max-width: 1024px) 100vw, 1024px\" \/><figcaption class=\"wp-element-caption\">Foto: Pixabay\/Suyizailushang<\/figcaption><\/figure>\n<\/figure>\n\n\n\n<p>O Sindicato dos Trabalhadores em Sa\u00fade do Estado do Tocantins (SINTRAS-TO) informa que tomar\u00e1 medidas legais para assegurar os direitos dos seus representados que exercem o cargo de Auxiliares de Enfermagem efetivos no setor p\u00fablico. Em virtude de numerosas reclama\u00e7\u00f5es recebidas, ficou evidente que muitos desses profissionais frequentemente desempenham fun\u00e7\u00f5es que deveriam ser realizadas pelos T\u00e9cnicos de Enfermagem, sem a devida compensa\u00e7\u00e3o financeira.<\/p>\n\n\n\n<p>Essa pr\u00e1tica leva a uma sobrecarga para os auxiliares, como tamb\u00e9m desvaloriza o importante trabalho que realizam. Reconhecendo a injusti\u00e7a dessa situa\u00e7\u00e3o, o sindicato ajuizar\u00e1 uma a\u00e7\u00e3o para exigir a equipara\u00e7\u00e3o salarial, garantindo que os profissionais sejam devidamente remunerados pelo trabalho adicional que executam.<\/p>\n\n\n\n<p>Conforme a dire\u00e7\u00e3o do sindicato os profissionais devem procurar a assessoria jur\u00eddica do Sintras-TO com a devida documenta\u00e7\u00e3o para serem habilitados no processo. S\u00f3 ter\u00e1 direito quem estiver relacionado dentro do processo e caso seja habilitado para a fun\u00e7\u00e3o em desvio que exerce ou exerceu.<\/p>\n\n\n\n<p>Para o atendimento jur\u00eddico levar em m\u00e3os as c\u00f3pias simples (N\u00c3O tem necessidade de reconhecer firma ou autentica\u00e7\u00e3o em cart\u00f3rio) dos documentos da RG, CPF, carteira COREN-TO com registro de T\u00e9cnico de Enfermagem, comprovante de endere\u00e7o, Ficha Financeira de 2019 a 2024 (n\u00e3o necess\u00e1rio se forneceu senha portal servidor), Escalas do per\u00edodo de exerc\u00edcio da fun\u00e7\u00e3o de t\u00e9cnico enfermagem, procura\u00e7\u00e3o, declara\u00e7\u00e3o de hipossufici\u00eancia; termo de autoriza\u00e7\u00e3o e contrato (fornecidos pelo SINTRAS-TO).<\/p>\n\n\n\n<p><strong>Retroativo<\/strong><\/p>\n\n\n\n<p>Outro ponto observado pelo sindicato \u00e9 que durante o exerc\u00edcio da fun\u00e7\u00e3o desviada gerou um retroativo para estes profissionais. E o Sintras-TO tamb\u00e9m vai cobrar esses valores buscando garantir todos os direitos devidos aos Auxiliares de Enfermagem. Da mesma forma, tamb\u00e9m ser\u00e1 ajuizada a\u00e7\u00e3o para os servidores inativos que tiveram que cumprir desvio de fun\u00e7\u00e3o durante a vida laboral.<\/p>\n\n\n\n<p>O presidente do Sintras-TO, Manoel Pereira de Miranda, afirma que vai cobrar o direito na via judicial. \u201cEm defesa dos nossos representados auxiliares e t\u00e9cnicos de enfermagem estamos determinados a lutar por condi\u00e7\u00f5es de trabalho justas e pela valoriza\u00e7\u00e3o da categoria, por isso que vamos ajuizar a a\u00e7\u00e3o para garantir um sal\u00e1rio digno para estes profissionais filiados ao Sintras-TO\u201d, frisou Miranda.<\/p>\n","protected":false},"excerpt":{"rendered":"<p>O Sindicato dos Trabalhadores em Sa\u00fade do Estado do Tocantins (SINTRAS-TO) informa que tomar\u00e1 medidas legais para assegurar os direitos dos seus representados que exercem o cargo de Auxiliares de Enfermagem efetivos no setor p\u00fablico. Em virtude de numerosas reclama\u00e7\u00f5es recebidas, ficou evidente que muitos desses profissionais frequentemente desempenham fun\u00e7\u00f5es que deveriam ser realizadas pelos [&hellip;]<\/p>\n","protected":false},"author":25,"featured_media":77669,"comment_status":"open","ping_status":"open","sticky":false,"template":"","format":"standard","meta":{"_acf_changed":false,"footnotes":""},"categories":[25],"tags":[],"class_list":["post-77665","post","type-post","status-publish","format-standard","has-post-thumbnail","hentry","category-funcionalismo"],"acf":[],"yoast_head":"<!-- This site is optimized with the Yoast SEO plugin v24.4 - https:\/\/yoast.com\/wordpress\/plugins\/seo\/ -->\n<title>Sintras (TO) anuncia a\u00e7\u00e3o judicial por equipara\u00e7\u00e3o salarial para os auxiliares de enfermagem - PORTAL DE NOT\u00cdCIAS CLEITON PINHEIRO<\/title>\n<meta name=\"robots\" content=\"index, follow, max-snippet:-1, max-image-preview:large, max-video-preview:-1\" \/>\n<link rel=\"canonical\" href=\"https:\/\/cleitonpinheiro.com.br\/site\/sintras-to-anuncia-acao-judicial-por-equiparacao-salarial-para-os-auxiliares-de-enfermagem\/\" \/>\n<meta property=\"og:locale\" content=\"pt_BR\" \/>\n<meta property=\"og:type\" content=\"article\" \/>\n<meta property=\"og:title\" content=\"Sintras (TO) anuncia a\u00e7\u00e3o judicial por equipara\u00e7\u00e3o salarial para os auxiliares de enfermagem - PORTAL DE NOT\u00cdCIAS CLEITON PINHEIRO\" \/>\n<meta property=\"og:description\" content=\"O Sindicato dos Trabalhadores em Sa\u00fade do Estado do Tocantins (SINTRAS-TO) informa que tomar\u00e1 medidas legais para assegurar os direitos dos seus representados que exercem o cargo de Auxiliares de Enfermagem efetivos no setor p\u00fablico. Em virtude de numerosas reclama\u00e7\u00f5es recebidas, ficou evidente que muitos desses profissionais frequentemente desempenham fun\u00e7\u00f5es que deveriam ser realizadas pelos [&hellip;]\" \/>\n<meta property=\"og:url\" content=\"https:\/\/cleitonpinheiro.com.br\/site\/sintras-to-anuncia-acao-judicial-por-equiparacao-salarial-para-os-auxiliares-de-enfermagem\/\" \/>\n<meta property=\"og:site_name\" content=\"PORTAL DE NOT\u00cdCIAS CLEITON PINHEIRO\" \/>\n<meta property=\"article:publisher\" content=\"https:\/\/www.facebook.com\/portalcpnoticias\/\" \/>\n<meta property=\"article:published_time\" content=\"2024-06-14T12:44:51+00:00\" \/>\n<meta property=\"article:modified_time\" content=\"2024-06-14T12:46:20+00:00\" \/>\n<meta property=\"og:image\" content=\"https:\/\/cleitonpinheiro.com.br\/site\/wp-content\/uploads\/2024\/06\/nurse-2536963_1280.jpg\" \/>\n\t<meta property=\"og:image:width\" content=\"1280\" \/>\n\t<meta property=\"og:image:height\" content=\"681\" \/>\n\t<meta property=\"og:image:type\" content=\"image\/jpeg\" \/>\n<meta name=\"author\" content=\"Maria Inez Freitas de Oliveira\" \/>\n<meta name=\"twitter:card\" content=\"summary_large_image\" \/>\n<meta name=\"twitter:label1\" content=\"Escrito por\" \/>\n\t<meta name=\"twitter:data1\" content=\"Maria Inez Freitas de Oliveira\" \/>\n\t<meta name=\"twitter:label2\" content=\"Est. tempo de leitura\" \/>\n\t<meta name=\"twitter:data2\" content=\"3 minutos\" \/>\n<script type=\"application\/ld+json\" class=\"yoast-schema-graph\">{\"@context\":\"https:\/\/schema.org\",\"@graph\":[{\"@type\":\"Article\",\"@id\":\"https:\/\/cleitonpinheiro.com.br\/site\/sintras-to-anuncia-acao-judicial-por-equiparacao-salarial-para-os-auxiliares-de-enfermagem\/#article\",\"isPartOf\":{\"@id\":\"https:\/\/cleitonpinheiro.com.br\/site\/sintras-to-anuncia-acao-judicial-por-equiparacao-salarial-para-os-auxiliares-de-enfermagem\/\"},\"author\":{\"name\":\"Maria Inez Freitas de Oliveira\",\"@id\":\"https:\/\/cleitonpinheiro.com.br\/site\/#\/schema\/person\/afd66d2092a2af96277ec94d0fdca5e9\"},\"headline\":\"Sintras (TO) anuncia a\u00e7\u00e3o judicial por equipara\u00e7\u00e3o salarial para os auxiliares de enfermagem\",\"datePublished\":\"2024-06-14T12:44:51+00:00\",\"dateModified\":\"2024-06-14T12:46:20+00:00\",\"mainEntityOfPage\":{\"@id\":\"https:\/\/cleitonpinheiro.com.br\/site\/sintras-to-anuncia-acao-judicial-por-equiparacao-salarial-para-os-auxiliares-de-enfermagem\/\"},\"wordCount\":404,\"commentCount\":0,\"publisher\":{\"@id\":\"https:\/\/cleitonpinheiro.com.br\/site\/#organization\"},\"image\":{\"@id\":\"https:\/\/cleitonpinheiro.com.br\/site\/sintras-to-anuncia-acao-judicial-por-equiparacao-salarial-para-os-auxiliares-de-enfermagem\/#primaryimage\"},\"thumbnailUrl\":\"https:\/\/cleitonpinheiro.com.br\/site\/wp-content\/uploads\/2024\/06\/nurse-2536963_1280.jpg\",\"articleSection\":[\"FUNCIONALISMO\"],\"inLanguage\":\"pt-BR\",\"potentialAction\":[{\"@type\":\"CommentAction\",\"name\":\"Comment\",\"target\":[\"https:\/\/cleitonpinheiro.com.br\/site\/sintras-to-anuncia-acao-judicial-por-equiparacao-salarial-para-os-auxiliares-de-enfermagem\/#respond\"]}]},{\"@type\":\"WebPage\",\"@id\":\"https:\/\/cleitonpinheiro.com.br\/site\/sintras-to-anuncia-acao-judicial-por-equiparacao-salarial-para-os-auxiliares-de-enfermagem\/\",\"url\":\"https:\/\/cleitonpinheiro.com.br\/site\/sintras-to-anuncia-acao-judicial-por-equiparacao-salarial-para-os-auxiliares-de-enfermagem\/\",\"name\":\"Sintras (TO) anuncia a\u00e7\u00e3o judicial por equipara\u00e7\u00e3o salarial para os auxiliares de enfermagem - PORTAL DE NOT\u00cdCIAS CLEITON PINHEIRO\",\"isPartOf\":{\"@id\":\"https:\/\/cleitonpinheiro.com.br\/site\/#website\"},\"primaryImageOfPage\":{\"@id\":\"https:\/\/cleitonpinheiro.com.br\/site\/sintras-to-anuncia-acao-judicial-por-equiparacao-salarial-para-os-auxiliares-de-enfermagem\/#primaryimage\"},\"image\":{\"@id\":\"https:\/\/cleitonpinheiro.com.br\/site\/sintras-to-anuncia-acao-judicial-por-equiparacao-salarial-para-os-auxiliares-de-enfermagem\/#primaryimage\"},\"thumbnailUrl\":\"https:\/\/cleitonpinheiro.com.br\/site\/wp-content\/uploads\/2024\/06\/nurse-2536963_1280.jpg\",\"datePublished\":\"2024-06-14T12:44:51+00:00\",\"dateModified\":\"2024-06-14T12:46:20+00:00\",\"breadcrumb\":{\"@id\":\"https:\/\/cleitonpinheiro.com.br\/site\/sintras-to-anuncia-acao-judicial-por-equiparacao-salarial-para-os-auxiliares-de-enfermagem\/#breadcrumb\"},\"inLanguage\":\"pt-BR\",\"potentialAction\":[{\"@type\":\"ReadAction\",\"target\":[\"https:\/\/cleitonpinheiro.com.br\/site\/sintras-to-anuncia-acao-judicial-por-equiparacao-salarial-para-os-auxiliares-de-enfermagem\/\"]}]},{\"@type\":\"ImageObject\",\"inLanguage\":\"pt-BR\",\"@id\":\"https:\/\/cleitonpinheiro.com.br\/site\/sintras-to-anuncia-acao-judicial-por-equiparacao-salarial-para-os-auxiliares-de-enfermagem\/#primaryimage\",\"url\":\"https:\/\/cleitonpinheiro.com.br\/site\/wp-content\/uploads\/2024\/06\/nurse-2536963_1280.jpg\",\"contentUrl\":\"https:\/\/cleitonpinheiro.com.br\/site\/wp-content\/uploads\/2024\/06\/nurse-2536963_1280.jpg\",\"width\":1280,\"height\":681},{\"@type\":\"BreadcrumbList\",\"@id\":\"https:\/\/cleitonpinheiro.com.br\/site\/sintras-to-anuncia-acao-judicial-por-equiparacao-salarial-para-os-auxiliares-de-enfermagem\/#breadcrumb\",\"itemListElement\":[{\"@type\":\"ListItem\",\"position\":1,\"name\":\"In\u00edcio\",\"item\":\"https:\/\/cleitonpinheiro.com.br\/site\/\"},{\"@type\":\"ListItem\",\"position\":2,\"name\":\"Sintras (TO) anuncia a\u00e7\u00e3o judicial por equipara\u00e7\u00e3o salarial para os auxiliares de enfermagem\"}]},{\"@type\":\"WebSite\",\"@id\":\"https:\/\/cleitonpinheiro.com.br\/site\/#website\",\"url\":\"https:\/\/cleitonpinheiro.com.br\/site\/\",\"name\":\"PORTAL DE NOT\u00cdCIAS CLEITON PINHEIRO\",\"description\":\"FALANDO A VERDADE\",\"publisher\":{\"@id\":\"https:\/\/cleitonpinheiro.com.br\/site\/#organization\"},\"potentialAction\":[{\"@type\":\"SearchAction\",\"target\":{\"@type\":\"EntryPoint\",\"urlTemplate\":\"https:\/\/cleitonpinheiro.com.br\/site\/?s={search_term_string}\"},\"query-input\":{\"@type\":\"PropertyValueSpecification\",\"valueRequired\":true,\"valueName\":\"search_term_string\"}}],\"inLanguage\":\"pt-BR\"},{\"@type\":\"Organization\",\"@id\":\"https:\/\/cleitonpinheiro.com.br\/site\/#organization\",\"name\":\"CPNOT\u00cdCIAS\",\"url\":\"https:\/\/cleitonpinheiro.com.br\/site\/\",\"logo\":{\"@type\":\"ImageObject\",\"inLanguage\":\"pt-BR\",\"@id\":\"https:\/\/cleitonpinheiro.com.br\/site\/#\/schema\/logo\/image\/\",\"url\":\"https:\/\/cleitonpinheiro.com.br\/site\/wp-content\/uploads\/2022\/08\/Logo-pequena-2.png\",\"contentUrl\":\"https:\/\/cleitonpinheiro.com.br\/site\/wp-content\/uploads\/2022\/08\/Logo-pequena-2.png\",\"width\":500,\"height\":500,\"caption\":\"CPNOT\u00cdCIAS\"},\"image\":{\"@id\":\"https:\/\/cleitonpinheiro.com.br\/site\/#\/schema\/logo\/image\/\"},\"sameAs\":[\"https:\/\/www.facebook.com\/portalcpnoticias\/\"]},{\"@type\":\"Person\",\"@id\":\"https:\/\/cleitonpinheiro.com.br\/site\/#\/schema\/person\/afd66d2092a2af96277ec94d0fdca5e9\",\"name\":\"Maria Inez Freitas de Oliveira\",\"image\":{\"@type\":\"ImageObject\",\"inLanguage\":\"pt-BR\",\"@id\":\"https:\/\/cleitonpinheiro.com.br\/site\/#\/schema\/person\/image\/\",\"url\":\"https:\/\/secure.gravatar.com\/avatar\/8da4748da444fee870fe4880de74d9dd08b34df8aabd6158765ed760cf8cd7c8?s=96&r=g\",\"contentUrl\":\"https:\/\/secure.gravatar.com\/avatar\/8da4748da444fee870fe4880de74d9dd08b34df8aabd6158765ed760cf8cd7c8?s=96&r=g\",\"caption\":\"Maria Inez Freitas de Oliveira\"},\"url\":\"https:\/\/cleitonpinheiro.com.br\/site\/author\/inez\/\"}]}<\/script>\n<!-- \/ Yoast SEO plugin. -->","yoast_head_json":{"title":"Sintras (TO) anuncia a\u00e7\u00e3o judicial por equipara\u00e7\u00e3o salarial para os auxiliares de enfermagem - PORTAL DE NOT\u00cdCIAS CLEITON PINHEIRO","robots":{"index":"index","follow":"follow","max-snippet":"max-snippet:-1","max-image-preview":"max-image-preview:large","max-video-preview":"max-video-preview:-1"},"canonical":"https:\/\/cleitonpinheiro.com.br\/site\/sintras-to-anuncia-acao-judicial-por-equiparacao-salarial-para-os-auxiliares-de-enfermagem\/","og_locale":"pt_BR","og_type":"article","og_title":"Sintras (TO) anuncia a\u00e7\u00e3o judicial por equipara\u00e7\u00e3o salarial para os auxiliares de enfermagem - PORTAL DE NOT\u00cdCIAS CLEITON PINHEIRO","og_description":"O Sindicato dos Trabalhadores em Sa\u00fade do Estado do Tocantins (SINTRAS-TO) informa que tomar\u00e1 medidas legais para assegurar os direitos dos seus representados que exercem o cargo de Auxiliares de Enfermagem efetivos no setor p\u00fablico. Em virtude de numerosas reclama\u00e7\u00f5es recebidas, ficou evidente que muitos desses profissionais frequentemente desempenham fun\u00e7\u00f5es que deveriam ser realizadas pelos [&hellip;]","og_url":"https:\/\/cleitonpinheiro.com.br\/site\/sintras-to-anuncia-acao-judicial-por-equiparacao-salarial-para-os-auxiliares-de-enfermagem\/","og_site_name":"PORTAL DE NOT\u00cdCIAS CLEITON PINHEIRO","article_publisher":"https:\/\/www.facebook.com\/portalcpnoticias\/","article_published_time":"2024-06-14T12:44:51+00:00","article_modified_time":"2024-06-14T12:46:20+00:00","og_image":[{"width":1280,"height":681,"url":"https:\/\/cleitonpinheiro.com.br\/site\/wp-content\/uploads\/2024\/06\/nurse-2536963_1280.jpg","type":"image\/jpeg"}],"author":"Maria Inez Freitas de Oliveira","twitter_card":"summary_large_image","twitter_misc":{"Escrito por":"Maria Inez Freitas de Oliveira","Est. tempo de leitura":"3 minutos"},"schema":{"@context":"https:\/\/schema.org","@graph":[{"@type":"Article","@id":"https:\/\/cleitonpinheiro.com.br\/site\/sintras-to-anuncia-acao-judicial-por-equiparacao-salarial-para-os-auxiliares-de-enfermagem\/#article","isPartOf":{"@id":"https:\/\/cleitonpinheiro.com.br\/site\/sintras-to-anuncia-acao-judicial-por-equiparacao-salarial-para-os-auxiliares-de-enfermagem\/"},"author":{"name":"Maria Inez Freitas de Oliveira","@id":"https:\/\/cleitonpinheiro.com.br\/site\/#\/schema\/person\/afd66d2092a2af96277ec94d0fdca5e9"},"headline":"Sintras (TO) anuncia a\u00e7\u00e3o judicial por equipara\u00e7\u00e3o salarial para os auxiliares de enfermagem","datePublished":"2024-06-14T12:44:51+00:00","dateModified":"2024-06-14T12:46:20+00:00","mainEntityOfPage":{"@id":"https:\/\/cleitonpinheiro.com.br\/site\/sintras-to-anuncia-acao-judicial-por-equiparacao-salarial-para-os-auxiliares-de-enfermagem\/"},"wordCount":404,"commentCount":0,"publisher":{"@id":"https:\/\/cleitonpinheiro.com.br\/site\/#organization"},"image":{"@id":"https:\/\/cleitonpinheiro.com.br\/site\/sintras-to-anuncia-acao-judicial-por-equiparacao-salarial-para-os-auxiliares-de-enfermagem\/#primaryimage"},"thumbnailUrl":"https:\/\/cleitonpinheiro.com.br\/site\/wp-content\/uploads\/2024\/06\/nurse-2536963_1280.jpg","articleSection":["FUNCIONALISMO"],"inLanguage":"pt-BR","potentialAction":[{"@type":"CommentAction","name":"Comment","target":["https:\/\/cleitonpinheiro.com.br\/site\/sintras-to-anuncia-acao-judicial-por-equiparacao-salarial-para-os-auxiliares-de-enfermagem\/#respond"]}]},{"@type":"WebPage","@id":"https:\/\/cleitonpinheiro.com.br\/site\/sintras-to-anuncia-acao-judicial-por-equiparacao-salarial-para-os-auxiliares-de-enfermagem\/","url":"https:\/\/cleitonpinheiro.com.br\/site\/sintras-to-anuncia-acao-judicial-por-equiparacao-salarial-para-os-auxiliares-de-enfermagem\/","name":"Sintras (TO) anuncia a\u00e7\u00e3o judicial por equipara\u00e7\u00e3o salarial para os auxiliares de enfermagem - PORTAL DE NOT\u00cdCIAS CLEITON PINHEIRO","isPartOf":{"@id":"https:\/\/cleitonpinheiro.com.br\/site\/#website"},"primaryImageOfPage":{"@id":"https:\/\/cleitonpinheiro.com.br\/site\/sintras-to-anuncia-acao-judicial-por-equiparacao-salarial-para-os-auxiliares-de-enfermagem\/#primaryimage"},"image":{"@id":"https:\/\/cleitonpinheiro.com.br\/site\/sintras-to-anuncia-acao-judicial-por-equiparacao-salarial-para-os-auxiliares-de-enfermagem\/#primaryimage"},"thumbnailUrl":"https:\/\/cleitonpinheiro.com.br\/site\/wp-content\/uploads\/2024\/06\/nurse-2536963_1280.jpg","datePublished":"2024-06-14T12:44:51+00:00","dateModified":"2024-06-14T12:46:20+00:00","breadcrumb":{"@id":"https:\/\/cleitonpinheiro.com.br\/site\/sintras-to-anuncia-acao-judicial-por-equiparacao-salarial-para-os-auxiliares-de-enfermagem\/#breadcrumb"},"inLanguage":"pt-BR","potentialAction":[{"@type":"ReadAction","target":["https:\/\/cleitonpinheiro.com.br\/site\/sintras-to-anuncia-acao-judicial-por-equiparacao-salarial-para-os-auxiliares-de-enfermagem\/"]}]},{"@type":"ImageObject","inLanguage":"pt-BR","@id":"https:\/\/cleitonpinheiro.com.br\/site\/sintras-to-anuncia-acao-judicial-por-equiparacao-salarial-para-os-auxiliares-de-enfermagem\/#primaryimage","url":"https:\/\/cleitonpinheiro.com.br\/site\/wp-content\/uploads\/2024\/06\/nurse-2536963_1280.jpg","contentUrl":"https:\/\/cleitonpinheiro.com.br\/site\/wp-content\/uploads\/2024\/06\/nurse-2536963_1280.jpg","width":1280,"height":681},{"@type":"BreadcrumbList","@id":"https:\/\/cleitonpinheiro.com.br\/site\/sintras-to-anuncia-acao-judicial-por-equiparacao-salarial-para-os-auxiliares-de-enfermagem\/#breadcrumb","itemListElement":[{"@type":"ListItem","position":1,"name":"In\u00edcio","item":"https:\/\/cleitonpinheiro.com.br\/site\/"},{"@type":"ListItem","position":2,"name":"Sintras (TO) anuncia a\u00e7\u00e3o judicial por equipara\u00e7\u00e3o salarial para os auxiliares de enfermagem"}]},{"@type":"WebSite","@id":"https:\/\/cleitonpinheiro.com.br\/site\/#website","url":"https:\/\/cleitonpinheiro.com.br\/site\/","name":"PORTAL DE NOT\u00cdCIAS CLEITON PINHEIRO","description":"FALANDO A VERDADE","publisher":{"@id":"https:\/\/cleitonpinheiro.com.br\/site\/#organization"},"potentialAction":[{"@type":"SearchAction","target":{"@type":"EntryPoint","urlTemplate":"https:\/\/cleitonpinheiro.com.br\/site\/?s={search_term_string}"},"query-input":{"@type":"PropertyValueSpecification","valueRequired":true,"valueName":"search_term_string"}}],"inLanguage":"pt-BR"},{"@type":"Organization","@id":"https:\/\/cleitonpinheiro.com.br\/site\/#organization","name":"CPNOT\u00cdCIAS","url":"https:\/\/cleitonpinheiro.com.br\/site\/","logo":{"@type":"ImageObject","inLanguage":"pt-BR","@id":"https:\/\/cleitonpinheiro.com.br\/site\/#\/schema\/logo\/image\/","url":"https:\/\/cleitonpinheiro.com.br\/site\/wp-content\/uploads\/2022\/08\/Logo-pequena-2.png","contentUrl":"https:\/\/cleitonpinheiro.com.br\/site\/wp-content\/uploads\/2022\/08\/Logo-pequena-2.png","width":500,"height":500,"caption":"CPNOT\u00cdCIAS"},"image":{"@id":"https:\/\/cleitonpinheiro.com.br\/site\/#\/schema\/logo\/image\/"},"sameAs":["https:\/\/www.facebook.com\/portalcpnoticias\/"]},{"@type":"Person","@id":"https:\/\/cleitonpinheiro.com.br\/site\/#\/schema\/person\/afd66d2092a2af96277ec94d0fdca5e9","name":"Maria Inez Freitas de Oliveira","image":{"@type":"ImageObject","inLanguage":"pt-BR","@id":"https:\/\/cleitonpinheiro.com.br\/site\/#\/schema\/person\/image\/","url":"https:\/\/secure.gravatar.com\/avatar\/8da4748da444fee870fe4880de74d9dd08b34df8aabd6158765ed760cf8cd7c8?s=96&r=g","contentUrl":"https:\/\/secure.gravatar.com\/avatar\/8da4748da444fee870fe4880de74d9dd08b34df8aabd6158765ed760cf8cd7c8?s=96&r=g","caption":"Maria Inez Freitas de Oliveira"},"url":"https:\/\/cleitonpinheiro.com.br\/site\/author\/inez\/"}]}},"views":545,"_links":{"self":[{"href":"https:\/\/cleitonpinheiro.com.br\/site\/wp-json\/wp\/v2\/posts\/77665","targetHints":{"allow":["GET"]}}],"collection":[{"href":"https:\/\/cleitonpinheiro.com.br\/site\/wp-json\/wp\/v2\/posts"}],"about":[{"href":"https:\/\/cleitonpinheiro.com.br\/site\/wp-json\/wp\/v2\/types\/post"}],"author":[{"embeddable":true,"href":"https:\/\/cleitonpinheiro.com.br\/site\/wp-json\/wp\/v2\/users\/25"}],"replies":[{"embeddable":true,"href":"https:\/\/cleitonpinheiro.com.br\/site\/wp-json\/wp\/v2\/comments?post=77665"}],"version-history":[{"count":2,"href":"https:\/\/cleitonpinheiro.com.br\/site\/wp-json\/wp\/v2\/posts\/77665\/revisions"}],"predecessor-version":[{"id":77670,"href":"https:\/\/cleitonpinheiro.com.br\/site\/wp-json\/wp\/v2\/posts\/77665\/revisions\/77670"}],"wp:featuredmedia":[{"embeddable":true,"href":"https:\/\/cleitonpinheiro.com.br\/site\/wp-json\/wp\/v2\/media\/77669"}],"wp:attachment":[{"href":"https:\/\/cleitonpinheiro.com.br\/site\/wp-json\/wp\/v2\/media?parent=77665"}],"wp:term":[{"taxonomy":"category","embeddable":true,"href":"https:\/\/cleitonpinheiro.com.br\/site\/wp-json\/wp\/v2\/categories?post=77665"},{"taxonomy":"post_tag","embeddable":true,"href":"https:\/\/cleitonpinheiro.com.br\/site\/wp-json\/wp\/v2\/tags?post=77665"}],"curies":[{"name":"wp","href":"https:\/\/api.w.org\/{rel}","templated":true}]}}