{"id":77671,"date":"2024-06-14T10:26:26","date_gmt":"2024-06-14T13:26:26","guid":{"rendered":"https:\/\/cleitonpinheiro.com.br\/site\/?p=77671"},"modified":"2024-06-17T09:11:06","modified_gmt":"2024-06-17T12:11:06","slug":"tac-entre-mpto-e-empresas-de-eventos-quer-garantir-a-protecao-de-criancas-e-adolescentes-em-eventos-publicos","status":"publish","type":"post","link":"https:\/\/cleitonpinheiro.com.br\/site\/tac-entre-mpto-e-empresas-de-eventos-quer-garantir-a-protecao-de-criancas-e-adolescentes-em-eventos-publicos\/","title":{"rendered":"MPTO firma pacto para garantir a prote\u00e7\u00e3o de crian\u00e7as e adolescentes em eventos p\u00fablicos"},"content":{"rendered":"\n<figure class=\"wp-block-gallery has-nested-images columns-default is-cropped wp-block-gallery-1 is-layout-flex wp-block-gallery-is-layout-flex\">\n<figure class=\"wp-block-image size-large\"><img fetchpriority=\"high\" decoding=\"async\" width=\"1024\" height=\"684\" data-id=\"77672\" src=\"https:\/\/cleitonpinheiro.com.br\/site\/wp-content\/uploads\/2024\/06\/1a5900ddab97f5c454a9f5fff7454f4a-width-1920-1024x684.jpeg\" alt=\"\" class=\"wp-image-77672\" srcset=\"https:\/\/cleitonpinheiro.com.br\/site\/wp-content\/uploads\/2024\/06\/1a5900ddab97f5c454a9f5fff7454f4a-width-1920-1024x684.jpeg 1024w, https:\/\/cleitonpinheiro.com.br\/site\/wp-content\/uploads\/2024\/06\/1a5900ddab97f5c454a9f5fff7454f4a-width-1920-300x200.jpeg 300w, https:\/\/cleitonpinheiro.com.br\/site\/wp-content\/uploads\/2024\/06\/1a5900ddab97f5c454a9f5fff7454f4a-width-1920-768x513.jpeg 768w, https:\/\/cleitonpinheiro.com.br\/site\/wp-content\/uploads\/2024\/06\/1a5900ddab97f5c454a9f5fff7454f4a-width-1920-1536x1026.jpeg 1536w, https:\/\/cleitonpinheiro.com.br\/site\/wp-content\/uploads\/2024\/06\/1a5900ddab97f5c454a9f5fff7454f4a-width-1920.jpeg 1920w\" sizes=\"(max-width: 1024px) 100vw, 1024px\" \/><figcaption class=\"wp-element-caption\">Foto: divulga\u00e7\u00e3o<\/figcaption><\/figure>\n<\/figure>\n\n\n\n<p>Garantir a prote\u00e7\u00e3o dos direitos de crian\u00e7as e adolescentes em eventos p\u00fablicos, este o objetivo do Minist\u00e9rio P\u00fablico do Tocantins (MPTO) ao firmar um Termo de Ajustamento de Conduta (TAC) com as empresas Divers\u00f5es Entretenimentos Eireli-EPP e Cubo de Ideias Comunica\u00e7\u00f5es e Eventos Ltda., realizadoras de grandes eventos no Estado. O TAC regula a entrada e perman\u00eancia de crian\u00e7as ou adolescentes desacompanhados em locais como est\u00e1dios, bailes, boates, entre outros.<\/p>\n\n\n\n<p>No Termo, as empresas se comprometem a solicitar alvar\u00e1s perante o Poder Judici\u00e1rio com 30 dias de anteced\u00eancia para eventos que incluam crian\u00e7as e adolescentes desacompanhados de seus pais ou respons\u00e1veis, detalhando se as instala\u00e7\u00f5es s\u00e3o adequadas e possuem medidas de seguran\u00e7a como alvar\u00e1s do Corpo de Bombeiros, da Vigil\u00e2ncia Sanit\u00e1ria e n\u00famero suficiente de seguran\u00e7as atuando no local.<\/p>\n\n\n\n<p>Tamb\u00e9m se comprometem a informar, na divulga\u00e7\u00e3o publicit\u00e1ria, a natureza do espet\u00e1culo e a faixa et\u00e1ria permitida e proibir o acesso de crian\u00e7as e adolescentes censurados pela idade em eventos com restri\u00e7\u00e3o judicial ou quando o organizador entender n\u00e3o ser recomendado.<\/p>\n\n\n\n<p>Tamb\u00e9m deve ser divulgada a necessidade de apresenta\u00e7\u00e3o de documentos que comprovem a rela\u00e7\u00e3o de parentesco\/responsabilidade entre a crian\u00e7a e o seu acompanhante. Uma portaria exclusiva para fam\u00edlias com crian\u00e7as e adolescentes deve ser disponibilizada.<\/p>\n\n\n\n<p><strong>Bebida alco\u00f3lica<\/strong><\/p>\n\n\n\n<p>A venda e consumo de bebidas alco\u00f3licas por menores de 18 anos s\u00e3o&nbsp; proibidos. Para facilitar a identifica\u00e7\u00e3o, as crian\u00e7as e adolescentes dever\u00e3o receber pulseiras com uma cor espec\u00edfica e com isso impedir o consumo de bebidas alco\u00f3licas.<\/p>\n\n\n\n<p>Tamb\u00e9m ficou definido que agentes de fiscaliza\u00e7\u00e3o ter\u00e3o livre acesso aos eventos para garantir o cumprimento do TAC.<\/p>\n\n\n\n<p><strong>Assinatura<\/strong><\/p>\n\n\n\n<p>Na assinatura, o MPTO foi representado pelo promotor de Justi\u00e7a Sidney Fiore, com atua\u00e7\u00e3o na \u00e1rea da Inf\u00e2ncia e Juventude, que abordou a situa\u00e7\u00e3o em Palmas, onde\u00a0 frequentemente se observam crian\u00e7as e adolescentes em festas e shows em ambientes e hor\u00e1rios inadequados.<\/p>\n\n\n\n<p>Fiore pontua que o Estatuto da Crian\u00e7a e do Adolescente (ECA) estabelece que toda crian\u00e7a e adolescente ter\u00e1 acesso a divers\u00f5es e espet\u00e1culos p\u00fablicos, desde que classificados como adequados \u00e0 sua faixa et\u00e1ria.&nbsp;<\/p>\n\n\n\n<p>O descumprimento das cl\u00e1usulas imp\u00f5e sobre as empresas a aplica\u00e7\u00e3o de multas, o fechamento de estabelecimentos e at\u00e9 responsabiliza\u00e7\u00e3o criminal.<\/p>\n\n\n\n<p><br>Texto: Daianne Fernandes &#8211; Ascom MPTO<\/p>\n","protected":false},"excerpt":{"rendered":"<p>Garantir a prote\u00e7\u00e3o dos direitos de crian\u00e7as e adolescentes em eventos p\u00fablicos, este o objetivo do Minist\u00e9rio P\u00fablico do Tocantins (MPTO) ao firmar um Termo de Ajustamento de Conduta (TAC) com as empresas Divers\u00f5es Entretenimentos Eireli-EPP e Cubo de Ideias Comunica\u00e7\u00f5es e Eventos Ltda., realizadoras de grandes eventos no Estado. O TAC regula a entrada [&hellip;]<\/p>\n","protected":false},"author":25,"featured_media":77672,"comment_status":"open","ping_status":"open","sticky":false,"template":"","format":"standard","meta":{"_acf_changed":false,"footnotes":""},"categories":[8],"tags":[],"class_list":["post-77671","post","type-post","status-publish","format-standard","has-post-thumbnail","hentry","category-estado"],"acf":[],"yoast_head":"<!-- This site is optimized with the Yoast SEO plugin v24.4 - https:\/\/yoast.com\/wordpress\/plugins\/seo\/ -->\n<title>MPTO firma pacto para garantir a prote\u00e7\u00e3o de crian\u00e7as e adolescentes em eventos p\u00fablicos - PORTAL DE NOT\u00cdCIAS CLEITON PINHEIRO<\/title>\n<meta name=\"robots\" content=\"index, follow, max-snippet:-1, max-image-preview:large, max-video-preview:-1\" \/>\n<link rel=\"canonical\" href=\"https:\/\/cleitonpinheiro.com.br\/site\/tac-entre-mpto-e-empresas-de-eventos-quer-garantir-a-protecao-de-criancas-e-adolescentes-em-eventos-publicos\/\" \/>\n<meta property=\"og:locale\" content=\"pt_BR\" \/>\n<meta property=\"og:type\" content=\"article\" \/>\n<meta property=\"og:title\" content=\"MPTO firma pacto para garantir a prote\u00e7\u00e3o de crian\u00e7as e adolescentes em eventos p\u00fablicos - PORTAL DE NOT\u00cdCIAS CLEITON PINHEIRO\" \/>\n<meta property=\"og:description\" content=\"Garantir a prote\u00e7\u00e3o dos direitos de crian\u00e7as e adolescentes em eventos p\u00fablicos, este o objetivo do Minist\u00e9rio P\u00fablico do Tocantins (MPTO) ao firmar um Termo de Ajustamento de Conduta (TAC) com as empresas Divers\u00f5es Entretenimentos Eireli-EPP e Cubo de Ideias Comunica\u00e7\u00f5es e Eventos Ltda., realizadoras de grandes eventos no Estado. O TAC regula a entrada [&hellip;]\" \/>\n<meta property=\"og:url\" content=\"https:\/\/cleitonpinheiro.com.br\/site\/tac-entre-mpto-e-empresas-de-eventos-quer-garantir-a-protecao-de-criancas-e-adolescentes-em-eventos-publicos\/\" \/>\n<meta property=\"og:site_name\" content=\"PORTAL DE NOT\u00cdCIAS CLEITON PINHEIRO\" \/>\n<meta property=\"article:publisher\" content=\"https:\/\/www.facebook.com\/portalcpnoticias\/\" \/>\n<meta property=\"article:published_time\" content=\"2024-06-14T13:26:26+00:00\" \/>\n<meta property=\"article:modified_time\" content=\"2024-06-17T12:11:06+00:00\" \/>\n<meta property=\"og:image\" content=\"https:\/\/cleitonpinheiro.com.br\/site\/wp-content\/uploads\/2024\/06\/1a5900ddab97f5c454a9f5fff7454f4a-width-1920.jpeg\" \/>\n\t<meta property=\"og:image:width\" content=\"1920\" \/>\n\t<meta property=\"og:image:height\" content=\"1282\" \/>\n\t<meta property=\"og:image:type\" content=\"image\/jpeg\" \/>\n<meta name=\"author\" content=\"Maria Inez Freitas de Oliveira\" \/>\n<meta name=\"twitter:card\" content=\"summary_large_image\" \/>\n<meta name=\"twitter:label1\" content=\"Escrito por\" \/>\n\t<meta name=\"twitter:data1\" content=\"Maria Inez Freitas de Oliveira\" \/>\n\t<meta name=\"twitter:label2\" content=\"Est. tempo de leitura\" \/>\n\t<meta name=\"twitter:data2\" content=\"3 minutos\" \/>\n<script type=\"application\/ld+json\" class=\"yoast-schema-graph\">{\"@context\":\"https:\/\/schema.org\",\"@graph\":[{\"@type\":\"Article\",\"@id\":\"https:\/\/cleitonpinheiro.com.br\/site\/tac-entre-mpto-e-empresas-de-eventos-quer-garantir-a-protecao-de-criancas-e-adolescentes-em-eventos-publicos\/#article\",\"isPartOf\":{\"@id\":\"https:\/\/cleitonpinheiro.com.br\/site\/tac-entre-mpto-e-empresas-de-eventos-quer-garantir-a-protecao-de-criancas-e-adolescentes-em-eventos-publicos\/\"},\"author\":{\"name\":\"Maria Inez Freitas de Oliveira\",\"@id\":\"https:\/\/cleitonpinheiro.com.br\/site\/#\/schema\/person\/afd66d2092a2af96277ec94d0fdca5e9\"},\"headline\":\"MPTO firma pacto para garantir a prote\u00e7\u00e3o de crian\u00e7as e adolescentes em eventos p\u00fablicos\",\"datePublished\":\"2024-06-14T13:26:26+00:00\",\"dateModified\":\"2024-06-17T12:11:06+00:00\",\"mainEntityOfPage\":{\"@id\":\"https:\/\/cleitonpinheiro.com.br\/site\/tac-entre-mpto-e-empresas-de-eventos-quer-garantir-a-protecao-de-criancas-e-adolescentes-em-eventos-publicos\/\"},\"wordCount\":449,\"commentCount\":0,\"publisher\":{\"@id\":\"https:\/\/cleitonpinheiro.com.br\/site\/#organization\"},\"image\":{\"@id\":\"https:\/\/cleitonpinheiro.com.br\/site\/tac-entre-mpto-e-empresas-de-eventos-quer-garantir-a-protecao-de-criancas-e-adolescentes-em-eventos-publicos\/#primaryimage\"},\"thumbnailUrl\":\"https:\/\/cleitonpinheiro.com.br\/site\/wp-content\/uploads\/2024\/06\/1a5900ddab97f5c454a9f5fff7454f4a-width-1920.jpeg\",\"articleSection\":[\"ESTADO\"],\"inLanguage\":\"pt-BR\",\"potentialAction\":[{\"@type\":\"CommentAction\",\"name\":\"Comment\",\"target\":[\"https:\/\/cleitonpinheiro.com.br\/site\/tac-entre-mpto-e-empresas-de-eventos-quer-garantir-a-protecao-de-criancas-e-adolescentes-em-eventos-publicos\/#respond\"]}]},{\"@type\":\"WebPage\",\"@id\":\"https:\/\/cleitonpinheiro.com.br\/site\/tac-entre-mpto-e-empresas-de-eventos-quer-garantir-a-protecao-de-criancas-e-adolescentes-em-eventos-publicos\/\",\"url\":\"https:\/\/cleitonpinheiro.com.br\/site\/tac-entre-mpto-e-empresas-de-eventos-quer-garantir-a-protecao-de-criancas-e-adolescentes-em-eventos-publicos\/\",\"name\":\"MPTO firma pacto para garantir a prote\u00e7\u00e3o de crian\u00e7as e adolescentes em eventos p\u00fablicos - PORTAL DE NOT\u00cdCIAS CLEITON PINHEIRO\",\"isPartOf\":{\"@id\":\"https:\/\/cleitonpinheiro.com.br\/site\/#website\"},\"primaryImageOfPage\":{\"@id\":\"https:\/\/cleitonpinheiro.com.br\/site\/tac-entre-mpto-e-empresas-de-eventos-quer-garantir-a-protecao-de-criancas-e-adolescentes-em-eventos-publicos\/#primaryimage\"},\"image\":{\"@id\":\"https:\/\/cleitonpinheiro.com.br\/site\/tac-entre-mpto-e-empresas-de-eventos-quer-garantir-a-protecao-de-criancas-e-adolescentes-em-eventos-publicos\/#primaryimage\"},\"thumbnailUrl\":\"https:\/\/cleitonpinheiro.com.br\/site\/wp-content\/uploads\/2024\/06\/1a5900ddab97f5c454a9f5fff7454f4a-width-1920.jpeg\",\"datePublished\":\"2024-06-14T13:26:26+00:00\",\"dateModified\":\"2024-06-17T12:11:06+00:00\",\"breadcrumb\":{\"@id\":\"https:\/\/cleitonpinheiro.com.br\/site\/tac-entre-mpto-e-empresas-de-eventos-quer-garantir-a-protecao-de-criancas-e-adolescentes-em-eventos-publicos\/#breadcrumb\"},\"inLanguage\":\"pt-BR\",\"potentialAction\":[{\"@type\":\"ReadAction\",\"target\":[\"https:\/\/cleitonpinheiro.com.br\/site\/tac-entre-mpto-e-empresas-de-eventos-quer-garantir-a-protecao-de-criancas-e-adolescentes-em-eventos-publicos\/\"]}]},{\"@type\":\"ImageObject\",\"inLanguage\":\"pt-BR\",\"@id\":\"https:\/\/cleitonpinheiro.com.br\/site\/tac-entre-mpto-e-empresas-de-eventos-quer-garantir-a-protecao-de-criancas-e-adolescentes-em-eventos-publicos\/#primaryimage\",\"url\":\"https:\/\/cleitonpinheiro.com.br\/site\/wp-content\/uploads\/2024\/06\/1a5900ddab97f5c454a9f5fff7454f4a-width-1920.jpeg\",\"contentUrl\":\"https:\/\/cleitonpinheiro.com.br\/site\/wp-content\/uploads\/2024\/06\/1a5900ddab97f5c454a9f5fff7454f4a-width-1920.jpeg\",\"width\":1920,\"height\":1282},{\"@type\":\"BreadcrumbList\",\"@id\":\"https:\/\/cleitonpinheiro.com.br\/site\/tac-entre-mpto-e-empresas-de-eventos-quer-garantir-a-protecao-de-criancas-e-adolescentes-em-eventos-publicos\/#breadcrumb\",\"itemListElement\":[{\"@type\":\"ListItem\",\"position\":1,\"name\":\"In\u00edcio\",\"item\":\"https:\/\/cleitonpinheiro.com.br\/site\/\"},{\"@type\":\"ListItem\",\"position\":2,\"name\":\"MPTO firma pacto para garantir a prote\u00e7\u00e3o de crian\u00e7as e adolescentes em eventos p\u00fablicos\"}]},{\"@type\":\"WebSite\",\"@id\":\"https:\/\/cleitonpinheiro.com.br\/site\/#website\",\"url\":\"https:\/\/cleitonpinheiro.com.br\/site\/\",\"name\":\"PORTAL DE NOT\u00cdCIAS CLEITON PINHEIRO\",\"description\":\"FALANDO A VERDADE\",\"publisher\":{\"@id\":\"https:\/\/cleitonpinheiro.com.br\/site\/#organization\"},\"potentialAction\":[{\"@type\":\"SearchAction\",\"target\":{\"@type\":\"EntryPoint\",\"urlTemplate\":\"https:\/\/cleitonpinheiro.com.br\/site\/?s={search_term_string}\"},\"query-input\":{\"@type\":\"PropertyValueSpecification\",\"valueRequired\":true,\"valueName\":\"search_term_string\"}}],\"inLanguage\":\"pt-BR\"},{\"@type\":\"Organization\",\"@id\":\"https:\/\/cleitonpinheiro.com.br\/site\/#organization\",\"name\":\"CPNOT\u00cdCIAS\",\"url\":\"https:\/\/cleitonpinheiro.com.br\/site\/\",\"logo\":{\"@type\":\"ImageObject\",\"inLanguage\":\"pt-BR\",\"@id\":\"https:\/\/cleitonpinheiro.com.br\/site\/#\/schema\/logo\/image\/\",\"url\":\"https:\/\/cleitonpinheiro.com.br\/site\/wp-content\/uploads\/2022\/08\/Logo-pequena-2.png\",\"contentUrl\":\"https:\/\/cleitonpinheiro.com.br\/site\/wp-content\/uploads\/2022\/08\/Logo-pequena-2.png\",\"width\":500,\"height\":500,\"caption\":\"CPNOT\u00cdCIAS\"},\"image\":{\"@id\":\"https:\/\/cleitonpinheiro.com.br\/site\/#\/schema\/logo\/image\/\"},\"sameAs\":[\"https:\/\/www.facebook.com\/portalcpnoticias\/\"]},{\"@type\":\"Person\",\"@id\":\"https:\/\/cleitonpinheiro.com.br\/site\/#\/schema\/person\/afd66d2092a2af96277ec94d0fdca5e9\",\"name\":\"Maria Inez Freitas de Oliveira\",\"image\":{\"@type\":\"ImageObject\",\"inLanguage\":\"pt-BR\",\"@id\":\"https:\/\/cleitonpinheiro.com.br\/site\/#\/schema\/person\/image\/\",\"url\":\"https:\/\/secure.gravatar.com\/avatar\/8da4748da444fee870fe4880de74d9dd08b34df8aabd6158765ed760cf8cd7c8?s=96&r=g\",\"contentUrl\":\"https:\/\/secure.gravatar.com\/avatar\/8da4748da444fee870fe4880de74d9dd08b34df8aabd6158765ed760cf8cd7c8?s=96&r=g\",\"caption\":\"Maria Inez Freitas de Oliveira\"},\"url\":\"https:\/\/cleitonpinheiro.com.br\/site\/author\/inez\/\"}]}<\/script>\n<!-- \/ Yoast SEO plugin. -->","yoast_head_json":{"title":"MPTO firma pacto para garantir a prote\u00e7\u00e3o de crian\u00e7as e adolescentes em eventos p\u00fablicos - PORTAL DE NOT\u00cdCIAS CLEITON PINHEIRO","robots":{"index":"index","follow":"follow","max-snippet":"max-snippet:-1","max-image-preview":"max-image-preview:large","max-video-preview":"max-video-preview:-1"},"canonical":"https:\/\/cleitonpinheiro.com.br\/site\/tac-entre-mpto-e-empresas-de-eventos-quer-garantir-a-protecao-de-criancas-e-adolescentes-em-eventos-publicos\/","og_locale":"pt_BR","og_type":"article","og_title":"MPTO firma pacto para garantir a prote\u00e7\u00e3o de crian\u00e7as e adolescentes em eventos p\u00fablicos - PORTAL DE NOT\u00cdCIAS CLEITON PINHEIRO","og_description":"Garantir a prote\u00e7\u00e3o dos direitos de crian\u00e7as e adolescentes em eventos p\u00fablicos, este o objetivo do Minist\u00e9rio P\u00fablico do Tocantins (MPTO) ao firmar um Termo de Ajustamento de Conduta (TAC) com as empresas Divers\u00f5es Entretenimentos Eireli-EPP e Cubo de Ideias Comunica\u00e7\u00f5es e Eventos Ltda., realizadoras de grandes eventos no Estado. O TAC regula a entrada [&hellip;]","og_url":"https:\/\/cleitonpinheiro.com.br\/site\/tac-entre-mpto-e-empresas-de-eventos-quer-garantir-a-protecao-de-criancas-e-adolescentes-em-eventos-publicos\/","og_site_name":"PORTAL DE NOT\u00cdCIAS CLEITON PINHEIRO","article_publisher":"https:\/\/www.facebook.com\/portalcpnoticias\/","article_published_time":"2024-06-14T13:26:26+00:00","article_modified_time":"2024-06-17T12:11:06+00:00","og_image":[{"width":1920,"height":1282,"url":"https:\/\/cleitonpinheiro.com.br\/site\/wp-content\/uploads\/2024\/06\/1a5900ddab97f5c454a9f5fff7454f4a-width-1920.jpeg","type":"image\/jpeg"}],"author":"Maria Inez Freitas de Oliveira","twitter_card":"summary_large_image","twitter_misc":{"Escrito por":"Maria Inez Freitas de Oliveira","Est. tempo de leitura":"3 minutos"},"schema":{"@context":"https:\/\/schema.org","@graph":[{"@type":"Article","@id":"https:\/\/cleitonpinheiro.com.br\/site\/tac-entre-mpto-e-empresas-de-eventos-quer-garantir-a-protecao-de-criancas-e-adolescentes-em-eventos-publicos\/#article","isPartOf":{"@id":"https:\/\/cleitonpinheiro.com.br\/site\/tac-entre-mpto-e-empresas-de-eventos-quer-garantir-a-protecao-de-criancas-e-adolescentes-em-eventos-publicos\/"},"author":{"name":"Maria Inez Freitas de Oliveira","@id":"https:\/\/cleitonpinheiro.com.br\/site\/#\/schema\/person\/afd66d2092a2af96277ec94d0fdca5e9"},"headline":"MPTO firma pacto para garantir a prote\u00e7\u00e3o de crian\u00e7as e adolescentes em eventos p\u00fablicos","datePublished":"2024-06-14T13:26:26+00:00","dateModified":"2024-06-17T12:11:06+00:00","mainEntityOfPage":{"@id":"https:\/\/cleitonpinheiro.com.br\/site\/tac-entre-mpto-e-empresas-de-eventos-quer-garantir-a-protecao-de-criancas-e-adolescentes-em-eventos-publicos\/"},"wordCount":449,"commentCount":0,"publisher":{"@id":"https:\/\/cleitonpinheiro.com.br\/site\/#organization"},"image":{"@id":"https:\/\/cleitonpinheiro.com.br\/site\/tac-entre-mpto-e-empresas-de-eventos-quer-garantir-a-protecao-de-criancas-e-adolescentes-em-eventos-publicos\/#primaryimage"},"thumbnailUrl":"https:\/\/cleitonpinheiro.com.br\/site\/wp-content\/uploads\/2024\/06\/1a5900ddab97f5c454a9f5fff7454f4a-width-1920.jpeg","articleSection":["ESTADO"],"inLanguage":"pt-BR","potentialAction":[{"@type":"CommentAction","name":"Comment","target":["https:\/\/cleitonpinheiro.com.br\/site\/tac-entre-mpto-e-empresas-de-eventos-quer-garantir-a-protecao-de-criancas-e-adolescentes-em-eventos-publicos\/#respond"]}]},{"@type":"WebPage","@id":"https:\/\/cleitonpinheiro.com.br\/site\/tac-entre-mpto-e-empresas-de-eventos-quer-garantir-a-protecao-de-criancas-e-adolescentes-em-eventos-publicos\/","url":"https:\/\/cleitonpinheiro.com.br\/site\/tac-entre-mpto-e-empresas-de-eventos-quer-garantir-a-protecao-de-criancas-e-adolescentes-em-eventos-publicos\/","name":"MPTO firma pacto para garantir a prote\u00e7\u00e3o de crian\u00e7as e adolescentes em eventos p\u00fablicos - PORTAL DE NOT\u00cdCIAS CLEITON PINHEIRO","isPartOf":{"@id":"https:\/\/cleitonpinheiro.com.br\/site\/#website"},"primaryImageOfPage":{"@id":"https:\/\/cleitonpinheiro.com.br\/site\/tac-entre-mpto-e-empresas-de-eventos-quer-garantir-a-protecao-de-criancas-e-adolescentes-em-eventos-publicos\/#primaryimage"},"image":{"@id":"https:\/\/cleitonpinheiro.com.br\/site\/tac-entre-mpto-e-empresas-de-eventos-quer-garantir-a-protecao-de-criancas-e-adolescentes-em-eventos-publicos\/#primaryimage"},"thumbnailUrl":"https:\/\/cleitonpinheiro.com.br\/site\/wp-content\/uploads\/2024\/06\/1a5900ddab97f5c454a9f5fff7454f4a-width-1920.jpeg","datePublished":"2024-06-14T13:26:26+00:00","dateModified":"2024-06-17T12:11:06+00:00","breadcrumb":{"@id":"https:\/\/cleitonpinheiro.com.br\/site\/tac-entre-mpto-e-empresas-de-eventos-quer-garantir-a-protecao-de-criancas-e-adolescentes-em-eventos-publicos\/#breadcrumb"},"inLanguage":"pt-BR","potentialAction":[{"@type":"ReadAction","target":["https:\/\/cleitonpinheiro.com.br\/site\/tac-entre-mpto-e-empresas-de-eventos-quer-garantir-a-protecao-de-criancas-e-adolescentes-em-eventos-publicos\/"]}]},{"@type":"ImageObject","inLanguage":"pt-BR","@id":"https:\/\/cleitonpinheiro.com.br\/site\/tac-entre-mpto-e-empresas-de-eventos-quer-garantir-a-protecao-de-criancas-e-adolescentes-em-eventos-publicos\/#primaryimage","url":"https:\/\/cleitonpinheiro.com.br\/site\/wp-content\/uploads\/2024\/06\/1a5900ddab97f5c454a9f5fff7454f4a-width-1920.jpeg","contentUrl":"https:\/\/cleitonpinheiro.com.br\/site\/wp-content\/uploads\/2024\/06\/1a5900ddab97f5c454a9f5fff7454f4a-width-1920.jpeg","width":1920,"height":1282},{"@type":"BreadcrumbList","@id":"https:\/\/cleitonpinheiro.com.br\/site\/tac-entre-mpto-e-empresas-de-eventos-quer-garantir-a-protecao-de-criancas-e-adolescentes-em-eventos-publicos\/#breadcrumb","itemListElement":[{"@type":"ListItem","position":1,"name":"In\u00edcio","item":"https:\/\/cleitonpinheiro.com.br\/site\/"},{"@type":"ListItem","position":2,"name":"MPTO firma pacto para garantir a prote\u00e7\u00e3o de crian\u00e7as e adolescentes em eventos p\u00fablicos"}]},{"@type":"WebSite","@id":"https:\/\/cleitonpinheiro.com.br\/site\/#website","url":"https:\/\/cleitonpinheiro.com.br\/site\/","name":"PORTAL DE NOT\u00cdCIAS CLEITON PINHEIRO","description":"FALANDO A VERDADE","publisher":{"@id":"https:\/\/cleitonpinheiro.com.br\/site\/#organization"},"potentialAction":[{"@type":"SearchAction","target":{"@type":"EntryPoint","urlTemplate":"https:\/\/cleitonpinheiro.com.br\/site\/?s={search_term_string}"},"query-input":{"@type":"PropertyValueSpecification","valueRequired":true,"valueName":"search_term_string"}}],"inLanguage":"pt-BR"},{"@type":"Organization","@id":"https:\/\/cleitonpinheiro.com.br\/site\/#organization","name":"CPNOT\u00cdCIAS","url":"https:\/\/cleitonpinheiro.com.br\/site\/","logo":{"@type":"ImageObject","inLanguage":"pt-BR","@id":"https:\/\/cleitonpinheiro.com.br\/site\/#\/schema\/logo\/image\/","url":"https:\/\/cleitonpinheiro.com.br\/site\/wp-content\/uploads\/2022\/08\/Logo-pequena-2.png","contentUrl":"https:\/\/cleitonpinheiro.com.br\/site\/wp-content\/uploads\/2022\/08\/Logo-pequena-2.png","width":500,"height":500,"caption":"CPNOT\u00cdCIAS"},"image":{"@id":"https:\/\/cleitonpinheiro.com.br\/site\/#\/schema\/logo\/image\/"},"sameAs":["https:\/\/www.facebook.com\/portalcpnoticias\/"]},{"@type":"Person","@id":"https:\/\/cleitonpinheiro.com.br\/site\/#\/schema\/person\/afd66d2092a2af96277ec94d0fdca5e9","name":"Maria Inez Freitas de Oliveira","image":{"@type":"ImageObject","inLanguage":"pt-BR","@id":"https:\/\/cleitonpinheiro.com.br\/site\/#\/schema\/person\/image\/","url":"https:\/\/secure.gravatar.com\/avatar\/8da4748da444fee870fe4880de74d9dd08b34df8aabd6158765ed760cf8cd7c8?s=96&r=g","contentUrl":"https:\/\/secure.gravatar.com\/avatar\/8da4748da444fee870fe4880de74d9dd08b34df8aabd6158765ed760cf8cd7c8?s=96&r=g","caption":"Maria Inez Freitas de Oliveira"},"url":"https:\/\/cleitonpinheiro.com.br\/site\/author\/inez\/"}]}},"views":160,"_links":{"self":[{"href":"https:\/\/cleitonpinheiro.com.br\/site\/wp-json\/wp\/v2\/posts\/77671","targetHints":{"allow":["GET"]}}],"collection":[{"href":"https:\/\/cleitonpinheiro.com.br\/site\/wp-json\/wp\/v2\/posts"}],"about":[{"href":"https:\/\/cleitonpinheiro.com.br\/site\/wp-json\/wp\/v2\/types\/post"}],"author":[{"embeddable":true,"href":"https:\/\/cleitonpinheiro.com.br\/site\/wp-json\/wp\/v2\/users\/25"}],"replies":[{"embeddable":true,"href":"https:\/\/cleitonpinheiro.com.br\/site\/wp-json\/wp\/v2\/comments?post=77671"}],"version-history":[{"count":2,"href":"https:\/\/cleitonpinheiro.com.br\/site\/wp-json\/wp\/v2\/posts\/77671\/revisions"}],"predecessor-version":[{"id":77674,"href":"https:\/\/cleitonpinheiro.com.br\/site\/wp-json\/wp\/v2\/posts\/77671\/revisions\/77674"}],"wp:featuredmedia":[{"embeddable":true,"href":"https:\/\/cleitonpinheiro.com.br\/site\/wp-json\/wp\/v2\/media\/77672"}],"wp:attachment":[{"href":"https:\/\/cleitonpinheiro.com.br\/site\/wp-json\/wp\/v2\/media?parent=77671"}],"wp:term":[{"taxonomy":"category","embeddable":true,"href":"https:\/\/cleitonpinheiro.com.br\/site\/wp-json\/wp\/v2\/categories?post=77671"},{"taxonomy":"post_tag","embeddable":true,"href":"https:\/\/cleitonpinheiro.com.br\/site\/wp-json\/wp\/v2\/tags?post=77671"}],"curies":[{"name":"wp","href":"https:\/\/api.w.org\/{rel}","templated":true}]}}