{"id":77675,"date":"2024-06-14T10:36:38","date_gmt":"2024-06-14T13:36:38","guid":{"rendered":"https:\/\/cleitonpinheiro.com.br\/site\/?p=77675"},"modified":"2024-06-14T10:36:57","modified_gmt":"2024-06-14T13:36:57","slug":"termina-nesta-sexta-14-prazo-para-inscricao-no-enem","status":"publish","type":"post","link":"https:\/\/cleitonpinheiro.com.br\/site\/termina-nesta-sexta-14-prazo-para-inscricao-no-enem\/","title":{"rendered":"Termina nesta sexta, 14, prazo para inscri\u00e7\u00e3o no Enem"},"content":{"rendered":"\n<figure class=\"wp-block-gallery has-nested-images columns-default is-cropped wp-block-gallery-1 is-layout-flex wp-block-gallery-is-layout-flex\">\n<figure class=\"wp-block-image size-large\"><img fetchpriority=\"high\" decoding=\"async\" width=\"1024\" height=\"613\" data-id=\"77676\" src=\"https:\/\/cleitonpinheiro.com.br\/site\/wp-content\/uploads\/2024\/06\/Raffa-Neddeermeyer-1024x613.webp\" alt=\"\" class=\"wp-image-77676\" srcset=\"https:\/\/cleitonpinheiro.com.br\/site\/wp-content\/uploads\/2024\/06\/Raffa-Neddeermeyer-1024x613.webp 1024w, https:\/\/cleitonpinheiro.com.br\/site\/wp-content\/uploads\/2024\/06\/Raffa-Neddeermeyer-300x179.webp 300w, https:\/\/cleitonpinheiro.com.br\/site\/wp-content\/uploads\/2024\/06\/Raffa-Neddeermeyer-768x459.webp 768w, https:\/\/cleitonpinheiro.com.br\/site\/wp-content\/uploads\/2024\/06\/Raffa-Neddeermeyer.webp 1170w\" sizes=\"(max-width: 1024px) 100vw, 1024px\" \/><figcaption class=\"wp-element-caption\">Foto: Raffa Neddeermeyer\/Ag\u00eancia Brasil<\/figcaption><\/figure>\n<\/figure>\n\n\n\n<p>Termina nesta sexta, 14 de junho, o prazo para inscri\u00e7\u00f5es no Exame Nacional do Ensino M\u00e9dio (Enem). Os interessados devem acessar a\u00a0<a href=\"https:\/\/enem.inep.gov.br\/participante\/#!\/\" target=\"_blank\" rel=\"noreferrer noopener\">P\u00e1gina do Participante<\/a>\u00a0e utilizar o cadastro na conta gov.br. A taxa de inscri\u00e7\u00e3o \u00e9 de R$ 85, e deve ser paga at\u00e9 19 de junho. As provas ser\u00e3o aplicadas nos dias 3 e 10 de novembro, em todas unidades federativas.<\/p>\n\n\n\n<p>As solicita\u00e7\u00f5es de atendimento especializado e tratamento por nome social tamb\u00e9m se encerram nesta ter\u00e7a-feira. Quem est\u00e1 concluindo o ensino m\u00e9dio em escola p\u00fablica n\u00e3o paga taxa de inscri\u00e7\u00e3o.<\/p>\n\n\n\n<p>Balan\u00e7o divulgado recentemente pelo Minist\u00e9rio da Educa\u00e7\u00e3o&nbsp;mostrou que praticamente 100% dos concluintes do ensino m\u00e9dio da rede p\u00fablica est\u00e3o inscritos no Enem em diversos estados. \u00c9 o caso de Alagoas, do Amap\u00e1, da Bahia, do Cear\u00e1, Distrito Federal, Esp\u00edrito Santo, de Goi\u00e1s, do Par\u00e1, da Para\u00edba, de Pernambuco, do Piau\u00ed, Rio Grande do Norte e de Sergipe.<\/p>\n\n\n\n<h2 class=\"wp-block-heading\">Enem<\/h2>\n\n\n\n<p>Criado em 1998, o Enem avalia o desempenho escolar dos estudantes ao t\u00e9rmino da educa\u00e7\u00e3o b\u00e1sica e tamb\u00e9m \u00e9 a principal porta de entrada para a educa\u00e7\u00e3o superior no pa\u00eds.<\/p>\n\n\n\n<p>Os resultados da avalia\u00e7\u00e3o podem ser usados para acesso ao Sistema de Sele\u00e7\u00e3o Unificada (Sisu) e ao Programa Universidade para Todos (ProUni) e tamb\u00e9m s\u00e3o aceitos em institui\u00e7\u00f5es privadas e de outros pa\u00edses de l\u00edngua portuguesa que tenham acordo com o Brasil.<\/p>\n\n\n\n<p>Os estudantes que n\u00e3o conclu\u00edram o ensino m\u00e9dio tamb\u00e9m podem participar na condi\u00e7\u00e3o de treineiros, para autoavalia\u00e7\u00e3o nos anos anteriores ao t\u00e9rmino da educa\u00e7\u00e3o b\u00e1sica.<\/p>\n\n\n\n<p>O Minist\u00e9rio da Educa\u00e7\u00e3o pede aos candidatos que fiquem atentos ao cronograma que foi alterado, de forma a ajustar datas, de forma a garantir a participa\u00e7\u00e3o dos estudantes do Rio Grande do Sul, prejudicados pelas enchentes que, desde o final de abril, atingem o estado.<\/p>\n","protected":false},"excerpt":{"rendered":"<p>Termina nesta sexta, 14 de junho, o prazo para inscri\u00e7\u00f5es no Exame Nacional do Ensino M\u00e9dio (Enem). Os interessados devem acessar a\u00a0P\u00e1gina do Participante\u00a0e utilizar o cadastro na conta gov.br. A taxa de inscri\u00e7\u00e3o \u00e9 de R$ 85, e deve ser paga at\u00e9 19 de junho. As provas ser\u00e3o aplicadas nos dias 3 e 10 [&hellip;]<\/p>\n","protected":false},"author":25,"featured_media":77676,"comment_status":"open","ping_status":"open","sticky":false,"template":"","format":"standard","meta":{"_acf_changed":false,"footnotes":""},"categories":[19,898],"tags":[329],"class_list":["post-77675","post","type-post","status-publish","format-standard","has-post-thumbnail","hentry","category-brasil-mundo","category-manchete-segundaria","tag-enem"],"acf":[],"yoast_head":"<!-- This site is optimized with the Yoast SEO plugin v24.4 - https:\/\/yoast.com\/wordpress\/plugins\/seo\/ -->\n<title>Termina nesta sexta, 14, prazo para inscri\u00e7\u00e3o no Enem - PORTAL DE NOT\u00cdCIAS CLEITON PINHEIRO<\/title>\n<meta name=\"robots\" content=\"index, follow, max-snippet:-1, max-image-preview:large, max-video-preview:-1\" \/>\n<link rel=\"canonical\" href=\"https:\/\/cleitonpinheiro.com.br\/site\/termina-nesta-sexta-14-prazo-para-inscricao-no-enem\/\" \/>\n<meta property=\"og:locale\" content=\"pt_BR\" \/>\n<meta property=\"og:type\" content=\"article\" \/>\n<meta property=\"og:title\" content=\"Termina nesta sexta, 14, prazo para inscri\u00e7\u00e3o no Enem - PORTAL DE NOT\u00cdCIAS CLEITON PINHEIRO\" \/>\n<meta property=\"og:description\" content=\"Termina nesta sexta, 14 de junho, o prazo para inscri\u00e7\u00f5es no Exame Nacional do Ensino M\u00e9dio (Enem). Os interessados devem acessar a\u00a0P\u00e1gina do Participante\u00a0e utilizar o cadastro na conta gov.br. A taxa de inscri\u00e7\u00e3o \u00e9 de R$ 85, e deve ser paga at\u00e9 19 de junho. As provas ser\u00e3o aplicadas nos dias 3 e 10 [&hellip;]\" \/>\n<meta property=\"og:url\" content=\"https:\/\/cleitonpinheiro.com.br\/site\/termina-nesta-sexta-14-prazo-para-inscricao-no-enem\/\" \/>\n<meta property=\"og:site_name\" content=\"PORTAL DE NOT\u00cdCIAS CLEITON PINHEIRO\" \/>\n<meta property=\"article:publisher\" content=\"https:\/\/www.facebook.com\/portalcpnoticias\/\" \/>\n<meta property=\"article:published_time\" content=\"2024-06-14T13:36:38+00:00\" \/>\n<meta property=\"article:modified_time\" content=\"2024-06-14T13:36:57+00:00\" \/>\n<meta property=\"og:image\" content=\"https:\/\/cleitonpinheiro.com.br\/site\/wp-content\/uploads\/2024\/06\/Raffa-Neddeermeyer.webp\" \/>\n\t<meta property=\"og:image:width\" content=\"1170\" \/>\n\t<meta property=\"og:image:height\" content=\"700\" \/>\n\t<meta property=\"og:image:type\" content=\"image\/webp\" \/>\n<meta name=\"author\" content=\"Maria Inez Freitas de Oliveira\" \/>\n<meta name=\"twitter:card\" content=\"summary_large_image\" \/>\n<meta name=\"twitter:label1\" content=\"Escrito por\" \/>\n\t<meta name=\"twitter:data1\" content=\"Maria Inez Freitas de Oliveira\" \/>\n\t<meta name=\"twitter:label2\" content=\"Est. tempo de leitura\" \/>\n\t<meta name=\"twitter:data2\" content=\"3 minutos\" \/>\n<script type=\"application\/ld+json\" class=\"yoast-schema-graph\">{\"@context\":\"https:\/\/schema.org\",\"@graph\":[{\"@type\":\"Article\",\"@id\":\"https:\/\/cleitonpinheiro.com.br\/site\/termina-nesta-sexta-14-prazo-para-inscricao-no-enem\/#article\",\"isPartOf\":{\"@id\":\"https:\/\/cleitonpinheiro.com.br\/site\/termina-nesta-sexta-14-prazo-para-inscricao-no-enem\/\"},\"author\":{\"name\":\"Maria Inez Freitas de Oliveira\",\"@id\":\"https:\/\/cleitonpinheiro.com.br\/site\/#\/schema\/person\/afd66d2092a2af96277ec94d0fdca5e9\"},\"headline\":\"Termina nesta sexta, 14, prazo para inscri\u00e7\u00e3o no Enem\",\"datePublished\":\"2024-06-14T13:36:38+00:00\",\"dateModified\":\"2024-06-14T13:36:57+00:00\",\"mainEntityOfPage\":{\"@id\":\"https:\/\/cleitonpinheiro.com.br\/site\/termina-nesta-sexta-14-prazo-para-inscricao-no-enem\/\"},\"wordCount\":346,\"commentCount\":0,\"publisher\":{\"@id\":\"https:\/\/cleitonpinheiro.com.br\/site\/#organization\"},\"image\":{\"@id\":\"https:\/\/cleitonpinheiro.com.br\/site\/termina-nesta-sexta-14-prazo-para-inscricao-no-enem\/#primaryimage\"},\"thumbnailUrl\":\"https:\/\/cleitonpinheiro.com.br\/site\/wp-content\/uploads\/2024\/06\/Raffa-Neddeermeyer.webp\",\"keywords\":[\"Enem\"],\"articleSection\":[\"BRASIL \/ MUNDO\",\"MANCHETE SEGUND\u00c1RIA\"],\"inLanguage\":\"pt-BR\",\"potentialAction\":[{\"@type\":\"CommentAction\",\"name\":\"Comment\",\"target\":[\"https:\/\/cleitonpinheiro.com.br\/site\/termina-nesta-sexta-14-prazo-para-inscricao-no-enem\/#respond\"]}]},{\"@type\":\"WebPage\",\"@id\":\"https:\/\/cleitonpinheiro.com.br\/site\/termina-nesta-sexta-14-prazo-para-inscricao-no-enem\/\",\"url\":\"https:\/\/cleitonpinheiro.com.br\/site\/termina-nesta-sexta-14-prazo-para-inscricao-no-enem\/\",\"name\":\"Termina nesta sexta, 14, prazo para inscri\u00e7\u00e3o no Enem - PORTAL DE NOT\u00cdCIAS CLEITON PINHEIRO\",\"isPartOf\":{\"@id\":\"https:\/\/cleitonpinheiro.com.br\/site\/#website\"},\"primaryImageOfPage\":{\"@id\":\"https:\/\/cleitonpinheiro.com.br\/site\/termina-nesta-sexta-14-prazo-para-inscricao-no-enem\/#primaryimage\"},\"image\":{\"@id\":\"https:\/\/cleitonpinheiro.com.br\/site\/termina-nesta-sexta-14-prazo-para-inscricao-no-enem\/#primaryimage\"},\"thumbnailUrl\":\"https:\/\/cleitonpinheiro.com.br\/site\/wp-content\/uploads\/2024\/06\/Raffa-Neddeermeyer.webp\",\"datePublished\":\"2024-06-14T13:36:38+00:00\",\"dateModified\":\"2024-06-14T13:36:57+00:00\",\"breadcrumb\":{\"@id\":\"https:\/\/cleitonpinheiro.com.br\/site\/termina-nesta-sexta-14-prazo-para-inscricao-no-enem\/#breadcrumb\"},\"inLanguage\":\"pt-BR\",\"potentialAction\":[{\"@type\":\"ReadAction\",\"target\":[\"https:\/\/cleitonpinheiro.com.br\/site\/termina-nesta-sexta-14-prazo-para-inscricao-no-enem\/\"]}]},{\"@type\":\"ImageObject\",\"inLanguage\":\"pt-BR\",\"@id\":\"https:\/\/cleitonpinheiro.com.br\/site\/termina-nesta-sexta-14-prazo-para-inscricao-no-enem\/#primaryimage\",\"url\":\"https:\/\/cleitonpinheiro.com.br\/site\/wp-content\/uploads\/2024\/06\/Raffa-Neddeermeyer.webp\",\"contentUrl\":\"https:\/\/cleitonpinheiro.com.br\/site\/wp-content\/uploads\/2024\/06\/Raffa-Neddeermeyer.webp\",\"width\":1170,\"height\":700},{\"@type\":\"BreadcrumbList\",\"@id\":\"https:\/\/cleitonpinheiro.com.br\/site\/termina-nesta-sexta-14-prazo-para-inscricao-no-enem\/#breadcrumb\",\"itemListElement\":[{\"@type\":\"ListItem\",\"position\":1,\"name\":\"In\u00edcio\",\"item\":\"https:\/\/cleitonpinheiro.com.br\/site\/\"},{\"@type\":\"ListItem\",\"position\":2,\"name\":\"Termina nesta sexta, 14, prazo para inscri\u00e7\u00e3o no Enem\"}]},{\"@type\":\"WebSite\",\"@id\":\"https:\/\/cleitonpinheiro.com.br\/site\/#website\",\"url\":\"https:\/\/cleitonpinheiro.com.br\/site\/\",\"name\":\"PORTAL DE NOT\u00cdCIAS CLEITON PINHEIRO\",\"description\":\"FALANDO A VERDADE\",\"publisher\":{\"@id\":\"https:\/\/cleitonpinheiro.com.br\/site\/#organization\"},\"potentialAction\":[{\"@type\":\"SearchAction\",\"target\":{\"@type\":\"EntryPoint\",\"urlTemplate\":\"https:\/\/cleitonpinheiro.com.br\/site\/?s={search_term_string}\"},\"query-input\":{\"@type\":\"PropertyValueSpecification\",\"valueRequired\":true,\"valueName\":\"search_term_string\"}}],\"inLanguage\":\"pt-BR\"},{\"@type\":\"Organization\",\"@id\":\"https:\/\/cleitonpinheiro.com.br\/site\/#organization\",\"name\":\"CPNOT\u00cdCIAS\",\"url\":\"https:\/\/cleitonpinheiro.com.br\/site\/\",\"logo\":{\"@type\":\"ImageObject\",\"inLanguage\":\"pt-BR\",\"@id\":\"https:\/\/cleitonpinheiro.com.br\/site\/#\/schema\/logo\/image\/\",\"url\":\"https:\/\/cleitonpinheiro.com.br\/site\/wp-content\/uploads\/2022\/08\/Logo-pequena-2.png\",\"contentUrl\":\"https:\/\/cleitonpinheiro.com.br\/site\/wp-content\/uploads\/2022\/08\/Logo-pequena-2.png\",\"width\":500,\"height\":500,\"caption\":\"CPNOT\u00cdCIAS\"},\"image\":{\"@id\":\"https:\/\/cleitonpinheiro.com.br\/site\/#\/schema\/logo\/image\/\"},\"sameAs\":[\"https:\/\/www.facebook.com\/portalcpnoticias\/\"]},{\"@type\":\"Person\",\"@id\":\"https:\/\/cleitonpinheiro.com.br\/site\/#\/schema\/person\/afd66d2092a2af96277ec94d0fdca5e9\",\"name\":\"Maria Inez Freitas de Oliveira\",\"image\":{\"@type\":\"ImageObject\",\"inLanguage\":\"pt-BR\",\"@id\":\"https:\/\/cleitonpinheiro.com.br\/site\/#\/schema\/person\/image\/\",\"url\":\"https:\/\/secure.gravatar.com\/avatar\/8da4748da444fee870fe4880de74d9dd08b34df8aabd6158765ed760cf8cd7c8?s=96&r=g\",\"contentUrl\":\"https:\/\/secure.gravatar.com\/avatar\/8da4748da444fee870fe4880de74d9dd08b34df8aabd6158765ed760cf8cd7c8?s=96&r=g\",\"caption\":\"Maria Inez Freitas de Oliveira\"},\"url\":\"https:\/\/cleitonpinheiro.com.br\/site\/author\/inez\/\"}]}<\/script>\n<!-- \/ Yoast SEO plugin. -->","yoast_head_json":{"title":"Termina nesta sexta, 14, prazo para inscri\u00e7\u00e3o no Enem - PORTAL DE NOT\u00cdCIAS CLEITON PINHEIRO","robots":{"index":"index","follow":"follow","max-snippet":"max-snippet:-1","max-image-preview":"max-image-preview:large","max-video-preview":"max-video-preview:-1"},"canonical":"https:\/\/cleitonpinheiro.com.br\/site\/termina-nesta-sexta-14-prazo-para-inscricao-no-enem\/","og_locale":"pt_BR","og_type":"article","og_title":"Termina nesta sexta, 14, prazo para inscri\u00e7\u00e3o no Enem - PORTAL DE NOT\u00cdCIAS CLEITON PINHEIRO","og_description":"Termina nesta sexta, 14 de junho, o prazo para inscri\u00e7\u00f5es no Exame Nacional do Ensino M\u00e9dio (Enem). Os interessados devem acessar a\u00a0P\u00e1gina do Participante\u00a0e utilizar o cadastro na conta gov.br. A taxa de inscri\u00e7\u00e3o \u00e9 de R$ 85, e deve ser paga at\u00e9 19 de junho. As provas ser\u00e3o aplicadas nos dias 3 e 10 [&hellip;]","og_url":"https:\/\/cleitonpinheiro.com.br\/site\/termina-nesta-sexta-14-prazo-para-inscricao-no-enem\/","og_site_name":"PORTAL DE NOT\u00cdCIAS CLEITON PINHEIRO","article_publisher":"https:\/\/www.facebook.com\/portalcpnoticias\/","article_published_time":"2024-06-14T13:36:38+00:00","article_modified_time":"2024-06-14T13:36:57+00:00","og_image":[{"width":1170,"height":700,"url":"https:\/\/cleitonpinheiro.com.br\/site\/wp-content\/uploads\/2024\/06\/Raffa-Neddeermeyer.webp","type":"image\/webp"}],"author":"Maria Inez Freitas de Oliveira","twitter_card":"summary_large_image","twitter_misc":{"Escrito por":"Maria Inez Freitas de Oliveira","Est. tempo de leitura":"3 minutos"},"schema":{"@context":"https:\/\/schema.org","@graph":[{"@type":"Article","@id":"https:\/\/cleitonpinheiro.com.br\/site\/termina-nesta-sexta-14-prazo-para-inscricao-no-enem\/#article","isPartOf":{"@id":"https:\/\/cleitonpinheiro.com.br\/site\/termina-nesta-sexta-14-prazo-para-inscricao-no-enem\/"},"author":{"name":"Maria Inez Freitas de Oliveira","@id":"https:\/\/cleitonpinheiro.com.br\/site\/#\/schema\/person\/afd66d2092a2af96277ec94d0fdca5e9"},"headline":"Termina nesta sexta, 14, prazo para inscri\u00e7\u00e3o no Enem","datePublished":"2024-06-14T13:36:38+00:00","dateModified":"2024-06-14T13:36:57+00:00","mainEntityOfPage":{"@id":"https:\/\/cleitonpinheiro.com.br\/site\/termina-nesta-sexta-14-prazo-para-inscricao-no-enem\/"},"wordCount":346,"commentCount":0,"publisher":{"@id":"https:\/\/cleitonpinheiro.com.br\/site\/#organization"},"image":{"@id":"https:\/\/cleitonpinheiro.com.br\/site\/termina-nesta-sexta-14-prazo-para-inscricao-no-enem\/#primaryimage"},"thumbnailUrl":"https:\/\/cleitonpinheiro.com.br\/site\/wp-content\/uploads\/2024\/06\/Raffa-Neddeermeyer.webp","keywords":["Enem"],"articleSection":["BRASIL \/ MUNDO","MANCHETE SEGUND\u00c1RIA"],"inLanguage":"pt-BR","potentialAction":[{"@type":"CommentAction","name":"Comment","target":["https:\/\/cleitonpinheiro.com.br\/site\/termina-nesta-sexta-14-prazo-para-inscricao-no-enem\/#respond"]}]},{"@type":"WebPage","@id":"https:\/\/cleitonpinheiro.com.br\/site\/termina-nesta-sexta-14-prazo-para-inscricao-no-enem\/","url":"https:\/\/cleitonpinheiro.com.br\/site\/termina-nesta-sexta-14-prazo-para-inscricao-no-enem\/","name":"Termina nesta sexta, 14, prazo para inscri\u00e7\u00e3o no Enem - PORTAL DE NOT\u00cdCIAS CLEITON PINHEIRO","isPartOf":{"@id":"https:\/\/cleitonpinheiro.com.br\/site\/#website"},"primaryImageOfPage":{"@id":"https:\/\/cleitonpinheiro.com.br\/site\/termina-nesta-sexta-14-prazo-para-inscricao-no-enem\/#primaryimage"},"image":{"@id":"https:\/\/cleitonpinheiro.com.br\/site\/termina-nesta-sexta-14-prazo-para-inscricao-no-enem\/#primaryimage"},"thumbnailUrl":"https:\/\/cleitonpinheiro.com.br\/site\/wp-content\/uploads\/2024\/06\/Raffa-Neddeermeyer.webp","datePublished":"2024-06-14T13:36:38+00:00","dateModified":"2024-06-14T13:36:57+00:00","breadcrumb":{"@id":"https:\/\/cleitonpinheiro.com.br\/site\/termina-nesta-sexta-14-prazo-para-inscricao-no-enem\/#breadcrumb"},"inLanguage":"pt-BR","potentialAction":[{"@type":"ReadAction","target":["https:\/\/cleitonpinheiro.com.br\/site\/termina-nesta-sexta-14-prazo-para-inscricao-no-enem\/"]}]},{"@type":"ImageObject","inLanguage":"pt-BR","@id":"https:\/\/cleitonpinheiro.com.br\/site\/termina-nesta-sexta-14-prazo-para-inscricao-no-enem\/#primaryimage","url":"https:\/\/cleitonpinheiro.com.br\/site\/wp-content\/uploads\/2024\/06\/Raffa-Neddeermeyer.webp","contentUrl":"https:\/\/cleitonpinheiro.com.br\/site\/wp-content\/uploads\/2024\/06\/Raffa-Neddeermeyer.webp","width":1170,"height":700},{"@type":"BreadcrumbList","@id":"https:\/\/cleitonpinheiro.com.br\/site\/termina-nesta-sexta-14-prazo-para-inscricao-no-enem\/#breadcrumb","itemListElement":[{"@type":"ListItem","position":1,"name":"In\u00edcio","item":"https:\/\/cleitonpinheiro.com.br\/site\/"},{"@type":"ListItem","position":2,"name":"Termina nesta sexta, 14, prazo para inscri\u00e7\u00e3o no Enem"}]},{"@type":"WebSite","@id":"https:\/\/cleitonpinheiro.com.br\/site\/#website","url":"https:\/\/cleitonpinheiro.com.br\/site\/","name":"PORTAL DE NOT\u00cdCIAS CLEITON PINHEIRO","description":"FALANDO A VERDADE","publisher":{"@id":"https:\/\/cleitonpinheiro.com.br\/site\/#organization"},"potentialAction":[{"@type":"SearchAction","target":{"@type":"EntryPoint","urlTemplate":"https:\/\/cleitonpinheiro.com.br\/site\/?s={search_term_string}"},"query-input":{"@type":"PropertyValueSpecification","valueRequired":true,"valueName":"search_term_string"}}],"inLanguage":"pt-BR"},{"@type":"Organization","@id":"https:\/\/cleitonpinheiro.com.br\/site\/#organization","name":"CPNOT\u00cdCIAS","url":"https:\/\/cleitonpinheiro.com.br\/site\/","logo":{"@type":"ImageObject","inLanguage":"pt-BR","@id":"https:\/\/cleitonpinheiro.com.br\/site\/#\/schema\/logo\/image\/","url":"https:\/\/cleitonpinheiro.com.br\/site\/wp-content\/uploads\/2022\/08\/Logo-pequena-2.png","contentUrl":"https:\/\/cleitonpinheiro.com.br\/site\/wp-content\/uploads\/2022\/08\/Logo-pequena-2.png","width":500,"height":500,"caption":"CPNOT\u00cdCIAS"},"image":{"@id":"https:\/\/cleitonpinheiro.com.br\/site\/#\/schema\/logo\/image\/"},"sameAs":["https:\/\/www.facebook.com\/portalcpnoticias\/"]},{"@type":"Person","@id":"https:\/\/cleitonpinheiro.com.br\/site\/#\/schema\/person\/afd66d2092a2af96277ec94d0fdca5e9","name":"Maria Inez Freitas de Oliveira","image":{"@type":"ImageObject","inLanguage":"pt-BR","@id":"https:\/\/cleitonpinheiro.com.br\/site\/#\/schema\/person\/image\/","url":"https:\/\/secure.gravatar.com\/avatar\/8da4748da444fee870fe4880de74d9dd08b34df8aabd6158765ed760cf8cd7c8?s=96&r=g","contentUrl":"https:\/\/secure.gravatar.com\/avatar\/8da4748da444fee870fe4880de74d9dd08b34df8aabd6158765ed760cf8cd7c8?s=96&r=g","caption":"Maria Inez Freitas de Oliveira"},"url":"https:\/\/cleitonpinheiro.com.br\/site\/author\/inez\/"}]}},"views":151,"_links":{"self":[{"href":"https:\/\/cleitonpinheiro.com.br\/site\/wp-json\/wp\/v2\/posts\/77675","targetHints":{"allow":["GET"]}}],"collection":[{"href":"https:\/\/cleitonpinheiro.com.br\/site\/wp-json\/wp\/v2\/posts"}],"about":[{"href":"https:\/\/cleitonpinheiro.com.br\/site\/wp-json\/wp\/v2\/types\/post"}],"author":[{"embeddable":true,"href":"https:\/\/cleitonpinheiro.com.br\/site\/wp-json\/wp\/v2\/users\/25"}],"replies":[{"embeddable":true,"href":"https:\/\/cleitonpinheiro.com.br\/site\/wp-json\/wp\/v2\/comments?post=77675"}],"version-history":[{"count":2,"href":"https:\/\/cleitonpinheiro.com.br\/site\/wp-json\/wp\/v2\/posts\/77675\/revisions"}],"predecessor-version":[{"id":77678,"href":"https:\/\/cleitonpinheiro.com.br\/site\/wp-json\/wp\/v2\/posts\/77675\/revisions\/77678"}],"wp:featuredmedia":[{"embeddable":true,"href":"https:\/\/cleitonpinheiro.com.br\/site\/wp-json\/wp\/v2\/media\/77676"}],"wp:attachment":[{"href":"https:\/\/cleitonpinheiro.com.br\/site\/wp-json\/wp\/v2\/media?parent=77675"}],"wp:term":[{"taxonomy":"category","embeddable":true,"href":"https:\/\/cleitonpinheiro.com.br\/site\/wp-json\/wp\/v2\/categories?post=77675"},{"taxonomy":"post_tag","embeddable":true,"href":"https:\/\/cleitonpinheiro.com.br\/site\/wp-json\/wp\/v2\/tags?post=77675"}],"curies":[{"name":"wp","href":"https:\/\/api.w.org\/{rel}","templated":true}]}}