{"id":77679,"date":"2024-06-14T10:53:28","date_gmt":"2024-06-14T13:53:28","guid":{"rendered":"https:\/\/cleitonpinheiro.com.br\/site\/?p=77679"},"modified":"2024-06-14T10:53:33","modified_gmt":"2024-06-14T13:53:33","slug":"projetos-em-defesa-dos-direitos-de-pessoas-com-deficiencia-tramitam-na-assembleia-legislativa-do-to","status":"publish","type":"post","link":"https:\/\/cleitonpinheiro.com.br\/site\/projetos-em-defesa-dos-direitos-de-pessoas-com-deficiencia-tramitam-na-assembleia-legislativa-do-to\/","title":{"rendered":"Projetos em defesa dos direitos de pessoas com defici\u00eancia tramitam na Assembleia Legislativa do TO"},"content":{"rendered":"\n<figure class=\"wp-block-gallery has-nested-images columns-default is-cropped wp-block-gallery-1 is-layout-flex wp-block-gallery-is-layout-flex\">\n<figure class=\"wp-block-image size-large\"><img fetchpriority=\"high\" decoding=\"async\" width=\"1024\" height=\"640\" data-id=\"77680\" src=\"https:\/\/cleitonpinheiro.com.br\/site\/wp-content\/uploads\/2024\/06\/2fc51e65f9a45807909c97b1b3c43449-1-1024x640.jpg\" alt=\"\" class=\"wp-image-77680\" srcset=\"https:\/\/cleitonpinheiro.com.br\/site\/wp-content\/uploads\/2024\/06\/2fc51e65f9a45807909c97b1b3c43449-1-1024x640.jpg 1024w, https:\/\/cleitonpinheiro.com.br\/site\/wp-content\/uploads\/2024\/06\/2fc51e65f9a45807909c97b1b3c43449-1-300x187.jpg 300w, https:\/\/cleitonpinheiro.com.br\/site\/wp-content\/uploads\/2024\/06\/2fc51e65f9a45807909c97b1b3c43449-1-768x480.jpg 768w, https:\/\/cleitonpinheiro.com.br\/site\/wp-content\/uploads\/2024\/06\/2fc51e65f9a45807909c97b1b3c43449-1.jpg 1130w\" sizes=\"(max-width: 1024px) 100vw, 1024px\" \/><figcaption class=\"wp-element-caption\">Foto: Kor\u00f3 Rocha\/Divulga\u00e7\u00e3o<\/figcaption><\/figure>\n<\/figure>\n\n\n\n<p>Os deputados da Comiss\u00e3o de Finan\u00e7as, Tributa\u00e7\u00e3o, Fiscaliza\u00e7\u00e3o e Controle da Assembleia Legislativa do Tocantins (Aleto) aprovaram nesta quarta-feira, 12, dois Projetos de Leis (PL) em defesa dos direitos de pessoas com defici\u00eancia no Tocantins.<\/p>\n\n\n\n<p>Um deles, o PL 383\/2023, de autoria do deputado Cleiton Cardoso (Republicanos), institui a gratuidade do servi\u00e7o de transporte coletivo intermunicipal para as pessoas com defici\u00eancia e transtornos do neurodesenvolvimento. A proposta prev\u00ea que para usufruir do direito \u00e0 gratuidade, o benefici\u00e1rio dever\u00e1 solicitar reserva de um \u00fanico assento por pessoa f\u00edsica, com, no m\u00ednimo, 48h de anteced\u00eancia da viagem.<\/p>\n\n\n\n<p>O texto foi aprovado e enviado para an\u00e1lise da Comiss\u00e3o de Administra\u00e7\u00e3o, Trabalho, Defesa do Consumidor, Transporte e Desenvolvimento Urbano.<\/p>\n\n\n\n<p>Tamb\u00e9m foi aprovado o PL 410\/2023, de autoria do deputado Jair Farias (UB), que disp\u00f5e sobre a obrigatoriedade da presen\u00e7a de um funcion\u00e1rio, profissional tradutor e int\u00e9rprete, ou, pessoas capacitadas em libras, para atendimento \u00e0s pessoas com defici\u00eancia auditiva em ag\u00eancias banc\u00e1rias, pronto-socorro, institui\u00e7\u00f5es p\u00fablicas, hospitais, supermercados e afins no Tocantins.<\/p>\n\n\n\n<p><strong>Outros projetos<\/strong><\/p>\n\n\n\n<p>Os deputados tamb\u00e9m aprovaram e encaminharam para a Comiss\u00e3o de Defesa do Direito do Idoso, o projeto de lei 511\/2023. &nbsp;De autoria da deputada Vanda Monteiro (UB), a propositura disp\u00f5e sobre a implanta\u00e7\u00e3o de Pol\u00edticas P\u00fablicas de prote\u00e7\u00e3o e combate \u00e0 viol\u00eancia f\u00edsica, sexual, financeira, patrimonial e emocional contra \u00e0 pessoa idosa.<\/p>\n\n\n\n<p>Foi encaminhado para a Comiss\u00e3o de Defesa do Consumidor, o PL 604\/2024, que tem por objetivo estabelecer a obrigatoriedade de instala\u00e7\u00e3o de piso t\u00e1til direcional e de alerta em todos os \u00f3rg\u00e3os p\u00fablicos do Estado, incluindo os Poderes Legislativo, Executivo e Judici\u00e1rio. A autoria da mat\u00e9ria \u00e9 da deputada Claudia Lelis (PV).<\/p>\n\n\n\n<p>Os membros da Comiss\u00e3o de Finan\u00e7as analisaram, ainda, o PL 634\/2024. De autoria de Luciano Oliveira (PSD), pretende instituir a Pol\u00edtica Estadual de Valoriza\u00e7\u00e3o do Homem do Campo, no \u00e2mbito do Estado do Tocantins. A proposta, que tem a finalidade de criar a\u00e7\u00f5es que garantam a perman\u00eancia do homem do campo com condi\u00e7\u00f5es de dignidade, no meio rural, foi encaminhada para a Comiss\u00e3o de Desenvolvimento Rural da Aleto.<\/p>\n\n\n\n<p>Texto: Suzana Barros\/Aleto<\/p>\n","protected":false},"excerpt":{"rendered":"<p>Os deputados da Comiss\u00e3o de Finan\u00e7as, Tributa\u00e7\u00e3o, Fiscaliza\u00e7\u00e3o e Controle da Assembleia Legislativa do Tocantins (Aleto) aprovaram nesta quarta-feira, 12, dois Projetos de Leis (PL) em defesa dos direitos de pessoas com defici\u00eancia no Tocantins. Um deles, o PL 383\/2023, de autoria do deputado Cleiton Cardoso (Republicanos), institui a gratuidade do servi\u00e7o de transporte coletivo [&hellip;]<\/p>\n","protected":false},"author":25,"featured_media":77680,"comment_status":"open","ping_status":"open","sticky":false,"template":"","format":"standard","meta":{"_acf_changed":false,"footnotes":""},"categories":[23],"tags":[109],"class_list":["post-77679","post","type-post","status-publish","format-standard","has-post-thumbnail","hentry","category-politica","tag-assembleia-legislativa"],"acf":[],"yoast_head":"<!-- This site is optimized with the Yoast SEO plugin v24.4 - https:\/\/yoast.com\/wordpress\/plugins\/seo\/ -->\n<title>Projetos em defesa dos direitos de pessoas com defici\u00eancia tramitam na Assembleia Legislativa do TO - PORTAL DE NOT\u00cdCIAS CLEITON PINHEIRO<\/title>\n<meta name=\"robots\" content=\"index, follow, max-snippet:-1, max-image-preview:large, max-video-preview:-1\" \/>\n<link rel=\"canonical\" href=\"https:\/\/cleitonpinheiro.com.br\/site\/projetos-em-defesa-dos-direitos-de-pessoas-com-deficiencia-tramitam-na-assembleia-legislativa-do-to\/\" \/>\n<meta property=\"og:locale\" content=\"pt_BR\" \/>\n<meta property=\"og:type\" content=\"article\" \/>\n<meta property=\"og:title\" content=\"Projetos em defesa dos direitos de pessoas com defici\u00eancia tramitam na Assembleia Legislativa do TO - PORTAL DE NOT\u00cdCIAS CLEITON PINHEIRO\" \/>\n<meta property=\"og:description\" content=\"Os deputados da Comiss\u00e3o de Finan\u00e7as, Tributa\u00e7\u00e3o, Fiscaliza\u00e7\u00e3o e Controle da Assembleia Legislativa do Tocantins (Aleto) aprovaram nesta quarta-feira, 12, dois Projetos de Leis (PL) em defesa dos direitos de pessoas com defici\u00eancia no Tocantins. Um deles, o PL 383\/2023, de autoria do deputado Cleiton Cardoso (Republicanos), institui a gratuidade do servi\u00e7o de transporte coletivo [&hellip;]\" \/>\n<meta property=\"og:url\" content=\"https:\/\/cleitonpinheiro.com.br\/site\/projetos-em-defesa-dos-direitos-de-pessoas-com-deficiencia-tramitam-na-assembleia-legislativa-do-to\/\" \/>\n<meta property=\"og:site_name\" content=\"PORTAL DE NOT\u00cdCIAS CLEITON PINHEIRO\" \/>\n<meta property=\"article:publisher\" content=\"https:\/\/www.facebook.com\/portalcpnoticias\/\" \/>\n<meta property=\"article:published_time\" content=\"2024-06-14T13:53:28+00:00\" \/>\n<meta property=\"article:modified_time\" content=\"2024-06-14T13:53:33+00:00\" \/>\n<meta property=\"og:image\" content=\"https:\/\/cleitonpinheiro.com.br\/site\/wp-content\/uploads\/2024\/06\/2fc51e65f9a45807909c97b1b3c43449-1.jpg\" \/>\n\t<meta property=\"og:image:width\" content=\"1130\" \/>\n\t<meta property=\"og:image:height\" content=\"706\" \/>\n\t<meta property=\"og:image:type\" content=\"image\/jpeg\" \/>\n<meta name=\"author\" content=\"Maria Inez Freitas de Oliveira\" \/>\n<meta name=\"twitter:card\" content=\"summary_large_image\" \/>\n<meta name=\"twitter:label1\" content=\"Escrito por\" \/>\n\t<meta name=\"twitter:data1\" content=\"Maria Inez Freitas de Oliveira\" \/>\n\t<meta name=\"twitter:label2\" content=\"Est. tempo de leitura\" \/>\n\t<meta name=\"twitter:data2\" content=\"3 minutos\" \/>\n<script type=\"application\/ld+json\" class=\"yoast-schema-graph\">{\"@context\":\"https:\/\/schema.org\",\"@graph\":[{\"@type\":\"Article\",\"@id\":\"https:\/\/cleitonpinheiro.com.br\/site\/projetos-em-defesa-dos-direitos-de-pessoas-com-deficiencia-tramitam-na-assembleia-legislativa-do-to\/#article\",\"isPartOf\":{\"@id\":\"https:\/\/cleitonpinheiro.com.br\/site\/projetos-em-defesa-dos-direitos-de-pessoas-com-deficiencia-tramitam-na-assembleia-legislativa-do-to\/\"},\"author\":{\"name\":\"Maria Inez Freitas de Oliveira\",\"@id\":\"https:\/\/cleitonpinheiro.com.br\/site\/#\/schema\/person\/afd66d2092a2af96277ec94d0fdca5e9\"},\"headline\":\"Projetos em defesa dos direitos de pessoas com defici\u00eancia tramitam na Assembleia Legislativa do TO\",\"datePublished\":\"2024-06-14T13:53:28+00:00\",\"dateModified\":\"2024-06-14T13:53:33+00:00\",\"mainEntityOfPage\":{\"@id\":\"https:\/\/cleitonpinheiro.com.br\/site\/projetos-em-defesa-dos-direitos-de-pessoas-com-deficiencia-tramitam-na-assembleia-legislativa-do-to\/\"},\"wordCount\":404,\"commentCount\":0,\"publisher\":{\"@id\":\"https:\/\/cleitonpinheiro.com.br\/site\/#organization\"},\"image\":{\"@id\":\"https:\/\/cleitonpinheiro.com.br\/site\/projetos-em-defesa-dos-direitos-de-pessoas-com-deficiencia-tramitam-na-assembleia-legislativa-do-to\/#primaryimage\"},\"thumbnailUrl\":\"https:\/\/cleitonpinheiro.com.br\/site\/wp-content\/uploads\/2024\/06\/2fc51e65f9a45807909c97b1b3c43449-1.jpg\",\"keywords\":[\"Assembleia Legislativa\"],\"articleSection\":[\"POL\u00cdTICA\"],\"inLanguage\":\"pt-BR\",\"potentialAction\":[{\"@type\":\"CommentAction\",\"name\":\"Comment\",\"target\":[\"https:\/\/cleitonpinheiro.com.br\/site\/projetos-em-defesa-dos-direitos-de-pessoas-com-deficiencia-tramitam-na-assembleia-legislativa-do-to\/#respond\"]}]},{\"@type\":\"WebPage\",\"@id\":\"https:\/\/cleitonpinheiro.com.br\/site\/projetos-em-defesa-dos-direitos-de-pessoas-com-deficiencia-tramitam-na-assembleia-legislativa-do-to\/\",\"url\":\"https:\/\/cleitonpinheiro.com.br\/site\/projetos-em-defesa-dos-direitos-de-pessoas-com-deficiencia-tramitam-na-assembleia-legislativa-do-to\/\",\"name\":\"Projetos em defesa dos direitos de pessoas com defici\u00eancia tramitam na Assembleia Legislativa do TO - PORTAL DE NOT\u00cdCIAS CLEITON PINHEIRO\",\"isPartOf\":{\"@id\":\"https:\/\/cleitonpinheiro.com.br\/site\/#website\"},\"primaryImageOfPage\":{\"@id\":\"https:\/\/cleitonpinheiro.com.br\/site\/projetos-em-defesa-dos-direitos-de-pessoas-com-deficiencia-tramitam-na-assembleia-legislativa-do-to\/#primaryimage\"},\"image\":{\"@id\":\"https:\/\/cleitonpinheiro.com.br\/site\/projetos-em-defesa-dos-direitos-de-pessoas-com-deficiencia-tramitam-na-assembleia-legislativa-do-to\/#primaryimage\"},\"thumbnailUrl\":\"https:\/\/cleitonpinheiro.com.br\/site\/wp-content\/uploads\/2024\/06\/2fc51e65f9a45807909c97b1b3c43449-1.jpg\",\"datePublished\":\"2024-06-14T13:53:28+00:00\",\"dateModified\":\"2024-06-14T13:53:33+00:00\",\"breadcrumb\":{\"@id\":\"https:\/\/cleitonpinheiro.com.br\/site\/projetos-em-defesa-dos-direitos-de-pessoas-com-deficiencia-tramitam-na-assembleia-legislativa-do-to\/#breadcrumb\"},\"inLanguage\":\"pt-BR\",\"potentialAction\":[{\"@type\":\"ReadAction\",\"target\":[\"https:\/\/cleitonpinheiro.com.br\/site\/projetos-em-defesa-dos-direitos-de-pessoas-com-deficiencia-tramitam-na-assembleia-legislativa-do-to\/\"]}]},{\"@type\":\"ImageObject\",\"inLanguage\":\"pt-BR\",\"@id\":\"https:\/\/cleitonpinheiro.com.br\/site\/projetos-em-defesa-dos-direitos-de-pessoas-com-deficiencia-tramitam-na-assembleia-legislativa-do-to\/#primaryimage\",\"url\":\"https:\/\/cleitonpinheiro.com.br\/site\/wp-content\/uploads\/2024\/06\/2fc51e65f9a45807909c97b1b3c43449-1.jpg\",\"contentUrl\":\"https:\/\/cleitonpinheiro.com.br\/site\/wp-content\/uploads\/2024\/06\/2fc51e65f9a45807909c97b1b3c43449-1.jpg\",\"width\":1130,\"height\":706},{\"@type\":\"BreadcrumbList\",\"@id\":\"https:\/\/cleitonpinheiro.com.br\/site\/projetos-em-defesa-dos-direitos-de-pessoas-com-deficiencia-tramitam-na-assembleia-legislativa-do-to\/#breadcrumb\",\"itemListElement\":[{\"@type\":\"ListItem\",\"position\":1,\"name\":\"In\u00edcio\",\"item\":\"https:\/\/cleitonpinheiro.com.br\/site\/\"},{\"@type\":\"ListItem\",\"position\":2,\"name\":\"Projetos em defesa dos direitos de pessoas com defici\u00eancia tramitam na Assembleia Legislativa do TO\"}]},{\"@type\":\"WebSite\",\"@id\":\"https:\/\/cleitonpinheiro.com.br\/site\/#website\",\"url\":\"https:\/\/cleitonpinheiro.com.br\/site\/\",\"name\":\"PORTAL DE NOT\u00cdCIAS CLEITON PINHEIRO\",\"description\":\"FALANDO A VERDADE\",\"publisher\":{\"@id\":\"https:\/\/cleitonpinheiro.com.br\/site\/#organization\"},\"potentialAction\":[{\"@type\":\"SearchAction\",\"target\":{\"@type\":\"EntryPoint\",\"urlTemplate\":\"https:\/\/cleitonpinheiro.com.br\/site\/?s={search_term_string}\"},\"query-input\":{\"@type\":\"PropertyValueSpecification\",\"valueRequired\":true,\"valueName\":\"search_term_string\"}}],\"inLanguage\":\"pt-BR\"},{\"@type\":\"Organization\",\"@id\":\"https:\/\/cleitonpinheiro.com.br\/site\/#organization\",\"name\":\"CPNOT\u00cdCIAS\",\"url\":\"https:\/\/cleitonpinheiro.com.br\/site\/\",\"logo\":{\"@type\":\"ImageObject\",\"inLanguage\":\"pt-BR\",\"@id\":\"https:\/\/cleitonpinheiro.com.br\/site\/#\/schema\/logo\/image\/\",\"url\":\"https:\/\/cleitonpinheiro.com.br\/site\/wp-content\/uploads\/2022\/08\/Logo-pequena-2.png\",\"contentUrl\":\"https:\/\/cleitonpinheiro.com.br\/site\/wp-content\/uploads\/2022\/08\/Logo-pequena-2.png\",\"width\":500,\"height\":500,\"caption\":\"CPNOT\u00cdCIAS\"},\"image\":{\"@id\":\"https:\/\/cleitonpinheiro.com.br\/site\/#\/schema\/logo\/image\/\"},\"sameAs\":[\"https:\/\/www.facebook.com\/portalcpnoticias\/\"]},{\"@type\":\"Person\",\"@id\":\"https:\/\/cleitonpinheiro.com.br\/site\/#\/schema\/person\/afd66d2092a2af96277ec94d0fdca5e9\",\"name\":\"Maria Inez Freitas de Oliveira\",\"image\":{\"@type\":\"ImageObject\",\"inLanguage\":\"pt-BR\",\"@id\":\"https:\/\/cleitonpinheiro.com.br\/site\/#\/schema\/person\/image\/\",\"url\":\"https:\/\/secure.gravatar.com\/avatar\/8da4748da444fee870fe4880de74d9dd08b34df8aabd6158765ed760cf8cd7c8?s=96&r=g\",\"contentUrl\":\"https:\/\/secure.gravatar.com\/avatar\/8da4748da444fee870fe4880de74d9dd08b34df8aabd6158765ed760cf8cd7c8?s=96&r=g\",\"caption\":\"Maria Inez Freitas de Oliveira\"},\"url\":\"https:\/\/cleitonpinheiro.com.br\/site\/author\/inez\/\"}]}<\/script>\n<!-- \/ Yoast SEO plugin. -->","yoast_head_json":{"title":"Projetos em defesa dos direitos de pessoas com defici\u00eancia tramitam na Assembleia Legislativa do TO - PORTAL DE NOT\u00cdCIAS CLEITON PINHEIRO","robots":{"index":"index","follow":"follow","max-snippet":"max-snippet:-1","max-image-preview":"max-image-preview:large","max-video-preview":"max-video-preview:-1"},"canonical":"https:\/\/cleitonpinheiro.com.br\/site\/projetos-em-defesa-dos-direitos-de-pessoas-com-deficiencia-tramitam-na-assembleia-legislativa-do-to\/","og_locale":"pt_BR","og_type":"article","og_title":"Projetos em defesa dos direitos de pessoas com defici\u00eancia tramitam na Assembleia Legislativa do TO - PORTAL DE NOT\u00cdCIAS CLEITON PINHEIRO","og_description":"Os deputados da Comiss\u00e3o de Finan\u00e7as, Tributa\u00e7\u00e3o, Fiscaliza\u00e7\u00e3o e Controle da Assembleia Legislativa do Tocantins (Aleto) aprovaram nesta quarta-feira, 12, dois Projetos de Leis (PL) em defesa dos direitos de pessoas com defici\u00eancia no Tocantins. Um deles, o PL 383\/2023, de autoria do deputado Cleiton Cardoso (Republicanos), institui a gratuidade do servi\u00e7o de transporte coletivo [&hellip;]","og_url":"https:\/\/cleitonpinheiro.com.br\/site\/projetos-em-defesa-dos-direitos-de-pessoas-com-deficiencia-tramitam-na-assembleia-legislativa-do-to\/","og_site_name":"PORTAL DE NOT\u00cdCIAS CLEITON PINHEIRO","article_publisher":"https:\/\/www.facebook.com\/portalcpnoticias\/","article_published_time":"2024-06-14T13:53:28+00:00","article_modified_time":"2024-06-14T13:53:33+00:00","og_image":[{"width":1130,"height":706,"url":"https:\/\/cleitonpinheiro.com.br\/site\/wp-content\/uploads\/2024\/06\/2fc51e65f9a45807909c97b1b3c43449-1.jpg","type":"image\/jpeg"}],"author":"Maria Inez Freitas de Oliveira","twitter_card":"summary_large_image","twitter_misc":{"Escrito por":"Maria Inez Freitas de Oliveira","Est. tempo de leitura":"3 minutos"},"schema":{"@context":"https:\/\/schema.org","@graph":[{"@type":"Article","@id":"https:\/\/cleitonpinheiro.com.br\/site\/projetos-em-defesa-dos-direitos-de-pessoas-com-deficiencia-tramitam-na-assembleia-legislativa-do-to\/#article","isPartOf":{"@id":"https:\/\/cleitonpinheiro.com.br\/site\/projetos-em-defesa-dos-direitos-de-pessoas-com-deficiencia-tramitam-na-assembleia-legislativa-do-to\/"},"author":{"name":"Maria Inez Freitas de Oliveira","@id":"https:\/\/cleitonpinheiro.com.br\/site\/#\/schema\/person\/afd66d2092a2af96277ec94d0fdca5e9"},"headline":"Projetos em defesa dos direitos de pessoas com defici\u00eancia tramitam na Assembleia Legislativa do TO","datePublished":"2024-06-14T13:53:28+00:00","dateModified":"2024-06-14T13:53:33+00:00","mainEntityOfPage":{"@id":"https:\/\/cleitonpinheiro.com.br\/site\/projetos-em-defesa-dos-direitos-de-pessoas-com-deficiencia-tramitam-na-assembleia-legislativa-do-to\/"},"wordCount":404,"commentCount":0,"publisher":{"@id":"https:\/\/cleitonpinheiro.com.br\/site\/#organization"},"image":{"@id":"https:\/\/cleitonpinheiro.com.br\/site\/projetos-em-defesa-dos-direitos-de-pessoas-com-deficiencia-tramitam-na-assembleia-legislativa-do-to\/#primaryimage"},"thumbnailUrl":"https:\/\/cleitonpinheiro.com.br\/site\/wp-content\/uploads\/2024\/06\/2fc51e65f9a45807909c97b1b3c43449-1.jpg","keywords":["Assembleia Legislativa"],"articleSection":["POL\u00cdTICA"],"inLanguage":"pt-BR","potentialAction":[{"@type":"CommentAction","name":"Comment","target":["https:\/\/cleitonpinheiro.com.br\/site\/projetos-em-defesa-dos-direitos-de-pessoas-com-deficiencia-tramitam-na-assembleia-legislativa-do-to\/#respond"]}]},{"@type":"WebPage","@id":"https:\/\/cleitonpinheiro.com.br\/site\/projetos-em-defesa-dos-direitos-de-pessoas-com-deficiencia-tramitam-na-assembleia-legislativa-do-to\/","url":"https:\/\/cleitonpinheiro.com.br\/site\/projetos-em-defesa-dos-direitos-de-pessoas-com-deficiencia-tramitam-na-assembleia-legislativa-do-to\/","name":"Projetos em defesa dos direitos de pessoas com defici\u00eancia tramitam na Assembleia Legislativa do TO - PORTAL DE NOT\u00cdCIAS CLEITON PINHEIRO","isPartOf":{"@id":"https:\/\/cleitonpinheiro.com.br\/site\/#website"},"primaryImageOfPage":{"@id":"https:\/\/cleitonpinheiro.com.br\/site\/projetos-em-defesa-dos-direitos-de-pessoas-com-deficiencia-tramitam-na-assembleia-legislativa-do-to\/#primaryimage"},"image":{"@id":"https:\/\/cleitonpinheiro.com.br\/site\/projetos-em-defesa-dos-direitos-de-pessoas-com-deficiencia-tramitam-na-assembleia-legislativa-do-to\/#primaryimage"},"thumbnailUrl":"https:\/\/cleitonpinheiro.com.br\/site\/wp-content\/uploads\/2024\/06\/2fc51e65f9a45807909c97b1b3c43449-1.jpg","datePublished":"2024-06-14T13:53:28+00:00","dateModified":"2024-06-14T13:53:33+00:00","breadcrumb":{"@id":"https:\/\/cleitonpinheiro.com.br\/site\/projetos-em-defesa-dos-direitos-de-pessoas-com-deficiencia-tramitam-na-assembleia-legislativa-do-to\/#breadcrumb"},"inLanguage":"pt-BR","potentialAction":[{"@type":"ReadAction","target":["https:\/\/cleitonpinheiro.com.br\/site\/projetos-em-defesa-dos-direitos-de-pessoas-com-deficiencia-tramitam-na-assembleia-legislativa-do-to\/"]}]},{"@type":"ImageObject","inLanguage":"pt-BR","@id":"https:\/\/cleitonpinheiro.com.br\/site\/projetos-em-defesa-dos-direitos-de-pessoas-com-deficiencia-tramitam-na-assembleia-legislativa-do-to\/#primaryimage","url":"https:\/\/cleitonpinheiro.com.br\/site\/wp-content\/uploads\/2024\/06\/2fc51e65f9a45807909c97b1b3c43449-1.jpg","contentUrl":"https:\/\/cleitonpinheiro.com.br\/site\/wp-content\/uploads\/2024\/06\/2fc51e65f9a45807909c97b1b3c43449-1.jpg","width":1130,"height":706},{"@type":"BreadcrumbList","@id":"https:\/\/cleitonpinheiro.com.br\/site\/projetos-em-defesa-dos-direitos-de-pessoas-com-deficiencia-tramitam-na-assembleia-legislativa-do-to\/#breadcrumb","itemListElement":[{"@type":"ListItem","position":1,"name":"In\u00edcio","item":"https:\/\/cleitonpinheiro.com.br\/site\/"},{"@type":"ListItem","position":2,"name":"Projetos em defesa dos direitos de pessoas com defici\u00eancia tramitam na Assembleia Legislativa do TO"}]},{"@type":"WebSite","@id":"https:\/\/cleitonpinheiro.com.br\/site\/#website","url":"https:\/\/cleitonpinheiro.com.br\/site\/","name":"PORTAL DE NOT\u00cdCIAS CLEITON PINHEIRO","description":"FALANDO A VERDADE","publisher":{"@id":"https:\/\/cleitonpinheiro.com.br\/site\/#organization"},"potentialAction":[{"@type":"SearchAction","target":{"@type":"EntryPoint","urlTemplate":"https:\/\/cleitonpinheiro.com.br\/site\/?s={search_term_string}"},"query-input":{"@type":"PropertyValueSpecification","valueRequired":true,"valueName":"search_term_string"}}],"inLanguage":"pt-BR"},{"@type":"Organization","@id":"https:\/\/cleitonpinheiro.com.br\/site\/#organization","name":"CPNOT\u00cdCIAS","url":"https:\/\/cleitonpinheiro.com.br\/site\/","logo":{"@type":"ImageObject","inLanguage":"pt-BR","@id":"https:\/\/cleitonpinheiro.com.br\/site\/#\/schema\/logo\/image\/","url":"https:\/\/cleitonpinheiro.com.br\/site\/wp-content\/uploads\/2022\/08\/Logo-pequena-2.png","contentUrl":"https:\/\/cleitonpinheiro.com.br\/site\/wp-content\/uploads\/2022\/08\/Logo-pequena-2.png","width":500,"height":500,"caption":"CPNOT\u00cdCIAS"},"image":{"@id":"https:\/\/cleitonpinheiro.com.br\/site\/#\/schema\/logo\/image\/"},"sameAs":["https:\/\/www.facebook.com\/portalcpnoticias\/"]},{"@type":"Person","@id":"https:\/\/cleitonpinheiro.com.br\/site\/#\/schema\/person\/afd66d2092a2af96277ec94d0fdca5e9","name":"Maria Inez Freitas de Oliveira","image":{"@type":"ImageObject","inLanguage":"pt-BR","@id":"https:\/\/cleitonpinheiro.com.br\/site\/#\/schema\/person\/image\/","url":"https:\/\/secure.gravatar.com\/avatar\/8da4748da444fee870fe4880de74d9dd08b34df8aabd6158765ed760cf8cd7c8?s=96&r=g","contentUrl":"https:\/\/secure.gravatar.com\/avatar\/8da4748da444fee870fe4880de74d9dd08b34df8aabd6158765ed760cf8cd7c8?s=96&r=g","caption":"Maria Inez Freitas de Oliveira"},"url":"https:\/\/cleitonpinheiro.com.br\/site\/author\/inez\/"}]}},"views":420,"_links":{"self":[{"href":"https:\/\/cleitonpinheiro.com.br\/site\/wp-json\/wp\/v2\/posts\/77679","targetHints":{"allow":["GET"]}}],"collection":[{"href":"https:\/\/cleitonpinheiro.com.br\/site\/wp-json\/wp\/v2\/posts"}],"about":[{"href":"https:\/\/cleitonpinheiro.com.br\/site\/wp-json\/wp\/v2\/types\/post"}],"author":[{"embeddable":true,"href":"https:\/\/cleitonpinheiro.com.br\/site\/wp-json\/wp\/v2\/users\/25"}],"replies":[{"embeddable":true,"href":"https:\/\/cleitonpinheiro.com.br\/site\/wp-json\/wp\/v2\/comments?post=77679"}],"version-history":[{"count":1,"href":"https:\/\/cleitonpinheiro.com.br\/site\/wp-json\/wp\/v2\/posts\/77679\/revisions"}],"predecessor-version":[{"id":77681,"href":"https:\/\/cleitonpinheiro.com.br\/site\/wp-json\/wp\/v2\/posts\/77679\/revisions\/77681"}],"wp:featuredmedia":[{"embeddable":true,"href":"https:\/\/cleitonpinheiro.com.br\/site\/wp-json\/wp\/v2\/media\/77680"}],"wp:attachment":[{"href":"https:\/\/cleitonpinheiro.com.br\/site\/wp-json\/wp\/v2\/media?parent=77679"}],"wp:term":[{"taxonomy":"category","embeddable":true,"href":"https:\/\/cleitonpinheiro.com.br\/site\/wp-json\/wp\/v2\/categories?post=77679"},{"taxonomy":"post_tag","embeddable":true,"href":"https:\/\/cleitonpinheiro.com.br\/site\/wp-json\/wp\/v2\/tags?post=77679"}],"curies":[{"name":"wp","href":"https:\/\/api.w.org\/{rel}","templated":true}]}}