{"id":77682,"date":"2024-06-14T10:30:00","date_gmt":"2024-06-14T13:30:00","guid":{"rendered":"https:\/\/cleitonpinheiro.com.br\/site\/?p=77682"},"modified":"2024-06-14T11:01:13","modified_gmt":"2024-06-14T14:01:13","slug":"defensoria-publica-chama-atencao-para-as-formas-de-violencia-contra-a-pessoa-idosa","status":"publish","type":"post","link":"https:\/\/cleitonpinheiro.com.br\/site\/defensoria-publica-chama-atencao-para-as-formas-de-violencia-contra-a-pessoa-idosa\/","title":{"rendered":"Defensoria P\u00fablica chama aten\u00e7\u00e3o para as formas de viol\u00eancia contra a pessoa idosa"},"content":{"rendered":"\n<figure class=\"wp-block-gallery has-nested-images columns-default is-cropped wp-block-gallery-1 is-layout-flex wp-block-gallery-is-layout-flex\">\n<figure class=\"wp-block-image size-large\"><img fetchpriority=\"high\" decoding=\"async\" width=\"900\" height=\"600\" data-id=\"77683\" src=\"https:\/\/cleitonpinheiro.com.br\/site\/wp-content\/uploads\/2024\/06\/v900x600_Foto_01-compressed.jpg\" alt=\"\" class=\"wp-image-77683\" srcset=\"https:\/\/cleitonpinheiro.com.br\/site\/wp-content\/uploads\/2024\/06\/v900x600_Foto_01-compressed.jpg 900w, https:\/\/cleitonpinheiro.com.br\/site\/wp-content\/uploads\/2024\/06\/v900x600_Foto_01-compressed-300x200.jpg 300w, https:\/\/cleitonpinheiro.com.br\/site\/wp-content\/uploads\/2024\/06\/v900x600_Foto_01-compressed-768x512.jpg 768w\" sizes=\"(max-width: 900px) 100vw, 900px\" \/><figcaption class=\"wp-element-caption\">Foto: Pixabay\/Divulga\u00e7\u00e3o<\/figcaption><\/figure>\n<\/figure>\n\n\n\n<p>No m\u00eas em que se discute a conscientiza\u00e7\u00e3o da viol\u00eancia contra a pessoa idosa, o N\u00facleo Aplicado das Minorias e A\u00e7\u00f5es Coletivas (Nuamac) da Defensoria P\u00fablica do Estado do Tocantins (DPE-TO) de Palmas chama a aten\u00e7\u00e3o da popula\u00e7\u00e3o para as formas de viol\u00eancia contra a pessoa idosa.<\/p>\n\n\n\n<p>\u00a0Segundo os dados da Secretaria da Seguran\u00e7a P\u00fablica do Estado do Tocantins (SSP-TO), em 2023, foram registrados 9.283 boletins de ocorr\u00eancia de alguma forma de viol\u00eancia\/crime que teve como v\u00edtimas pessoas com idade entre 60 e 90 anos. Amea\u00e7a, les\u00e3o corporal, abandono em hospitais, abandono de incapaz e omiss\u00e3o de socorro s\u00e3o alguns dos crimes registrados pela SSP-TO.<\/p>\n\n\n\n<p>De acordo com o Nuamac de Palmas, as viola\u00e7\u00f5es contra a pessoa idosa t\u00eam sido recorrentes e se diversificado, podendo ser classificadas como viol\u00eancias f\u00edsica, psicol\u00f3gica, financeira, patrimonial, sexual, institucional e discrimina\u00e7\u00e3o, e, na maioria das vezes, dentro de casa. \u201cO fator idade deixa essa pessoa idosa, em muitos casos, dependendo fisicamente ou psicologicamente da fam\u00edlia, o que faz com que os pr\u00f3prios familiares deixem de v\u00ea-la como uma pessoa de direitos e passem a cometer essas viol\u00eancias\u201d, comentou a coordenadora do Nuamac de Palmas, Silvania Barbosa de Oliveira Pimentel.<\/p>\n\n\n\n<p><strong>Saiba identificar as viol\u00eancias<\/strong><\/p>\n\n\n\n<p><strong>Viol\u00eancia f\u00edsica:<\/strong>&nbsp;s\u00e3o belisc\u00f5es, empurr\u00f5es, tapas ou agress\u00f5es que n\u00e3o deixam sinais f\u00edsicos.<\/p>\n\n\n\n<p><strong>Abuso psicol\u00f3gico:<\/strong>&nbsp;consiste em agress\u00f5es verbais, tratamento com menosprezo, desprezo ou qualquer a\u00e7\u00e3o que traga sofrimento emocional, humilha\u00e7\u00e3o, afastamento do conv\u00edvio familiar ou restri\u00e7\u00e3o \u00e0 liberdade de express\u00e3o. Tamb\u00e9m pode incluir submeter a pessoa idosa a ofensas, neglig\u00eancia, insultos, amea\u00e7as e gestos que afetam a autoimagem, a identidade e a autoestima.<\/p>\n\n\n\n<p><strong>Neglig\u00eancia ou abandono:<\/strong>&nbsp;ocorrem quando h\u00e1 recusa ou omiss\u00e3o de cuidados que acarretam preju\u00edzos ao bem-estar f\u00edsico e psicol\u00f3gico. Esses atos se manifestam tanto no seio familiar quanto em institui\u00e7\u00f5es que prestam servi\u00e7os de cuidados e acolhimento a pessoas idosas.<\/p>\n\n\n\n<p><strong>Viol\u00eancia institucional:<\/strong>&nbsp;a viol\u00eancia institucional trata-se de qualquer tipo de viola\u00e7\u00e3o exercida em institui\u00e7\u00f5es p\u00fablicas ou privadas. Pode ser neglig\u00eancia, por meio de uma a\u00e7\u00e3o desatenciosa ou omissa, por parte dos funcion\u00e1rios, ou por deixar de cumprir alguma a\u00e7\u00e3o que deveria ser realizada.<\/p>\n\n\n\n<p><strong>Financeira e patrimonial:<\/strong>&nbsp;a viol\u00eancia financeira \u00e9 a explora\u00e7\u00e3o impr\u00f3pria e ilegal, ou uso n\u00e3o consentido, dos recursos financeiros da pessoa idosa. O violador se apropria indevidamente de dinheiro e cart\u00f5es banc\u00e1rios, utilizando os valores para outras finalidades que n\u00e3o sejam a promo\u00e7\u00e3o do cuidado.<\/p>\n\n\n\n<p>J\u00e1 a viol\u00eancia patrimonial \u00e9 a pr\u00e1tica il\u00edcita que compromete o patrim\u00f4nio da pessoa idosa, for\u00e7ando a assinatura de documento sem ser explicado para quais fins ser\u00e1 destinado, altera\u00e7\u00f5es em seu testamento, fazer uma procura\u00e7\u00e3o ou ultrapassar os poderes de mandato, antecipa\u00e7\u00e3o de heran\u00e7a e\/ou venda de bens (m\u00f3veis e im\u00f3veis) sem o consentimento espont\u00e2neo do idoso, al\u00e9m de falsifica\u00e7\u00e3o de assinatura.<\/p>\n\n\n\n<p><strong>Viol\u00eancia sexual:<\/strong>\u00a0consiste em pr\u00e1ticas er\u00f3ticas mediante coa\u00e7\u00e3o com viol\u00eancia f\u00edsica ou amea\u00e7as. Essas viola\u00e7\u00f5es podem ocorrer na pr\u00f3pria casa, cometidas por pessoas da fam\u00edlia, e em institui\u00e7\u00f5es que prestam atendimento a pessoas idosas. Mulheres idosas com patologias f\u00edsicas ou doen\u00e7as neurol\u00f3gicas e psiqui\u00e1tricas costumam ser as mais vulner\u00e1veis.<\/p>\n\n\n\n<p><strong>Discrimina\u00e7\u00e3o<\/strong>: Refere-se a comportamentos discriminat\u00f3rios, ofensivos e desrespeitosos em rela\u00e7\u00e3o \u00e0 condi\u00e7\u00e3o f\u00edsica caracter\u00edstica da pessoa idosa, como desvaloriza\u00e7\u00e3o e inferioriza\u00e7\u00e3o.<\/p>\n\n\n\n<p>Os termos etarismo, idadismo ou age\u00edsmo s\u00e3o utilizados na tipifica\u00e7\u00e3o e combate a crimes de discrimina\u00e7\u00e3o e preconceito relacionados \u00e0 caracter\u00edstica da idade alcan\u00e7ada pela pessoa idosa.<\/p>\n\n\n\n<p><strong>Onde buscar ajuda<\/strong><\/p>\n\n\n\n<p>Pessoas idosas que t\u00eam seus direitos violados podem buscar atendimento em qualquer unidade da Defensoria P\u00fablica do Tocantins e tamb\u00e9m por meio do Disque 100, canal de den\u00fancias do Minist\u00e9rio dos Direitos Humanos e da Cidadania. O atendimento \u00e9 gratuito, sigiloso e est\u00e1 dispon\u00edvel 24 horas por dia. Al\u00e9m de liga\u00e7\u00e3o gratuita, os servi\u00e7os podem ser acessados por meio do WhatsApp (61) 99611-0100.<\/p>\n\n\n\n<p>Texto: <strong> <\/strong>Jornalismo DPE-TO<\/p>\n","protected":false},"excerpt":{"rendered":"<p>No m\u00eas em que se discute a conscientiza\u00e7\u00e3o da viol\u00eancia contra a pessoa idosa, o N\u00facleo Aplicado das Minorias e A\u00e7\u00f5es Coletivas (Nuamac) da Defensoria P\u00fablica do Estado do Tocantins (DPE-TO) de Palmas chama a aten\u00e7\u00e3o da popula\u00e7\u00e3o para as formas de viol\u00eancia contra a pessoa idosa. \u00a0Segundo os dados da Secretaria da Seguran\u00e7a P\u00fablica [&hellip;]<\/p>\n","protected":false},"author":25,"featured_media":77683,"comment_status":"open","ping_status":"open","sticky":false,"template":"","format":"standard","meta":{"_acf_changed":false,"footnotes":""},"categories":[8,898],"tags":[89],"class_list":["post-77682","post","type-post","status-publish","format-standard","has-post-thumbnail","hentry","category-estado","category-manchete-segundaria","tag-dpe-tocantins"],"acf":[],"yoast_head":"<!-- This site is optimized with the Yoast SEO plugin v24.4 - https:\/\/yoast.com\/wordpress\/plugins\/seo\/ -->\n<title>Defensoria P\u00fablica chama aten\u00e7\u00e3o para as formas de viol\u00eancia contra a pessoa idosa - PORTAL DE NOT\u00cdCIAS CLEITON PINHEIRO<\/title>\n<meta name=\"robots\" content=\"index, follow, max-snippet:-1, max-image-preview:large, max-video-preview:-1\" \/>\n<link rel=\"canonical\" href=\"https:\/\/cleitonpinheiro.com.br\/site\/defensoria-publica-chama-atencao-para-as-formas-de-violencia-contra-a-pessoa-idosa\/\" \/>\n<meta property=\"og:locale\" content=\"pt_BR\" \/>\n<meta property=\"og:type\" content=\"article\" \/>\n<meta property=\"og:title\" content=\"Defensoria P\u00fablica chama aten\u00e7\u00e3o para as formas de viol\u00eancia contra a pessoa idosa - PORTAL DE NOT\u00cdCIAS CLEITON PINHEIRO\" \/>\n<meta property=\"og:description\" content=\"No m\u00eas em que se discute a conscientiza\u00e7\u00e3o da viol\u00eancia contra a pessoa idosa, o N\u00facleo Aplicado das Minorias e A\u00e7\u00f5es Coletivas (Nuamac) da Defensoria P\u00fablica do Estado do Tocantins (DPE-TO) de Palmas chama a aten\u00e7\u00e3o da popula\u00e7\u00e3o para as formas de viol\u00eancia contra a pessoa idosa. \u00a0Segundo os dados da Secretaria da Seguran\u00e7a P\u00fablica [&hellip;]\" \/>\n<meta property=\"og:url\" content=\"https:\/\/cleitonpinheiro.com.br\/site\/defensoria-publica-chama-atencao-para-as-formas-de-violencia-contra-a-pessoa-idosa\/\" \/>\n<meta property=\"og:site_name\" content=\"PORTAL DE NOT\u00cdCIAS CLEITON PINHEIRO\" \/>\n<meta property=\"article:publisher\" content=\"https:\/\/www.facebook.com\/portalcpnoticias\/\" \/>\n<meta property=\"article:published_time\" content=\"2024-06-14T13:30:00+00:00\" \/>\n<meta property=\"article:modified_time\" content=\"2024-06-14T14:01:13+00:00\" \/>\n<meta property=\"og:image\" content=\"https:\/\/cleitonpinheiro.com.br\/site\/wp-content\/uploads\/2024\/06\/v900x600_Foto_01-compressed.jpg\" \/>\n\t<meta property=\"og:image:width\" content=\"900\" \/>\n\t<meta property=\"og:image:height\" content=\"600\" \/>\n\t<meta property=\"og:image:type\" content=\"image\/jpeg\" \/>\n<meta name=\"author\" content=\"Maria Inez Freitas de Oliveira\" \/>\n<meta name=\"twitter:card\" content=\"summary_large_image\" \/>\n<meta name=\"twitter:label1\" content=\"Escrito por\" \/>\n\t<meta name=\"twitter:data1\" content=\"Maria Inez Freitas de Oliveira\" \/>\n\t<meta name=\"twitter:label2\" content=\"Est. tempo de leitura\" \/>\n\t<meta name=\"twitter:data2\" content=\"4 minutos\" \/>\n<script type=\"application\/ld+json\" class=\"yoast-schema-graph\">{\"@context\":\"https:\/\/schema.org\",\"@graph\":[{\"@type\":\"Article\",\"@id\":\"https:\/\/cleitonpinheiro.com.br\/site\/defensoria-publica-chama-atencao-para-as-formas-de-violencia-contra-a-pessoa-idosa\/#article\",\"isPartOf\":{\"@id\":\"https:\/\/cleitonpinheiro.com.br\/site\/defensoria-publica-chama-atencao-para-as-formas-de-violencia-contra-a-pessoa-idosa\/\"},\"author\":{\"name\":\"Maria Inez Freitas de Oliveira\",\"@id\":\"https:\/\/cleitonpinheiro.com.br\/site\/#\/schema\/person\/afd66d2092a2af96277ec94d0fdca5e9\"},\"headline\":\"Defensoria P\u00fablica chama aten\u00e7\u00e3o para as formas de viol\u00eancia contra a pessoa idosa\",\"datePublished\":\"2024-06-14T13:30:00+00:00\",\"dateModified\":\"2024-06-14T14:01:13+00:00\",\"mainEntityOfPage\":{\"@id\":\"https:\/\/cleitonpinheiro.com.br\/site\/defensoria-publica-chama-atencao-para-as-formas-de-violencia-contra-a-pessoa-idosa\/\"},\"wordCount\":757,\"commentCount\":0,\"publisher\":{\"@id\":\"https:\/\/cleitonpinheiro.com.br\/site\/#organization\"},\"image\":{\"@id\":\"https:\/\/cleitonpinheiro.com.br\/site\/defensoria-publica-chama-atencao-para-as-formas-de-violencia-contra-a-pessoa-idosa\/#primaryimage\"},\"thumbnailUrl\":\"https:\/\/cleitonpinheiro.com.br\/site\/wp-content\/uploads\/2024\/06\/v900x600_Foto_01-compressed.jpg\",\"keywords\":[\"DPE Tocantins\"],\"articleSection\":[\"ESTADO\",\"MANCHETE SEGUND\u00c1RIA\"],\"inLanguage\":\"pt-BR\",\"potentialAction\":[{\"@type\":\"CommentAction\",\"name\":\"Comment\",\"target\":[\"https:\/\/cleitonpinheiro.com.br\/site\/defensoria-publica-chama-atencao-para-as-formas-de-violencia-contra-a-pessoa-idosa\/#respond\"]}]},{\"@type\":\"WebPage\",\"@id\":\"https:\/\/cleitonpinheiro.com.br\/site\/defensoria-publica-chama-atencao-para-as-formas-de-violencia-contra-a-pessoa-idosa\/\",\"url\":\"https:\/\/cleitonpinheiro.com.br\/site\/defensoria-publica-chama-atencao-para-as-formas-de-violencia-contra-a-pessoa-idosa\/\",\"name\":\"Defensoria P\u00fablica chama aten\u00e7\u00e3o para as formas de viol\u00eancia contra a pessoa idosa - PORTAL DE NOT\u00cdCIAS CLEITON PINHEIRO\",\"isPartOf\":{\"@id\":\"https:\/\/cleitonpinheiro.com.br\/site\/#website\"},\"primaryImageOfPage\":{\"@id\":\"https:\/\/cleitonpinheiro.com.br\/site\/defensoria-publica-chama-atencao-para-as-formas-de-violencia-contra-a-pessoa-idosa\/#primaryimage\"},\"image\":{\"@id\":\"https:\/\/cleitonpinheiro.com.br\/site\/defensoria-publica-chama-atencao-para-as-formas-de-violencia-contra-a-pessoa-idosa\/#primaryimage\"},\"thumbnailUrl\":\"https:\/\/cleitonpinheiro.com.br\/site\/wp-content\/uploads\/2024\/06\/v900x600_Foto_01-compressed.jpg\",\"datePublished\":\"2024-06-14T13:30:00+00:00\",\"dateModified\":\"2024-06-14T14:01:13+00:00\",\"breadcrumb\":{\"@id\":\"https:\/\/cleitonpinheiro.com.br\/site\/defensoria-publica-chama-atencao-para-as-formas-de-violencia-contra-a-pessoa-idosa\/#breadcrumb\"},\"inLanguage\":\"pt-BR\",\"potentialAction\":[{\"@type\":\"ReadAction\",\"target\":[\"https:\/\/cleitonpinheiro.com.br\/site\/defensoria-publica-chama-atencao-para-as-formas-de-violencia-contra-a-pessoa-idosa\/\"]}]},{\"@type\":\"ImageObject\",\"inLanguage\":\"pt-BR\",\"@id\":\"https:\/\/cleitonpinheiro.com.br\/site\/defensoria-publica-chama-atencao-para-as-formas-de-violencia-contra-a-pessoa-idosa\/#primaryimage\",\"url\":\"https:\/\/cleitonpinheiro.com.br\/site\/wp-content\/uploads\/2024\/06\/v900x600_Foto_01-compressed.jpg\",\"contentUrl\":\"https:\/\/cleitonpinheiro.com.br\/site\/wp-content\/uploads\/2024\/06\/v900x600_Foto_01-compressed.jpg\",\"width\":900,\"height\":600},{\"@type\":\"BreadcrumbList\",\"@id\":\"https:\/\/cleitonpinheiro.com.br\/site\/defensoria-publica-chama-atencao-para-as-formas-de-violencia-contra-a-pessoa-idosa\/#breadcrumb\",\"itemListElement\":[{\"@type\":\"ListItem\",\"position\":1,\"name\":\"In\u00edcio\",\"item\":\"https:\/\/cleitonpinheiro.com.br\/site\/\"},{\"@type\":\"ListItem\",\"position\":2,\"name\":\"Defensoria P\u00fablica chama aten\u00e7\u00e3o para as formas de viol\u00eancia contra a pessoa idosa\"}]},{\"@type\":\"WebSite\",\"@id\":\"https:\/\/cleitonpinheiro.com.br\/site\/#website\",\"url\":\"https:\/\/cleitonpinheiro.com.br\/site\/\",\"name\":\"PORTAL DE NOT\u00cdCIAS CLEITON PINHEIRO\",\"description\":\"FALANDO A VERDADE\",\"publisher\":{\"@id\":\"https:\/\/cleitonpinheiro.com.br\/site\/#organization\"},\"potentialAction\":[{\"@type\":\"SearchAction\",\"target\":{\"@type\":\"EntryPoint\",\"urlTemplate\":\"https:\/\/cleitonpinheiro.com.br\/site\/?s={search_term_string}\"},\"query-input\":{\"@type\":\"PropertyValueSpecification\",\"valueRequired\":true,\"valueName\":\"search_term_string\"}}],\"inLanguage\":\"pt-BR\"},{\"@type\":\"Organization\",\"@id\":\"https:\/\/cleitonpinheiro.com.br\/site\/#organization\",\"name\":\"CPNOT\u00cdCIAS\",\"url\":\"https:\/\/cleitonpinheiro.com.br\/site\/\",\"logo\":{\"@type\":\"ImageObject\",\"inLanguage\":\"pt-BR\",\"@id\":\"https:\/\/cleitonpinheiro.com.br\/site\/#\/schema\/logo\/image\/\",\"url\":\"https:\/\/cleitonpinheiro.com.br\/site\/wp-content\/uploads\/2022\/08\/Logo-pequena-2.png\",\"contentUrl\":\"https:\/\/cleitonpinheiro.com.br\/site\/wp-content\/uploads\/2022\/08\/Logo-pequena-2.png\",\"width\":500,\"height\":500,\"caption\":\"CPNOT\u00cdCIAS\"},\"image\":{\"@id\":\"https:\/\/cleitonpinheiro.com.br\/site\/#\/schema\/logo\/image\/\"},\"sameAs\":[\"https:\/\/www.facebook.com\/portalcpnoticias\/\"]},{\"@type\":\"Person\",\"@id\":\"https:\/\/cleitonpinheiro.com.br\/site\/#\/schema\/person\/afd66d2092a2af96277ec94d0fdca5e9\",\"name\":\"Maria Inez Freitas de Oliveira\",\"image\":{\"@type\":\"ImageObject\",\"inLanguage\":\"pt-BR\",\"@id\":\"https:\/\/cleitonpinheiro.com.br\/site\/#\/schema\/person\/image\/\",\"url\":\"https:\/\/secure.gravatar.com\/avatar\/8da4748da444fee870fe4880de74d9dd08b34df8aabd6158765ed760cf8cd7c8?s=96&r=g\",\"contentUrl\":\"https:\/\/secure.gravatar.com\/avatar\/8da4748da444fee870fe4880de74d9dd08b34df8aabd6158765ed760cf8cd7c8?s=96&r=g\",\"caption\":\"Maria Inez Freitas de Oliveira\"},\"url\":\"https:\/\/cleitonpinheiro.com.br\/site\/author\/inez\/\"}]}<\/script>\n<!-- \/ Yoast SEO plugin. -->","yoast_head_json":{"title":"Defensoria P\u00fablica chama aten\u00e7\u00e3o para as formas de viol\u00eancia contra a pessoa idosa - PORTAL DE NOT\u00cdCIAS CLEITON PINHEIRO","robots":{"index":"index","follow":"follow","max-snippet":"max-snippet:-1","max-image-preview":"max-image-preview:large","max-video-preview":"max-video-preview:-1"},"canonical":"https:\/\/cleitonpinheiro.com.br\/site\/defensoria-publica-chama-atencao-para-as-formas-de-violencia-contra-a-pessoa-idosa\/","og_locale":"pt_BR","og_type":"article","og_title":"Defensoria P\u00fablica chama aten\u00e7\u00e3o para as formas de viol\u00eancia contra a pessoa idosa - PORTAL DE NOT\u00cdCIAS CLEITON PINHEIRO","og_description":"No m\u00eas em que se discute a conscientiza\u00e7\u00e3o da viol\u00eancia contra a pessoa idosa, o N\u00facleo Aplicado das Minorias e A\u00e7\u00f5es Coletivas (Nuamac) da Defensoria P\u00fablica do Estado do Tocantins (DPE-TO) de Palmas chama a aten\u00e7\u00e3o da popula\u00e7\u00e3o para as formas de viol\u00eancia contra a pessoa idosa. \u00a0Segundo os dados da Secretaria da Seguran\u00e7a P\u00fablica [&hellip;]","og_url":"https:\/\/cleitonpinheiro.com.br\/site\/defensoria-publica-chama-atencao-para-as-formas-de-violencia-contra-a-pessoa-idosa\/","og_site_name":"PORTAL DE NOT\u00cdCIAS CLEITON PINHEIRO","article_publisher":"https:\/\/www.facebook.com\/portalcpnoticias\/","article_published_time":"2024-06-14T13:30:00+00:00","article_modified_time":"2024-06-14T14:01:13+00:00","og_image":[{"width":900,"height":600,"url":"https:\/\/cleitonpinheiro.com.br\/site\/wp-content\/uploads\/2024\/06\/v900x600_Foto_01-compressed.jpg","type":"image\/jpeg"}],"author":"Maria Inez Freitas de Oliveira","twitter_card":"summary_large_image","twitter_misc":{"Escrito por":"Maria Inez Freitas de Oliveira","Est. tempo de leitura":"4 minutos"},"schema":{"@context":"https:\/\/schema.org","@graph":[{"@type":"Article","@id":"https:\/\/cleitonpinheiro.com.br\/site\/defensoria-publica-chama-atencao-para-as-formas-de-violencia-contra-a-pessoa-idosa\/#article","isPartOf":{"@id":"https:\/\/cleitonpinheiro.com.br\/site\/defensoria-publica-chama-atencao-para-as-formas-de-violencia-contra-a-pessoa-idosa\/"},"author":{"name":"Maria Inez Freitas de Oliveira","@id":"https:\/\/cleitonpinheiro.com.br\/site\/#\/schema\/person\/afd66d2092a2af96277ec94d0fdca5e9"},"headline":"Defensoria P\u00fablica chama aten\u00e7\u00e3o para as formas de viol\u00eancia contra a pessoa idosa","datePublished":"2024-06-14T13:30:00+00:00","dateModified":"2024-06-14T14:01:13+00:00","mainEntityOfPage":{"@id":"https:\/\/cleitonpinheiro.com.br\/site\/defensoria-publica-chama-atencao-para-as-formas-de-violencia-contra-a-pessoa-idosa\/"},"wordCount":757,"commentCount":0,"publisher":{"@id":"https:\/\/cleitonpinheiro.com.br\/site\/#organization"},"image":{"@id":"https:\/\/cleitonpinheiro.com.br\/site\/defensoria-publica-chama-atencao-para-as-formas-de-violencia-contra-a-pessoa-idosa\/#primaryimage"},"thumbnailUrl":"https:\/\/cleitonpinheiro.com.br\/site\/wp-content\/uploads\/2024\/06\/v900x600_Foto_01-compressed.jpg","keywords":["DPE Tocantins"],"articleSection":["ESTADO","MANCHETE SEGUND\u00c1RIA"],"inLanguage":"pt-BR","potentialAction":[{"@type":"CommentAction","name":"Comment","target":["https:\/\/cleitonpinheiro.com.br\/site\/defensoria-publica-chama-atencao-para-as-formas-de-violencia-contra-a-pessoa-idosa\/#respond"]}]},{"@type":"WebPage","@id":"https:\/\/cleitonpinheiro.com.br\/site\/defensoria-publica-chama-atencao-para-as-formas-de-violencia-contra-a-pessoa-idosa\/","url":"https:\/\/cleitonpinheiro.com.br\/site\/defensoria-publica-chama-atencao-para-as-formas-de-violencia-contra-a-pessoa-idosa\/","name":"Defensoria P\u00fablica chama aten\u00e7\u00e3o para as formas de viol\u00eancia contra a pessoa idosa - PORTAL DE NOT\u00cdCIAS CLEITON PINHEIRO","isPartOf":{"@id":"https:\/\/cleitonpinheiro.com.br\/site\/#website"},"primaryImageOfPage":{"@id":"https:\/\/cleitonpinheiro.com.br\/site\/defensoria-publica-chama-atencao-para-as-formas-de-violencia-contra-a-pessoa-idosa\/#primaryimage"},"image":{"@id":"https:\/\/cleitonpinheiro.com.br\/site\/defensoria-publica-chama-atencao-para-as-formas-de-violencia-contra-a-pessoa-idosa\/#primaryimage"},"thumbnailUrl":"https:\/\/cleitonpinheiro.com.br\/site\/wp-content\/uploads\/2024\/06\/v900x600_Foto_01-compressed.jpg","datePublished":"2024-06-14T13:30:00+00:00","dateModified":"2024-06-14T14:01:13+00:00","breadcrumb":{"@id":"https:\/\/cleitonpinheiro.com.br\/site\/defensoria-publica-chama-atencao-para-as-formas-de-violencia-contra-a-pessoa-idosa\/#breadcrumb"},"inLanguage":"pt-BR","potentialAction":[{"@type":"ReadAction","target":["https:\/\/cleitonpinheiro.com.br\/site\/defensoria-publica-chama-atencao-para-as-formas-de-violencia-contra-a-pessoa-idosa\/"]}]},{"@type":"ImageObject","inLanguage":"pt-BR","@id":"https:\/\/cleitonpinheiro.com.br\/site\/defensoria-publica-chama-atencao-para-as-formas-de-violencia-contra-a-pessoa-idosa\/#primaryimage","url":"https:\/\/cleitonpinheiro.com.br\/site\/wp-content\/uploads\/2024\/06\/v900x600_Foto_01-compressed.jpg","contentUrl":"https:\/\/cleitonpinheiro.com.br\/site\/wp-content\/uploads\/2024\/06\/v900x600_Foto_01-compressed.jpg","width":900,"height":600},{"@type":"BreadcrumbList","@id":"https:\/\/cleitonpinheiro.com.br\/site\/defensoria-publica-chama-atencao-para-as-formas-de-violencia-contra-a-pessoa-idosa\/#breadcrumb","itemListElement":[{"@type":"ListItem","position":1,"name":"In\u00edcio","item":"https:\/\/cleitonpinheiro.com.br\/site\/"},{"@type":"ListItem","position":2,"name":"Defensoria P\u00fablica chama aten\u00e7\u00e3o para as formas de viol\u00eancia contra a pessoa idosa"}]},{"@type":"WebSite","@id":"https:\/\/cleitonpinheiro.com.br\/site\/#website","url":"https:\/\/cleitonpinheiro.com.br\/site\/","name":"PORTAL DE NOT\u00cdCIAS CLEITON PINHEIRO","description":"FALANDO A VERDADE","publisher":{"@id":"https:\/\/cleitonpinheiro.com.br\/site\/#organization"},"potentialAction":[{"@type":"SearchAction","target":{"@type":"EntryPoint","urlTemplate":"https:\/\/cleitonpinheiro.com.br\/site\/?s={search_term_string}"},"query-input":{"@type":"PropertyValueSpecification","valueRequired":true,"valueName":"search_term_string"}}],"inLanguage":"pt-BR"},{"@type":"Organization","@id":"https:\/\/cleitonpinheiro.com.br\/site\/#organization","name":"CPNOT\u00cdCIAS","url":"https:\/\/cleitonpinheiro.com.br\/site\/","logo":{"@type":"ImageObject","inLanguage":"pt-BR","@id":"https:\/\/cleitonpinheiro.com.br\/site\/#\/schema\/logo\/image\/","url":"https:\/\/cleitonpinheiro.com.br\/site\/wp-content\/uploads\/2022\/08\/Logo-pequena-2.png","contentUrl":"https:\/\/cleitonpinheiro.com.br\/site\/wp-content\/uploads\/2022\/08\/Logo-pequena-2.png","width":500,"height":500,"caption":"CPNOT\u00cdCIAS"},"image":{"@id":"https:\/\/cleitonpinheiro.com.br\/site\/#\/schema\/logo\/image\/"},"sameAs":["https:\/\/www.facebook.com\/portalcpnoticias\/"]},{"@type":"Person","@id":"https:\/\/cleitonpinheiro.com.br\/site\/#\/schema\/person\/afd66d2092a2af96277ec94d0fdca5e9","name":"Maria Inez Freitas de Oliveira","image":{"@type":"ImageObject","inLanguage":"pt-BR","@id":"https:\/\/cleitonpinheiro.com.br\/site\/#\/schema\/person\/image\/","url":"https:\/\/secure.gravatar.com\/avatar\/8da4748da444fee870fe4880de74d9dd08b34df8aabd6158765ed760cf8cd7c8?s=96&r=g","contentUrl":"https:\/\/secure.gravatar.com\/avatar\/8da4748da444fee870fe4880de74d9dd08b34df8aabd6158765ed760cf8cd7c8?s=96&r=g","caption":"Maria Inez Freitas de Oliveira"},"url":"https:\/\/cleitonpinheiro.com.br\/site\/author\/inez\/"}]}},"views":118,"_links":{"self":[{"href":"https:\/\/cleitonpinheiro.com.br\/site\/wp-json\/wp\/v2\/posts\/77682","targetHints":{"allow":["GET"]}}],"collection":[{"href":"https:\/\/cleitonpinheiro.com.br\/site\/wp-json\/wp\/v2\/posts"}],"about":[{"href":"https:\/\/cleitonpinheiro.com.br\/site\/wp-json\/wp\/v2\/types\/post"}],"author":[{"embeddable":true,"href":"https:\/\/cleitonpinheiro.com.br\/site\/wp-json\/wp\/v2\/users\/25"}],"replies":[{"embeddable":true,"href":"https:\/\/cleitonpinheiro.com.br\/site\/wp-json\/wp\/v2\/comments?post=77682"}],"version-history":[{"count":1,"href":"https:\/\/cleitonpinheiro.com.br\/site\/wp-json\/wp\/v2\/posts\/77682\/revisions"}],"predecessor-version":[{"id":77684,"href":"https:\/\/cleitonpinheiro.com.br\/site\/wp-json\/wp\/v2\/posts\/77682\/revisions\/77684"}],"wp:featuredmedia":[{"embeddable":true,"href":"https:\/\/cleitonpinheiro.com.br\/site\/wp-json\/wp\/v2\/media\/77683"}],"wp:attachment":[{"href":"https:\/\/cleitonpinheiro.com.br\/site\/wp-json\/wp\/v2\/media?parent=77682"}],"wp:term":[{"taxonomy":"category","embeddable":true,"href":"https:\/\/cleitonpinheiro.com.br\/site\/wp-json\/wp\/v2\/categories?post=77682"},{"taxonomy":"post_tag","embeddable":true,"href":"https:\/\/cleitonpinheiro.com.br\/site\/wp-json\/wp\/v2\/tags?post=77682"}],"curies":[{"name":"wp","href":"https:\/\/api.w.org\/{rel}","templated":true}]}}