{"id":77685,"date":"2024-06-14T11:25:41","date_gmt":"2024-06-14T14:25:41","guid":{"rendered":"https:\/\/cleitonpinheiro.com.br\/site\/?p=77685"},"modified":"2024-06-14T11:25:47","modified_gmt":"2024-06-14T14:25:47","slug":"agencia-de-metrologia-do-to-fiscaliza-balancas-de-pesagem-de-farmacias","status":"publish","type":"post","link":"https:\/\/cleitonpinheiro.com.br\/site\/agencia-de-metrologia-do-to-fiscaliza-balancas-de-pesagem-de-farmacias\/","title":{"rendered":"Ag\u00eancia de Metrologia do TO fiscaliza balan\u00e7as de pesagem de farm\u00e1cias"},"content":{"rendered":"\n<figure class=\"wp-block-gallery has-nested-images columns-default is-cropped wp-block-gallery-1 is-layout-flex wp-block-gallery-is-layout-flex\">\n<figure class=\"wp-block-image size-large\"><img fetchpriority=\"high\" decoding=\"async\" width=\"1024\" height=\"576\" data-id=\"77686\" src=\"https:\/\/cleitonpinheiro.com.br\/site\/wp-content\/uploads\/2024\/06\/WhatsApp-Image-2024-06-13-at-07.51.25-1-1024x576.jpeg\" alt=\"\" class=\"wp-image-77686\" srcset=\"https:\/\/cleitonpinheiro.com.br\/site\/wp-content\/uploads\/2024\/06\/WhatsApp-Image-2024-06-13-at-07.51.25-1-1024x576.jpeg 1024w, https:\/\/cleitonpinheiro.com.br\/site\/wp-content\/uploads\/2024\/06\/WhatsApp-Image-2024-06-13-at-07.51.25-1-300x169.jpeg 300w, https:\/\/cleitonpinheiro.com.br\/site\/wp-content\/uploads\/2024\/06\/WhatsApp-Image-2024-06-13-at-07.51.25-1-768x432.jpeg 768w, https:\/\/cleitonpinheiro.com.br\/site\/wp-content\/uploads\/2024\/06\/WhatsApp-Image-2024-06-13-at-07.51.25-1.jpeg 1280w\" sizes=\"(max-width: 1024px) 100vw, 1024px\" \/><figcaption class=\"wp-element-caption\">Fotos: Brenda Ramos\/Governo do Tocantins<\/figcaption><\/figure>\n<\/figure>\n\n\n\n<p>Com a\u00e7\u00f5es fiscalizat\u00f3rias pactuadas junto ao Instituto Nacional de Metrologia, Qualidade e Tecnologia (Inmetro), a Ag\u00eancia de Metrologia, Avalia\u00e7\u00e3o da Conformidade, Inova\u00e7\u00e3o e Tecnologia do Estado do Tocantins (AEM), \u00f3rg\u00e3o delegado no Tocantins, realiza periodicamente a Verifica\u00e7\u00e3o das Balan\u00e7as Comerciais de pesagem, vistoriando em diversos segmentos comerciais que utilizam do equipamento como instrumento de medi\u00e7\u00e3o: supermercados, a\u00e7ougues e restaurantes, lanchonetes, sorveterias e, tamb\u00e9m, farm\u00e1cias de manipula\u00e7\u00e3o.<\/p>\n\n\n\n<p>A a\u00e7\u00e3o fiscalizat\u00f3ria de verifica\u00e7\u00e3o de balan\u00e7a \u00e9 um processo normal para o dia a dia das organiza\u00e7\u00f5es que contam com produtos vendidos a peso em suas lojas.<\/p>\n\n\n\n<p>Toda balan\u00e7a utilizada para atividade econ\u00f4mica deve, obrigatoriamente, ser de modelo aprovado pelo Inmetro, em conformidade com as portarias vigentes, e ser verificada periodicamente pela Ag\u00eancia Estadual de Metrologia. Isso significa que o equipamento n\u00e3o pode ser pirata ou de uso dom\u00e9stico, cujos modelos n\u00e3o s\u00e3o apropriados para uso comercial.&nbsp;<\/p>\n\n\n\n<p>Em maio, os t\u00e9cnicos da \u00e1rea de Instrumentos da Ag\u00eancia fiscalizaram seis farm\u00e1cias de manipula\u00e7\u00e3o em Palmas para a verifica\u00e7\u00e3o das balan\u00e7as de pesagem. A a\u00e7\u00e3o faz parte do Plano de Trabalho da pasta para o ano.<\/p>\n\n\n\n<p><strong>Confer\u00eancia de peso<\/strong><\/p>\n\n\n\n<p>A verifica\u00e7\u00e3o das balan\u00e7as faz parte das a\u00e7\u00f5es rotineiras da \u00e1rea de instrumentos, realizada periodicamente pelos agentes de fiscaliza\u00e7\u00e3o da AEM, e tem por objetivo verificar se as informa\u00e7\u00f5es do equipamento est\u00e3o corretas, bem como averiguar o Erro M\u00e1ximo Admiss\u00edvel (EMA) e os selos que devem estar presentes em todos os equipamentos.<\/p>\n\n\n\n<p>Toda balan\u00e7a comercial tem que ter o adesivo de identifica\u00e7\u00e3o que informa se o equipamento est\u00e1 aferido e adequado para o uso.<\/p>\n\n\n\n<p>S\u00e3o tr\u00eas tipos de Selo de Identifica\u00e7\u00e3o: Inicial, que \u00e9 o adesivo que vem com a balan\u00e7a nova quando ela \u00e9 adquirida e que permanece at\u00e9 a primeira visita t\u00e9cnica metrol\u00f3gica; Selo de Verifica\u00e7\u00e3o Subsequente, que \u00e9 o adesivo que indica que o equipamento foi verificado pela equipe delegada do Inmetro e que est\u00e1 em conformidade para uso at\u00e9 a pr\u00f3xima visita; Selo de Verifica\u00e7\u00e3o de Repara\u00e7\u00e3o que \u00e9 o adesivo que indica que o equipamento foi reparado na oficina de manuten\u00e7\u00e3o permission\u00e1ria acreditada pelo Inmetro e que haver\u00e1 uma nova visita para verifica\u00e7\u00e3o p\u00f3s-reparo.<\/p>\n\n\n\n<p><strong>Seguran\u00e7a para o empres\u00e1rio e para o consumidor<\/strong><\/p>\n\n\n\n<p>A balan\u00e7a aferida nos ensaios metrol\u00f3gicos \u00e9 uma seguran\u00e7a para quem vende e quem compra o produto.&nbsp; O Inmetro atua visando a concorr\u00eancia leal e assegurando a legitimidade das rela\u00e7\u00f5es entre empresas e consumidores. \u201cNosso trabalho assegura que as transa\u00e7\u00f5es comerciais s\u00e3o realizadas sem que nenhuma das partes envolvidas tenha preju\u00edzo em uma compra ou venda de algo medido pelo peso\u201d, pontua o presidente da Ag\u00eancia de Metrologia, Jer\u00f4nimo J\u00fanior.<\/p>\n\n\n\n<p>Al\u00e9m disso, o equipamento verificado e aprovado atesta que a empresa est\u00e1 atuando em conformidade com a legisla\u00e7\u00e3o metrol\u00f3gica, assegurando que prioriza tamb\u00e9m o respeito ao cliente.&nbsp;<\/p>\n\n\n\n<p>O consumidor deve ficar atento ao selo Inmetro e \u00e0 portaria de aprova\u00e7\u00e3o do modelo do equipamento. A balan\u00e7a legal, adquirida no com\u00e9rcio formal, consta com uma placa na lateral com a etiqueta que tem a Portaria de Aprova\u00e7\u00e3o de Modelo (PAM). E, quem quiser ver o lacre de cor amarela, que indica que a balan\u00e7a est\u00e1 verificada e pr\u00f3pria para uso, pode observar logo abaixo da bandeja do equipamento. Vale ressaltar que o equipamento sem lacre tem a grande possibilidade de ser pirata e de n\u00e3o estar com os dados legais, podendo inclusive ludibriar o consumidor.<\/p>\n\n\n\n<p><\/p>\n\n\n\n<p>Texto: Cejane Borges \/ Governo do Tocantins<\/p>\n","protected":false},"excerpt":{"rendered":"<p>Com a\u00e7\u00f5es fiscalizat\u00f3rias pactuadas junto ao Instituto Nacional de Metrologia, Qualidade e Tecnologia (Inmetro), a Ag\u00eancia de Metrologia, Avalia\u00e7\u00e3o da Conformidade, Inova\u00e7\u00e3o e Tecnologia do Estado do Tocantins (AEM), \u00f3rg\u00e3o delegado no Tocantins, realiza periodicamente a Verifica\u00e7\u00e3o das Balan\u00e7as Comerciais de pesagem, vistoriando em diversos segmentos comerciais que utilizam do equipamento como instrumento de medi\u00e7\u00e3o: [&hellip;]<\/p>\n","protected":false},"author":25,"featured_media":77686,"comment_status":"open","ping_status":"open","sticky":false,"template":"","format":"standard","meta":{"_acf_changed":false,"footnotes":""},"categories":[8,898],"tags":[],"class_list":["post-77685","post","type-post","status-publish","format-standard","has-post-thumbnail","hentry","category-estado","category-manchete-segundaria"],"acf":[],"yoast_head":"<!-- This site is optimized with the Yoast SEO plugin v24.4 - https:\/\/yoast.com\/wordpress\/plugins\/seo\/ -->\n<title>Ag\u00eancia de Metrologia do TO fiscaliza balan\u00e7as de pesagem de farm\u00e1cias - PORTAL DE NOT\u00cdCIAS CLEITON PINHEIRO<\/title>\n<meta name=\"robots\" content=\"index, follow, max-snippet:-1, max-image-preview:large, max-video-preview:-1\" \/>\n<link rel=\"canonical\" href=\"https:\/\/cleitonpinheiro.com.br\/site\/agencia-de-metrologia-do-to-fiscaliza-balancas-de-pesagem-de-farmacias\/\" \/>\n<meta property=\"og:locale\" content=\"pt_BR\" \/>\n<meta property=\"og:type\" content=\"article\" \/>\n<meta property=\"og:title\" content=\"Ag\u00eancia de Metrologia do TO fiscaliza balan\u00e7as de pesagem de farm\u00e1cias - PORTAL DE NOT\u00cdCIAS CLEITON PINHEIRO\" \/>\n<meta property=\"og:description\" content=\"Com a\u00e7\u00f5es fiscalizat\u00f3rias pactuadas junto ao Instituto Nacional de Metrologia, Qualidade e Tecnologia (Inmetro), a Ag\u00eancia de Metrologia, Avalia\u00e7\u00e3o da Conformidade, Inova\u00e7\u00e3o e Tecnologia do Estado do Tocantins (AEM), \u00f3rg\u00e3o delegado no Tocantins, realiza periodicamente a Verifica\u00e7\u00e3o das Balan\u00e7as Comerciais de pesagem, vistoriando em diversos segmentos comerciais que utilizam do equipamento como instrumento de medi\u00e7\u00e3o: [&hellip;]\" \/>\n<meta property=\"og:url\" content=\"https:\/\/cleitonpinheiro.com.br\/site\/agencia-de-metrologia-do-to-fiscaliza-balancas-de-pesagem-de-farmacias\/\" \/>\n<meta property=\"og:site_name\" content=\"PORTAL DE NOT\u00cdCIAS CLEITON PINHEIRO\" \/>\n<meta property=\"article:publisher\" content=\"https:\/\/www.facebook.com\/portalcpnoticias\/\" \/>\n<meta property=\"article:published_time\" content=\"2024-06-14T14:25:41+00:00\" \/>\n<meta property=\"article:modified_time\" content=\"2024-06-14T14:25:47+00:00\" \/>\n<meta property=\"og:image\" content=\"https:\/\/cleitonpinheiro.com.br\/site\/wp-content\/uploads\/2024\/06\/WhatsApp-Image-2024-06-13-at-07.51.25-1.jpeg\" \/>\n\t<meta property=\"og:image:width\" content=\"1280\" \/>\n\t<meta property=\"og:image:height\" content=\"720\" \/>\n\t<meta property=\"og:image:type\" content=\"image\/jpeg\" \/>\n<meta name=\"author\" content=\"Maria Inez Freitas de Oliveira\" \/>\n<meta name=\"twitter:card\" content=\"summary_large_image\" \/>\n<meta name=\"twitter:label1\" content=\"Escrito por\" \/>\n\t<meta name=\"twitter:data1\" content=\"Maria Inez Freitas de Oliveira\" \/>\n\t<meta name=\"twitter:label2\" content=\"Est. tempo de leitura\" \/>\n\t<meta name=\"twitter:data2\" content=\"4 minutos\" \/>\n<script type=\"application\/ld+json\" class=\"yoast-schema-graph\">{\"@context\":\"https:\/\/schema.org\",\"@graph\":[{\"@type\":\"Article\",\"@id\":\"https:\/\/cleitonpinheiro.com.br\/site\/agencia-de-metrologia-do-to-fiscaliza-balancas-de-pesagem-de-farmacias\/#article\",\"isPartOf\":{\"@id\":\"https:\/\/cleitonpinheiro.com.br\/site\/agencia-de-metrologia-do-to-fiscaliza-balancas-de-pesagem-de-farmacias\/\"},\"author\":{\"name\":\"Maria Inez Freitas de Oliveira\",\"@id\":\"https:\/\/cleitonpinheiro.com.br\/site\/#\/schema\/person\/afd66d2092a2af96277ec94d0fdca5e9\"},\"headline\":\"Ag\u00eancia de Metrologia do TO fiscaliza balan\u00e7as de pesagem de farm\u00e1cias\",\"datePublished\":\"2024-06-14T14:25:41+00:00\",\"dateModified\":\"2024-06-14T14:25:47+00:00\",\"mainEntityOfPage\":{\"@id\":\"https:\/\/cleitonpinheiro.com.br\/site\/agencia-de-metrologia-do-to-fiscaliza-balancas-de-pesagem-de-farmacias\/\"},\"wordCount\":658,\"commentCount\":0,\"publisher\":{\"@id\":\"https:\/\/cleitonpinheiro.com.br\/site\/#organization\"},\"image\":{\"@id\":\"https:\/\/cleitonpinheiro.com.br\/site\/agencia-de-metrologia-do-to-fiscaliza-balancas-de-pesagem-de-farmacias\/#primaryimage\"},\"thumbnailUrl\":\"https:\/\/cleitonpinheiro.com.br\/site\/wp-content\/uploads\/2024\/06\/WhatsApp-Image-2024-06-13-at-07.51.25-1.jpeg\",\"articleSection\":[\"ESTADO\",\"MANCHETE SEGUND\u00c1RIA\"],\"inLanguage\":\"pt-BR\",\"potentialAction\":[{\"@type\":\"CommentAction\",\"name\":\"Comment\",\"target\":[\"https:\/\/cleitonpinheiro.com.br\/site\/agencia-de-metrologia-do-to-fiscaliza-balancas-de-pesagem-de-farmacias\/#respond\"]}]},{\"@type\":\"WebPage\",\"@id\":\"https:\/\/cleitonpinheiro.com.br\/site\/agencia-de-metrologia-do-to-fiscaliza-balancas-de-pesagem-de-farmacias\/\",\"url\":\"https:\/\/cleitonpinheiro.com.br\/site\/agencia-de-metrologia-do-to-fiscaliza-balancas-de-pesagem-de-farmacias\/\",\"name\":\"Ag\u00eancia de Metrologia do TO fiscaliza balan\u00e7as de pesagem de farm\u00e1cias - PORTAL DE NOT\u00cdCIAS CLEITON PINHEIRO\",\"isPartOf\":{\"@id\":\"https:\/\/cleitonpinheiro.com.br\/site\/#website\"},\"primaryImageOfPage\":{\"@id\":\"https:\/\/cleitonpinheiro.com.br\/site\/agencia-de-metrologia-do-to-fiscaliza-balancas-de-pesagem-de-farmacias\/#primaryimage\"},\"image\":{\"@id\":\"https:\/\/cleitonpinheiro.com.br\/site\/agencia-de-metrologia-do-to-fiscaliza-balancas-de-pesagem-de-farmacias\/#primaryimage\"},\"thumbnailUrl\":\"https:\/\/cleitonpinheiro.com.br\/site\/wp-content\/uploads\/2024\/06\/WhatsApp-Image-2024-06-13-at-07.51.25-1.jpeg\",\"datePublished\":\"2024-06-14T14:25:41+00:00\",\"dateModified\":\"2024-06-14T14:25:47+00:00\",\"breadcrumb\":{\"@id\":\"https:\/\/cleitonpinheiro.com.br\/site\/agencia-de-metrologia-do-to-fiscaliza-balancas-de-pesagem-de-farmacias\/#breadcrumb\"},\"inLanguage\":\"pt-BR\",\"potentialAction\":[{\"@type\":\"ReadAction\",\"target\":[\"https:\/\/cleitonpinheiro.com.br\/site\/agencia-de-metrologia-do-to-fiscaliza-balancas-de-pesagem-de-farmacias\/\"]}]},{\"@type\":\"ImageObject\",\"inLanguage\":\"pt-BR\",\"@id\":\"https:\/\/cleitonpinheiro.com.br\/site\/agencia-de-metrologia-do-to-fiscaliza-balancas-de-pesagem-de-farmacias\/#primaryimage\",\"url\":\"https:\/\/cleitonpinheiro.com.br\/site\/wp-content\/uploads\/2024\/06\/WhatsApp-Image-2024-06-13-at-07.51.25-1.jpeg\",\"contentUrl\":\"https:\/\/cleitonpinheiro.com.br\/site\/wp-content\/uploads\/2024\/06\/WhatsApp-Image-2024-06-13-at-07.51.25-1.jpeg\",\"width\":1280,\"height\":720},{\"@type\":\"BreadcrumbList\",\"@id\":\"https:\/\/cleitonpinheiro.com.br\/site\/agencia-de-metrologia-do-to-fiscaliza-balancas-de-pesagem-de-farmacias\/#breadcrumb\",\"itemListElement\":[{\"@type\":\"ListItem\",\"position\":1,\"name\":\"In\u00edcio\",\"item\":\"https:\/\/cleitonpinheiro.com.br\/site\/\"},{\"@type\":\"ListItem\",\"position\":2,\"name\":\"Ag\u00eancia de Metrologia do TO fiscaliza balan\u00e7as de pesagem de farm\u00e1cias\"}]},{\"@type\":\"WebSite\",\"@id\":\"https:\/\/cleitonpinheiro.com.br\/site\/#website\",\"url\":\"https:\/\/cleitonpinheiro.com.br\/site\/\",\"name\":\"PORTAL DE NOT\u00cdCIAS CLEITON PINHEIRO\",\"description\":\"FALANDO A VERDADE\",\"publisher\":{\"@id\":\"https:\/\/cleitonpinheiro.com.br\/site\/#organization\"},\"potentialAction\":[{\"@type\":\"SearchAction\",\"target\":{\"@type\":\"EntryPoint\",\"urlTemplate\":\"https:\/\/cleitonpinheiro.com.br\/site\/?s={search_term_string}\"},\"query-input\":{\"@type\":\"PropertyValueSpecification\",\"valueRequired\":true,\"valueName\":\"search_term_string\"}}],\"inLanguage\":\"pt-BR\"},{\"@type\":\"Organization\",\"@id\":\"https:\/\/cleitonpinheiro.com.br\/site\/#organization\",\"name\":\"CPNOT\u00cdCIAS\",\"url\":\"https:\/\/cleitonpinheiro.com.br\/site\/\",\"logo\":{\"@type\":\"ImageObject\",\"inLanguage\":\"pt-BR\",\"@id\":\"https:\/\/cleitonpinheiro.com.br\/site\/#\/schema\/logo\/image\/\",\"url\":\"https:\/\/cleitonpinheiro.com.br\/site\/wp-content\/uploads\/2022\/08\/Logo-pequena-2.png\",\"contentUrl\":\"https:\/\/cleitonpinheiro.com.br\/site\/wp-content\/uploads\/2022\/08\/Logo-pequena-2.png\",\"width\":500,\"height\":500,\"caption\":\"CPNOT\u00cdCIAS\"},\"image\":{\"@id\":\"https:\/\/cleitonpinheiro.com.br\/site\/#\/schema\/logo\/image\/\"},\"sameAs\":[\"https:\/\/www.facebook.com\/portalcpnoticias\/\"]},{\"@type\":\"Person\",\"@id\":\"https:\/\/cleitonpinheiro.com.br\/site\/#\/schema\/person\/afd66d2092a2af96277ec94d0fdca5e9\",\"name\":\"Maria Inez Freitas de Oliveira\",\"image\":{\"@type\":\"ImageObject\",\"inLanguage\":\"pt-BR\",\"@id\":\"https:\/\/cleitonpinheiro.com.br\/site\/#\/schema\/person\/image\/\",\"url\":\"https:\/\/secure.gravatar.com\/avatar\/8da4748da444fee870fe4880de74d9dd08b34df8aabd6158765ed760cf8cd7c8?s=96&r=g\",\"contentUrl\":\"https:\/\/secure.gravatar.com\/avatar\/8da4748da444fee870fe4880de74d9dd08b34df8aabd6158765ed760cf8cd7c8?s=96&r=g\",\"caption\":\"Maria Inez Freitas de Oliveira\"},\"url\":\"https:\/\/cleitonpinheiro.com.br\/site\/author\/inez\/\"}]}<\/script>\n<!-- \/ Yoast SEO plugin. -->","yoast_head_json":{"title":"Ag\u00eancia de Metrologia do TO fiscaliza balan\u00e7as de pesagem de farm\u00e1cias - PORTAL DE NOT\u00cdCIAS CLEITON PINHEIRO","robots":{"index":"index","follow":"follow","max-snippet":"max-snippet:-1","max-image-preview":"max-image-preview:large","max-video-preview":"max-video-preview:-1"},"canonical":"https:\/\/cleitonpinheiro.com.br\/site\/agencia-de-metrologia-do-to-fiscaliza-balancas-de-pesagem-de-farmacias\/","og_locale":"pt_BR","og_type":"article","og_title":"Ag\u00eancia de Metrologia do TO fiscaliza balan\u00e7as de pesagem de farm\u00e1cias - PORTAL DE NOT\u00cdCIAS CLEITON PINHEIRO","og_description":"Com a\u00e7\u00f5es fiscalizat\u00f3rias pactuadas junto ao Instituto Nacional de Metrologia, Qualidade e Tecnologia (Inmetro), a Ag\u00eancia de Metrologia, Avalia\u00e7\u00e3o da Conformidade, Inova\u00e7\u00e3o e Tecnologia do Estado do Tocantins (AEM), \u00f3rg\u00e3o delegado no Tocantins, realiza periodicamente a Verifica\u00e7\u00e3o das Balan\u00e7as Comerciais de pesagem, vistoriando em diversos segmentos comerciais que utilizam do equipamento como instrumento de medi\u00e7\u00e3o: [&hellip;]","og_url":"https:\/\/cleitonpinheiro.com.br\/site\/agencia-de-metrologia-do-to-fiscaliza-balancas-de-pesagem-de-farmacias\/","og_site_name":"PORTAL DE NOT\u00cdCIAS CLEITON PINHEIRO","article_publisher":"https:\/\/www.facebook.com\/portalcpnoticias\/","article_published_time":"2024-06-14T14:25:41+00:00","article_modified_time":"2024-06-14T14:25:47+00:00","og_image":[{"width":1280,"height":720,"url":"https:\/\/cleitonpinheiro.com.br\/site\/wp-content\/uploads\/2024\/06\/WhatsApp-Image-2024-06-13-at-07.51.25-1.jpeg","type":"image\/jpeg"}],"author":"Maria Inez Freitas de Oliveira","twitter_card":"summary_large_image","twitter_misc":{"Escrito por":"Maria Inez Freitas de Oliveira","Est. tempo de leitura":"4 minutos"},"schema":{"@context":"https:\/\/schema.org","@graph":[{"@type":"Article","@id":"https:\/\/cleitonpinheiro.com.br\/site\/agencia-de-metrologia-do-to-fiscaliza-balancas-de-pesagem-de-farmacias\/#article","isPartOf":{"@id":"https:\/\/cleitonpinheiro.com.br\/site\/agencia-de-metrologia-do-to-fiscaliza-balancas-de-pesagem-de-farmacias\/"},"author":{"name":"Maria Inez Freitas de Oliveira","@id":"https:\/\/cleitonpinheiro.com.br\/site\/#\/schema\/person\/afd66d2092a2af96277ec94d0fdca5e9"},"headline":"Ag\u00eancia de Metrologia do TO fiscaliza balan\u00e7as de pesagem de farm\u00e1cias","datePublished":"2024-06-14T14:25:41+00:00","dateModified":"2024-06-14T14:25:47+00:00","mainEntityOfPage":{"@id":"https:\/\/cleitonpinheiro.com.br\/site\/agencia-de-metrologia-do-to-fiscaliza-balancas-de-pesagem-de-farmacias\/"},"wordCount":658,"commentCount":0,"publisher":{"@id":"https:\/\/cleitonpinheiro.com.br\/site\/#organization"},"image":{"@id":"https:\/\/cleitonpinheiro.com.br\/site\/agencia-de-metrologia-do-to-fiscaliza-balancas-de-pesagem-de-farmacias\/#primaryimage"},"thumbnailUrl":"https:\/\/cleitonpinheiro.com.br\/site\/wp-content\/uploads\/2024\/06\/WhatsApp-Image-2024-06-13-at-07.51.25-1.jpeg","articleSection":["ESTADO","MANCHETE SEGUND\u00c1RIA"],"inLanguage":"pt-BR","potentialAction":[{"@type":"CommentAction","name":"Comment","target":["https:\/\/cleitonpinheiro.com.br\/site\/agencia-de-metrologia-do-to-fiscaliza-balancas-de-pesagem-de-farmacias\/#respond"]}]},{"@type":"WebPage","@id":"https:\/\/cleitonpinheiro.com.br\/site\/agencia-de-metrologia-do-to-fiscaliza-balancas-de-pesagem-de-farmacias\/","url":"https:\/\/cleitonpinheiro.com.br\/site\/agencia-de-metrologia-do-to-fiscaliza-balancas-de-pesagem-de-farmacias\/","name":"Ag\u00eancia de Metrologia do TO fiscaliza balan\u00e7as de pesagem de farm\u00e1cias - PORTAL DE NOT\u00cdCIAS CLEITON PINHEIRO","isPartOf":{"@id":"https:\/\/cleitonpinheiro.com.br\/site\/#website"},"primaryImageOfPage":{"@id":"https:\/\/cleitonpinheiro.com.br\/site\/agencia-de-metrologia-do-to-fiscaliza-balancas-de-pesagem-de-farmacias\/#primaryimage"},"image":{"@id":"https:\/\/cleitonpinheiro.com.br\/site\/agencia-de-metrologia-do-to-fiscaliza-balancas-de-pesagem-de-farmacias\/#primaryimage"},"thumbnailUrl":"https:\/\/cleitonpinheiro.com.br\/site\/wp-content\/uploads\/2024\/06\/WhatsApp-Image-2024-06-13-at-07.51.25-1.jpeg","datePublished":"2024-06-14T14:25:41+00:00","dateModified":"2024-06-14T14:25:47+00:00","breadcrumb":{"@id":"https:\/\/cleitonpinheiro.com.br\/site\/agencia-de-metrologia-do-to-fiscaliza-balancas-de-pesagem-de-farmacias\/#breadcrumb"},"inLanguage":"pt-BR","potentialAction":[{"@type":"ReadAction","target":["https:\/\/cleitonpinheiro.com.br\/site\/agencia-de-metrologia-do-to-fiscaliza-balancas-de-pesagem-de-farmacias\/"]}]},{"@type":"ImageObject","inLanguage":"pt-BR","@id":"https:\/\/cleitonpinheiro.com.br\/site\/agencia-de-metrologia-do-to-fiscaliza-balancas-de-pesagem-de-farmacias\/#primaryimage","url":"https:\/\/cleitonpinheiro.com.br\/site\/wp-content\/uploads\/2024\/06\/WhatsApp-Image-2024-06-13-at-07.51.25-1.jpeg","contentUrl":"https:\/\/cleitonpinheiro.com.br\/site\/wp-content\/uploads\/2024\/06\/WhatsApp-Image-2024-06-13-at-07.51.25-1.jpeg","width":1280,"height":720},{"@type":"BreadcrumbList","@id":"https:\/\/cleitonpinheiro.com.br\/site\/agencia-de-metrologia-do-to-fiscaliza-balancas-de-pesagem-de-farmacias\/#breadcrumb","itemListElement":[{"@type":"ListItem","position":1,"name":"In\u00edcio","item":"https:\/\/cleitonpinheiro.com.br\/site\/"},{"@type":"ListItem","position":2,"name":"Ag\u00eancia de Metrologia do TO fiscaliza balan\u00e7as de pesagem de farm\u00e1cias"}]},{"@type":"WebSite","@id":"https:\/\/cleitonpinheiro.com.br\/site\/#website","url":"https:\/\/cleitonpinheiro.com.br\/site\/","name":"PORTAL DE NOT\u00cdCIAS CLEITON PINHEIRO","description":"FALANDO A VERDADE","publisher":{"@id":"https:\/\/cleitonpinheiro.com.br\/site\/#organization"},"potentialAction":[{"@type":"SearchAction","target":{"@type":"EntryPoint","urlTemplate":"https:\/\/cleitonpinheiro.com.br\/site\/?s={search_term_string}"},"query-input":{"@type":"PropertyValueSpecification","valueRequired":true,"valueName":"search_term_string"}}],"inLanguage":"pt-BR"},{"@type":"Organization","@id":"https:\/\/cleitonpinheiro.com.br\/site\/#organization","name":"CPNOT\u00cdCIAS","url":"https:\/\/cleitonpinheiro.com.br\/site\/","logo":{"@type":"ImageObject","inLanguage":"pt-BR","@id":"https:\/\/cleitonpinheiro.com.br\/site\/#\/schema\/logo\/image\/","url":"https:\/\/cleitonpinheiro.com.br\/site\/wp-content\/uploads\/2022\/08\/Logo-pequena-2.png","contentUrl":"https:\/\/cleitonpinheiro.com.br\/site\/wp-content\/uploads\/2022\/08\/Logo-pequena-2.png","width":500,"height":500,"caption":"CPNOT\u00cdCIAS"},"image":{"@id":"https:\/\/cleitonpinheiro.com.br\/site\/#\/schema\/logo\/image\/"},"sameAs":["https:\/\/www.facebook.com\/portalcpnoticias\/"]},{"@type":"Person","@id":"https:\/\/cleitonpinheiro.com.br\/site\/#\/schema\/person\/afd66d2092a2af96277ec94d0fdca5e9","name":"Maria Inez Freitas de Oliveira","image":{"@type":"ImageObject","inLanguage":"pt-BR","@id":"https:\/\/cleitonpinheiro.com.br\/site\/#\/schema\/person\/image\/","url":"https:\/\/secure.gravatar.com\/avatar\/8da4748da444fee870fe4880de74d9dd08b34df8aabd6158765ed760cf8cd7c8?s=96&r=g","contentUrl":"https:\/\/secure.gravatar.com\/avatar\/8da4748da444fee870fe4880de74d9dd08b34df8aabd6158765ed760cf8cd7c8?s=96&r=g","caption":"Maria Inez Freitas de Oliveira"},"url":"https:\/\/cleitonpinheiro.com.br\/site\/author\/inez\/"}]}},"views":146,"_links":{"self":[{"href":"https:\/\/cleitonpinheiro.com.br\/site\/wp-json\/wp\/v2\/posts\/77685","targetHints":{"allow":["GET"]}}],"collection":[{"href":"https:\/\/cleitonpinheiro.com.br\/site\/wp-json\/wp\/v2\/posts"}],"about":[{"href":"https:\/\/cleitonpinheiro.com.br\/site\/wp-json\/wp\/v2\/types\/post"}],"author":[{"embeddable":true,"href":"https:\/\/cleitonpinheiro.com.br\/site\/wp-json\/wp\/v2\/users\/25"}],"replies":[{"embeddable":true,"href":"https:\/\/cleitonpinheiro.com.br\/site\/wp-json\/wp\/v2\/comments?post=77685"}],"version-history":[{"count":1,"href":"https:\/\/cleitonpinheiro.com.br\/site\/wp-json\/wp\/v2\/posts\/77685\/revisions"}],"predecessor-version":[{"id":77687,"href":"https:\/\/cleitonpinheiro.com.br\/site\/wp-json\/wp\/v2\/posts\/77685\/revisions\/77687"}],"wp:featuredmedia":[{"embeddable":true,"href":"https:\/\/cleitonpinheiro.com.br\/site\/wp-json\/wp\/v2\/media\/77686"}],"wp:attachment":[{"href":"https:\/\/cleitonpinheiro.com.br\/site\/wp-json\/wp\/v2\/media?parent=77685"}],"wp:term":[{"taxonomy":"category","embeddable":true,"href":"https:\/\/cleitonpinheiro.com.br\/site\/wp-json\/wp\/v2\/categories?post=77685"},{"taxonomy":"post_tag","embeddable":true,"href":"https:\/\/cleitonpinheiro.com.br\/site\/wp-json\/wp\/v2\/tags?post=77685"}],"curies":[{"name":"wp","href":"https:\/\/api.w.org\/{rel}","templated":true}]}}