{"id":77691,"date":"2024-06-14T14:44:08","date_gmt":"2024-06-14T17:44:08","guid":{"rendered":"https:\/\/cleitonpinheiro.com.br\/site\/?p=77691"},"modified":"2024-06-14T14:44:23","modified_gmt":"2024-06-14T17:44:23","slug":"19a-parada-do-orgulho-lgbti-acontece-proximo-domingo-16-em-palmas","status":"publish","type":"post","link":"https:\/\/cleitonpinheiro.com.br\/site\/19a-parada-do-orgulho-lgbti-acontece-proximo-domingo-16-em-palmas\/","title":{"rendered":"19\u00aa Parada do Orgulho LGBTI+ acontece pr\u00f3ximo domingo, 16, em Palmas"},"content":{"rendered":"\n<figure class=\"wp-block-gallery has-nested-images columns-default is-cropped wp-block-gallery-1 is-layout-flex wp-block-gallery-is-layout-flex\">\n<figure class=\"wp-block-image size-large\"><img fetchpriority=\"high\" decoding=\"async\" width=\"640\" height=\"413\" data-id=\"77692\" src=\"https:\/\/cleitonpinheiro.com.br\/site\/wp-content\/uploads\/2024\/06\/foto-1-11.jpeg\" alt=\"\" class=\"wp-image-77692\" srcset=\"https:\/\/cleitonpinheiro.com.br\/site\/wp-content\/uploads\/2024\/06\/foto-1-11.jpeg 640w, https:\/\/cleitonpinheiro.com.br\/site\/wp-content\/uploads\/2024\/06\/foto-1-11-300x194.jpeg 300w\" sizes=\"(max-width: 640px) 100vw, 640px\" \/><figcaption class=\"wp-element-caption\">Foto: divulga\u00e7\u00e3o\/Governo do Tocantins<\/figcaption><\/figure>\n<\/figure>\n\n\n\n<p>Promover a valoriza\u00e7\u00e3o da diversidade e o respeito \u00e0s diferen\u00e7as entre todas as pessoas, sem distin\u00e7\u00e3o de g\u00eanero, ra\u00e7a, etnia, religi\u00e3o, orienta\u00e7\u00e3o sexual, e outros aspectos, \u00e9 um dos compromissos fundamentais da Superintend\u00eancia de Direitos Humanos e Pol\u00edticas sobre Drogas da Secretaria da Cidadania e Justi\u00e7a (Seciju), que apoia a 19\u00aa Parada do Orgulho LGBTI+. Sob o tema &#8220;Basta de neglig\u00eancia e retrocesso no Legislativo: vote consciente por direitos da popula\u00e7\u00e3o LGBTIA+&#8221;, os eventos, distribu\u00eddos ao longo de toda a semana, t\u00eam como objetivo principal aprofundar discuss\u00f5es fundamentais para a comunidade LGBTI+ e incentivar a promo\u00e7\u00e3o da diversidade, inclus\u00e3o, sa\u00fade e oportunidades de emprego na cidade.<\/p>\n\n\n\n<p>Um dos organizadores do evento, Fernando Coelho, destaca a trajet\u00f3ria de duas d\u00e9cadas de atua\u00e7\u00e3o do movimento LGBTI+ no Tocantins, afirmando que este per\u00edodo consolidou a luta por direitos e reconhecimento na capital. \u201cEsta semana representa uma oportunidade para intensificarmos os esfor\u00e7os de conscientiza\u00e7\u00e3o sobre os desafios na efetiva\u00e7\u00e3o dos direitos da comunidade LGBTI+. Desejamos ressaltar que a busca pela equidade \u00e9 um pilar essencial para uma sociedade caracterizada pela justi\u00e7a social. Al\u00e9m disso, \u00e9 um momento de confraterniza\u00e7\u00e3o, no qual refor\u00e7amos o orgulho de nossa identidade\u201d, afirma.<\/p>\n\n\n\n<p>Para o Superintendente dos Direitos Humanos e Pol\u00edtica sobre Drogas, Jess\u00e9 Nascimento, \u201cao reconhecer e apoiar a Parada LGBTI+, estamos defendendo os direitos humanos fundamentais de todas as pessoas, independentemente de quem elas amam ou como se identificam. Estamos construindo uma sociedade mais inclusiva, onde o amor \u00e9 celebrado em todas as suas formas e onde a discrimina\u00e7\u00e3o e o \u00f3dio n\u00e3o t\u00eam lugar\u201d, afirmou o gestor.<\/p>\n\n\n\n<p>O evento ressalta a import\u00e2ncia das cont\u00ednuas batalhas contra a discrimina\u00e7\u00e3o, marginaliza\u00e7\u00e3o e retrocessos legislativos e se apresenta como um s\u00edmbolo de resist\u00eancia e autoafirma\u00e7\u00e3o, evidenciando de forma inequ\u00edvoca que todas as vidas s\u00e3o igualmente importantes e merecem respeito.<\/p>\n\n\n\n<p><strong>15 de junho de 2024<\/strong><\/p>\n\n\n\n<p>Atividades Esportivas e Competi\u00e7\u00e3o de LGBTI+<br>Local: Praia da Graciosa<br>Hor\u00e1rio: 16h<\/p>\n\n\n\n<p>Festa Oficial da Pr\u00e9-Parada 2024<br>Local: Lanterna Lounge Bar<br>Hor\u00e1rio: 22h<\/p>\n\n\n\n<p><strong>16 de junho de 2024<\/strong><\/p>\n\n\n\n<p>19\u00aa Parada do Orgulho LGBTI+ de Palmas<br>Local da Concentra\u00e7\u00e3o: Espa\u00e7o Cultural de Palmas<br>Hor\u00e1rio: 14h<\/p>\n\n\n\n<p>Shows comemorativos e encerramento<br>Local: Feira do Bosque<br>Hor\u00e1rio: 20h<\/p>\n\n\n\n<p>Texto: Tainara Saraiva\/Governo do Tocantins\/Com informa\u00e7\u00f5es da assessoria do evento.<\/p>\n","protected":false},"excerpt":{"rendered":"<p>Promover a valoriza\u00e7\u00e3o da diversidade e o respeito \u00e0s diferen\u00e7as entre todas as pessoas, sem distin\u00e7\u00e3o de g\u00eanero, ra\u00e7a, etnia, religi\u00e3o, orienta\u00e7\u00e3o sexual, e outros aspectos, \u00e9 um dos compromissos fundamentais da Superintend\u00eancia de Direitos Humanos e Pol\u00edticas sobre Drogas da Secretaria da Cidadania e Justi\u00e7a (Seciju), que apoia a 19\u00aa Parada do Orgulho LGBTI+. [&hellip;]<\/p>\n","protected":false},"author":13,"featured_media":77692,"comment_status":"open","ping_status":"open","sticky":false,"template":"","format":"standard","meta":{"_acf_changed":false,"footnotes":""},"categories":[8],"tags":[],"class_list":["post-77691","post","type-post","status-publish","format-standard","has-post-thumbnail","hentry","category-estado"],"acf":[],"yoast_head":"<!-- This site is optimized with the Yoast SEO plugin v24.4 - https:\/\/yoast.com\/wordpress\/plugins\/seo\/ -->\n<title>19\u00aa Parada do Orgulho LGBTI+ acontece pr\u00f3ximo domingo, 16, em Palmas - PORTAL DE NOT\u00cdCIAS CLEITON PINHEIRO<\/title>\n<meta name=\"robots\" content=\"index, follow, max-snippet:-1, max-image-preview:large, max-video-preview:-1\" \/>\n<link rel=\"canonical\" href=\"https:\/\/cleitonpinheiro.com.br\/site\/19a-parada-do-orgulho-lgbti-acontece-proximo-domingo-16-em-palmas\/\" \/>\n<meta property=\"og:locale\" content=\"pt_BR\" \/>\n<meta property=\"og:type\" content=\"article\" \/>\n<meta property=\"og:title\" content=\"19\u00aa Parada do Orgulho LGBTI+ acontece pr\u00f3ximo domingo, 16, em Palmas - PORTAL DE NOT\u00cdCIAS CLEITON PINHEIRO\" \/>\n<meta property=\"og:description\" content=\"Promover a valoriza\u00e7\u00e3o da diversidade e o respeito \u00e0s diferen\u00e7as entre todas as pessoas, sem distin\u00e7\u00e3o de g\u00eanero, ra\u00e7a, etnia, religi\u00e3o, orienta\u00e7\u00e3o sexual, e outros aspectos, \u00e9 um dos compromissos fundamentais da Superintend\u00eancia de Direitos Humanos e Pol\u00edticas sobre Drogas da Secretaria da Cidadania e Justi\u00e7a (Seciju), que apoia a 19\u00aa Parada do Orgulho LGBTI+. [&hellip;]\" \/>\n<meta property=\"og:url\" content=\"https:\/\/cleitonpinheiro.com.br\/site\/19a-parada-do-orgulho-lgbti-acontece-proximo-domingo-16-em-palmas\/\" \/>\n<meta property=\"og:site_name\" content=\"PORTAL DE NOT\u00cdCIAS CLEITON PINHEIRO\" \/>\n<meta property=\"article:publisher\" content=\"https:\/\/www.facebook.com\/portalcpnoticias\/\" \/>\n<meta property=\"article:published_time\" content=\"2024-06-14T17:44:08+00:00\" \/>\n<meta property=\"article:modified_time\" content=\"2024-06-14T17:44:23+00:00\" \/>\n<meta property=\"og:image\" content=\"https:\/\/cleitonpinheiro.com.br\/site\/wp-content\/uploads\/2024\/06\/foto-1-11.jpeg\" \/>\n\t<meta property=\"og:image:width\" content=\"640\" \/>\n\t<meta property=\"og:image:height\" content=\"413\" \/>\n\t<meta property=\"og:image:type\" content=\"image\/jpeg\" \/>\n<meta name=\"author\" content=\"Reda\u00e7\u00e3o CP\" \/>\n<meta name=\"twitter:card\" content=\"summary_large_image\" \/>\n<meta name=\"twitter:label1\" content=\"Escrito por\" \/>\n\t<meta name=\"twitter:data1\" content=\"Reda\u00e7\u00e3o CP\" \/>\n\t<meta name=\"twitter:label2\" content=\"Est. tempo de leitura\" \/>\n\t<meta name=\"twitter:data2\" content=\"3 minutos\" \/>\n<script type=\"application\/ld+json\" class=\"yoast-schema-graph\">{\"@context\":\"https:\/\/schema.org\",\"@graph\":[{\"@type\":\"Article\",\"@id\":\"https:\/\/cleitonpinheiro.com.br\/site\/19a-parada-do-orgulho-lgbti-acontece-proximo-domingo-16-em-palmas\/#article\",\"isPartOf\":{\"@id\":\"https:\/\/cleitonpinheiro.com.br\/site\/19a-parada-do-orgulho-lgbti-acontece-proximo-domingo-16-em-palmas\/\"},\"author\":{\"name\":\"Reda\u00e7\u00e3o CP\",\"@id\":\"https:\/\/cleitonpinheiro.com.br\/site\/#\/schema\/person\/8f04544e0bc40a1b68775b08360f87db\"},\"headline\":\"19\u00aa Parada do Orgulho LGBTI+ acontece pr\u00f3ximo domingo, 16, em Palmas\",\"datePublished\":\"2024-06-14T17:44:08+00:00\",\"dateModified\":\"2024-06-14T17:44:23+00:00\",\"mainEntityOfPage\":{\"@id\":\"https:\/\/cleitonpinheiro.com.br\/site\/19a-parada-do-orgulho-lgbti-acontece-proximo-domingo-16-em-palmas\/\"},\"wordCount\":421,\"commentCount\":0,\"publisher\":{\"@id\":\"https:\/\/cleitonpinheiro.com.br\/site\/#organization\"},\"image\":{\"@id\":\"https:\/\/cleitonpinheiro.com.br\/site\/19a-parada-do-orgulho-lgbti-acontece-proximo-domingo-16-em-palmas\/#primaryimage\"},\"thumbnailUrl\":\"https:\/\/cleitonpinheiro.com.br\/site\/wp-content\/uploads\/2024\/06\/foto-1-11.jpeg\",\"articleSection\":[\"ESTADO\"],\"inLanguage\":\"pt-BR\",\"potentialAction\":[{\"@type\":\"CommentAction\",\"name\":\"Comment\",\"target\":[\"https:\/\/cleitonpinheiro.com.br\/site\/19a-parada-do-orgulho-lgbti-acontece-proximo-domingo-16-em-palmas\/#respond\"]}]},{\"@type\":\"WebPage\",\"@id\":\"https:\/\/cleitonpinheiro.com.br\/site\/19a-parada-do-orgulho-lgbti-acontece-proximo-domingo-16-em-palmas\/\",\"url\":\"https:\/\/cleitonpinheiro.com.br\/site\/19a-parada-do-orgulho-lgbti-acontece-proximo-domingo-16-em-palmas\/\",\"name\":\"19\u00aa Parada do Orgulho LGBTI+ acontece pr\u00f3ximo domingo, 16, em Palmas - PORTAL DE NOT\u00cdCIAS CLEITON PINHEIRO\",\"isPartOf\":{\"@id\":\"https:\/\/cleitonpinheiro.com.br\/site\/#website\"},\"primaryImageOfPage\":{\"@id\":\"https:\/\/cleitonpinheiro.com.br\/site\/19a-parada-do-orgulho-lgbti-acontece-proximo-domingo-16-em-palmas\/#primaryimage\"},\"image\":{\"@id\":\"https:\/\/cleitonpinheiro.com.br\/site\/19a-parada-do-orgulho-lgbti-acontece-proximo-domingo-16-em-palmas\/#primaryimage\"},\"thumbnailUrl\":\"https:\/\/cleitonpinheiro.com.br\/site\/wp-content\/uploads\/2024\/06\/foto-1-11.jpeg\",\"datePublished\":\"2024-06-14T17:44:08+00:00\",\"dateModified\":\"2024-06-14T17:44:23+00:00\",\"breadcrumb\":{\"@id\":\"https:\/\/cleitonpinheiro.com.br\/site\/19a-parada-do-orgulho-lgbti-acontece-proximo-domingo-16-em-palmas\/#breadcrumb\"},\"inLanguage\":\"pt-BR\",\"potentialAction\":[{\"@type\":\"ReadAction\",\"target\":[\"https:\/\/cleitonpinheiro.com.br\/site\/19a-parada-do-orgulho-lgbti-acontece-proximo-domingo-16-em-palmas\/\"]}]},{\"@type\":\"ImageObject\",\"inLanguage\":\"pt-BR\",\"@id\":\"https:\/\/cleitonpinheiro.com.br\/site\/19a-parada-do-orgulho-lgbti-acontece-proximo-domingo-16-em-palmas\/#primaryimage\",\"url\":\"https:\/\/cleitonpinheiro.com.br\/site\/wp-content\/uploads\/2024\/06\/foto-1-11.jpeg\",\"contentUrl\":\"https:\/\/cleitonpinheiro.com.br\/site\/wp-content\/uploads\/2024\/06\/foto-1-11.jpeg\",\"width\":640,\"height\":413},{\"@type\":\"BreadcrumbList\",\"@id\":\"https:\/\/cleitonpinheiro.com.br\/site\/19a-parada-do-orgulho-lgbti-acontece-proximo-domingo-16-em-palmas\/#breadcrumb\",\"itemListElement\":[{\"@type\":\"ListItem\",\"position\":1,\"name\":\"In\u00edcio\",\"item\":\"https:\/\/cleitonpinheiro.com.br\/site\/\"},{\"@type\":\"ListItem\",\"position\":2,\"name\":\"19\u00aa Parada do Orgulho LGBTI+ acontece pr\u00f3ximo domingo, 16, em Palmas\"}]},{\"@type\":\"WebSite\",\"@id\":\"https:\/\/cleitonpinheiro.com.br\/site\/#website\",\"url\":\"https:\/\/cleitonpinheiro.com.br\/site\/\",\"name\":\"PORTAL DE NOT\u00cdCIAS CLEITON PINHEIRO\",\"description\":\"FALANDO A VERDADE\",\"publisher\":{\"@id\":\"https:\/\/cleitonpinheiro.com.br\/site\/#organization\"},\"potentialAction\":[{\"@type\":\"SearchAction\",\"target\":{\"@type\":\"EntryPoint\",\"urlTemplate\":\"https:\/\/cleitonpinheiro.com.br\/site\/?s={search_term_string}\"},\"query-input\":{\"@type\":\"PropertyValueSpecification\",\"valueRequired\":true,\"valueName\":\"search_term_string\"}}],\"inLanguage\":\"pt-BR\"},{\"@type\":\"Organization\",\"@id\":\"https:\/\/cleitonpinheiro.com.br\/site\/#organization\",\"name\":\"CPNOT\u00cdCIAS\",\"url\":\"https:\/\/cleitonpinheiro.com.br\/site\/\",\"logo\":{\"@type\":\"ImageObject\",\"inLanguage\":\"pt-BR\",\"@id\":\"https:\/\/cleitonpinheiro.com.br\/site\/#\/schema\/logo\/image\/\",\"url\":\"https:\/\/cleitonpinheiro.com.br\/site\/wp-content\/uploads\/2022\/08\/Logo-pequena-2.png\",\"contentUrl\":\"https:\/\/cleitonpinheiro.com.br\/site\/wp-content\/uploads\/2022\/08\/Logo-pequena-2.png\",\"width\":500,\"height\":500,\"caption\":\"CPNOT\u00cdCIAS\"},\"image\":{\"@id\":\"https:\/\/cleitonpinheiro.com.br\/site\/#\/schema\/logo\/image\/\"},\"sameAs\":[\"https:\/\/www.facebook.com\/portalcpnoticias\/\"]},{\"@type\":\"Person\",\"@id\":\"https:\/\/cleitonpinheiro.com.br\/site\/#\/schema\/person\/8f04544e0bc40a1b68775b08360f87db\",\"name\":\"Reda\u00e7\u00e3o CP\",\"image\":{\"@type\":\"ImageObject\",\"inLanguage\":\"pt-BR\",\"@id\":\"https:\/\/cleitonpinheiro.com.br\/site\/#\/schema\/person\/image\/\",\"url\":\"https:\/\/secure.gravatar.com\/avatar\/0bcf19cb29fdc8fc588c490c7ae1b3e174dac268586a63fbe1d1893a0f9020cd?s=96&r=g\",\"contentUrl\":\"https:\/\/secure.gravatar.com\/avatar\/0bcf19cb29fdc8fc588c490c7ae1b3e174dac268586a63fbe1d1893a0f9020cd?s=96&r=g\",\"caption\":\"Reda\u00e7\u00e3o CP\"},\"url\":\"https:\/\/cleitonpinheiro.com.br\/site\/author\/redacao\/\"}]}<\/script>\n<!-- \/ Yoast SEO plugin. -->","yoast_head_json":{"title":"19\u00aa Parada do Orgulho LGBTI+ acontece pr\u00f3ximo domingo, 16, em Palmas - PORTAL DE NOT\u00cdCIAS CLEITON PINHEIRO","robots":{"index":"index","follow":"follow","max-snippet":"max-snippet:-1","max-image-preview":"max-image-preview:large","max-video-preview":"max-video-preview:-1"},"canonical":"https:\/\/cleitonpinheiro.com.br\/site\/19a-parada-do-orgulho-lgbti-acontece-proximo-domingo-16-em-palmas\/","og_locale":"pt_BR","og_type":"article","og_title":"19\u00aa Parada do Orgulho LGBTI+ acontece pr\u00f3ximo domingo, 16, em Palmas - PORTAL DE NOT\u00cdCIAS CLEITON PINHEIRO","og_description":"Promover a valoriza\u00e7\u00e3o da diversidade e o respeito \u00e0s diferen\u00e7as entre todas as pessoas, sem distin\u00e7\u00e3o de g\u00eanero, ra\u00e7a, etnia, religi\u00e3o, orienta\u00e7\u00e3o sexual, e outros aspectos, \u00e9 um dos compromissos fundamentais da Superintend\u00eancia de Direitos Humanos e Pol\u00edticas sobre Drogas da Secretaria da Cidadania e Justi\u00e7a (Seciju), que apoia a 19\u00aa Parada do Orgulho LGBTI+. [&hellip;]","og_url":"https:\/\/cleitonpinheiro.com.br\/site\/19a-parada-do-orgulho-lgbti-acontece-proximo-domingo-16-em-palmas\/","og_site_name":"PORTAL DE NOT\u00cdCIAS CLEITON PINHEIRO","article_publisher":"https:\/\/www.facebook.com\/portalcpnoticias\/","article_published_time":"2024-06-14T17:44:08+00:00","article_modified_time":"2024-06-14T17:44:23+00:00","og_image":[{"width":640,"height":413,"url":"https:\/\/cleitonpinheiro.com.br\/site\/wp-content\/uploads\/2024\/06\/foto-1-11.jpeg","type":"image\/jpeg"}],"author":"Reda\u00e7\u00e3o CP","twitter_card":"summary_large_image","twitter_misc":{"Escrito por":"Reda\u00e7\u00e3o CP","Est. tempo de leitura":"3 minutos"},"schema":{"@context":"https:\/\/schema.org","@graph":[{"@type":"Article","@id":"https:\/\/cleitonpinheiro.com.br\/site\/19a-parada-do-orgulho-lgbti-acontece-proximo-domingo-16-em-palmas\/#article","isPartOf":{"@id":"https:\/\/cleitonpinheiro.com.br\/site\/19a-parada-do-orgulho-lgbti-acontece-proximo-domingo-16-em-palmas\/"},"author":{"name":"Reda\u00e7\u00e3o CP","@id":"https:\/\/cleitonpinheiro.com.br\/site\/#\/schema\/person\/8f04544e0bc40a1b68775b08360f87db"},"headline":"19\u00aa Parada do Orgulho LGBTI+ acontece pr\u00f3ximo domingo, 16, em Palmas","datePublished":"2024-06-14T17:44:08+00:00","dateModified":"2024-06-14T17:44:23+00:00","mainEntityOfPage":{"@id":"https:\/\/cleitonpinheiro.com.br\/site\/19a-parada-do-orgulho-lgbti-acontece-proximo-domingo-16-em-palmas\/"},"wordCount":421,"commentCount":0,"publisher":{"@id":"https:\/\/cleitonpinheiro.com.br\/site\/#organization"},"image":{"@id":"https:\/\/cleitonpinheiro.com.br\/site\/19a-parada-do-orgulho-lgbti-acontece-proximo-domingo-16-em-palmas\/#primaryimage"},"thumbnailUrl":"https:\/\/cleitonpinheiro.com.br\/site\/wp-content\/uploads\/2024\/06\/foto-1-11.jpeg","articleSection":["ESTADO"],"inLanguage":"pt-BR","potentialAction":[{"@type":"CommentAction","name":"Comment","target":["https:\/\/cleitonpinheiro.com.br\/site\/19a-parada-do-orgulho-lgbti-acontece-proximo-domingo-16-em-palmas\/#respond"]}]},{"@type":"WebPage","@id":"https:\/\/cleitonpinheiro.com.br\/site\/19a-parada-do-orgulho-lgbti-acontece-proximo-domingo-16-em-palmas\/","url":"https:\/\/cleitonpinheiro.com.br\/site\/19a-parada-do-orgulho-lgbti-acontece-proximo-domingo-16-em-palmas\/","name":"19\u00aa Parada do Orgulho LGBTI+ acontece pr\u00f3ximo domingo, 16, em Palmas - PORTAL DE NOT\u00cdCIAS CLEITON PINHEIRO","isPartOf":{"@id":"https:\/\/cleitonpinheiro.com.br\/site\/#website"},"primaryImageOfPage":{"@id":"https:\/\/cleitonpinheiro.com.br\/site\/19a-parada-do-orgulho-lgbti-acontece-proximo-domingo-16-em-palmas\/#primaryimage"},"image":{"@id":"https:\/\/cleitonpinheiro.com.br\/site\/19a-parada-do-orgulho-lgbti-acontece-proximo-domingo-16-em-palmas\/#primaryimage"},"thumbnailUrl":"https:\/\/cleitonpinheiro.com.br\/site\/wp-content\/uploads\/2024\/06\/foto-1-11.jpeg","datePublished":"2024-06-14T17:44:08+00:00","dateModified":"2024-06-14T17:44:23+00:00","breadcrumb":{"@id":"https:\/\/cleitonpinheiro.com.br\/site\/19a-parada-do-orgulho-lgbti-acontece-proximo-domingo-16-em-palmas\/#breadcrumb"},"inLanguage":"pt-BR","potentialAction":[{"@type":"ReadAction","target":["https:\/\/cleitonpinheiro.com.br\/site\/19a-parada-do-orgulho-lgbti-acontece-proximo-domingo-16-em-palmas\/"]}]},{"@type":"ImageObject","inLanguage":"pt-BR","@id":"https:\/\/cleitonpinheiro.com.br\/site\/19a-parada-do-orgulho-lgbti-acontece-proximo-domingo-16-em-palmas\/#primaryimage","url":"https:\/\/cleitonpinheiro.com.br\/site\/wp-content\/uploads\/2024\/06\/foto-1-11.jpeg","contentUrl":"https:\/\/cleitonpinheiro.com.br\/site\/wp-content\/uploads\/2024\/06\/foto-1-11.jpeg","width":640,"height":413},{"@type":"BreadcrumbList","@id":"https:\/\/cleitonpinheiro.com.br\/site\/19a-parada-do-orgulho-lgbti-acontece-proximo-domingo-16-em-palmas\/#breadcrumb","itemListElement":[{"@type":"ListItem","position":1,"name":"In\u00edcio","item":"https:\/\/cleitonpinheiro.com.br\/site\/"},{"@type":"ListItem","position":2,"name":"19\u00aa Parada do Orgulho LGBTI+ acontece pr\u00f3ximo domingo, 16, em Palmas"}]},{"@type":"WebSite","@id":"https:\/\/cleitonpinheiro.com.br\/site\/#website","url":"https:\/\/cleitonpinheiro.com.br\/site\/","name":"PORTAL DE NOT\u00cdCIAS CLEITON PINHEIRO","description":"FALANDO A VERDADE","publisher":{"@id":"https:\/\/cleitonpinheiro.com.br\/site\/#organization"},"potentialAction":[{"@type":"SearchAction","target":{"@type":"EntryPoint","urlTemplate":"https:\/\/cleitonpinheiro.com.br\/site\/?s={search_term_string}"},"query-input":{"@type":"PropertyValueSpecification","valueRequired":true,"valueName":"search_term_string"}}],"inLanguage":"pt-BR"},{"@type":"Organization","@id":"https:\/\/cleitonpinheiro.com.br\/site\/#organization","name":"CPNOT\u00cdCIAS","url":"https:\/\/cleitonpinheiro.com.br\/site\/","logo":{"@type":"ImageObject","inLanguage":"pt-BR","@id":"https:\/\/cleitonpinheiro.com.br\/site\/#\/schema\/logo\/image\/","url":"https:\/\/cleitonpinheiro.com.br\/site\/wp-content\/uploads\/2022\/08\/Logo-pequena-2.png","contentUrl":"https:\/\/cleitonpinheiro.com.br\/site\/wp-content\/uploads\/2022\/08\/Logo-pequena-2.png","width":500,"height":500,"caption":"CPNOT\u00cdCIAS"},"image":{"@id":"https:\/\/cleitonpinheiro.com.br\/site\/#\/schema\/logo\/image\/"},"sameAs":["https:\/\/www.facebook.com\/portalcpnoticias\/"]},{"@type":"Person","@id":"https:\/\/cleitonpinheiro.com.br\/site\/#\/schema\/person\/8f04544e0bc40a1b68775b08360f87db","name":"Reda\u00e7\u00e3o CP","image":{"@type":"ImageObject","inLanguage":"pt-BR","@id":"https:\/\/cleitonpinheiro.com.br\/site\/#\/schema\/person\/image\/","url":"https:\/\/secure.gravatar.com\/avatar\/0bcf19cb29fdc8fc588c490c7ae1b3e174dac268586a63fbe1d1893a0f9020cd?s=96&r=g","contentUrl":"https:\/\/secure.gravatar.com\/avatar\/0bcf19cb29fdc8fc588c490c7ae1b3e174dac268586a63fbe1d1893a0f9020cd?s=96&r=g","caption":"Reda\u00e7\u00e3o CP"},"url":"https:\/\/cleitonpinheiro.com.br\/site\/author\/redacao\/"}]}},"views":135,"_links":{"self":[{"href":"https:\/\/cleitonpinheiro.com.br\/site\/wp-json\/wp\/v2\/posts\/77691","targetHints":{"allow":["GET"]}}],"collection":[{"href":"https:\/\/cleitonpinheiro.com.br\/site\/wp-json\/wp\/v2\/posts"}],"about":[{"href":"https:\/\/cleitonpinheiro.com.br\/site\/wp-json\/wp\/v2\/types\/post"}],"author":[{"embeddable":true,"href":"https:\/\/cleitonpinheiro.com.br\/site\/wp-json\/wp\/v2\/users\/13"}],"replies":[{"embeddable":true,"href":"https:\/\/cleitonpinheiro.com.br\/site\/wp-json\/wp\/v2\/comments?post=77691"}],"version-history":[{"count":1,"href":"https:\/\/cleitonpinheiro.com.br\/site\/wp-json\/wp\/v2\/posts\/77691\/revisions"}],"predecessor-version":[{"id":77693,"href":"https:\/\/cleitonpinheiro.com.br\/site\/wp-json\/wp\/v2\/posts\/77691\/revisions\/77693"}],"wp:featuredmedia":[{"embeddable":true,"href":"https:\/\/cleitonpinheiro.com.br\/site\/wp-json\/wp\/v2\/media\/77692"}],"wp:attachment":[{"href":"https:\/\/cleitonpinheiro.com.br\/site\/wp-json\/wp\/v2\/media?parent=77691"}],"wp:term":[{"taxonomy":"category","embeddable":true,"href":"https:\/\/cleitonpinheiro.com.br\/site\/wp-json\/wp\/v2\/categories?post=77691"},{"taxonomy":"post_tag","embeddable":true,"href":"https:\/\/cleitonpinheiro.com.br\/site\/wp-json\/wp\/v2\/tags?post=77691"}],"curies":[{"name":"wp","href":"https:\/\/api.w.org\/{rel}","templated":true}]}}