{"id":78445,"date":"2024-07-04T10:46:56","date_gmt":"2024-07-04T13:46:56","guid":{"rendered":"https:\/\/cleitonpinheiro.com.br\/site\/?p=78445"},"modified":"2024-07-04T10:47:00","modified_gmt":"2024-07-04T13:47:00","slug":"tj-confirma-decisao-que-manda-a-juri-acusado-de-matar-estudante-de-17-anos-a-tiros-em-palmas-durante-a-pandemia","status":"publish","type":"post","link":"https:\/\/cleitonpinheiro.com.br\/site\/tj-confirma-decisao-que-manda-a-juri-acusado-de-matar-estudante-de-17-anos-a-tiros-em-palmas-durante-a-pandemia\/","title":{"rendered":"TJ confirma decis\u00e3o que manda a j\u00fari acusado de matar estudante de 17 anos a tiros em Palmas durante a pandemia"},"content":{"rendered":"\n<figure class=\"wp-block-gallery has-nested-images columns-default is-cropped wp-block-gallery-1 is-layout-flex wp-block-gallery-is-layout-flex\">\n<figure class=\"wp-block-image size-large\"><img fetchpriority=\"high\" decoding=\"async\" width=\"1024\" height=\"576\" data-id=\"78446\" src=\"https:\/\/cleitonpinheiro.com.br\/site\/wp-content\/uploads\/2024\/07\/tjto-vista-lateral2-rondinelliribeiro-1024x576.jpg\" alt=\"\" class=\"wp-image-78446\" srcset=\"https:\/\/cleitonpinheiro.com.br\/site\/wp-content\/uploads\/2024\/07\/tjto-vista-lateral2-rondinelliribeiro-1024x576.jpg 1024w, https:\/\/cleitonpinheiro.com.br\/site\/wp-content\/uploads\/2024\/07\/tjto-vista-lateral2-rondinelliribeiro-300x169.jpg 300w, https:\/\/cleitonpinheiro.com.br\/site\/wp-content\/uploads\/2024\/07\/tjto-vista-lateral2-rondinelliribeiro-768x432.jpg 768w, https:\/\/cleitonpinheiro.com.br\/site\/wp-content\/uploads\/2024\/07\/tjto-vista-lateral2-rondinelliribeiro-1536x864.jpg 1536w, https:\/\/cleitonpinheiro.com.br\/site\/wp-content\/uploads\/2024\/07\/tjto-vista-lateral2-rondinelliribeiro.jpg 1920w\" sizes=\"(max-width: 1024px) 100vw, 1024px\" \/><figcaption class=\"wp-element-caption\">Foto: Rondinelli Ribeiro TJTO<\/figcaption><\/figure>\n<\/figure>\n\n\n\n<p>A 2\u00aa C\u00e2mara Criminal do Tribunal de Justi\u00e7a decidiu, na sess\u00e3o de ter\u00e7a-feira (2\/7),&nbsp; confirmar a decis\u00e3o da 1\u00aa Vara Criminal da Comarca de Palmas que manda a julgamento no Tribunal do J\u00fari um jovem, de 22 anos, acusado de ter&nbsp; matado a tiros o estudante de Para\u00edso do Tocantins, Raniel Febronio dos Reis, aos 17 anos, no dia 28 de mar\u00e7o de 2020, por volta das 12h, na regi\u00e3o Sul da capital tocantinense.&nbsp; A decis\u00e3o saiu em um recurso apresentado ao Tribunal de Justi\u00e7a pela defesa do r\u00e9u que tentava anular a decis\u00e3o (pron\u00fancia) que enviou o r\u00e9u para o j\u00fari popular, de abril deste ano, assinada pelo juiz Cledson Jos\u00e9 Dias Nunes.&nbsp;<\/p>\n\n\n\n<p>Conforme o processo, a v\u00edtima estava sentada em frente \u00e0 casa onde morava distra\u00edda com o celular nas m\u00e3os quando o acusado chegou na companhia de outro jovem, de 26 anos de idade, e atirou pelas costas. Ap\u00f3s a v\u00edtima cair, o jovem ainda atirou mais vezes e deixou o local com uma terceira pessoa, n\u00e3o identificada, que dirigia um ve\u00edculo alugado.<\/p>\n\n\n\n<p>O jovem que o acompanhava na hora do crime tamb\u00e9m foi denunciado, mas na decis\u00e3o de pron\u00fancia, a a\u00e7\u00e3o foi extinta para ele, por falta de provas. Apenas o r\u00e9u de 22 anos passou a responder pelo homic\u00eddio ap\u00f3s o juiz anotar a materialidade da morte, comprovada em exames e laudos periciais (cadav\u00e9rico e necropsia) e ind\u00edcios de autoria.&nbsp;<\/p>\n\n\n\n<p>Conforme a senten\u00e7a de pron\u00fancia do dia 10 de abril, a prova oral do depoimento de testemunhas que viram os dois rapazes na hora do crime e do delegado respons\u00e1vel pela investiga\u00e7\u00e3o indicam o r\u00e9u como autor.&nbsp; O policial declarou ainda ao juiz ter obtido a confiss\u00e3o do acusado desse crime, e de outros dois homic\u00eddios naquele per\u00edodo, cometidos com uma pistola 9mm. Fragmentos de balas encontrados ap\u00f3s a exuma\u00e7\u00e3o do corpo da v\u00edtima s\u00e3o compat\u00edveis com o calibre desta arma e s\u00e3o citados como elementos de prova, segundo a a\u00e7\u00e3o.<\/p>\n\n\n\n<p>Com base nestes elementos do processo, o juiz mandou o jovem para ser julgado pelos jurados e juradas por homic\u00eddio qualificado por motivo f\u00fatil e recurso que dificultou a defesa da v\u00edtima. Tamb\u00e9m manteve sua pris\u00e3o preventiva na mesma senten\u00e7a do dia 10 de abril deste ano.&nbsp;<\/p>\n\n\n\n<p>Ao tentar mudar esta decis\u00e3o no Tribunal de Justi\u00e7a, a defesa alegou que a a\u00e7\u00e3o criminal n\u00e3o possui provas de que o jovem \u00e9 o autor do crime. No recurso, a defesa afirma que ele n\u00e3o estava em Palmas no m\u00eas de mar\u00e7o de 2020 e teria confessado o crime ap\u00f3s ter sido levado at\u00e9 uma mata por policiais, para ser pressionado a confessar o caso, logo depois de sua pris\u00e3o na casa da av\u00f3 na Capital.&nbsp;<\/p>\n\n\n\n<p>Ao julgar o recurso, a relatora, desembargadora Jacqueline Adorno, e os desembargadores Helvecio de Brito Maia Neto e Jo\u00e3o Rigo Guimar\u00e3es decidiram que a senten\u00e7a que indica o r\u00e9u para o Tribunal do J\u00fari deve ser mantida. Conforme os julgadores, a decis\u00e3o se baseia em elementos concretos existentes no processo, a exemplo dos laudos periciais e depoimentos de testemunhas \u201cque evidenciaram os ind\u00edcios de autoria e materialidade delitiva\u201d.&nbsp;Conforme a decis\u00e3o colegiada (ac\u00f3rd\u00e3o), a falta de provas de autoria s\u00f3 se justificaria se a pron\u00fancia \u201cfosse manifestamente injusta\u201d, o que n\u00e3o ocorre no caso, que deve ser julgado no Tribunal do J\u00fari.<\/p>\n\n\n\n<blockquote class=\"wp-block-quote is-layout-flow wp-block-quote-is-layout-flow\">\n<p>\u201cCompete ao Tribunal do J\u00fari o exame aprofundado da tese de negativa de autoria alegada, mediante an\u00e1lise do conjunto probat\u00f3rio\u201d, afirma o ac\u00f3rd\u00e3o.&nbsp;<\/p>\n<\/blockquote>\n\n\n\n<p>Contra a decis\u00e3o dos desembargadores, ainda cabe recurso no pr\u00f3prio Tribunal de Justi\u00e7a e tamb\u00e9m ao Superior Tribunal de Justi\u00e7a (STJ), por meio de recurso especial. Somente ap\u00f3s o julgamento final de eventuais recursos, a 1\u00aa Vara Criminal da Comarca de Palmas, designar\u00e1 data para o julgamento popular.&nbsp;<\/p>\n\n\n\n<p>Teto: Lailton Costa\/TJTO<\/p>\n","protected":false},"excerpt":{"rendered":"<p>A 2\u00aa C\u00e2mara Criminal do Tribunal de Justi\u00e7a decidiu, na sess\u00e3o de ter\u00e7a-feira (2\/7),&nbsp; confirmar a decis\u00e3o da 1\u00aa Vara Criminal da Comarca de Palmas que manda a julgamento no Tribunal do J\u00fari um jovem, de 22 anos, acusado de ter&nbsp; matado a tiros o estudante de Para\u00edso do Tocantins, Raniel Febronio dos Reis, aos [&hellip;]<\/p>\n","protected":false},"author":25,"featured_media":0,"comment_status":"open","ping_status":"open","sticky":false,"template":"","format":"standard","meta":{"_acf_changed":false,"footnotes":""},"categories":[1],"tags":[],"class_list":["post-78445","post","type-post","status-publish","format-standard","hentry","category-esporte"],"acf":[],"yoast_head":"<!-- This site is optimized with the Yoast SEO plugin v24.4 - https:\/\/yoast.com\/wordpress\/plugins\/seo\/ -->\n<title>TJ confirma decis\u00e3o que manda a j\u00fari acusado de matar estudante de 17 anos a tiros em Palmas durante a pandemia - PORTAL DE NOT\u00cdCIAS CLEITON PINHEIRO<\/title>\n<meta name=\"robots\" content=\"index, follow, max-snippet:-1, max-image-preview:large, max-video-preview:-1\" \/>\n<link rel=\"canonical\" href=\"https:\/\/cleitonpinheiro.com.br\/site\/tj-confirma-decisao-que-manda-a-juri-acusado-de-matar-estudante-de-17-anos-a-tiros-em-palmas-durante-a-pandemia\/\" \/>\n<meta property=\"og:locale\" content=\"pt_BR\" \/>\n<meta property=\"og:type\" content=\"article\" \/>\n<meta property=\"og:title\" content=\"TJ confirma decis\u00e3o que manda a j\u00fari acusado de matar estudante de 17 anos a tiros em Palmas durante a pandemia - PORTAL DE NOT\u00cdCIAS CLEITON PINHEIRO\" \/>\n<meta property=\"og:description\" content=\"A 2\u00aa C\u00e2mara Criminal do Tribunal de Justi\u00e7a decidiu, na sess\u00e3o de ter\u00e7a-feira (2\/7),&nbsp; confirmar a decis\u00e3o da 1\u00aa Vara Criminal da Comarca de Palmas que manda a julgamento no Tribunal do J\u00fari um jovem, de 22 anos, acusado de ter&nbsp; matado a tiros o estudante de Para\u00edso do Tocantins, Raniel Febronio dos Reis, aos [&hellip;]\" \/>\n<meta property=\"og:url\" content=\"https:\/\/cleitonpinheiro.com.br\/site\/tj-confirma-decisao-que-manda-a-juri-acusado-de-matar-estudante-de-17-anos-a-tiros-em-palmas-durante-a-pandemia\/\" \/>\n<meta property=\"og:site_name\" content=\"PORTAL DE NOT\u00cdCIAS CLEITON PINHEIRO\" \/>\n<meta property=\"article:publisher\" content=\"https:\/\/www.facebook.com\/portalcpnoticias\/\" \/>\n<meta property=\"article:published_time\" content=\"2024-07-04T13:46:56+00:00\" \/>\n<meta property=\"article:modified_time\" content=\"2024-07-04T13:47:00+00:00\" \/>\n<meta property=\"og:image\" content=\"https:\/\/cleitonpinheiro.com.br\/site\/wp-content\/uploads\/2024\/07\/tjto-vista-lateral2-rondinelliribeiro-1024x576.jpg\" \/>\n<meta name=\"author\" content=\"Maria Inez Freitas de Oliveira\" \/>\n<meta name=\"twitter:card\" content=\"summary_large_image\" \/>\n<meta name=\"twitter:label1\" content=\"Escrito por\" \/>\n\t<meta name=\"twitter:data1\" content=\"Maria Inez Freitas de Oliveira\" \/>\n\t<meta name=\"twitter:label2\" content=\"Est. tempo de leitura\" \/>\n\t<meta name=\"twitter:data2\" content=\"4 minutos\" \/>\n<script type=\"application\/ld+json\" class=\"yoast-schema-graph\">{\"@context\":\"https:\/\/schema.org\",\"@graph\":[{\"@type\":\"Article\",\"@id\":\"https:\/\/cleitonpinheiro.com.br\/site\/tj-confirma-decisao-que-manda-a-juri-acusado-de-matar-estudante-de-17-anos-a-tiros-em-palmas-durante-a-pandemia\/#article\",\"isPartOf\":{\"@id\":\"https:\/\/cleitonpinheiro.com.br\/site\/tj-confirma-decisao-que-manda-a-juri-acusado-de-matar-estudante-de-17-anos-a-tiros-em-palmas-durante-a-pandemia\/\"},\"author\":{\"name\":\"Maria Inez Freitas de Oliveira\",\"@id\":\"https:\/\/cleitonpinheiro.com.br\/site\/#\/schema\/person\/afd66d2092a2af96277ec94d0fdca5e9\"},\"headline\":\"TJ confirma decis\u00e3o que manda a j\u00fari acusado de matar estudante de 17 anos a tiros em Palmas durante a pandemia\",\"datePublished\":\"2024-07-04T13:46:56+00:00\",\"dateModified\":\"2024-07-04T13:47:00+00:00\",\"mainEntityOfPage\":{\"@id\":\"https:\/\/cleitonpinheiro.com.br\/site\/tj-confirma-decisao-que-manda-a-juri-acusado-de-matar-estudante-de-17-anos-a-tiros-em-palmas-durante-a-pandemia\/\"},\"wordCount\":735,\"commentCount\":0,\"publisher\":{\"@id\":\"https:\/\/cleitonpinheiro.com.br\/site\/#organization\"},\"image\":{\"@id\":\"https:\/\/cleitonpinheiro.com.br\/site\/tj-confirma-decisao-que-manda-a-juri-acusado-de-matar-estudante-de-17-anos-a-tiros-em-palmas-durante-a-pandemia\/#primaryimage\"},\"thumbnailUrl\":\"https:\/\/cleitonpinheiro.com.br\/site\/wp-content\/uploads\/2024\/07\/tjto-vista-lateral2-rondinelliribeiro-1024x576.jpg\",\"articleSection\":[\"ESPORTE\"],\"inLanguage\":\"pt-BR\",\"potentialAction\":[{\"@type\":\"CommentAction\",\"name\":\"Comment\",\"target\":[\"https:\/\/cleitonpinheiro.com.br\/site\/tj-confirma-decisao-que-manda-a-juri-acusado-de-matar-estudante-de-17-anos-a-tiros-em-palmas-durante-a-pandemia\/#respond\"]}]},{\"@type\":\"WebPage\",\"@id\":\"https:\/\/cleitonpinheiro.com.br\/site\/tj-confirma-decisao-que-manda-a-juri-acusado-de-matar-estudante-de-17-anos-a-tiros-em-palmas-durante-a-pandemia\/\",\"url\":\"https:\/\/cleitonpinheiro.com.br\/site\/tj-confirma-decisao-que-manda-a-juri-acusado-de-matar-estudante-de-17-anos-a-tiros-em-palmas-durante-a-pandemia\/\",\"name\":\"TJ confirma decis\u00e3o que manda a j\u00fari acusado de matar estudante de 17 anos a tiros em Palmas durante a pandemia - PORTAL DE NOT\u00cdCIAS CLEITON PINHEIRO\",\"isPartOf\":{\"@id\":\"https:\/\/cleitonpinheiro.com.br\/site\/#website\"},\"primaryImageOfPage\":{\"@id\":\"https:\/\/cleitonpinheiro.com.br\/site\/tj-confirma-decisao-que-manda-a-juri-acusado-de-matar-estudante-de-17-anos-a-tiros-em-palmas-durante-a-pandemia\/#primaryimage\"},\"image\":{\"@id\":\"https:\/\/cleitonpinheiro.com.br\/site\/tj-confirma-decisao-que-manda-a-juri-acusado-de-matar-estudante-de-17-anos-a-tiros-em-palmas-durante-a-pandemia\/#primaryimage\"},\"thumbnailUrl\":\"https:\/\/cleitonpinheiro.com.br\/site\/wp-content\/uploads\/2024\/07\/tjto-vista-lateral2-rondinelliribeiro-1024x576.jpg\",\"datePublished\":\"2024-07-04T13:46:56+00:00\",\"dateModified\":\"2024-07-04T13:47:00+00:00\",\"breadcrumb\":{\"@id\":\"https:\/\/cleitonpinheiro.com.br\/site\/tj-confirma-decisao-que-manda-a-juri-acusado-de-matar-estudante-de-17-anos-a-tiros-em-palmas-durante-a-pandemia\/#breadcrumb\"},\"inLanguage\":\"pt-BR\",\"potentialAction\":[{\"@type\":\"ReadAction\",\"target\":[\"https:\/\/cleitonpinheiro.com.br\/site\/tj-confirma-decisao-que-manda-a-juri-acusado-de-matar-estudante-de-17-anos-a-tiros-em-palmas-durante-a-pandemia\/\"]}]},{\"@type\":\"ImageObject\",\"inLanguage\":\"pt-BR\",\"@id\":\"https:\/\/cleitonpinheiro.com.br\/site\/tj-confirma-decisao-que-manda-a-juri-acusado-de-matar-estudante-de-17-anos-a-tiros-em-palmas-durante-a-pandemia\/#primaryimage\",\"url\":\"https:\/\/cleitonpinheiro.com.br\/site\/wp-content\/uploads\/2024\/07\/tjto-vista-lateral2-rondinelliribeiro.jpg\",\"contentUrl\":\"https:\/\/cleitonpinheiro.com.br\/site\/wp-content\/uploads\/2024\/07\/tjto-vista-lateral2-rondinelliribeiro.jpg\",\"width\":1920,\"height\":1080,\"caption\":\"default\"},{\"@type\":\"BreadcrumbList\",\"@id\":\"https:\/\/cleitonpinheiro.com.br\/site\/tj-confirma-decisao-que-manda-a-juri-acusado-de-matar-estudante-de-17-anos-a-tiros-em-palmas-durante-a-pandemia\/#breadcrumb\",\"itemListElement\":[{\"@type\":\"ListItem\",\"position\":1,\"name\":\"In\u00edcio\",\"item\":\"https:\/\/cleitonpinheiro.com.br\/site\/\"},{\"@type\":\"ListItem\",\"position\":2,\"name\":\"TJ confirma decis\u00e3o que manda a j\u00fari acusado de matar estudante de 17 anos a tiros em Palmas durante a pandemia\"}]},{\"@type\":\"WebSite\",\"@id\":\"https:\/\/cleitonpinheiro.com.br\/site\/#website\",\"url\":\"https:\/\/cleitonpinheiro.com.br\/site\/\",\"name\":\"PORTAL DE NOT\u00cdCIAS CLEITON PINHEIRO\",\"description\":\"FALANDO A VERDADE\",\"publisher\":{\"@id\":\"https:\/\/cleitonpinheiro.com.br\/site\/#organization\"},\"potentialAction\":[{\"@type\":\"SearchAction\",\"target\":{\"@type\":\"EntryPoint\",\"urlTemplate\":\"https:\/\/cleitonpinheiro.com.br\/site\/?s={search_term_string}\"},\"query-input\":{\"@type\":\"PropertyValueSpecification\",\"valueRequired\":true,\"valueName\":\"search_term_string\"}}],\"inLanguage\":\"pt-BR\"},{\"@type\":\"Organization\",\"@id\":\"https:\/\/cleitonpinheiro.com.br\/site\/#organization\",\"name\":\"CPNOT\u00cdCIAS\",\"url\":\"https:\/\/cleitonpinheiro.com.br\/site\/\",\"logo\":{\"@type\":\"ImageObject\",\"inLanguage\":\"pt-BR\",\"@id\":\"https:\/\/cleitonpinheiro.com.br\/site\/#\/schema\/logo\/image\/\",\"url\":\"https:\/\/cleitonpinheiro.com.br\/site\/wp-content\/uploads\/2022\/08\/Logo-pequena-2.png\",\"contentUrl\":\"https:\/\/cleitonpinheiro.com.br\/site\/wp-content\/uploads\/2022\/08\/Logo-pequena-2.png\",\"width\":500,\"height\":500,\"caption\":\"CPNOT\u00cdCIAS\"},\"image\":{\"@id\":\"https:\/\/cleitonpinheiro.com.br\/site\/#\/schema\/logo\/image\/\"},\"sameAs\":[\"https:\/\/www.facebook.com\/portalcpnoticias\/\"]},{\"@type\":\"Person\",\"@id\":\"https:\/\/cleitonpinheiro.com.br\/site\/#\/schema\/person\/afd66d2092a2af96277ec94d0fdca5e9\",\"name\":\"Maria Inez Freitas de Oliveira\",\"image\":{\"@type\":\"ImageObject\",\"inLanguage\":\"pt-BR\",\"@id\":\"https:\/\/cleitonpinheiro.com.br\/site\/#\/schema\/person\/image\/\",\"url\":\"https:\/\/secure.gravatar.com\/avatar\/8da4748da444fee870fe4880de74d9dd08b34df8aabd6158765ed760cf8cd7c8?s=96&r=g\",\"contentUrl\":\"https:\/\/secure.gravatar.com\/avatar\/8da4748da444fee870fe4880de74d9dd08b34df8aabd6158765ed760cf8cd7c8?s=96&r=g\",\"caption\":\"Maria Inez Freitas de Oliveira\"},\"url\":\"https:\/\/cleitonpinheiro.com.br\/site\/author\/inez\/\"}]}<\/script>\n<!-- \/ Yoast SEO plugin. -->","yoast_head_json":{"title":"TJ confirma decis\u00e3o que manda a j\u00fari acusado de matar estudante de 17 anos a tiros em Palmas durante a pandemia - PORTAL DE NOT\u00cdCIAS CLEITON PINHEIRO","robots":{"index":"index","follow":"follow","max-snippet":"max-snippet:-1","max-image-preview":"max-image-preview:large","max-video-preview":"max-video-preview:-1"},"canonical":"https:\/\/cleitonpinheiro.com.br\/site\/tj-confirma-decisao-que-manda-a-juri-acusado-de-matar-estudante-de-17-anos-a-tiros-em-palmas-durante-a-pandemia\/","og_locale":"pt_BR","og_type":"article","og_title":"TJ confirma decis\u00e3o que manda a j\u00fari acusado de matar estudante de 17 anos a tiros em Palmas durante a pandemia - PORTAL DE NOT\u00cdCIAS CLEITON PINHEIRO","og_description":"A 2\u00aa C\u00e2mara Criminal do Tribunal de Justi\u00e7a decidiu, na sess\u00e3o de ter\u00e7a-feira (2\/7),&nbsp; confirmar a decis\u00e3o da 1\u00aa Vara Criminal da Comarca de Palmas que manda a julgamento no Tribunal do J\u00fari um jovem, de 22 anos, acusado de ter&nbsp; matado a tiros o estudante de Para\u00edso do Tocantins, Raniel Febronio dos Reis, aos [&hellip;]","og_url":"https:\/\/cleitonpinheiro.com.br\/site\/tj-confirma-decisao-que-manda-a-juri-acusado-de-matar-estudante-de-17-anos-a-tiros-em-palmas-durante-a-pandemia\/","og_site_name":"PORTAL DE NOT\u00cdCIAS CLEITON PINHEIRO","article_publisher":"https:\/\/www.facebook.com\/portalcpnoticias\/","article_published_time":"2024-07-04T13:46:56+00:00","article_modified_time":"2024-07-04T13:47:00+00:00","og_image":[{"url":"https:\/\/cleitonpinheiro.com.br\/site\/wp-content\/uploads\/2024\/07\/tjto-vista-lateral2-rondinelliribeiro-1024x576.jpg","type":"","width":"","height":""}],"author":"Maria Inez Freitas de Oliveira","twitter_card":"summary_large_image","twitter_misc":{"Escrito por":"Maria Inez Freitas de Oliveira","Est. tempo de leitura":"4 minutos"},"schema":{"@context":"https:\/\/schema.org","@graph":[{"@type":"Article","@id":"https:\/\/cleitonpinheiro.com.br\/site\/tj-confirma-decisao-que-manda-a-juri-acusado-de-matar-estudante-de-17-anos-a-tiros-em-palmas-durante-a-pandemia\/#article","isPartOf":{"@id":"https:\/\/cleitonpinheiro.com.br\/site\/tj-confirma-decisao-que-manda-a-juri-acusado-de-matar-estudante-de-17-anos-a-tiros-em-palmas-durante-a-pandemia\/"},"author":{"name":"Maria Inez Freitas de Oliveira","@id":"https:\/\/cleitonpinheiro.com.br\/site\/#\/schema\/person\/afd66d2092a2af96277ec94d0fdca5e9"},"headline":"TJ confirma decis\u00e3o que manda a j\u00fari acusado de matar estudante de 17 anos a tiros em Palmas durante a pandemia","datePublished":"2024-07-04T13:46:56+00:00","dateModified":"2024-07-04T13:47:00+00:00","mainEntityOfPage":{"@id":"https:\/\/cleitonpinheiro.com.br\/site\/tj-confirma-decisao-que-manda-a-juri-acusado-de-matar-estudante-de-17-anos-a-tiros-em-palmas-durante-a-pandemia\/"},"wordCount":735,"commentCount":0,"publisher":{"@id":"https:\/\/cleitonpinheiro.com.br\/site\/#organization"},"image":{"@id":"https:\/\/cleitonpinheiro.com.br\/site\/tj-confirma-decisao-que-manda-a-juri-acusado-de-matar-estudante-de-17-anos-a-tiros-em-palmas-durante-a-pandemia\/#primaryimage"},"thumbnailUrl":"https:\/\/cleitonpinheiro.com.br\/site\/wp-content\/uploads\/2024\/07\/tjto-vista-lateral2-rondinelliribeiro-1024x576.jpg","articleSection":["ESPORTE"],"inLanguage":"pt-BR","potentialAction":[{"@type":"CommentAction","name":"Comment","target":["https:\/\/cleitonpinheiro.com.br\/site\/tj-confirma-decisao-que-manda-a-juri-acusado-de-matar-estudante-de-17-anos-a-tiros-em-palmas-durante-a-pandemia\/#respond"]}]},{"@type":"WebPage","@id":"https:\/\/cleitonpinheiro.com.br\/site\/tj-confirma-decisao-que-manda-a-juri-acusado-de-matar-estudante-de-17-anos-a-tiros-em-palmas-durante-a-pandemia\/","url":"https:\/\/cleitonpinheiro.com.br\/site\/tj-confirma-decisao-que-manda-a-juri-acusado-de-matar-estudante-de-17-anos-a-tiros-em-palmas-durante-a-pandemia\/","name":"TJ confirma decis\u00e3o que manda a j\u00fari acusado de matar estudante de 17 anos a tiros em Palmas durante a pandemia - PORTAL DE NOT\u00cdCIAS CLEITON PINHEIRO","isPartOf":{"@id":"https:\/\/cleitonpinheiro.com.br\/site\/#website"},"primaryImageOfPage":{"@id":"https:\/\/cleitonpinheiro.com.br\/site\/tj-confirma-decisao-que-manda-a-juri-acusado-de-matar-estudante-de-17-anos-a-tiros-em-palmas-durante-a-pandemia\/#primaryimage"},"image":{"@id":"https:\/\/cleitonpinheiro.com.br\/site\/tj-confirma-decisao-que-manda-a-juri-acusado-de-matar-estudante-de-17-anos-a-tiros-em-palmas-durante-a-pandemia\/#primaryimage"},"thumbnailUrl":"https:\/\/cleitonpinheiro.com.br\/site\/wp-content\/uploads\/2024\/07\/tjto-vista-lateral2-rondinelliribeiro-1024x576.jpg","datePublished":"2024-07-04T13:46:56+00:00","dateModified":"2024-07-04T13:47:00+00:00","breadcrumb":{"@id":"https:\/\/cleitonpinheiro.com.br\/site\/tj-confirma-decisao-que-manda-a-juri-acusado-de-matar-estudante-de-17-anos-a-tiros-em-palmas-durante-a-pandemia\/#breadcrumb"},"inLanguage":"pt-BR","potentialAction":[{"@type":"ReadAction","target":["https:\/\/cleitonpinheiro.com.br\/site\/tj-confirma-decisao-que-manda-a-juri-acusado-de-matar-estudante-de-17-anos-a-tiros-em-palmas-durante-a-pandemia\/"]}]},{"@type":"ImageObject","inLanguage":"pt-BR","@id":"https:\/\/cleitonpinheiro.com.br\/site\/tj-confirma-decisao-que-manda-a-juri-acusado-de-matar-estudante-de-17-anos-a-tiros-em-palmas-durante-a-pandemia\/#primaryimage","url":"https:\/\/cleitonpinheiro.com.br\/site\/wp-content\/uploads\/2024\/07\/tjto-vista-lateral2-rondinelliribeiro.jpg","contentUrl":"https:\/\/cleitonpinheiro.com.br\/site\/wp-content\/uploads\/2024\/07\/tjto-vista-lateral2-rondinelliribeiro.jpg","width":1920,"height":1080,"caption":"default"},{"@type":"BreadcrumbList","@id":"https:\/\/cleitonpinheiro.com.br\/site\/tj-confirma-decisao-que-manda-a-juri-acusado-de-matar-estudante-de-17-anos-a-tiros-em-palmas-durante-a-pandemia\/#breadcrumb","itemListElement":[{"@type":"ListItem","position":1,"name":"In\u00edcio","item":"https:\/\/cleitonpinheiro.com.br\/site\/"},{"@type":"ListItem","position":2,"name":"TJ confirma decis\u00e3o que manda a j\u00fari acusado de matar estudante de 17 anos a tiros em Palmas durante a pandemia"}]},{"@type":"WebSite","@id":"https:\/\/cleitonpinheiro.com.br\/site\/#website","url":"https:\/\/cleitonpinheiro.com.br\/site\/","name":"PORTAL DE NOT\u00cdCIAS CLEITON PINHEIRO","description":"FALANDO A VERDADE","publisher":{"@id":"https:\/\/cleitonpinheiro.com.br\/site\/#organization"},"potentialAction":[{"@type":"SearchAction","target":{"@type":"EntryPoint","urlTemplate":"https:\/\/cleitonpinheiro.com.br\/site\/?s={search_term_string}"},"query-input":{"@type":"PropertyValueSpecification","valueRequired":true,"valueName":"search_term_string"}}],"inLanguage":"pt-BR"},{"@type":"Organization","@id":"https:\/\/cleitonpinheiro.com.br\/site\/#organization","name":"CPNOT\u00cdCIAS","url":"https:\/\/cleitonpinheiro.com.br\/site\/","logo":{"@type":"ImageObject","inLanguage":"pt-BR","@id":"https:\/\/cleitonpinheiro.com.br\/site\/#\/schema\/logo\/image\/","url":"https:\/\/cleitonpinheiro.com.br\/site\/wp-content\/uploads\/2022\/08\/Logo-pequena-2.png","contentUrl":"https:\/\/cleitonpinheiro.com.br\/site\/wp-content\/uploads\/2022\/08\/Logo-pequena-2.png","width":500,"height":500,"caption":"CPNOT\u00cdCIAS"},"image":{"@id":"https:\/\/cleitonpinheiro.com.br\/site\/#\/schema\/logo\/image\/"},"sameAs":["https:\/\/www.facebook.com\/portalcpnoticias\/"]},{"@type":"Person","@id":"https:\/\/cleitonpinheiro.com.br\/site\/#\/schema\/person\/afd66d2092a2af96277ec94d0fdca5e9","name":"Maria Inez Freitas de Oliveira","image":{"@type":"ImageObject","inLanguage":"pt-BR","@id":"https:\/\/cleitonpinheiro.com.br\/site\/#\/schema\/person\/image\/","url":"https:\/\/secure.gravatar.com\/avatar\/8da4748da444fee870fe4880de74d9dd08b34df8aabd6158765ed760cf8cd7c8?s=96&r=g","contentUrl":"https:\/\/secure.gravatar.com\/avatar\/8da4748da444fee870fe4880de74d9dd08b34df8aabd6158765ed760cf8cd7c8?s=96&r=g","caption":"Maria Inez Freitas de Oliveira"},"url":"https:\/\/cleitonpinheiro.com.br\/site\/author\/inez\/"}]}},"views":644,"_links":{"self":[{"href":"https:\/\/cleitonpinheiro.com.br\/site\/wp-json\/wp\/v2\/posts\/78445","targetHints":{"allow":["GET"]}}],"collection":[{"href":"https:\/\/cleitonpinheiro.com.br\/site\/wp-json\/wp\/v2\/posts"}],"about":[{"href":"https:\/\/cleitonpinheiro.com.br\/site\/wp-json\/wp\/v2\/types\/post"}],"author":[{"embeddable":true,"href":"https:\/\/cleitonpinheiro.com.br\/site\/wp-json\/wp\/v2\/users\/25"}],"replies":[{"embeddable":true,"href":"https:\/\/cleitonpinheiro.com.br\/site\/wp-json\/wp\/v2\/comments?post=78445"}],"version-history":[{"count":1,"href":"https:\/\/cleitonpinheiro.com.br\/site\/wp-json\/wp\/v2\/posts\/78445\/revisions"}],"predecessor-version":[{"id":78447,"href":"https:\/\/cleitonpinheiro.com.br\/site\/wp-json\/wp\/v2\/posts\/78445\/revisions\/78447"}],"wp:attachment":[{"href":"https:\/\/cleitonpinheiro.com.br\/site\/wp-json\/wp\/v2\/media?parent=78445"}],"wp:term":[{"taxonomy":"category","embeddable":true,"href":"https:\/\/cleitonpinheiro.com.br\/site\/wp-json\/wp\/v2\/categories?post=78445"},{"taxonomy":"post_tag","embeddable":true,"href":"https:\/\/cleitonpinheiro.com.br\/site\/wp-json\/wp\/v2\/tags?post=78445"}],"curies":[{"name":"wp","href":"https:\/\/api.w.org\/{rel}","templated":true}]}}