{"id":78448,"date":"2024-07-04T12:33:41","date_gmt":"2024-07-04T15:33:41","guid":{"rendered":"https:\/\/cleitonpinheiro.com.br\/site\/?p=78448"},"modified":"2024-07-04T12:33:46","modified_gmt":"2024-07-04T15:33:46","slug":"lei-paulo-gustavo-album-contraproducente-ja-esta-disponivel-em-todas-as-plataformas-digitais-de-musica","status":"publish","type":"post","link":"https:\/\/cleitonpinheiro.com.br\/site\/lei-paulo-gustavo-album-contraproducente-ja-esta-disponivel-em-todas-as-plataformas-digitais-de-musica\/","title":{"rendered":"Lei Paulo Gustavo: \u00e1lbum Contraproducente j\u00e1 est\u00e1 dispon\u00edvel em todas as plataformas digitais de m\u00fasica"},"content":{"rendered":"\n<figure class=\"wp-block-gallery has-nested-images columns-default is-cropped wp-block-gallery-1 is-layout-flex wp-block-gallery-is-layout-flex\">\n<figure class=\"wp-block-image size-large\"><img fetchpriority=\"high\" decoding=\"async\" width=\"1024\" height=\"576\" data-id=\"78449\" src=\"https:\/\/cleitonpinheiro.com.br\/site\/wp-content\/uploads\/2024\/07\/Imagem-do-WhatsApp-de-2024-07-04-as-11.18.21_4f720c67-1024x576.jpg\" alt=\"\" class=\"wp-image-78449\" srcset=\"https:\/\/cleitonpinheiro.com.br\/site\/wp-content\/uploads\/2024\/07\/Imagem-do-WhatsApp-de-2024-07-04-as-11.18.21_4f720c67-1024x576.jpg 1024w, https:\/\/cleitonpinheiro.com.br\/site\/wp-content\/uploads\/2024\/07\/Imagem-do-WhatsApp-de-2024-07-04-as-11.18.21_4f720c67-300x169.jpg 300w, https:\/\/cleitonpinheiro.com.br\/site\/wp-content\/uploads\/2024\/07\/Imagem-do-WhatsApp-de-2024-07-04-as-11.18.21_4f720c67-768x432.jpg 768w, https:\/\/cleitonpinheiro.com.br\/site\/wp-content\/uploads\/2024\/07\/Imagem-do-WhatsApp-de-2024-07-04-as-11.18.21_4f720c67.jpg 1066w\" sizes=\"(max-width: 1024px) 100vw, 1024px\" \/><figcaption class=\"wp-element-caption\">Foto: Lourivan Pereira\/Divulga\u00e7\u00e3o<\/figcaption><\/figure>\n<\/figure>\n\n\n\n<p>Com objetivo de fomentar as ra\u00edzes musicais tocantinenses, o \u00e1lbum \u201cContraproducente\u201d do cantor e compositor Madian Braga j\u00e1 est\u00e1 dispon\u00edvel nas plataformas digitais de streaming. O projeto recebeu o valor de R$15.000,00, ap\u00f3s ser contemplado no edital Artes Tocantins 2023, lan\u00e7ado pelo Governo do Estado, por meio da Secretaria da Cultura, com recursos oriundos da Lei Paulo Gustavo. Al\u00e9m disso, o proponente ainda oferecer\u00e1 roda de conversa sobre a ind\u00fastria fonogr\u00e1fica do Tocantins em Aragua\u00edna, no dia 18 de julho.<\/p>\n\n\n\n<p>Segundo o artista Madian Braga, o \u00e1lbum Contraproducente se apresenta como mais uma op\u00e7\u00e3o na produ\u00e7\u00e3o musical tocantinense, com uma proposta po\u00e9tica de rock e blues, letras filos\u00f3ficas com temas existencialistas. Ainda conta com participa\u00e7\u00f5es de Chico Chokolate e Braguinha Barroso.<\/p>\n\n\n\n<p>O proponente ainda realizar\u00e1 uma roda de conversa sobre a hist\u00f3ria da m\u00fasica autoral na regi\u00e3o. O evento ser\u00e1 aberto ao p\u00fablico, no dia 18 de julho, \u00e0s 19h, no Espa\u00e7o Cultural de Aragua\u00edna. A expectativa do projeto \u00e9 criar evidenciar a necessidade do fortalecimento da ind\u00fastria fonogr\u00e1fica&nbsp;tocantinense.<\/p>\n\n\n\n<p>O compositor refor\u00e7a a relev\u00e2ncia do fomento \u00e0 produ\u00e7\u00e3o cultural local. \u201c\u00c9 de fundamental import\u00e2ncia o apoio aos artistas tocantinenses, com a viabiliza\u00e7\u00e3o de produ\u00e7\u00e3o musical de Singles, EP e \u00e1lbuns f\u00edsicos e digitais para distribui\u00e7\u00e3o e divulga\u00e7\u00e3o da produ\u00e7\u00e3o fonogr\u00e1fica do estado do Tocantins, na busca de um produto autossustent\u00e1vel de gera\u00e7\u00e3o de emprego e renda em participa\u00e7\u00f5es e apresenta\u00e7\u00f5es em Shows, festas, feiras e eventos promovidos por recursos p\u00fablicos e privados\u201d, disse Madian.<\/p>\n\n\n\n<p>Conhe\u00e7a mais o \u00e1lbum Contraproducente no&nbsp;<a href=\"https:\/\/open.spotify.com\/album\/2t2FWWUxEoovuEn7jH0nFO?si=yvhMkxeASeOL-BGcjkrYGQ\" target=\"_blank\" rel=\"noreferrer noopener\">Spotify<\/a>,&nbsp;<a href=\"https:\/\/www.youtube.com\/playlist?list=OLAK5uy_lfnvNfkfxkPHrceXQuWJMZER5Jj_s6LAo\" target=\"_blank\" rel=\"noreferrer noopener\">Youtube<\/a>&nbsp;e nas plataformas digitais de sua prefer\u00eancia.<\/p>\n\n\n\n<p><strong>Sobre o proponente:<\/strong><br>Madian Barbosa Braga \u00e9 um artista multifacetado cuja trajet\u00f3ria musical se entrela\u00e7a com a hist\u00f3ria cultural de Aragua\u00edna. Aos 17 anos revelou o talento precoce com o lan\u00e7amento do compacto \u201cAngustia Existencial\u201d, em 1976. Com uma carreira que atravessa d\u00e9cadas, Madian continua a produzir novos singles e \u00e1lbuns, divulgados nas plataformas digitais de m\u00fasica. \u00a0<\/p>\n\n\n\n<p>Texto: Eduarda Formiga\/Governo do Tocantins<\/p>\n","protected":false},"excerpt":{"rendered":"<p>Com objetivo de fomentar as ra\u00edzes musicais tocantinenses, o \u00e1lbum \u201cContraproducente\u201d do cantor e compositor Madian Braga j\u00e1 est\u00e1 dispon\u00edvel nas plataformas digitais de streaming. O projeto recebeu o valor de R$15.000,00, ap\u00f3s ser contemplado no edital Artes Tocantins 2023, lan\u00e7ado pelo Governo do Estado, por meio da Secretaria da Cultura, com recursos oriundos da [&hellip;]<\/p>\n","protected":false},"author":13,"featured_media":78449,"comment_status":"open","ping_status":"open","sticky":false,"template":"","format":"standard","meta":{"_acf_changed":false,"footnotes":""},"categories":[8,20],"tags":[1115],"class_list":["post-78448","post","type-post","status-publish","format-standard","has-post-thumbnail","hentry","category-estado","category-noticias-em-destaque","tag-cultura"],"acf":[],"yoast_head":"<!-- This site is optimized with the Yoast SEO plugin v24.4 - https:\/\/yoast.com\/wordpress\/plugins\/seo\/ -->\n<title>Lei Paulo Gustavo: \u00e1lbum Contraproducente j\u00e1 est\u00e1 dispon\u00edvel em todas as plataformas digitais de m\u00fasica - PORTAL DE NOT\u00cdCIAS CLEITON PINHEIRO<\/title>\n<meta name=\"robots\" content=\"index, follow, max-snippet:-1, max-image-preview:large, max-video-preview:-1\" \/>\n<link rel=\"canonical\" href=\"https:\/\/cleitonpinheiro.com.br\/site\/lei-paulo-gustavo-album-contraproducente-ja-esta-disponivel-em-todas-as-plataformas-digitais-de-musica\/\" \/>\n<meta property=\"og:locale\" content=\"pt_BR\" \/>\n<meta property=\"og:type\" content=\"article\" \/>\n<meta property=\"og:title\" content=\"Lei Paulo Gustavo: \u00e1lbum Contraproducente j\u00e1 est\u00e1 dispon\u00edvel em todas as plataformas digitais de m\u00fasica - PORTAL DE NOT\u00cdCIAS CLEITON PINHEIRO\" \/>\n<meta property=\"og:description\" content=\"Com objetivo de fomentar as ra\u00edzes musicais tocantinenses, o \u00e1lbum \u201cContraproducente\u201d do cantor e compositor Madian Braga j\u00e1 est\u00e1 dispon\u00edvel nas plataformas digitais de streaming. O projeto recebeu o valor de R$15.000,00, ap\u00f3s ser contemplado no edital Artes Tocantins 2023, lan\u00e7ado pelo Governo do Estado, por meio da Secretaria da Cultura, com recursos oriundos da [&hellip;]\" \/>\n<meta property=\"og:url\" content=\"https:\/\/cleitonpinheiro.com.br\/site\/lei-paulo-gustavo-album-contraproducente-ja-esta-disponivel-em-todas-as-plataformas-digitais-de-musica\/\" \/>\n<meta property=\"og:site_name\" content=\"PORTAL DE NOT\u00cdCIAS CLEITON PINHEIRO\" \/>\n<meta property=\"article:publisher\" content=\"https:\/\/www.facebook.com\/portalcpnoticias\/\" \/>\n<meta property=\"article:published_time\" content=\"2024-07-04T15:33:41+00:00\" \/>\n<meta property=\"article:modified_time\" content=\"2024-07-04T15:33:46+00:00\" \/>\n<meta property=\"og:image\" content=\"https:\/\/cleitonpinheiro.com.br\/site\/wp-content\/uploads\/2024\/07\/Imagem-do-WhatsApp-de-2024-07-04-as-11.18.21_4f720c67.jpg\" \/>\n\t<meta property=\"og:image:width\" content=\"1066\" \/>\n\t<meta property=\"og:image:height\" content=\"600\" \/>\n\t<meta property=\"og:image:type\" content=\"image\/jpeg\" \/>\n<meta name=\"author\" content=\"Reda\u00e7\u00e3o CP\" \/>\n<meta name=\"twitter:card\" content=\"summary_large_image\" \/>\n<meta name=\"twitter:label1\" content=\"Escrito por\" \/>\n\t<meta name=\"twitter:data1\" content=\"Reda\u00e7\u00e3o CP\" \/>\n\t<meta name=\"twitter:label2\" content=\"Est. tempo de leitura\" \/>\n\t<meta name=\"twitter:data2\" content=\"3 minutos\" \/>\n<script type=\"application\/ld+json\" class=\"yoast-schema-graph\">{\"@context\":\"https:\/\/schema.org\",\"@graph\":[{\"@type\":\"Article\",\"@id\":\"https:\/\/cleitonpinheiro.com.br\/site\/lei-paulo-gustavo-album-contraproducente-ja-esta-disponivel-em-todas-as-plataformas-digitais-de-musica\/#article\",\"isPartOf\":{\"@id\":\"https:\/\/cleitonpinheiro.com.br\/site\/lei-paulo-gustavo-album-contraproducente-ja-esta-disponivel-em-todas-as-plataformas-digitais-de-musica\/\"},\"author\":{\"name\":\"Reda\u00e7\u00e3o CP\",\"@id\":\"https:\/\/cleitonpinheiro.com.br\/site\/#\/schema\/person\/8f04544e0bc40a1b68775b08360f87db\"},\"headline\":\"Lei Paulo Gustavo: \u00e1lbum Contraproducente j\u00e1 est\u00e1 dispon\u00edvel em todas as plataformas digitais de m\u00fasica\",\"datePublished\":\"2024-07-04T15:33:41+00:00\",\"dateModified\":\"2024-07-04T15:33:46+00:00\",\"mainEntityOfPage\":{\"@id\":\"https:\/\/cleitonpinheiro.com.br\/site\/lei-paulo-gustavo-album-contraproducente-ja-esta-disponivel-em-todas-as-plataformas-digitais-de-musica\/\"},\"wordCount\":386,\"commentCount\":0,\"publisher\":{\"@id\":\"https:\/\/cleitonpinheiro.com.br\/site\/#organization\"},\"image\":{\"@id\":\"https:\/\/cleitonpinheiro.com.br\/site\/lei-paulo-gustavo-album-contraproducente-ja-esta-disponivel-em-todas-as-plataformas-digitais-de-musica\/#primaryimage\"},\"thumbnailUrl\":\"https:\/\/cleitonpinheiro.com.br\/site\/wp-content\/uploads\/2024\/07\/Imagem-do-WhatsApp-de-2024-07-04-as-11.18.21_4f720c67.jpg\",\"keywords\":[\"cultura\"],\"articleSection\":[\"ESTADO\",\"NOT\u00cdCIAS EM DESTAQUE\"],\"inLanguage\":\"pt-BR\",\"potentialAction\":[{\"@type\":\"CommentAction\",\"name\":\"Comment\",\"target\":[\"https:\/\/cleitonpinheiro.com.br\/site\/lei-paulo-gustavo-album-contraproducente-ja-esta-disponivel-em-todas-as-plataformas-digitais-de-musica\/#respond\"]}]},{\"@type\":\"WebPage\",\"@id\":\"https:\/\/cleitonpinheiro.com.br\/site\/lei-paulo-gustavo-album-contraproducente-ja-esta-disponivel-em-todas-as-plataformas-digitais-de-musica\/\",\"url\":\"https:\/\/cleitonpinheiro.com.br\/site\/lei-paulo-gustavo-album-contraproducente-ja-esta-disponivel-em-todas-as-plataformas-digitais-de-musica\/\",\"name\":\"Lei Paulo Gustavo: \u00e1lbum Contraproducente j\u00e1 est\u00e1 dispon\u00edvel em todas as plataformas digitais de m\u00fasica - PORTAL DE NOT\u00cdCIAS CLEITON PINHEIRO\",\"isPartOf\":{\"@id\":\"https:\/\/cleitonpinheiro.com.br\/site\/#website\"},\"primaryImageOfPage\":{\"@id\":\"https:\/\/cleitonpinheiro.com.br\/site\/lei-paulo-gustavo-album-contraproducente-ja-esta-disponivel-em-todas-as-plataformas-digitais-de-musica\/#primaryimage\"},\"image\":{\"@id\":\"https:\/\/cleitonpinheiro.com.br\/site\/lei-paulo-gustavo-album-contraproducente-ja-esta-disponivel-em-todas-as-plataformas-digitais-de-musica\/#primaryimage\"},\"thumbnailUrl\":\"https:\/\/cleitonpinheiro.com.br\/site\/wp-content\/uploads\/2024\/07\/Imagem-do-WhatsApp-de-2024-07-04-as-11.18.21_4f720c67.jpg\",\"datePublished\":\"2024-07-04T15:33:41+00:00\",\"dateModified\":\"2024-07-04T15:33:46+00:00\",\"breadcrumb\":{\"@id\":\"https:\/\/cleitonpinheiro.com.br\/site\/lei-paulo-gustavo-album-contraproducente-ja-esta-disponivel-em-todas-as-plataformas-digitais-de-musica\/#breadcrumb\"},\"inLanguage\":\"pt-BR\",\"potentialAction\":[{\"@type\":\"ReadAction\",\"target\":[\"https:\/\/cleitonpinheiro.com.br\/site\/lei-paulo-gustavo-album-contraproducente-ja-esta-disponivel-em-todas-as-plataformas-digitais-de-musica\/\"]}]},{\"@type\":\"ImageObject\",\"inLanguage\":\"pt-BR\",\"@id\":\"https:\/\/cleitonpinheiro.com.br\/site\/lei-paulo-gustavo-album-contraproducente-ja-esta-disponivel-em-todas-as-plataformas-digitais-de-musica\/#primaryimage\",\"url\":\"https:\/\/cleitonpinheiro.com.br\/site\/wp-content\/uploads\/2024\/07\/Imagem-do-WhatsApp-de-2024-07-04-as-11.18.21_4f720c67.jpg\",\"contentUrl\":\"https:\/\/cleitonpinheiro.com.br\/site\/wp-content\/uploads\/2024\/07\/Imagem-do-WhatsApp-de-2024-07-04-as-11.18.21_4f720c67.jpg\",\"width\":1066,\"height\":600},{\"@type\":\"BreadcrumbList\",\"@id\":\"https:\/\/cleitonpinheiro.com.br\/site\/lei-paulo-gustavo-album-contraproducente-ja-esta-disponivel-em-todas-as-plataformas-digitais-de-musica\/#breadcrumb\",\"itemListElement\":[{\"@type\":\"ListItem\",\"position\":1,\"name\":\"In\u00edcio\",\"item\":\"https:\/\/cleitonpinheiro.com.br\/site\/\"},{\"@type\":\"ListItem\",\"position\":2,\"name\":\"Lei Paulo Gustavo: \u00e1lbum Contraproducente j\u00e1 est\u00e1 dispon\u00edvel em todas as plataformas digitais de m\u00fasica\"}]},{\"@type\":\"WebSite\",\"@id\":\"https:\/\/cleitonpinheiro.com.br\/site\/#website\",\"url\":\"https:\/\/cleitonpinheiro.com.br\/site\/\",\"name\":\"PORTAL DE NOT\u00cdCIAS CLEITON PINHEIRO\",\"description\":\"FALANDO A VERDADE\",\"publisher\":{\"@id\":\"https:\/\/cleitonpinheiro.com.br\/site\/#organization\"},\"potentialAction\":[{\"@type\":\"SearchAction\",\"target\":{\"@type\":\"EntryPoint\",\"urlTemplate\":\"https:\/\/cleitonpinheiro.com.br\/site\/?s={search_term_string}\"},\"query-input\":{\"@type\":\"PropertyValueSpecification\",\"valueRequired\":true,\"valueName\":\"search_term_string\"}}],\"inLanguage\":\"pt-BR\"},{\"@type\":\"Organization\",\"@id\":\"https:\/\/cleitonpinheiro.com.br\/site\/#organization\",\"name\":\"CPNOT\u00cdCIAS\",\"url\":\"https:\/\/cleitonpinheiro.com.br\/site\/\",\"logo\":{\"@type\":\"ImageObject\",\"inLanguage\":\"pt-BR\",\"@id\":\"https:\/\/cleitonpinheiro.com.br\/site\/#\/schema\/logo\/image\/\",\"url\":\"https:\/\/cleitonpinheiro.com.br\/site\/wp-content\/uploads\/2022\/08\/Logo-pequena-2.png\",\"contentUrl\":\"https:\/\/cleitonpinheiro.com.br\/site\/wp-content\/uploads\/2022\/08\/Logo-pequena-2.png\",\"width\":500,\"height\":500,\"caption\":\"CPNOT\u00cdCIAS\"},\"image\":{\"@id\":\"https:\/\/cleitonpinheiro.com.br\/site\/#\/schema\/logo\/image\/\"},\"sameAs\":[\"https:\/\/www.facebook.com\/portalcpnoticias\/\"]},{\"@type\":\"Person\",\"@id\":\"https:\/\/cleitonpinheiro.com.br\/site\/#\/schema\/person\/8f04544e0bc40a1b68775b08360f87db\",\"name\":\"Reda\u00e7\u00e3o CP\",\"image\":{\"@type\":\"ImageObject\",\"inLanguage\":\"pt-BR\",\"@id\":\"https:\/\/cleitonpinheiro.com.br\/site\/#\/schema\/person\/image\/\",\"url\":\"https:\/\/secure.gravatar.com\/avatar\/0bcf19cb29fdc8fc588c490c7ae1b3e174dac268586a63fbe1d1893a0f9020cd?s=96&r=g\",\"contentUrl\":\"https:\/\/secure.gravatar.com\/avatar\/0bcf19cb29fdc8fc588c490c7ae1b3e174dac268586a63fbe1d1893a0f9020cd?s=96&r=g\",\"caption\":\"Reda\u00e7\u00e3o CP\"},\"url\":\"https:\/\/cleitonpinheiro.com.br\/site\/author\/redacao\/\"}]}<\/script>\n<!-- \/ Yoast SEO plugin. -->","yoast_head_json":{"title":"Lei Paulo Gustavo: \u00e1lbum Contraproducente j\u00e1 est\u00e1 dispon\u00edvel em todas as plataformas digitais de m\u00fasica - PORTAL DE NOT\u00cdCIAS CLEITON PINHEIRO","robots":{"index":"index","follow":"follow","max-snippet":"max-snippet:-1","max-image-preview":"max-image-preview:large","max-video-preview":"max-video-preview:-1"},"canonical":"https:\/\/cleitonpinheiro.com.br\/site\/lei-paulo-gustavo-album-contraproducente-ja-esta-disponivel-em-todas-as-plataformas-digitais-de-musica\/","og_locale":"pt_BR","og_type":"article","og_title":"Lei Paulo Gustavo: \u00e1lbum Contraproducente j\u00e1 est\u00e1 dispon\u00edvel em todas as plataformas digitais de m\u00fasica - PORTAL DE NOT\u00cdCIAS CLEITON PINHEIRO","og_description":"Com objetivo de fomentar as ra\u00edzes musicais tocantinenses, o \u00e1lbum \u201cContraproducente\u201d do cantor e compositor Madian Braga j\u00e1 est\u00e1 dispon\u00edvel nas plataformas digitais de streaming. O projeto recebeu o valor de R$15.000,00, ap\u00f3s ser contemplado no edital Artes Tocantins 2023, lan\u00e7ado pelo Governo do Estado, por meio da Secretaria da Cultura, com recursos oriundos da [&hellip;]","og_url":"https:\/\/cleitonpinheiro.com.br\/site\/lei-paulo-gustavo-album-contraproducente-ja-esta-disponivel-em-todas-as-plataformas-digitais-de-musica\/","og_site_name":"PORTAL DE NOT\u00cdCIAS CLEITON PINHEIRO","article_publisher":"https:\/\/www.facebook.com\/portalcpnoticias\/","article_published_time":"2024-07-04T15:33:41+00:00","article_modified_time":"2024-07-04T15:33:46+00:00","og_image":[{"width":1066,"height":600,"url":"https:\/\/cleitonpinheiro.com.br\/site\/wp-content\/uploads\/2024\/07\/Imagem-do-WhatsApp-de-2024-07-04-as-11.18.21_4f720c67.jpg","type":"image\/jpeg"}],"author":"Reda\u00e7\u00e3o CP","twitter_card":"summary_large_image","twitter_misc":{"Escrito por":"Reda\u00e7\u00e3o CP","Est. tempo de leitura":"3 minutos"},"schema":{"@context":"https:\/\/schema.org","@graph":[{"@type":"Article","@id":"https:\/\/cleitonpinheiro.com.br\/site\/lei-paulo-gustavo-album-contraproducente-ja-esta-disponivel-em-todas-as-plataformas-digitais-de-musica\/#article","isPartOf":{"@id":"https:\/\/cleitonpinheiro.com.br\/site\/lei-paulo-gustavo-album-contraproducente-ja-esta-disponivel-em-todas-as-plataformas-digitais-de-musica\/"},"author":{"name":"Reda\u00e7\u00e3o CP","@id":"https:\/\/cleitonpinheiro.com.br\/site\/#\/schema\/person\/8f04544e0bc40a1b68775b08360f87db"},"headline":"Lei Paulo Gustavo: \u00e1lbum Contraproducente j\u00e1 est\u00e1 dispon\u00edvel em todas as plataformas digitais de m\u00fasica","datePublished":"2024-07-04T15:33:41+00:00","dateModified":"2024-07-04T15:33:46+00:00","mainEntityOfPage":{"@id":"https:\/\/cleitonpinheiro.com.br\/site\/lei-paulo-gustavo-album-contraproducente-ja-esta-disponivel-em-todas-as-plataformas-digitais-de-musica\/"},"wordCount":386,"commentCount":0,"publisher":{"@id":"https:\/\/cleitonpinheiro.com.br\/site\/#organization"},"image":{"@id":"https:\/\/cleitonpinheiro.com.br\/site\/lei-paulo-gustavo-album-contraproducente-ja-esta-disponivel-em-todas-as-plataformas-digitais-de-musica\/#primaryimage"},"thumbnailUrl":"https:\/\/cleitonpinheiro.com.br\/site\/wp-content\/uploads\/2024\/07\/Imagem-do-WhatsApp-de-2024-07-04-as-11.18.21_4f720c67.jpg","keywords":["cultura"],"articleSection":["ESTADO","NOT\u00cdCIAS EM DESTAQUE"],"inLanguage":"pt-BR","potentialAction":[{"@type":"CommentAction","name":"Comment","target":["https:\/\/cleitonpinheiro.com.br\/site\/lei-paulo-gustavo-album-contraproducente-ja-esta-disponivel-em-todas-as-plataformas-digitais-de-musica\/#respond"]}]},{"@type":"WebPage","@id":"https:\/\/cleitonpinheiro.com.br\/site\/lei-paulo-gustavo-album-contraproducente-ja-esta-disponivel-em-todas-as-plataformas-digitais-de-musica\/","url":"https:\/\/cleitonpinheiro.com.br\/site\/lei-paulo-gustavo-album-contraproducente-ja-esta-disponivel-em-todas-as-plataformas-digitais-de-musica\/","name":"Lei Paulo Gustavo: \u00e1lbum Contraproducente j\u00e1 est\u00e1 dispon\u00edvel em todas as plataformas digitais de m\u00fasica - PORTAL DE NOT\u00cdCIAS CLEITON PINHEIRO","isPartOf":{"@id":"https:\/\/cleitonpinheiro.com.br\/site\/#website"},"primaryImageOfPage":{"@id":"https:\/\/cleitonpinheiro.com.br\/site\/lei-paulo-gustavo-album-contraproducente-ja-esta-disponivel-em-todas-as-plataformas-digitais-de-musica\/#primaryimage"},"image":{"@id":"https:\/\/cleitonpinheiro.com.br\/site\/lei-paulo-gustavo-album-contraproducente-ja-esta-disponivel-em-todas-as-plataformas-digitais-de-musica\/#primaryimage"},"thumbnailUrl":"https:\/\/cleitonpinheiro.com.br\/site\/wp-content\/uploads\/2024\/07\/Imagem-do-WhatsApp-de-2024-07-04-as-11.18.21_4f720c67.jpg","datePublished":"2024-07-04T15:33:41+00:00","dateModified":"2024-07-04T15:33:46+00:00","breadcrumb":{"@id":"https:\/\/cleitonpinheiro.com.br\/site\/lei-paulo-gustavo-album-contraproducente-ja-esta-disponivel-em-todas-as-plataformas-digitais-de-musica\/#breadcrumb"},"inLanguage":"pt-BR","potentialAction":[{"@type":"ReadAction","target":["https:\/\/cleitonpinheiro.com.br\/site\/lei-paulo-gustavo-album-contraproducente-ja-esta-disponivel-em-todas-as-plataformas-digitais-de-musica\/"]}]},{"@type":"ImageObject","inLanguage":"pt-BR","@id":"https:\/\/cleitonpinheiro.com.br\/site\/lei-paulo-gustavo-album-contraproducente-ja-esta-disponivel-em-todas-as-plataformas-digitais-de-musica\/#primaryimage","url":"https:\/\/cleitonpinheiro.com.br\/site\/wp-content\/uploads\/2024\/07\/Imagem-do-WhatsApp-de-2024-07-04-as-11.18.21_4f720c67.jpg","contentUrl":"https:\/\/cleitonpinheiro.com.br\/site\/wp-content\/uploads\/2024\/07\/Imagem-do-WhatsApp-de-2024-07-04-as-11.18.21_4f720c67.jpg","width":1066,"height":600},{"@type":"BreadcrumbList","@id":"https:\/\/cleitonpinheiro.com.br\/site\/lei-paulo-gustavo-album-contraproducente-ja-esta-disponivel-em-todas-as-plataformas-digitais-de-musica\/#breadcrumb","itemListElement":[{"@type":"ListItem","position":1,"name":"In\u00edcio","item":"https:\/\/cleitonpinheiro.com.br\/site\/"},{"@type":"ListItem","position":2,"name":"Lei Paulo Gustavo: \u00e1lbum Contraproducente j\u00e1 est\u00e1 dispon\u00edvel em todas as plataformas digitais de m\u00fasica"}]},{"@type":"WebSite","@id":"https:\/\/cleitonpinheiro.com.br\/site\/#website","url":"https:\/\/cleitonpinheiro.com.br\/site\/","name":"PORTAL DE NOT\u00cdCIAS CLEITON PINHEIRO","description":"FALANDO A VERDADE","publisher":{"@id":"https:\/\/cleitonpinheiro.com.br\/site\/#organization"},"potentialAction":[{"@type":"SearchAction","target":{"@type":"EntryPoint","urlTemplate":"https:\/\/cleitonpinheiro.com.br\/site\/?s={search_term_string}"},"query-input":{"@type":"PropertyValueSpecification","valueRequired":true,"valueName":"search_term_string"}}],"inLanguage":"pt-BR"},{"@type":"Organization","@id":"https:\/\/cleitonpinheiro.com.br\/site\/#organization","name":"CPNOT\u00cdCIAS","url":"https:\/\/cleitonpinheiro.com.br\/site\/","logo":{"@type":"ImageObject","inLanguage":"pt-BR","@id":"https:\/\/cleitonpinheiro.com.br\/site\/#\/schema\/logo\/image\/","url":"https:\/\/cleitonpinheiro.com.br\/site\/wp-content\/uploads\/2022\/08\/Logo-pequena-2.png","contentUrl":"https:\/\/cleitonpinheiro.com.br\/site\/wp-content\/uploads\/2022\/08\/Logo-pequena-2.png","width":500,"height":500,"caption":"CPNOT\u00cdCIAS"},"image":{"@id":"https:\/\/cleitonpinheiro.com.br\/site\/#\/schema\/logo\/image\/"},"sameAs":["https:\/\/www.facebook.com\/portalcpnoticias\/"]},{"@type":"Person","@id":"https:\/\/cleitonpinheiro.com.br\/site\/#\/schema\/person\/8f04544e0bc40a1b68775b08360f87db","name":"Reda\u00e7\u00e3o CP","image":{"@type":"ImageObject","inLanguage":"pt-BR","@id":"https:\/\/cleitonpinheiro.com.br\/site\/#\/schema\/person\/image\/","url":"https:\/\/secure.gravatar.com\/avatar\/0bcf19cb29fdc8fc588c490c7ae1b3e174dac268586a63fbe1d1893a0f9020cd?s=96&r=g","contentUrl":"https:\/\/secure.gravatar.com\/avatar\/0bcf19cb29fdc8fc588c490c7ae1b3e174dac268586a63fbe1d1893a0f9020cd?s=96&r=g","caption":"Reda\u00e7\u00e3o CP"},"url":"https:\/\/cleitonpinheiro.com.br\/site\/author\/redacao\/"}]}},"views":173,"_links":{"self":[{"href":"https:\/\/cleitonpinheiro.com.br\/site\/wp-json\/wp\/v2\/posts\/78448","targetHints":{"allow":["GET"]}}],"collection":[{"href":"https:\/\/cleitonpinheiro.com.br\/site\/wp-json\/wp\/v2\/posts"}],"about":[{"href":"https:\/\/cleitonpinheiro.com.br\/site\/wp-json\/wp\/v2\/types\/post"}],"author":[{"embeddable":true,"href":"https:\/\/cleitonpinheiro.com.br\/site\/wp-json\/wp\/v2\/users\/13"}],"replies":[{"embeddable":true,"href":"https:\/\/cleitonpinheiro.com.br\/site\/wp-json\/wp\/v2\/comments?post=78448"}],"version-history":[{"count":1,"href":"https:\/\/cleitonpinheiro.com.br\/site\/wp-json\/wp\/v2\/posts\/78448\/revisions"}],"predecessor-version":[{"id":78450,"href":"https:\/\/cleitonpinheiro.com.br\/site\/wp-json\/wp\/v2\/posts\/78448\/revisions\/78450"}],"wp:featuredmedia":[{"embeddable":true,"href":"https:\/\/cleitonpinheiro.com.br\/site\/wp-json\/wp\/v2\/media\/78449"}],"wp:attachment":[{"href":"https:\/\/cleitonpinheiro.com.br\/site\/wp-json\/wp\/v2\/media?parent=78448"}],"wp:term":[{"taxonomy":"category","embeddable":true,"href":"https:\/\/cleitonpinheiro.com.br\/site\/wp-json\/wp\/v2\/categories?post=78448"},{"taxonomy":"post_tag","embeddable":true,"href":"https:\/\/cleitonpinheiro.com.br\/site\/wp-json\/wp\/v2\/tags?post=78448"}],"curies":[{"name":"wp","href":"https:\/\/api.w.org\/{rel}","templated":true}]}}