{"id":81074,"date":"2024-09-25T15:42:56","date_gmt":"2024-09-25T18:42:56","guid":{"rendered":"https:\/\/cleitonpinheiro.com.br\/site\/?p=81074"},"modified":"2024-09-25T15:43:01","modified_gmt":"2024-09-25T18:43:01","slug":"governo-do-tocantins-lanca-edital-de-selecao-para-diretores-das-escolas-da-rede-estadual","status":"publish","type":"post","link":"https:\/\/cleitonpinheiro.com.br\/site\/governo-do-tocantins-lanca-edital-de-selecao-para-diretores-das-escolas-da-rede-estadual\/","title":{"rendered":"Governo do Tocantins lan\u00e7a edital de sele\u00e7\u00e3o para diretores das escolas da rede estadual"},"content":{"rendered":"\n<figure class=\"wp-block-gallery has-nested-images columns-default is-cropped wp-block-gallery-1 is-layout-flex wp-block-gallery-is-layout-flex\">\n<figure class=\"wp-block-image size-large\"><img fetchpriority=\"high\" decoding=\"async\" width=\"519\" height=\"297\" data-id=\"81075\" src=\"https:\/\/cleitonpinheiro.com.br\/site\/wp-content\/uploads\/2024\/09\/2-6.png\" alt=\"\" class=\"wp-image-81075\" srcset=\"https:\/\/cleitonpinheiro.com.br\/site\/wp-content\/uploads\/2024\/09\/2-6.png 519w, https:\/\/cleitonpinheiro.com.br\/site\/wp-content\/uploads\/2024\/09\/2-6-300x172.png 300w\" sizes=\"(max-width: 519px) 100vw, 519px\" \/><figcaption class=\"wp-element-caption\">Foto: M\u00e1rcio Vieira\/Secom-TO<\/figcaption><\/figure>\n<\/figure>\n\n\n\n<p><\/p>\n\n\n\n<p>O Governo do Tocantins, por meio da Secretaria de Estado da Educa\u00e7\u00e3o (Seduc), lan\u00e7ou nessa ter\u00e7a-feira, 24, o&nbsp;<a href=\"https:\/\/www.unitins.br\/Concursos\/Publico\/Home\/S\/0e67660c4e6af507e73cf50b5d827631\" target=\"_blank\" rel=\"noreferrer noopener\">edital<\/a>&nbsp;para realiza\u00e7\u00e3o de um novo processo de sele\u00e7\u00e3o para a fun\u00e7\u00e3o p\u00fablica de diretor de unidades escolares da rede estadual. A seletiva, em parceria com a Universidade Estadual do Tocantins (Unitins), visa preencher as 141 vagas remanescentes do \u00faltimo processo realizado em 2023.<\/p>\n\n\n\n<p>A inscri\u00e7\u00e3o \u00e9 gratuita para todos os candidatos e deve ser realizada de 26 de setembro a 9 de outubro de 2024, exclusivamente no endere\u00e7o eletr\u00f4nico&nbsp;<a href=\"http:\/\/www.unitins.br\/concursos\/publico\" target=\"_blank\" rel=\"noreferrer noopener\">www.unitins.br\/concursos\/publico<\/a>. No ato da inscri\u00e7\u00e3o, o candidato dever\u00e1 optar por somente uma unidade escolar.<\/p>\n\n\n\n<p>Podem participar do processo servidores efetivos, incluindo os servidores em est\u00e1gio probat\u00f3rio, integrantes do quadro do magist\u00e9rio da Educa\u00e7\u00e3o B\u00e1sica P\u00fablica da rede estadual de ensino que tenham: t\u00edtulo de licenciatura plena ou de bacharelado com complementa\u00e7\u00e3o pedag\u00f3gica; experi\u00eancia profissional comprovada em escola p\u00fablica ou privada de, no m\u00ednimo, dois anos no exerc\u00edcio de doc\u00eancia em sala de aula, dire\u00e7\u00e3o, coordena\u00e7\u00e3o (pedag\u00f3gica ou de \u00e1rea, de apoio, de programas e projetos, da educa\u00e7\u00e3o profissional t\u00e9cnica) e\/ou orienta\u00e7\u00e3o educacional; e disponibilidade para dedica\u00e7\u00e3o em tempo integral, correspondente a 40 horas semanais, para as unidades escolares que funcionam em dois turnos, e dedica\u00e7\u00e3o exclusiva para as institui\u00e7\u00f5es que funcionam em tr\u00eas turnos.<\/p>\n\n\n\n<p>O titular da Seduc, F\u00e1bio Vaz, destaca que a realiza\u00e7\u00e3o do processo seletivo \u00e9 uma conquista. \u201c\u00c9 uma forma mais justa e transparente de termos \u00e0 frente das unidades escolares gestores qualificados e preparados para essa fun\u00e7\u00e3o t\u00e3o importante. E o reflexo disso certamente \u00e9 uma educa\u00e7\u00e3o comprometida com o processo de ensino-aprendizagem e com a forma\u00e7\u00e3o integral dos estudantes\u201d, pontuou.<\/p>\n\n\n\n<p><strong>Etapas do processo seletivo<\/strong><\/p>\n\n\n\n<p>O processo seletivo ser\u00e1 dividido em tr\u00eas etapas. A primeira fase, que tem car\u00e1ter eliminat\u00f3rio e classificat\u00f3rio, consiste em uma avalia\u00e7\u00e3o de compet\u00eancia t\u00e9cnica por meio de uma prova objetiva, elaborada pela Seduc, em conjunto com a Unitins. Na segunda etapa, os candidatos dever\u00e3o entregar um plano de gest\u00e3o escolar, al\u00e9m de t\u00edtulos e documentos comprobat\u00f3rios exigidos pelo edital. A \u00faltima etapa ser\u00e1 uma entrevista, tamb\u00e9m de car\u00e1ter eliminat\u00f3rio e classificat\u00f3rio.<\/p>\n\n\n\n<p>A avalia\u00e7\u00e3o de compet\u00eancia t\u00e9cnica (prova objetiva) ser\u00e1 realizada nas cidades de Aragua\u00edna, Araguatins, Arraias, Colinas do Tocantins, Dian\u00f3polis, Guara\u00ed, Gurupi, Miracema do Tocantins, Palmas, Para\u00edso do Tocantins, Pedro Afonso, Porto Nacional e Tocantin\u00f3polis.<\/p>\n\n\n\n<p>Texto: Ana Luiza Dias\/Secom-TO<\/p>\n","protected":false},"excerpt":{"rendered":"<p>O Governo do Tocantins, por meio da Secretaria de Estado da Educa\u00e7\u00e3o (Seduc), lan\u00e7ou nessa ter\u00e7a-feira, 24, o&nbsp;edital&nbsp;para realiza\u00e7\u00e3o de um novo processo de sele\u00e7\u00e3o para a fun\u00e7\u00e3o p\u00fablica de diretor de unidades escolares da rede estadual. A seletiva, em parceria com a Universidade Estadual do Tocantins (Unitins), visa preencher as 141 vagas remanescentes do [&hellip;]<\/p>\n","protected":false},"author":13,"featured_media":81075,"comment_status":"open","ping_status":"open","sticky":false,"template":"","format":"standard","meta":{"_acf_changed":false,"footnotes":""},"categories":[8,898],"tags":[72],"class_list":["post-81074","post","type-post","status-publish","format-standard","has-post-thumbnail","hentry","category-estado","category-manchete-segundaria","tag-tocantins"],"acf":[],"yoast_head":"<!-- This site is optimized with the Yoast SEO plugin v24.4 - https:\/\/yoast.com\/wordpress\/plugins\/seo\/ -->\n<title>Governo do Tocantins lan\u00e7a edital de sele\u00e7\u00e3o para diretores das escolas da rede estadual - PORTAL DE NOT\u00cdCIAS CLEITON PINHEIRO<\/title>\n<meta name=\"robots\" content=\"index, follow, max-snippet:-1, max-image-preview:large, max-video-preview:-1\" \/>\n<link rel=\"canonical\" href=\"https:\/\/cleitonpinheiro.com.br\/site\/governo-do-tocantins-lanca-edital-de-selecao-para-diretores-das-escolas-da-rede-estadual\/\" \/>\n<meta property=\"og:locale\" content=\"pt_BR\" \/>\n<meta property=\"og:type\" content=\"article\" \/>\n<meta property=\"og:title\" content=\"Governo do Tocantins lan\u00e7a edital de sele\u00e7\u00e3o para diretores das escolas da rede estadual - PORTAL DE NOT\u00cdCIAS CLEITON PINHEIRO\" \/>\n<meta property=\"og:description\" content=\"O Governo do Tocantins, por meio da Secretaria de Estado da Educa\u00e7\u00e3o (Seduc), lan\u00e7ou nessa ter\u00e7a-feira, 24, o&nbsp;edital&nbsp;para realiza\u00e7\u00e3o de um novo processo de sele\u00e7\u00e3o para a fun\u00e7\u00e3o p\u00fablica de diretor de unidades escolares da rede estadual. A seletiva, em parceria com a Universidade Estadual do Tocantins (Unitins), visa preencher as 141 vagas remanescentes do [&hellip;]\" \/>\n<meta property=\"og:url\" content=\"https:\/\/cleitonpinheiro.com.br\/site\/governo-do-tocantins-lanca-edital-de-selecao-para-diretores-das-escolas-da-rede-estadual\/\" \/>\n<meta property=\"og:site_name\" content=\"PORTAL DE NOT\u00cdCIAS CLEITON PINHEIRO\" \/>\n<meta property=\"article:publisher\" content=\"https:\/\/www.facebook.com\/portalcpnoticias\/\" \/>\n<meta property=\"article:published_time\" content=\"2024-09-25T18:42:56+00:00\" \/>\n<meta property=\"article:modified_time\" content=\"2024-09-25T18:43:01+00:00\" \/>\n<meta property=\"og:image\" content=\"https:\/\/cleitonpinheiro.com.br\/site\/wp-content\/uploads\/2024\/09\/2-6.png\" \/>\n\t<meta property=\"og:image:width\" content=\"519\" \/>\n\t<meta property=\"og:image:height\" content=\"297\" \/>\n\t<meta property=\"og:image:type\" content=\"image\/png\" \/>\n<meta name=\"author\" content=\"Reda\u00e7\u00e3o CP\" \/>\n<meta name=\"twitter:card\" content=\"summary_large_image\" \/>\n<meta name=\"twitter:label1\" content=\"Escrito por\" \/>\n\t<meta name=\"twitter:data1\" content=\"Reda\u00e7\u00e3o CP\" \/>\n\t<meta name=\"twitter:label2\" content=\"Est. tempo de leitura\" \/>\n\t<meta name=\"twitter:data2\" content=\"3 minutos\" \/>\n<script type=\"application\/ld+json\" class=\"yoast-schema-graph\">{\"@context\":\"https:\/\/schema.org\",\"@graph\":[{\"@type\":\"Article\",\"@id\":\"https:\/\/cleitonpinheiro.com.br\/site\/governo-do-tocantins-lanca-edital-de-selecao-para-diretores-das-escolas-da-rede-estadual\/#article\",\"isPartOf\":{\"@id\":\"https:\/\/cleitonpinheiro.com.br\/site\/governo-do-tocantins-lanca-edital-de-selecao-para-diretores-das-escolas-da-rede-estadual\/\"},\"author\":{\"name\":\"Reda\u00e7\u00e3o CP\",\"@id\":\"https:\/\/cleitonpinheiro.com.br\/site\/#\/schema\/person\/8f04544e0bc40a1b68775b08360f87db\"},\"headline\":\"Governo do Tocantins lan\u00e7a edital de sele\u00e7\u00e3o para diretores das escolas da rede estadual\",\"datePublished\":\"2024-09-25T18:42:56+00:00\",\"dateModified\":\"2024-09-25T18:43:01+00:00\",\"mainEntityOfPage\":{\"@id\":\"https:\/\/cleitonpinheiro.com.br\/site\/governo-do-tocantins-lanca-edital-de-selecao-para-diretores-das-escolas-da-rede-estadual\/\"},\"wordCount\":468,\"commentCount\":0,\"publisher\":{\"@id\":\"https:\/\/cleitonpinheiro.com.br\/site\/#organization\"},\"image\":{\"@id\":\"https:\/\/cleitonpinheiro.com.br\/site\/governo-do-tocantins-lanca-edital-de-selecao-para-diretores-das-escolas-da-rede-estadual\/#primaryimage\"},\"thumbnailUrl\":\"https:\/\/cleitonpinheiro.com.br\/site\/wp-content\/uploads\/2024\/09\/2-6.png\",\"keywords\":[\"tocantins\"],\"articleSection\":[\"ESTADO\",\"MANCHETE SEGUND\u00c1RIA\"],\"inLanguage\":\"pt-BR\",\"potentialAction\":[{\"@type\":\"CommentAction\",\"name\":\"Comment\",\"target\":[\"https:\/\/cleitonpinheiro.com.br\/site\/governo-do-tocantins-lanca-edital-de-selecao-para-diretores-das-escolas-da-rede-estadual\/#respond\"]}]},{\"@type\":\"WebPage\",\"@id\":\"https:\/\/cleitonpinheiro.com.br\/site\/governo-do-tocantins-lanca-edital-de-selecao-para-diretores-das-escolas-da-rede-estadual\/\",\"url\":\"https:\/\/cleitonpinheiro.com.br\/site\/governo-do-tocantins-lanca-edital-de-selecao-para-diretores-das-escolas-da-rede-estadual\/\",\"name\":\"Governo do Tocantins lan\u00e7a edital de sele\u00e7\u00e3o para diretores das escolas da rede estadual - PORTAL DE NOT\u00cdCIAS CLEITON PINHEIRO\",\"isPartOf\":{\"@id\":\"https:\/\/cleitonpinheiro.com.br\/site\/#website\"},\"primaryImageOfPage\":{\"@id\":\"https:\/\/cleitonpinheiro.com.br\/site\/governo-do-tocantins-lanca-edital-de-selecao-para-diretores-das-escolas-da-rede-estadual\/#primaryimage\"},\"image\":{\"@id\":\"https:\/\/cleitonpinheiro.com.br\/site\/governo-do-tocantins-lanca-edital-de-selecao-para-diretores-das-escolas-da-rede-estadual\/#primaryimage\"},\"thumbnailUrl\":\"https:\/\/cleitonpinheiro.com.br\/site\/wp-content\/uploads\/2024\/09\/2-6.png\",\"datePublished\":\"2024-09-25T18:42:56+00:00\",\"dateModified\":\"2024-09-25T18:43:01+00:00\",\"breadcrumb\":{\"@id\":\"https:\/\/cleitonpinheiro.com.br\/site\/governo-do-tocantins-lanca-edital-de-selecao-para-diretores-das-escolas-da-rede-estadual\/#breadcrumb\"},\"inLanguage\":\"pt-BR\",\"potentialAction\":[{\"@type\":\"ReadAction\",\"target\":[\"https:\/\/cleitonpinheiro.com.br\/site\/governo-do-tocantins-lanca-edital-de-selecao-para-diretores-das-escolas-da-rede-estadual\/\"]}]},{\"@type\":\"ImageObject\",\"inLanguage\":\"pt-BR\",\"@id\":\"https:\/\/cleitonpinheiro.com.br\/site\/governo-do-tocantins-lanca-edital-de-selecao-para-diretores-das-escolas-da-rede-estadual\/#primaryimage\",\"url\":\"https:\/\/cleitonpinheiro.com.br\/site\/wp-content\/uploads\/2024\/09\/2-6.png\",\"contentUrl\":\"https:\/\/cleitonpinheiro.com.br\/site\/wp-content\/uploads\/2024\/09\/2-6.png\",\"width\":519,\"height\":297},{\"@type\":\"BreadcrumbList\",\"@id\":\"https:\/\/cleitonpinheiro.com.br\/site\/governo-do-tocantins-lanca-edital-de-selecao-para-diretores-das-escolas-da-rede-estadual\/#breadcrumb\",\"itemListElement\":[{\"@type\":\"ListItem\",\"position\":1,\"name\":\"In\u00edcio\",\"item\":\"https:\/\/cleitonpinheiro.com.br\/site\/\"},{\"@type\":\"ListItem\",\"position\":2,\"name\":\"Governo do Tocantins lan\u00e7a edital de sele\u00e7\u00e3o para diretores das escolas da rede estadual\"}]},{\"@type\":\"WebSite\",\"@id\":\"https:\/\/cleitonpinheiro.com.br\/site\/#website\",\"url\":\"https:\/\/cleitonpinheiro.com.br\/site\/\",\"name\":\"PORTAL DE NOT\u00cdCIAS CLEITON PINHEIRO\",\"description\":\"FALANDO A VERDADE\",\"publisher\":{\"@id\":\"https:\/\/cleitonpinheiro.com.br\/site\/#organization\"},\"potentialAction\":[{\"@type\":\"SearchAction\",\"target\":{\"@type\":\"EntryPoint\",\"urlTemplate\":\"https:\/\/cleitonpinheiro.com.br\/site\/?s={search_term_string}\"},\"query-input\":{\"@type\":\"PropertyValueSpecification\",\"valueRequired\":true,\"valueName\":\"search_term_string\"}}],\"inLanguage\":\"pt-BR\"},{\"@type\":\"Organization\",\"@id\":\"https:\/\/cleitonpinheiro.com.br\/site\/#organization\",\"name\":\"CPNOT\u00cdCIAS\",\"url\":\"https:\/\/cleitonpinheiro.com.br\/site\/\",\"logo\":{\"@type\":\"ImageObject\",\"inLanguage\":\"pt-BR\",\"@id\":\"https:\/\/cleitonpinheiro.com.br\/site\/#\/schema\/logo\/image\/\",\"url\":\"https:\/\/cleitonpinheiro.com.br\/site\/wp-content\/uploads\/2022\/08\/Logo-pequena-2.png\",\"contentUrl\":\"https:\/\/cleitonpinheiro.com.br\/site\/wp-content\/uploads\/2022\/08\/Logo-pequena-2.png\",\"width\":500,\"height\":500,\"caption\":\"CPNOT\u00cdCIAS\"},\"image\":{\"@id\":\"https:\/\/cleitonpinheiro.com.br\/site\/#\/schema\/logo\/image\/\"},\"sameAs\":[\"https:\/\/www.facebook.com\/portalcpnoticias\/\"]},{\"@type\":\"Person\",\"@id\":\"https:\/\/cleitonpinheiro.com.br\/site\/#\/schema\/person\/8f04544e0bc40a1b68775b08360f87db\",\"name\":\"Reda\u00e7\u00e3o CP\",\"image\":{\"@type\":\"ImageObject\",\"inLanguage\":\"pt-BR\",\"@id\":\"https:\/\/cleitonpinheiro.com.br\/site\/#\/schema\/person\/image\/\",\"url\":\"https:\/\/secure.gravatar.com\/avatar\/0bcf19cb29fdc8fc588c490c7ae1b3e174dac268586a63fbe1d1893a0f9020cd?s=96&r=g\",\"contentUrl\":\"https:\/\/secure.gravatar.com\/avatar\/0bcf19cb29fdc8fc588c490c7ae1b3e174dac268586a63fbe1d1893a0f9020cd?s=96&r=g\",\"caption\":\"Reda\u00e7\u00e3o CP\"},\"url\":\"https:\/\/cleitonpinheiro.com.br\/site\/author\/redacao\/\"}]}<\/script>\n<!-- \/ Yoast SEO plugin. -->","yoast_head_json":{"title":"Governo do Tocantins lan\u00e7a edital de sele\u00e7\u00e3o para diretores das escolas da rede estadual - PORTAL DE NOT\u00cdCIAS CLEITON PINHEIRO","robots":{"index":"index","follow":"follow","max-snippet":"max-snippet:-1","max-image-preview":"max-image-preview:large","max-video-preview":"max-video-preview:-1"},"canonical":"https:\/\/cleitonpinheiro.com.br\/site\/governo-do-tocantins-lanca-edital-de-selecao-para-diretores-das-escolas-da-rede-estadual\/","og_locale":"pt_BR","og_type":"article","og_title":"Governo do Tocantins lan\u00e7a edital de sele\u00e7\u00e3o para diretores das escolas da rede estadual - PORTAL DE NOT\u00cdCIAS CLEITON PINHEIRO","og_description":"O Governo do Tocantins, por meio da Secretaria de Estado da Educa\u00e7\u00e3o (Seduc), lan\u00e7ou nessa ter\u00e7a-feira, 24, o&nbsp;edital&nbsp;para realiza\u00e7\u00e3o de um novo processo de sele\u00e7\u00e3o para a fun\u00e7\u00e3o p\u00fablica de diretor de unidades escolares da rede estadual. A seletiva, em parceria com a Universidade Estadual do Tocantins (Unitins), visa preencher as 141 vagas remanescentes do [&hellip;]","og_url":"https:\/\/cleitonpinheiro.com.br\/site\/governo-do-tocantins-lanca-edital-de-selecao-para-diretores-das-escolas-da-rede-estadual\/","og_site_name":"PORTAL DE NOT\u00cdCIAS CLEITON PINHEIRO","article_publisher":"https:\/\/www.facebook.com\/portalcpnoticias\/","article_published_time":"2024-09-25T18:42:56+00:00","article_modified_time":"2024-09-25T18:43:01+00:00","og_image":[{"width":519,"height":297,"url":"https:\/\/cleitonpinheiro.com.br\/site\/wp-content\/uploads\/2024\/09\/2-6.png","type":"image\/png"}],"author":"Reda\u00e7\u00e3o CP","twitter_card":"summary_large_image","twitter_misc":{"Escrito por":"Reda\u00e7\u00e3o CP","Est. tempo de leitura":"3 minutos"},"schema":{"@context":"https:\/\/schema.org","@graph":[{"@type":"Article","@id":"https:\/\/cleitonpinheiro.com.br\/site\/governo-do-tocantins-lanca-edital-de-selecao-para-diretores-das-escolas-da-rede-estadual\/#article","isPartOf":{"@id":"https:\/\/cleitonpinheiro.com.br\/site\/governo-do-tocantins-lanca-edital-de-selecao-para-diretores-das-escolas-da-rede-estadual\/"},"author":{"name":"Reda\u00e7\u00e3o CP","@id":"https:\/\/cleitonpinheiro.com.br\/site\/#\/schema\/person\/8f04544e0bc40a1b68775b08360f87db"},"headline":"Governo do Tocantins lan\u00e7a edital de sele\u00e7\u00e3o para diretores das escolas da rede estadual","datePublished":"2024-09-25T18:42:56+00:00","dateModified":"2024-09-25T18:43:01+00:00","mainEntityOfPage":{"@id":"https:\/\/cleitonpinheiro.com.br\/site\/governo-do-tocantins-lanca-edital-de-selecao-para-diretores-das-escolas-da-rede-estadual\/"},"wordCount":468,"commentCount":0,"publisher":{"@id":"https:\/\/cleitonpinheiro.com.br\/site\/#organization"},"image":{"@id":"https:\/\/cleitonpinheiro.com.br\/site\/governo-do-tocantins-lanca-edital-de-selecao-para-diretores-das-escolas-da-rede-estadual\/#primaryimage"},"thumbnailUrl":"https:\/\/cleitonpinheiro.com.br\/site\/wp-content\/uploads\/2024\/09\/2-6.png","keywords":["tocantins"],"articleSection":["ESTADO","MANCHETE SEGUND\u00c1RIA"],"inLanguage":"pt-BR","potentialAction":[{"@type":"CommentAction","name":"Comment","target":["https:\/\/cleitonpinheiro.com.br\/site\/governo-do-tocantins-lanca-edital-de-selecao-para-diretores-das-escolas-da-rede-estadual\/#respond"]}]},{"@type":"WebPage","@id":"https:\/\/cleitonpinheiro.com.br\/site\/governo-do-tocantins-lanca-edital-de-selecao-para-diretores-das-escolas-da-rede-estadual\/","url":"https:\/\/cleitonpinheiro.com.br\/site\/governo-do-tocantins-lanca-edital-de-selecao-para-diretores-das-escolas-da-rede-estadual\/","name":"Governo do Tocantins lan\u00e7a edital de sele\u00e7\u00e3o para diretores das escolas da rede estadual - PORTAL DE NOT\u00cdCIAS CLEITON PINHEIRO","isPartOf":{"@id":"https:\/\/cleitonpinheiro.com.br\/site\/#website"},"primaryImageOfPage":{"@id":"https:\/\/cleitonpinheiro.com.br\/site\/governo-do-tocantins-lanca-edital-de-selecao-para-diretores-das-escolas-da-rede-estadual\/#primaryimage"},"image":{"@id":"https:\/\/cleitonpinheiro.com.br\/site\/governo-do-tocantins-lanca-edital-de-selecao-para-diretores-das-escolas-da-rede-estadual\/#primaryimage"},"thumbnailUrl":"https:\/\/cleitonpinheiro.com.br\/site\/wp-content\/uploads\/2024\/09\/2-6.png","datePublished":"2024-09-25T18:42:56+00:00","dateModified":"2024-09-25T18:43:01+00:00","breadcrumb":{"@id":"https:\/\/cleitonpinheiro.com.br\/site\/governo-do-tocantins-lanca-edital-de-selecao-para-diretores-das-escolas-da-rede-estadual\/#breadcrumb"},"inLanguage":"pt-BR","potentialAction":[{"@type":"ReadAction","target":["https:\/\/cleitonpinheiro.com.br\/site\/governo-do-tocantins-lanca-edital-de-selecao-para-diretores-das-escolas-da-rede-estadual\/"]}]},{"@type":"ImageObject","inLanguage":"pt-BR","@id":"https:\/\/cleitonpinheiro.com.br\/site\/governo-do-tocantins-lanca-edital-de-selecao-para-diretores-das-escolas-da-rede-estadual\/#primaryimage","url":"https:\/\/cleitonpinheiro.com.br\/site\/wp-content\/uploads\/2024\/09\/2-6.png","contentUrl":"https:\/\/cleitonpinheiro.com.br\/site\/wp-content\/uploads\/2024\/09\/2-6.png","width":519,"height":297},{"@type":"BreadcrumbList","@id":"https:\/\/cleitonpinheiro.com.br\/site\/governo-do-tocantins-lanca-edital-de-selecao-para-diretores-das-escolas-da-rede-estadual\/#breadcrumb","itemListElement":[{"@type":"ListItem","position":1,"name":"In\u00edcio","item":"https:\/\/cleitonpinheiro.com.br\/site\/"},{"@type":"ListItem","position":2,"name":"Governo do Tocantins lan\u00e7a edital de sele\u00e7\u00e3o para diretores das escolas da rede estadual"}]},{"@type":"WebSite","@id":"https:\/\/cleitonpinheiro.com.br\/site\/#website","url":"https:\/\/cleitonpinheiro.com.br\/site\/","name":"PORTAL DE NOT\u00cdCIAS CLEITON PINHEIRO","description":"FALANDO A VERDADE","publisher":{"@id":"https:\/\/cleitonpinheiro.com.br\/site\/#organization"},"potentialAction":[{"@type":"SearchAction","target":{"@type":"EntryPoint","urlTemplate":"https:\/\/cleitonpinheiro.com.br\/site\/?s={search_term_string}"},"query-input":{"@type":"PropertyValueSpecification","valueRequired":true,"valueName":"search_term_string"}}],"inLanguage":"pt-BR"},{"@type":"Organization","@id":"https:\/\/cleitonpinheiro.com.br\/site\/#organization","name":"CPNOT\u00cdCIAS","url":"https:\/\/cleitonpinheiro.com.br\/site\/","logo":{"@type":"ImageObject","inLanguage":"pt-BR","@id":"https:\/\/cleitonpinheiro.com.br\/site\/#\/schema\/logo\/image\/","url":"https:\/\/cleitonpinheiro.com.br\/site\/wp-content\/uploads\/2022\/08\/Logo-pequena-2.png","contentUrl":"https:\/\/cleitonpinheiro.com.br\/site\/wp-content\/uploads\/2022\/08\/Logo-pequena-2.png","width":500,"height":500,"caption":"CPNOT\u00cdCIAS"},"image":{"@id":"https:\/\/cleitonpinheiro.com.br\/site\/#\/schema\/logo\/image\/"},"sameAs":["https:\/\/www.facebook.com\/portalcpnoticias\/"]},{"@type":"Person","@id":"https:\/\/cleitonpinheiro.com.br\/site\/#\/schema\/person\/8f04544e0bc40a1b68775b08360f87db","name":"Reda\u00e7\u00e3o CP","image":{"@type":"ImageObject","inLanguage":"pt-BR","@id":"https:\/\/cleitonpinheiro.com.br\/site\/#\/schema\/person\/image\/","url":"https:\/\/secure.gravatar.com\/avatar\/0bcf19cb29fdc8fc588c490c7ae1b3e174dac268586a63fbe1d1893a0f9020cd?s=96&r=g","contentUrl":"https:\/\/secure.gravatar.com\/avatar\/0bcf19cb29fdc8fc588c490c7ae1b3e174dac268586a63fbe1d1893a0f9020cd?s=96&r=g","caption":"Reda\u00e7\u00e3o CP"},"url":"https:\/\/cleitonpinheiro.com.br\/site\/author\/redacao\/"}]}},"views":164,"_links":{"self":[{"href":"https:\/\/cleitonpinheiro.com.br\/site\/wp-json\/wp\/v2\/posts\/81074","targetHints":{"allow":["GET"]}}],"collection":[{"href":"https:\/\/cleitonpinheiro.com.br\/site\/wp-json\/wp\/v2\/posts"}],"about":[{"href":"https:\/\/cleitonpinheiro.com.br\/site\/wp-json\/wp\/v2\/types\/post"}],"author":[{"embeddable":true,"href":"https:\/\/cleitonpinheiro.com.br\/site\/wp-json\/wp\/v2\/users\/13"}],"replies":[{"embeddable":true,"href":"https:\/\/cleitonpinheiro.com.br\/site\/wp-json\/wp\/v2\/comments?post=81074"}],"version-history":[{"count":1,"href":"https:\/\/cleitonpinheiro.com.br\/site\/wp-json\/wp\/v2\/posts\/81074\/revisions"}],"predecessor-version":[{"id":81076,"href":"https:\/\/cleitonpinheiro.com.br\/site\/wp-json\/wp\/v2\/posts\/81074\/revisions\/81076"}],"wp:featuredmedia":[{"embeddable":true,"href":"https:\/\/cleitonpinheiro.com.br\/site\/wp-json\/wp\/v2\/media\/81075"}],"wp:attachment":[{"href":"https:\/\/cleitonpinheiro.com.br\/site\/wp-json\/wp\/v2\/media?parent=81074"}],"wp:term":[{"taxonomy":"category","embeddable":true,"href":"https:\/\/cleitonpinheiro.com.br\/site\/wp-json\/wp\/v2\/categories?post=81074"},{"taxonomy":"post_tag","embeddable":true,"href":"https:\/\/cleitonpinheiro.com.br\/site\/wp-json\/wp\/v2\/tags?post=81074"}],"curies":[{"name":"wp","href":"https:\/\/api.w.org\/{rel}","templated":true}]}}