{"id":81244,"date":"2024-10-01T07:38:38","date_gmt":"2024-10-01T10:38:38","guid":{"rendered":"https:\/\/cleitonpinheiro.com.br\/site\/?p=81244"},"modified":"2024-10-01T07:38:46","modified_gmt":"2024-10-01T10:38:46","slug":"policia-civil-conclui-inquerito-e-indicia-homem-por-crime-de-maus-tratos-a-animais-em-nova-olinda","status":"publish","type":"post","link":"https:\/\/cleitonpinheiro.com.br\/site\/policia-civil-conclui-inquerito-e-indicia-homem-por-crime-de-maus-tratos-a-animais-em-nova-olinda\/","title":{"rendered":"Pol\u00edcia Civil conclui Inqu\u00e9rito e indicia homem por crime de maus tratos a animais em Nova Olinda"},"content":{"rendered":"\n<figure class=\"wp-block-gallery has-nested-images columns-default is-cropped wp-block-gallery-1 is-layout-flex wp-block-gallery-is-layout-flex\">\n<figure class=\"wp-block-image size-large\"><img decoding=\"async\" data-id=\"81245\" src=\"https:\/\/cleitonpinheiro.com.br\/site\/wp-content\/uploads\/2024\/10\/10.jpg\" alt=\"\" class=\"wp-image-81245\"\/><figcaption class=\"wp-element-caption\">Fotos: DICOM SSP TO\u00a0<\/figcaption><\/figure>\n<\/figure>\n\n\n\n<p>A Pol\u00edcia Civil do Tocantins (PC-TO), por meio da 33\u00aa Delegacia de Nova Olinda, concluiu nesta segunda-feira, 30, o inqu\u00e9rito que apurava as circunst\u00e2ncias da pr\u00e1tica do crime de maus tratos a animais, fato ocorrido em maio de 2023, em Nova Olinda, e indiciou um homem de 49 anos como autor do fato.<\/p>\n\n\n\n<p>Titular da 33\u00aa DP e respons\u00e1vel pelo caso, o delegado Fellipe Crivelaro explica que as investiga\u00e7\u00f5es da Pol\u00edcia Civil revelaram que, na ocasi\u00e3o, o cachorro foi chicoteado com uma &#8220;pinhola&#8221;, esp\u00e9cie de chicote de couro cru, pelo vizinho, que alegou ter feito isso, pois o c\u00e3o teria urinado na roda de seu ve\u00edculo.<\/p>\n\n\n\n<p>Diante da gravidade dos fatos, uma vez que o crime tem pena em abstrato de at\u00e9 cinco anos de pris\u00e3o, o homem acabou sendo preso em flagrante pela Pol\u00edcia Militar e conduzido at\u00e9 a sede da Delegacia de Pol\u00edcia Civil, sendo que ap\u00f3s a realiza\u00e7\u00e3o dos procedimentos legais cab\u00edveis, foi encaminhado \u00e0 Unidade Penal Regional de Aragua\u00edna, por\u00e9m, acabou sendo liberado na audi\u00eancia de cust\u00f3dia.<\/p>\n\n\n\n<p>Contudo foi aberto inqu\u00e9rito policial, o qual foi conclu\u00eddo nesta segunda-feira, com o indiciamento formal do homem pelo crime previsto no art. 32, \u00a7 1\u00ba-A, da Lei de Crimes Ambientais. A pena para maus tratos a animais dom\u00e9sticos do tipo c\u00e3o e gato \u00e9 de reclus\u00e3o de 2 a 5 anos e multa.<\/p>\n\n\n\n<p>Ap\u00f3s a conclus\u00e3o, o inqu\u00e9rito policial foi remetido ao Poder Judici\u00e1rio, com vistas ao Minist\u00e9rio P\u00fablico para a ado\u00e7\u00e3o das medidas legais cab\u00edveis.<\/p>\n\n\n\n<p>O fato causou grande repercuss\u00e3o e muita revolta na popula\u00e7\u00e3o de Nova Olinda, pois v\u00eddeos gravados e disponibilizados nas redes sociais mostram os muitos ferimentos que o c\u00e3o sofreu devido aos in\u00fameros golpes que recebeu, que inclusive, resultaram em muita perda de sangue do animal.<\/p>\n\n\n\n<p>\u201cTrata-se de mais um caso exitoso conclu\u00eddo pela equipe da 33\u00aa Delegacia de Nova Olinda, onde o crime foi devidamente apurado e o autor indiciado nos termos da lei, visto que al\u00e9m de grave, o fato gerou muita como\u00e7\u00e3o na cidade, pois o c\u00e3o ficou muito machucado e precisou receber intenso tratamento m\u00e9dico veterin\u00e1rio para se recuperar\u201d, frisou o delegado Fellipe Crivelaro.<\/p>\n\n\n\n<p>A autoridade policial tamb\u00e9m faz um alerta para a popula\u00e7\u00e3o em geral, para denunciar maus-tratos a animais, para a Pol\u00edcia Civil poder tomar as provid\u00eancias. \u201cQualquer pessoa que for flagrada praticando maus tratos a animais responder\u00e1 criminalmente e se condenada pode pegar at\u00e9 cinco anos de pris\u00e3o\u201d, conclui.<\/p>\n\n\n\n<p>Texto: Rog\u00e9rio de Oliveira\/Secom-TO<\/p>\n","protected":false},"excerpt":{"rendered":"<p>A Pol\u00edcia Civil do Tocantins (PC-TO), por meio da 33\u00aa Delegacia de Nova Olinda, concluiu nesta segunda-feira, 30, o inqu\u00e9rito que apurava as circunst\u00e2ncias da pr\u00e1tica do crime de maus tratos a animais, fato ocorrido em maio de 2023, em Nova Olinda, e indiciou um homem de 49 anos como autor do fato. Titular da [&hellip;]<\/p>\n","protected":false},"author":13,"featured_media":0,"comment_status":"open","ping_status":"open","sticky":false,"template":"","format":"standard","meta":{"_acf_changed":false,"footnotes":""},"categories":[22,20],"tags":[1307,72],"class_list":["post-81244","post","type-post","status-publish","format-standard","hentry","category-cidades","category-noticias-em-destaque","tag-ssp-to","tag-tocantins"],"acf":[],"yoast_head":"<!-- This site is optimized with the Yoast SEO plugin v24.4 - https:\/\/yoast.com\/wordpress\/plugins\/seo\/ -->\n<title>Pol\u00edcia Civil conclui Inqu\u00e9rito e indicia homem por crime de maus tratos a animais em Nova Olinda - PORTAL DE NOT\u00cdCIAS CLEITON PINHEIRO<\/title>\n<meta name=\"robots\" content=\"index, follow, max-snippet:-1, max-image-preview:large, max-video-preview:-1\" \/>\n<link rel=\"canonical\" href=\"https:\/\/cleitonpinheiro.com.br\/site\/policia-civil-conclui-inquerito-e-indicia-homem-por-crime-de-maus-tratos-a-animais-em-nova-olinda\/\" \/>\n<meta property=\"og:locale\" content=\"pt_BR\" \/>\n<meta property=\"og:type\" content=\"article\" \/>\n<meta property=\"og:title\" content=\"Pol\u00edcia Civil conclui Inqu\u00e9rito e indicia homem por crime de maus tratos a animais em Nova Olinda - PORTAL DE NOT\u00cdCIAS CLEITON PINHEIRO\" \/>\n<meta property=\"og:description\" content=\"A Pol\u00edcia Civil do Tocantins (PC-TO), por meio da 33\u00aa Delegacia de Nova Olinda, concluiu nesta segunda-feira, 30, o inqu\u00e9rito que apurava as circunst\u00e2ncias da pr\u00e1tica do crime de maus tratos a animais, fato ocorrido em maio de 2023, em Nova Olinda, e indiciou um homem de 49 anos como autor do fato. Titular da [&hellip;]\" \/>\n<meta property=\"og:url\" content=\"https:\/\/cleitonpinheiro.com.br\/site\/policia-civil-conclui-inquerito-e-indicia-homem-por-crime-de-maus-tratos-a-animais-em-nova-olinda\/\" \/>\n<meta property=\"og:site_name\" content=\"PORTAL DE NOT\u00cdCIAS CLEITON PINHEIRO\" \/>\n<meta property=\"article:publisher\" content=\"https:\/\/www.facebook.com\/portalcpnoticias\/\" \/>\n<meta property=\"article:published_time\" content=\"2024-10-01T10:38:38+00:00\" \/>\n<meta property=\"article:modified_time\" content=\"2024-10-01T10:38:46+00:00\" \/>\n<meta property=\"og:image\" content=\"https:\/\/cleitonpinheiro.com.br\/site\/wp-content\/uploads\/2024\/10\/10.jpg\" \/>\n\t<meta property=\"og:image:width\" content=\"480\" \/>\n\t<meta property=\"og:image:height\" content=\"360\" \/>\n\t<meta property=\"og:image:type\" content=\"image\/jpeg\" \/>\n<meta name=\"author\" content=\"Reda\u00e7\u00e3o CP\" \/>\n<meta name=\"twitter:card\" content=\"summary_large_image\" \/>\n<meta name=\"twitter:label1\" content=\"Escrito por\" \/>\n\t<meta name=\"twitter:data1\" content=\"Reda\u00e7\u00e3o CP\" \/>\n\t<meta name=\"twitter:label2\" content=\"Est. tempo de leitura\" \/>\n\t<meta name=\"twitter:data2\" content=\"3 minutos\" \/>\n<script type=\"application\/ld+json\" class=\"yoast-schema-graph\">{\"@context\":\"https:\/\/schema.org\",\"@graph\":[{\"@type\":\"Article\",\"@id\":\"https:\/\/cleitonpinheiro.com.br\/site\/policia-civil-conclui-inquerito-e-indicia-homem-por-crime-de-maus-tratos-a-animais-em-nova-olinda\/#article\",\"isPartOf\":{\"@id\":\"https:\/\/cleitonpinheiro.com.br\/site\/policia-civil-conclui-inquerito-e-indicia-homem-por-crime-de-maus-tratos-a-animais-em-nova-olinda\/\"},\"author\":{\"name\":\"Reda\u00e7\u00e3o CP\",\"@id\":\"https:\/\/cleitonpinheiro.com.br\/site\/#\/schema\/person\/8f04544e0bc40a1b68775b08360f87db\"},\"headline\":\"Pol\u00edcia Civil conclui Inqu\u00e9rito e indicia homem por crime de maus tratos a animais em Nova Olinda\",\"datePublished\":\"2024-10-01T10:38:38+00:00\",\"dateModified\":\"2024-10-01T10:38:46+00:00\",\"mainEntityOfPage\":{\"@id\":\"https:\/\/cleitonpinheiro.com.br\/site\/policia-civil-conclui-inquerito-e-indicia-homem-por-crime-de-maus-tratos-a-animais-em-nova-olinda\/\"},\"wordCount\":469,\"commentCount\":0,\"publisher\":{\"@id\":\"https:\/\/cleitonpinheiro.com.br\/site\/#organization\"},\"image\":{\"@id\":\"https:\/\/cleitonpinheiro.com.br\/site\/policia-civil-conclui-inquerito-e-indicia-homem-por-crime-de-maus-tratos-a-animais-em-nova-olinda\/#primaryimage\"},\"thumbnailUrl\":\"https:\/\/cleitonpinheiro.com.br\/site\/wp-content\/uploads\/2024\/10\/10.jpg\",\"keywords\":[\"SSP-TO\",\"tocantins\"],\"articleSection\":[\"CIDADES\",\"NOT\u00cdCIAS EM DESTAQUE\"],\"inLanguage\":\"pt-BR\",\"potentialAction\":[{\"@type\":\"CommentAction\",\"name\":\"Comment\",\"target\":[\"https:\/\/cleitonpinheiro.com.br\/site\/policia-civil-conclui-inquerito-e-indicia-homem-por-crime-de-maus-tratos-a-animais-em-nova-olinda\/#respond\"]}]},{\"@type\":\"WebPage\",\"@id\":\"https:\/\/cleitonpinheiro.com.br\/site\/policia-civil-conclui-inquerito-e-indicia-homem-por-crime-de-maus-tratos-a-animais-em-nova-olinda\/\",\"url\":\"https:\/\/cleitonpinheiro.com.br\/site\/policia-civil-conclui-inquerito-e-indicia-homem-por-crime-de-maus-tratos-a-animais-em-nova-olinda\/\",\"name\":\"Pol\u00edcia Civil conclui Inqu\u00e9rito e indicia homem por crime de maus tratos a animais em Nova Olinda - PORTAL DE NOT\u00cdCIAS CLEITON PINHEIRO\",\"isPartOf\":{\"@id\":\"https:\/\/cleitonpinheiro.com.br\/site\/#website\"},\"primaryImageOfPage\":{\"@id\":\"https:\/\/cleitonpinheiro.com.br\/site\/policia-civil-conclui-inquerito-e-indicia-homem-por-crime-de-maus-tratos-a-animais-em-nova-olinda\/#primaryimage\"},\"image\":{\"@id\":\"https:\/\/cleitonpinheiro.com.br\/site\/policia-civil-conclui-inquerito-e-indicia-homem-por-crime-de-maus-tratos-a-animais-em-nova-olinda\/#primaryimage\"},\"thumbnailUrl\":\"https:\/\/cleitonpinheiro.com.br\/site\/wp-content\/uploads\/2024\/10\/10.jpg\",\"datePublished\":\"2024-10-01T10:38:38+00:00\",\"dateModified\":\"2024-10-01T10:38:46+00:00\",\"breadcrumb\":{\"@id\":\"https:\/\/cleitonpinheiro.com.br\/site\/policia-civil-conclui-inquerito-e-indicia-homem-por-crime-de-maus-tratos-a-animais-em-nova-olinda\/#breadcrumb\"},\"inLanguage\":\"pt-BR\",\"potentialAction\":[{\"@type\":\"ReadAction\",\"target\":[\"https:\/\/cleitonpinheiro.com.br\/site\/policia-civil-conclui-inquerito-e-indicia-homem-por-crime-de-maus-tratos-a-animais-em-nova-olinda\/\"]}]},{\"@type\":\"ImageObject\",\"inLanguage\":\"pt-BR\",\"@id\":\"https:\/\/cleitonpinheiro.com.br\/site\/policia-civil-conclui-inquerito-e-indicia-homem-por-crime-de-maus-tratos-a-animais-em-nova-olinda\/#primaryimage\",\"url\":\"\",\"contentUrl\":\"\"},{\"@type\":\"BreadcrumbList\",\"@id\":\"https:\/\/cleitonpinheiro.com.br\/site\/policia-civil-conclui-inquerito-e-indicia-homem-por-crime-de-maus-tratos-a-animais-em-nova-olinda\/#breadcrumb\",\"itemListElement\":[{\"@type\":\"ListItem\",\"position\":1,\"name\":\"In\u00edcio\",\"item\":\"https:\/\/cleitonpinheiro.com.br\/site\/\"},{\"@type\":\"ListItem\",\"position\":2,\"name\":\"Pol\u00edcia Civil conclui Inqu\u00e9rito e indicia homem por crime de maus tratos a animais em Nova Olinda\"}]},{\"@type\":\"WebSite\",\"@id\":\"https:\/\/cleitonpinheiro.com.br\/site\/#website\",\"url\":\"https:\/\/cleitonpinheiro.com.br\/site\/\",\"name\":\"PORTAL DE NOT\u00cdCIAS CLEITON PINHEIRO\",\"description\":\"FALANDO A VERDADE\",\"publisher\":{\"@id\":\"https:\/\/cleitonpinheiro.com.br\/site\/#organization\"},\"potentialAction\":[{\"@type\":\"SearchAction\",\"target\":{\"@type\":\"EntryPoint\",\"urlTemplate\":\"https:\/\/cleitonpinheiro.com.br\/site\/?s={search_term_string}\"},\"query-input\":{\"@type\":\"PropertyValueSpecification\",\"valueRequired\":true,\"valueName\":\"search_term_string\"}}],\"inLanguage\":\"pt-BR\"},{\"@type\":\"Organization\",\"@id\":\"https:\/\/cleitonpinheiro.com.br\/site\/#organization\",\"name\":\"CPNOT\u00cdCIAS\",\"url\":\"https:\/\/cleitonpinheiro.com.br\/site\/\",\"logo\":{\"@type\":\"ImageObject\",\"inLanguage\":\"pt-BR\",\"@id\":\"https:\/\/cleitonpinheiro.com.br\/site\/#\/schema\/logo\/image\/\",\"url\":\"https:\/\/cleitonpinheiro.com.br\/site\/wp-content\/uploads\/2022\/08\/Logo-pequena-2.png\",\"contentUrl\":\"https:\/\/cleitonpinheiro.com.br\/site\/wp-content\/uploads\/2022\/08\/Logo-pequena-2.png\",\"width\":500,\"height\":500,\"caption\":\"CPNOT\u00cdCIAS\"},\"image\":{\"@id\":\"https:\/\/cleitonpinheiro.com.br\/site\/#\/schema\/logo\/image\/\"},\"sameAs\":[\"https:\/\/www.facebook.com\/portalcpnoticias\/\"]},{\"@type\":\"Person\",\"@id\":\"https:\/\/cleitonpinheiro.com.br\/site\/#\/schema\/person\/8f04544e0bc40a1b68775b08360f87db\",\"name\":\"Reda\u00e7\u00e3o CP\",\"image\":{\"@type\":\"ImageObject\",\"inLanguage\":\"pt-BR\",\"@id\":\"https:\/\/cleitonpinheiro.com.br\/site\/#\/schema\/person\/image\/\",\"url\":\"https:\/\/secure.gravatar.com\/avatar\/0bcf19cb29fdc8fc588c490c7ae1b3e174dac268586a63fbe1d1893a0f9020cd?s=96&r=g\",\"contentUrl\":\"https:\/\/secure.gravatar.com\/avatar\/0bcf19cb29fdc8fc588c490c7ae1b3e174dac268586a63fbe1d1893a0f9020cd?s=96&r=g\",\"caption\":\"Reda\u00e7\u00e3o CP\"},\"url\":\"https:\/\/cleitonpinheiro.com.br\/site\/author\/redacao\/\"}]}<\/script>\n<!-- \/ Yoast SEO plugin. -->","yoast_head_json":{"title":"Pol\u00edcia Civil conclui Inqu\u00e9rito e indicia homem por crime de maus tratos a animais em Nova Olinda - PORTAL DE NOT\u00cdCIAS CLEITON PINHEIRO","robots":{"index":"index","follow":"follow","max-snippet":"max-snippet:-1","max-image-preview":"max-image-preview:large","max-video-preview":"max-video-preview:-1"},"canonical":"https:\/\/cleitonpinheiro.com.br\/site\/policia-civil-conclui-inquerito-e-indicia-homem-por-crime-de-maus-tratos-a-animais-em-nova-olinda\/","og_locale":"pt_BR","og_type":"article","og_title":"Pol\u00edcia Civil conclui Inqu\u00e9rito e indicia homem por crime de maus tratos a animais em Nova Olinda - PORTAL DE NOT\u00cdCIAS CLEITON PINHEIRO","og_description":"A Pol\u00edcia Civil do Tocantins (PC-TO), por meio da 33\u00aa Delegacia de Nova Olinda, concluiu nesta segunda-feira, 30, o inqu\u00e9rito que apurava as circunst\u00e2ncias da pr\u00e1tica do crime de maus tratos a animais, fato ocorrido em maio de 2023, em Nova Olinda, e indiciou um homem de 49 anos como autor do fato. Titular da [&hellip;]","og_url":"https:\/\/cleitonpinheiro.com.br\/site\/policia-civil-conclui-inquerito-e-indicia-homem-por-crime-de-maus-tratos-a-animais-em-nova-olinda\/","og_site_name":"PORTAL DE NOT\u00cdCIAS CLEITON PINHEIRO","article_publisher":"https:\/\/www.facebook.com\/portalcpnoticias\/","article_published_time":"2024-10-01T10:38:38+00:00","article_modified_time":"2024-10-01T10:38:46+00:00","og_image":[{"width":480,"height":360,"url":"https:\/\/cleitonpinheiro.com.br\/site\/wp-content\/uploads\/2024\/10\/10.jpg","type":"image\/jpeg"}],"author":"Reda\u00e7\u00e3o CP","twitter_card":"summary_large_image","twitter_misc":{"Escrito por":"Reda\u00e7\u00e3o CP","Est. tempo de leitura":"3 minutos"},"schema":{"@context":"https:\/\/schema.org","@graph":[{"@type":"Article","@id":"https:\/\/cleitonpinheiro.com.br\/site\/policia-civil-conclui-inquerito-e-indicia-homem-por-crime-de-maus-tratos-a-animais-em-nova-olinda\/#article","isPartOf":{"@id":"https:\/\/cleitonpinheiro.com.br\/site\/policia-civil-conclui-inquerito-e-indicia-homem-por-crime-de-maus-tratos-a-animais-em-nova-olinda\/"},"author":{"name":"Reda\u00e7\u00e3o CP","@id":"https:\/\/cleitonpinheiro.com.br\/site\/#\/schema\/person\/8f04544e0bc40a1b68775b08360f87db"},"headline":"Pol\u00edcia Civil conclui Inqu\u00e9rito e indicia homem por crime de maus tratos a animais em Nova Olinda","datePublished":"2024-10-01T10:38:38+00:00","dateModified":"2024-10-01T10:38:46+00:00","mainEntityOfPage":{"@id":"https:\/\/cleitonpinheiro.com.br\/site\/policia-civil-conclui-inquerito-e-indicia-homem-por-crime-de-maus-tratos-a-animais-em-nova-olinda\/"},"wordCount":469,"commentCount":0,"publisher":{"@id":"https:\/\/cleitonpinheiro.com.br\/site\/#organization"},"image":{"@id":"https:\/\/cleitonpinheiro.com.br\/site\/policia-civil-conclui-inquerito-e-indicia-homem-por-crime-de-maus-tratos-a-animais-em-nova-olinda\/#primaryimage"},"thumbnailUrl":"https:\/\/cleitonpinheiro.com.br\/site\/wp-content\/uploads\/2024\/10\/10.jpg","keywords":["SSP-TO","tocantins"],"articleSection":["CIDADES","NOT\u00cdCIAS EM DESTAQUE"],"inLanguage":"pt-BR","potentialAction":[{"@type":"CommentAction","name":"Comment","target":["https:\/\/cleitonpinheiro.com.br\/site\/policia-civil-conclui-inquerito-e-indicia-homem-por-crime-de-maus-tratos-a-animais-em-nova-olinda\/#respond"]}]},{"@type":"WebPage","@id":"https:\/\/cleitonpinheiro.com.br\/site\/policia-civil-conclui-inquerito-e-indicia-homem-por-crime-de-maus-tratos-a-animais-em-nova-olinda\/","url":"https:\/\/cleitonpinheiro.com.br\/site\/policia-civil-conclui-inquerito-e-indicia-homem-por-crime-de-maus-tratos-a-animais-em-nova-olinda\/","name":"Pol\u00edcia Civil conclui Inqu\u00e9rito e indicia homem por crime de maus tratos a animais em Nova Olinda - PORTAL DE NOT\u00cdCIAS CLEITON PINHEIRO","isPartOf":{"@id":"https:\/\/cleitonpinheiro.com.br\/site\/#website"},"primaryImageOfPage":{"@id":"https:\/\/cleitonpinheiro.com.br\/site\/policia-civil-conclui-inquerito-e-indicia-homem-por-crime-de-maus-tratos-a-animais-em-nova-olinda\/#primaryimage"},"image":{"@id":"https:\/\/cleitonpinheiro.com.br\/site\/policia-civil-conclui-inquerito-e-indicia-homem-por-crime-de-maus-tratos-a-animais-em-nova-olinda\/#primaryimage"},"thumbnailUrl":"https:\/\/cleitonpinheiro.com.br\/site\/wp-content\/uploads\/2024\/10\/10.jpg","datePublished":"2024-10-01T10:38:38+00:00","dateModified":"2024-10-01T10:38:46+00:00","breadcrumb":{"@id":"https:\/\/cleitonpinheiro.com.br\/site\/policia-civil-conclui-inquerito-e-indicia-homem-por-crime-de-maus-tratos-a-animais-em-nova-olinda\/#breadcrumb"},"inLanguage":"pt-BR","potentialAction":[{"@type":"ReadAction","target":["https:\/\/cleitonpinheiro.com.br\/site\/policia-civil-conclui-inquerito-e-indicia-homem-por-crime-de-maus-tratos-a-animais-em-nova-olinda\/"]}]},{"@type":"ImageObject","inLanguage":"pt-BR","@id":"https:\/\/cleitonpinheiro.com.br\/site\/policia-civil-conclui-inquerito-e-indicia-homem-por-crime-de-maus-tratos-a-animais-em-nova-olinda\/#primaryimage","url":"","contentUrl":""},{"@type":"BreadcrumbList","@id":"https:\/\/cleitonpinheiro.com.br\/site\/policia-civil-conclui-inquerito-e-indicia-homem-por-crime-de-maus-tratos-a-animais-em-nova-olinda\/#breadcrumb","itemListElement":[{"@type":"ListItem","position":1,"name":"In\u00edcio","item":"https:\/\/cleitonpinheiro.com.br\/site\/"},{"@type":"ListItem","position":2,"name":"Pol\u00edcia Civil conclui Inqu\u00e9rito e indicia homem por crime de maus tratos a animais em Nova Olinda"}]},{"@type":"WebSite","@id":"https:\/\/cleitonpinheiro.com.br\/site\/#website","url":"https:\/\/cleitonpinheiro.com.br\/site\/","name":"PORTAL DE NOT\u00cdCIAS CLEITON PINHEIRO","description":"FALANDO A VERDADE","publisher":{"@id":"https:\/\/cleitonpinheiro.com.br\/site\/#organization"},"potentialAction":[{"@type":"SearchAction","target":{"@type":"EntryPoint","urlTemplate":"https:\/\/cleitonpinheiro.com.br\/site\/?s={search_term_string}"},"query-input":{"@type":"PropertyValueSpecification","valueRequired":true,"valueName":"search_term_string"}}],"inLanguage":"pt-BR"},{"@type":"Organization","@id":"https:\/\/cleitonpinheiro.com.br\/site\/#organization","name":"CPNOT\u00cdCIAS","url":"https:\/\/cleitonpinheiro.com.br\/site\/","logo":{"@type":"ImageObject","inLanguage":"pt-BR","@id":"https:\/\/cleitonpinheiro.com.br\/site\/#\/schema\/logo\/image\/","url":"https:\/\/cleitonpinheiro.com.br\/site\/wp-content\/uploads\/2022\/08\/Logo-pequena-2.png","contentUrl":"https:\/\/cleitonpinheiro.com.br\/site\/wp-content\/uploads\/2022\/08\/Logo-pequena-2.png","width":500,"height":500,"caption":"CPNOT\u00cdCIAS"},"image":{"@id":"https:\/\/cleitonpinheiro.com.br\/site\/#\/schema\/logo\/image\/"},"sameAs":["https:\/\/www.facebook.com\/portalcpnoticias\/"]},{"@type":"Person","@id":"https:\/\/cleitonpinheiro.com.br\/site\/#\/schema\/person\/8f04544e0bc40a1b68775b08360f87db","name":"Reda\u00e7\u00e3o CP","image":{"@type":"ImageObject","inLanguage":"pt-BR","@id":"https:\/\/cleitonpinheiro.com.br\/site\/#\/schema\/person\/image\/","url":"https:\/\/secure.gravatar.com\/avatar\/0bcf19cb29fdc8fc588c490c7ae1b3e174dac268586a63fbe1d1893a0f9020cd?s=96&r=g","contentUrl":"https:\/\/secure.gravatar.com\/avatar\/0bcf19cb29fdc8fc588c490c7ae1b3e174dac268586a63fbe1d1893a0f9020cd?s=96&r=g","caption":"Reda\u00e7\u00e3o CP"},"url":"https:\/\/cleitonpinheiro.com.br\/site\/author\/redacao\/"}]}},"views":135,"_links":{"self":[{"href":"https:\/\/cleitonpinheiro.com.br\/site\/wp-json\/wp\/v2\/posts\/81244","targetHints":{"allow":["GET"]}}],"collection":[{"href":"https:\/\/cleitonpinheiro.com.br\/site\/wp-json\/wp\/v2\/posts"}],"about":[{"href":"https:\/\/cleitonpinheiro.com.br\/site\/wp-json\/wp\/v2\/types\/post"}],"author":[{"embeddable":true,"href":"https:\/\/cleitonpinheiro.com.br\/site\/wp-json\/wp\/v2\/users\/13"}],"replies":[{"embeddable":true,"href":"https:\/\/cleitonpinheiro.com.br\/site\/wp-json\/wp\/v2\/comments?post=81244"}],"version-history":[{"count":1,"href":"https:\/\/cleitonpinheiro.com.br\/site\/wp-json\/wp\/v2\/posts\/81244\/revisions"}],"predecessor-version":[{"id":81246,"href":"https:\/\/cleitonpinheiro.com.br\/site\/wp-json\/wp\/v2\/posts\/81244\/revisions\/81246"}],"wp:attachment":[{"href":"https:\/\/cleitonpinheiro.com.br\/site\/wp-json\/wp\/v2\/media?parent=81244"}],"wp:term":[{"taxonomy":"category","embeddable":true,"href":"https:\/\/cleitonpinheiro.com.br\/site\/wp-json\/wp\/v2\/categories?post=81244"},{"taxonomy":"post_tag","embeddable":true,"href":"https:\/\/cleitonpinheiro.com.br\/site\/wp-json\/wp\/v2\/tags?post=81244"}],"curies":[{"name":"wp","href":"https:\/\/api.w.org\/{rel}","templated":true}]}}