{"id":81288,"date":"2024-10-01T16:32:21","date_gmt":"2024-10-01T19:32:21","guid":{"rendered":"https:\/\/cleitonpinheiro.com.br\/site\/?p=81288"},"modified":"2024-10-01T16:32:25","modified_gmt":"2024-10-01T19:32:25","slug":"moradores-da-regiao-norte-de-palmas-e-taquaralto-reclamam-de-mau-cheiro-na-agua","status":"publish","type":"post","link":"https:\/\/cleitonpinheiro.com.br\/site\/moradores-da-regiao-norte-de-palmas-e-taquaralto-reclamam-de-mau-cheiro-na-agua\/","title":{"rendered":"Moradores da regi\u00e3o norte de Palmas e Taquaralto reclamam de mau cheiro na \u00e1gua"},"content":{"rendered":"\n<figure class=\"wp-block-gallery has-nested-images columns-default is-cropped wp-block-gallery-1 is-layout-flex wp-block-gallery-is-layout-flex\">\n<figure class=\"wp-block-image size-large\"><img decoding=\"async\" data-id=\"81289\" src=\"https:\/\/cleitonpinheiro.com.br\/site\/wp-content\/uploads\/2024\/10\/0935d39071deb1f588a7c93a018e529c.jpeg\" alt=\"\" class=\"wp-image-81289\"\/><figcaption class=\"wp-element-caption\">Foto: Divulga\u00e7\u00e3o BRK<\/figcaption><\/figure>\n<\/figure>\n\n\n\n<p>Moradores de Taquaralto e na regi\u00e3o norte (Arnos), nas proximidades da UFT-TO, denunciaram mau cheiro na \u00e1gua e tamb\u00e9m exalado no ar. Eles cobram uma solu\u00e7\u00e3o da BRK.<\/p>\n\n\n\n<p>Segundo os moradores, o mau cheiro na \u00e1gua, em Taquaralto, come\u00e7ou logo ap\u00f3s o restabelecimento do abastecimento, que havia sido interrompido no domingo, 29 de setembro, \u00e0s 18 horas e desde ent\u00e3o, ap\u00f3s esta interrup\u00e7\u00e3o, o reabastecimento trouxe um l\u00edquido com forte odor, comparado ao cheiro de esgoto.<\/p>\n\n\n\n<p>Os relatos descrevem ainda cheiro forte de cloro e esgoto, al\u00e9m do aspecto de sujeira. A situa\u00e7\u00e3o tem gerado inc\u00f4modo e medo na popula\u00e7\u00e3o que usa a \u00e1gua para cozinhar, beber e tomar banho.<\/p>\n\n\n\n<p>Quanto mau cheiro exalado as proximidades da UFT, tamb\u00e9m comparado a esgosto, j\u00e1 acontece h\u00e1 v\u00e1rios meses, e moradores dizem j\u00e1 terem reclamado e nunca terem retorno.<\/p>\n\n\n\n<p>Sobre Taquaralto a BRK, em nota a CP disse: \u201cA BRK informa que devido \u00e0 estiagem prolongada, o volume de \u00e1gua do Ribeir\u00e3o Taquarussu Grande, manancial em que a empresa capta \u00e1gua para tratamento, reduziu drasticamente e, com isso, juntamente, com a \u00e1gua bruta bombeada para o tratamento, veio uma quantidade de vegeta\u00e7\u00e3o. Tal fato pode ocasionar altera\u00e7\u00f5es na \u00e1gua distribu\u00edda, por\u00e9m, n\u00e3o afeta os crit\u00e9rios de potabilidade, n\u00e3o causando preju\u00edzos \u00e0 sa\u00fade p\u00fablica. A empresa imediatamente alterou o processo de tratamento da esta\u00e7\u00e3o, adaptando \u00e0s condi\u00e7\u00f5es da \u00e1gua captada. A previs\u00e3o \u00e9 que o servi\u00e7o seja normalizado nesta ter\u00e7a-feira, 1\u00ba\u201d.<\/p>\n\n\n\n<p>J\u00e1 em rela\u00e7\u00e3o a mau odor nas Arnos, a BRK n\u00e3o se pronunciou.<\/p>\n","protected":false},"excerpt":{"rendered":"<p>Moradores de Taquaralto e na regi\u00e3o norte (Arnos), nas proximidades da UFT-TO, denunciaram mau cheiro na \u00e1gua e tamb\u00e9m exalado no ar. Eles cobram uma solu\u00e7\u00e3o da BRK. Segundo os moradores, o mau cheiro na \u00e1gua, em Taquaralto, come\u00e7ou logo ap\u00f3s o restabelecimento do abastecimento, que havia sido interrompido no domingo, 29 de setembro, \u00e0s [&hellip;]<\/p>\n","protected":false},"author":13,"featured_media":0,"comment_status":"open","ping_status":"open","sticky":false,"template":"","format":"standard","meta":{"_acf_changed":false,"footnotes":""},"categories":[22,898],"tags":[],"class_list":["post-81288","post","type-post","status-publish","format-standard","hentry","category-cidades","category-manchete-segundaria"],"acf":[],"yoast_head":"<!-- This site is optimized with the Yoast SEO plugin v24.4 - https:\/\/yoast.com\/wordpress\/plugins\/seo\/ -->\n<title>Moradores da regi\u00e3o norte de Palmas e Taquaralto reclamam de mau cheiro na \u00e1gua - PORTAL DE NOT\u00cdCIAS CLEITON PINHEIRO<\/title>\n<meta name=\"robots\" content=\"index, follow, max-snippet:-1, max-image-preview:large, max-video-preview:-1\" \/>\n<link rel=\"canonical\" href=\"https:\/\/cleitonpinheiro.com.br\/site\/moradores-da-regiao-norte-de-palmas-e-taquaralto-reclamam-de-mau-cheiro-na-agua\/\" \/>\n<meta property=\"og:locale\" content=\"pt_BR\" \/>\n<meta property=\"og:type\" content=\"article\" \/>\n<meta property=\"og:title\" content=\"Moradores da regi\u00e3o norte de Palmas e Taquaralto reclamam de mau cheiro na \u00e1gua - PORTAL DE NOT\u00cdCIAS CLEITON PINHEIRO\" \/>\n<meta property=\"og:description\" content=\"Moradores de Taquaralto e na regi\u00e3o norte (Arnos), nas proximidades da UFT-TO, denunciaram mau cheiro na \u00e1gua e tamb\u00e9m exalado no ar. Eles cobram uma solu\u00e7\u00e3o da BRK. Segundo os moradores, o mau cheiro na \u00e1gua, em Taquaralto, come\u00e7ou logo ap\u00f3s o restabelecimento do abastecimento, que havia sido interrompido no domingo, 29 de setembro, \u00e0s [&hellip;]\" \/>\n<meta property=\"og:url\" content=\"https:\/\/cleitonpinheiro.com.br\/site\/moradores-da-regiao-norte-de-palmas-e-taquaralto-reclamam-de-mau-cheiro-na-agua\/\" \/>\n<meta property=\"og:site_name\" content=\"PORTAL DE NOT\u00cdCIAS CLEITON PINHEIRO\" \/>\n<meta property=\"article:publisher\" content=\"https:\/\/www.facebook.com\/portalcpnoticias\/\" \/>\n<meta property=\"article:published_time\" content=\"2024-10-01T19:32:21+00:00\" \/>\n<meta property=\"article:modified_time\" content=\"2024-10-01T19:32:25+00:00\" \/>\n<meta property=\"og:image\" content=\"https:\/\/cleitonpinheiro.com.br\/site\/wp-content\/uploads\/2024\/10\/0935d39071deb1f588a7c93a018e529c.jpeg\" \/>\n\t<meta property=\"og:image:width\" content=\"870\" \/>\n\t<meta property=\"og:image:height\" content=\"550\" \/>\n\t<meta property=\"og:image:type\" content=\"image\/jpeg\" \/>\n<meta name=\"author\" content=\"Reda\u00e7\u00e3o CP\" \/>\n<meta name=\"twitter:card\" content=\"summary_large_image\" \/>\n<meta name=\"twitter:label1\" content=\"Escrito por\" \/>\n\t<meta name=\"twitter:data1\" content=\"Reda\u00e7\u00e3o CP\" \/>\n\t<meta name=\"twitter:label2\" content=\"Est. tempo de leitura\" \/>\n\t<meta name=\"twitter:data2\" content=\"2 minutos\" \/>\n<script type=\"application\/ld+json\" class=\"yoast-schema-graph\">{\"@context\":\"https:\/\/schema.org\",\"@graph\":[{\"@type\":\"Article\",\"@id\":\"https:\/\/cleitonpinheiro.com.br\/site\/moradores-da-regiao-norte-de-palmas-e-taquaralto-reclamam-de-mau-cheiro-na-agua\/#article\",\"isPartOf\":{\"@id\":\"https:\/\/cleitonpinheiro.com.br\/site\/moradores-da-regiao-norte-de-palmas-e-taquaralto-reclamam-de-mau-cheiro-na-agua\/\"},\"author\":{\"name\":\"Reda\u00e7\u00e3o CP\",\"@id\":\"https:\/\/cleitonpinheiro.com.br\/site\/#\/schema\/person\/8f04544e0bc40a1b68775b08360f87db\"},\"headline\":\"Moradores da regi\u00e3o norte de Palmas e Taquaralto reclamam de mau cheiro na \u00e1gua\",\"datePublished\":\"2024-10-01T19:32:21+00:00\",\"dateModified\":\"2024-10-01T19:32:25+00:00\",\"mainEntityOfPage\":{\"@id\":\"https:\/\/cleitonpinheiro.com.br\/site\/moradores-da-regiao-norte-de-palmas-e-taquaralto-reclamam-de-mau-cheiro-na-agua\/\"},\"wordCount\":297,\"commentCount\":0,\"publisher\":{\"@id\":\"https:\/\/cleitonpinheiro.com.br\/site\/#organization\"},\"image\":{\"@id\":\"https:\/\/cleitonpinheiro.com.br\/site\/moradores-da-regiao-norte-de-palmas-e-taquaralto-reclamam-de-mau-cheiro-na-agua\/#primaryimage\"},\"thumbnailUrl\":\"https:\/\/cleitonpinheiro.com.br\/site\/wp-content\/uploads\/2024\/10\/0935d39071deb1f588a7c93a018e529c.jpeg\",\"articleSection\":[\"CIDADES\",\"MANCHETE SEGUND\u00c1RIA\"],\"inLanguage\":\"pt-BR\",\"potentialAction\":[{\"@type\":\"CommentAction\",\"name\":\"Comment\",\"target\":[\"https:\/\/cleitonpinheiro.com.br\/site\/moradores-da-regiao-norte-de-palmas-e-taquaralto-reclamam-de-mau-cheiro-na-agua\/#respond\"]}]},{\"@type\":\"WebPage\",\"@id\":\"https:\/\/cleitonpinheiro.com.br\/site\/moradores-da-regiao-norte-de-palmas-e-taquaralto-reclamam-de-mau-cheiro-na-agua\/\",\"url\":\"https:\/\/cleitonpinheiro.com.br\/site\/moradores-da-regiao-norte-de-palmas-e-taquaralto-reclamam-de-mau-cheiro-na-agua\/\",\"name\":\"Moradores da regi\u00e3o norte de Palmas e Taquaralto reclamam de mau cheiro na \u00e1gua - PORTAL DE NOT\u00cdCIAS CLEITON PINHEIRO\",\"isPartOf\":{\"@id\":\"https:\/\/cleitonpinheiro.com.br\/site\/#website\"},\"primaryImageOfPage\":{\"@id\":\"https:\/\/cleitonpinheiro.com.br\/site\/moradores-da-regiao-norte-de-palmas-e-taquaralto-reclamam-de-mau-cheiro-na-agua\/#primaryimage\"},\"image\":{\"@id\":\"https:\/\/cleitonpinheiro.com.br\/site\/moradores-da-regiao-norte-de-palmas-e-taquaralto-reclamam-de-mau-cheiro-na-agua\/#primaryimage\"},\"thumbnailUrl\":\"https:\/\/cleitonpinheiro.com.br\/site\/wp-content\/uploads\/2024\/10\/0935d39071deb1f588a7c93a018e529c.jpeg\",\"datePublished\":\"2024-10-01T19:32:21+00:00\",\"dateModified\":\"2024-10-01T19:32:25+00:00\",\"breadcrumb\":{\"@id\":\"https:\/\/cleitonpinheiro.com.br\/site\/moradores-da-regiao-norte-de-palmas-e-taquaralto-reclamam-de-mau-cheiro-na-agua\/#breadcrumb\"},\"inLanguage\":\"pt-BR\",\"potentialAction\":[{\"@type\":\"ReadAction\",\"target\":[\"https:\/\/cleitonpinheiro.com.br\/site\/moradores-da-regiao-norte-de-palmas-e-taquaralto-reclamam-de-mau-cheiro-na-agua\/\"]}]},{\"@type\":\"ImageObject\",\"inLanguage\":\"pt-BR\",\"@id\":\"https:\/\/cleitonpinheiro.com.br\/site\/moradores-da-regiao-norte-de-palmas-e-taquaralto-reclamam-de-mau-cheiro-na-agua\/#primaryimage\",\"url\":\"\",\"contentUrl\":\"\"},{\"@type\":\"BreadcrumbList\",\"@id\":\"https:\/\/cleitonpinheiro.com.br\/site\/moradores-da-regiao-norte-de-palmas-e-taquaralto-reclamam-de-mau-cheiro-na-agua\/#breadcrumb\",\"itemListElement\":[{\"@type\":\"ListItem\",\"position\":1,\"name\":\"In\u00edcio\",\"item\":\"https:\/\/cleitonpinheiro.com.br\/site\/\"},{\"@type\":\"ListItem\",\"position\":2,\"name\":\"Moradores da regi\u00e3o norte de Palmas e Taquaralto reclamam de mau cheiro na \u00e1gua\"}]},{\"@type\":\"WebSite\",\"@id\":\"https:\/\/cleitonpinheiro.com.br\/site\/#website\",\"url\":\"https:\/\/cleitonpinheiro.com.br\/site\/\",\"name\":\"PORTAL DE NOT\u00cdCIAS CLEITON PINHEIRO\",\"description\":\"FALANDO A VERDADE\",\"publisher\":{\"@id\":\"https:\/\/cleitonpinheiro.com.br\/site\/#organization\"},\"potentialAction\":[{\"@type\":\"SearchAction\",\"target\":{\"@type\":\"EntryPoint\",\"urlTemplate\":\"https:\/\/cleitonpinheiro.com.br\/site\/?s={search_term_string}\"},\"query-input\":{\"@type\":\"PropertyValueSpecification\",\"valueRequired\":true,\"valueName\":\"search_term_string\"}}],\"inLanguage\":\"pt-BR\"},{\"@type\":\"Organization\",\"@id\":\"https:\/\/cleitonpinheiro.com.br\/site\/#organization\",\"name\":\"CPNOT\u00cdCIAS\",\"url\":\"https:\/\/cleitonpinheiro.com.br\/site\/\",\"logo\":{\"@type\":\"ImageObject\",\"inLanguage\":\"pt-BR\",\"@id\":\"https:\/\/cleitonpinheiro.com.br\/site\/#\/schema\/logo\/image\/\",\"url\":\"https:\/\/cleitonpinheiro.com.br\/site\/wp-content\/uploads\/2022\/08\/Logo-pequena-2.png\",\"contentUrl\":\"https:\/\/cleitonpinheiro.com.br\/site\/wp-content\/uploads\/2022\/08\/Logo-pequena-2.png\",\"width\":500,\"height\":500,\"caption\":\"CPNOT\u00cdCIAS\"},\"image\":{\"@id\":\"https:\/\/cleitonpinheiro.com.br\/site\/#\/schema\/logo\/image\/\"},\"sameAs\":[\"https:\/\/www.facebook.com\/portalcpnoticias\/\"]},{\"@type\":\"Person\",\"@id\":\"https:\/\/cleitonpinheiro.com.br\/site\/#\/schema\/person\/8f04544e0bc40a1b68775b08360f87db\",\"name\":\"Reda\u00e7\u00e3o CP\",\"image\":{\"@type\":\"ImageObject\",\"inLanguage\":\"pt-BR\",\"@id\":\"https:\/\/cleitonpinheiro.com.br\/site\/#\/schema\/person\/image\/\",\"url\":\"https:\/\/secure.gravatar.com\/avatar\/0bcf19cb29fdc8fc588c490c7ae1b3e174dac268586a63fbe1d1893a0f9020cd?s=96&r=g\",\"contentUrl\":\"https:\/\/secure.gravatar.com\/avatar\/0bcf19cb29fdc8fc588c490c7ae1b3e174dac268586a63fbe1d1893a0f9020cd?s=96&r=g\",\"caption\":\"Reda\u00e7\u00e3o CP\"},\"url\":\"https:\/\/cleitonpinheiro.com.br\/site\/author\/redacao\/\"}]}<\/script>\n<!-- \/ Yoast SEO plugin. -->","yoast_head_json":{"title":"Moradores da regi\u00e3o norte de Palmas e Taquaralto reclamam de mau cheiro na \u00e1gua - PORTAL DE NOT\u00cdCIAS CLEITON PINHEIRO","robots":{"index":"index","follow":"follow","max-snippet":"max-snippet:-1","max-image-preview":"max-image-preview:large","max-video-preview":"max-video-preview:-1"},"canonical":"https:\/\/cleitonpinheiro.com.br\/site\/moradores-da-regiao-norte-de-palmas-e-taquaralto-reclamam-de-mau-cheiro-na-agua\/","og_locale":"pt_BR","og_type":"article","og_title":"Moradores da regi\u00e3o norte de Palmas e Taquaralto reclamam de mau cheiro na \u00e1gua - PORTAL DE NOT\u00cdCIAS CLEITON PINHEIRO","og_description":"Moradores de Taquaralto e na regi\u00e3o norte (Arnos), nas proximidades da UFT-TO, denunciaram mau cheiro na \u00e1gua e tamb\u00e9m exalado no ar. Eles cobram uma solu\u00e7\u00e3o da BRK. Segundo os moradores, o mau cheiro na \u00e1gua, em Taquaralto, come\u00e7ou logo ap\u00f3s o restabelecimento do abastecimento, que havia sido interrompido no domingo, 29 de setembro, \u00e0s [&hellip;]","og_url":"https:\/\/cleitonpinheiro.com.br\/site\/moradores-da-regiao-norte-de-palmas-e-taquaralto-reclamam-de-mau-cheiro-na-agua\/","og_site_name":"PORTAL DE NOT\u00cdCIAS CLEITON PINHEIRO","article_publisher":"https:\/\/www.facebook.com\/portalcpnoticias\/","article_published_time":"2024-10-01T19:32:21+00:00","article_modified_time":"2024-10-01T19:32:25+00:00","og_image":[{"width":870,"height":550,"url":"https:\/\/cleitonpinheiro.com.br\/site\/wp-content\/uploads\/2024\/10\/0935d39071deb1f588a7c93a018e529c.jpeg","type":"image\/jpeg"}],"author":"Reda\u00e7\u00e3o CP","twitter_card":"summary_large_image","twitter_misc":{"Escrito por":"Reda\u00e7\u00e3o CP","Est. tempo de leitura":"2 minutos"},"schema":{"@context":"https:\/\/schema.org","@graph":[{"@type":"Article","@id":"https:\/\/cleitonpinheiro.com.br\/site\/moradores-da-regiao-norte-de-palmas-e-taquaralto-reclamam-de-mau-cheiro-na-agua\/#article","isPartOf":{"@id":"https:\/\/cleitonpinheiro.com.br\/site\/moradores-da-regiao-norte-de-palmas-e-taquaralto-reclamam-de-mau-cheiro-na-agua\/"},"author":{"name":"Reda\u00e7\u00e3o CP","@id":"https:\/\/cleitonpinheiro.com.br\/site\/#\/schema\/person\/8f04544e0bc40a1b68775b08360f87db"},"headline":"Moradores da regi\u00e3o norte de Palmas e Taquaralto reclamam de mau cheiro na \u00e1gua","datePublished":"2024-10-01T19:32:21+00:00","dateModified":"2024-10-01T19:32:25+00:00","mainEntityOfPage":{"@id":"https:\/\/cleitonpinheiro.com.br\/site\/moradores-da-regiao-norte-de-palmas-e-taquaralto-reclamam-de-mau-cheiro-na-agua\/"},"wordCount":297,"commentCount":0,"publisher":{"@id":"https:\/\/cleitonpinheiro.com.br\/site\/#organization"},"image":{"@id":"https:\/\/cleitonpinheiro.com.br\/site\/moradores-da-regiao-norte-de-palmas-e-taquaralto-reclamam-de-mau-cheiro-na-agua\/#primaryimage"},"thumbnailUrl":"https:\/\/cleitonpinheiro.com.br\/site\/wp-content\/uploads\/2024\/10\/0935d39071deb1f588a7c93a018e529c.jpeg","articleSection":["CIDADES","MANCHETE SEGUND\u00c1RIA"],"inLanguage":"pt-BR","potentialAction":[{"@type":"CommentAction","name":"Comment","target":["https:\/\/cleitonpinheiro.com.br\/site\/moradores-da-regiao-norte-de-palmas-e-taquaralto-reclamam-de-mau-cheiro-na-agua\/#respond"]}]},{"@type":"WebPage","@id":"https:\/\/cleitonpinheiro.com.br\/site\/moradores-da-regiao-norte-de-palmas-e-taquaralto-reclamam-de-mau-cheiro-na-agua\/","url":"https:\/\/cleitonpinheiro.com.br\/site\/moradores-da-regiao-norte-de-palmas-e-taquaralto-reclamam-de-mau-cheiro-na-agua\/","name":"Moradores da regi\u00e3o norte de Palmas e Taquaralto reclamam de mau cheiro na \u00e1gua - PORTAL DE NOT\u00cdCIAS CLEITON PINHEIRO","isPartOf":{"@id":"https:\/\/cleitonpinheiro.com.br\/site\/#website"},"primaryImageOfPage":{"@id":"https:\/\/cleitonpinheiro.com.br\/site\/moradores-da-regiao-norte-de-palmas-e-taquaralto-reclamam-de-mau-cheiro-na-agua\/#primaryimage"},"image":{"@id":"https:\/\/cleitonpinheiro.com.br\/site\/moradores-da-regiao-norte-de-palmas-e-taquaralto-reclamam-de-mau-cheiro-na-agua\/#primaryimage"},"thumbnailUrl":"https:\/\/cleitonpinheiro.com.br\/site\/wp-content\/uploads\/2024\/10\/0935d39071deb1f588a7c93a018e529c.jpeg","datePublished":"2024-10-01T19:32:21+00:00","dateModified":"2024-10-01T19:32:25+00:00","breadcrumb":{"@id":"https:\/\/cleitonpinheiro.com.br\/site\/moradores-da-regiao-norte-de-palmas-e-taquaralto-reclamam-de-mau-cheiro-na-agua\/#breadcrumb"},"inLanguage":"pt-BR","potentialAction":[{"@type":"ReadAction","target":["https:\/\/cleitonpinheiro.com.br\/site\/moradores-da-regiao-norte-de-palmas-e-taquaralto-reclamam-de-mau-cheiro-na-agua\/"]}]},{"@type":"ImageObject","inLanguage":"pt-BR","@id":"https:\/\/cleitonpinheiro.com.br\/site\/moradores-da-regiao-norte-de-palmas-e-taquaralto-reclamam-de-mau-cheiro-na-agua\/#primaryimage","url":"","contentUrl":""},{"@type":"BreadcrumbList","@id":"https:\/\/cleitonpinheiro.com.br\/site\/moradores-da-regiao-norte-de-palmas-e-taquaralto-reclamam-de-mau-cheiro-na-agua\/#breadcrumb","itemListElement":[{"@type":"ListItem","position":1,"name":"In\u00edcio","item":"https:\/\/cleitonpinheiro.com.br\/site\/"},{"@type":"ListItem","position":2,"name":"Moradores da regi\u00e3o norte de Palmas e Taquaralto reclamam de mau cheiro na \u00e1gua"}]},{"@type":"WebSite","@id":"https:\/\/cleitonpinheiro.com.br\/site\/#website","url":"https:\/\/cleitonpinheiro.com.br\/site\/","name":"PORTAL DE NOT\u00cdCIAS CLEITON PINHEIRO","description":"FALANDO A VERDADE","publisher":{"@id":"https:\/\/cleitonpinheiro.com.br\/site\/#organization"},"potentialAction":[{"@type":"SearchAction","target":{"@type":"EntryPoint","urlTemplate":"https:\/\/cleitonpinheiro.com.br\/site\/?s={search_term_string}"},"query-input":{"@type":"PropertyValueSpecification","valueRequired":true,"valueName":"search_term_string"}}],"inLanguage":"pt-BR"},{"@type":"Organization","@id":"https:\/\/cleitonpinheiro.com.br\/site\/#organization","name":"CPNOT\u00cdCIAS","url":"https:\/\/cleitonpinheiro.com.br\/site\/","logo":{"@type":"ImageObject","inLanguage":"pt-BR","@id":"https:\/\/cleitonpinheiro.com.br\/site\/#\/schema\/logo\/image\/","url":"https:\/\/cleitonpinheiro.com.br\/site\/wp-content\/uploads\/2022\/08\/Logo-pequena-2.png","contentUrl":"https:\/\/cleitonpinheiro.com.br\/site\/wp-content\/uploads\/2022\/08\/Logo-pequena-2.png","width":500,"height":500,"caption":"CPNOT\u00cdCIAS"},"image":{"@id":"https:\/\/cleitonpinheiro.com.br\/site\/#\/schema\/logo\/image\/"},"sameAs":["https:\/\/www.facebook.com\/portalcpnoticias\/"]},{"@type":"Person","@id":"https:\/\/cleitonpinheiro.com.br\/site\/#\/schema\/person\/8f04544e0bc40a1b68775b08360f87db","name":"Reda\u00e7\u00e3o CP","image":{"@type":"ImageObject","inLanguage":"pt-BR","@id":"https:\/\/cleitonpinheiro.com.br\/site\/#\/schema\/person\/image\/","url":"https:\/\/secure.gravatar.com\/avatar\/0bcf19cb29fdc8fc588c490c7ae1b3e174dac268586a63fbe1d1893a0f9020cd?s=96&r=g","contentUrl":"https:\/\/secure.gravatar.com\/avatar\/0bcf19cb29fdc8fc588c490c7ae1b3e174dac268586a63fbe1d1893a0f9020cd?s=96&r=g","caption":"Reda\u00e7\u00e3o CP"},"url":"https:\/\/cleitonpinheiro.com.br\/site\/author\/redacao\/"}]}},"views":278,"_links":{"self":[{"href":"https:\/\/cleitonpinheiro.com.br\/site\/wp-json\/wp\/v2\/posts\/81288","targetHints":{"allow":["GET"]}}],"collection":[{"href":"https:\/\/cleitonpinheiro.com.br\/site\/wp-json\/wp\/v2\/posts"}],"about":[{"href":"https:\/\/cleitonpinheiro.com.br\/site\/wp-json\/wp\/v2\/types\/post"}],"author":[{"embeddable":true,"href":"https:\/\/cleitonpinheiro.com.br\/site\/wp-json\/wp\/v2\/users\/13"}],"replies":[{"embeddable":true,"href":"https:\/\/cleitonpinheiro.com.br\/site\/wp-json\/wp\/v2\/comments?post=81288"}],"version-history":[{"count":1,"href":"https:\/\/cleitonpinheiro.com.br\/site\/wp-json\/wp\/v2\/posts\/81288\/revisions"}],"predecessor-version":[{"id":81290,"href":"https:\/\/cleitonpinheiro.com.br\/site\/wp-json\/wp\/v2\/posts\/81288\/revisions\/81290"}],"wp:attachment":[{"href":"https:\/\/cleitonpinheiro.com.br\/site\/wp-json\/wp\/v2\/media?parent=81288"}],"wp:term":[{"taxonomy":"category","embeddable":true,"href":"https:\/\/cleitonpinheiro.com.br\/site\/wp-json\/wp\/v2\/categories?post=81288"},{"taxonomy":"post_tag","embeddable":true,"href":"https:\/\/cleitonpinheiro.com.br\/site\/wp-json\/wp\/v2\/tags?post=81288"}],"curies":[{"name":"wp","href":"https:\/\/api.w.org\/{rel}","templated":true}]}}