{"id":81300,"date":"2024-10-01T17:11:33","date_gmt":"2024-10-01T20:11:33","guid":{"rendered":"https:\/\/cleitonpinheiro.com.br\/site\/?p=81300"},"modified":"2024-10-01T17:11:39","modified_gmt":"2024-10-01T20:11:39","slug":"procon-tocantins-notifica-brk-apos-denuncias-por-ma-prestacao-de-servico-ao-consumidor","status":"publish","type":"post","link":"https:\/\/cleitonpinheiro.com.br\/site\/procon-tocantins-notifica-brk-apos-denuncias-por-ma-prestacao-de-servico-ao-consumidor\/","title":{"rendered":"Procon\u00a0Tocantins notifica BRK ap\u00f3s den\u00fancias por m\u00e1 presta\u00e7\u00e3o de servi\u00e7o ao consumidor"},"content":{"rendered":"\n<figure class=\"wp-block-gallery has-nested-images columns-default is-cropped wp-block-gallery-1 is-layout-flex wp-block-gallery-is-layout-flex\">\n<figure class=\"wp-block-image size-large\"><img decoding=\"async\" data-id=\"81301\" src=\"https:\/\/cleitonpinheiro.com.br\/site\/wp-content\/uploads\/2024\/10\/A-distribuicao-de-agua-impropria-configura-uma-violacao-desses-direitos-podendo-resultar-em-serios-riscos-a-saude-publica-e-exige-uma-acao-imediata-1024x769.jpeg\" alt=\"\" class=\"wp-image-81301\"\/><figcaption class=\"wp-element-caption\">Foto: Procon\/TO<\/figcaption><\/figure>\n<\/figure>\n\n\n\n<p>Na tarde desta ter\u00e7a-feira, 1\u00ba de outubro de 2024, o&nbsp;Procon&nbsp;Tocantins emitiu uma notifica\u00e7\u00e3o formal \u00e0 BRK Ambiental ap\u00f3s diversas den\u00fancias e reclama\u00e7\u00f5es de consumidores sobre a m\u00e1 qualidade da \u00e1gua fornecida em diversas regi\u00f5es de Palmas. Segundo os relatos, a \u00e1gua distribu\u00edda pela empresa est\u00e1 turva, suja e com odor desagrad\u00e1vel, situa\u00e7\u00e3o que coloca em risco a sa\u00fade da popula\u00e7\u00e3o.<\/p>\n\n\n\n<p>A notifica\u00e7\u00e3o enfatiza que o fornecimento de \u00e1gua em condi\u00e7\u00f5es adequadas \u00e9 um direito b\u00e1sico dos consumidores, conforme previsto no C\u00f3digo de Defesa do Consumidor (CDC). A distribui\u00e7\u00e3o de \u00e1gua impr\u00f3pria configura uma viola\u00e7\u00e3o desses direitos, podendo resultar em s\u00e9rios riscos \u00e0 sa\u00fade p\u00fablica, e exige uma a\u00e7\u00e3o imediata.<\/p>\n\n\n\n<p>Segundo o CDC, as concession\u00e1rias de servi\u00e7os p\u00fablicos s\u00e3o obrigadas a fornecer servi\u00e7os adequados, eficientes, seguros e cont\u00ednuos. Com base nesse princ\u00edpio, o\u00a0Procon\u00a0Tocantins solicitou que a BRK Ambiental esclare\u00e7a as causas da distribui\u00e7\u00e3o de \u00e1gua consumida e apresente um plano de a\u00e7\u00e3o imediato para garantir a distribui\u00e7\u00e3o de \u00e1gua pot\u00e1vel, conforme os padr\u00f5es de qualidade das normas de sa\u00fade.<\/p>\n\n\n\n<p>Al\u00e9m disso, a BRK Ambiental deve informar sobre as medidas corretivas e preventivas que est\u00e3o sendo adotadas para solucionar o problema e detalhar como a empresa est\u00e1 atendendo \u00e0s demandas dos consumidores afetados. A empresa tamb\u00e9m deve informar de forma clara e direta sobre a qualidade da \u00e1gua fornecida, garantindo que ela esteja nos padr\u00f5es legais e sanit\u00e1rios exig\u00edveis.<\/p>\n\n\n\n<p>A concession\u00e1ria tem um prazo de 48 horas para responder \u00e0 notifica\u00e7\u00e3o, sob pena de san\u00e7\u00f5es administrativas conforme a legisla\u00e7\u00e3o vigente, al\u00e9m de outras medidas cab\u00edveis para a prote\u00e7\u00e3o dos direitos dos consumidores.<\/p>\n\n\n\n<p>Texto: Waldenia Silva\/Secom-TO<\/p>\n","protected":false},"excerpt":{"rendered":"<p>Na tarde desta ter\u00e7a-feira, 1\u00ba de outubro de 2024, o&nbsp;Procon&nbsp;Tocantins emitiu uma notifica\u00e7\u00e3o formal \u00e0 BRK Ambiental ap\u00f3s diversas den\u00fancias e reclama\u00e7\u00f5es de consumidores sobre a m\u00e1 qualidade da \u00e1gua fornecida em diversas regi\u00f5es de Palmas. Segundo os relatos, a \u00e1gua distribu\u00edda pela empresa est\u00e1 turva, suja e com odor desagrad\u00e1vel, situa\u00e7\u00e3o que coloca em [&hellip;]<\/p>\n","protected":false},"author":13,"featured_media":0,"comment_status":"open","ping_status":"open","sticky":false,"template":"","format":"standard","meta":{"_acf_changed":false,"footnotes":""},"categories":[22,898],"tags":[1308],"class_list":["post-81300","post","type-post","status-publish","format-standard","hentry","category-cidades","category-manchete-segundaria","tag-brk"],"acf":[],"yoast_head":"<!-- This site is optimized with the Yoast SEO plugin v24.4 - https:\/\/yoast.com\/wordpress\/plugins\/seo\/ -->\n<title>Procon\u00a0Tocantins notifica BRK ap\u00f3s den\u00fancias por m\u00e1 presta\u00e7\u00e3o de servi\u00e7o ao consumidor - PORTAL DE NOT\u00cdCIAS CLEITON PINHEIRO<\/title>\n<meta name=\"robots\" content=\"index, follow, max-snippet:-1, max-image-preview:large, max-video-preview:-1\" \/>\n<link rel=\"canonical\" href=\"https:\/\/cleitonpinheiro.com.br\/site\/procon-tocantins-notifica-brk-apos-denuncias-por-ma-prestacao-de-servico-ao-consumidor\/\" \/>\n<meta property=\"og:locale\" content=\"pt_BR\" \/>\n<meta property=\"og:type\" content=\"article\" \/>\n<meta property=\"og:title\" content=\"Procon\u00a0Tocantins notifica BRK ap\u00f3s den\u00fancias por m\u00e1 presta\u00e7\u00e3o de servi\u00e7o ao consumidor - PORTAL DE NOT\u00cdCIAS CLEITON PINHEIRO\" \/>\n<meta property=\"og:description\" content=\"Na tarde desta ter\u00e7a-feira, 1\u00ba de outubro de 2024, o&nbsp;Procon&nbsp;Tocantins emitiu uma notifica\u00e7\u00e3o formal \u00e0 BRK Ambiental ap\u00f3s diversas den\u00fancias e reclama\u00e7\u00f5es de consumidores sobre a m\u00e1 qualidade da \u00e1gua fornecida em diversas regi\u00f5es de Palmas. Segundo os relatos, a \u00e1gua distribu\u00edda pela empresa est\u00e1 turva, suja e com odor desagrad\u00e1vel, situa\u00e7\u00e3o que coloca em [&hellip;]\" \/>\n<meta property=\"og:url\" content=\"https:\/\/cleitonpinheiro.com.br\/site\/procon-tocantins-notifica-brk-apos-denuncias-por-ma-prestacao-de-servico-ao-consumidor\/\" \/>\n<meta property=\"og:site_name\" content=\"PORTAL DE NOT\u00cdCIAS CLEITON PINHEIRO\" \/>\n<meta property=\"article:publisher\" content=\"https:\/\/www.facebook.com\/portalcpnoticias\/\" \/>\n<meta property=\"article:published_time\" content=\"2024-10-01T20:11:33+00:00\" \/>\n<meta property=\"article:modified_time\" content=\"2024-10-01T20:11:39+00:00\" \/>\n<meta property=\"og:image\" content=\"https:\/\/cleitonpinheiro.com.br\/site\/wp-content\/uploads\/2024\/10\/A-distribuicao-de-agua-impropria-configura-uma-violacao-desses-direitos-podendo-resultar-em-serios-riscos-a-saude-publica-e-exige-uma-acao-imediata.jpeg\" \/>\n\t<meta property=\"og:image:width\" content=\"1600\" \/>\n\t<meta property=\"og:image:height\" content=\"1201\" \/>\n\t<meta property=\"og:image:type\" content=\"image\/jpeg\" \/>\n<meta name=\"author\" content=\"Reda\u00e7\u00e3o CP\" \/>\n<meta name=\"twitter:card\" content=\"summary_large_image\" \/>\n<meta name=\"twitter:label1\" content=\"Escrito por\" \/>\n\t<meta name=\"twitter:data1\" content=\"Reda\u00e7\u00e3o CP\" \/>\n\t<meta name=\"twitter:label2\" content=\"Est. tempo de leitura\" \/>\n\t<meta name=\"twitter:data2\" content=\"2 minutos\" \/>\n<script type=\"application\/ld+json\" class=\"yoast-schema-graph\">{\"@context\":\"https:\/\/schema.org\",\"@graph\":[{\"@type\":\"Article\",\"@id\":\"https:\/\/cleitonpinheiro.com.br\/site\/procon-tocantins-notifica-brk-apos-denuncias-por-ma-prestacao-de-servico-ao-consumidor\/#article\",\"isPartOf\":{\"@id\":\"https:\/\/cleitonpinheiro.com.br\/site\/procon-tocantins-notifica-brk-apos-denuncias-por-ma-prestacao-de-servico-ao-consumidor\/\"},\"author\":{\"name\":\"Reda\u00e7\u00e3o CP\",\"@id\":\"https:\/\/cleitonpinheiro.com.br\/site\/#\/schema\/person\/8f04544e0bc40a1b68775b08360f87db\"},\"headline\":\"Procon\u00a0Tocantins notifica BRK ap\u00f3s den\u00fancias por m\u00e1 presta\u00e7\u00e3o de servi\u00e7o ao consumidor\",\"datePublished\":\"2024-10-01T20:11:33+00:00\",\"dateModified\":\"2024-10-01T20:11:39+00:00\",\"mainEntityOfPage\":{\"@id\":\"https:\/\/cleitonpinheiro.com.br\/site\/procon-tocantins-notifica-brk-apos-denuncias-por-ma-prestacao-de-servico-ao-consumidor\/\"},\"wordCount\":332,\"commentCount\":0,\"publisher\":{\"@id\":\"https:\/\/cleitonpinheiro.com.br\/site\/#organization\"},\"image\":{\"@id\":\"https:\/\/cleitonpinheiro.com.br\/site\/procon-tocantins-notifica-brk-apos-denuncias-por-ma-prestacao-de-servico-ao-consumidor\/#primaryimage\"},\"thumbnailUrl\":\"https:\/\/cleitonpinheiro.com.br\/site\/wp-content\/uploads\/2024\/10\/A-distribuicao-de-agua-impropria-configura-uma-violacao-desses-direitos-podendo-resultar-em-serios-riscos-a-saude-publica-e-exige-uma-acao-imediata-1024x769.jpeg\",\"keywords\":[\"BRK\"],\"articleSection\":[\"CIDADES\",\"MANCHETE SEGUND\u00c1RIA\"],\"inLanguage\":\"pt-BR\",\"potentialAction\":[{\"@type\":\"CommentAction\",\"name\":\"Comment\",\"target\":[\"https:\/\/cleitonpinheiro.com.br\/site\/procon-tocantins-notifica-brk-apos-denuncias-por-ma-prestacao-de-servico-ao-consumidor\/#respond\"]}]},{\"@type\":\"WebPage\",\"@id\":\"https:\/\/cleitonpinheiro.com.br\/site\/procon-tocantins-notifica-brk-apos-denuncias-por-ma-prestacao-de-servico-ao-consumidor\/\",\"url\":\"https:\/\/cleitonpinheiro.com.br\/site\/procon-tocantins-notifica-brk-apos-denuncias-por-ma-prestacao-de-servico-ao-consumidor\/\",\"name\":\"Procon\u00a0Tocantins notifica BRK ap\u00f3s den\u00fancias por m\u00e1 presta\u00e7\u00e3o de servi\u00e7o ao consumidor - PORTAL DE NOT\u00cdCIAS CLEITON PINHEIRO\",\"isPartOf\":{\"@id\":\"https:\/\/cleitonpinheiro.com.br\/site\/#website\"},\"primaryImageOfPage\":{\"@id\":\"https:\/\/cleitonpinheiro.com.br\/site\/procon-tocantins-notifica-brk-apos-denuncias-por-ma-prestacao-de-servico-ao-consumidor\/#primaryimage\"},\"image\":{\"@id\":\"https:\/\/cleitonpinheiro.com.br\/site\/procon-tocantins-notifica-brk-apos-denuncias-por-ma-prestacao-de-servico-ao-consumidor\/#primaryimage\"},\"thumbnailUrl\":\"https:\/\/cleitonpinheiro.com.br\/site\/wp-content\/uploads\/2024\/10\/A-distribuicao-de-agua-impropria-configura-uma-violacao-desses-direitos-podendo-resultar-em-serios-riscos-a-saude-publica-e-exige-uma-acao-imediata-1024x769.jpeg\",\"datePublished\":\"2024-10-01T20:11:33+00:00\",\"dateModified\":\"2024-10-01T20:11:39+00:00\",\"breadcrumb\":{\"@id\":\"https:\/\/cleitonpinheiro.com.br\/site\/procon-tocantins-notifica-brk-apos-denuncias-por-ma-prestacao-de-servico-ao-consumidor\/#breadcrumb\"},\"inLanguage\":\"pt-BR\",\"potentialAction\":[{\"@type\":\"ReadAction\",\"target\":[\"https:\/\/cleitonpinheiro.com.br\/site\/procon-tocantins-notifica-brk-apos-denuncias-por-ma-prestacao-de-servico-ao-consumidor\/\"]}]},{\"@type\":\"ImageObject\",\"inLanguage\":\"pt-BR\",\"@id\":\"https:\/\/cleitonpinheiro.com.br\/site\/procon-tocantins-notifica-brk-apos-denuncias-por-ma-prestacao-de-servico-ao-consumidor\/#primaryimage\",\"url\":\"\",\"contentUrl\":\"\"},{\"@type\":\"BreadcrumbList\",\"@id\":\"https:\/\/cleitonpinheiro.com.br\/site\/procon-tocantins-notifica-brk-apos-denuncias-por-ma-prestacao-de-servico-ao-consumidor\/#breadcrumb\",\"itemListElement\":[{\"@type\":\"ListItem\",\"position\":1,\"name\":\"In\u00edcio\",\"item\":\"https:\/\/cleitonpinheiro.com.br\/site\/\"},{\"@type\":\"ListItem\",\"position\":2,\"name\":\"Procon\u00a0Tocantins notifica BRK ap\u00f3s den\u00fancias por m\u00e1 presta\u00e7\u00e3o de servi\u00e7o ao consumidor\"}]},{\"@type\":\"WebSite\",\"@id\":\"https:\/\/cleitonpinheiro.com.br\/site\/#website\",\"url\":\"https:\/\/cleitonpinheiro.com.br\/site\/\",\"name\":\"PORTAL DE NOT\u00cdCIAS CLEITON PINHEIRO\",\"description\":\"FALANDO A VERDADE\",\"publisher\":{\"@id\":\"https:\/\/cleitonpinheiro.com.br\/site\/#organization\"},\"potentialAction\":[{\"@type\":\"SearchAction\",\"target\":{\"@type\":\"EntryPoint\",\"urlTemplate\":\"https:\/\/cleitonpinheiro.com.br\/site\/?s={search_term_string}\"},\"query-input\":{\"@type\":\"PropertyValueSpecification\",\"valueRequired\":true,\"valueName\":\"search_term_string\"}}],\"inLanguage\":\"pt-BR\"},{\"@type\":\"Organization\",\"@id\":\"https:\/\/cleitonpinheiro.com.br\/site\/#organization\",\"name\":\"CPNOT\u00cdCIAS\",\"url\":\"https:\/\/cleitonpinheiro.com.br\/site\/\",\"logo\":{\"@type\":\"ImageObject\",\"inLanguage\":\"pt-BR\",\"@id\":\"https:\/\/cleitonpinheiro.com.br\/site\/#\/schema\/logo\/image\/\",\"url\":\"https:\/\/cleitonpinheiro.com.br\/site\/wp-content\/uploads\/2022\/08\/Logo-pequena-2.png\",\"contentUrl\":\"https:\/\/cleitonpinheiro.com.br\/site\/wp-content\/uploads\/2022\/08\/Logo-pequena-2.png\",\"width\":500,\"height\":500,\"caption\":\"CPNOT\u00cdCIAS\"},\"image\":{\"@id\":\"https:\/\/cleitonpinheiro.com.br\/site\/#\/schema\/logo\/image\/\"},\"sameAs\":[\"https:\/\/www.facebook.com\/portalcpnoticias\/\"]},{\"@type\":\"Person\",\"@id\":\"https:\/\/cleitonpinheiro.com.br\/site\/#\/schema\/person\/8f04544e0bc40a1b68775b08360f87db\",\"name\":\"Reda\u00e7\u00e3o CP\",\"image\":{\"@type\":\"ImageObject\",\"inLanguage\":\"pt-BR\",\"@id\":\"https:\/\/cleitonpinheiro.com.br\/site\/#\/schema\/person\/image\/\",\"url\":\"https:\/\/secure.gravatar.com\/avatar\/0bcf19cb29fdc8fc588c490c7ae1b3e174dac268586a63fbe1d1893a0f9020cd?s=96&r=g\",\"contentUrl\":\"https:\/\/secure.gravatar.com\/avatar\/0bcf19cb29fdc8fc588c490c7ae1b3e174dac268586a63fbe1d1893a0f9020cd?s=96&r=g\",\"caption\":\"Reda\u00e7\u00e3o CP\"},\"url\":\"https:\/\/cleitonpinheiro.com.br\/site\/author\/redacao\/\"}]}<\/script>\n<!-- \/ Yoast SEO plugin. -->","yoast_head_json":{"title":"Procon\u00a0Tocantins notifica BRK ap\u00f3s den\u00fancias por m\u00e1 presta\u00e7\u00e3o de servi\u00e7o ao consumidor - PORTAL DE NOT\u00cdCIAS CLEITON PINHEIRO","robots":{"index":"index","follow":"follow","max-snippet":"max-snippet:-1","max-image-preview":"max-image-preview:large","max-video-preview":"max-video-preview:-1"},"canonical":"https:\/\/cleitonpinheiro.com.br\/site\/procon-tocantins-notifica-brk-apos-denuncias-por-ma-prestacao-de-servico-ao-consumidor\/","og_locale":"pt_BR","og_type":"article","og_title":"Procon\u00a0Tocantins notifica BRK ap\u00f3s den\u00fancias por m\u00e1 presta\u00e7\u00e3o de servi\u00e7o ao consumidor - PORTAL DE NOT\u00cdCIAS CLEITON PINHEIRO","og_description":"Na tarde desta ter\u00e7a-feira, 1\u00ba de outubro de 2024, o&nbsp;Procon&nbsp;Tocantins emitiu uma notifica\u00e7\u00e3o formal \u00e0 BRK Ambiental ap\u00f3s diversas den\u00fancias e reclama\u00e7\u00f5es de consumidores sobre a m\u00e1 qualidade da \u00e1gua fornecida em diversas regi\u00f5es de Palmas. Segundo os relatos, a \u00e1gua distribu\u00edda pela empresa est\u00e1 turva, suja e com odor desagrad\u00e1vel, situa\u00e7\u00e3o que coloca em [&hellip;]","og_url":"https:\/\/cleitonpinheiro.com.br\/site\/procon-tocantins-notifica-brk-apos-denuncias-por-ma-prestacao-de-servico-ao-consumidor\/","og_site_name":"PORTAL DE NOT\u00cdCIAS CLEITON PINHEIRO","article_publisher":"https:\/\/www.facebook.com\/portalcpnoticias\/","article_published_time":"2024-10-01T20:11:33+00:00","article_modified_time":"2024-10-01T20:11:39+00:00","og_image":[{"width":1600,"height":1201,"url":"https:\/\/cleitonpinheiro.com.br\/site\/wp-content\/uploads\/2024\/10\/A-distribuicao-de-agua-impropria-configura-uma-violacao-desses-direitos-podendo-resultar-em-serios-riscos-a-saude-publica-e-exige-uma-acao-imediata.jpeg","type":"image\/jpeg"}],"author":"Reda\u00e7\u00e3o CP","twitter_card":"summary_large_image","twitter_misc":{"Escrito por":"Reda\u00e7\u00e3o CP","Est. tempo de leitura":"2 minutos"},"schema":{"@context":"https:\/\/schema.org","@graph":[{"@type":"Article","@id":"https:\/\/cleitonpinheiro.com.br\/site\/procon-tocantins-notifica-brk-apos-denuncias-por-ma-prestacao-de-servico-ao-consumidor\/#article","isPartOf":{"@id":"https:\/\/cleitonpinheiro.com.br\/site\/procon-tocantins-notifica-brk-apos-denuncias-por-ma-prestacao-de-servico-ao-consumidor\/"},"author":{"name":"Reda\u00e7\u00e3o CP","@id":"https:\/\/cleitonpinheiro.com.br\/site\/#\/schema\/person\/8f04544e0bc40a1b68775b08360f87db"},"headline":"Procon\u00a0Tocantins notifica BRK ap\u00f3s den\u00fancias por m\u00e1 presta\u00e7\u00e3o de servi\u00e7o ao consumidor","datePublished":"2024-10-01T20:11:33+00:00","dateModified":"2024-10-01T20:11:39+00:00","mainEntityOfPage":{"@id":"https:\/\/cleitonpinheiro.com.br\/site\/procon-tocantins-notifica-brk-apos-denuncias-por-ma-prestacao-de-servico-ao-consumidor\/"},"wordCount":332,"commentCount":0,"publisher":{"@id":"https:\/\/cleitonpinheiro.com.br\/site\/#organization"},"image":{"@id":"https:\/\/cleitonpinheiro.com.br\/site\/procon-tocantins-notifica-brk-apos-denuncias-por-ma-prestacao-de-servico-ao-consumidor\/#primaryimage"},"thumbnailUrl":"https:\/\/cleitonpinheiro.com.br\/site\/wp-content\/uploads\/2024\/10\/A-distribuicao-de-agua-impropria-configura-uma-violacao-desses-direitos-podendo-resultar-em-serios-riscos-a-saude-publica-e-exige-uma-acao-imediata-1024x769.jpeg","keywords":["BRK"],"articleSection":["CIDADES","MANCHETE SEGUND\u00c1RIA"],"inLanguage":"pt-BR","potentialAction":[{"@type":"CommentAction","name":"Comment","target":["https:\/\/cleitonpinheiro.com.br\/site\/procon-tocantins-notifica-brk-apos-denuncias-por-ma-prestacao-de-servico-ao-consumidor\/#respond"]}]},{"@type":"WebPage","@id":"https:\/\/cleitonpinheiro.com.br\/site\/procon-tocantins-notifica-brk-apos-denuncias-por-ma-prestacao-de-servico-ao-consumidor\/","url":"https:\/\/cleitonpinheiro.com.br\/site\/procon-tocantins-notifica-brk-apos-denuncias-por-ma-prestacao-de-servico-ao-consumidor\/","name":"Procon\u00a0Tocantins notifica BRK ap\u00f3s den\u00fancias por m\u00e1 presta\u00e7\u00e3o de servi\u00e7o ao consumidor - PORTAL DE NOT\u00cdCIAS CLEITON PINHEIRO","isPartOf":{"@id":"https:\/\/cleitonpinheiro.com.br\/site\/#website"},"primaryImageOfPage":{"@id":"https:\/\/cleitonpinheiro.com.br\/site\/procon-tocantins-notifica-brk-apos-denuncias-por-ma-prestacao-de-servico-ao-consumidor\/#primaryimage"},"image":{"@id":"https:\/\/cleitonpinheiro.com.br\/site\/procon-tocantins-notifica-brk-apos-denuncias-por-ma-prestacao-de-servico-ao-consumidor\/#primaryimage"},"thumbnailUrl":"https:\/\/cleitonpinheiro.com.br\/site\/wp-content\/uploads\/2024\/10\/A-distribuicao-de-agua-impropria-configura-uma-violacao-desses-direitos-podendo-resultar-em-serios-riscos-a-saude-publica-e-exige-uma-acao-imediata-1024x769.jpeg","datePublished":"2024-10-01T20:11:33+00:00","dateModified":"2024-10-01T20:11:39+00:00","breadcrumb":{"@id":"https:\/\/cleitonpinheiro.com.br\/site\/procon-tocantins-notifica-brk-apos-denuncias-por-ma-prestacao-de-servico-ao-consumidor\/#breadcrumb"},"inLanguage":"pt-BR","potentialAction":[{"@type":"ReadAction","target":["https:\/\/cleitonpinheiro.com.br\/site\/procon-tocantins-notifica-brk-apos-denuncias-por-ma-prestacao-de-servico-ao-consumidor\/"]}]},{"@type":"ImageObject","inLanguage":"pt-BR","@id":"https:\/\/cleitonpinheiro.com.br\/site\/procon-tocantins-notifica-brk-apos-denuncias-por-ma-prestacao-de-servico-ao-consumidor\/#primaryimage","url":"","contentUrl":""},{"@type":"BreadcrumbList","@id":"https:\/\/cleitonpinheiro.com.br\/site\/procon-tocantins-notifica-brk-apos-denuncias-por-ma-prestacao-de-servico-ao-consumidor\/#breadcrumb","itemListElement":[{"@type":"ListItem","position":1,"name":"In\u00edcio","item":"https:\/\/cleitonpinheiro.com.br\/site\/"},{"@type":"ListItem","position":2,"name":"Procon\u00a0Tocantins notifica BRK ap\u00f3s den\u00fancias por m\u00e1 presta\u00e7\u00e3o de servi\u00e7o ao consumidor"}]},{"@type":"WebSite","@id":"https:\/\/cleitonpinheiro.com.br\/site\/#website","url":"https:\/\/cleitonpinheiro.com.br\/site\/","name":"PORTAL DE NOT\u00cdCIAS CLEITON PINHEIRO","description":"FALANDO A VERDADE","publisher":{"@id":"https:\/\/cleitonpinheiro.com.br\/site\/#organization"},"potentialAction":[{"@type":"SearchAction","target":{"@type":"EntryPoint","urlTemplate":"https:\/\/cleitonpinheiro.com.br\/site\/?s={search_term_string}"},"query-input":{"@type":"PropertyValueSpecification","valueRequired":true,"valueName":"search_term_string"}}],"inLanguage":"pt-BR"},{"@type":"Organization","@id":"https:\/\/cleitonpinheiro.com.br\/site\/#organization","name":"CPNOT\u00cdCIAS","url":"https:\/\/cleitonpinheiro.com.br\/site\/","logo":{"@type":"ImageObject","inLanguage":"pt-BR","@id":"https:\/\/cleitonpinheiro.com.br\/site\/#\/schema\/logo\/image\/","url":"https:\/\/cleitonpinheiro.com.br\/site\/wp-content\/uploads\/2022\/08\/Logo-pequena-2.png","contentUrl":"https:\/\/cleitonpinheiro.com.br\/site\/wp-content\/uploads\/2022\/08\/Logo-pequena-2.png","width":500,"height":500,"caption":"CPNOT\u00cdCIAS"},"image":{"@id":"https:\/\/cleitonpinheiro.com.br\/site\/#\/schema\/logo\/image\/"},"sameAs":["https:\/\/www.facebook.com\/portalcpnoticias\/"]},{"@type":"Person","@id":"https:\/\/cleitonpinheiro.com.br\/site\/#\/schema\/person\/8f04544e0bc40a1b68775b08360f87db","name":"Reda\u00e7\u00e3o CP","image":{"@type":"ImageObject","inLanguage":"pt-BR","@id":"https:\/\/cleitonpinheiro.com.br\/site\/#\/schema\/person\/image\/","url":"https:\/\/secure.gravatar.com\/avatar\/0bcf19cb29fdc8fc588c490c7ae1b3e174dac268586a63fbe1d1893a0f9020cd?s=96&r=g","contentUrl":"https:\/\/secure.gravatar.com\/avatar\/0bcf19cb29fdc8fc588c490c7ae1b3e174dac268586a63fbe1d1893a0f9020cd?s=96&r=g","caption":"Reda\u00e7\u00e3o CP"},"url":"https:\/\/cleitonpinheiro.com.br\/site\/author\/redacao\/"}]}},"views":150,"_links":{"self":[{"href":"https:\/\/cleitonpinheiro.com.br\/site\/wp-json\/wp\/v2\/posts\/81300","targetHints":{"allow":["GET"]}}],"collection":[{"href":"https:\/\/cleitonpinheiro.com.br\/site\/wp-json\/wp\/v2\/posts"}],"about":[{"href":"https:\/\/cleitonpinheiro.com.br\/site\/wp-json\/wp\/v2\/types\/post"}],"author":[{"embeddable":true,"href":"https:\/\/cleitonpinheiro.com.br\/site\/wp-json\/wp\/v2\/users\/13"}],"replies":[{"embeddable":true,"href":"https:\/\/cleitonpinheiro.com.br\/site\/wp-json\/wp\/v2\/comments?post=81300"}],"version-history":[{"count":1,"href":"https:\/\/cleitonpinheiro.com.br\/site\/wp-json\/wp\/v2\/posts\/81300\/revisions"}],"predecessor-version":[{"id":81302,"href":"https:\/\/cleitonpinheiro.com.br\/site\/wp-json\/wp\/v2\/posts\/81300\/revisions\/81302"}],"wp:attachment":[{"href":"https:\/\/cleitonpinheiro.com.br\/site\/wp-json\/wp\/v2\/media?parent=81300"}],"wp:term":[{"taxonomy":"category","embeddable":true,"href":"https:\/\/cleitonpinheiro.com.br\/site\/wp-json\/wp\/v2\/categories?post=81300"},{"taxonomy":"post_tag","embeddable":true,"href":"https:\/\/cleitonpinheiro.com.br\/site\/wp-json\/wp\/v2\/tags?post=81300"}],"curies":[{"name":"wp","href":"https:\/\/api.w.org\/{rel}","templated":true}]}}