{"id":81568,"date":"2024-10-08T07:22:24","date_gmt":"2024-10-08T10:22:24","guid":{"rendered":"https:\/\/cleitonpinheiro.com.br\/site\/?p=81568"},"modified":"2024-10-08T07:22:28","modified_gmt":"2024-10-08T10:22:28","slug":"porto-em-manacapuru-no-amazonas-desaba-em-meio-a-obras","status":"publish","type":"post","link":"https:\/\/cleitonpinheiro.com.br\/site\/porto-em-manacapuru-no-amazonas-desaba-em-meio-a-obras\/","title":{"rendered":"Porto em Manacapuru, no Amazonas, desaba em meio a obras"},"content":{"rendered":"\n<figure class=\"wp-block-gallery has-nested-images columns-default is-cropped wp-block-gallery-1 is-layout-flex wp-block-gallery-is-layout-flex\">\n<figure class=\"wp-block-image size-large\"><img decoding=\"async\" data-id=\"81569\" src=\"https:\/\/cleitonpinheiro.com.br\/site\/wp-content\/uploads\/2024\/10\/porto_da_terra_preta_em_manacapuru_desaba-1024x613.webp\" alt=\"\" class=\"wp-image-81569\"\/><figcaption class=\"wp-element-caption\">Fot: Vereador Sass\u00e1<\/figcaption><\/figure>\n<\/figure>\n\n\n\n<p>Um desastre de grandes propor\u00e7\u00f5es aconteceu na tarde desta segunda-feira (7) no Porto da Terra Preta, em Manacapuru, no Amazonas. A terra que sustentava uma parte do porto deslizou. O local estava em obras, mas seguia funcionando como ponto estrat\u00e9gico para o transporte de mercadorias e passageiros.<img decoding=\"async\" src=\"https:\/\/agenciabrasil.ebc.com.br\/ebc.png?id=1614743&amp;o=node\"><img decoding=\"async\" src=\"https:\/\/agenciabrasil.ebc.com.br\/ebc.gif?id=1614743&amp;o=node\"><\/p>\n\n\n\n<p>A Defesa Civil confirma o desaparecimento de uma crian\u00e7a, mas testemunhas chegaram a falar no soterramento de 200 pessoas.<\/p>\n\n\n\n<p>O porto conta com uma grande movimenta\u00e7\u00e3o de pessoas em atividades de carga e descarga de mercadorias. Tamb\u00e9m h\u00e1 pontos de t\u00e1xis e motot\u00e1xis.<\/p>\n\n\n\n<p>Ap\u00f3s o acidente, fora vistos no rio destro\u00e7os de flutuantes, canos, casas e carros. Flutuantes s\u00e3o casas e hot\u00e9is que ficam sobre as \u00e1guas do rio e s\u00e3o usados, em geral, para moradia e lazer.<\/p>\n\n\n\n<h2 class=\"wp-block-heading\">Terras ca\u00eddas<\/h2>\n\n\n\n<p>O Porto da Terra Preta abriga o Terminal Hidrovi\u00e1rio e a Secretaria Municipal de Pesca (Sempa). O local \u00e9 estrat\u00e9gico e conecta Manacapuru a diversas outras localidades da regi\u00e3o.<br><br>O desastre pode ser resultado do fen\u00f4meno conhecido na regi\u00e3o com \u201cterras ca\u00eddas\u201d, \u00e0s margens do Rio Solim\u00f5es, que sofre a pior vazante da hist\u00f3ria.<br><br>Trata-se do termo como a popula\u00e7\u00e3o local descreve o processo de eros\u00e3o fluvial, com escorregamentos, deslizamentos, desmoronamentos e desabamentos, que podem ter v\u00e1rias dimens\u00f5es. Inclusive a que aconteceu agora.<br><br>A Prefeitura de Manacapuru divulgou nota em que lamenta o acidente ocorrido e informou que as equipes da Defesa Civil, Corpo de Bombeiros e Servi\u00e7o de Atendimento M\u00f3vel de Urg\u00eancia (SAMU) est\u00e3o trabalhando no local.<\/p>\n\n\n\n<p>O Departamento Nacional de Infraestrutura de Transportes (DNIT) tamb\u00e9m soltou nota e disse que o Porto da Terra Preta n\u00e3o est\u00e1 sob sua responsabilidade. O DNIT afirma que faz a gest\u00e3o de uma das instala\u00e7\u00f5es portu\u00e1rias, a IP4, de Manacapuru.<\/p>\n\n\n\n<p>T\u00e9cnicos do DNIT j\u00e1 est\u00e3o no local para realizar uma inspe\u00e7\u00e3o detalhada, com o objetivo de avaliar a extens\u00e3o dos danos e os riscos que ainda podem comprometer a seguran\u00e7a da estrutura da IP4.<\/p>\n\n\n\n<p>Texto: Wesley Lira &#8211; Rep\u00f3rter da TV Encontro das \u00c1guas<\/p>\n","protected":false},"excerpt":{"rendered":"<p>Um desastre de grandes propor\u00e7\u00f5es aconteceu na tarde desta segunda-feira (7) no Porto da Terra Preta, em Manacapuru, no Amazonas. A terra que sustentava uma parte do porto deslizou. O local estava em obras, mas seguia funcionando como ponto estrat\u00e9gico para o transporte de mercadorias e passageiros. A Defesa Civil confirma o desaparecimento de uma [&hellip;]<\/p>\n","protected":false},"author":13,"featured_media":0,"comment_status":"open","ping_status":"open","sticky":false,"template":"","format":"standard","meta":{"_acf_changed":false,"footnotes":""},"categories":[19,898],"tags":[446],"class_list":["post-81568","post","type-post","status-publish","format-standard","hentry","category-brasil-mundo","category-manchete-segundaria","tag-brasil-mundo"],"acf":[],"yoast_head":"<!-- This site is optimized with the Yoast SEO plugin v24.4 - https:\/\/yoast.com\/wordpress\/plugins\/seo\/ -->\n<title>Porto em Manacapuru, no Amazonas, desaba em meio a obras - PORTAL DE NOT\u00cdCIAS CLEITON PINHEIRO<\/title>\n<meta name=\"robots\" content=\"index, follow, max-snippet:-1, max-image-preview:large, max-video-preview:-1\" \/>\n<link rel=\"canonical\" href=\"https:\/\/cleitonpinheiro.com.br\/site\/porto-em-manacapuru-no-amazonas-desaba-em-meio-a-obras\/\" \/>\n<meta property=\"og:locale\" content=\"pt_BR\" \/>\n<meta property=\"og:type\" content=\"article\" \/>\n<meta property=\"og:title\" content=\"Porto em Manacapuru, no Amazonas, desaba em meio a obras - PORTAL DE NOT\u00cdCIAS CLEITON PINHEIRO\" \/>\n<meta property=\"og:description\" content=\"Um desastre de grandes propor\u00e7\u00f5es aconteceu na tarde desta segunda-feira (7) no Porto da Terra Preta, em Manacapuru, no Amazonas. A terra que sustentava uma parte do porto deslizou. O local estava em obras, mas seguia funcionando como ponto estrat\u00e9gico para o transporte de mercadorias e passageiros. A Defesa Civil confirma o desaparecimento de uma [&hellip;]\" \/>\n<meta property=\"og:url\" content=\"https:\/\/cleitonpinheiro.com.br\/site\/porto-em-manacapuru-no-amazonas-desaba-em-meio-a-obras\/\" \/>\n<meta property=\"og:site_name\" content=\"PORTAL DE NOT\u00cdCIAS CLEITON PINHEIRO\" \/>\n<meta property=\"article:publisher\" content=\"https:\/\/www.facebook.com\/portalcpnoticias\/\" \/>\n<meta property=\"article:published_time\" content=\"2024-10-08T10:22:24+00:00\" \/>\n<meta property=\"article:modified_time\" content=\"2024-10-08T10:22:28+00:00\" \/>\n<meta property=\"og:image\" content=\"https:\/\/cleitonpinheiro.com.br\/site\/wp-content\/uploads\/2024\/10\/porto_da_terra_preta_em_manacapuru_desaba.webp\" \/>\n\t<meta property=\"og:image:width\" content=\"1170\" \/>\n\t<meta property=\"og:image:height\" content=\"700\" \/>\n\t<meta property=\"og:image:type\" content=\"image\/webp\" \/>\n<meta name=\"author\" content=\"Reda\u00e7\u00e3o CP\" \/>\n<meta name=\"twitter:card\" content=\"summary_large_image\" \/>\n<meta name=\"twitter:label1\" content=\"Escrito por\" \/>\n\t<meta name=\"twitter:data1\" content=\"Reda\u00e7\u00e3o CP\" \/>\n\t<meta name=\"twitter:label2\" content=\"Est. tempo de leitura\" \/>\n\t<meta name=\"twitter:data2\" content=\"3 minutos\" \/>\n<script type=\"application\/ld+json\" class=\"yoast-schema-graph\">{\"@context\":\"https:\/\/schema.org\",\"@graph\":[{\"@type\":\"Article\",\"@id\":\"https:\/\/cleitonpinheiro.com.br\/site\/porto-em-manacapuru-no-amazonas-desaba-em-meio-a-obras\/#article\",\"isPartOf\":{\"@id\":\"https:\/\/cleitonpinheiro.com.br\/site\/porto-em-manacapuru-no-amazonas-desaba-em-meio-a-obras\/\"},\"author\":{\"name\":\"Reda\u00e7\u00e3o CP\",\"@id\":\"https:\/\/cleitonpinheiro.com.br\/site\/#\/schema\/person\/8f04544e0bc40a1b68775b08360f87db\"},\"headline\":\"Porto em Manacapuru, no Amazonas, desaba em meio a obras\",\"datePublished\":\"2024-10-08T10:22:24+00:00\",\"dateModified\":\"2024-10-08T10:22:28+00:00\",\"mainEntityOfPage\":{\"@id\":\"https:\/\/cleitonpinheiro.com.br\/site\/porto-em-manacapuru-no-amazonas-desaba-em-meio-a-obras\/\"},\"wordCount\":379,\"commentCount\":0,\"publisher\":{\"@id\":\"https:\/\/cleitonpinheiro.com.br\/site\/#organization\"},\"image\":{\"@id\":\"https:\/\/cleitonpinheiro.com.br\/site\/porto-em-manacapuru-no-amazonas-desaba-em-meio-a-obras\/#primaryimage\"},\"thumbnailUrl\":\"https:\/\/cleitonpinheiro.com.br\/site\/wp-content\/uploads\/2024\/10\/porto_da_terra_preta_em_manacapuru_desaba-1024x613.webp\",\"keywords\":[\"Brasil mundo\"],\"articleSection\":[\"BRASIL \/ MUNDO\",\"MANCHETE SEGUND\u00c1RIA\"],\"inLanguage\":\"pt-BR\",\"potentialAction\":[{\"@type\":\"CommentAction\",\"name\":\"Comment\",\"target\":[\"https:\/\/cleitonpinheiro.com.br\/site\/porto-em-manacapuru-no-amazonas-desaba-em-meio-a-obras\/#respond\"]}]},{\"@type\":\"WebPage\",\"@id\":\"https:\/\/cleitonpinheiro.com.br\/site\/porto-em-manacapuru-no-amazonas-desaba-em-meio-a-obras\/\",\"url\":\"https:\/\/cleitonpinheiro.com.br\/site\/porto-em-manacapuru-no-amazonas-desaba-em-meio-a-obras\/\",\"name\":\"Porto em Manacapuru, no Amazonas, desaba em meio a obras - PORTAL DE NOT\u00cdCIAS CLEITON PINHEIRO\",\"isPartOf\":{\"@id\":\"https:\/\/cleitonpinheiro.com.br\/site\/#website\"},\"primaryImageOfPage\":{\"@id\":\"https:\/\/cleitonpinheiro.com.br\/site\/porto-em-manacapuru-no-amazonas-desaba-em-meio-a-obras\/#primaryimage\"},\"image\":{\"@id\":\"https:\/\/cleitonpinheiro.com.br\/site\/porto-em-manacapuru-no-amazonas-desaba-em-meio-a-obras\/#primaryimage\"},\"thumbnailUrl\":\"https:\/\/cleitonpinheiro.com.br\/site\/wp-content\/uploads\/2024\/10\/porto_da_terra_preta_em_manacapuru_desaba-1024x613.webp\",\"datePublished\":\"2024-10-08T10:22:24+00:00\",\"dateModified\":\"2024-10-08T10:22:28+00:00\",\"breadcrumb\":{\"@id\":\"https:\/\/cleitonpinheiro.com.br\/site\/porto-em-manacapuru-no-amazonas-desaba-em-meio-a-obras\/#breadcrumb\"},\"inLanguage\":\"pt-BR\",\"potentialAction\":[{\"@type\":\"ReadAction\",\"target\":[\"https:\/\/cleitonpinheiro.com.br\/site\/porto-em-manacapuru-no-amazonas-desaba-em-meio-a-obras\/\"]}]},{\"@type\":\"ImageObject\",\"inLanguage\":\"pt-BR\",\"@id\":\"https:\/\/cleitonpinheiro.com.br\/site\/porto-em-manacapuru-no-amazonas-desaba-em-meio-a-obras\/#primaryimage\",\"url\":\"\",\"contentUrl\":\"\"},{\"@type\":\"BreadcrumbList\",\"@id\":\"https:\/\/cleitonpinheiro.com.br\/site\/porto-em-manacapuru-no-amazonas-desaba-em-meio-a-obras\/#breadcrumb\",\"itemListElement\":[{\"@type\":\"ListItem\",\"position\":1,\"name\":\"In\u00edcio\",\"item\":\"https:\/\/cleitonpinheiro.com.br\/site\/\"},{\"@type\":\"ListItem\",\"position\":2,\"name\":\"Porto em Manacapuru, no Amazonas, desaba em meio a obras\"}]},{\"@type\":\"WebSite\",\"@id\":\"https:\/\/cleitonpinheiro.com.br\/site\/#website\",\"url\":\"https:\/\/cleitonpinheiro.com.br\/site\/\",\"name\":\"PORTAL DE NOT\u00cdCIAS CLEITON PINHEIRO\",\"description\":\"FALANDO A VERDADE\",\"publisher\":{\"@id\":\"https:\/\/cleitonpinheiro.com.br\/site\/#organization\"},\"potentialAction\":[{\"@type\":\"SearchAction\",\"target\":{\"@type\":\"EntryPoint\",\"urlTemplate\":\"https:\/\/cleitonpinheiro.com.br\/site\/?s={search_term_string}\"},\"query-input\":{\"@type\":\"PropertyValueSpecification\",\"valueRequired\":true,\"valueName\":\"search_term_string\"}}],\"inLanguage\":\"pt-BR\"},{\"@type\":\"Organization\",\"@id\":\"https:\/\/cleitonpinheiro.com.br\/site\/#organization\",\"name\":\"CPNOT\u00cdCIAS\",\"url\":\"https:\/\/cleitonpinheiro.com.br\/site\/\",\"logo\":{\"@type\":\"ImageObject\",\"inLanguage\":\"pt-BR\",\"@id\":\"https:\/\/cleitonpinheiro.com.br\/site\/#\/schema\/logo\/image\/\",\"url\":\"https:\/\/cleitonpinheiro.com.br\/site\/wp-content\/uploads\/2022\/08\/Logo-pequena-2.png\",\"contentUrl\":\"https:\/\/cleitonpinheiro.com.br\/site\/wp-content\/uploads\/2022\/08\/Logo-pequena-2.png\",\"width\":500,\"height\":500,\"caption\":\"CPNOT\u00cdCIAS\"},\"image\":{\"@id\":\"https:\/\/cleitonpinheiro.com.br\/site\/#\/schema\/logo\/image\/\"},\"sameAs\":[\"https:\/\/www.facebook.com\/portalcpnoticias\/\"]},{\"@type\":\"Person\",\"@id\":\"https:\/\/cleitonpinheiro.com.br\/site\/#\/schema\/person\/8f04544e0bc40a1b68775b08360f87db\",\"name\":\"Reda\u00e7\u00e3o CP\",\"image\":{\"@type\":\"ImageObject\",\"inLanguage\":\"pt-BR\",\"@id\":\"https:\/\/cleitonpinheiro.com.br\/site\/#\/schema\/person\/image\/\",\"url\":\"https:\/\/secure.gravatar.com\/avatar\/0bcf19cb29fdc8fc588c490c7ae1b3e174dac268586a63fbe1d1893a0f9020cd?s=96&r=g\",\"contentUrl\":\"https:\/\/secure.gravatar.com\/avatar\/0bcf19cb29fdc8fc588c490c7ae1b3e174dac268586a63fbe1d1893a0f9020cd?s=96&r=g\",\"caption\":\"Reda\u00e7\u00e3o CP\"},\"url\":\"https:\/\/cleitonpinheiro.com.br\/site\/author\/redacao\/\"}]}<\/script>\n<!-- \/ Yoast SEO plugin. -->","yoast_head_json":{"title":"Porto em Manacapuru, no Amazonas, desaba em meio a obras - PORTAL DE NOT\u00cdCIAS CLEITON PINHEIRO","robots":{"index":"index","follow":"follow","max-snippet":"max-snippet:-1","max-image-preview":"max-image-preview:large","max-video-preview":"max-video-preview:-1"},"canonical":"https:\/\/cleitonpinheiro.com.br\/site\/porto-em-manacapuru-no-amazonas-desaba-em-meio-a-obras\/","og_locale":"pt_BR","og_type":"article","og_title":"Porto em Manacapuru, no Amazonas, desaba em meio a obras - PORTAL DE NOT\u00cdCIAS CLEITON PINHEIRO","og_description":"Um desastre de grandes propor\u00e7\u00f5es aconteceu na tarde desta segunda-feira (7) no Porto da Terra Preta, em Manacapuru, no Amazonas. A terra que sustentava uma parte do porto deslizou. O local estava em obras, mas seguia funcionando como ponto estrat\u00e9gico para o transporte de mercadorias e passageiros. A Defesa Civil confirma o desaparecimento de uma [&hellip;]","og_url":"https:\/\/cleitonpinheiro.com.br\/site\/porto-em-manacapuru-no-amazonas-desaba-em-meio-a-obras\/","og_site_name":"PORTAL DE NOT\u00cdCIAS CLEITON PINHEIRO","article_publisher":"https:\/\/www.facebook.com\/portalcpnoticias\/","article_published_time":"2024-10-08T10:22:24+00:00","article_modified_time":"2024-10-08T10:22:28+00:00","og_image":[{"width":1170,"height":700,"url":"https:\/\/cleitonpinheiro.com.br\/site\/wp-content\/uploads\/2024\/10\/porto_da_terra_preta_em_manacapuru_desaba.webp","type":"image\/webp"}],"author":"Reda\u00e7\u00e3o CP","twitter_card":"summary_large_image","twitter_misc":{"Escrito por":"Reda\u00e7\u00e3o CP","Est. tempo de leitura":"3 minutos"},"schema":{"@context":"https:\/\/schema.org","@graph":[{"@type":"Article","@id":"https:\/\/cleitonpinheiro.com.br\/site\/porto-em-manacapuru-no-amazonas-desaba-em-meio-a-obras\/#article","isPartOf":{"@id":"https:\/\/cleitonpinheiro.com.br\/site\/porto-em-manacapuru-no-amazonas-desaba-em-meio-a-obras\/"},"author":{"name":"Reda\u00e7\u00e3o CP","@id":"https:\/\/cleitonpinheiro.com.br\/site\/#\/schema\/person\/8f04544e0bc40a1b68775b08360f87db"},"headline":"Porto em Manacapuru, no Amazonas, desaba em meio a obras","datePublished":"2024-10-08T10:22:24+00:00","dateModified":"2024-10-08T10:22:28+00:00","mainEntityOfPage":{"@id":"https:\/\/cleitonpinheiro.com.br\/site\/porto-em-manacapuru-no-amazonas-desaba-em-meio-a-obras\/"},"wordCount":379,"commentCount":0,"publisher":{"@id":"https:\/\/cleitonpinheiro.com.br\/site\/#organization"},"image":{"@id":"https:\/\/cleitonpinheiro.com.br\/site\/porto-em-manacapuru-no-amazonas-desaba-em-meio-a-obras\/#primaryimage"},"thumbnailUrl":"https:\/\/cleitonpinheiro.com.br\/site\/wp-content\/uploads\/2024\/10\/porto_da_terra_preta_em_manacapuru_desaba-1024x613.webp","keywords":["Brasil mundo"],"articleSection":["BRASIL \/ MUNDO","MANCHETE SEGUND\u00c1RIA"],"inLanguage":"pt-BR","potentialAction":[{"@type":"CommentAction","name":"Comment","target":["https:\/\/cleitonpinheiro.com.br\/site\/porto-em-manacapuru-no-amazonas-desaba-em-meio-a-obras\/#respond"]}]},{"@type":"WebPage","@id":"https:\/\/cleitonpinheiro.com.br\/site\/porto-em-manacapuru-no-amazonas-desaba-em-meio-a-obras\/","url":"https:\/\/cleitonpinheiro.com.br\/site\/porto-em-manacapuru-no-amazonas-desaba-em-meio-a-obras\/","name":"Porto em Manacapuru, no Amazonas, desaba em meio a obras - PORTAL DE NOT\u00cdCIAS CLEITON PINHEIRO","isPartOf":{"@id":"https:\/\/cleitonpinheiro.com.br\/site\/#website"},"primaryImageOfPage":{"@id":"https:\/\/cleitonpinheiro.com.br\/site\/porto-em-manacapuru-no-amazonas-desaba-em-meio-a-obras\/#primaryimage"},"image":{"@id":"https:\/\/cleitonpinheiro.com.br\/site\/porto-em-manacapuru-no-amazonas-desaba-em-meio-a-obras\/#primaryimage"},"thumbnailUrl":"https:\/\/cleitonpinheiro.com.br\/site\/wp-content\/uploads\/2024\/10\/porto_da_terra_preta_em_manacapuru_desaba-1024x613.webp","datePublished":"2024-10-08T10:22:24+00:00","dateModified":"2024-10-08T10:22:28+00:00","breadcrumb":{"@id":"https:\/\/cleitonpinheiro.com.br\/site\/porto-em-manacapuru-no-amazonas-desaba-em-meio-a-obras\/#breadcrumb"},"inLanguage":"pt-BR","potentialAction":[{"@type":"ReadAction","target":["https:\/\/cleitonpinheiro.com.br\/site\/porto-em-manacapuru-no-amazonas-desaba-em-meio-a-obras\/"]}]},{"@type":"ImageObject","inLanguage":"pt-BR","@id":"https:\/\/cleitonpinheiro.com.br\/site\/porto-em-manacapuru-no-amazonas-desaba-em-meio-a-obras\/#primaryimage","url":"","contentUrl":""},{"@type":"BreadcrumbList","@id":"https:\/\/cleitonpinheiro.com.br\/site\/porto-em-manacapuru-no-amazonas-desaba-em-meio-a-obras\/#breadcrumb","itemListElement":[{"@type":"ListItem","position":1,"name":"In\u00edcio","item":"https:\/\/cleitonpinheiro.com.br\/site\/"},{"@type":"ListItem","position":2,"name":"Porto em Manacapuru, no Amazonas, desaba em meio a obras"}]},{"@type":"WebSite","@id":"https:\/\/cleitonpinheiro.com.br\/site\/#website","url":"https:\/\/cleitonpinheiro.com.br\/site\/","name":"PORTAL DE NOT\u00cdCIAS CLEITON PINHEIRO","description":"FALANDO A VERDADE","publisher":{"@id":"https:\/\/cleitonpinheiro.com.br\/site\/#organization"},"potentialAction":[{"@type":"SearchAction","target":{"@type":"EntryPoint","urlTemplate":"https:\/\/cleitonpinheiro.com.br\/site\/?s={search_term_string}"},"query-input":{"@type":"PropertyValueSpecification","valueRequired":true,"valueName":"search_term_string"}}],"inLanguage":"pt-BR"},{"@type":"Organization","@id":"https:\/\/cleitonpinheiro.com.br\/site\/#organization","name":"CPNOT\u00cdCIAS","url":"https:\/\/cleitonpinheiro.com.br\/site\/","logo":{"@type":"ImageObject","inLanguage":"pt-BR","@id":"https:\/\/cleitonpinheiro.com.br\/site\/#\/schema\/logo\/image\/","url":"https:\/\/cleitonpinheiro.com.br\/site\/wp-content\/uploads\/2022\/08\/Logo-pequena-2.png","contentUrl":"https:\/\/cleitonpinheiro.com.br\/site\/wp-content\/uploads\/2022\/08\/Logo-pequena-2.png","width":500,"height":500,"caption":"CPNOT\u00cdCIAS"},"image":{"@id":"https:\/\/cleitonpinheiro.com.br\/site\/#\/schema\/logo\/image\/"},"sameAs":["https:\/\/www.facebook.com\/portalcpnoticias\/"]},{"@type":"Person","@id":"https:\/\/cleitonpinheiro.com.br\/site\/#\/schema\/person\/8f04544e0bc40a1b68775b08360f87db","name":"Reda\u00e7\u00e3o CP","image":{"@type":"ImageObject","inLanguage":"pt-BR","@id":"https:\/\/cleitonpinheiro.com.br\/site\/#\/schema\/person\/image\/","url":"https:\/\/secure.gravatar.com\/avatar\/0bcf19cb29fdc8fc588c490c7ae1b3e174dac268586a63fbe1d1893a0f9020cd?s=96&r=g","contentUrl":"https:\/\/secure.gravatar.com\/avatar\/0bcf19cb29fdc8fc588c490c7ae1b3e174dac268586a63fbe1d1893a0f9020cd?s=96&r=g","caption":"Reda\u00e7\u00e3o CP"},"url":"https:\/\/cleitonpinheiro.com.br\/site\/author\/redacao\/"}]}},"views":142,"_links":{"self":[{"href":"https:\/\/cleitonpinheiro.com.br\/site\/wp-json\/wp\/v2\/posts\/81568","targetHints":{"allow":["GET"]}}],"collection":[{"href":"https:\/\/cleitonpinheiro.com.br\/site\/wp-json\/wp\/v2\/posts"}],"about":[{"href":"https:\/\/cleitonpinheiro.com.br\/site\/wp-json\/wp\/v2\/types\/post"}],"author":[{"embeddable":true,"href":"https:\/\/cleitonpinheiro.com.br\/site\/wp-json\/wp\/v2\/users\/13"}],"replies":[{"embeddable":true,"href":"https:\/\/cleitonpinheiro.com.br\/site\/wp-json\/wp\/v2\/comments?post=81568"}],"version-history":[{"count":1,"href":"https:\/\/cleitonpinheiro.com.br\/site\/wp-json\/wp\/v2\/posts\/81568\/revisions"}],"predecessor-version":[{"id":81570,"href":"https:\/\/cleitonpinheiro.com.br\/site\/wp-json\/wp\/v2\/posts\/81568\/revisions\/81570"}],"wp:attachment":[{"href":"https:\/\/cleitonpinheiro.com.br\/site\/wp-json\/wp\/v2\/media?parent=81568"}],"wp:term":[{"taxonomy":"category","embeddable":true,"href":"https:\/\/cleitonpinheiro.com.br\/site\/wp-json\/wp\/v2\/categories?post=81568"},{"taxonomy":"post_tag","embeddable":true,"href":"https:\/\/cleitonpinheiro.com.br\/site\/wp-json\/wp\/v2\/tags?post=81568"}],"curies":[{"name":"wp","href":"https:\/\/api.w.org\/{rel}","templated":true}]}}