{"id":81583,"date":"2024-10-08T09:12:20","date_gmt":"2024-10-08T12:12:20","guid":{"rendered":"https:\/\/cleitonpinheiro.com.br\/site\/?p=81583"},"modified":"2024-10-08T09:12:26","modified_gmt":"2024-10-08T12:12:26","slug":"justica-determina-que-brk-regularize-fornecimento-da-agua-em-palmas","status":"publish","type":"post","link":"https:\/\/cleitonpinheiro.com.br\/site\/justica-determina-que-brk-regularize-fornecimento-da-agua-em-palmas\/","title":{"rendered":"Justi\u00e7a determina que BRK regularize fornecimento da \u00e1gua em Palmas"},"content":{"rendered":"\n<figure class=\"wp-block-gallery has-nested-images columns-default is-cropped wp-block-gallery-1 is-layout-flex wp-block-gallery-is-layout-flex\">\n<figure class=\"wp-block-image size-large\"><img decoding=\"async\" data-id=\"81584\" src=\"https:\/\/cleitonpinheiro.com.br\/site\/wp-content\/uploads\/2024\/10\/F\u2013Fachada-predio-da-Procuradoria-Geral-do-Estado-PGE-TO-Foto-Luciano-Ribeiro-Governo-do-Tocantins-1024x585.jpg\" alt=\"\" class=\"wp-image-81584\"\/><figcaption class=\"wp-element-caption\">Foto: Foto: Luciano Ribeiro\/Governo do Tocantins<\/figcaption><\/figure>\n<\/figure>\n\n\n\n<p>A Justi\u00e7a do Tocantins concedeu tutela de urg\u00eancia solicitada pelo Governo do Estado em uma A\u00e7\u00e3o Civil P\u00fablica contra a BRK Ambiental, concession\u00e1ria respons\u00e1vel pelo abastecimento de \u00e1gua e saneamento em v\u00e1rios munic\u00edpios do estado. A decis\u00e3o, emitida nesta segunda-feira, 7, pela 1\u00aa Vara da Fazenda e Registros P\u00fablicos de Palmas, exige que a empresa regularize a qualidade da \u00e1gua fornecida na capital, ap\u00f3s diversas reclama\u00e7\u00f5es sobre falhas nos servi\u00e7os.<\/p>\n\n\n\n<p>Conforme a determina\u00e7\u00e3o judicial, a BRK Ambiental tem um prazo de 30 dias para solucionar os problemas na distribui\u00e7\u00e3o de \u00e1gua em Palmas. Al\u00e9m disso, a empresa deve apresentar, em at\u00e9 cinco dias, os resultados dos testes realizados entre 15 de setembro e 3 de outubro, comprovando a potabilidade da \u00e1gua fornecida nesse per\u00edodo.<\/p>\n\n\n\n<p>Outra medida estabelecida pelo Tribunal de Justi\u00e7a \u00e9 a realiza\u00e7\u00e3o de testes mensais da qualidade da \u00e1gua, que dever\u00e3o ser acompanhados por \u00f3rg\u00e3os de vigil\u00e2ncia sanit\u00e1ria e de defesa do consumidor, at\u00e9 que todas as irregularidades sejam resolvidas. Em caso de descumprimento, a BRK ser\u00e1 multada em R$ 50 mil por dia de atraso.<\/p>\n\n\n\n<p>O governador Wanderlei Barbosa expressou satisfa\u00e7\u00e3o com a decis\u00e3o, ressaltando a import\u00e2ncia de garantir direitos fundamentais \u00e0 popula\u00e7\u00e3o. &#8220;Recebemos a decis\u00e3o com grande satisfa\u00e7\u00e3o, pois refor\u00e7a a necessidade de assegurar o fornecimento de \u00e1gua de qualidade, que \u00e9 um direito de todos. Quando isso n\u00e3o ocorre, a sa\u00fade e o bem-estar dos cidad\u00e3os s\u00e3o diretamente prejudicados. Estamos exigindo que a BRK Ambiental atenda imediatamente \u00e0s suas responsabilidades, pois n\u00e3o podemos tolerar falhas que coloquem vidas em risco, como j\u00e1 aconteceu em Palmas&#8221;, destacou o governador.<\/p>\n\n\n\n<h3 class=\"wp-block-heading\">A\u00e7\u00e3o Civil P\u00fablica<\/h3>\n\n\n\n<p>A a\u00e7\u00e3o, movida pelo Estado do Tocantins atrav\u00e9s da Procuradoria-Geral do Estado (PGE), foi protocolada na \u00faltima sexta-feira, 4, devido \u00e0 deteriora\u00e7\u00e3o significativa na qualidade da \u00e1gua fornecida em Palmas. Moradores t\u00eam relatado problemas com a cor, o cheiro e o sabor da \u00e1gua, levantando preocupa\u00e7\u00f5es quanto \u00e0 sua potabilidade e aos riscos \u00e0 sa\u00fade p\u00fablica.<\/p>\n\n\n\n<p>A Procuradoria contestou a postura da concession\u00e1ria, destacando que a popula\u00e7\u00e3o continua sofrendo com os impactos da baixa qualidade da \u00e1gua, incluindo quest\u00f5es de sa\u00fade. Al\u00e9m das medidas corretivas, a a\u00e7\u00e3o judicial tamb\u00e9m pede a aplica\u00e7\u00e3o de descontos proporcionais nas tarifas de \u00e1gua, conforme o C\u00f3digo de Defesa do Consumidor, e maior transpar\u00eancia nas informa\u00e7\u00f5es sobre a qualidade da \u00e1gua distribu\u00edda.<\/p>\n\n\n\n<p>Com informa\u00e7\u00f5es Governo do TO<\/p>\n","protected":false},"excerpt":{"rendered":"<p>A Justi\u00e7a do Tocantins concedeu tutela de urg\u00eancia solicitada pelo Governo do Estado em uma A\u00e7\u00e3o Civil P\u00fablica contra a BRK Ambiental, concession\u00e1ria respons\u00e1vel pelo abastecimento de \u00e1gua e saneamento em v\u00e1rios munic\u00edpios do estado. A decis\u00e3o, emitida nesta segunda-feira, 7, pela 1\u00aa Vara da Fazenda e Registros P\u00fablicos de Palmas, exige que a empresa [&hellip;]<\/p>\n","protected":false},"author":13,"featured_media":0,"comment_status":"open","ping_status":"open","sticky":false,"template":"","format":"standard","meta":{"_acf_changed":false,"footnotes":""},"categories":[22,898],"tags":[],"class_list":["post-81583","post","type-post","status-publish","format-standard","hentry","category-cidades","category-manchete-segundaria"],"acf":[],"yoast_head":"<!-- This site is optimized with the Yoast SEO plugin v24.4 - https:\/\/yoast.com\/wordpress\/plugins\/seo\/ -->\n<title>Justi\u00e7a determina que BRK regularize fornecimento da \u00e1gua em Palmas - PORTAL DE NOT\u00cdCIAS CLEITON PINHEIRO<\/title>\n<meta name=\"robots\" content=\"index, follow, max-snippet:-1, max-image-preview:large, max-video-preview:-1\" \/>\n<link rel=\"canonical\" href=\"https:\/\/cleitonpinheiro.com.br\/site\/justica-determina-que-brk-regularize-fornecimento-da-agua-em-palmas\/\" \/>\n<meta property=\"og:locale\" content=\"pt_BR\" \/>\n<meta property=\"og:type\" content=\"article\" \/>\n<meta property=\"og:title\" content=\"Justi\u00e7a determina que BRK regularize fornecimento da \u00e1gua em Palmas - PORTAL DE NOT\u00cdCIAS CLEITON PINHEIRO\" \/>\n<meta property=\"og:description\" content=\"A Justi\u00e7a do Tocantins concedeu tutela de urg\u00eancia solicitada pelo Governo do Estado em uma A\u00e7\u00e3o Civil P\u00fablica contra a BRK Ambiental, concession\u00e1ria respons\u00e1vel pelo abastecimento de \u00e1gua e saneamento em v\u00e1rios munic\u00edpios do estado. A decis\u00e3o, emitida nesta segunda-feira, 7, pela 1\u00aa Vara da Fazenda e Registros P\u00fablicos de Palmas, exige que a empresa [&hellip;]\" \/>\n<meta property=\"og:url\" content=\"https:\/\/cleitonpinheiro.com.br\/site\/justica-determina-que-brk-regularize-fornecimento-da-agua-em-palmas\/\" \/>\n<meta property=\"og:site_name\" content=\"PORTAL DE NOT\u00cdCIAS CLEITON PINHEIRO\" \/>\n<meta property=\"article:publisher\" content=\"https:\/\/www.facebook.com\/portalcpnoticias\/\" \/>\n<meta property=\"article:published_time\" content=\"2024-10-08T12:12:20+00:00\" \/>\n<meta property=\"article:modified_time\" content=\"2024-10-08T12:12:26+00:00\" \/>\n<meta property=\"og:image\" content=\"https:\/\/cleitonpinheiro.com.br\/site\/wp-content\/uploads\/2024\/10\/F\u2013Fachada-predio-da-Procuradoria-Geral-do-Estado-PGE-TO-Foto-Luciano-Ribeiro-Governo-do-Tocantins-scaled.jpg\" \/>\n\t<meta property=\"og:image:width\" content=\"2560\" \/>\n\t<meta property=\"og:image:height\" content=\"1463\" \/>\n\t<meta property=\"og:image:type\" content=\"image\/jpeg\" \/>\n<meta name=\"author\" content=\"Reda\u00e7\u00e3o CP\" \/>\n<meta name=\"twitter:card\" content=\"summary_large_image\" \/>\n<meta name=\"twitter:label1\" content=\"Escrito por\" \/>\n\t<meta name=\"twitter:data1\" content=\"Reda\u00e7\u00e3o CP\" \/>\n\t<meta name=\"twitter:label2\" content=\"Est. tempo de leitura\" \/>\n\t<meta name=\"twitter:data2\" content=\"3 minutos\" \/>\n<script type=\"application\/ld+json\" class=\"yoast-schema-graph\">{\"@context\":\"https:\/\/schema.org\",\"@graph\":[{\"@type\":\"Article\",\"@id\":\"https:\/\/cleitonpinheiro.com.br\/site\/justica-determina-que-brk-regularize-fornecimento-da-agua-em-palmas\/#article\",\"isPartOf\":{\"@id\":\"https:\/\/cleitonpinheiro.com.br\/site\/justica-determina-que-brk-regularize-fornecimento-da-agua-em-palmas\/\"},\"author\":{\"name\":\"Reda\u00e7\u00e3o CP\",\"@id\":\"https:\/\/cleitonpinheiro.com.br\/site\/#\/schema\/person\/8f04544e0bc40a1b68775b08360f87db\"},\"headline\":\"Justi\u00e7a determina que BRK regularize fornecimento da \u00e1gua em Palmas\",\"datePublished\":\"2024-10-08T12:12:20+00:00\",\"dateModified\":\"2024-10-08T12:12:26+00:00\",\"mainEntityOfPage\":{\"@id\":\"https:\/\/cleitonpinheiro.com.br\/site\/justica-determina-que-brk-regularize-fornecimento-da-agua-em-palmas\/\"},\"wordCount\":450,\"commentCount\":0,\"publisher\":{\"@id\":\"https:\/\/cleitonpinheiro.com.br\/site\/#organization\"},\"articleSection\":[\"CIDADES\",\"MANCHETE SEGUND\u00c1RIA\"],\"inLanguage\":\"pt-BR\",\"potentialAction\":[{\"@type\":\"CommentAction\",\"name\":\"Comment\",\"target\":[\"https:\/\/cleitonpinheiro.com.br\/site\/justica-determina-que-brk-regularize-fornecimento-da-agua-em-palmas\/#respond\"]}]},{\"@type\":\"WebPage\",\"@id\":\"https:\/\/cleitonpinheiro.com.br\/site\/justica-determina-que-brk-regularize-fornecimento-da-agua-em-palmas\/\",\"url\":\"https:\/\/cleitonpinheiro.com.br\/site\/justica-determina-que-brk-regularize-fornecimento-da-agua-em-palmas\/\",\"name\":\"Justi\u00e7a determina que BRK regularize fornecimento da \u00e1gua em Palmas - PORTAL DE NOT\u00cdCIAS CLEITON PINHEIRO\",\"isPartOf\":{\"@id\":\"https:\/\/cleitonpinheiro.com.br\/site\/#website\"},\"datePublished\":\"2024-10-08T12:12:20+00:00\",\"dateModified\":\"2024-10-08T12:12:26+00:00\",\"breadcrumb\":{\"@id\":\"https:\/\/cleitonpinheiro.com.br\/site\/justica-determina-que-brk-regularize-fornecimento-da-agua-em-palmas\/#breadcrumb\"},\"inLanguage\":\"pt-BR\",\"potentialAction\":[{\"@type\":\"ReadAction\",\"target\":[\"https:\/\/cleitonpinheiro.com.br\/site\/justica-determina-que-brk-regularize-fornecimento-da-agua-em-palmas\/\"]}]},{\"@type\":\"BreadcrumbList\",\"@id\":\"https:\/\/cleitonpinheiro.com.br\/site\/justica-determina-que-brk-regularize-fornecimento-da-agua-em-palmas\/#breadcrumb\",\"itemListElement\":[{\"@type\":\"ListItem\",\"position\":1,\"name\":\"In\u00edcio\",\"item\":\"https:\/\/cleitonpinheiro.com.br\/site\/\"},{\"@type\":\"ListItem\",\"position\":2,\"name\":\"Justi\u00e7a determina que BRK regularize fornecimento da \u00e1gua em Palmas\"}]},{\"@type\":\"WebSite\",\"@id\":\"https:\/\/cleitonpinheiro.com.br\/site\/#website\",\"url\":\"https:\/\/cleitonpinheiro.com.br\/site\/\",\"name\":\"PORTAL DE NOT\u00cdCIAS CLEITON PINHEIRO\",\"description\":\"FALANDO A VERDADE\",\"publisher\":{\"@id\":\"https:\/\/cleitonpinheiro.com.br\/site\/#organization\"},\"potentialAction\":[{\"@type\":\"SearchAction\",\"target\":{\"@type\":\"EntryPoint\",\"urlTemplate\":\"https:\/\/cleitonpinheiro.com.br\/site\/?s={search_term_string}\"},\"query-input\":{\"@type\":\"PropertyValueSpecification\",\"valueRequired\":true,\"valueName\":\"search_term_string\"}}],\"inLanguage\":\"pt-BR\"},{\"@type\":\"Organization\",\"@id\":\"https:\/\/cleitonpinheiro.com.br\/site\/#organization\",\"name\":\"CPNOT\u00cdCIAS\",\"url\":\"https:\/\/cleitonpinheiro.com.br\/site\/\",\"logo\":{\"@type\":\"ImageObject\",\"inLanguage\":\"pt-BR\",\"@id\":\"https:\/\/cleitonpinheiro.com.br\/site\/#\/schema\/logo\/image\/\",\"url\":\"https:\/\/cleitonpinheiro.com.br\/site\/wp-content\/uploads\/2022\/08\/Logo-pequena-2.png\",\"contentUrl\":\"https:\/\/cleitonpinheiro.com.br\/site\/wp-content\/uploads\/2022\/08\/Logo-pequena-2.png\",\"width\":500,\"height\":500,\"caption\":\"CPNOT\u00cdCIAS\"},\"image\":{\"@id\":\"https:\/\/cleitonpinheiro.com.br\/site\/#\/schema\/logo\/image\/\"},\"sameAs\":[\"https:\/\/www.facebook.com\/portalcpnoticias\/\"]},{\"@type\":\"Person\",\"@id\":\"https:\/\/cleitonpinheiro.com.br\/site\/#\/schema\/person\/8f04544e0bc40a1b68775b08360f87db\",\"name\":\"Reda\u00e7\u00e3o CP\",\"image\":{\"@type\":\"ImageObject\",\"inLanguage\":\"pt-BR\",\"@id\":\"https:\/\/cleitonpinheiro.com.br\/site\/#\/schema\/person\/image\/\",\"url\":\"https:\/\/secure.gravatar.com\/avatar\/0bcf19cb29fdc8fc588c490c7ae1b3e174dac268586a63fbe1d1893a0f9020cd?s=96&r=g\",\"contentUrl\":\"https:\/\/secure.gravatar.com\/avatar\/0bcf19cb29fdc8fc588c490c7ae1b3e174dac268586a63fbe1d1893a0f9020cd?s=96&r=g\",\"caption\":\"Reda\u00e7\u00e3o CP\"},\"url\":\"https:\/\/cleitonpinheiro.com.br\/site\/author\/redacao\/\"}]}<\/script>\n<!-- \/ Yoast SEO plugin. -->","yoast_head_json":{"title":"Justi\u00e7a determina que BRK regularize fornecimento da \u00e1gua em Palmas - PORTAL DE NOT\u00cdCIAS CLEITON PINHEIRO","robots":{"index":"index","follow":"follow","max-snippet":"max-snippet:-1","max-image-preview":"max-image-preview:large","max-video-preview":"max-video-preview:-1"},"canonical":"https:\/\/cleitonpinheiro.com.br\/site\/justica-determina-que-brk-regularize-fornecimento-da-agua-em-palmas\/","og_locale":"pt_BR","og_type":"article","og_title":"Justi\u00e7a determina que BRK regularize fornecimento da \u00e1gua em Palmas - PORTAL DE NOT\u00cdCIAS CLEITON PINHEIRO","og_description":"A Justi\u00e7a do Tocantins concedeu tutela de urg\u00eancia solicitada pelo Governo do Estado em uma A\u00e7\u00e3o Civil P\u00fablica contra a BRK Ambiental, concession\u00e1ria respons\u00e1vel pelo abastecimento de \u00e1gua e saneamento em v\u00e1rios munic\u00edpios do estado. A decis\u00e3o, emitida nesta segunda-feira, 7, pela 1\u00aa Vara da Fazenda e Registros P\u00fablicos de Palmas, exige que a empresa [&hellip;]","og_url":"https:\/\/cleitonpinheiro.com.br\/site\/justica-determina-que-brk-regularize-fornecimento-da-agua-em-palmas\/","og_site_name":"PORTAL DE NOT\u00cdCIAS CLEITON PINHEIRO","article_publisher":"https:\/\/www.facebook.com\/portalcpnoticias\/","article_published_time":"2024-10-08T12:12:20+00:00","article_modified_time":"2024-10-08T12:12:26+00:00","og_image":[{"width":2560,"height":1463,"url":"https:\/\/cleitonpinheiro.com.br\/site\/wp-content\/uploads\/2024\/10\/F\u2013Fachada-predio-da-Procuradoria-Geral-do-Estado-PGE-TO-Foto-Luciano-Ribeiro-Governo-do-Tocantins-scaled.jpg","type":"image\/jpeg"}],"author":"Reda\u00e7\u00e3o CP","twitter_card":"summary_large_image","twitter_misc":{"Escrito por":"Reda\u00e7\u00e3o CP","Est. tempo de leitura":"3 minutos"},"schema":{"@context":"https:\/\/schema.org","@graph":[{"@type":"Article","@id":"https:\/\/cleitonpinheiro.com.br\/site\/justica-determina-que-brk-regularize-fornecimento-da-agua-em-palmas\/#article","isPartOf":{"@id":"https:\/\/cleitonpinheiro.com.br\/site\/justica-determina-que-brk-regularize-fornecimento-da-agua-em-palmas\/"},"author":{"name":"Reda\u00e7\u00e3o CP","@id":"https:\/\/cleitonpinheiro.com.br\/site\/#\/schema\/person\/8f04544e0bc40a1b68775b08360f87db"},"headline":"Justi\u00e7a determina que BRK regularize fornecimento da \u00e1gua em Palmas","datePublished":"2024-10-08T12:12:20+00:00","dateModified":"2024-10-08T12:12:26+00:00","mainEntityOfPage":{"@id":"https:\/\/cleitonpinheiro.com.br\/site\/justica-determina-que-brk-regularize-fornecimento-da-agua-em-palmas\/"},"wordCount":450,"commentCount":0,"publisher":{"@id":"https:\/\/cleitonpinheiro.com.br\/site\/#organization"},"articleSection":["CIDADES","MANCHETE SEGUND\u00c1RIA"],"inLanguage":"pt-BR","potentialAction":[{"@type":"CommentAction","name":"Comment","target":["https:\/\/cleitonpinheiro.com.br\/site\/justica-determina-que-brk-regularize-fornecimento-da-agua-em-palmas\/#respond"]}]},{"@type":"WebPage","@id":"https:\/\/cleitonpinheiro.com.br\/site\/justica-determina-que-brk-regularize-fornecimento-da-agua-em-palmas\/","url":"https:\/\/cleitonpinheiro.com.br\/site\/justica-determina-que-brk-regularize-fornecimento-da-agua-em-palmas\/","name":"Justi\u00e7a determina que BRK regularize fornecimento da \u00e1gua em Palmas - PORTAL DE NOT\u00cdCIAS CLEITON PINHEIRO","isPartOf":{"@id":"https:\/\/cleitonpinheiro.com.br\/site\/#website"},"datePublished":"2024-10-08T12:12:20+00:00","dateModified":"2024-10-08T12:12:26+00:00","breadcrumb":{"@id":"https:\/\/cleitonpinheiro.com.br\/site\/justica-determina-que-brk-regularize-fornecimento-da-agua-em-palmas\/#breadcrumb"},"inLanguage":"pt-BR","potentialAction":[{"@type":"ReadAction","target":["https:\/\/cleitonpinheiro.com.br\/site\/justica-determina-que-brk-regularize-fornecimento-da-agua-em-palmas\/"]}]},{"@type":"BreadcrumbList","@id":"https:\/\/cleitonpinheiro.com.br\/site\/justica-determina-que-brk-regularize-fornecimento-da-agua-em-palmas\/#breadcrumb","itemListElement":[{"@type":"ListItem","position":1,"name":"In\u00edcio","item":"https:\/\/cleitonpinheiro.com.br\/site\/"},{"@type":"ListItem","position":2,"name":"Justi\u00e7a determina que BRK regularize fornecimento da \u00e1gua em Palmas"}]},{"@type":"WebSite","@id":"https:\/\/cleitonpinheiro.com.br\/site\/#website","url":"https:\/\/cleitonpinheiro.com.br\/site\/","name":"PORTAL DE NOT\u00cdCIAS CLEITON PINHEIRO","description":"FALANDO A VERDADE","publisher":{"@id":"https:\/\/cleitonpinheiro.com.br\/site\/#organization"},"potentialAction":[{"@type":"SearchAction","target":{"@type":"EntryPoint","urlTemplate":"https:\/\/cleitonpinheiro.com.br\/site\/?s={search_term_string}"},"query-input":{"@type":"PropertyValueSpecification","valueRequired":true,"valueName":"search_term_string"}}],"inLanguage":"pt-BR"},{"@type":"Organization","@id":"https:\/\/cleitonpinheiro.com.br\/site\/#organization","name":"CPNOT\u00cdCIAS","url":"https:\/\/cleitonpinheiro.com.br\/site\/","logo":{"@type":"ImageObject","inLanguage":"pt-BR","@id":"https:\/\/cleitonpinheiro.com.br\/site\/#\/schema\/logo\/image\/","url":"https:\/\/cleitonpinheiro.com.br\/site\/wp-content\/uploads\/2022\/08\/Logo-pequena-2.png","contentUrl":"https:\/\/cleitonpinheiro.com.br\/site\/wp-content\/uploads\/2022\/08\/Logo-pequena-2.png","width":500,"height":500,"caption":"CPNOT\u00cdCIAS"},"image":{"@id":"https:\/\/cleitonpinheiro.com.br\/site\/#\/schema\/logo\/image\/"},"sameAs":["https:\/\/www.facebook.com\/portalcpnoticias\/"]},{"@type":"Person","@id":"https:\/\/cleitonpinheiro.com.br\/site\/#\/schema\/person\/8f04544e0bc40a1b68775b08360f87db","name":"Reda\u00e7\u00e3o CP","image":{"@type":"ImageObject","inLanguage":"pt-BR","@id":"https:\/\/cleitonpinheiro.com.br\/site\/#\/schema\/person\/image\/","url":"https:\/\/secure.gravatar.com\/avatar\/0bcf19cb29fdc8fc588c490c7ae1b3e174dac268586a63fbe1d1893a0f9020cd?s=96&r=g","contentUrl":"https:\/\/secure.gravatar.com\/avatar\/0bcf19cb29fdc8fc588c490c7ae1b3e174dac268586a63fbe1d1893a0f9020cd?s=96&r=g","caption":"Reda\u00e7\u00e3o CP"},"url":"https:\/\/cleitonpinheiro.com.br\/site\/author\/redacao\/"}]}},"views":145,"_links":{"self":[{"href":"https:\/\/cleitonpinheiro.com.br\/site\/wp-json\/wp\/v2\/posts\/81583","targetHints":{"allow":["GET"]}}],"collection":[{"href":"https:\/\/cleitonpinheiro.com.br\/site\/wp-json\/wp\/v2\/posts"}],"about":[{"href":"https:\/\/cleitonpinheiro.com.br\/site\/wp-json\/wp\/v2\/types\/post"}],"author":[{"embeddable":true,"href":"https:\/\/cleitonpinheiro.com.br\/site\/wp-json\/wp\/v2\/users\/13"}],"replies":[{"embeddable":true,"href":"https:\/\/cleitonpinheiro.com.br\/site\/wp-json\/wp\/v2\/comments?post=81583"}],"version-history":[{"count":1,"href":"https:\/\/cleitonpinheiro.com.br\/site\/wp-json\/wp\/v2\/posts\/81583\/revisions"}],"predecessor-version":[{"id":81585,"href":"https:\/\/cleitonpinheiro.com.br\/site\/wp-json\/wp\/v2\/posts\/81583\/revisions\/81585"}],"wp:attachment":[{"href":"https:\/\/cleitonpinheiro.com.br\/site\/wp-json\/wp\/v2\/media?parent=81583"}],"wp:term":[{"taxonomy":"category","embeddable":true,"href":"https:\/\/cleitonpinheiro.com.br\/site\/wp-json\/wp\/v2\/categories?post=81583"},{"taxonomy":"post_tag","embeddable":true,"href":"https:\/\/cleitonpinheiro.com.br\/site\/wp-json\/wp\/v2\/tags?post=81583"}],"curies":[{"name":"wp","href":"https:\/\/api.w.org\/{rel}","templated":true}]}}