{"id":81715,"date":"2024-10-11T07:41:02","date_gmt":"2024-10-11T10:41:02","guid":{"rendered":"https:\/\/cleitonpinheiro.com.br\/site\/?p=81715"},"modified":"2024-10-11T07:41:06","modified_gmt":"2024-10-11T10:41:06","slug":"dino-mantem-suspensao-de-emendas-do-orcamento-secreto","status":"publish","type":"post","link":"https:\/\/cleitonpinheiro.com.br\/site\/dino-mantem-suspensao-de-emendas-do-orcamento-secreto\/","title":{"rendered":"Dino mant\u00e9m suspens\u00e3o de emendas do or\u00e7amento secreto"},"content":{"rendered":"\n<figure class=\"wp-block-gallery has-nested-images columns-default is-cropped wp-block-gallery-1 is-layout-flex wp-block-gallery-is-layout-flex\">\n<figure class=\"wp-block-image size-large\"><img decoding=\"async\" data-id=\"81716\" src=\"https:\/\/cleitonpinheiro.com.br\/site\/wp-content\/uploads\/2024\/10\/54007238629_765d0c2760_o-1024x613.webp\" alt=\"\" class=\"wp-image-81716\"\/><figcaption class=\"wp-element-caption\">FOTO: GUSTAVO MORENO\/STF<\/figcaption><\/figure>\n<\/figure>\n\n\n\n<p>O ministro do Supremo Tribunal Federal (STF) Fl\u00e1vio Dino decidiu nesta quinta-feira (10) manter a suspens\u00e3o do pagamento de emendas parlamentares RP8 e RP9 (emendas de comiss\u00e3o e de relator ao or\u00e7amento), chamadas de &#8220;or\u00e7amento secreto&#8221;.<img decoding=\"async\" src=\"https:\/\/agenciabrasil.ebc.com.br\/ebc.png?id=1615038&amp;o=node\"><img decoding=\"async\" src=\"https:\/\/agenciabrasil.ebc.com.br\/ebc.gif?id=1615038&amp;o=node\"><\/p>\n\n\n\n<p>A decis\u00e3o foi assinada pelo ministro ap\u00f3s uma audi\u00eancia de concilia\u00e7\u00e3o realizada na manh\u00e3 de hoje entre representantes do Congresso e do Executivo.<\/p>\n\n\n\n<p>Dino entendeu que os representantes do Congresso n\u00e3o apresentaram &#8220;informa\u00e7\u00f5es espec\u00edficas, completas e precisas&#8221; para comprovar o cumprimento da decis\u00e3o da Corte que determinou o fim das emendas do or\u00e7amento secreto.<\/p>\n\n\n\n<p>Para o ministro, a libera\u00e7\u00e3o das emendas n\u00e3o ocorrer\u00e1 enquanto medidas de transpar\u00eancia e rastreabilidade dos recursos n\u00e3o forem adotadas plenamente pela C\u00e2mara e o Senado.<\/p>\n\n\n\n<p>&#8220;Ante o exposto, \u00e0 &nbsp;vista das car\u00eancias quanto ao cumprimento das determina\u00e7\u00f5es judiciais, permanece invi\u00e1vel o restabelecimento da plena execu\u00e7\u00e3o das emendas parlamentares no corrente exerc\u00edcio de 2024, at\u00e9 que os Poderes Legislativo e Executivo consigam cumprir \u00e0s inteiras a ordem constitucional e as decis\u00f5es do plen\u00e1rio do STF&#8221;, decidiu.<\/p>\n\n\n\n<h2 class=\"wp-block-heading\">Entenda<\/h2>\n\n\n\n<p>Em dezembro de 2022, o STF entendeu que as emendas chamadas de RP 8 e RP 9 s\u00e3o inconstitucionais. Ap\u00f3s a decis\u00e3o, o Congresso Nacional aprovou uma resolu\u00e7\u00e3o que mudou as regras de distribui\u00e7\u00e3o de recursos por emendas de relator para cumprir a determina\u00e7\u00e3o da Corte.<\/p>\n\n\n\n<p>No entanto, o Psol, partido que entrou com a a\u00e7\u00e3o contra as emendas, apontou que a decis\u00e3o continua em descumprimento.&nbsp;<\/p>\n\n\n\n<p>Ap\u00f3s a aposentadoria da ministra Rosa Weber, relatora original do caso, Fl\u00e1vio Dino assumiu a condu\u00e7\u00e3o do caso.<\/p>\n\n\n\n<p>Em agosto deste ano, Dino determinou a suspens\u00e3o das emendas e decidiu que os repasses devem seguir crit\u00e9rios de rastreabilidade. O ministro tamb\u00e9m mandou a Controladoria-Geral da Uni\u00e3o (CGU) auditar os repasses realizados pelos parlamentares por meio das emendas do or\u00e7amento secreto.<\/p>\n\n\n\n<p>TEXTO: ANDR\u00c9 RICHTER &#8211; REP\u00d3RTER DA AG\u00caNCIA BRASIL<\/p>\n","protected":false},"excerpt":{"rendered":"<p>O ministro do Supremo Tribunal Federal (STF) Fl\u00e1vio Dino decidiu nesta quinta-feira (10) manter a suspens\u00e3o do pagamento de emendas parlamentares RP8 e RP9 (emendas de comiss\u00e3o e de relator ao or\u00e7amento), chamadas de &#8220;or\u00e7amento secreto&#8221;. A decis\u00e3o foi assinada pelo ministro ap\u00f3s uma audi\u00eancia de concilia\u00e7\u00e3o realizada na manh\u00e3 de hoje entre representantes do [&hellip;]<\/p>\n","protected":false},"author":13,"featured_media":0,"comment_status":"open","ping_status":"open","sticky":false,"template":"","format":"standard","meta":{"_acf_changed":false,"footnotes":""},"categories":[19,898],"tags":[446],"class_list":["post-81715","post","type-post","status-publish","format-standard","hentry","category-brasil-mundo","category-manchete-segundaria","tag-brasil-mundo"],"acf":[],"yoast_head":"<!-- This site is optimized with the Yoast SEO plugin v24.4 - https:\/\/yoast.com\/wordpress\/plugins\/seo\/ -->\n<title>Dino mant\u00e9m suspens\u00e3o de emendas do or\u00e7amento secreto - PORTAL DE NOT\u00cdCIAS CLEITON PINHEIRO<\/title>\n<meta name=\"robots\" content=\"index, follow, max-snippet:-1, max-image-preview:large, max-video-preview:-1\" \/>\n<link rel=\"canonical\" href=\"https:\/\/cleitonpinheiro.com.br\/site\/dino-mantem-suspensao-de-emendas-do-orcamento-secreto\/\" \/>\n<meta property=\"og:locale\" content=\"pt_BR\" \/>\n<meta property=\"og:type\" content=\"article\" \/>\n<meta property=\"og:title\" content=\"Dino mant\u00e9m suspens\u00e3o de emendas do or\u00e7amento secreto - PORTAL DE NOT\u00cdCIAS CLEITON PINHEIRO\" \/>\n<meta property=\"og:description\" content=\"O ministro do Supremo Tribunal Federal (STF) Fl\u00e1vio Dino decidiu nesta quinta-feira (10) manter a suspens\u00e3o do pagamento de emendas parlamentares RP8 e RP9 (emendas de comiss\u00e3o e de relator ao or\u00e7amento), chamadas de &#8220;or\u00e7amento secreto&#8221;. A decis\u00e3o foi assinada pelo ministro ap\u00f3s uma audi\u00eancia de concilia\u00e7\u00e3o realizada na manh\u00e3 de hoje entre representantes do [&hellip;]\" \/>\n<meta property=\"og:url\" content=\"https:\/\/cleitonpinheiro.com.br\/site\/dino-mantem-suspensao-de-emendas-do-orcamento-secreto\/\" \/>\n<meta property=\"og:site_name\" content=\"PORTAL DE NOT\u00cdCIAS CLEITON PINHEIRO\" \/>\n<meta property=\"article:publisher\" content=\"https:\/\/www.facebook.com\/portalcpnoticias\/\" \/>\n<meta property=\"article:published_time\" content=\"2024-10-11T10:41:02+00:00\" \/>\n<meta property=\"article:modified_time\" content=\"2024-10-11T10:41:06+00:00\" \/>\n<meta property=\"og:image\" content=\"https:\/\/cleitonpinheiro.com.br\/site\/wp-content\/uploads\/2024\/10\/54007238629_765d0c2760_o.webp\" \/>\n\t<meta property=\"og:image:width\" content=\"1170\" \/>\n\t<meta property=\"og:image:height\" content=\"700\" \/>\n\t<meta property=\"og:image:type\" content=\"image\/webp\" \/>\n<meta name=\"author\" content=\"Reda\u00e7\u00e3o CP\" \/>\n<meta name=\"twitter:card\" content=\"summary_large_image\" \/>\n<meta name=\"twitter:label1\" content=\"Escrito por\" \/>\n\t<meta name=\"twitter:data1\" content=\"Reda\u00e7\u00e3o CP\" \/>\n\t<meta name=\"twitter:label2\" content=\"Est. tempo de leitura\" \/>\n\t<meta name=\"twitter:data2\" content=\"3 minutos\" \/>\n<script type=\"application\/ld+json\" class=\"yoast-schema-graph\">{\"@context\":\"https:\/\/schema.org\",\"@graph\":[{\"@type\":\"Article\",\"@id\":\"https:\/\/cleitonpinheiro.com.br\/site\/dino-mantem-suspensao-de-emendas-do-orcamento-secreto\/#article\",\"isPartOf\":{\"@id\":\"https:\/\/cleitonpinheiro.com.br\/site\/dino-mantem-suspensao-de-emendas-do-orcamento-secreto\/\"},\"author\":{\"name\":\"Reda\u00e7\u00e3o CP\",\"@id\":\"https:\/\/cleitonpinheiro.com.br\/site\/#\/schema\/person\/8f04544e0bc40a1b68775b08360f87db\"},\"headline\":\"Dino mant\u00e9m suspens\u00e3o de emendas do or\u00e7amento secreto\",\"datePublished\":\"2024-10-11T10:41:02+00:00\",\"dateModified\":\"2024-10-11T10:41:06+00:00\",\"mainEntityOfPage\":{\"@id\":\"https:\/\/cleitonpinheiro.com.br\/site\/dino-mantem-suspensao-de-emendas-do-orcamento-secreto\/\"},\"wordCount\":356,\"commentCount\":0,\"publisher\":{\"@id\":\"https:\/\/cleitonpinheiro.com.br\/site\/#organization\"},\"image\":{\"@id\":\"https:\/\/cleitonpinheiro.com.br\/site\/dino-mantem-suspensao-de-emendas-do-orcamento-secreto\/#primaryimage\"},\"thumbnailUrl\":\"https:\/\/cleitonpinheiro.com.br\/site\/wp-content\/uploads\/2024\/10\/54007238629_765d0c2760_o-1024x613.webp\",\"keywords\":[\"Brasil mundo\"],\"articleSection\":[\"BRASIL \/ MUNDO\",\"MANCHETE SEGUND\u00c1RIA\"],\"inLanguage\":\"pt-BR\",\"potentialAction\":[{\"@type\":\"CommentAction\",\"name\":\"Comment\",\"target\":[\"https:\/\/cleitonpinheiro.com.br\/site\/dino-mantem-suspensao-de-emendas-do-orcamento-secreto\/#respond\"]}]},{\"@type\":\"WebPage\",\"@id\":\"https:\/\/cleitonpinheiro.com.br\/site\/dino-mantem-suspensao-de-emendas-do-orcamento-secreto\/\",\"url\":\"https:\/\/cleitonpinheiro.com.br\/site\/dino-mantem-suspensao-de-emendas-do-orcamento-secreto\/\",\"name\":\"Dino mant\u00e9m suspens\u00e3o de emendas do or\u00e7amento secreto - PORTAL DE NOT\u00cdCIAS CLEITON PINHEIRO\",\"isPartOf\":{\"@id\":\"https:\/\/cleitonpinheiro.com.br\/site\/#website\"},\"primaryImageOfPage\":{\"@id\":\"https:\/\/cleitonpinheiro.com.br\/site\/dino-mantem-suspensao-de-emendas-do-orcamento-secreto\/#primaryimage\"},\"image\":{\"@id\":\"https:\/\/cleitonpinheiro.com.br\/site\/dino-mantem-suspensao-de-emendas-do-orcamento-secreto\/#primaryimage\"},\"thumbnailUrl\":\"https:\/\/cleitonpinheiro.com.br\/site\/wp-content\/uploads\/2024\/10\/54007238629_765d0c2760_o-1024x613.webp\",\"datePublished\":\"2024-10-11T10:41:02+00:00\",\"dateModified\":\"2024-10-11T10:41:06+00:00\",\"breadcrumb\":{\"@id\":\"https:\/\/cleitonpinheiro.com.br\/site\/dino-mantem-suspensao-de-emendas-do-orcamento-secreto\/#breadcrumb\"},\"inLanguage\":\"pt-BR\",\"potentialAction\":[{\"@type\":\"ReadAction\",\"target\":[\"https:\/\/cleitonpinheiro.com.br\/site\/dino-mantem-suspensao-de-emendas-do-orcamento-secreto\/\"]}]},{\"@type\":\"ImageObject\",\"inLanguage\":\"pt-BR\",\"@id\":\"https:\/\/cleitonpinheiro.com.br\/site\/dino-mantem-suspensao-de-emendas-do-orcamento-secreto\/#primaryimage\",\"url\":\"\",\"contentUrl\":\"\"},{\"@type\":\"BreadcrumbList\",\"@id\":\"https:\/\/cleitonpinheiro.com.br\/site\/dino-mantem-suspensao-de-emendas-do-orcamento-secreto\/#breadcrumb\",\"itemListElement\":[{\"@type\":\"ListItem\",\"position\":1,\"name\":\"In\u00edcio\",\"item\":\"https:\/\/cleitonpinheiro.com.br\/site\/\"},{\"@type\":\"ListItem\",\"position\":2,\"name\":\"Dino mant\u00e9m suspens\u00e3o de emendas do or\u00e7amento secreto\"}]},{\"@type\":\"WebSite\",\"@id\":\"https:\/\/cleitonpinheiro.com.br\/site\/#website\",\"url\":\"https:\/\/cleitonpinheiro.com.br\/site\/\",\"name\":\"PORTAL DE NOT\u00cdCIAS CLEITON PINHEIRO\",\"description\":\"FALANDO A VERDADE\",\"publisher\":{\"@id\":\"https:\/\/cleitonpinheiro.com.br\/site\/#organization\"},\"potentialAction\":[{\"@type\":\"SearchAction\",\"target\":{\"@type\":\"EntryPoint\",\"urlTemplate\":\"https:\/\/cleitonpinheiro.com.br\/site\/?s={search_term_string}\"},\"query-input\":{\"@type\":\"PropertyValueSpecification\",\"valueRequired\":true,\"valueName\":\"search_term_string\"}}],\"inLanguage\":\"pt-BR\"},{\"@type\":\"Organization\",\"@id\":\"https:\/\/cleitonpinheiro.com.br\/site\/#organization\",\"name\":\"CPNOT\u00cdCIAS\",\"url\":\"https:\/\/cleitonpinheiro.com.br\/site\/\",\"logo\":{\"@type\":\"ImageObject\",\"inLanguage\":\"pt-BR\",\"@id\":\"https:\/\/cleitonpinheiro.com.br\/site\/#\/schema\/logo\/image\/\",\"url\":\"https:\/\/cleitonpinheiro.com.br\/site\/wp-content\/uploads\/2022\/08\/Logo-pequena-2.png\",\"contentUrl\":\"https:\/\/cleitonpinheiro.com.br\/site\/wp-content\/uploads\/2022\/08\/Logo-pequena-2.png\",\"width\":500,\"height\":500,\"caption\":\"CPNOT\u00cdCIAS\"},\"image\":{\"@id\":\"https:\/\/cleitonpinheiro.com.br\/site\/#\/schema\/logo\/image\/\"},\"sameAs\":[\"https:\/\/www.facebook.com\/portalcpnoticias\/\"]},{\"@type\":\"Person\",\"@id\":\"https:\/\/cleitonpinheiro.com.br\/site\/#\/schema\/person\/8f04544e0bc40a1b68775b08360f87db\",\"name\":\"Reda\u00e7\u00e3o CP\",\"image\":{\"@type\":\"ImageObject\",\"inLanguage\":\"pt-BR\",\"@id\":\"https:\/\/cleitonpinheiro.com.br\/site\/#\/schema\/person\/image\/\",\"url\":\"https:\/\/secure.gravatar.com\/avatar\/0bcf19cb29fdc8fc588c490c7ae1b3e174dac268586a63fbe1d1893a0f9020cd?s=96&r=g\",\"contentUrl\":\"https:\/\/secure.gravatar.com\/avatar\/0bcf19cb29fdc8fc588c490c7ae1b3e174dac268586a63fbe1d1893a0f9020cd?s=96&r=g\",\"caption\":\"Reda\u00e7\u00e3o CP\"},\"url\":\"https:\/\/cleitonpinheiro.com.br\/site\/author\/redacao\/\"}]}<\/script>\n<!-- \/ Yoast SEO plugin. -->","yoast_head_json":{"title":"Dino mant\u00e9m suspens\u00e3o de emendas do or\u00e7amento secreto - PORTAL DE NOT\u00cdCIAS CLEITON PINHEIRO","robots":{"index":"index","follow":"follow","max-snippet":"max-snippet:-1","max-image-preview":"max-image-preview:large","max-video-preview":"max-video-preview:-1"},"canonical":"https:\/\/cleitonpinheiro.com.br\/site\/dino-mantem-suspensao-de-emendas-do-orcamento-secreto\/","og_locale":"pt_BR","og_type":"article","og_title":"Dino mant\u00e9m suspens\u00e3o de emendas do or\u00e7amento secreto - PORTAL DE NOT\u00cdCIAS CLEITON PINHEIRO","og_description":"O ministro do Supremo Tribunal Federal (STF) Fl\u00e1vio Dino decidiu nesta quinta-feira (10) manter a suspens\u00e3o do pagamento de emendas parlamentares RP8 e RP9 (emendas de comiss\u00e3o e de relator ao or\u00e7amento), chamadas de &#8220;or\u00e7amento secreto&#8221;. A decis\u00e3o foi assinada pelo ministro ap\u00f3s uma audi\u00eancia de concilia\u00e7\u00e3o realizada na manh\u00e3 de hoje entre representantes do [&hellip;]","og_url":"https:\/\/cleitonpinheiro.com.br\/site\/dino-mantem-suspensao-de-emendas-do-orcamento-secreto\/","og_site_name":"PORTAL DE NOT\u00cdCIAS CLEITON PINHEIRO","article_publisher":"https:\/\/www.facebook.com\/portalcpnoticias\/","article_published_time":"2024-10-11T10:41:02+00:00","article_modified_time":"2024-10-11T10:41:06+00:00","og_image":[{"width":1170,"height":700,"url":"https:\/\/cleitonpinheiro.com.br\/site\/wp-content\/uploads\/2024\/10\/54007238629_765d0c2760_o.webp","type":"image\/webp"}],"author":"Reda\u00e7\u00e3o CP","twitter_card":"summary_large_image","twitter_misc":{"Escrito por":"Reda\u00e7\u00e3o CP","Est. tempo de leitura":"3 minutos"},"schema":{"@context":"https:\/\/schema.org","@graph":[{"@type":"Article","@id":"https:\/\/cleitonpinheiro.com.br\/site\/dino-mantem-suspensao-de-emendas-do-orcamento-secreto\/#article","isPartOf":{"@id":"https:\/\/cleitonpinheiro.com.br\/site\/dino-mantem-suspensao-de-emendas-do-orcamento-secreto\/"},"author":{"name":"Reda\u00e7\u00e3o CP","@id":"https:\/\/cleitonpinheiro.com.br\/site\/#\/schema\/person\/8f04544e0bc40a1b68775b08360f87db"},"headline":"Dino mant\u00e9m suspens\u00e3o de emendas do or\u00e7amento secreto","datePublished":"2024-10-11T10:41:02+00:00","dateModified":"2024-10-11T10:41:06+00:00","mainEntityOfPage":{"@id":"https:\/\/cleitonpinheiro.com.br\/site\/dino-mantem-suspensao-de-emendas-do-orcamento-secreto\/"},"wordCount":356,"commentCount":0,"publisher":{"@id":"https:\/\/cleitonpinheiro.com.br\/site\/#organization"},"image":{"@id":"https:\/\/cleitonpinheiro.com.br\/site\/dino-mantem-suspensao-de-emendas-do-orcamento-secreto\/#primaryimage"},"thumbnailUrl":"https:\/\/cleitonpinheiro.com.br\/site\/wp-content\/uploads\/2024\/10\/54007238629_765d0c2760_o-1024x613.webp","keywords":["Brasil mundo"],"articleSection":["BRASIL \/ MUNDO","MANCHETE SEGUND\u00c1RIA"],"inLanguage":"pt-BR","potentialAction":[{"@type":"CommentAction","name":"Comment","target":["https:\/\/cleitonpinheiro.com.br\/site\/dino-mantem-suspensao-de-emendas-do-orcamento-secreto\/#respond"]}]},{"@type":"WebPage","@id":"https:\/\/cleitonpinheiro.com.br\/site\/dino-mantem-suspensao-de-emendas-do-orcamento-secreto\/","url":"https:\/\/cleitonpinheiro.com.br\/site\/dino-mantem-suspensao-de-emendas-do-orcamento-secreto\/","name":"Dino mant\u00e9m suspens\u00e3o de emendas do or\u00e7amento secreto - PORTAL DE NOT\u00cdCIAS CLEITON PINHEIRO","isPartOf":{"@id":"https:\/\/cleitonpinheiro.com.br\/site\/#website"},"primaryImageOfPage":{"@id":"https:\/\/cleitonpinheiro.com.br\/site\/dino-mantem-suspensao-de-emendas-do-orcamento-secreto\/#primaryimage"},"image":{"@id":"https:\/\/cleitonpinheiro.com.br\/site\/dino-mantem-suspensao-de-emendas-do-orcamento-secreto\/#primaryimage"},"thumbnailUrl":"https:\/\/cleitonpinheiro.com.br\/site\/wp-content\/uploads\/2024\/10\/54007238629_765d0c2760_o-1024x613.webp","datePublished":"2024-10-11T10:41:02+00:00","dateModified":"2024-10-11T10:41:06+00:00","breadcrumb":{"@id":"https:\/\/cleitonpinheiro.com.br\/site\/dino-mantem-suspensao-de-emendas-do-orcamento-secreto\/#breadcrumb"},"inLanguage":"pt-BR","potentialAction":[{"@type":"ReadAction","target":["https:\/\/cleitonpinheiro.com.br\/site\/dino-mantem-suspensao-de-emendas-do-orcamento-secreto\/"]}]},{"@type":"ImageObject","inLanguage":"pt-BR","@id":"https:\/\/cleitonpinheiro.com.br\/site\/dino-mantem-suspensao-de-emendas-do-orcamento-secreto\/#primaryimage","url":"","contentUrl":""},{"@type":"BreadcrumbList","@id":"https:\/\/cleitonpinheiro.com.br\/site\/dino-mantem-suspensao-de-emendas-do-orcamento-secreto\/#breadcrumb","itemListElement":[{"@type":"ListItem","position":1,"name":"In\u00edcio","item":"https:\/\/cleitonpinheiro.com.br\/site\/"},{"@type":"ListItem","position":2,"name":"Dino mant\u00e9m suspens\u00e3o de emendas do or\u00e7amento secreto"}]},{"@type":"WebSite","@id":"https:\/\/cleitonpinheiro.com.br\/site\/#website","url":"https:\/\/cleitonpinheiro.com.br\/site\/","name":"PORTAL DE NOT\u00cdCIAS CLEITON PINHEIRO","description":"FALANDO A VERDADE","publisher":{"@id":"https:\/\/cleitonpinheiro.com.br\/site\/#organization"},"potentialAction":[{"@type":"SearchAction","target":{"@type":"EntryPoint","urlTemplate":"https:\/\/cleitonpinheiro.com.br\/site\/?s={search_term_string}"},"query-input":{"@type":"PropertyValueSpecification","valueRequired":true,"valueName":"search_term_string"}}],"inLanguage":"pt-BR"},{"@type":"Organization","@id":"https:\/\/cleitonpinheiro.com.br\/site\/#organization","name":"CPNOT\u00cdCIAS","url":"https:\/\/cleitonpinheiro.com.br\/site\/","logo":{"@type":"ImageObject","inLanguage":"pt-BR","@id":"https:\/\/cleitonpinheiro.com.br\/site\/#\/schema\/logo\/image\/","url":"https:\/\/cleitonpinheiro.com.br\/site\/wp-content\/uploads\/2022\/08\/Logo-pequena-2.png","contentUrl":"https:\/\/cleitonpinheiro.com.br\/site\/wp-content\/uploads\/2022\/08\/Logo-pequena-2.png","width":500,"height":500,"caption":"CPNOT\u00cdCIAS"},"image":{"@id":"https:\/\/cleitonpinheiro.com.br\/site\/#\/schema\/logo\/image\/"},"sameAs":["https:\/\/www.facebook.com\/portalcpnoticias\/"]},{"@type":"Person","@id":"https:\/\/cleitonpinheiro.com.br\/site\/#\/schema\/person\/8f04544e0bc40a1b68775b08360f87db","name":"Reda\u00e7\u00e3o CP","image":{"@type":"ImageObject","inLanguage":"pt-BR","@id":"https:\/\/cleitonpinheiro.com.br\/site\/#\/schema\/person\/image\/","url":"https:\/\/secure.gravatar.com\/avatar\/0bcf19cb29fdc8fc588c490c7ae1b3e174dac268586a63fbe1d1893a0f9020cd?s=96&r=g","contentUrl":"https:\/\/secure.gravatar.com\/avatar\/0bcf19cb29fdc8fc588c490c7ae1b3e174dac268586a63fbe1d1893a0f9020cd?s=96&r=g","caption":"Reda\u00e7\u00e3o CP"},"url":"https:\/\/cleitonpinheiro.com.br\/site\/author\/redacao\/"}]}},"views":161,"_links":{"self":[{"href":"https:\/\/cleitonpinheiro.com.br\/site\/wp-json\/wp\/v2\/posts\/81715","targetHints":{"allow":["GET"]}}],"collection":[{"href":"https:\/\/cleitonpinheiro.com.br\/site\/wp-json\/wp\/v2\/posts"}],"about":[{"href":"https:\/\/cleitonpinheiro.com.br\/site\/wp-json\/wp\/v2\/types\/post"}],"author":[{"embeddable":true,"href":"https:\/\/cleitonpinheiro.com.br\/site\/wp-json\/wp\/v2\/users\/13"}],"replies":[{"embeddable":true,"href":"https:\/\/cleitonpinheiro.com.br\/site\/wp-json\/wp\/v2\/comments?post=81715"}],"version-history":[{"count":1,"href":"https:\/\/cleitonpinheiro.com.br\/site\/wp-json\/wp\/v2\/posts\/81715\/revisions"}],"predecessor-version":[{"id":81717,"href":"https:\/\/cleitonpinheiro.com.br\/site\/wp-json\/wp\/v2\/posts\/81715\/revisions\/81717"}],"wp:attachment":[{"href":"https:\/\/cleitonpinheiro.com.br\/site\/wp-json\/wp\/v2\/media?parent=81715"}],"wp:term":[{"taxonomy":"category","embeddable":true,"href":"https:\/\/cleitonpinheiro.com.br\/site\/wp-json\/wp\/v2\/categories?post=81715"},{"taxonomy":"post_tag","embeddable":true,"href":"https:\/\/cleitonpinheiro.com.br\/site\/wp-json\/wp\/v2\/tags?post=81715"}],"curies":[{"name":"wp","href":"https:\/\/api.w.org\/{rel}","templated":true}]}}