{"id":81718,"date":"2024-10-11T07:44:06","date_gmt":"2024-10-11T10:44:06","guid":{"rendered":"https:\/\/cleitonpinheiro.com.br\/site\/?p=81718"},"modified":"2024-10-11T08:14:59","modified_gmt":"2024-10-11T11:14:59","slug":"missoes-internacionais-dizem-que-eleicoes-ocorreram-de-forma-ordenada","status":"publish","type":"post","link":"https:\/\/cleitonpinheiro.com.br\/site\/missoes-internacionais-dizem-que-eleicoes-ocorreram-de-forma-ordenada\/","title":{"rendered":"Miss\u00f5es internacionais dizem que elei\u00e7\u00f5es ocorreram de forma ordenada"},"content":{"rendered":"\n<figure class=\"wp-block-gallery has-nested-images columns-default is-cropped wp-block-gallery-1 is-layout-flex wp-block-gallery-is-layout-flex\">\n<figure class=\"wp-block-image size-large\"><img decoding=\"async\" data-id=\"81720\" src=\"https:\/\/cleitonpinheiro.com.br\/site\/wp-content\/uploads\/2024\/10\/mg_2309-1-1024x613.webp\" alt=\"\" class=\"wp-image-81720\"\/><figcaption class=\"wp-element-caption\">Foto: Bruno Peres\/Ag\u00eancia Brasil<\/figcaption><\/figure>\n<\/figure>\n\n\n\n<p>O<a href=\"https:\/\/www.tse.jus.br\/\" target=\"_blank\" rel=\"noreferrer noopener\">&nbsp;Tribunal Superior Eleitoral (TSE)<\/a>&nbsp;informou nesta quinta-feira (10) que as miss\u00f5es internacionais de observadores da Organiza\u00e7\u00e3o dos Estados Americanos (OEA) e do Parlamento do Mercosul (Parlasul)&nbsp;conclu\u00edram que o primeiro turno das elei\u00e7\u00f5es municipais ocorreu de &#8220;forma ordenada e pac\u00edfica&#8221;.<img decoding=\"async\" src=\"https:\/\/agenciabrasil.ebc.com.br\/ebc.png?id=1615043&amp;o=node\"><img decoding=\"async\" src=\"https:\/\/agenciabrasil.ebc.com.br\/ebc.gif?id=1615043&amp;o=node\"><\/p>\n\n\n\n<p>A conclus\u00e3o est\u00e1 em um relat\u00f3rio parcial do trabalho de inspe\u00e7\u00e3o. Durante o pleito, as duas miss\u00f5es acompanharam o dia de vota\u00e7\u00e3o, fizeram inspe\u00e7\u00f5es nas se\u00e7\u00f5es eleitorais, conversaram com mes\u00e1rios e eleitores e fiscalizaram as condi\u00e7\u00f5es de organiza\u00e7\u00e3o da vota\u00e7\u00e3o.<\/p>\n\n\n\n<p>Os observadores da OEA relataram que o primeiro turno ocorreu sem incidentes consider\u00e1veis e contou com baixo percentual de urnas eletr\u00f4nicas que apresentaram problemas. A alta participa\u00e7\u00e3o do eleitorado tamb\u00e9m foi mencionada.&nbsp;<\/p>\n\n\n\n<p>Entre as recomenda\u00e7\u00f5es feitas ao TSE, o organiza\u00e7\u00e3o indicou a amplia\u00e7\u00e3o de campanhas de conscientiza\u00e7\u00e3o sobre a import\u00e2ncia da participa\u00e7\u00e3o feminina e de pessoas negras nas elei\u00e7\u00f5es.<\/p>\n\n\n\n<p>Os representantes do Parlasul reconheceram que o pleito ocorreu de forma pac\u00edfica e democr\u00e1tica e ressaltou a independ\u00eancia das autoridades do governo brasileiro e da Justi\u00e7a Eleitoral.<\/p>\n\n\n\n<p>A miss\u00e3o tamb\u00e9m afirmou que o teste de integridade da urna contribui para promo\u00e7\u00e3o da confian\u00e7a da popula\u00e7\u00e3o no processo de vota\u00e7\u00e3o.<\/p>\n\n\n\n<p>A atua\u00e7\u00e3o de miss\u00f5es independentes \u00e9 uma medida de praxe que ocorre em todas elei\u00e7\u00f5es.<\/p>\n\n\n\n<p>Texto: Andr\u00e9 Richter &#8211; Rep\u00f3rter Da Ag\u00eancia Brasil<\/p>\n","protected":false},"excerpt":{"rendered":"<p>O&nbsp;Tribunal Superior Eleitoral (TSE)&nbsp;informou nesta quinta-feira (10) que as miss\u00f5es internacionais de observadores da Organiza\u00e7\u00e3o dos Estados Americanos (OEA) e do Parlamento do Mercosul (Parlasul)&nbsp;conclu\u00edram que o primeiro turno das elei\u00e7\u00f5es municipais ocorreu de &#8220;forma ordenada e pac\u00edfica&#8221;. A conclus\u00e3o est\u00e1 em um relat\u00f3rio parcial do trabalho de inspe\u00e7\u00e3o. Durante o pleito, as duas miss\u00f5es [&hellip;]<\/p>\n","protected":false},"author":13,"featured_media":0,"comment_status":"open","ping_status":"open","sticky":false,"template":"","format":"standard","meta":{"_acf_changed":false,"footnotes":""},"categories":[19,20,23],"tags":[1287],"class_list":["post-81718","post","type-post","status-publish","format-standard","hentry","category-brasil-mundo","category-noticias-em-destaque","category-politica","tag-eleicoes-2024"],"acf":[],"yoast_head":"<!-- This site is optimized with the Yoast SEO plugin v24.4 - https:\/\/yoast.com\/wordpress\/plugins\/seo\/ -->\n<title>Miss\u00f5es internacionais dizem que elei\u00e7\u00f5es ocorreram de forma ordenada - PORTAL DE NOT\u00cdCIAS CLEITON PINHEIRO<\/title>\n<meta name=\"robots\" content=\"index, follow, max-snippet:-1, max-image-preview:large, max-video-preview:-1\" \/>\n<link rel=\"canonical\" href=\"https:\/\/cleitonpinheiro.com.br\/site\/missoes-internacionais-dizem-que-eleicoes-ocorreram-de-forma-ordenada\/\" \/>\n<meta property=\"og:locale\" content=\"pt_BR\" \/>\n<meta property=\"og:type\" content=\"article\" \/>\n<meta property=\"og:title\" content=\"Miss\u00f5es internacionais dizem que elei\u00e7\u00f5es ocorreram de forma ordenada - PORTAL DE NOT\u00cdCIAS CLEITON PINHEIRO\" \/>\n<meta property=\"og:description\" content=\"O&nbsp;Tribunal Superior Eleitoral (TSE)&nbsp;informou nesta quinta-feira (10) que as miss\u00f5es internacionais de observadores da Organiza\u00e7\u00e3o dos Estados Americanos (OEA) e do Parlamento do Mercosul (Parlasul)&nbsp;conclu\u00edram que o primeiro turno das elei\u00e7\u00f5es municipais ocorreu de &#8220;forma ordenada e pac\u00edfica&#8221;. A conclus\u00e3o est\u00e1 em um relat\u00f3rio parcial do trabalho de inspe\u00e7\u00e3o. Durante o pleito, as duas miss\u00f5es [&hellip;]\" \/>\n<meta property=\"og:url\" content=\"https:\/\/cleitonpinheiro.com.br\/site\/missoes-internacionais-dizem-que-eleicoes-ocorreram-de-forma-ordenada\/\" \/>\n<meta property=\"og:site_name\" content=\"PORTAL DE NOT\u00cdCIAS CLEITON PINHEIRO\" \/>\n<meta property=\"article:publisher\" content=\"https:\/\/www.facebook.com\/portalcpnoticias\/\" \/>\n<meta property=\"article:published_time\" content=\"2024-10-11T10:44:06+00:00\" \/>\n<meta property=\"article:modified_time\" content=\"2024-10-11T11:14:59+00:00\" \/>\n<meta property=\"og:image\" content=\"https:\/\/cleitonpinheiro.com.br\/site\/wp-content\/uploads\/2024\/10\/mg_2309-1.webp\" \/>\n\t<meta property=\"og:image:width\" content=\"1170\" \/>\n\t<meta property=\"og:image:height\" content=\"700\" \/>\n\t<meta property=\"og:image:type\" content=\"image\/webp\" \/>\n<meta name=\"author\" content=\"Reda\u00e7\u00e3o CP\" \/>\n<meta name=\"twitter:card\" content=\"summary_large_image\" \/>\n<meta name=\"twitter:label1\" content=\"Escrito por\" \/>\n\t<meta name=\"twitter:data1\" content=\"Reda\u00e7\u00e3o CP\" \/>\n\t<meta name=\"twitter:label2\" content=\"Est. tempo de leitura\" \/>\n\t<meta name=\"twitter:data2\" content=\"2 minutos\" \/>\n<script type=\"application\/ld+json\" class=\"yoast-schema-graph\">{\"@context\":\"https:\/\/schema.org\",\"@graph\":[{\"@type\":\"Article\",\"@id\":\"https:\/\/cleitonpinheiro.com.br\/site\/missoes-internacionais-dizem-que-eleicoes-ocorreram-de-forma-ordenada\/#article\",\"isPartOf\":{\"@id\":\"https:\/\/cleitonpinheiro.com.br\/site\/missoes-internacionais-dizem-que-eleicoes-ocorreram-de-forma-ordenada\/\"},\"author\":{\"name\":\"Reda\u00e7\u00e3o CP\",\"@id\":\"https:\/\/cleitonpinheiro.com.br\/site\/#\/schema\/person\/8f04544e0bc40a1b68775b08360f87db\"},\"headline\":\"Miss\u00f5es internacionais dizem que elei\u00e7\u00f5es ocorreram de forma ordenada\",\"datePublished\":\"2024-10-11T10:44:06+00:00\",\"dateModified\":\"2024-10-11T11:14:59+00:00\",\"mainEntityOfPage\":{\"@id\":\"https:\/\/cleitonpinheiro.com.br\/site\/missoes-internacionais-dizem-que-eleicoes-ocorreram-de-forma-ordenada\/\"},\"wordCount\":273,\"commentCount\":0,\"publisher\":{\"@id\":\"https:\/\/cleitonpinheiro.com.br\/site\/#organization\"},\"image\":{\"@id\":\"https:\/\/cleitonpinheiro.com.br\/site\/missoes-internacionais-dizem-que-eleicoes-ocorreram-de-forma-ordenada\/#primaryimage\"},\"thumbnailUrl\":\"https:\/\/cleitonpinheiro.com.br\/site\/wp-content\/uploads\/2024\/10\/mg_2309-1-1024x613.webp\",\"keywords\":[\"Elei\u00e7\u00f5es 2024\"],\"articleSection\":[\"BRASIL \/ MUNDO\",\"NOT\u00cdCIAS EM DESTAQUE\",\"POL\u00cdTICA\"],\"inLanguage\":\"pt-BR\",\"potentialAction\":[{\"@type\":\"CommentAction\",\"name\":\"Comment\",\"target\":[\"https:\/\/cleitonpinheiro.com.br\/site\/missoes-internacionais-dizem-que-eleicoes-ocorreram-de-forma-ordenada\/#respond\"]}]},{\"@type\":\"WebPage\",\"@id\":\"https:\/\/cleitonpinheiro.com.br\/site\/missoes-internacionais-dizem-que-eleicoes-ocorreram-de-forma-ordenada\/\",\"url\":\"https:\/\/cleitonpinheiro.com.br\/site\/missoes-internacionais-dizem-que-eleicoes-ocorreram-de-forma-ordenada\/\",\"name\":\"Miss\u00f5es internacionais dizem que elei\u00e7\u00f5es ocorreram de forma ordenada - PORTAL DE NOT\u00cdCIAS CLEITON PINHEIRO\",\"isPartOf\":{\"@id\":\"https:\/\/cleitonpinheiro.com.br\/site\/#website\"},\"primaryImageOfPage\":{\"@id\":\"https:\/\/cleitonpinheiro.com.br\/site\/missoes-internacionais-dizem-que-eleicoes-ocorreram-de-forma-ordenada\/#primaryimage\"},\"image\":{\"@id\":\"https:\/\/cleitonpinheiro.com.br\/site\/missoes-internacionais-dizem-que-eleicoes-ocorreram-de-forma-ordenada\/#primaryimage\"},\"thumbnailUrl\":\"https:\/\/cleitonpinheiro.com.br\/site\/wp-content\/uploads\/2024\/10\/mg_2309-1-1024x613.webp\",\"datePublished\":\"2024-10-11T10:44:06+00:00\",\"dateModified\":\"2024-10-11T11:14:59+00:00\",\"breadcrumb\":{\"@id\":\"https:\/\/cleitonpinheiro.com.br\/site\/missoes-internacionais-dizem-que-eleicoes-ocorreram-de-forma-ordenada\/#breadcrumb\"},\"inLanguage\":\"pt-BR\",\"potentialAction\":[{\"@type\":\"ReadAction\",\"target\":[\"https:\/\/cleitonpinheiro.com.br\/site\/missoes-internacionais-dizem-que-eleicoes-ocorreram-de-forma-ordenada\/\"]}]},{\"@type\":\"ImageObject\",\"inLanguage\":\"pt-BR\",\"@id\":\"https:\/\/cleitonpinheiro.com.br\/site\/missoes-internacionais-dizem-que-eleicoes-ocorreram-de-forma-ordenada\/#primaryimage\",\"url\":\"\",\"contentUrl\":\"\"},{\"@type\":\"BreadcrumbList\",\"@id\":\"https:\/\/cleitonpinheiro.com.br\/site\/missoes-internacionais-dizem-que-eleicoes-ocorreram-de-forma-ordenada\/#breadcrumb\",\"itemListElement\":[{\"@type\":\"ListItem\",\"position\":1,\"name\":\"In\u00edcio\",\"item\":\"https:\/\/cleitonpinheiro.com.br\/site\/\"},{\"@type\":\"ListItem\",\"position\":2,\"name\":\"Miss\u00f5es internacionais dizem que elei\u00e7\u00f5es ocorreram de forma ordenada\"}]},{\"@type\":\"WebSite\",\"@id\":\"https:\/\/cleitonpinheiro.com.br\/site\/#website\",\"url\":\"https:\/\/cleitonpinheiro.com.br\/site\/\",\"name\":\"PORTAL DE NOT\u00cdCIAS CLEITON PINHEIRO\",\"description\":\"FALANDO A VERDADE\",\"publisher\":{\"@id\":\"https:\/\/cleitonpinheiro.com.br\/site\/#organization\"},\"potentialAction\":[{\"@type\":\"SearchAction\",\"target\":{\"@type\":\"EntryPoint\",\"urlTemplate\":\"https:\/\/cleitonpinheiro.com.br\/site\/?s={search_term_string}\"},\"query-input\":{\"@type\":\"PropertyValueSpecification\",\"valueRequired\":true,\"valueName\":\"search_term_string\"}}],\"inLanguage\":\"pt-BR\"},{\"@type\":\"Organization\",\"@id\":\"https:\/\/cleitonpinheiro.com.br\/site\/#organization\",\"name\":\"CPNOT\u00cdCIAS\",\"url\":\"https:\/\/cleitonpinheiro.com.br\/site\/\",\"logo\":{\"@type\":\"ImageObject\",\"inLanguage\":\"pt-BR\",\"@id\":\"https:\/\/cleitonpinheiro.com.br\/site\/#\/schema\/logo\/image\/\",\"url\":\"https:\/\/cleitonpinheiro.com.br\/site\/wp-content\/uploads\/2022\/08\/Logo-pequena-2.png\",\"contentUrl\":\"https:\/\/cleitonpinheiro.com.br\/site\/wp-content\/uploads\/2022\/08\/Logo-pequena-2.png\",\"width\":500,\"height\":500,\"caption\":\"CPNOT\u00cdCIAS\"},\"image\":{\"@id\":\"https:\/\/cleitonpinheiro.com.br\/site\/#\/schema\/logo\/image\/\"},\"sameAs\":[\"https:\/\/www.facebook.com\/portalcpnoticias\/\"]},{\"@type\":\"Person\",\"@id\":\"https:\/\/cleitonpinheiro.com.br\/site\/#\/schema\/person\/8f04544e0bc40a1b68775b08360f87db\",\"name\":\"Reda\u00e7\u00e3o CP\",\"image\":{\"@type\":\"ImageObject\",\"inLanguage\":\"pt-BR\",\"@id\":\"https:\/\/cleitonpinheiro.com.br\/site\/#\/schema\/person\/image\/\",\"url\":\"https:\/\/secure.gravatar.com\/avatar\/0bcf19cb29fdc8fc588c490c7ae1b3e174dac268586a63fbe1d1893a0f9020cd?s=96&r=g\",\"contentUrl\":\"https:\/\/secure.gravatar.com\/avatar\/0bcf19cb29fdc8fc588c490c7ae1b3e174dac268586a63fbe1d1893a0f9020cd?s=96&r=g\",\"caption\":\"Reda\u00e7\u00e3o CP\"},\"url\":\"https:\/\/cleitonpinheiro.com.br\/site\/author\/redacao\/\"}]}<\/script>\n<!-- \/ Yoast SEO plugin. -->","yoast_head_json":{"title":"Miss\u00f5es internacionais dizem que elei\u00e7\u00f5es ocorreram de forma ordenada - PORTAL DE NOT\u00cdCIAS CLEITON PINHEIRO","robots":{"index":"index","follow":"follow","max-snippet":"max-snippet:-1","max-image-preview":"max-image-preview:large","max-video-preview":"max-video-preview:-1"},"canonical":"https:\/\/cleitonpinheiro.com.br\/site\/missoes-internacionais-dizem-que-eleicoes-ocorreram-de-forma-ordenada\/","og_locale":"pt_BR","og_type":"article","og_title":"Miss\u00f5es internacionais dizem que elei\u00e7\u00f5es ocorreram de forma ordenada - PORTAL DE NOT\u00cdCIAS CLEITON PINHEIRO","og_description":"O&nbsp;Tribunal Superior Eleitoral (TSE)&nbsp;informou nesta quinta-feira (10) que as miss\u00f5es internacionais de observadores da Organiza\u00e7\u00e3o dos Estados Americanos (OEA) e do Parlamento do Mercosul (Parlasul)&nbsp;conclu\u00edram que o primeiro turno das elei\u00e7\u00f5es municipais ocorreu de &#8220;forma ordenada e pac\u00edfica&#8221;. A conclus\u00e3o est\u00e1 em um relat\u00f3rio parcial do trabalho de inspe\u00e7\u00e3o. Durante o pleito, as duas miss\u00f5es [&hellip;]","og_url":"https:\/\/cleitonpinheiro.com.br\/site\/missoes-internacionais-dizem-que-eleicoes-ocorreram-de-forma-ordenada\/","og_site_name":"PORTAL DE NOT\u00cdCIAS CLEITON PINHEIRO","article_publisher":"https:\/\/www.facebook.com\/portalcpnoticias\/","article_published_time":"2024-10-11T10:44:06+00:00","article_modified_time":"2024-10-11T11:14:59+00:00","og_image":[{"width":1170,"height":700,"url":"https:\/\/cleitonpinheiro.com.br\/site\/wp-content\/uploads\/2024\/10\/mg_2309-1.webp","type":"image\/webp"}],"author":"Reda\u00e7\u00e3o CP","twitter_card":"summary_large_image","twitter_misc":{"Escrito por":"Reda\u00e7\u00e3o CP","Est. tempo de leitura":"2 minutos"},"schema":{"@context":"https:\/\/schema.org","@graph":[{"@type":"Article","@id":"https:\/\/cleitonpinheiro.com.br\/site\/missoes-internacionais-dizem-que-eleicoes-ocorreram-de-forma-ordenada\/#article","isPartOf":{"@id":"https:\/\/cleitonpinheiro.com.br\/site\/missoes-internacionais-dizem-que-eleicoes-ocorreram-de-forma-ordenada\/"},"author":{"name":"Reda\u00e7\u00e3o CP","@id":"https:\/\/cleitonpinheiro.com.br\/site\/#\/schema\/person\/8f04544e0bc40a1b68775b08360f87db"},"headline":"Miss\u00f5es internacionais dizem que elei\u00e7\u00f5es ocorreram de forma ordenada","datePublished":"2024-10-11T10:44:06+00:00","dateModified":"2024-10-11T11:14:59+00:00","mainEntityOfPage":{"@id":"https:\/\/cleitonpinheiro.com.br\/site\/missoes-internacionais-dizem-que-eleicoes-ocorreram-de-forma-ordenada\/"},"wordCount":273,"commentCount":0,"publisher":{"@id":"https:\/\/cleitonpinheiro.com.br\/site\/#organization"},"image":{"@id":"https:\/\/cleitonpinheiro.com.br\/site\/missoes-internacionais-dizem-que-eleicoes-ocorreram-de-forma-ordenada\/#primaryimage"},"thumbnailUrl":"https:\/\/cleitonpinheiro.com.br\/site\/wp-content\/uploads\/2024\/10\/mg_2309-1-1024x613.webp","keywords":["Elei\u00e7\u00f5es 2024"],"articleSection":["BRASIL \/ MUNDO","NOT\u00cdCIAS EM DESTAQUE","POL\u00cdTICA"],"inLanguage":"pt-BR","potentialAction":[{"@type":"CommentAction","name":"Comment","target":["https:\/\/cleitonpinheiro.com.br\/site\/missoes-internacionais-dizem-que-eleicoes-ocorreram-de-forma-ordenada\/#respond"]}]},{"@type":"WebPage","@id":"https:\/\/cleitonpinheiro.com.br\/site\/missoes-internacionais-dizem-que-eleicoes-ocorreram-de-forma-ordenada\/","url":"https:\/\/cleitonpinheiro.com.br\/site\/missoes-internacionais-dizem-que-eleicoes-ocorreram-de-forma-ordenada\/","name":"Miss\u00f5es internacionais dizem que elei\u00e7\u00f5es ocorreram de forma ordenada - PORTAL DE NOT\u00cdCIAS CLEITON PINHEIRO","isPartOf":{"@id":"https:\/\/cleitonpinheiro.com.br\/site\/#website"},"primaryImageOfPage":{"@id":"https:\/\/cleitonpinheiro.com.br\/site\/missoes-internacionais-dizem-que-eleicoes-ocorreram-de-forma-ordenada\/#primaryimage"},"image":{"@id":"https:\/\/cleitonpinheiro.com.br\/site\/missoes-internacionais-dizem-que-eleicoes-ocorreram-de-forma-ordenada\/#primaryimage"},"thumbnailUrl":"https:\/\/cleitonpinheiro.com.br\/site\/wp-content\/uploads\/2024\/10\/mg_2309-1-1024x613.webp","datePublished":"2024-10-11T10:44:06+00:00","dateModified":"2024-10-11T11:14:59+00:00","breadcrumb":{"@id":"https:\/\/cleitonpinheiro.com.br\/site\/missoes-internacionais-dizem-que-eleicoes-ocorreram-de-forma-ordenada\/#breadcrumb"},"inLanguage":"pt-BR","potentialAction":[{"@type":"ReadAction","target":["https:\/\/cleitonpinheiro.com.br\/site\/missoes-internacionais-dizem-que-eleicoes-ocorreram-de-forma-ordenada\/"]}]},{"@type":"ImageObject","inLanguage":"pt-BR","@id":"https:\/\/cleitonpinheiro.com.br\/site\/missoes-internacionais-dizem-que-eleicoes-ocorreram-de-forma-ordenada\/#primaryimage","url":"","contentUrl":""},{"@type":"BreadcrumbList","@id":"https:\/\/cleitonpinheiro.com.br\/site\/missoes-internacionais-dizem-que-eleicoes-ocorreram-de-forma-ordenada\/#breadcrumb","itemListElement":[{"@type":"ListItem","position":1,"name":"In\u00edcio","item":"https:\/\/cleitonpinheiro.com.br\/site\/"},{"@type":"ListItem","position":2,"name":"Miss\u00f5es internacionais dizem que elei\u00e7\u00f5es ocorreram de forma ordenada"}]},{"@type":"WebSite","@id":"https:\/\/cleitonpinheiro.com.br\/site\/#website","url":"https:\/\/cleitonpinheiro.com.br\/site\/","name":"PORTAL DE NOT\u00cdCIAS CLEITON PINHEIRO","description":"FALANDO A VERDADE","publisher":{"@id":"https:\/\/cleitonpinheiro.com.br\/site\/#organization"},"potentialAction":[{"@type":"SearchAction","target":{"@type":"EntryPoint","urlTemplate":"https:\/\/cleitonpinheiro.com.br\/site\/?s={search_term_string}"},"query-input":{"@type":"PropertyValueSpecification","valueRequired":true,"valueName":"search_term_string"}}],"inLanguage":"pt-BR"},{"@type":"Organization","@id":"https:\/\/cleitonpinheiro.com.br\/site\/#organization","name":"CPNOT\u00cdCIAS","url":"https:\/\/cleitonpinheiro.com.br\/site\/","logo":{"@type":"ImageObject","inLanguage":"pt-BR","@id":"https:\/\/cleitonpinheiro.com.br\/site\/#\/schema\/logo\/image\/","url":"https:\/\/cleitonpinheiro.com.br\/site\/wp-content\/uploads\/2022\/08\/Logo-pequena-2.png","contentUrl":"https:\/\/cleitonpinheiro.com.br\/site\/wp-content\/uploads\/2022\/08\/Logo-pequena-2.png","width":500,"height":500,"caption":"CPNOT\u00cdCIAS"},"image":{"@id":"https:\/\/cleitonpinheiro.com.br\/site\/#\/schema\/logo\/image\/"},"sameAs":["https:\/\/www.facebook.com\/portalcpnoticias\/"]},{"@type":"Person","@id":"https:\/\/cleitonpinheiro.com.br\/site\/#\/schema\/person\/8f04544e0bc40a1b68775b08360f87db","name":"Reda\u00e7\u00e3o CP","image":{"@type":"ImageObject","inLanguage":"pt-BR","@id":"https:\/\/cleitonpinheiro.com.br\/site\/#\/schema\/person\/image\/","url":"https:\/\/secure.gravatar.com\/avatar\/0bcf19cb29fdc8fc588c490c7ae1b3e174dac268586a63fbe1d1893a0f9020cd?s=96&r=g","contentUrl":"https:\/\/secure.gravatar.com\/avatar\/0bcf19cb29fdc8fc588c490c7ae1b3e174dac268586a63fbe1d1893a0f9020cd?s=96&r=g","caption":"Reda\u00e7\u00e3o CP"},"url":"https:\/\/cleitonpinheiro.com.br\/site\/author\/redacao\/"}]}},"views":168,"_links":{"self":[{"href":"https:\/\/cleitonpinheiro.com.br\/site\/wp-json\/wp\/v2\/posts\/81718","targetHints":{"allow":["GET"]}}],"collection":[{"href":"https:\/\/cleitonpinheiro.com.br\/site\/wp-json\/wp\/v2\/posts"}],"about":[{"href":"https:\/\/cleitonpinheiro.com.br\/site\/wp-json\/wp\/v2\/types\/post"}],"author":[{"embeddable":true,"href":"https:\/\/cleitonpinheiro.com.br\/site\/wp-json\/wp\/v2\/users\/13"}],"replies":[{"embeddable":true,"href":"https:\/\/cleitonpinheiro.com.br\/site\/wp-json\/wp\/v2\/comments?post=81718"}],"version-history":[{"count":1,"href":"https:\/\/cleitonpinheiro.com.br\/site\/wp-json\/wp\/v2\/posts\/81718\/revisions"}],"predecessor-version":[{"id":81721,"href":"https:\/\/cleitonpinheiro.com.br\/site\/wp-json\/wp\/v2\/posts\/81718\/revisions\/81721"}],"wp:attachment":[{"href":"https:\/\/cleitonpinheiro.com.br\/site\/wp-json\/wp\/v2\/media?parent=81718"}],"wp:term":[{"taxonomy":"category","embeddable":true,"href":"https:\/\/cleitonpinheiro.com.br\/site\/wp-json\/wp\/v2\/categories?post=81718"},{"taxonomy":"post_tag","embeddable":true,"href":"https:\/\/cleitonpinheiro.com.br\/site\/wp-json\/wp\/v2\/tags?post=81718"}],"curies":[{"name":"wp","href":"https:\/\/api.w.org\/{rel}","templated":true}]}}