{"id":81722,"date":"2024-10-11T07:59:58","date_gmt":"2024-10-11T10:59:58","guid":{"rendered":"https:\/\/cleitonpinheiro.com.br\/site\/?p=81722"},"modified":"2024-10-11T08:00:03","modified_gmt":"2024-10-11T11:00:03","slug":"sisemp-antecipa-comemoracoes-do-dia-do-servidor-com-grande-festa-e-sorteio-de-premios","status":"publish","type":"post","link":"https:\/\/cleitonpinheiro.com.br\/site\/sisemp-antecipa-comemoracoes-do-dia-do-servidor-com-grande-festa-e-sorteio-de-premios\/","title":{"rendered":"Sisemp antecipa comemora\u00e7\u00f5es do Dia do Servidor com grande festa e sorteio de pr\u00eamios"},"content":{"rendered":"\n<figure class=\"wp-block-gallery has-nested-images columns-default is-cropped wp-block-gallery-1 is-layout-flex wp-block-gallery-is-layout-flex\">\n<figure class=\"wp-block-image size-large\"><img decoding=\"async\" data-id=\"81723\" src=\"https:\/\/cleitonpinheiro.com.br\/site\/wp-content\/uploads\/2024\/10\/1-5.png\" alt=\"\" class=\"wp-image-81723\"\/><figcaption class=\"wp-element-caption\">Foto: Sisemp\/Divulga\u00e7\u00e3o<\/figcaption><\/figure>\n<\/figure>\n\n\n\n<p>A festividade contar\u00e1 tamb\u00e9m com um caf\u00e9 da manh\u00e3 para os servidores<br>O Sindicato dos Servidores P\u00fablicos Municipais de Palmas (Sisemp) ir\u00e1 antecipar as comemora\u00e7\u00f5es do Dia do Servidor, celebrado oficialmente em 28 de outubro, para o pr\u00f3ximo s\u00e1bado, dia 19, a partir das 8h30, no Cristal Hall. A festividade contar\u00e1 com um delicioso Caf\u00e9 da Manh\u00e3 e o sorteio de diversos pr\u00eamios exclusivos para os servidores filiados ao sindicato.<\/p>\n\n\n\n<p>Para participar do sorteio, \u00e9 necess\u00e1rio que o servidor esteja filiado at\u00e9 o dia 15 de outubro e com as obriga\u00e7\u00f5es sindicais em dia.<\/p>\n\n\n\n<p>Entre os pr\u00eamios que ser\u00e3o sorteados est\u00e3o:<\/p>\n\n\n\n<p>\u2022 01 Moto CG 160 Start<\/p>\n\n\n\n<p>\u2022 09 TVs 32\u2019<\/p>\n\n\n\n<p>\u2022 09 TVs 43\u2019<\/p>\n\n\n\n<p>\u2022 05 caixas de som JBL Boombox<\/p>\n\n\n\n<p>\u2022 15 caixas de som JBL Go 4<\/p>\n\n\n\n<p>\u2022 04 assistentes virtuais Alexa<\/p>\n\n\n\n<p>\u2022 03 panelas de arroz<\/p>\n\n\n\n<p>\u2022 04 fritadeiras el\u00e9tricas<\/p>\n\n\n\n<p>\u2022 03 TVs 60\u2019<\/p>\n\n\n\n<p>\u2022 09 celulares Samsung com 256GB<\/p>\n\n\n\n<p>O Presidente do Sisemp, Heguel Albuquerque, destaca a import\u00e2ncia deste momento de confraterniza\u00e7\u00e3o. \u201cEssa celebra\u00e7\u00e3o \u00e9 uma forma de valorizar o esfor\u00e7o e a dedica\u00e7\u00e3o de cada servidor p\u00fablico que contribui diariamente para o bom funcionamento da nossa cidade. Al\u00e9m disso, \u00e9 um momento de uni\u00e3o, onde refor\u00e7amos nossos la\u00e7os e reconhecemos o trabalho de todos\u201d, afirmou.<\/p>\n\n\n\n<p>O Sisemp convida todos os servidores filiados a participarem deste momento especial de confraterniza\u00e7\u00e3o e sorteios, em reconhecimento ao empenho e \u00e0 dedica\u00e7\u00e3o de todos que fazem parte do servi\u00e7o p\u00fablico municipal de Palmas.<\/p>\n\n\n\n<p>Texto: reda\u00e7\u00e3o Sisemp<\/p>\n","protected":false},"excerpt":{"rendered":"<p>A festividade contar\u00e1 tamb\u00e9m com um caf\u00e9 da manh\u00e3 para os servidoresO Sindicato dos Servidores P\u00fablicos Municipais de Palmas (Sisemp) ir\u00e1 antecipar as comemora\u00e7\u00f5es do Dia do Servidor, celebrado oficialmente em 28 de outubro, para o pr\u00f3ximo s\u00e1bado, dia 19, a partir das 8h30, no Cristal Hall. A festividade contar\u00e1 com um delicioso Caf\u00e9 da [&hellip;]<\/p>\n","protected":false},"author":13,"featured_media":0,"comment_status":"open","ping_status":"open","sticky":false,"template":"","format":"standard","meta":{"_acf_changed":false,"footnotes":""},"categories":[22,25,898],"tags":[],"class_list":["post-81722","post","type-post","status-publish","format-standard","hentry","category-cidades","category-funcionalismo","category-manchete-segundaria"],"acf":[],"yoast_head":"<!-- This site is optimized with the Yoast SEO plugin v24.4 - https:\/\/yoast.com\/wordpress\/plugins\/seo\/ -->\n<title>Sisemp antecipa comemora\u00e7\u00f5es do Dia do Servidor com grande festa e sorteio de pr\u00eamios - PORTAL DE NOT\u00cdCIAS CLEITON PINHEIRO<\/title>\n<meta name=\"robots\" content=\"index, follow, max-snippet:-1, max-image-preview:large, max-video-preview:-1\" \/>\n<link rel=\"canonical\" href=\"https:\/\/cleitonpinheiro.com.br\/site\/sisemp-antecipa-comemoracoes-do-dia-do-servidor-com-grande-festa-e-sorteio-de-premios\/\" \/>\n<meta property=\"og:locale\" content=\"pt_BR\" \/>\n<meta property=\"og:type\" content=\"article\" \/>\n<meta property=\"og:title\" content=\"Sisemp antecipa comemora\u00e7\u00f5es do Dia do Servidor com grande festa e sorteio de pr\u00eamios - PORTAL DE NOT\u00cdCIAS CLEITON PINHEIRO\" \/>\n<meta property=\"og:description\" content=\"A festividade contar\u00e1 tamb\u00e9m com um caf\u00e9 da manh\u00e3 para os servidoresO Sindicato dos Servidores P\u00fablicos Municipais de Palmas (Sisemp) ir\u00e1 antecipar as comemora\u00e7\u00f5es do Dia do Servidor, celebrado oficialmente em 28 de outubro, para o pr\u00f3ximo s\u00e1bado, dia 19, a partir das 8h30, no Cristal Hall. A festividade contar\u00e1 com um delicioso Caf\u00e9 da [&hellip;]\" \/>\n<meta property=\"og:url\" content=\"https:\/\/cleitonpinheiro.com.br\/site\/sisemp-antecipa-comemoracoes-do-dia-do-servidor-com-grande-festa-e-sorteio-de-premios\/\" \/>\n<meta property=\"og:site_name\" content=\"PORTAL DE NOT\u00cdCIAS CLEITON PINHEIRO\" \/>\n<meta property=\"article:publisher\" content=\"https:\/\/www.facebook.com\/portalcpnoticias\/\" \/>\n<meta property=\"article:published_time\" content=\"2024-10-11T10:59:58+00:00\" \/>\n<meta property=\"article:modified_time\" content=\"2024-10-11T11:00:03+00:00\" \/>\n<meta property=\"og:image\" content=\"https:\/\/cleitonpinheiro.com.br\/site\/wp-content\/uploads\/2024\/10\/1-5.png\" \/>\n\t<meta property=\"og:image:width\" content=\"416\" \/>\n\t<meta property=\"og:image:height\" content=\"277\" \/>\n\t<meta property=\"og:image:type\" content=\"image\/png\" \/>\n<meta name=\"author\" content=\"Reda\u00e7\u00e3o CP\" \/>\n<meta name=\"twitter:card\" content=\"summary_large_image\" \/>\n<meta name=\"twitter:label1\" content=\"Escrito por\" \/>\n\t<meta name=\"twitter:data1\" content=\"Reda\u00e7\u00e3o CP\" \/>\n\t<meta name=\"twitter:label2\" content=\"Est. tempo de leitura\" \/>\n\t<meta name=\"twitter:data2\" content=\"2 minutos\" \/>\n<script type=\"application\/ld+json\" class=\"yoast-schema-graph\">{\"@context\":\"https:\/\/schema.org\",\"@graph\":[{\"@type\":\"Article\",\"@id\":\"https:\/\/cleitonpinheiro.com.br\/site\/sisemp-antecipa-comemoracoes-do-dia-do-servidor-com-grande-festa-e-sorteio-de-premios\/#article\",\"isPartOf\":{\"@id\":\"https:\/\/cleitonpinheiro.com.br\/site\/sisemp-antecipa-comemoracoes-do-dia-do-servidor-com-grande-festa-e-sorteio-de-premios\/\"},\"author\":{\"name\":\"Reda\u00e7\u00e3o CP\",\"@id\":\"https:\/\/cleitonpinheiro.com.br\/site\/#\/schema\/person\/8f04544e0bc40a1b68775b08360f87db\"},\"headline\":\"Sisemp antecipa comemora\u00e7\u00f5es do Dia do Servidor com grande festa e sorteio de pr\u00eamios\",\"datePublished\":\"2024-10-11T10:59:58+00:00\",\"dateModified\":\"2024-10-11T11:00:03+00:00\",\"mainEntityOfPage\":{\"@id\":\"https:\/\/cleitonpinheiro.com.br\/site\/sisemp-antecipa-comemoracoes-do-dia-do-servidor-com-grande-festa-e-sorteio-de-premios\/\"},\"wordCount\":262,\"commentCount\":0,\"publisher\":{\"@id\":\"https:\/\/cleitonpinheiro.com.br\/site\/#organization\"},\"image\":{\"@id\":\"https:\/\/cleitonpinheiro.com.br\/site\/sisemp-antecipa-comemoracoes-do-dia-do-servidor-com-grande-festa-e-sorteio-de-premios\/#primaryimage\"},\"thumbnailUrl\":\"https:\/\/cleitonpinheiro.com.br\/site\/wp-content\/uploads\/2024\/10\/1-5.png\",\"articleSection\":[\"CIDADES\",\"FUNCIONALISMO\",\"MANCHETE SEGUND\u00c1RIA\"],\"inLanguage\":\"pt-BR\",\"potentialAction\":[{\"@type\":\"CommentAction\",\"name\":\"Comment\",\"target\":[\"https:\/\/cleitonpinheiro.com.br\/site\/sisemp-antecipa-comemoracoes-do-dia-do-servidor-com-grande-festa-e-sorteio-de-premios\/#respond\"]}]},{\"@type\":\"WebPage\",\"@id\":\"https:\/\/cleitonpinheiro.com.br\/site\/sisemp-antecipa-comemoracoes-do-dia-do-servidor-com-grande-festa-e-sorteio-de-premios\/\",\"url\":\"https:\/\/cleitonpinheiro.com.br\/site\/sisemp-antecipa-comemoracoes-do-dia-do-servidor-com-grande-festa-e-sorteio-de-premios\/\",\"name\":\"Sisemp antecipa comemora\u00e7\u00f5es do Dia do Servidor com grande festa e sorteio de pr\u00eamios - PORTAL DE NOT\u00cdCIAS CLEITON PINHEIRO\",\"isPartOf\":{\"@id\":\"https:\/\/cleitonpinheiro.com.br\/site\/#website\"},\"primaryImageOfPage\":{\"@id\":\"https:\/\/cleitonpinheiro.com.br\/site\/sisemp-antecipa-comemoracoes-do-dia-do-servidor-com-grande-festa-e-sorteio-de-premios\/#primaryimage\"},\"image\":{\"@id\":\"https:\/\/cleitonpinheiro.com.br\/site\/sisemp-antecipa-comemoracoes-do-dia-do-servidor-com-grande-festa-e-sorteio-de-premios\/#primaryimage\"},\"thumbnailUrl\":\"https:\/\/cleitonpinheiro.com.br\/site\/wp-content\/uploads\/2024\/10\/1-5.png\",\"datePublished\":\"2024-10-11T10:59:58+00:00\",\"dateModified\":\"2024-10-11T11:00:03+00:00\",\"breadcrumb\":{\"@id\":\"https:\/\/cleitonpinheiro.com.br\/site\/sisemp-antecipa-comemoracoes-do-dia-do-servidor-com-grande-festa-e-sorteio-de-premios\/#breadcrumb\"},\"inLanguage\":\"pt-BR\",\"potentialAction\":[{\"@type\":\"ReadAction\",\"target\":[\"https:\/\/cleitonpinheiro.com.br\/site\/sisemp-antecipa-comemoracoes-do-dia-do-servidor-com-grande-festa-e-sorteio-de-premios\/\"]}]},{\"@type\":\"ImageObject\",\"inLanguage\":\"pt-BR\",\"@id\":\"https:\/\/cleitonpinheiro.com.br\/site\/sisemp-antecipa-comemoracoes-do-dia-do-servidor-com-grande-festa-e-sorteio-de-premios\/#primaryimage\",\"url\":\"\",\"contentUrl\":\"\"},{\"@type\":\"BreadcrumbList\",\"@id\":\"https:\/\/cleitonpinheiro.com.br\/site\/sisemp-antecipa-comemoracoes-do-dia-do-servidor-com-grande-festa-e-sorteio-de-premios\/#breadcrumb\",\"itemListElement\":[{\"@type\":\"ListItem\",\"position\":1,\"name\":\"In\u00edcio\",\"item\":\"https:\/\/cleitonpinheiro.com.br\/site\/\"},{\"@type\":\"ListItem\",\"position\":2,\"name\":\"Sisemp antecipa comemora\u00e7\u00f5es do Dia do Servidor com grande festa e sorteio de pr\u00eamios\"}]},{\"@type\":\"WebSite\",\"@id\":\"https:\/\/cleitonpinheiro.com.br\/site\/#website\",\"url\":\"https:\/\/cleitonpinheiro.com.br\/site\/\",\"name\":\"PORTAL DE NOT\u00cdCIAS CLEITON PINHEIRO\",\"description\":\"FALANDO A VERDADE\",\"publisher\":{\"@id\":\"https:\/\/cleitonpinheiro.com.br\/site\/#organization\"},\"potentialAction\":[{\"@type\":\"SearchAction\",\"target\":{\"@type\":\"EntryPoint\",\"urlTemplate\":\"https:\/\/cleitonpinheiro.com.br\/site\/?s={search_term_string}\"},\"query-input\":{\"@type\":\"PropertyValueSpecification\",\"valueRequired\":true,\"valueName\":\"search_term_string\"}}],\"inLanguage\":\"pt-BR\"},{\"@type\":\"Organization\",\"@id\":\"https:\/\/cleitonpinheiro.com.br\/site\/#organization\",\"name\":\"CPNOT\u00cdCIAS\",\"url\":\"https:\/\/cleitonpinheiro.com.br\/site\/\",\"logo\":{\"@type\":\"ImageObject\",\"inLanguage\":\"pt-BR\",\"@id\":\"https:\/\/cleitonpinheiro.com.br\/site\/#\/schema\/logo\/image\/\",\"url\":\"https:\/\/cleitonpinheiro.com.br\/site\/wp-content\/uploads\/2022\/08\/Logo-pequena-2.png\",\"contentUrl\":\"https:\/\/cleitonpinheiro.com.br\/site\/wp-content\/uploads\/2022\/08\/Logo-pequena-2.png\",\"width\":500,\"height\":500,\"caption\":\"CPNOT\u00cdCIAS\"},\"image\":{\"@id\":\"https:\/\/cleitonpinheiro.com.br\/site\/#\/schema\/logo\/image\/\"},\"sameAs\":[\"https:\/\/www.facebook.com\/portalcpnoticias\/\"]},{\"@type\":\"Person\",\"@id\":\"https:\/\/cleitonpinheiro.com.br\/site\/#\/schema\/person\/8f04544e0bc40a1b68775b08360f87db\",\"name\":\"Reda\u00e7\u00e3o CP\",\"image\":{\"@type\":\"ImageObject\",\"inLanguage\":\"pt-BR\",\"@id\":\"https:\/\/cleitonpinheiro.com.br\/site\/#\/schema\/person\/image\/\",\"url\":\"https:\/\/secure.gravatar.com\/avatar\/0bcf19cb29fdc8fc588c490c7ae1b3e174dac268586a63fbe1d1893a0f9020cd?s=96&r=g\",\"contentUrl\":\"https:\/\/secure.gravatar.com\/avatar\/0bcf19cb29fdc8fc588c490c7ae1b3e174dac268586a63fbe1d1893a0f9020cd?s=96&r=g\",\"caption\":\"Reda\u00e7\u00e3o CP\"},\"url\":\"https:\/\/cleitonpinheiro.com.br\/site\/author\/redacao\/\"}]}<\/script>\n<!-- \/ Yoast SEO plugin. -->","yoast_head_json":{"title":"Sisemp antecipa comemora\u00e7\u00f5es do Dia do Servidor com grande festa e sorteio de pr\u00eamios - PORTAL DE NOT\u00cdCIAS CLEITON PINHEIRO","robots":{"index":"index","follow":"follow","max-snippet":"max-snippet:-1","max-image-preview":"max-image-preview:large","max-video-preview":"max-video-preview:-1"},"canonical":"https:\/\/cleitonpinheiro.com.br\/site\/sisemp-antecipa-comemoracoes-do-dia-do-servidor-com-grande-festa-e-sorteio-de-premios\/","og_locale":"pt_BR","og_type":"article","og_title":"Sisemp antecipa comemora\u00e7\u00f5es do Dia do Servidor com grande festa e sorteio de pr\u00eamios - PORTAL DE NOT\u00cdCIAS CLEITON PINHEIRO","og_description":"A festividade contar\u00e1 tamb\u00e9m com um caf\u00e9 da manh\u00e3 para os servidoresO Sindicato dos Servidores P\u00fablicos Municipais de Palmas (Sisemp) ir\u00e1 antecipar as comemora\u00e7\u00f5es do Dia do Servidor, celebrado oficialmente em 28 de outubro, para o pr\u00f3ximo s\u00e1bado, dia 19, a partir das 8h30, no Cristal Hall. A festividade contar\u00e1 com um delicioso Caf\u00e9 da [&hellip;]","og_url":"https:\/\/cleitonpinheiro.com.br\/site\/sisemp-antecipa-comemoracoes-do-dia-do-servidor-com-grande-festa-e-sorteio-de-premios\/","og_site_name":"PORTAL DE NOT\u00cdCIAS CLEITON PINHEIRO","article_publisher":"https:\/\/www.facebook.com\/portalcpnoticias\/","article_published_time":"2024-10-11T10:59:58+00:00","article_modified_time":"2024-10-11T11:00:03+00:00","og_image":[{"width":416,"height":277,"url":"https:\/\/cleitonpinheiro.com.br\/site\/wp-content\/uploads\/2024\/10\/1-5.png","type":"image\/png"}],"author":"Reda\u00e7\u00e3o CP","twitter_card":"summary_large_image","twitter_misc":{"Escrito por":"Reda\u00e7\u00e3o CP","Est. tempo de leitura":"2 minutos"},"schema":{"@context":"https:\/\/schema.org","@graph":[{"@type":"Article","@id":"https:\/\/cleitonpinheiro.com.br\/site\/sisemp-antecipa-comemoracoes-do-dia-do-servidor-com-grande-festa-e-sorteio-de-premios\/#article","isPartOf":{"@id":"https:\/\/cleitonpinheiro.com.br\/site\/sisemp-antecipa-comemoracoes-do-dia-do-servidor-com-grande-festa-e-sorteio-de-premios\/"},"author":{"name":"Reda\u00e7\u00e3o CP","@id":"https:\/\/cleitonpinheiro.com.br\/site\/#\/schema\/person\/8f04544e0bc40a1b68775b08360f87db"},"headline":"Sisemp antecipa comemora\u00e7\u00f5es do Dia do Servidor com grande festa e sorteio de pr\u00eamios","datePublished":"2024-10-11T10:59:58+00:00","dateModified":"2024-10-11T11:00:03+00:00","mainEntityOfPage":{"@id":"https:\/\/cleitonpinheiro.com.br\/site\/sisemp-antecipa-comemoracoes-do-dia-do-servidor-com-grande-festa-e-sorteio-de-premios\/"},"wordCount":262,"commentCount":0,"publisher":{"@id":"https:\/\/cleitonpinheiro.com.br\/site\/#organization"},"image":{"@id":"https:\/\/cleitonpinheiro.com.br\/site\/sisemp-antecipa-comemoracoes-do-dia-do-servidor-com-grande-festa-e-sorteio-de-premios\/#primaryimage"},"thumbnailUrl":"https:\/\/cleitonpinheiro.com.br\/site\/wp-content\/uploads\/2024\/10\/1-5.png","articleSection":["CIDADES","FUNCIONALISMO","MANCHETE SEGUND\u00c1RIA"],"inLanguage":"pt-BR","potentialAction":[{"@type":"CommentAction","name":"Comment","target":["https:\/\/cleitonpinheiro.com.br\/site\/sisemp-antecipa-comemoracoes-do-dia-do-servidor-com-grande-festa-e-sorteio-de-premios\/#respond"]}]},{"@type":"WebPage","@id":"https:\/\/cleitonpinheiro.com.br\/site\/sisemp-antecipa-comemoracoes-do-dia-do-servidor-com-grande-festa-e-sorteio-de-premios\/","url":"https:\/\/cleitonpinheiro.com.br\/site\/sisemp-antecipa-comemoracoes-do-dia-do-servidor-com-grande-festa-e-sorteio-de-premios\/","name":"Sisemp antecipa comemora\u00e7\u00f5es do Dia do Servidor com grande festa e sorteio de pr\u00eamios - PORTAL DE NOT\u00cdCIAS CLEITON PINHEIRO","isPartOf":{"@id":"https:\/\/cleitonpinheiro.com.br\/site\/#website"},"primaryImageOfPage":{"@id":"https:\/\/cleitonpinheiro.com.br\/site\/sisemp-antecipa-comemoracoes-do-dia-do-servidor-com-grande-festa-e-sorteio-de-premios\/#primaryimage"},"image":{"@id":"https:\/\/cleitonpinheiro.com.br\/site\/sisemp-antecipa-comemoracoes-do-dia-do-servidor-com-grande-festa-e-sorteio-de-premios\/#primaryimage"},"thumbnailUrl":"https:\/\/cleitonpinheiro.com.br\/site\/wp-content\/uploads\/2024\/10\/1-5.png","datePublished":"2024-10-11T10:59:58+00:00","dateModified":"2024-10-11T11:00:03+00:00","breadcrumb":{"@id":"https:\/\/cleitonpinheiro.com.br\/site\/sisemp-antecipa-comemoracoes-do-dia-do-servidor-com-grande-festa-e-sorteio-de-premios\/#breadcrumb"},"inLanguage":"pt-BR","potentialAction":[{"@type":"ReadAction","target":["https:\/\/cleitonpinheiro.com.br\/site\/sisemp-antecipa-comemoracoes-do-dia-do-servidor-com-grande-festa-e-sorteio-de-premios\/"]}]},{"@type":"ImageObject","inLanguage":"pt-BR","@id":"https:\/\/cleitonpinheiro.com.br\/site\/sisemp-antecipa-comemoracoes-do-dia-do-servidor-com-grande-festa-e-sorteio-de-premios\/#primaryimage","url":"","contentUrl":""},{"@type":"BreadcrumbList","@id":"https:\/\/cleitonpinheiro.com.br\/site\/sisemp-antecipa-comemoracoes-do-dia-do-servidor-com-grande-festa-e-sorteio-de-premios\/#breadcrumb","itemListElement":[{"@type":"ListItem","position":1,"name":"In\u00edcio","item":"https:\/\/cleitonpinheiro.com.br\/site\/"},{"@type":"ListItem","position":2,"name":"Sisemp antecipa comemora\u00e7\u00f5es do Dia do Servidor com grande festa e sorteio de pr\u00eamios"}]},{"@type":"WebSite","@id":"https:\/\/cleitonpinheiro.com.br\/site\/#website","url":"https:\/\/cleitonpinheiro.com.br\/site\/","name":"PORTAL DE NOT\u00cdCIAS CLEITON PINHEIRO","description":"FALANDO A VERDADE","publisher":{"@id":"https:\/\/cleitonpinheiro.com.br\/site\/#organization"},"potentialAction":[{"@type":"SearchAction","target":{"@type":"EntryPoint","urlTemplate":"https:\/\/cleitonpinheiro.com.br\/site\/?s={search_term_string}"},"query-input":{"@type":"PropertyValueSpecification","valueRequired":true,"valueName":"search_term_string"}}],"inLanguage":"pt-BR"},{"@type":"Organization","@id":"https:\/\/cleitonpinheiro.com.br\/site\/#organization","name":"CPNOT\u00cdCIAS","url":"https:\/\/cleitonpinheiro.com.br\/site\/","logo":{"@type":"ImageObject","inLanguage":"pt-BR","@id":"https:\/\/cleitonpinheiro.com.br\/site\/#\/schema\/logo\/image\/","url":"https:\/\/cleitonpinheiro.com.br\/site\/wp-content\/uploads\/2022\/08\/Logo-pequena-2.png","contentUrl":"https:\/\/cleitonpinheiro.com.br\/site\/wp-content\/uploads\/2022\/08\/Logo-pequena-2.png","width":500,"height":500,"caption":"CPNOT\u00cdCIAS"},"image":{"@id":"https:\/\/cleitonpinheiro.com.br\/site\/#\/schema\/logo\/image\/"},"sameAs":["https:\/\/www.facebook.com\/portalcpnoticias\/"]},{"@type":"Person","@id":"https:\/\/cleitonpinheiro.com.br\/site\/#\/schema\/person\/8f04544e0bc40a1b68775b08360f87db","name":"Reda\u00e7\u00e3o CP","image":{"@type":"ImageObject","inLanguage":"pt-BR","@id":"https:\/\/cleitonpinheiro.com.br\/site\/#\/schema\/person\/image\/","url":"https:\/\/secure.gravatar.com\/avatar\/0bcf19cb29fdc8fc588c490c7ae1b3e174dac268586a63fbe1d1893a0f9020cd?s=96&r=g","contentUrl":"https:\/\/secure.gravatar.com\/avatar\/0bcf19cb29fdc8fc588c490c7ae1b3e174dac268586a63fbe1d1893a0f9020cd?s=96&r=g","caption":"Reda\u00e7\u00e3o CP"},"url":"https:\/\/cleitonpinheiro.com.br\/site\/author\/redacao\/"}]}},"views":175,"_links":{"self":[{"href":"https:\/\/cleitonpinheiro.com.br\/site\/wp-json\/wp\/v2\/posts\/81722","targetHints":{"allow":["GET"]}}],"collection":[{"href":"https:\/\/cleitonpinheiro.com.br\/site\/wp-json\/wp\/v2\/posts"}],"about":[{"href":"https:\/\/cleitonpinheiro.com.br\/site\/wp-json\/wp\/v2\/types\/post"}],"author":[{"embeddable":true,"href":"https:\/\/cleitonpinheiro.com.br\/site\/wp-json\/wp\/v2\/users\/13"}],"replies":[{"embeddable":true,"href":"https:\/\/cleitonpinheiro.com.br\/site\/wp-json\/wp\/v2\/comments?post=81722"}],"version-history":[{"count":1,"href":"https:\/\/cleitonpinheiro.com.br\/site\/wp-json\/wp\/v2\/posts\/81722\/revisions"}],"predecessor-version":[{"id":81724,"href":"https:\/\/cleitonpinheiro.com.br\/site\/wp-json\/wp\/v2\/posts\/81722\/revisions\/81724"}],"wp:attachment":[{"href":"https:\/\/cleitonpinheiro.com.br\/site\/wp-json\/wp\/v2\/media?parent=81722"}],"wp:term":[{"taxonomy":"category","embeddable":true,"href":"https:\/\/cleitonpinheiro.com.br\/site\/wp-json\/wp\/v2\/categories?post=81722"},{"taxonomy":"post_tag","embeddable":true,"href":"https:\/\/cleitonpinheiro.com.br\/site\/wp-json\/wp\/v2\/tags?post=81722"}],"curies":[{"name":"wp","href":"https:\/\/api.w.org\/{rel}","templated":true}]}}