{"id":81729,"date":"2024-10-11T11:50:42","date_gmt":"2024-10-11T14:50:42","guid":{"rendered":"https:\/\/cleitonpinheiro.com.br\/site\/?p=81729"},"modified":"2024-10-11T11:50:46","modified_gmt":"2024-10-11T14:50:46","slug":"ajusp-to-emite-nota-de-repudio-contra-assedio-eleitoral-praticado-nos-orgaos-publicos-estaduais-em-palmas","status":"publish","type":"post","link":"https:\/\/cleitonpinheiro.com.br\/site\/ajusp-to-emite-nota-de-repudio-contra-assedio-eleitoral-praticado-nos-orgaos-publicos-estaduais-em-palmas\/","title":{"rendered":"Ajusp-TO emite nota de rep\u00fadio contra ass\u00e9dio eleitoral praticado nos \u00f3rg\u00e3os p\u00fablicos estaduais, em Palmas"},"content":{"rendered":"\n<figure class=\"wp-block-gallery has-nested-images columns-default is-cropped wp-block-gallery-1 is-layout-flex wp-block-gallery-is-layout-flex\">\n<figure class=\"wp-block-image size-large\"><img fetchpriority=\"high\" decoding=\"async\" width=\"1024\" height=\"1024\" data-id=\"81730\" src=\"https:\/\/cleitonpinheiro.com.br\/site\/wp-content\/uploads\/2024\/10\/LOGO-AJUSP-QUADRADA-1024x1024.png\" alt=\"\" class=\"wp-image-81730\" srcset=\"https:\/\/cleitonpinheiro.com.br\/site\/wp-content\/uploads\/2024\/10\/LOGO-AJUSP-QUADRADA-1024x1024.png 1024w, https:\/\/cleitonpinheiro.com.br\/site\/wp-content\/uploads\/2024\/10\/LOGO-AJUSP-QUADRADA-300x300.png 300w, https:\/\/cleitonpinheiro.com.br\/site\/wp-content\/uploads\/2024\/10\/LOGO-AJUSP-QUADRADA-150x150.png 150w, https:\/\/cleitonpinheiro.com.br\/site\/wp-content\/uploads\/2024\/10\/LOGO-AJUSP-QUADRADA-768x768.png 768w, https:\/\/cleitonpinheiro.com.br\/site\/wp-content\/uploads\/2024\/10\/LOGO-AJUSP-QUADRADA.png 1080w\" sizes=\"(max-width: 1024px) 100vw, 1024px\" \/><figcaption class=\"wp-element-caption\">Foto: Divulga\u00e7\u00e3o<\/figcaption><\/figure>\n<\/figure>\n\n\n\n<p>A Associa\u00e7\u00e3o de Assist\u00eancia Jur\u00eddica dos Servidores P\u00fablicos no Estado do Tocantins (Ajusp-TO) emitiu uma nota p\u00fablica manifestando seu rep\u00fadio \u00e0s supostas pr\u00e1ticas de coa\u00e7\u00e3o, amea\u00e7a e intimida\u00e7\u00e3o que estariam ocorrendo nos \u00f3rg\u00e3os p\u00fablicos estaduais, em Palmas. Conforme a entidade, servidores estariam sendo pressionados a votar na candidata apoiada pelo governador Wanderlei Barbosa no segundo turno das elei\u00e7\u00f5es municipais.<\/p>\n\n\n\n<p>A Ajusp-TO informou que vem recebendo in\u00fameras den\u00fancias de servidores relatando amea\u00e7as de demiss\u00e3o, seja de contratos tempor\u00e1rios ou de cargos comissionados, caso n\u00e3o compare\u00e7am a reuni\u00f5es pol\u00edticas ou n\u00e3o adesivem seus ve\u00edculos com material de campanha da candidata governista. Segundo a associa\u00e7\u00e3o, essas pr\u00e1ticas configuram crimes eleitorais, inclusive com o uso de listas para monitorar quem participa ou n\u00e3o das a\u00e7\u00f5es de campanha.<\/p>\n\n\n\n<p>A entidade refor\u00e7ou que tais a\u00e7\u00f5es caracterizam ass\u00e9dio eleitoral, crime combatido pelo Tribunal Superior Eleitoral (TSE). Conforme o C\u00f3digo Eleitoral, \u00e9 ilegal que servidores p\u00fablicos utilizem sua autoridade para coagir ou influenciar o voto de terceiros, com pena prevista de deten\u00e7\u00e3o e multa. A mera tentativa de coagir eleitores, ainda que sem sucesso, j\u00e1 \u00e9 considerada crime.<\/p>\n\n\n\n<p><strong>Confira nota na \u00edntegra: <\/strong><\/p>\n\n\n\n<p><strong><em>Por meio desta, a Associa\u00e7\u00e3o de Assist\u00eancia Jur\u00eddica dos Servidores P\u00fablicos no Estado do Tocantins (AJUSP-TO), vem a p\u00fablico manifestar seu veemente REP\u00daDIO \u00e0s condutas il\u00edcitas e imorais que est\u00e3o sendo praticadas dentro dos \u00f3rg\u00e3os p\u00fablicos do Governo do Estado, localizados em Palmas, com as mais diversas formas de coa\u00e7\u00e3o, amea\u00e7a e intimida\u00e7\u00e3o para que os servidores p\u00fablicos votem na candidata apoiada pelo Governador Wanderlei Barbosa, para o Segundo Turno das Elei\u00e7\u00f5es da Capital.<\/em><\/strong><\/p>\n\n\n\n<p><strong><em>Assim como j\u00e1 denunciado por alguns \u00f3rg\u00e3os da imprensa local, a AJUSP-TO confirma que tamb\u00e9m vem recebendo in\u00fameras den\u00fancias por parte dos servidores p\u00fablicos que relatam constrangimento e amea\u00e7a de demiss\u00e3o, seja de seus contratos ou de suas fun\u00e7\u00f5es comissionadas, caso n\u00e3o participem das reuni\u00f5es pol\u00edticas e nem plotem (colocar adesivo) seus carros, com a divulga\u00e7\u00e3o da candidata apoiada pelo Governador. Os crimes eleitorais v\u00eam acontecendo \u00e0 luz do dia, inclusive com a exist\u00eancia de listas para acompanhar nominalmente cada servidor, que esteja ou n\u00e3o participando dos atos de campanha.<\/em><\/strong><\/p>\n\n\n\n<p><strong><em>A AJUSP-TO reitera que a pr\u00e1tica configura ASS\u00c9DIO ELEITORAL, um crime que vem sendo amplamente conscientizado e combatido pelo Tribunal Superior Eleitoral (TSE), em todo o pa\u00eds, ao longo dos \u00faltimos anos. Segundo o artigo 300, do C\u00f3digo Eleitoral (Lei n\u00ba 4.737, de 1965) \u00e9 crime o servidor p\u00fablico valer-se da sua autoridade para coagir algu\u00e9m a votar ou n\u00e3o votar em determinado candidato ou partido, inclusive com pena de deten\u00e7\u00e3o, mais multa. Tamb\u00e9m \u00e9 crime usar de grave amea\u00e7a para coagir algu\u00e9m a votar ou n\u00e3o votar em determinado candidato ou partido, ainda que os fins visados n\u00e3o sejam conseguidos. Ou seja: a mera tentativa de constranger o eleitor \u00e9 considerada crime.<\/em><\/strong><\/p>\n\n\n\n<p><strong><em>O que se v\u00ea \u00e9 que a legisla\u00e7\u00e3o vigente garante, explicitamente, aos cidad\u00e3os a liberdade de escolha de seus candidatos, a liberdade de express\u00e3o e o livre exerc\u00edcio do voto. A liberdade do voto, portanto, constitui-se no pilar mais importante da nossa democracia, da soberania popular, por isso, \u00e9 preciso combater e denunciar qualquer tipo de conduta assediadora, seja praticada por quem for. E a AJUSP-TO, como entidade classista que defende a categoria, est\u00e1 alerta e convoca os servidores p\u00fablicos a denunciarem os crimes eleitorais, tanto no \u00e2mbito da AJUSP-TO, quanto tamb\u00e9m ao Minist\u00e9rio P\u00fablico do Trabalho.<\/em><\/strong><\/p>\n\n\n\n<p><strong><em>Por fim, cabe enfatizar que o voto do servidor p\u00fablico \u00e9 important\u00edssimo nesse segundo turno, haja vista que somos mais de 30 mil pessoas, sem contar os familiares, residindo na Capital. E diante do cen\u00e1rio opressor que a categoria vem vivendo, a AJUSP-TO conclama os servidores p\u00fablicos a darem uma resposta nas urnas, no pr\u00f3ximo dia 27 de outubro, dizendo um N\u00c3O veemente e sonoro \u00e0 candidata apoiada pelo Governo do Estado. Assim ficar\u00e1 claro que o servidor p\u00fablico n\u00e3o compactua com condutas assediadoras e nem se submete a intimida\u00e7\u00e3o.<\/em><\/strong><\/p>\n","protected":false},"excerpt":{"rendered":"<p>A Associa\u00e7\u00e3o de Assist\u00eancia Jur\u00eddica dos Servidores P\u00fablicos no Estado do Tocantins (Ajusp-TO) emitiu uma nota p\u00fablica manifestando seu rep\u00fadio \u00e0s supostas pr\u00e1ticas de coa\u00e7\u00e3o, amea\u00e7a e intimida\u00e7\u00e3o que estariam ocorrendo nos \u00f3rg\u00e3os p\u00fablicos estaduais, em Palmas. Conforme a entidade, servidores estariam sendo pressionados a votar na candidata apoiada pelo governador Wanderlei Barbosa no segundo [&hellip;]<\/p>\n","protected":false},"author":13,"featured_media":81730,"comment_status":"open","ping_status":"open","sticky":false,"template":"","format":"standard","meta":{"_acf_changed":false,"footnotes":""},"categories":[22,25,898],"tags":[],"class_list":["post-81729","post","type-post","status-publish","format-standard","has-post-thumbnail","hentry","category-cidades","category-funcionalismo","category-manchete-segundaria"],"acf":[],"yoast_head":"<!-- This site is optimized with the Yoast SEO plugin v24.4 - https:\/\/yoast.com\/wordpress\/plugins\/seo\/ -->\n<title>Ajusp-TO emite nota de rep\u00fadio contra ass\u00e9dio eleitoral praticado nos \u00f3rg\u00e3os p\u00fablicos estaduais, em Palmas - PORTAL DE NOT\u00cdCIAS CLEITON PINHEIRO<\/title>\n<meta name=\"robots\" content=\"index, follow, max-snippet:-1, max-image-preview:large, max-video-preview:-1\" \/>\n<link rel=\"canonical\" href=\"https:\/\/cleitonpinheiro.com.br\/site\/ajusp-to-emite-nota-de-repudio-contra-assedio-eleitoral-praticado-nos-orgaos-publicos-estaduais-em-palmas\/\" \/>\n<meta property=\"og:locale\" content=\"pt_BR\" \/>\n<meta property=\"og:type\" content=\"article\" \/>\n<meta property=\"og:title\" content=\"Ajusp-TO emite nota de rep\u00fadio contra ass\u00e9dio eleitoral praticado nos \u00f3rg\u00e3os p\u00fablicos estaduais, em Palmas - PORTAL DE NOT\u00cdCIAS CLEITON PINHEIRO\" \/>\n<meta property=\"og:description\" content=\"A Associa\u00e7\u00e3o de Assist\u00eancia Jur\u00eddica dos Servidores P\u00fablicos no Estado do Tocantins (Ajusp-TO) emitiu uma nota p\u00fablica manifestando seu rep\u00fadio \u00e0s supostas pr\u00e1ticas de coa\u00e7\u00e3o, amea\u00e7a e intimida\u00e7\u00e3o que estariam ocorrendo nos \u00f3rg\u00e3os p\u00fablicos estaduais, em Palmas. Conforme a entidade, servidores estariam sendo pressionados a votar na candidata apoiada pelo governador Wanderlei Barbosa no segundo [&hellip;]\" \/>\n<meta property=\"og:url\" content=\"https:\/\/cleitonpinheiro.com.br\/site\/ajusp-to-emite-nota-de-repudio-contra-assedio-eleitoral-praticado-nos-orgaos-publicos-estaduais-em-palmas\/\" \/>\n<meta property=\"og:site_name\" content=\"PORTAL DE NOT\u00cdCIAS CLEITON PINHEIRO\" \/>\n<meta property=\"article:publisher\" content=\"https:\/\/www.facebook.com\/portalcpnoticias\/\" \/>\n<meta property=\"article:published_time\" content=\"2024-10-11T14:50:42+00:00\" \/>\n<meta property=\"article:modified_time\" content=\"2024-10-11T14:50:46+00:00\" \/>\n<meta property=\"og:image\" content=\"https:\/\/cleitonpinheiro.com.br\/site\/wp-content\/uploads\/2024\/10\/LOGO-AJUSP-QUADRADA.png\" \/>\n\t<meta property=\"og:image:width\" content=\"1080\" \/>\n\t<meta property=\"og:image:height\" content=\"1080\" \/>\n\t<meta property=\"og:image:type\" content=\"image\/png\" \/>\n<meta name=\"author\" content=\"Reda\u00e7\u00e3o CP\" \/>\n<meta name=\"twitter:card\" content=\"summary_large_image\" \/>\n<meta name=\"twitter:label1\" content=\"Escrito por\" \/>\n\t<meta name=\"twitter:data1\" content=\"Reda\u00e7\u00e3o CP\" \/>\n\t<meta name=\"twitter:label2\" content=\"Est. tempo de leitura\" \/>\n\t<meta name=\"twitter:data2\" content=\"4 minutos\" \/>\n<script type=\"application\/ld+json\" class=\"yoast-schema-graph\">{\"@context\":\"https:\/\/schema.org\",\"@graph\":[{\"@type\":\"Article\",\"@id\":\"https:\/\/cleitonpinheiro.com.br\/site\/ajusp-to-emite-nota-de-repudio-contra-assedio-eleitoral-praticado-nos-orgaos-publicos-estaduais-em-palmas\/#article\",\"isPartOf\":{\"@id\":\"https:\/\/cleitonpinheiro.com.br\/site\/ajusp-to-emite-nota-de-repudio-contra-assedio-eleitoral-praticado-nos-orgaos-publicos-estaduais-em-palmas\/\"},\"author\":{\"name\":\"Reda\u00e7\u00e3o CP\",\"@id\":\"https:\/\/cleitonpinheiro.com.br\/site\/#\/schema\/person\/8f04544e0bc40a1b68775b08360f87db\"},\"headline\":\"Ajusp-TO emite nota de rep\u00fadio contra ass\u00e9dio eleitoral praticado nos \u00f3rg\u00e3os p\u00fablicos estaduais, em Palmas\",\"datePublished\":\"2024-10-11T14:50:42+00:00\",\"dateModified\":\"2024-10-11T14:50:46+00:00\",\"mainEntityOfPage\":{\"@id\":\"https:\/\/cleitonpinheiro.com.br\/site\/ajusp-to-emite-nota-de-repudio-contra-assedio-eleitoral-praticado-nos-orgaos-publicos-estaduais-em-palmas\/\"},\"wordCount\":749,\"commentCount\":0,\"publisher\":{\"@id\":\"https:\/\/cleitonpinheiro.com.br\/site\/#organization\"},\"image\":{\"@id\":\"https:\/\/cleitonpinheiro.com.br\/site\/ajusp-to-emite-nota-de-repudio-contra-assedio-eleitoral-praticado-nos-orgaos-publicos-estaduais-em-palmas\/#primaryimage\"},\"thumbnailUrl\":\"https:\/\/cleitonpinheiro.com.br\/site\/wp-content\/uploads\/2024\/10\/LOGO-AJUSP-QUADRADA.png\",\"articleSection\":[\"CIDADES\",\"FUNCIONALISMO\",\"MANCHETE SEGUND\u00c1RIA\"],\"inLanguage\":\"pt-BR\",\"potentialAction\":[{\"@type\":\"CommentAction\",\"name\":\"Comment\",\"target\":[\"https:\/\/cleitonpinheiro.com.br\/site\/ajusp-to-emite-nota-de-repudio-contra-assedio-eleitoral-praticado-nos-orgaos-publicos-estaduais-em-palmas\/#respond\"]}]},{\"@type\":\"WebPage\",\"@id\":\"https:\/\/cleitonpinheiro.com.br\/site\/ajusp-to-emite-nota-de-repudio-contra-assedio-eleitoral-praticado-nos-orgaos-publicos-estaduais-em-palmas\/\",\"url\":\"https:\/\/cleitonpinheiro.com.br\/site\/ajusp-to-emite-nota-de-repudio-contra-assedio-eleitoral-praticado-nos-orgaos-publicos-estaduais-em-palmas\/\",\"name\":\"Ajusp-TO emite nota de rep\u00fadio contra ass\u00e9dio eleitoral praticado nos \u00f3rg\u00e3os p\u00fablicos estaduais, em Palmas - PORTAL DE NOT\u00cdCIAS CLEITON PINHEIRO\",\"isPartOf\":{\"@id\":\"https:\/\/cleitonpinheiro.com.br\/site\/#website\"},\"primaryImageOfPage\":{\"@id\":\"https:\/\/cleitonpinheiro.com.br\/site\/ajusp-to-emite-nota-de-repudio-contra-assedio-eleitoral-praticado-nos-orgaos-publicos-estaduais-em-palmas\/#primaryimage\"},\"image\":{\"@id\":\"https:\/\/cleitonpinheiro.com.br\/site\/ajusp-to-emite-nota-de-repudio-contra-assedio-eleitoral-praticado-nos-orgaos-publicos-estaduais-em-palmas\/#primaryimage\"},\"thumbnailUrl\":\"https:\/\/cleitonpinheiro.com.br\/site\/wp-content\/uploads\/2024\/10\/LOGO-AJUSP-QUADRADA.png\",\"datePublished\":\"2024-10-11T14:50:42+00:00\",\"dateModified\":\"2024-10-11T14:50:46+00:00\",\"breadcrumb\":{\"@id\":\"https:\/\/cleitonpinheiro.com.br\/site\/ajusp-to-emite-nota-de-repudio-contra-assedio-eleitoral-praticado-nos-orgaos-publicos-estaduais-em-palmas\/#breadcrumb\"},\"inLanguage\":\"pt-BR\",\"potentialAction\":[{\"@type\":\"ReadAction\",\"target\":[\"https:\/\/cleitonpinheiro.com.br\/site\/ajusp-to-emite-nota-de-repudio-contra-assedio-eleitoral-praticado-nos-orgaos-publicos-estaduais-em-palmas\/\"]}]},{\"@type\":\"ImageObject\",\"inLanguage\":\"pt-BR\",\"@id\":\"https:\/\/cleitonpinheiro.com.br\/site\/ajusp-to-emite-nota-de-repudio-contra-assedio-eleitoral-praticado-nos-orgaos-publicos-estaduais-em-palmas\/#primaryimage\",\"url\":\"https:\/\/cleitonpinheiro.com.br\/site\/wp-content\/uploads\/2024\/10\/LOGO-AJUSP-QUADRADA.png\",\"contentUrl\":\"https:\/\/cleitonpinheiro.com.br\/site\/wp-content\/uploads\/2024\/10\/LOGO-AJUSP-QUADRADA.png\",\"width\":1080,\"height\":1080},{\"@type\":\"BreadcrumbList\",\"@id\":\"https:\/\/cleitonpinheiro.com.br\/site\/ajusp-to-emite-nota-de-repudio-contra-assedio-eleitoral-praticado-nos-orgaos-publicos-estaduais-em-palmas\/#breadcrumb\",\"itemListElement\":[{\"@type\":\"ListItem\",\"position\":1,\"name\":\"In\u00edcio\",\"item\":\"https:\/\/cleitonpinheiro.com.br\/site\/\"},{\"@type\":\"ListItem\",\"position\":2,\"name\":\"Ajusp-TO emite nota de rep\u00fadio contra ass\u00e9dio eleitoral praticado nos \u00f3rg\u00e3os p\u00fablicos estaduais, em Palmas\"}]},{\"@type\":\"WebSite\",\"@id\":\"https:\/\/cleitonpinheiro.com.br\/site\/#website\",\"url\":\"https:\/\/cleitonpinheiro.com.br\/site\/\",\"name\":\"PORTAL DE NOT\u00cdCIAS CLEITON PINHEIRO\",\"description\":\"FALANDO A VERDADE\",\"publisher\":{\"@id\":\"https:\/\/cleitonpinheiro.com.br\/site\/#organization\"},\"potentialAction\":[{\"@type\":\"SearchAction\",\"target\":{\"@type\":\"EntryPoint\",\"urlTemplate\":\"https:\/\/cleitonpinheiro.com.br\/site\/?s={search_term_string}\"},\"query-input\":{\"@type\":\"PropertyValueSpecification\",\"valueRequired\":true,\"valueName\":\"search_term_string\"}}],\"inLanguage\":\"pt-BR\"},{\"@type\":\"Organization\",\"@id\":\"https:\/\/cleitonpinheiro.com.br\/site\/#organization\",\"name\":\"CPNOT\u00cdCIAS\",\"url\":\"https:\/\/cleitonpinheiro.com.br\/site\/\",\"logo\":{\"@type\":\"ImageObject\",\"inLanguage\":\"pt-BR\",\"@id\":\"https:\/\/cleitonpinheiro.com.br\/site\/#\/schema\/logo\/image\/\",\"url\":\"https:\/\/cleitonpinheiro.com.br\/site\/wp-content\/uploads\/2022\/08\/Logo-pequena-2.png\",\"contentUrl\":\"https:\/\/cleitonpinheiro.com.br\/site\/wp-content\/uploads\/2022\/08\/Logo-pequena-2.png\",\"width\":500,\"height\":500,\"caption\":\"CPNOT\u00cdCIAS\"},\"image\":{\"@id\":\"https:\/\/cleitonpinheiro.com.br\/site\/#\/schema\/logo\/image\/\"},\"sameAs\":[\"https:\/\/www.facebook.com\/portalcpnoticias\/\"]},{\"@type\":\"Person\",\"@id\":\"https:\/\/cleitonpinheiro.com.br\/site\/#\/schema\/person\/8f04544e0bc40a1b68775b08360f87db\",\"name\":\"Reda\u00e7\u00e3o CP\",\"image\":{\"@type\":\"ImageObject\",\"inLanguage\":\"pt-BR\",\"@id\":\"https:\/\/cleitonpinheiro.com.br\/site\/#\/schema\/person\/image\/\",\"url\":\"https:\/\/secure.gravatar.com\/avatar\/0bcf19cb29fdc8fc588c490c7ae1b3e174dac268586a63fbe1d1893a0f9020cd?s=96&r=g\",\"contentUrl\":\"https:\/\/secure.gravatar.com\/avatar\/0bcf19cb29fdc8fc588c490c7ae1b3e174dac268586a63fbe1d1893a0f9020cd?s=96&r=g\",\"caption\":\"Reda\u00e7\u00e3o CP\"},\"url\":\"https:\/\/cleitonpinheiro.com.br\/site\/author\/redacao\/\"}]}<\/script>\n<!-- \/ Yoast SEO plugin. -->","yoast_head_json":{"title":"Ajusp-TO emite nota de rep\u00fadio contra ass\u00e9dio eleitoral praticado nos \u00f3rg\u00e3os p\u00fablicos estaduais, em Palmas - PORTAL DE NOT\u00cdCIAS CLEITON PINHEIRO","robots":{"index":"index","follow":"follow","max-snippet":"max-snippet:-1","max-image-preview":"max-image-preview:large","max-video-preview":"max-video-preview:-1"},"canonical":"https:\/\/cleitonpinheiro.com.br\/site\/ajusp-to-emite-nota-de-repudio-contra-assedio-eleitoral-praticado-nos-orgaos-publicos-estaduais-em-palmas\/","og_locale":"pt_BR","og_type":"article","og_title":"Ajusp-TO emite nota de rep\u00fadio contra ass\u00e9dio eleitoral praticado nos \u00f3rg\u00e3os p\u00fablicos estaduais, em Palmas - PORTAL DE NOT\u00cdCIAS CLEITON PINHEIRO","og_description":"A Associa\u00e7\u00e3o de Assist\u00eancia Jur\u00eddica dos Servidores P\u00fablicos no Estado do Tocantins (Ajusp-TO) emitiu uma nota p\u00fablica manifestando seu rep\u00fadio \u00e0s supostas pr\u00e1ticas de coa\u00e7\u00e3o, amea\u00e7a e intimida\u00e7\u00e3o que estariam ocorrendo nos \u00f3rg\u00e3os p\u00fablicos estaduais, em Palmas. Conforme a entidade, servidores estariam sendo pressionados a votar na candidata apoiada pelo governador Wanderlei Barbosa no segundo [&hellip;]","og_url":"https:\/\/cleitonpinheiro.com.br\/site\/ajusp-to-emite-nota-de-repudio-contra-assedio-eleitoral-praticado-nos-orgaos-publicos-estaduais-em-palmas\/","og_site_name":"PORTAL DE NOT\u00cdCIAS CLEITON PINHEIRO","article_publisher":"https:\/\/www.facebook.com\/portalcpnoticias\/","article_published_time":"2024-10-11T14:50:42+00:00","article_modified_time":"2024-10-11T14:50:46+00:00","og_image":[{"width":1080,"height":1080,"url":"https:\/\/cleitonpinheiro.com.br\/site\/wp-content\/uploads\/2024\/10\/LOGO-AJUSP-QUADRADA.png","type":"image\/png"}],"author":"Reda\u00e7\u00e3o CP","twitter_card":"summary_large_image","twitter_misc":{"Escrito por":"Reda\u00e7\u00e3o CP","Est. tempo de leitura":"4 minutos"},"schema":{"@context":"https:\/\/schema.org","@graph":[{"@type":"Article","@id":"https:\/\/cleitonpinheiro.com.br\/site\/ajusp-to-emite-nota-de-repudio-contra-assedio-eleitoral-praticado-nos-orgaos-publicos-estaduais-em-palmas\/#article","isPartOf":{"@id":"https:\/\/cleitonpinheiro.com.br\/site\/ajusp-to-emite-nota-de-repudio-contra-assedio-eleitoral-praticado-nos-orgaos-publicos-estaduais-em-palmas\/"},"author":{"name":"Reda\u00e7\u00e3o CP","@id":"https:\/\/cleitonpinheiro.com.br\/site\/#\/schema\/person\/8f04544e0bc40a1b68775b08360f87db"},"headline":"Ajusp-TO emite nota de rep\u00fadio contra ass\u00e9dio eleitoral praticado nos \u00f3rg\u00e3os p\u00fablicos estaduais, em Palmas","datePublished":"2024-10-11T14:50:42+00:00","dateModified":"2024-10-11T14:50:46+00:00","mainEntityOfPage":{"@id":"https:\/\/cleitonpinheiro.com.br\/site\/ajusp-to-emite-nota-de-repudio-contra-assedio-eleitoral-praticado-nos-orgaos-publicos-estaduais-em-palmas\/"},"wordCount":749,"commentCount":0,"publisher":{"@id":"https:\/\/cleitonpinheiro.com.br\/site\/#organization"},"image":{"@id":"https:\/\/cleitonpinheiro.com.br\/site\/ajusp-to-emite-nota-de-repudio-contra-assedio-eleitoral-praticado-nos-orgaos-publicos-estaduais-em-palmas\/#primaryimage"},"thumbnailUrl":"https:\/\/cleitonpinheiro.com.br\/site\/wp-content\/uploads\/2024\/10\/LOGO-AJUSP-QUADRADA.png","articleSection":["CIDADES","FUNCIONALISMO","MANCHETE SEGUND\u00c1RIA"],"inLanguage":"pt-BR","potentialAction":[{"@type":"CommentAction","name":"Comment","target":["https:\/\/cleitonpinheiro.com.br\/site\/ajusp-to-emite-nota-de-repudio-contra-assedio-eleitoral-praticado-nos-orgaos-publicos-estaduais-em-palmas\/#respond"]}]},{"@type":"WebPage","@id":"https:\/\/cleitonpinheiro.com.br\/site\/ajusp-to-emite-nota-de-repudio-contra-assedio-eleitoral-praticado-nos-orgaos-publicos-estaduais-em-palmas\/","url":"https:\/\/cleitonpinheiro.com.br\/site\/ajusp-to-emite-nota-de-repudio-contra-assedio-eleitoral-praticado-nos-orgaos-publicos-estaduais-em-palmas\/","name":"Ajusp-TO emite nota de rep\u00fadio contra ass\u00e9dio eleitoral praticado nos \u00f3rg\u00e3os p\u00fablicos estaduais, em Palmas - PORTAL DE NOT\u00cdCIAS CLEITON PINHEIRO","isPartOf":{"@id":"https:\/\/cleitonpinheiro.com.br\/site\/#website"},"primaryImageOfPage":{"@id":"https:\/\/cleitonpinheiro.com.br\/site\/ajusp-to-emite-nota-de-repudio-contra-assedio-eleitoral-praticado-nos-orgaos-publicos-estaduais-em-palmas\/#primaryimage"},"image":{"@id":"https:\/\/cleitonpinheiro.com.br\/site\/ajusp-to-emite-nota-de-repudio-contra-assedio-eleitoral-praticado-nos-orgaos-publicos-estaduais-em-palmas\/#primaryimage"},"thumbnailUrl":"https:\/\/cleitonpinheiro.com.br\/site\/wp-content\/uploads\/2024\/10\/LOGO-AJUSP-QUADRADA.png","datePublished":"2024-10-11T14:50:42+00:00","dateModified":"2024-10-11T14:50:46+00:00","breadcrumb":{"@id":"https:\/\/cleitonpinheiro.com.br\/site\/ajusp-to-emite-nota-de-repudio-contra-assedio-eleitoral-praticado-nos-orgaos-publicos-estaduais-em-palmas\/#breadcrumb"},"inLanguage":"pt-BR","potentialAction":[{"@type":"ReadAction","target":["https:\/\/cleitonpinheiro.com.br\/site\/ajusp-to-emite-nota-de-repudio-contra-assedio-eleitoral-praticado-nos-orgaos-publicos-estaduais-em-palmas\/"]}]},{"@type":"ImageObject","inLanguage":"pt-BR","@id":"https:\/\/cleitonpinheiro.com.br\/site\/ajusp-to-emite-nota-de-repudio-contra-assedio-eleitoral-praticado-nos-orgaos-publicos-estaduais-em-palmas\/#primaryimage","url":"https:\/\/cleitonpinheiro.com.br\/site\/wp-content\/uploads\/2024\/10\/LOGO-AJUSP-QUADRADA.png","contentUrl":"https:\/\/cleitonpinheiro.com.br\/site\/wp-content\/uploads\/2024\/10\/LOGO-AJUSP-QUADRADA.png","width":1080,"height":1080},{"@type":"BreadcrumbList","@id":"https:\/\/cleitonpinheiro.com.br\/site\/ajusp-to-emite-nota-de-repudio-contra-assedio-eleitoral-praticado-nos-orgaos-publicos-estaduais-em-palmas\/#breadcrumb","itemListElement":[{"@type":"ListItem","position":1,"name":"In\u00edcio","item":"https:\/\/cleitonpinheiro.com.br\/site\/"},{"@type":"ListItem","position":2,"name":"Ajusp-TO emite nota de rep\u00fadio contra ass\u00e9dio eleitoral praticado nos \u00f3rg\u00e3os p\u00fablicos estaduais, em Palmas"}]},{"@type":"WebSite","@id":"https:\/\/cleitonpinheiro.com.br\/site\/#website","url":"https:\/\/cleitonpinheiro.com.br\/site\/","name":"PORTAL DE NOT\u00cdCIAS CLEITON PINHEIRO","description":"FALANDO A VERDADE","publisher":{"@id":"https:\/\/cleitonpinheiro.com.br\/site\/#organization"},"potentialAction":[{"@type":"SearchAction","target":{"@type":"EntryPoint","urlTemplate":"https:\/\/cleitonpinheiro.com.br\/site\/?s={search_term_string}"},"query-input":{"@type":"PropertyValueSpecification","valueRequired":true,"valueName":"search_term_string"}}],"inLanguage":"pt-BR"},{"@type":"Organization","@id":"https:\/\/cleitonpinheiro.com.br\/site\/#organization","name":"CPNOT\u00cdCIAS","url":"https:\/\/cleitonpinheiro.com.br\/site\/","logo":{"@type":"ImageObject","inLanguage":"pt-BR","@id":"https:\/\/cleitonpinheiro.com.br\/site\/#\/schema\/logo\/image\/","url":"https:\/\/cleitonpinheiro.com.br\/site\/wp-content\/uploads\/2022\/08\/Logo-pequena-2.png","contentUrl":"https:\/\/cleitonpinheiro.com.br\/site\/wp-content\/uploads\/2022\/08\/Logo-pequena-2.png","width":500,"height":500,"caption":"CPNOT\u00cdCIAS"},"image":{"@id":"https:\/\/cleitonpinheiro.com.br\/site\/#\/schema\/logo\/image\/"},"sameAs":["https:\/\/www.facebook.com\/portalcpnoticias\/"]},{"@type":"Person","@id":"https:\/\/cleitonpinheiro.com.br\/site\/#\/schema\/person\/8f04544e0bc40a1b68775b08360f87db","name":"Reda\u00e7\u00e3o CP","image":{"@type":"ImageObject","inLanguage":"pt-BR","@id":"https:\/\/cleitonpinheiro.com.br\/site\/#\/schema\/person\/image\/","url":"https:\/\/secure.gravatar.com\/avatar\/0bcf19cb29fdc8fc588c490c7ae1b3e174dac268586a63fbe1d1893a0f9020cd?s=96&r=g","contentUrl":"https:\/\/secure.gravatar.com\/avatar\/0bcf19cb29fdc8fc588c490c7ae1b3e174dac268586a63fbe1d1893a0f9020cd?s=96&r=g","caption":"Reda\u00e7\u00e3o CP"},"url":"https:\/\/cleitonpinheiro.com.br\/site\/author\/redacao\/"}]}},"views":388,"_links":{"self":[{"href":"https:\/\/cleitonpinheiro.com.br\/site\/wp-json\/wp\/v2\/posts\/81729","targetHints":{"allow":["GET"]}}],"collection":[{"href":"https:\/\/cleitonpinheiro.com.br\/site\/wp-json\/wp\/v2\/posts"}],"about":[{"href":"https:\/\/cleitonpinheiro.com.br\/site\/wp-json\/wp\/v2\/types\/post"}],"author":[{"embeddable":true,"href":"https:\/\/cleitonpinheiro.com.br\/site\/wp-json\/wp\/v2\/users\/13"}],"replies":[{"embeddable":true,"href":"https:\/\/cleitonpinheiro.com.br\/site\/wp-json\/wp\/v2\/comments?post=81729"}],"version-history":[{"count":1,"href":"https:\/\/cleitonpinheiro.com.br\/site\/wp-json\/wp\/v2\/posts\/81729\/revisions"}],"predecessor-version":[{"id":81731,"href":"https:\/\/cleitonpinheiro.com.br\/site\/wp-json\/wp\/v2\/posts\/81729\/revisions\/81731"}],"wp:featuredmedia":[{"embeddable":true,"href":"https:\/\/cleitonpinheiro.com.br\/site\/wp-json\/wp\/v2\/media\/81730"}],"wp:attachment":[{"href":"https:\/\/cleitonpinheiro.com.br\/site\/wp-json\/wp\/v2\/media?parent=81729"}],"wp:term":[{"taxonomy":"category","embeddable":true,"href":"https:\/\/cleitonpinheiro.com.br\/site\/wp-json\/wp\/v2\/categories?post=81729"},{"taxonomy":"post_tag","embeddable":true,"href":"https:\/\/cleitonpinheiro.com.br\/site\/wp-json\/wp\/v2\/tags?post=81729"}],"curies":[{"name":"wp","href":"https:\/\/api.w.org\/{rel}","templated":true}]}}