{"id":81738,"date":"2024-10-11T10:54:22","date_gmt":"2024-10-11T13:54:22","guid":{"rendered":"https:\/\/cleitonpinheiro.com.br\/site\/?p=81738"},"modified":"2024-10-11T11:10:19","modified_gmt":"2024-10-11T14:10:19","slug":"tre-to-detalha-trabalho-para-realizacao-de-inedito-segundo-turno-das-eleicoes-municipais-de-palmas","status":"publish","type":"post","link":"https:\/\/cleitonpinheiro.com.br\/site\/tre-to-detalha-trabalho-para-realizacao-de-inedito-segundo-turno-das-eleicoes-municipais-de-palmas\/","title":{"rendered":"TRE-TO detalha trabalho para realiza\u00e7\u00e3o de in\u00e9dito segundo turno das elei\u00e7\u00f5es municipais de Palmas"},"content":{"rendered":"\n<figure class=\"wp-block-gallery has-nested-images columns-default is-cropped wp-block-gallery-1 is-layout-flex wp-block-gallery-is-layout-flex\">\n<figure class=\"wp-block-image size-large\"><img decoding=\"async\" data-id=\"81739\" src=\"https:\/\/cleitonpinheiro.com.br\/site\/wp-content\/uploads\/2024\/10\/3-3.jpg\" alt=\"\" class=\"wp-image-81739\"\/><figcaption class=\"wp-element-caption\">Foto: Carlos Eller TRE-TO<\/figcaption><\/figure>\n<\/figure>\n\n\n\n<p>Palmas se prepara para mais um pleito municipal, agora, pela primeira vez na hist\u00f3ria do munic\u00edpio, o segundo turno. A popula\u00e7\u00e3o ter\u00e1 dispon\u00edvel 629 se\u00e7\u00f5es instaladas, e 82 locais de vota\u00e7\u00e3o ativos. O Tribunal Regional Eleitoral do Tocantins (TRE-TO) preparou ainda mais de 2,6 mil mes\u00e1rias e mes\u00e1rios que ir\u00e3o atuar novamente no pr\u00f3ximo dia 27.<\/p>\n\n\n\n<p>Estar\u00e3o dispon\u00edveis ainda 50 urnas para eventuais conting\u00eancias. Como j\u00e1 havia sido realizada uma prepara\u00e7\u00e3o para essas urnas eletr\u00f4nicas no primeiro turno, neste segundo turno as m\u00eddias de resultado foram retiradas para a transmiss\u00e3o do resultado, e ser\u00e3o geradas agora as novas m\u00eddias de resultado, com aplica\u00e7\u00e3o de vota\u00e7\u00e3o com os dados dos concorrentes do pleito. No final da vota\u00e7\u00e3o, elas servem para grava\u00e7\u00e3o e transmiss\u00e3o do resultado.<\/p>\n\n\n\n<p>Coletiva de imprensa<\/p>\n\n\n\n<p>A fim de trazer resultados e esclarecer d\u00favidas sobre o segundo turno na capital, a Justi\u00e7a Eleitoral tocantinense realizou na manh\u00e3 desta quarta-feira, 10, no cart\u00f3rio eleitoral de Palmas, uma coletiva de imprensa com os meios de comunica\u00e7\u00e3o de Palmas. As informa\u00e7\u00f5es foram fornecidas pelo juiz eleitoral da 29\u00aa zona eleitoral, Gil de Ara\u00fajo Corr\u00eaa, pelo secret\u00e1rio de Tecnologia da Informa\u00e7\u00e3o (STI) do TRE-TO, Valdenir Borges J\u00fanior e pelo servidor da 29\u00aa ZE, Michel Le\u00e3o, que abordou sobre a prepara\u00e7\u00e3o das urnas eletr\u00f4nicas e a prepara\u00e7\u00e3o dos sistemas para o segundo turno.<\/p>\n\n\n\n<p>Durante a abertura da coletiva, o juiz eleitoral de Palmas ressaltou o empenho da equipe dado o sucesso do primeiro turno. \u201cJ\u00e1 encontrei um trabalho de prepara\u00e7\u00e3o para estas elei\u00e7\u00f5es em curso e tive a grata e satisfa\u00e7\u00e3o de encontrar uma equipe extremamente dedicada, estruturada. A prova disso \u00e9 o resultado constatado nas elei\u00e7\u00f5es no primeiro turno. E para o prosseguimento dos nossos trabalhos, j\u00e1 preparando o segundo turno in\u00e9dito na nossa capital, na medida em que foi ultrapassado 200 mil eleitores em Palmas, n\u00f3s temos hoje 209.524 eleitores aptos \u00e0 vota\u00e7\u00e3o\u201d, declarou Gil Corr\u00eaa.<\/p>\n\n\n\n<p>O secret\u00e1rio de Tecnologia da Informa\u00e7\u00e3o (STI) do TRE-TO, Valdenir Borges J\u00fanior, afirmou que o TRE-TO tem todo um processo de conting\u00eancia que \u00e9 estabelecido previamente para as elei\u00e7\u00f5es. \u201cToda urna eletr\u00f4nica tem um plano B caso aconte\u00e7a algum problema. Para que consigamos garantir a legitimidade do processo e o voto do eleitor. Ent\u00e3o, n\u00f3s preparamos mais de 4.171 urnas eletr\u00f4nicas de exce\u00e7\u00e3o para essas elei\u00e7\u00f5es aqui em Palmas. N\u00f3s tamb\u00e9m preparamos ondas eletr\u00f4nicas de conting\u00eancia. S\u00e3o equipamentos que substituem as ondas em caso de falhas\u201d, ressaltou.<\/p>\n\n\n\n<p>Texto: As<\/p>\n\n\n\n<p>com\/TRE-TO<\/p>\n","protected":false},"excerpt":{"rendered":"<p>Palmas se prepara para mais um pleito municipal, agora, pela primeira vez na hist\u00f3ria do munic\u00edpio, o segundo turno. A popula\u00e7\u00e3o ter\u00e1 dispon\u00edvel 629 se\u00e7\u00f5es instaladas, e 82 locais de vota\u00e7\u00e3o ativos. O Tribunal Regional Eleitoral do Tocantins (TRE-TO) preparou ainda mais de 2,6 mil mes\u00e1rias e mes\u00e1rios que ir\u00e3o atuar novamente no pr\u00f3ximo dia [&hellip;]<\/p>\n","protected":false},"author":13,"featured_media":0,"comment_status":"open","ping_status":"open","sticky":false,"template":"","format":"standard","meta":{"_acf_changed":false,"footnotes":""},"categories":[8,898],"tags":[1287],"class_list":["post-81738","post","type-post","status-publish","format-standard","hentry","category-estado","category-manchete-segundaria","tag-eleicoes-2024"],"acf":[],"yoast_head":"<!-- This site is optimized with the Yoast SEO plugin v24.4 - https:\/\/yoast.com\/wordpress\/plugins\/seo\/ -->\n<title>TRE-TO detalha trabalho para realiza\u00e7\u00e3o de in\u00e9dito segundo turno das elei\u00e7\u00f5es municipais de Palmas - PORTAL DE NOT\u00cdCIAS CLEITON PINHEIRO<\/title>\n<meta name=\"robots\" content=\"index, follow, max-snippet:-1, max-image-preview:large, max-video-preview:-1\" \/>\n<link rel=\"canonical\" href=\"https:\/\/cleitonpinheiro.com.br\/site\/tre-to-detalha-trabalho-para-realizacao-de-inedito-segundo-turno-das-eleicoes-municipais-de-palmas\/\" \/>\n<meta property=\"og:locale\" content=\"pt_BR\" \/>\n<meta property=\"og:type\" content=\"article\" \/>\n<meta property=\"og:title\" content=\"TRE-TO detalha trabalho para realiza\u00e7\u00e3o de in\u00e9dito segundo turno das elei\u00e7\u00f5es municipais de Palmas - PORTAL DE NOT\u00cdCIAS CLEITON PINHEIRO\" \/>\n<meta property=\"og:description\" content=\"Palmas se prepara para mais um pleito municipal, agora, pela primeira vez na hist\u00f3ria do munic\u00edpio, o segundo turno. A popula\u00e7\u00e3o ter\u00e1 dispon\u00edvel 629 se\u00e7\u00f5es instaladas, e 82 locais de vota\u00e7\u00e3o ativos. O Tribunal Regional Eleitoral do Tocantins (TRE-TO) preparou ainda mais de 2,6 mil mes\u00e1rias e mes\u00e1rios que ir\u00e3o atuar novamente no pr\u00f3ximo dia [&hellip;]\" \/>\n<meta property=\"og:url\" content=\"https:\/\/cleitonpinheiro.com.br\/site\/tre-to-detalha-trabalho-para-realizacao-de-inedito-segundo-turno-das-eleicoes-municipais-de-palmas\/\" \/>\n<meta property=\"og:site_name\" content=\"PORTAL DE NOT\u00cdCIAS CLEITON PINHEIRO\" \/>\n<meta property=\"article:publisher\" content=\"https:\/\/www.facebook.com\/portalcpnoticias\/\" \/>\n<meta property=\"article:published_time\" content=\"2024-10-11T13:54:22+00:00\" \/>\n<meta property=\"article:modified_time\" content=\"2024-10-11T14:10:19+00:00\" \/>\n<meta property=\"og:image\" content=\"https:\/\/cleitonpinheiro.com.br\/site\/wp-content\/uploads\/2024\/10\/3-3.jpg\" \/>\n\t<meta property=\"og:image:width\" content=\"656\" \/>\n\t<meta property=\"og:image:height\" content=\"424\" \/>\n\t<meta property=\"og:image:type\" content=\"image\/jpeg\" \/>\n<meta name=\"author\" content=\"Reda\u00e7\u00e3o CP\" \/>\n<meta name=\"twitter:card\" content=\"summary_large_image\" \/>\n<meta name=\"twitter:label1\" content=\"Escrito por\" \/>\n\t<meta name=\"twitter:data1\" content=\"Reda\u00e7\u00e3o CP\" \/>\n\t<meta name=\"twitter:label2\" content=\"Est. tempo de leitura\" \/>\n\t<meta name=\"twitter:data2\" content=\"3 minutos\" \/>\n<script type=\"application\/ld+json\" class=\"yoast-schema-graph\">{\"@context\":\"https:\/\/schema.org\",\"@graph\":[{\"@type\":\"Article\",\"@id\":\"https:\/\/cleitonpinheiro.com.br\/site\/tre-to-detalha-trabalho-para-realizacao-de-inedito-segundo-turno-das-eleicoes-municipais-de-palmas\/#article\",\"isPartOf\":{\"@id\":\"https:\/\/cleitonpinheiro.com.br\/site\/tre-to-detalha-trabalho-para-realizacao-de-inedito-segundo-turno-das-eleicoes-municipais-de-palmas\/\"},\"author\":{\"name\":\"Reda\u00e7\u00e3o CP\",\"@id\":\"https:\/\/cleitonpinheiro.com.br\/site\/#\/schema\/person\/8f04544e0bc40a1b68775b08360f87db\"},\"headline\":\"TRE-TO detalha trabalho para realiza\u00e7\u00e3o de in\u00e9dito segundo turno das elei\u00e7\u00f5es municipais de Palmas\",\"datePublished\":\"2024-10-11T13:54:22+00:00\",\"dateModified\":\"2024-10-11T14:10:19+00:00\",\"mainEntityOfPage\":{\"@id\":\"https:\/\/cleitonpinheiro.com.br\/site\/tre-to-detalha-trabalho-para-realizacao-de-inedito-segundo-turno-das-eleicoes-municipais-de-palmas\/\"},\"wordCount\":475,\"commentCount\":0,\"publisher\":{\"@id\":\"https:\/\/cleitonpinheiro.com.br\/site\/#organization\"},\"image\":{\"@id\":\"https:\/\/cleitonpinheiro.com.br\/site\/tre-to-detalha-trabalho-para-realizacao-de-inedito-segundo-turno-das-eleicoes-municipais-de-palmas\/#primaryimage\"},\"thumbnailUrl\":\"https:\/\/cleitonpinheiro.com.br\/site\/wp-content\/uploads\/2024\/10\/3-3.jpg\",\"keywords\":[\"Elei\u00e7\u00f5es 2024\"],\"articleSection\":[\"ESTADO\",\"MANCHETE SEGUND\u00c1RIA\"],\"inLanguage\":\"pt-BR\",\"potentialAction\":[{\"@type\":\"CommentAction\",\"name\":\"Comment\",\"target\":[\"https:\/\/cleitonpinheiro.com.br\/site\/tre-to-detalha-trabalho-para-realizacao-de-inedito-segundo-turno-das-eleicoes-municipais-de-palmas\/#respond\"]}]},{\"@type\":\"WebPage\",\"@id\":\"https:\/\/cleitonpinheiro.com.br\/site\/tre-to-detalha-trabalho-para-realizacao-de-inedito-segundo-turno-das-eleicoes-municipais-de-palmas\/\",\"url\":\"https:\/\/cleitonpinheiro.com.br\/site\/tre-to-detalha-trabalho-para-realizacao-de-inedito-segundo-turno-das-eleicoes-municipais-de-palmas\/\",\"name\":\"TRE-TO detalha trabalho para realiza\u00e7\u00e3o de in\u00e9dito segundo turno das elei\u00e7\u00f5es municipais de Palmas - PORTAL DE NOT\u00cdCIAS CLEITON PINHEIRO\",\"isPartOf\":{\"@id\":\"https:\/\/cleitonpinheiro.com.br\/site\/#website\"},\"primaryImageOfPage\":{\"@id\":\"https:\/\/cleitonpinheiro.com.br\/site\/tre-to-detalha-trabalho-para-realizacao-de-inedito-segundo-turno-das-eleicoes-municipais-de-palmas\/#primaryimage\"},\"image\":{\"@id\":\"https:\/\/cleitonpinheiro.com.br\/site\/tre-to-detalha-trabalho-para-realizacao-de-inedito-segundo-turno-das-eleicoes-municipais-de-palmas\/#primaryimage\"},\"thumbnailUrl\":\"https:\/\/cleitonpinheiro.com.br\/site\/wp-content\/uploads\/2024\/10\/3-3.jpg\",\"datePublished\":\"2024-10-11T13:54:22+00:00\",\"dateModified\":\"2024-10-11T14:10:19+00:00\",\"breadcrumb\":{\"@id\":\"https:\/\/cleitonpinheiro.com.br\/site\/tre-to-detalha-trabalho-para-realizacao-de-inedito-segundo-turno-das-eleicoes-municipais-de-palmas\/#breadcrumb\"},\"inLanguage\":\"pt-BR\",\"potentialAction\":[{\"@type\":\"ReadAction\",\"target\":[\"https:\/\/cleitonpinheiro.com.br\/site\/tre-to-detalha-trabalho-para-realizacao-de-inedito-segundo-turno-das-eleicoes-municipais-de-palmas\/\"]}]},{\"@type\":\"ImageObject\",\"inLanguage\":\"pt-BR\",\"@id\":\"https:\/\/cleitonpinheiro.com.br\/site\/tre-to-detalha-trabalho-para-realizacao-de-inedito-segundo-turno-das-eleicoes-municipais-de-palmas\/#primaryimage\",\"url\":\"\",\"contentUrl\":\"\"},{\"@type\":\"BreadcrumbList\",\"@id\":\"https:\/\/cleitonpinheiro.com.br\/site\/tre-to-detalha-trabalho-para-realizacao-de-inedito-segundo-turno-das-eleicoes-municipais-de-palmas\/#breadcrumb\",\"itemListElement\":[{\"@type\":\"ListItem\",\"position\":1,\"name\":\"In\u00edcio\",\"item\":\"https:\/\/cleitonpinheiro.com.br\/site\/\"},{\"@type\":\"ListItem\",\"position\":2,\"name\":\"TRE-TO detalha trabalho para realiza\u00e7\u00e3o de in\u00e9dito segundo turno das elei\u00e7\u00f5es municipais de Palmas\"}]},{\"@type\":\"WebSite\",\"@id\":\"https:\/\/cleitonpinheiro.com.br\/site\/#website\",\"url\":\"https:\/\/cleitonpinheiro.com.br\/site\/\",\"name\":\"PORTAL DE NOT\u00cdCIAS CLEITON PINHEIRO\",\"description\":\"FALANDO A VERDADE\",\"publisher\":{\"@id\":\"https:\/\/cleitonpinheiro.com.br\/site\/#organization\"},\"potentialAction\":[{\"@type\":\"SearchAction\",\"target\":{\"@type\":\"EntryPoint\",\"urlTemplate\":\"https:\/\/cleitonpinheiro.com.br\/site\/?s={search_term_string}\"},\"query-input\":{\"@type\":\"PropertyValueSpecification\",\"valueRequired\":true,\"valueName\":\"search_term_string\"}}],\"inLanguage\":\"pt-BR\"},{\"@type\":\"Organization\",\"@id\":\"https:\/\/cleitonpinheiro.com.br\/site\/#organization\",\"name\":\"CPNOT\u00cdCIAS\",\"url\":\"https:\/\/cleitonpinheiro.com.br\/site\/\",\"logo\":{\"@type\":\"ImageObject\",\"inLanguage\":\"pt-BR\",\"@id\":\"https:\/\/cleitonpinheiro.com.br\/site\/#\/schema\/logo\/image\/\",\"url\":\"https:\/\/cleitonpinheiro.com.br\/site\/wp-content\/uploads\/2022\/08\/Logo-pequena-2.png\",\"contentUrl\":\"https:\/\/cleitonpinheiro.com.br\/site\/wp-content\/uploads\/2022\/08\/Logo-pequena-2.png\",\"width\":500,\"height\":500,\"caption\":\"CPNOT\u00cdCIAS\"},\"image\":{\"@id\":\"https:\/\/cleitonpinheiro.com.br\/site\/#\/schema\/logo\/image\/\"},\"sameAs\":[\"https:\/\/www.facebook.com\/portalcpnoticias\/\"]},{\"@type\":\"Person\",\"@id\":\"https:\/\/cleitonpinheiro.com.br\/site\/#\/schema\/person\/8f04544e0bc40a1b68775b08360f87db\",\"name\":\"Reda\u00e7\u00e3o CP\",\"image\":{\"@type\":\"ImageObject\",\"inLanguage\":\"pt-BR\",\"@id\":\"https:\/\/cleitonpinheiro.com.br\/site\/#\/schema\/person\/image\/\",\"url\":\"https:\/\/secure.gravatar.com\/avatar\/0bcf19cb29fdc8fc588c490c7ae1b3e174dac268586a63fbe1d1893a0f9020cd?s=96&r=g\",\"contentUrl\":\"https:\/\/secure.gravatar.com\/avatar\/0bcf19cb29fdc8fc588c490c7ae1b3e174dac268586a63fbe1d1893a0f9020cd?s=96&r=g\",\"caption\":\"Reda\u00e7\u00e3o CP\"},\"url\":\"https:\/\/cleitonpinheiro.com.br\/site\/author\/redacao\/\"}]}<\/script>\n<!-- \/ Yoast SEO plugin. -->","yoast_head_json":{"title":"TRE-TO detalha trabalho para realiza\u00e7\u00e3o de in\u00e9dito segundo turno das elei\u00e7\u00f5es municipais de Palmas - PORTAL DE NOT\u00cdCIAS CLEITON PINHEIRO","robots":{"index":"index","follow":"follow","max-snippet":"max-snippet:-1","max-image-preview":"max-image-preview:large","max-video-preview":"max-video-preview:-1"},"canonical":"https:\/\/cleitonpinheiro.com.br\/site\/tre-to-detalha-trabalho-para-realizacao-de-inedito-segundo-turno-das-eleicoes-municipais-de-palmas\/","og_locale":"pt_BR","og_type":"article","og_title":"TRE-TO detalha trabalho para realiza\u00e7\u00e3o de in\u00e9dito segundo turno das elei\u00e7\u00f5es municipais de Palmas - PORTAL DE NOT\u00cdCIAS CLEITON PINHEIRO","og_description":"Palmas se prepara para mais um pleito municipal, agora, pela primeira vez na hist\u00f3ria do munic\u00edpio, o segundo turno. A popula\u00e7\u00e3o ter\u00e1 dispon\u00edvel 629 se\u00e7\u00f5es instaladas, e 82 locais de vota\u00e7\u00e3o ativos. O Tribunal Regional Eleitoral do Tocantins (TRE-TO) preparou ainda mais de 2,6 mil mes\u00e1rias e mes\u00e1rios que ir\u00e3o atuar novamente no pr\u00f3ximo dia [&hellip;]","og_url":"https:\/\/cleitonpinheiro.com.br\/site\/tre-to-detalha-trabalho-para-realizacao-de-inedito-segundo-turno-das-eleicoes-municipais-de-palmas\/","og_site_name":"PORTAL DE NOT\u00cdCIAS CLEITON PINHEIRO","article_publisher":"https:\/\/www.facebook.com\/portalcpnoticias\/","article_published_time":"2024-10-11T13:54:22+00:00","article_modified_time":"2024-10-11T14:10:19+00:00","og_image":[{"width":656,"height":424,"url":"https:\/\/cleitonpinheiro.com.br\/site\/wp-content\/uploads\/2024\/10\/3-3.jpg","type":"image\/jpeg"}],"author":"Reda\u00e7\u00e3o CP","twitter_card":"summary_large_image","twitter_misc":{"Escrito por":"Reda\u00e7\u00e3o CP","Est. tempo de leitura":"3 minutos"},"schema":{"@context":"https:\/\/schema.org","@graph":[{"@type":"Article","@id":"https:\/\/cleitonpinheiro.com.br\/site\/tre-to-detalha-trabalho-para-realizacao-de-inedito-segundo-turno-das-eleicoes-municipais-de-palmas\/#article","isPartOf":{"@id":"https:\/\/cleitonpinheiro.com.br\/site\/tre-to-detalha-trabalho-para-realizacao-de-inedito-segundo-turno-das-eleicoes-municipais-de-palmas\/"},"author":{"name":"Reda\u00e7\u00e3o CP","@id":"https:\/\/cleitonpinheiro.com.br\/site\/#\/schema\/person\/8f04544e0bc40a1b68775b08360f87db"},"headline":"TRE-TO detalha trabalho para realiza\u00e7\u00e3o de in\u00e9dito segundo turno das elei\u00e7\u00f5es municipais de Palmas","datePublished":"2024-10-11T13:54:22+00:00","dateModified":"2024-10-11T14:10:19+00:00","mainEntityOfPage":{"@id":"https:\/\/cleitonpinheiro.com.br\/site\/tre-to-detalha-trabalho-para-realizacao-de-inedito-segundo-turno-das-eleicoes-municipais-de-palmas\/"},"wordCount":475,"commentCount":0,"publisher":{"@id":"https:\/\/cleitonpinheiro.com.br\/site\/#organization"},"image":{"@id":"https:\/\/cleitonpinheiro.com.br\/site\/tre-to-detalha-trabalho-para-realizacao-de-inedito-segundo-turno-das-eleicoes-municipais-de-palmas\/#primaryimage"},"thumbnailUrl":"https:\/\/cleitonpinheiro.com.br\/site\/wp-content\/uploads\/2024\/10\/3-3.jpg","keywords":["Elei\u00e7\u00f5es 2024"],"articleSection":["ESTADO","MANCHETE SEGUND\u00c1RIA"],"inLanguage":"pt-BR","potentialAction":[{"@type":"CommentAction","name":"Comment","target":["https:\/\/cleitonpinheiro.com.br\/site\/tre-to-detalha-trabalho-para-realizacao-de-inedito-segundo-turno-das-eleicoes-municipais-de-palmas\/#respond"]}]},{"@type":"WebPage","@id":"https:\/\/cleitonpinheiro.com.br\/site\/tre-to-detalha-trabalho-para-realizacao-de-inedito-segundo-turno-das-eleicoes-municipais-de-palmas\/","url":"https:\/\/cleitonpinheiro.com.br\/site\/tre-to-detalha-trabalho-para-realizacao-de-inedito-segundo-turno-das-eleicoes-municipais-de-palmas\/","name":"TRE-TO detalha trabalho para realiza\u00e7\u00e3o de in\u00e9dito segundo turno das elei\u00e7\u00f5es municipais de Palmas - PORTAL DE NOT\u00cdCIAS CLEITON PINHEIRO","isPartOf":{"@id":"https:\/\/cleitonpinheiro.com.br\/site\/#website"},"primaryImageOfPage":{"@id":"https:\/\/cleitonpinheiro.com.br\/site\/tre-to-detalha-trabalho-para-realizacao-de-inedito-segundo-turno-das-eleicoes-municipais-de-palmas\/#primaryimage"},"image":{"@id":"https:\/\/cleitonpinheiro.com.br\/site\/tre-to-detalha-trabalho-para-realizacao-de-inedito-segundo-turno-das-eleicoes-municipais-de-palmas\/#primaryimage"},"thumbnailUrl":"https:\/\/cleitonpinheiro.com.br\/site\/wp-content\/uploads\/2024\/10\/3-3.jpg","datePublished":"2024-10-11T13:54:22+00:00","dateModified":"2024-10-11T14:10:19+00:00","breadcrumb":{"@id":"https:\/\/cleitonpinheiro.com.br\/site\/tre-to-detalha-trabalho-para-realizacao-de-inedito-segundo-turno-das-eleicoes-municipais-de-palmas\/#breadcrumb"},"inLanguage":"pt-BR","potentialAction":[{"@type":"ReadAction","target":["https:\/\/cleitonpinheiro.com.br\/site\/tre-to-detalha-trabalho-para-realizacao-de-inedito-segundo-turno-das-eleicoes-municipais-de-palmas\/"]}]},{"@type":"ImageObject","inLanguage":"pt-BR","@id":"https:\/\/cleitonpinheiro.com.br\/site\/tre-to-detalha-trabalho-para-realizacao-de-inedito-segundo-turno-das-eleicoes-municipais-de-palmas\/#primaryimage","url":"","contentUrl":""},{"@type":"BreadcrumbList","@id":"https:\/\/cleitonpinheiro.com.br\/site\/tre-to-detalha-trabalho-para-realizacao-de-inedito-segundo-turno-das-eleicoes-municipais-de-palmas\/#breadcrumb","itemListElement":[{"@type":"ListItem","position":1,"name":"In\u00edcio","item":"https:\/\/cleitonpinheiro.com.br\/site\/"},{"@type":"ListItem","position":2,"name":"TRE-TO detalha trabalho para realiza\u00e7\u00e3o de in\u00e9dito segundo turno das elei\u00e7\u00f5es municipais de Palmas"}]},{"@type":"WebSite","@id":"https:\/\/cleitonpinheiro.com.br\/site\/#website","url":"https:\/\/cleitonpinheiro.com.br\/site\/","name":"PORTAL DE NOT\u00cdCIAS CLEITON PINHEIRO","description":"FALANDO A VERDADE","publisher":{"@id":"https:\/\/cleitonpinheiro.com.br\/site\/#organization"},"potentialAction":[{"@type":"SearchAction","target":{"@type":"EntryPoint","urlTemplate":"https:\/\/cleitonpinheiro.com.br\/site\/?s={search_term_string}"},"query-input":{"@type":"PropertyValueSpecification","valueRequired":true,"valueName":"search_term_string"}}],"inLanguage":"pt-BR"},{"@type":"Organization","@id":"https:\/\/cleitonpinheiro.com.br\/site\/#organization","name":"CPNOT\u00cdCIAS","url":"https:\/\/cleitonpinheiro.com.br\/site\/","logo":{"@type":"ImageObject","inLanguage":"pt-BR","@id":"https:\/\/cleitonpinheiro.com.br\/site\/#\/schema\/logo\/image\/","url":"https:\/\/cleitonpinheiro.com.br\/site\/wp-content\/uploads\/2022\/08\/Logo-pequena-2.png","contentUrl":"https:\/\/cleitonpinheiro.com.br\/site\/wp-content\/uploads\/2022\/08\/Logo-pequena-2.png","width":500,"height":500,"caption":"CPNOT\u00cdCIAS"},"image":{"@id":"https:\/\/cleitonpinheiro.com.br\/site\/#\/schema\/logo\/image\/"},"sameAs":["https:\/\/www.facebook.com\/portalcpnoticias\/"]},{"@type":"Person","@id":"https:\/\/cleitonpinheiro.com.br\/site\/#\/schema\/person\/8f04544e0bc40a1b68775b08360f87db","name":"Reda\u00e7\u00e3o CP","image":{"@type":"ImageObject","inLanguage":"pt-BR","@id":"https:\/\/cleitonpinheiro.com.br\/site\/#\/schema\/person\/image\/","url":"https:\/\/secure.gravatar.com\/avatar\/0bcf19cb29fdc8fc588c490c7ae1b3e174dac268586a63fbe1d1893a0f9020cd?s=96&r=g","contentUrl":"https:\/\/secure.gravatar.com\/avatar\/0bcf19cb29fdc8fc588c490c7ae1b3e174dac268586a63fbe1d1893a0f9020cd?s=96&r=g","caption":"Reda\u00e7\u00e3o CP"},"url":"https:\/\/cleitonpinheiro.com.br\/site\/author\/redacao\/"}]}},"views":180,"_links":{"self":[{"href":"https:\/\/cleitonpinheiro.com.br\/site\/wp-json\/wp\/v2\/posts\/81738","targetHints":{"allow":["GET"]}}],"collection":[{"href":"https:\/\/cleitonpinheiro.com.br\/site\/wp-json\/wp\/v2\/posts"}],"about":[{"href":"https:\/\/cleitonpinheiro.com.br\/site\/wp-json\/wp\/v2\/types\/post"}],"author":[{"embeddable":true,"href":"https:\/\/cleitonpinheiro.com.br\/site\/wp-json\/wp\/v2\/users\/13"}],"replies":[{"embeddable":true,"href":"https:\/\/cleitonpinheiro.com.br\/site\/wp-json\/wp\/v2\/comments?post=81738"}],"version-history":[{"count":2,"href":"https:\/\/cleitonpinheiro.com.br\/site\/wp-json\/wp\/v2\/posts\/81738\/revisions"}],"predecessor-version":[{"id":81742,"href":"https:\/\/cleitonpinheiro.com.br\/site\/wp-json\/wp\/v2\/posts\/81738\/revisions\/81742"}],"wp:attachment":[{"href":"https:\/\/cleitonpinheiro.com.br\/site\/wp-json\/wp\/v2\/media?parent=81738"}],"wp:term":[{"taxonomy":"category","embeddable":true,"href":"https:\/\/cleitonpinheiro.com.br\/site\/wp-json\/wp\/v2\/categories?post=81738"},{"taxonomy":"post_tag","embeddable":true,"href":"https:\/\/cleitonpinheiro.com.br\/site\/wp-json\/wp\/v2\/tags?post=81738"}],"curies":[{"name":"wp","href":"https:\/\/api.w.org\/{rel}","templated":true}]}}