{"id":81857,"date":"2024-10-16T08:17:41","date_gmt":"2024-10-16T11:17:41","guid":{"rendered":"https:\/\/cleitonpinheiro.com.br\/site\/?p=81857"},"modified":"2024-10-16T08:17:47","modified_gmt":"2024-10-16T11:17:47","slug":"ii-seminario-tocantinense-sobre-o-clima-acontece-no-dia-22-de-outubro","status":"publish","type":"post","link":"https:\/\/cleitonpinheiro.com.br\/site\/ii-seminario-tocantinense-sobre-o-clima-acontece-no-dia-22-de-outubro\/","title":{"rendered":"II Semin\u00e1rio Tocantinense sobre o Clima acontece no dia 22 de outubro"},"content":{"rendered":"\n<figure class=\"wp-block-gallery has-nested-images columns-default is-cropped wp-block-gallery-1 is-layout-flex wp-block-gallery-is-layout-flex\">\n<figure class=\"wp-block-image size-large\"><img decoding=\"async\" data-id=\"81858\" src=\"https:\/\/cleitonpinheiro.com.br\/site\/wp-content\/uploads\/2024\/10\/Seminario-do-Clima-2024-1024x1024.jpeg\" alt=\"\" class=\"wp-image-81858\"\/><figcaption class=\"wp-element-caption\">Foto: Ascom Energisa<\/figcaption><\/figure>\n<\/figure>\n\n\n\n<p>Na pr\u00f3xima ter\u00e7a-feira, 22 de outubro, ocorrer\u00e1 o II Semin\u00e1rio Tocantinense sobre o Clima, que abordar\u00e1 o panorama atual do clima no Estado e seus impactos na regi\u00e3o. Durante o evento, ser\u00e1 apresentado o balan\u00e7o das opera\u00e7\u00f5es de combate \u00e0s queimadas no per\u00edodo de seca e tamb\u00e9m haver\u00e1 discuss\u00f5es sobre as expectativas para os pr\u00f3ximos meses, com a aproxima\u00e7\u00e3o da temporada de chuvas no Tocantins.<\/p>\n\n\n\n<p> O semin\u00e1rio, gratuito, acontecer\u00e1 no audit\u00f3rio do Quartel do Comando Geral do Corpo de Bombeiros Militar do Tocantins, em Palmas, a partir das 8h. Em sua segunda edi\u00e7\u00e3o, o evento \u00e9 promovido pela Defesa Civil, Corpo de Bombeiros do Tocantins e Energisa. As inscri\u00e7\u00f5es, limitadas, podem ser feitas gratuitamente no link <a href=\"https:\/\/eventos.bombeiros.to.gov.br\/seminario-clima\/.\">\u00a0<a href=\"https:\/\/eventos.bombeiros.to.gov.br\/seminario-clima\/\" target=\"_blank\" rel=\"noreferrer noopener\">https:\/\/eventos.bombeiros.to.gov.br\/seminario-clima\/<\/a><\/a>.<\/p>\n\n\n\n<p>A programa\u00e7\u00e3o do evento contar\u00e1 com duas palestras e um painel de debate. A primeira palestra ser\u00e1 ministrada pelo Corpo de Bombeiros e apresentar\u00e1 o trabalho realizado no projeto Tocantins Mais Verde. Em seguida, acontece a palestra da meteorologista Ana Paula Paes, especialista em eventos clim\u00e1ticos extremos e doutora em eletricidade atmosf\u00e9rica pelo INPE, que vai apresentar a previs\u00e3o clim\u00e1tica para o per\u00edodo chuvoso no Tocantins, al\u00e9m de trazer uma vis\u00e3o detalhada do momento atual no Tocantins e no Brasil.<\/p>\n\n\n\n<p>Al\u00e9m da participa\u00e7\u00e3o da meteorologista, o evento contar\u00e1 com a presen\u00e7a do Coronel Erisvaldo de Oliveira Alves, Superintendente do Comando de A\u00e7\u00f5es de Defesa Civil; Tenente-coronel Alex Matos Fernandes, Comandante Operacional do Corpo de Bombeiros Militar e o Gerente de Opera\u00e7\u00e3o da Energisa Tocantins, Maur\u00edcio Zanina, para um painel sobre o que se pode esperar dos pr\u00f3ximos meses e como essas frentes est\u00e3o se preparando para passar pelo per\u00edodo chuvoso no Tocantins.<\/p>\n\n\n\n<p>O evento, que ter\u00e1 certifica\u00e7\u00e3o de participa\u00e7\u00e3o com carga hor\u00e1ria de 3h, tem como p\u00fablico-alvo, jornalistas, poder p\u00fablico, estudantes, pesquisadores sobre o tema, e interessados em assuntos relacionados ao meio ambiente.<\/p>\n\n\n\n<p>Confira a Programa\u00e7\u00e3o completa:<\/p>\n\n\n\n<p><em>08h &#8211; Recep\u00e7\u00e3o e credenciamento dos participantes<\/em><\/p>\n\n\n\n<p><em>08h45 &#8211; Abertura do Evento<\/em><\/p>\n\n\n\n<p><em>09h00 &#8211; Palestra &#8211; Tenente Coronel Alex Matos Fernandes. Tema:&nbsp; Opera\u00e7\u00e3o Tocantins Mais Verde;<\/em><\/p>\n\n\n\n<p><em>09h30 &#8211; Palestra magna &#8211; Ana Paula Paes. Tema: Cen\u00e1rio atual e previs\u00e3o clim\u00e1tica para o Tocantins no per\u00edodo chuvoso<\/em><\/p>\n\n\n\n<p><em>10h30 &#8211; Painel sobre o clima e as previs\u00f5es clim\u00e1ticas para o Estado do Tocantins &#8211; Palestrantes: Ana Paula Paes; Maur\u00edcio Zanina; Coronel Erisvaldo de Oliveira Alves; Tenente Coronel Alex Matos Fernandes.<\/em><\/p>\n\n\n\n<p><em>11h30 &#8211; Encerramento e brunch<\/em><\/p>\n\n\n\n<p><strong>Servi\u00e7o:<\/strong><\/p>\n\n\n\n<p>Data: Ter\u00e7a-feira, 22 de outubro<\/p>\n\n\n\n<p>Hor\u00e1rio: a partir das 08h<\/p>\n\n\n\n<p>Local: Audit\u00f3rio do Quartel do Comando Geral do Corpo de Bombeiros Militar do Tocantins &#8211; Avenida JK com Avenida NS3, Quadra 105 Sul \u2013 Plano Diretor Sul, Palmas \u2013 TO<\/p>\n\n\n\n<p>Inscri\u00e7\u00f5es gratuitas em:\u00a0<a href=\"https:\/\/eventos.bombeiros.to.gov.br\/seminario-clima\/\" target=\"_blank\" rel=\"noreferrer noopener\">https:\/\/eventos.bombeiros.to.gov.br\/seminario-clima\/<\/a><\/p>\n\n\n\n<p>Texto; Ascom Energisa <\/p>\n","protected":false},"excerpt":{"rendered":"<p>Na pr\u00f3xima ter\u00e7a-feira, 22 de outubro, ocorrer\u00e1 o II Semin\u00e1rio Tocantinense sobre o Clima, que abordar\u00e1 o panorama atual do clima no Estado e seus impactos na regi\u00e3o. Durante o evento, ser\u00e1 apresentado o balan\u00e7o das opera\u00e7\u00f5es de combate \u00e0s queimadas no per\u00edodo de seca e tamb\u00e9m haver\u00e1 discuss\u00f5es sobre as expectativas para os pr\u00f3ximos [&hellip;]<\/p>\n","protected":false},"author":13,"featured_media":0,"comment_status":"open","ping_status":"open","sticky":false,"template":"","format":"standard","meta":{"_acf_changed":false,"footnotes":""},"categories":[8,898],"tags":[72],"class_list":["post-81857","post","type-post","status-publish","format-standard","hentry","category-estado","category-manchete-segundaria","tag-tocantins"],"acf":[],"yoast_head":"<!-- This site is optimized with the Yoast SEO plugin v24.4 - https:\/\/yoast.com\/wordpress\/plugins\/seo\/ -->\n<title>II Semin\u00e1rio Tocantinense sobre o Clima acontece no dia 22 de outubro - PORTAL DE NOT\u00cdCIAS CLEITON PINHEIRO<\/title>\n<meta name=\"robots\" content=\"index, follow, max-snippet:-1, max-image-preview:large, max-video-preview:-1\" \/>\n<link rel=\"canonical\" href=\"https:\/\/cleitonpinheiro.com.br\/site\/ii-seminario-tocantinense-sobre-o-clima-acontece-no-dia-22-de-outubro\/\" \/>\n<meta property=\"og:locale\" content=\"pt_BR\" \/>\n<meta property=\"og:type\" content=\"article\" \/>\n<meta property=\"og:title\" content=\"II Semin\u00e1rio Tocantinense sobre o Clima acontece no dia 22 de outubro - PORTAL DE NOT\u00cdCIAS CLEITON PINHEIRO\" \/>\n<meta property=\"og:description\" content=\"Na pr\u00f3xima ter\u00e7a-feira, 22 de outubro, ocorrer\u00e1 o II Semin\u00e1rio Tocantinense sobre o Clima, que abordar\u00e1 o panorama atual do clima no Estado e seus impactos na regi\u00e3o. Durante o evento, ser\u00e1 apresentado o balan\u00e7o das opera\u00e7\u00f5es de combate \u00e0s queimadas no per\u00edodo de seca e tamb\u00e9m haver\u00e1 discuss\u00f5es sobre as expectativas para os pr\u00f3ximos [&hellip;]\" \/>\n<meta property=\"og:url\" content=\"https:\/\/cleitonpinheiro.com.br\/site\/ii-seminario-tocantinense-sobre-o-clima-acontece-no-dia-22-de-outubro\/\" \/>\n<meta property=\"og:site_name\" content=\"PORTAL DE NOT\u00cdCIAS CLEITON PINHEIRO\" \/>\n<meta property=\"article:publisher\" content=\"https:\/\/www.facebook.com\/portalcpnoticias\/\" \/>\n<meta property=\"article:published_time\" content=\"2024-10-16T11:17:41+00:00\" \/>\n<meta property=\"article:modified_time\" content=\"2024-10-16T11:17:47+00:00\" \/>\n<meta property=\"og:image\" content=\"https:\/\/cleitonpinheiro.com.br\/site\/wp-content\/uploads\/2024\/10\/Seminario-do-Clima-2024.jpeg\" \/>\n\t<meta property=\"og:image:width\" content=\"1081\" \/>\n\t<meta property=\"og:image:height\" content=\"1081\" \/>\n\t<meta property=\"og:image:type\" content=\"image\/jpeg\" \/>\n<meta name=\"author\" content=\"Reda\u00e7\u00e3o CP\" \/>\n<meta name=\"twitter:card\" content=\"summary_large_image\" \/>\n<meta name=\"twitter:label1\" content=\"Escrito por\" \/>\n\t<meta name=\"twitter:data1\" content=\"Reda\u00e7\u00e3o CP\" \/>\n\t<meta name=\"twitter:label2\" content=\"Est. tempo de leitura\" \/>\n\t<meta name=\"twitter:data2\" content=\"3 minutos\" \/>\n<script type=\"application\/ld+json\" class=\"yoast-schema-graph\">{\"@context\":\"https:\/\/schema.org\",\"@graph\":[{\"@type\":\"Article\",\"@id\":\"https:\/\/cleitonpinheiro.com.br\/site\/ii-seminario-tocantinense-sobre-o-clima-acontece-no-dia-22-de-outubro\/#article\",\"isPartOf\":{\"@id\":\"https:\/\/cleitonpinheiro.com.br\/site\/ii-seminario-tocantinense-sobre-o-clima-acontece-no-dia-22-de-outubro\/\"},\"author\":{\"name\":\"Reda\u00e7\u00e3o CP\",\"@id\":\"https:\/\/cleitonpinheiro.com.br\/site\/#\/schema\/person\/8f04544e0bc40a1b68775b08360f87db\"},\"headline\":\"II Semin\u00e1rio Tocantinense sobre o Clima acontece no dia 22 de outubro\",\"datePublished\":\"2024-10-16T11:17:41+00:00\",\"dateModified\":\"2024-10-16T11:17:47+00:00\",\"mainEntityOfPage\":{\"@id\":\"https:\/\/cleitonpinheiro.com.br\/site\/ii-seminario-tocantinense-sobre-o-clima-acontece-no-dia-22-de-outubro\/\"},\"wordCount\":509,\"commentCount\":0,\"publisher\":{\"@id\":\"https:\/\/cleitonpinheiro.com.br\/site\/#organization\"},\"image\":{\"@id\":\"https:\/\/cleitonpinheiro.com.br\/site\/ii-seminario-tocantinense-sobre-o-clima-acontece-no-dia-22-de-outubro\/#primaryimage\"},\"thumbnailUrl\":\"https:\/\/cleitonpinheiro.com.br\/site\/wp-content\/uploads\/2024\/10\/Seminario-do-Clima-2024-1024x1024.jpeg\",\"keywords\":[\"tocantins\"],\"articleSection\":[\"ESTADO\",\"MANCHETE SEGUND\u00c1RIA\"],\"inLanguage\":\"pt-BR\",\"potentialAction\":[{\"@type\":\"CommentAction\",\"name\":\"Comment\",\"target\":[\"https:\/\/cleitonpinheiro.com.br\/site\/ii-seminario-tocantinense-sobre-o-clima-acontece-no-dia-22-de-outubro\/#respond\"]}]},{\"@type\":\"WebPage\",\"@id\":\"https:\/\/cleitonpinheiro.com.br\/site\/ii-seminario-tocantinense-sobre-o-clima-acontece-no-dia-22-de-outubro\/\",\"url\":\"https:\/\/cleitonpinheiro.com.br\/site\/ii-seminario-tocantinense-sobre-o-clima-acontece-no-dia-22-de-outubro\/\",\"name\":\"II Semin\u00e1rio Tocantinense sobre o Clima acontece no dia 22 de outubro - PORTAL DE NOT\u00cdCIAS CLEITON PINHEIRO\",\"isPartOf\":{\"@id\":\"https:\/\/cleitonpinheiro.com.br\/site\/#website\"},\"primaryImageOfPage\":{\"@id\":\"https:\/\/cleitonpinheiro.com.br\/site\/ii-seminario-tocantinense-sobre-o-clima-acontece-no-dia-22-de-outubro\/#primaryimage\"},\"image\":{\"@id\":\"https:\/\/cleitonpinheiro.com.br\/site\/ii-seminario-tocantinense-sobre-o-clima-acontece-no-dia-22-de-outubro\/#primaryimage\"},\"thumbnailUrl\":\"https:\/\/cleitonpinheiro.com.br\/site\/wp-content\/uploads\/2024\/10\/Seminario-do-Clima-2024-1024x1024.jpeg\",\"datePublished\":\"2024-10-16T11:17:41+00:00\",\"dateModified\":\"2024-10-16T11:17:47+00:00\",\"breadcrumb\":{\"@id\":\"https:\/\/cleitonpinheiro.com.br\/site\/ii-seminario-tocantinense-sobre-o-clima-acontece-no-dia-22-de-outubro\/#breadcrumb\"},\"inLanguage\":\"pt-BR\",\"potentialAction\":[{\"@type\":\"ReadAction\",\"target\":[\"https:\/\/cleitonpinheiro.com.br\/site\/ii-seminario-tocantinense-sobre-o-clima-acontece-no-dia-22-de-outubro\/\"]}]},{\"@type\":\"ImageObject\",\"inLanguage\":\"pt-BR\",\"@id\":\"https:\/\/cleitonpinheiro.com.br\/site\/ii-seminario-tocantinense-sobre-o-clima-acontece-no-dia-22-de-outubro\/#primaryimage\",\"url\":\"\",\"contentUrl\":\"\"},{\"@type\":\"BreadcrumbList\",\"@id\":\"https:\/\/cleitonpinheiro.com.br\/site\/ii-seminario-tocantinense-sobre-o-clima-acontece-no-dia-22-de-outubro\/#breadcrumb\",\"itemListElement\":[{\"@type\":\"ListItem\",\"position\":1,\"name\":\"In\u00edcio\",\"item\":\"https:\/\/cleitonpinheiro.com.br\/site\/\"},{\"@type\":\"ListItem\",\"position\":2,\"name\":\"II Semin\u00e1rio Tocantinense sobre o Clima acontece no dia 22 de outubro\"}]},{\"@type\":\"WebSite\",\"@id\":\"https:\/\/cleitonpinheiro.com.br\/site\/#website\",\"url\":\"https:\/\/cleitonpinheiro.com.br\/site\/\",\"name\":\"PORTAL DE NOT\u00cdCIAS CLEITON PINHEIRO\",\"description\":\"FALANDO A VERDADE\",\"publisher\":{\"@id\":\"https:\/\/cleitonpinheiro.com.br\/site\/#organization\"},\"potentialAction\":[{\"@type\":\"SearchAction\",\"target\":{\"@type\":\"EntryPoint\",\"urlTemplate\":\"https:\/\/cleitonpinheiro.com.br\/site\/?s={search_term_string}\"},\"query-input\":{\"@type\":\"PropertyValueSpecification\",\"valueRequired\":true,\"valueName\":\"search_term_string\"}}],\"inLanguage\":\"pt-BR\"},{\"@type\":\"Organization\",\"@id\":\"https:\/\/cleitonpinheiro.com.br\/site\/#organization\",\"name\":\"CPNOT\u00cdCIAS\",\"url\":\"https:\/\/cleitonpinheiro.com.br\/site\/\",\"logo\":{\"@type\":\"ImageObject\",\"inLanguage\":\"pt-BR\",\"@id\":\"https:\/\/cleitonpinheiro.com.br\/site\/#\/schema\/logo\/image\/\",\"url\":\"https:\/\/cleitonpinheiro.com.br\/site\/wp-content\/uploads\/2022\/08\/Logo-pequena-2.png\",\"contentUrl\":\"https:\/\/cleitonpinheiro.com.br\/site\/wp-content\/uploads\/2022\/08\/Logo-pequena-2.png\",\"width\":500,\"height\":500,\"caption\":\"CPNOT\u00cdCIAS\"},\"image\":{\"@id\":\"https:\/\/cleitonpinheiro.com.br\/site\/#\/schema\/logo\/image\/\"},\"sameAs\":[\"https:\/\/www.facebook.com\/portalcpnoticias\/\"]},{\"@type\":\"Person\",\"@id\":\"https:\/\/cleitonpinheiro.com.br\/site\/#\/schema\/person\/8f04544e0bc40a1b68775b08360f87db\",\"name\":\"Reda\u00e7\u00e3o CP\",\"image\":{\"@type\":\"ImageObject\",\"inLanguage\":\"pt-BR\",\"@id\":\"https:\/\/cleitonpinheiro.com.br\/site\/#\/schema\/person\/image\/\",\"url\":\"https:\/\/secure.gravatar.com\/avatar\/0bcf19cb29fdc8fc588c490c7ae1b3e174dac268586a63fbe1d1893a0f9020cd?s=96&r=g\",\"contentUrl\":\"https:\/\/secure.gravatar.com\/avatar\/0bcf19cb29fdc8fc588c490c7ae1b3e174dac268586a63fbe1d1893a0f9020cd?s=96&r=g\",\"caption\":\"Reda\u00e7\u00e3o CP\"},\"url\":\"https:\/\/cleitonpinheiro.com.br\/site\/author\/redacao\/\"}]}<\/script>\n<!-- \/ Yoast SEO plugin. -->","yoast_head_json":{"title":"II Semin\u00e1rio Tocantinense sobre o Clima acontece no dia 22 de outubro - PORTAL DE NOT\u00cdCIAS CLEITON PINHEIRO","robots":{"index":"index","follow":"follow","max-snippet":"max-snippet:-1","max-image-preview":"max-image-preview:large","max-video-preview":"max-video-preview:-1"},"canonical":"https:\/\/cleitonpinheiro.com.br\/site\/ii-seminario-tocantinense-sobre-o-clima-acontece-no-dia-22-de-outubro\/","og_locale":"pt_BR","og_type":"article","og_title":"II Semin\u00e1rio Tocantinense sobre o Clima acontece no dia 22 de outubro - PORTAL DE NOT\u00cdCIAS CLEITON PINHEIRO","og_description":"Na pr\u00f3xima ter\u00e7a-feira, 22 de outubro, ocorrer\u00e1 o II Semin\u00e1rio Tocantinense sobre o Clima, que abordar\u00e1 o panorama atual do clima no Estado e seus impactos na regi\u00e3o. Durante o evento, ser\u00e1 apresentado o balan\u00e7o das opera\u00e7\u00f5es de combate \u00e0s queimadas no per\u00edodo de seca e tamb\u00e9m haver\u00e1 discuss\u00f5es sobre as expectativas para os pr\u00f3ximos [&hellip;]","og_url":"https:\/\/cleitonpinheiro.com.br\/site\/ii-seminario-tocantinense-sobre-o-clima-acontece-no-dia-22-de-outubro\/","og_site_name":"PORTAL DE NOT\u00cdCIAS CLEITON PINHEIRO","article_publisher":"https:\/\/www.facebook.com\/portalcpnoticias\/","article_published_time":"2024-10-16T11:17:41+00:00","article_modified_time":"2024-10-16T11:17:47+00:00","og_image":[{"width":1081,"height":1081,"url":"https:\/\/cleitonpinheiro.com.br\/site\/wp-content\/uploads\/2024\/10\/Seminario-do-Clima-2024.jpeg","type":"image\/jpeg"}],"author":"Reda\u00e7\u00e3o CP","twitter_card":"summary_large_image","twitter_misc":{"Escrito por":"Reda\u00e7\u00e3o CP","Est. tempo de leitura":"3 minutos"},"schema":{"@context":"https:\/\/schema.org","@graph":[{"@type":"Article","@id":"https:\/\/cleitonpinheiro.com.br\/site\/ii-seminario-tocantinense-sobre-o-clima-acontece-no-dia-22-de-outubro\/#article","isPartOf":{"@id":"https:\/\/cleitonpinheiro.com.br\/site\/ii-seminario-tocantinense-sobre-o-clima-acontece-no-dia-22-de-outubro\/"},"author":{"name":"Reda\u00e7\u00e3o CP","@id":"https:\/\/cleitonpinheiro.com.br\/site\/#\/schema\/person\/8f04544e0bc40a1b68775b08360f87db"},"headline":"II Semin\u00e1rio Tocantinense sobre o Clima acontece no dia 22 de outubro","datePublished":"2024-10-16T11:17:41+00:00","dateModified":"2024-10-16T11:17:47+00:00","mainEntityOfPage":{"@id":"https:\/\/cleitonpinheiro.com.br\/site\/ii-seminario-tocantinense-sobre-o-clima-acontece-no-dia-22-de-outubro\/"},"wordCount":509,"commentCount":0,"publisher":{"@id":"https:\/\/cleitonpinheiro.com.br\/site\/#organization"},"image":{"@id":"https:\/\/cleitonpinheiro.com.br\/site\/ii-seminario-tocantinense-sobre-o-clima-acontece-no-dia-22-de-outubro\/#primaryimage"},"thumbnailUrl":"https:\/\/cleitonpinheiro.com.br\/site\/wp-content\/uploads\/2024\/10\/Seminario-do-Clima-2024-1024x1024.jpeg","keywords":["tocantins"],"articleSection":["ESTADO","MANCHETE SEGUND\u00c1RIA"],"inLanguage":"pt-BR","potentialAction":[{"@type":"CommentAction","name":"Comment","target":["https:\/\/cleitonpinheiro.com.br\/site\/ii-seminario-tocantinense-sobre-o-clima-acontece-no-dia-22-de-outubro\/#respond"]}]},{"@type":"WebPage","@id":"https:\/\/cleitonpinheiro.com.br\/site\/ii-seminario-tocantinense-sobre-o-clima-acontece-no-dia-22-de-outubro\/","url":"https:\/\/cleitonpinheiro.com.br\/site\/ii-seminario-tocantinense-sobre-o-clima-acontece-no-dia-22-de-outubro\/","name":"II Semin\u00e1rio Tocantinense sobre o Clima acontece no dia 22 de outubro - PORTAL DE NOT\u00cdCIAS CLEITON PINHEIRO","isPartOf":{"@id":"https:\/\/cleitonpinheiro.com.br\/site\/#website"},"primaryImageOfPage":{"@id":"https:\/\/cleitonpinheiro.com.br\/site\/ii-seminario-tocantinense-sobre-o-clima-acontece-no-dia-22-de-outubro\/#primaryimage"},"image":{"@id":"https:\/\/cleitonpinheiro.com.br\/site\/ii-seminario-tocantinense-sobre-o-clima-acontece-no-dia-22-de-outubro\/#primaryimage"},"thumbnailUrl":"https:\/\/cleitonpinheiro.com.br\/site\/wp-content\/uploads\/2024\/10\/Seminario-do-Clima-2024-1024x1024.jpeg","datePublished":"2024-10-16T11:17:41+00:00","dateModified":"2024-10-16T11:17:47+00:00","breadcrumb":{"@id":"https:\/\/cleitonpinheiro.com.br\/site\/ii-seminario-tocantinense-sobre-o-clima-acontece-no-dia-22-de-outubro\/#breadcrumb"},"inLanguage":"pt-BR","potentialAction":[{"@type":"ReadAction","target":["https:\/\/cleitonpinheiro.com.br\/site\/ii-seminario-tocantinense-sobre-o-clima-acontece-no-dia-22-de-outubro\/"]}]},{"@type":"ImageObject","inLanguage":"pt-BR","@id":"https:\/\/cleitonpinheiro.com.br\/site\/ii-seminario-tocantinense-sobre-o-clima-acontece-no-dia-22-de-outubro\/#primaryimage","url":"","contentUrl":""},{"@type":"BreadcrumbList","@id":"https:\/\/cleitonpinheiro.com.br\/site\/ii-seminario-tocantinense-sobre-o-clima-acontece-no-dia-22-de-outubro\/#breadcrumb","itemListElement":[{"@type":"ListItem","position":1,"name":"In\u00edcio","item":"https:\/\/cleitonpinheiro.com.br\/site\/"},{"@type":"ListItem","position":2,"name":"II Semin\u00e1rio Tocantinense sobre o Clima acontece no dia 22 de outubro"}]},{"@type":"WebSite","@id":"https:\/\/cleitonpinheiro.com.br\/site\/#website","url":"https:\/\/cleitonpinheiro.com.br\/site\/","name":"PORTAL DE NOT\u00cdCIAS CLEITON PINHEIRO","description":"FALANDO A VERDADE","publisher":{"@id":"https:\/\/cleitonpinheiro.com.br\/site\/#organization"},"potentialAction":[{"@type":"SearchAction","target":{"@type":"EntryPoint","urlTemplate":"https:\/\/cleitonpinheiro.com.br\/site\/?s={search_term_string}"},"query-input":{"@type":"PropertyValueSpecification","valueRequired":true,"valueName":"search_term_string"}}],"inLanguage":"pt-BR"},{"@type":"Organization","@id":"https:\/\/cleitonpinheiro.com.br\/site\/#organization","name":"CPNOT\u00cdCIAS","url":"https:\/\/cleitonpinheiro.com.br\/site\/","logo":{"@type":"ImageObject","inLanguage":"pt-BR","@id":"https:\/\/cleitonpinheiro.com.br\/site\/#\/schema\/logo\/image\/","url":"https:\/\/cleitonpinheiro.com.br\/site\/wp-content\/uploads\/2022\/08\/Logo-pequena-2.png","contentUrl":"https:\/\/cleitonpinheiro.com.br\/site\/wp-content\/uploads\/2022\/08\/Logo-pequena-2.png","width":500,"height":500,"caption":"CPNOT\u00cdCIAS"},"image":{"@id":"https:\/\/cleitonpinheiro.com.br\/site\/#\/schema\/logo\/image\/"},"sameAs":["https:\/\/www.facebook.com\/portalcpnoticias\/"]},{"@type":"Person","@id":"https:\/\/cleitonpinheiro.com.br\/site\/#\/schema\/person\/8f04544e0bc40a1b68775b08360f87db","name":"Reda\u00e7\u00e3o CP","image":{"@type":"ImageObject","inLanguage":"pt-BR","@id":"https:\/\/cleitonpinheiro.com.br\/site\/#\/schema\/person\/image\/","url":"https:\/\/secure.gravatar.com\/avatar\/0bcf19cb29fdc8fc588c490c7ae1b3e174dac268586a63fbe1d1893a0f9020cd?s=96&r=g","contentUrl":"https:\/\/secure.gravatar.com\/avatar\/0bcf19cb29fdc8fc588c490c7ae1b3e174dac268586a63fbe1d1893a0f9020cd?s=96&r=g","caption":"Reda\u00e7\u00e3o CP"},"url":"https:\/\/cleitonpinheiro.com.br\/site\/author\/redacao\/"}]}},"views":178,"_links":{"self":[{"href":"https:\/\/cleitonpinheiro.com.br\/site\/wp-json\/wp\/v2\/posts\/81857","targetHints":{"allow":["GET"]}}],"collection":[{"href":"https:\/\/cleitonpinheiro.com.br\/site\/wp-json\/wp\/v2\/posts"}],"about":[{"href":"https:\/\/cleitonpinheiro.com.br\/site\/wp-json\/wp\/v2\/types\/post"}],"author":[{"embeddable":true,"href":"https:\/\/cleitonpinheiro.com.br\/site\/wp-json\/wp\/v2\/users\/13"}],"replies":[{"embeddable":true,"href":"https:\/\/cleitonpinheiro.com.br\/site\/wp-json\/wp\/v2\/comments?post=81857"}],"version-history":[{"count":1,"href":"https:\/\/cleitonpinheiro.com.br\/site\/wp-json\/wp\/v2\/posts\/81857\/revisions"}],"predecessor-version":[{"id":81859,"href":"https:\/\/cleitonpinheiro.com.br\/site\/wp-json\/wp\/v2\/posts\/81857\/revisions\/81859"}],"wp:attachment":[{"href":"https:\/\/cleitonpinheiro.com.br\/site\/wp-json\/wp\/v2\/media?parent=81857"}],"wp:term":[{"taxonomy":"category","embeddable":true,"href":"https:\/\/cleitonpinheiro.com.br\/site\/wp-json\/wp\/v2\/categories?post=81857"},{"taxonomy":"post_tag","embeddable":true,"href":"https:\/\/cleitonpinheiro.com.br\/site\/wp-json\/wp\/v2\/tags?post=81857"}],"curies":[{"name":"wp","href":"https:\/\/api.w.org\/{rel}","templated":true}]}}