{"id":81860,"date":"2024-10-16T08:28:07","date_gmt":"2024-10-16T11:28:07","guid":{"rendered":"https:\/\/cleitonpinheiro.com.br\/site\/?p=81860"},"modified":"2024-10-16T08:28:11","modified_gmt":"2024-10-16T11:28:11","slug":"entrada-da-sede-do-mpto-na-capital-e-alterada-temporariamente","status":"publish","type":"post","link":"https:\/\/cleitonpinheiro.com.br\/site\/entrada-da-sede-do-mpto-na-capital-e-alterada-temporariamente\/","title":{"rendered":"Entrada da sede do MPTO na Capital \u00e9 alterada temporariamente"},"content":{"rendered":"\n<figure class=\"wp-block-gallery has-nested-images columns-default is-cropped wp-block-gallery-1 is-layout-flex wp-block-gallery-is-layout-flex\">\n<figure class=\"wp-block-image size-large\"><img decoding=\"async\" data-id=\"81861\" src=\"https:\/\/cleitonpinheiro.com.br\/site\/wp-content\/uploads\/2024\/10\/1-5.jpg\" alt=\"\" class=\"wp-image-81861\"\/><figcaption class=\"wp-element-caption\">foto: Marcelo de Deus;MPTO<\/figcaption><\/figure>\n<\/figure>\n\n\n\n<p>At\u00e9 o dia 23 de novembro, o acesso \u00e0 entrada principal da sede do Minist\u00e9rio P\u00fablico do Tocantins (MPTO), em Palmas, ficar\u00e1 temporariamente interditado para o p\u00fablico interno e externo.\u00a0<\/p>\n\n\n\n<p>A interdi\u00e7\u00e3o visa garantir a realiza\u00e7\u00e3o de adequa\u00e7\u00f5es f\u00edsicas relacionadas \u00e0 seguran\u00e7a e atender \u00e0s normas estabelecidas pelo N\u00facleo de Intelig\u00eancia e Seguran\u00e7a Institucional, para a promo\u00e7\u00e3o de um ambiente mais seguro para todos.&nbsp;<\/p>\n\n\n\n<p><strong>Acesso ao pr\u00e9dio<\/strong><\/p>\n\n\n\n<p>Durante as obras, o acesso \u00e0s depend\u00eancias do pr\u00e9dio pelo p\u00fablico ser\u00e1 feito pelo port\u00e3o lateral, localizado ao lado do Anexo II, no sentido da Avenida Teot\u00f4nio Segurado.&nbsp;<\/p>\n\n\n\n<p>A recep\u00e7\u00e3o do pr\u00e9dio funcionar\u00e1 temporariamente no espa\u00e7o localizado pr\u00f3ximo aos caixas eletr\u00f4nicos, por onde os visitantes dever\u00e3o entrar.<\/p>\n\n\n\n<p>Texto; Ascom MPTO<\/p>\n","protected":false},"excerpt":{"rendered":"<p>At\u00e9 o dia 23 de novembro, o acesso \u00e0 entrada principal da sede do Minist\u00e9rio P\u00fablico do Tocantins (MPTO), em Palmas, ficar\u00e1 temporariamente interditado para o p\u00fablico interno e externo.\u00a0 A interdi\u00e7\u00e3o visa garantir a realiza\u00e7\u00e3o de adequa\u00e7\u00f5es f\u00edsicas relacionadas \u00e0 seguran\u00e7a e atender \u00e0s normas estabelecidas pelo N\u00facleo de Intelig\u00eancia e Seguran\u00e7a Institucional, para [&hellip;]<\/p>\n","protected":false},"author":13,"featured_media":0,"comment_status":"open","ping_status":"open","sticky":false,"template":"","format":"standard","meta":{"_acf_changed":false,"footnotes":""},"categories":[8,20],"tags":[616],"class_list":["post-81860","post","type-post","status-publish","format-standard","hentry","category-estado","category-noticias-em-destaque","tag-mpto"],"acf":[],"yoast_head":"<!-- This site is optimized with the Yoast SEO plugin v24.4 - https:\/\/yoast.com\/wordpress\/plugins\/seo\/ -->\n<title>Entrada da sede do MPTO na Capital \u00e9 alterada temporariamente - PORTAL DE NOT\u00cdCIAS CLEITON PINHEIRO<\/title>\n<meta name=\"robots\" content=\"index, follow, max-snippet:-1, max-image-preview:large, max-video-preview:-1\" \/>\n<link rel=\"canonical\" href=\"https:\/\/cleitonpinheiro.com.br\/site\/entrada-da-sede-do-mpto-na-capital-e-alterada-temporariamente\/\" \/>\n<meta property=\"og:locale\" content=\"pt_BR\" \/>\n<meta property=\"og:type\" content=\"article\" \/>\n<meta property=\"og:title\" content=\"Entrada da sede do MPTO na Capital \u00e9 alterada temporariamente - PORTAL DE NOT\u00cdCIAS CLEITON PINHEIRO\" \/>\n<meta property=\"og:description\" content=\"At\u00e9 o dia 23 de novembro, o acesso \u00e0 entrada principal da sede do Minist\u00e9rio P\u00fablico do Tocantins (MPTO), em Palmas, ficar\u00e1 temporariamente interditado para o p\u00fablico interno e externo.\u00a0 A interdi\u00e7\u00e3o visa garantir a realiza\u00e7\u00e3o de adequa\u00e7\u00f5es f\u00edsicas relacionadas \u00e0 seguran\u00e7a e atender \u00e0s normas estabelecidas pelo N\u00facleo de Intelig\u00eancia e Seguran\u00e7a Institucional, para [&hellip;]\" \/>\n<meta property=\"og:url\" content=\"https:\/\/cleitonpinheiro.com.br\/site\/entrada-da-sede-do-mpto-na-capital-e-alterada-temporariamente\/\" \/>\n<meta property=\"og:site_name\" content=\"PORTAL DE NOT\u00cdCIAS CLEITON PINHEIRO\" \/>\n<meta property=\"article:publisher\" content=\"https:\/\/www.facebook.com\/portalcpnoticias\/\" \/>\n<meta property=\"article:published_time\" content=\"2024-10-16T11:28:07+00:00\" \/>\n<meta property=\"article:modified_time\" content=\"2024-10-16T11:28:11+00:00\" \/>\n<meta property=\"og:image\" content=\"https:\/\/cleitonpinheiro.com.br\/site\/wp-content\/uploads\/2024\/10\/1-5.jpg\" \/>\n\t<meta property=\"og:image:width\" content=\"300\" \/>\n\t<meta property=\"og:image:height\" content=\"200\" \/>\n\t<meta property=\"og:image:type\" content=\"image\/jpeg\" \/>\n<meta name=\"author\" content=\"Reda\u00e7\u00e3o CP\" \/>\n<meta name=\"twitter:card\" content=\"summary_large_image\" \/>\n<meta name=\"twitter:label1\" content=\"Escrito por\" \/>\n\t<meta name=\"twitter:data1\" content=\"Reda\u00e7\u00e3o CP\" \/>\n\t<meta name=\"twitter:label2\" content=\"Est. tempo de leitura\" \/>\n\t<meta name=\"twitter:data2\" content=\"2 minutos\" \/>\n<script type=\"application\/ld+json\" class=\"yoast-schema-graph\">{\"@context\":\"https:\/\/schema.org\",\"@graph\":[{\"@type\":\"Article\",\"@id\":\"https:\/\/cleitonpinheiro.com.br\/site\/entrada-da-sede-do-mpto-na-capital-e-alterada-temporariamente\/#article\",\"isPartOf\":{\"@id\":\"https:\/\/cleitonpinheiro.com.br\/site\/entrada-da-sede-do-mpto-na-capital-e-alterada-temporariamente\/\"},\"author\":{\"name\":\"Reda\u00e7\u00e3o CP\",\"@id\":\"https:\/\/cleitonpinheiro.com.br\/site\/#\/schema\/person\/8f04544e0bc40a1b68775b08360f87db\"},\"headline\":\"Entrada da sede do MPTO na Capital \u00e9 alterada temporariamente\",\"datePublished\":\"2024-10-16T11:28:07+00:00\",\"dateModified\":\"2024-10-16T11:28:11+00:00\",\"mainEntityOfPage\":{\"@id\":\"https:\/\/cleitonpinheiro.com.br\/site\/entrada-da-sede-do-mpto-na-capital-e-alterada-temporariamente\/\"},\"wordCount\":154,\"commentCount\":0,\"publisher\":{\"@id\":\"https:\/\/cleitonpinheiro.com.br\/site\/#organization\"},\"image\":{\"@id\":\"https:\/\/cleitonpinheiro.com.br\/site\/entrada-da-sede-do-mpto-na-capital-e-alterada-temporariamente\/#primaryimage\"},\"thumbnailUrl\":\"https:\/\/cleitonpinheiro.com.br\/site\/wp-content\/uploads\/2024\/10\/1-5.jpg\",\"keywords\":[\"MPTO\"],\"articleSection\":[\"ESTADO\",\"NOT\u00cdCIAS EM DESTAQUE\"],\"inLanguage\":\"pt-BR\",\"potentialAction\":[{\"@type\":\"CommentAction\",\"name\":\"Comment\",\"target\":[\"https:\/\/cleitonpinheiro.com.br\/site\/entrada-da-sede-do-mpto-na-capital-e-alterada-temporariamente\/#respond\"]}]},{\"@type\":\"WebPage\",\"@id\":\"https:\/\/cleitonpinheiro.com.br\/site\/entrada-da-sede-do-mpto-na-capital-e-alterada-temporariamente\/\",\"url\":\"https:\/\/cleitonpinheiro.com.br\/site\/entrada-da-sede-do-mpto-na-capital-e-alterada-temporariamente\/\",\"name\":\"Entrada da sede do MPTO na Capital \u00e9 alterada temporariamente - PORTAL DE NOT\u00cdCIAS CLEITON PINHEIRO\",\"isPartOf\":{\"@id\":\"https:\/\/cleitonpinheiro.com.br\/site\/#website\"},\"primaryImageOfPage\":{\"@id\":\"https:\/\/cleitonpinheiro.com.br\/site\/entrada-da-sede-do-mpto-na-capital-e-alterada-temporariamente\/#primaryimage\"},\"image\":{\"@id\":\"https:\/\/cleitonpinheiro.com.br\/site\/entrada-da-sede-do-mpto-na-capital-e-alterada-temporariamente\/#primaryimage\"},\"thumbnailUrl\":\"https:\/\/cleitonpinheiro.com.br\/site\/wp-content\/uploads\/2024\/10\/1-5.jpg\",\"datePublished\":\"2024-10-16T11:28:07+00:00\",\"dateModified\":\"2024-10-16T11:28:11+00:00\",\"breadcrumb\":{\"@id\":\"https:\/\/cleitonpinheiro.com.br\/site\/entrada-da-sede-do-mpto-na-capital-e-alterada-temporariamente\/#breadcrumb\"},\"inLanguage\":\"pt-BR\",\"potentialAction\":[{\"@type\":\"ReadAction\",\"target\":[\"https:\/\/cleitonpinheiro.com.br\/site\/entrada-da-sede-do-mpto-na-capital-e-alterada-temporariamente\/\"]}]},{\"@type\":\"ImageObject\",\"inLanguage\":\"pt-BR\",\"@id\":\"https:\/\/cleitonpinheiro.com.br\/site\/entrada-da-sede-do-mpto-na-capital-e-alterada-temporariamente\/#primaryimage\",\"url\":\"\",\"contentUrl\":\"\"},{\"@type\":\"BreadcrumbList\",\"@id\":\"https:\/\/cleitonpinheiro.com.br\/site\/entrada-da-sede-do-mpto-na-capital-e-alterada-temporariamente\/#breadcrumb\",\"itemListElement\":[{\"@type\":\"ListItem\",\"position\":1,\"name\":\"In\u00edcio\",\"item\":\"https:\/\/cleitonpinheiro.com.br\/site\/\"},{\"@type\":\"ListItem\",\"position\":2,\"name\":\"Entrada da sede do MPTO na Capital \u00e9 alterada temporariamente\"}]},{\"@type\":\"WebSite\",\"@id\":\"https:\/\/cleitonpinheiro.com.br\/site\/#website\",\"url\":\"https:\/\/cleitonpinheiro.com.br\/site\/\",\"name\":\"PORTAL DE NOT\u00cdCIAS CLEITON PINHEIRO\",\"description\":\"FALANDO A VERDADE\",\"publisher\":{\"@id\":\"https:\/\/cleitonpinheiro.com.br\/site\/#organization\"},\"potentialAction\":[{\"@type\":\"SearchAction\",\"target\":{\"@type\":\"EntryPoint\",\"urlTemplate\":\"https:\/\/cleitonpinheiro.com.br\/site\/?s={search_term_string}\"},\"query-input\":{\"@type\":\"PropertyValueSpecification\",\"valueRequired\":true,\"valueName\":\"search_term_string\"}}],\"inLanguage\":\"pt-BR\"},{\"@type\":\"Organization\",\"@id\":\"https:\/\/cleitonpinheiro.com.br\/site\/#organization\",\"name\":\"CPNOT\u00cdCIAS\",\"url\":\"https:\/\/cleitonpinheiro.com.br\/site\/\",\"logo\":{\"@type\":\"ImageObject\",\"inLanguage\":\"pt-BR\",\"@id\":\"https:\/\/cleitonpinheiro.com.br\/site\/#\/schema\/logo\/image\/\",\"url\":\"https:\/\/cleitonpinheiro.com.br\/site\/wp-content\/uploads\/2022\/08\/Logo-pequena-2.png\",\"contentUrl\":\"https:\/\/cleitonpinheiro.com.br\/site\/wp-content\/uploads\/2022\/08\/Logo-pequena-2.png\",\"width\":500,\"height\":500,\"caption\":\"CPNOT\u00cdCIAS\"},\"image\":{\"@id\":\"https:\/\/cleitonpinheiro.com.br\/site\/#\/schema\/logo\/image\/\"},\"sameAs\":[\"https:\/\/www.facebook.com\/portalcpnoticias\/\"]},{\"@type\":\"Person\",\"@id\":\"https:\/\/cleitonpinheiro.com.br\/site\/#\/schema\/person\/8f04544e0bc40a1b68775b08360f87db\",\"name\":\"Reda\u00e7\u00e3o CP\",\"image\":{\"@type\":\"ImageObject\",\"inLanguage\":\"pt-BR\",\"@id\":\"https:\/\/cleitonpinheiro.com.br\/site\/#\/schema\/person\/image\/\",\"url\":\"https:\/\/secure.gravatar.com\/avatar\/0bcf19cb29fdc8fc588c490c7ae1b3e174dac268586a63fbe1d1893a0f9020cd?s=96&r=g\",\"contentUrl\":\"https:\/\/secure.gravatar.com\/avatar\/0bcf19cb29fdc8fc588c490c7ae1b3e174dac268586a63fbe1d1893a0f9020cd?s=96&r=g\",\"caption\":\"Reda\u00e7\u00e3o CP\"},\"url\":\"https:\/\/cleitonpinheiro.com.br\/site\/author\/redacao\/\"}]}<\/script>\n<!-- \/ Yoast SEO plugin. -->","yoast_head_json":{"title":"Entrada da sede do MPTO na Capital \u00e9 alterada temporariamente - PORTAL DE NOT\u00cdCIAS CLEITON PINHEIRO","robots":{"index":"index","follow":"follow","max-snippet":"max-snippet:-1","max-image-preview":"max-image-preview:large","max-video-preview":"max-video-preview:-1"},"canonical":"https:\/\/cleitonpinheiro.com.br\/site\/entrada-da-sede-do-mpto-na-capital-e-alterada-temporariamente\/","og_locale":"pt_BR","og_type":"article","og_title":"Entrada da sede do MPTO na Capital \u00e9 alterada temporariamente - PORTAL DE NOT\u00cdCIAS CLEITON PINHEIRO","og_description":"At\u00e9 o dia 23 de novembro, o acesso \u00e0 entrada principal da sede do Minist\u00e9rio P\u00fablico do Tocantins (MPTO), em Palmas, ficar\u00e1 temporariamente interditado para o p\u00fablico interno e externo.\u00a0 A interdi\u00e7\u00e3o visa garantir a realiza\u00e7\u00e3o de adequa\u00e7\u00f5es f\u00edsicas relacionadas \u00e0 seguran\u00e7a e atender \u00e0s normas estabelecidas pelo N\u00facleo de Intelig\u00eancia e Seguran\u00e7a Institucional, para [&hellip;]","og_url":"https:\/\/cleitonpinheiro.com.br\/site\/entrada-da-sede-do-mpto-na-capital-e-alterada-temporariamente\/","og_site_name":"PORTAL DE NOT\u00cdCIAS CLEITON PINHEIRO","article_publisher":"https:\/\/www.facebook.com\/portalcpnoticias\/","article_published_time":"2024-10-16T11:28:07+00:00","article_modified_time":"2024-10-16T11:28:11+00:00","og_image":[{"width":300,"height":200,"url":"https:\/\/cleitonpinheiro.com.br\/site\/wp-content\/uploads\/2024\/10\/1-5.jpg","type":"image\/jpeg"}],"author":"Reda\u00e7\u00e3o CP","twitter_card":"summary_large_image","twitter_misc":{"Escrito por":"Reda\u00e7\u00e3o CP","Est. tempo de leitura":"2 minutos"},"schema":{"@context":"https:\/\/schema.org","@graph":[{"@type":"Article","@id":"https:\/\/cleitonpinheiro.com.br\/site\/entrada-da-sede-do-mpto-na-capital-e-alterada-temporariamente\/#article","isPartOf":{"@id":"https:\/\/cleitonpinheiro.com.br\/site\/entrada-da-sede-do-mpto-na-capital-e-alterada-temporariamente\/"},"author":{"name":"Reda\u00e7\u00e3o CP","@id":"https:\/\/cleitonpinheiro.com.br\/site\/#\/schema\/person\/8f04544e0bc40a1b68775b08360f87db"},"headline":"Entrada da sede do MPTO na Capital \u00e9 alterada temporariamente","datePublished":"2024-10-16T11:28:07+00:00","dateModified":"2024-10-16T11:28:11+00:00","mainEntityOfPage":{"@id":"https:\/\/cleitonpinheiro.com.br\/site\/entrada-da-sede-do-mpto-na-capital-e-alterada-temporariamente\/"},"wordCount":154,"commentCount":0,"publisher":{"@id":"https:\/\/cleitonpinheiro.com.br\/site\/#organization"},"image":{"@id":"https:\/\/cleitonpinheiro.com.br\/site\/entrada-da-sede-do-mpto-na-capital-e-alterada-temporariamente\/#primaryimage"},"thumbnailUrl":"https:\/\/cleitonpinheiro.com.br\/site\/wp-content\/uploads\/2024\/10\/1-5.jpg","keywords":["MPTO"],"articleSection":["ESTADO","NOT\u00cdCIAS EM DESTAQUE"],"inLanguage":"pt-BR","potentialAction":[{"@type":"CommentAction","name":"Comment","target":["https:\/\/cleitonpinheiro.com.br\/site\/entrada-da-sede-do-mpto-na-capital-e-alterada-temporariamente\/#respond"]}]},{"@type":"WebPage","@id":"https:\/\/cleitonpinheiro.com.br\/site\/entrada-da-sede-do-mpto-na-capital-e-alterada-temporariamente\/","url":"https:\/\/cleitonpinheiro.com.br\/site\/entrada-da-sede-do-mpto-na-capital-e-alterada-temporariamente\/","name":"Entrada da sede do MPTO na Capital \u00e9 alterada temporariamente - PORTAL DE NOT\u00cdCIAS CLEITON PINHEIRO","isPartOf":{"@id":"https:\/\/cleitonpinheiro.com.br\/site\/#website"},"primaryImageOfPage":{"@id":"https:\/\/cleitonpinheiro.com.br\/site\/entrada-da-sede-do-mpto-na-capital-e-alterada-temporariamente\/#primaryimage"},"image":{"@id":"https:\/\/cleitonpinheiro.com.br\/site\/entrada-da-sede-do-mpto-na-capital-e-alterada-temporariamente\/#primaryimage"},"thumbnailUrl":"https:\/\/cleitonpinheiro.com.br\/site\/wp-content\/uploads\/2024\/10\/1-5.jpg","datePublished":"2024-10-16T11:28:07+00:00","dateModified":"2024-10-16T11:28:11+00:00","breadcrumb":{"@id":"https:\/\/cleitonpinheiro.com.br\/site\/entrada-da-sede-do-mpto-na-capital-e-alterada-temporariamente\/#breadcrumb"},"inLanguage":"pt-BR","potentialAction":[{"@type":"ReadAction","target":["https:\/\/cleitonpinheiro.com.br\/site\/entrada-da-sede-do-mpto-na-capital-e-alterada-temporariamente\/"]}]},{"@type":"ImageObject","inLanguage":"pt-BR","@id":"https:\/\/cleitonpinheiro.com.br\/site\/entrada-da-sede-do-mpto-na-capital-e-alterada-temporariamente\/#primaryimage","url":"","contentUrl":""},{"@type":"BreadcrumbList","@id":"https:\/\/cleitonpinheiro.com.br\/site\/entrada-da-sede-do-mpto-na-capital-e-alterada-temporariamente\/#breadcrumb","itemListElement":[{"@type":"ListItem","position":1,"name":"In\u00edcio","item":"https:\/\/cleitonpinheiro.com.br\/site\/"},{"@type":"ListItem","position":2,"name":"Entrada da sede do MPTO na Capital \u00e9 alterada temporariamente"}]},{"@type":"WebSite","@id":"https:\/\/cleitonpinheiro.com.br\/site\/#website","url":"https:\/\/cleitonpinheiro.com.br\/site\/","name":"PORTAL DE NOT\u00cdCIAS CLEITON PINHEIRO","description":"FALANDO A VERDADE","publisher":{"@id":"https:\/\/cleitonpinheiro.com.br\/site\/#organization"},"potentialAction":[{"@type":"SearchAction","target":{"@type":"EntryPoint","urlTemplate":"https:\/\/cleitonpinheiro.com.br\/site\/?s={search_term_string}"},"query-input":{"@type":"PropertyValueSpecification","valueRequired":true,"valueName":"search_term_string"}}],"inLanguage":"pt-BR"},{"@type":"Organization","@id":"https:\/\/cleitonpinheiro.com.br\/site\/#organization","name":"CPNOT\u00cdCIAS","url":"https:\/\/cleitonpinheiro.com.br\/site\/","logo":{"@type":"ImageObject","inLanguage":"pt-BR","@id":"https:\/\/cleitonpinheiro.com.br\/site\/#\/schema\/logo\/image\/","url":"https:\/\/cleitonpinheiro.com.br\/site\/wp-content\/uploads\/2022\/08\/Logo-pequena-2.png","contentUrl":"https:\/\/cleitonpinheiro.com.br\/site\/wp-content\/uploads\/2022\/08\/Logo-pequena-2.png","width":500,"height":500,"caption":"CPNOT\u00cdCIAS"},"image":{"@id":"https:\/\/cleitonpinheiro.com.br\/site\/#\/schema\/logo\/image\/"},"sameAs":["https:\/\/www.facebook.com\/portalcpnoticias\/"]},{"@type":"Person","@id":"https:\/\/cleitonpinheiro.com.br\/site\/#\/schema\/person\/8f04544e0bc40a1b68775b08360f87db","name":"Reda\u00e7\u00e3o CP","image":{"@type":"ImageObject","inLanguage":"pt-BR","@id":"https:\/\/cleitonpinheiro.com.br\/site\/#\/schema\/person\/image\/","url":"https:\/\/secure.gravatar.com\/avatar\/0bcf19cb29fdc8fc588c490c7ae1b3e174dac268586a63fbe1d1893a0f9020cd?s=96&r=g","contentUrl":"https:\/\/secure.gravatar.com\/avatar\/0bcf19cb29fdc8fc588c490c7ae1b3e174dac268586a63fbe1d1893a0f9020cd?s=96&r=g","caption":"Reda\u00e7\u00e3o CP"},"url":"https:\/\/cleitonpinheiro.com.br\/site\/author\/redacao\/"}]}},"views":169,"_links":{"self":[{"href":"https:\/\/cleitonpinheiro.com.br\/site\/wp-json\/wp\/v2\/posts\/81860","targetHints":{"allow":["GET"]}}],"collection":[{"href":"https:\/\/cleitonpinheiro.com.br\/site\/wp-json\/wp\/v2\/posts"}],"about":[{"href":"https:\/\/cleitonpinheiro.com.br\/site\/wp-json\/wp\/v2\/types\/post"}],"author":[{"embeddable":true,"href":"https:\/\/cleitonpinheiro.com.br\/site\/wp-json\/wp\/v2\/users\/13"}],"replies":[{"embeddable":true,"href":"https:\/\/cleitonpinheiro.com.br\/site\/wp-json\/wp\/v2\/comments?post=81860"}],"version-history":[{"count":1,"href":"https:\/\/cleitonpinheiro.com.br\/site\/wp-json\/wp\/v2\/posts\/81860\/revisions"}],"predecessor-version":[{"id":81862,"href":"https:\/\/cleitonpinheiro.com.br\/site\/wp-json\/wp\/v2\/posts\/81860\/revisions\/81862"}],"wp:attachment":[{"href":"https:\/\/cleitonpinheiro.com.br\/site\/wp-json\/wp\/v2\/media?parent=81860"}],"wp:term":[{"taxonomy":"category","embeddable":true,"href":"https:\/\/cleitonpinheiro.com.br\/site\/wp-json\/wp\/v2\/categories?post=81860"},{"taxonomy":"post_tag","embeddable":true,"href":"https:\/\/cleitonpinheiro.com.br\/site\/wp-json\/wp\/v2\/tags?post=81860"}],"curies":[{"name":"wp","href":"https:\/\/api.w.org\/{rel}","templated":true}]}}