{"id":81863,"date":"2024-10-16T08:33:52","date_gmt":"2024-10-16T11:33:52","guid":{"rendered":"https:\/\/cleitonpinheiro.com.br\/site\/?p=81863"},"modified":"2024-10-16T08:36:21","modified_gmt":"2024-10-16T11:36:21","slug":"i-seminario-do-livro-leitura-e-escrita-acontece-no-dia-30-de-outubro-em-palmas","status":"publish","type":"post","link":"https:\/\/cleitonpinheiro.com.br\/site\/i-seminario-do-livro-leitura-e-escrita-acontece-no-dia-30-de-outubro-em-palmas\/","title":{"rendered":"\u00a0I Semin\u00e1rio do Livro, Leitura e Escrita acontece no dia 30 de outubro em Palmas"},"content":{"rendered":"\n<figure class=\"wp-block-gallery has-nested-images columns-default is-cropped wp-block-gallery-1 is-layout-flex wp-block-gallery-is-layout-flex\">\n<figure class=\"wp-block-image size-large\"><img decoding=\"async\" data-id=\"81864\" src=\"https:\/\/cleitonpinheiro.com.br\/site\/wp-content\/uploads\/2024\/10\/banner-para-site_seminario-do-livro.png\" alt=\"\" class=\"wp-image-81864\"\/><figcaption class=\"wp-element-caption\">Foto: Divulga\u00e7\u00e3o Secult<\/figcaption><\/figure>\n<\/figure>\n\n\n\n<p>Voltado para a promo\u00e7\u00e3o de a\u00e7\u00f5es que universalizam a cultura liter\u00e1ria no estado, acontece no dia 30 de outubro, a partir das 8h30, o I Semin\u00e1rio do Livro, Leitura e Escrita do Tocantins. Realizado pelo Governo do Estado por meio da Secretaria da Cultura (Secult), o evento acontecer\u00e1 no audit\u00f3rio do Sebrae, em Palmas, e reunir\u00e1 profissionais da \u00e1rea da cultura e da educa\u00e7\u00e3o, al\u00e9m de escritores, bibliotec\u00e1rios e o p\u00fablico em geral para debaterem sobre o papel do Estado e dos Munic\u00edpios no fomento de pol\u00edticas p\u00fablicas que garantam o direito ao livro, \u00e0 leitura, \u00e0 escrita e \u00e0s bibliotecas.<\/p>\n\n\n\n<p>A programa\u00e7\u00e3o incluir\u00e1 mesas de discuss\u00e3o no per\u00edodo da manh\u00e3 e da tarde e contar\u00e1 com a presen\u00e7a do diretor do Livro, Leitura, Literatura e Bibliotecas do Minist\u00e9rio da Cultura (MinC), J\u00e9ferson Assum\u00e7\u00e3o, al\u00e9m do secret\u00e1rio de Estado da Cultura Ti\u00e3o Pinheiro, de representantes da Secretaria da Educa\u00e7\u00e3o (Seduc), Academia Tocantinense de Letras e outras institui\u00e7\u00f5es e entidades ligadas ao setor. &nbsp;<\/p>\n\n\n\n<p>O semin\u00e1rio oferecer\u00e1 tr\u00eas momentos de debate focados em pol\u00edticas de leitura e escrita. O primeiro, &#8220;Pol\u00edtica Nacional do Livro, Leitura e Escrita e o papel dos estados e munic\u00edpios&#8221;, abordar\u00e1 as pol\u00edticas de leitura em n\u00edveis nacional e estadual, al\u00e9m dos desafios no Tocantins. A segunda mesa promover\u00e1 a troca de ideias sobre a forma\u00e7\u00e3o de mediadores e leitores, com destaque na bibliodiversidade no Estado. O encerramento ser\u00e1 marcado pelo tema &#8220;Alian\u00e7a pelas Bibliotecas P\u00fablicas e Comunit\u00e1rias do Tocantins&#8221;, com foco na reestrutura\u00e7\u00e3o e ades\u00e3o ao Sistema Nacional de Bibliotecas e no fortalecimento das bibliotecas p\u00fablicas e comunit\u00e1rias no Tocantins.<\/p>\n\n\n\n<p>De acordo com o secret\u00e1rio da Cultura Ti\u00e3o Pinheiro, esses di\u00e1logos s\u00e3o importantes para a constru\u00e7\u00e3o de iniciativas que promovam e intensifiquem a cultura letrada no Tocantins. &#8220;S\u00e3o em encontros como este que surgem ideias que podem transformar nossa cultura. Nosso objetivo \u00e9 fortalecer as bibliotecas p\u00fablicas, garantir o acesso ao livro e incentivar a leitura em todas as regi\u00f5es do estado. O trabalho conjunto entre o governo, educadores, escritores e bibliotec\u00e1rios \u00e9 um importante caminho para consolidarmos pol\u00edticas p\u00fablicas que fa\u00e7am a diferen\u00e7a na vida dos tocantinenses&#8221;, afirmou.<\/p>\n\n\n\n<p>Para o superintendente de Fomento e Incentivo \u00e0 Cultura, Ant\u00f4nio Miranda, \u201cO Semin\u00e1rio do Livro, Leitura e Escrita do Tocantins marca o in\u00edcio da reestrutura\u00e7\u00e3o de pol\u00edticas voltadas para o fortalecimento do setor. Neste encontro estaremos dialogando tamb\u00e9m sobre o Sistema Estadual de Bibliotecas P\u00fablicas e o papel do Estado e munic\u00edpios nesse processo\u201d, disse.<\/p>\n\n\n\n<p><a href=\"https:\/\/docs.google.com\/forms\/d\/1rTqwLaRodWh7E5QPzUyln6LM_vX6AnHAk7t8Q2eA6As\/viewform?edit_requested=true\" target=\"_blank\" rel=\"noreferrer noopener\">Clique aqui<\/a>&nbsp;para se inscrever no I Semin\u00e1rio do Livro, Leitura e Escrita do Tocantins.<\/p>\n\n\n\n<p>Texto: Ana Carolina Monteiro \/ Governo do Tocantins<\/p>\n\n\n\n<p><\/p>\n","protected":false},"excerpt":{"rendered":"<p>Voltado para a promo\u00e7\u00e3o de a\u00e7\u00f5es que universalizam a cultura liter\u00e1ria no estado, acontece no dia 30 de outubro, a partir das 8h30, o I Semin\u00e1rio do Livro, Leitura e Escrita do Tocantins. Realizado pelo Governo do Estado por meio da Secretaria da Cultura (Secult), o evento acontecer\u00e1 no audit\u00f3rio do Sebrae, em Palmas, e [&hellip;]<\/p>\n","protected":false},"author":13,"featured_media":0,"comment_status":"open","ping_status":"open","sticky":false,"template":"","format":"standard","meta":{"_acf_changed":false,"footnotes":""},"categories":[8,20],"tags":[1115],"class_list":["post-81863","post","type-post","status-publish","format-standard","hentry","category-estado","category-noticias-em-destaque","tag-cultura"],"acf":[],"yoast_head":"<!-- This site is optimized with the Yoast SEO plugin v24.4 - https:\/\/yoast.com\/wordpress\/plugins\/seo\/ -->\n<title>\u00a0I Semin\u00e1rio do Livro, Leitura e Escrita acontece no dia 30 de outubro em Palmas - PORTAL DE NOT\u00cdCIAS CLEITON PINHEIRO<\/title>\n<meta name=\"robots\" content=\"index, follow, max-snippet:-1, max-image-preview:large, max-video-preview:-1\" \/>\n<link rel=\"canonical\" href=\"https:\/\/cleitonpinheiro.com.br\/site\/i-seminario-do-livro-leitura-e-escrita-acontece-no-dia-30-de-outubro-em-palmas\/\" \/>\n<meta property=\"og:locale\" content=\"pt_BR\" \/>\n<meta property=\"og:type\" content=\"article\" \/>\n<meta property=\"og:title\" content=\"\u00a0I Semin\u00e1rio do Livro, Leitura e Escrita acontece no dia 30 de outubro em Palmas - PORTAL DE NOT\u00cdCIAS CLEITON PINHEIRO\" \/>\n<meta property=\"og:description\" content=\"Voltado para a promo\u00e7\u00e3o de a\u00e7\u00f5es que universalizam a cultura liter\u00e1ria no estado, acontece no dia 30 de outubro, a partir das 8h30, o I Semin\u00e1rio do Livro, Leitura e Escrita do Tocantins. Realizado pelo Governo do Estado por meio da Secretaria da Cultura (Secult), o evento acontecer\u00e1 no audit\u00f3rio do Sebrae, em Palmas, e [&hellip;]\" \/>\n<meta property=\"og:url\" content=\"https:\/\/cleitonpinheiro.com.br\/site\/i-seminario-do-livro-leitura-e-escrita-acontece-no-dia-30-de-outubro-em-palmas\/\" \/>\n<meta property=\"og:site_name\" content=\"PORTAL DE NOT\u00cdCIAS CLEITON PINHEIRO\" \/>\n<meta property=\"article:publisher\" content=\"https:\/\/www.facebook.com\/portalcpnoticias\/\" \/>\n<meta property=\"article:published_time\" content=\"2024-10-16T11:33:52+00:00\" \/>\n<meta property=\"article:modified_time\" content=\"2024-10-16T11:36:21+00:00\" \/>\n<meta property=\"og:image\" content=\"https:\/\/cleitonpinheiro.com.br\/site\/wp-content\/uploads\/2024\/10\/banner-para-site_seminario-do-livro.png\" \/>\n\t<meta property=\"og:image:width\" content=\"719\" \/>\n\t<meta property=\"og:image:height\" content=\"411\" \/>\n\t<meta property=\"og:image:type\" content=\"image\/png\" \/>\n<meta name=\"author\" content=\"Reda\u00e7\u00e3o CP\" \/>\n<meta name=\"twitter:card\" content=\"summary_large_image\" \/>\n<meta name=\"twitter:label1\" content=\"Escrito por\" \/>\n\t<meta name=\"twitter:data1\" content=\"Reda\u00e7\u00e3o CP\" \/>\n\t<meta name=\"twitter:label2\" content=\"Est. tempo de leitura\" \/>\n\t<meta name=\"twitter:data2\" content=\"3 minutos\" \/>\n<script type=\"application\/ld+json\" class=\"yoast-schema-graph\">{\"@context\":\"https:\/\/schema.org\",\"@graph\":[{\"@type\":\"Article\",\"@id\":\"https:\/\/cleitonpinheiro.com.br\/site\/i-seminario-do-livro-leitura-e-escrita-acontece-no-dia-30-de-outubro-em-palmas\/#article\",\"isPartOf\":{\"@id\":\"https:\/\/cleitonpinheiro.com.br\/site\/i-seminario-do-livro-leitura-e-escrita-acontece-no-dia-30-de-outubro-em-palmas\/\"},\"author\":{\"name\":\"Reda\u00e7\u00e3o CP\",\"@id\":\"https:\/\/cleitonpinheiro.com.br\/site\/#\/schema\/person\/8f04544e0bc40a1b68775b08360f87db\"},\"headline\":\"\u00a0I Semin\u00e1rio do Livro, Leitura e Escrita acontece no dia 30 de outubro em Palmas\",\"datePublished\":\"2024-10-16T11:33:52+00:00\",\"dateModified\":\"2024-10-16T11:36:21+00:00\",\"mainEntityOfPage\":{\"@id\":\"https:\/\/cleitonpinheiro.com.br\/site\/i-seminario-do-livro-leitura-e-escrita-acontece-no-dia-30-de-outubro-em-palmas\/\"},\"wordCount\":506,\"commentCount\":0,\"publisher\":{\"@id\":\"https:\/\/cleitonpinheiro.com.br\/site\/#organization\"},\"image\":{\"@id\":\"https:\/\/cleitonpinheiro.com.br\/site\/i-seminario-do-livro-leitura-e-escrita-acontece-no-dia-30-de-outubro-em-palmas\/#primaryimage\"},\"thumbnailUrl\":\"https:\/\/cleitonpinheiro.com.br\/site\/wp-content\/uploads\/2024\/10\/banner-para-site_seminario-do-livro.png\",\"keywords\":[\"cultura\"],\"articleSection\":[\"ESTADO\",\"NOT\u00cdCIAS EM DESTAQUE\"],\"inLanguage\":\"pt-BR\",\"potentialAction\":[{\"@type\":\"CommentAction\",\"name\":\"Comment\",\"target\":[\"https:\/\/cleitonpinheiro.com.br\/site\/i-seminario-do-livro-leitura-e-escrita-acontece-no-dia-30-de-outubro-em-palmas\/#respond\"]}]},{\"@type\":\"WebPage\",\"@id\":\"https:\/\/cleitonpinheiro.com.br\/site\/i-seminario-do-livro-leitura-e-escrita-acontece-no-dia-30-de-outubro-em-palmas\/\",\"url\":\"https:\/\/cleitonpinheiro.com.br\/site\/i-seminario-do-livro-leitura-e-escrita-acontece-no-dia-30-de-outubro-em-palmas\/\",\"name\":\"\u00a0I Semin\u00e1rio do Livro, Leitura e Escrita acontece no dia 30 de outubro em Palmas - PORTAL DE NOT\u00cdCIAS CLEITON PINHEIRO\",\"isPartOf\":{\"@id\":\"https:\/\/cleitonpinheiro.com.br\/site\/#website\"},\"primaryImageOfPage\":{\"@id\":\"https:\/\/cleitonpinheiro.com.br\/site\/i-seminario-do-livro-leitura-e-escrita-acontece-no-dia-30-de-outubro-em-palmas\/#primaryimage\"},\"image\":{\"@id\":\"https:\/\/cleitonpinheiro.com.br\/site\/i-seminario-do-livro-leitura-e-escrita-acontece-no-dia-30-de-outubro-em-palmas\/#primaryimage\"},\"thumbnailUrl\":\"https:\/\/cleitonpinheiro.com.br\/site\/wp-content\/uploads\/2024\/10\/banner-para-site_seminario-do-livro.png\",\"datePublished\":\"2024-10-16T11:33:52+00:00\",\"dateModified\":\"2024-10-16T11:36:21+00:00\",\"breadcrumb\":{\"@id\":\"https:\/\/cleitonpinheiro.com.br\/site\/i-seminario-do-livro-leitura-e-escrita-acontece-no-dia-30-de-outubro-em-palmas\/#breadcrumb\"},\"inLanguage\":\"pt-BR\",\"potentialAction\":[{\"@type\":\"ReadAction\",\"target\":[\"https:\/\/cleitonpinheiro.com.br\/site\/i-seminario-do-livro-leitura-e-escrita-acontece-no-dia-30-de-outubro-em-palmas\/\"]}]},{\"@type\":\"ImageObject\",\"inLanguage\":\"pt-BR\",\"@id\":\"https:\/\/cleitonpinheiro.com.br\/site\/i-seminario-do-livro-leitura-e-escrita-acontece-no-dia-30-de-outubro-em-palmas\/#primaryimage\",\"url\":\"\",\"contentUrl\":\"\"},{\"@type\":\"BreadcrumbList\",\"@id\":\"https:\/\/cleitonpinheiro.com.br\/site\/i-seminario-do-livro-leitura-e-escrita-acontece-no-dia-30-de-outubro-em-palmas\/#breadcrumb\",\"itemListElement\":[{\"@type\":\"ListItem\",\"position\":1,\"name\":\"In\u00edcio\",\"item\":\"https:\/\/cleitonpinheiro.com.br\/site\/\"},{\"@type\":\"ListItem\",\"position\":2,\"name\":\"\u00a0I Semin\u00e1rio do Livro, Leitura e Escrita acontece no dia 30 de outubro em Palmas\"}]},{\"@type\":\"WebSite\",\"@id\":\"https:\/\/cleitonpinheiro.com.br\/site\/#website\",\"url\":\"https:\/\/cleitonpinheiro.com.br\/site\/\",\"name\":\"PORTAL DE NOT\u00cdCIAS CLEITON PINHEIRO\",\"description\":\"FALANDO A VERDADE\",\"publisher\":{\"@id\":\"https:\/\/cleitonpinheiro.com.br\/site\/#organization\"},\"potentialAction\":[{\"@type\":\"SearchAction\",\"target\":{\"@type\":\"EntryPoint\",\"urlTemplate\":\"https:\/\/cleitonpinheiro.com.br\/site\/?s={search_term_string}\"},\"query-input\":{\"@type\":\"PropertyValueSpecification\",\"valueRequired\":true,\"valueName\":\"search_term_string\"}}],\"inLanguage\":\"pt-BR\"},{\"@type\":\"Organization\",\"@id\":\"https:\/\/cleitonpinheiro.com.br\/site\/#organization\",\"name\":\"CPNOT\u00cdCIAS\",\"url\":\"https:\/\/cleitonpinheiro.com.br\/site\/\",\"logo\":{\"@type\":\"ImageObject\",\"inLanguage\":\"pt-BR\",\"@id\":\"https:\/\/cleitonpinheiro.com.br\/site\/#\/schema\/logo\/image\/\",\"url\":\"https:\/\/cleitonpinheiro.com.br\/site\/wp-content\/uploads\/2022\/08\/Logo-pequena-2.png\",\"contentUrl\":\"https:\/\/cleitonpinheiro.com.br\/site\/wp-content\/uploads\/2022\/08\/Logo-pequena-2.png\",\"width\":500,\"height\":500,\"caption\":\"CPNOT\u00cdCIAS\"},\"image\":{\"@id\":\"https:\/\/cleitonpinheiro.com.br\/site\/#\/schema\/logo\/image\/\"},\"sameAs\":[\"https:\/\/www.facebook.com\/portalcpnoticias\/\"]},{\"@type\":\"Person\",\"@id\":\"https:\/\/cleitonpinheiro.com.br\/site\/#\/schema\/person\/8f04544e0bc40a1b68775b08360f87db\",\"name\":\"Reda\u00e7\u00e3o CP\",\"image\":{\"@type\":\"ImageObject\",\"inLanguage\":\"pt-BR\",\"@id\":\"https:\/\/cleitonpinheiro.com.br\/site\/#\/schema\/person\/image\/\",\"url\":\"https:\/\/secure.gravatar.com\/avatar\/0bcf19cb29fdc8fc588c490c7ae1b3e174dac268586a63fbe1d1893a0f9020cd?s=96&r=g\",\"contentUrl\":\"https:\/\/secure.gravatar.com\/avatar\/0bcf19cb29fdc8fc588c490c7ae1b3e174dac268586a63fbe1d1893a0f9020cd?s=96&r=g\",\"caption\":\"Reda\u00e7\u00e3o CP\"},\"url\":\"https:\/\/cleitonpinheiro.com.br\/site\/author\/redacao\/\"}]}<\/script>\n<!-- \/ Yoast SEO plugin. -->","yoast_head_json":{"title":"\u00a0I Semin\u00e1rio do Livro, Leitura e Escrita acontece no dia 30 de outubro em Palmas - PORTAL DE NOT\u00cdCIAS CLEITON PINHEIRO","robots":{"index":"index","follow":"follow","max-snippet":"max-snippet:-1","max-image-preview":"max-image-preview:large","max-video-preview":"max-video-preview:-1"},"canonical":"https:\/\/cleitonpinheiro.com.br\/site\/i-seminario-do-livro-leitura-e-escrita-acontece-no-dia-30-de-outubro-em-palmas\/","og_locale":"pt_BR","og_type":"article","og_title":"\u00a0I Semin\u00e1rio do Livro, Leitura e Escrita acontece no dia 30 de outubro em Palmas - PORTAL DE NOT\u00cdCIAS CLEITON PINHEIRO","og_description":"Voltado para a promo\u00e7\u00e3o de a\u00e7\u00f5es que universalizam a cultura liter\u00e1ria no estado, acontece no dia 30 de outubro, a partir das 8h30, o I Semin\u00e1rio do Livro, Leitura e Escrita do Tocantins. Realizado pelo Governo do Estado por meio da Secretaria da Cultura (Secult), o evento acontecer\u00e1 no audit\u00f3rio do Sebrae, em Palmas, e [&hellip;]","og_url":"https:\/\/cleitonpinheiro.com.br\/site\/i-seminario-do-livro-leitura-e-escrita-acontece-no-dia-30-de-outubro-em-palmas\/","og_site_name":"PORTAL DE NOT\u00cdCIAS CLEITON PINHEIRO","article_publisher":"https:\/\/www.facebook.com\/portalcpnoticias\/","article_published_time":"2024-10-16T11:33:52+00:00","article_modified_time":"2024-10-16T11:36:21+00:00","og_image":[{"width":719,"height":411,"url":"https:\/\/cleitonpinheiro.com.br\/site\/wp-content\/uploads\/2024\/10\/banner-para-site_seminario-do-livro.png","type":"image\/png"}],"author":"Reda\u00e7\u00e3o CP","twitter_card":"summary_large_image","twitter_misc":{"Escrito por":"Reda\u00e7\u00e3o CP","Est. tempo de leitura":"3 minutos"},"schema":{"@context":"https:\/\/schema.org","@graph":[{"@type":"Article","@id":"https:\/\/cleitonpinheiro.com.br\/site\/i-seminario-do-livro-leitura-e-escrita-acontece-no-dia-30-de-outubro-em-palmas\/#article","isPartOf":{"@id":"https:\/\/cleitonpinheiro.com.br\/site\/i-seminario-do-livro-leitura-e-escrita-acontece-no-dia-30-de-outubro-em-palmas\/"},"author":{"name":"Reda\u00e7\u00e3o CP","@id":"https:\/\/cleitonpinheiro.com.br\/site\/#\/schema\/person\/8f04544e0bc40a1b68775b08360f87db"},"headline":"\u00a0I Semin\u00e1rio do Livro, Leitura e Escrita acontece no dia 30 de outubro em Palmas","datePublished":"2024-10-16T11:33:52+00:00","dateModified":"2024-10-16T11:36:21+00:00","mainEntityOfPage":{"@id":"https:\/\/cleitonpinheiro.com.br\/site\/i-seminario-do-livro-leitura-e-escrita-acontece-no-dia-30-de-outubro-em-palmas\/"},"wordCount":506,"commentCount":0,"publisher":{"@id":"https:\/\/cleitonpinheiro.com.br\/site\/#organization"},"image":{"@id":"https:\/\/cleitonpinheiro.com.br\/site\/i-seminario-do-livro-leitura-e-escrita-acontece-no-dia-30-de-outubro-em-palmas\/#primaryimage"},"thumbnailUrl":"https:\/\/cleitonpinheiro.com.br\/site\/wp-content\/uploads\/2024\/10\/banner-para-site_seminario-do-livro.png","keywords":["cultura"],"articleSection":["ESTADO","NOT\u00cdCIAS EM DESTAQUE"],"inLanguage":"pt-BR","potentialAction":[{"@type":"CommentAction","name":"Comment","target":["https:\/\/cleitonpinheiro.com.br\/site\/i-seminario-do-livro-leitura-e-escrita-acontece-no-dia-30-de-outubro-em-palmas\/#respond"]}]},{"@type":"WebPage","@id":"https:\/\/cleitonpinheiro.com.br\/site\/i-seminario-do-livro-leitura-e-escrita-acontece-no-dia-30-de-outubro-em-palmas\/","url":"https:\/\/cleitonpinheiro.com.br\/site\/i-seminario-do-livro-leitura-e-escrita-acontece-no-dia-30-de-outubro-em-palmas\/","name":"\u00a0I Semin\u00e1rio do Livro, Leitura e Escrita acontece no dia 30 de outubro em Palmas - PORTAL DE NOT\u00cdCIAS CLEITON PINHEIRO","isPartOf":{"@id":"https:\/\/cleitonpinheiro.com.br\/site\/#website"},"primaryImageOfPage":{"@id":"https:\/\/cleitonpinheiro.com.br\/site\/i-seminario-do-livro-leitura-e-escrita-acontece-no-dia-30-de-outubro-em-palmas\/#primaryimage"},"image":{"@id":"https:\/\/cleitonpinheiro.com.br\/site\/i-seminario-do-livro-leitura-e-escrita-acontece-no-dia-30-de-outubro-em-palmas\/#primaryimage"},"thumbnailUrl":"https:\/\/cleitonpinheiro.com.br\/site\/wp-content\/uploads\/2024\/10\/banner-para-site_seminario-do-livro.png","datePublished":"2024-10-16T11:33:52+00:00","dateModified":"2024-10-16T11:36:21+00:00","breadcrumb":{"@id":"https:\/\/cleitonpinheiro.com.br\/site\/i-seminario-do-livro-leitura-e-escrita-acontece-no-dia-30-de-outubro-em-palmas\/#breadcrumb"},"inLanguage":"pt-BR","potentialAction":[{"@type":"ReadAction","target":["https:\/\/cleitonpinheiro.com.br\/site\/i-seminario-do-livro-leitura-e-escrita-acontece-no-dia-30-de-outubro-em-palmas\/"]}]},{"@type":"ImageObject","inLanguage":"pt-BR","@id":"https:\/\/cleitonpinheiro.com.br\/site\/i-seminario-do-livro-leitura-e-escrita-acontece-no-dia-30-de-outubro-em-palmas\/#primaryimage","url":"","contentUrl":""},{"@type":"BreadcrumbList","@id":"https:\/\/cleitonpinheiro.com.br\/site\/i-seminario-do-livro-leitura-e-escrita-acontece-no-dia-30-de-outubro-em-palmas\/#breadcrumb","itemListElement":[{"@type":"ListItem","position":1,"name":"In\u00edcio","item":"https:\/\/cleitonpinheiro.com.br\/site\/"},{"@type":"ListItem","position":2,"name":"\u00a0I Semin\u00e1rio do Livro, Leitura e Escrita acontece no dia 30 de outubro em Palmas"}]},{"@type":"WebSite","@id":"https:\/\/cleitonpinheiro.com.br\/site\/#website","url":"https:\/\/cleitonpinheiro.com.br\/site\/","name":"PORTAL DE NOT\u00cdCIAS CLEITON PINHEIRO","description":"FALANDO A VERDADE","publisher":{"@id":"https:\/\/cleitonpinheiro.com.br\/site\/#organization"},"potentialAction":[{"@type":"SearchAction","target":{"@type":"EntryPoint","urlTemplate":"https:\/\/cleitonpinheiro.com.br\/site\/?s={search_term_string}"},"query-input":{"@type":"PropertyValueSpecification","valueRequired":true,"valueName":"search_term_string"}}],"inLanguage":"pt-BR"},{"@type":"Organization","@id":"https:\/\/cleitonpinheiro.com.br\/site\/#organization","name":"CPNOT\u00cdCIAS","url":"https:\/\/cleitonpinheiro.com.br\/site\/","logo":{"@type":"ImageObject","inLanguage":"pt-BR","@id":"https:\/\/cleitonpinheiro.com.br\/site\/#\/schema\/logo\/image\/","url":"https:\/\/cleitonpinheiro.com.br\/site\/wp-content\/uploads\/2022\/08\/Logo-pequena-2.png","contentUrl":"https:\/\/cleitonpinheiro.com.br\/site\/wp-content\/uploads\/2022\/08\/Logo-pequena-2.png","width":500,"height":500,"caption":"CPNOT\u00cdCIAS"},"image":{"@id":"https:\/\/cleitonpinheiro.com.br\/site\/#\/schema\/logo\/image\/"},"sameAs":["https:\/\/www.facebook.com\/portalcpnoticias\/"]},{"@type":"Person","@id":"https:\/\/cleitonpinheiro.com.br\/site\/#\/schema\/person\/8f04544e0bc40a1b68775b08360f87db","name":"Reda\u00e7\u00e3o CP","image":{"@type":"ImageObject","inLanguage":"pt-BR","@id":"https:\/\/cleitonpinheiro.com.br\/site\/#\/schema\/person\/image\/","url":"https:\/\/secure.gravatar.com\/avatar\/0bcf19cb29fdc8fc588c490c7ae1b3e174dac268586a63fbe1d1893a0f9020cd?s=96&r=g","contentUrl":"https:\/\/secure.gravatar.com\/avatar\/0bcf19cb29fdc8fc588c490c7ae1b3e174dac268586a63fbe1d1893a0f9020cd?s=96&r=g","caption":"Reda\u00e7\u00e3o CP"},"url":"https:\/\/cleitonpinheiro.com.br\/site\/author\/redacao\/"}]}},"views":191,"_links":{"self":[{"href":"https:\/\/cleitonpinheiro.com.br\/site\/wp-json\/wp\/v2\/posts\/81863","targetHints":{"allow":["GET"]}}],"collection":[{"href":"https:\/\/cleitonpinheiro.com.br\/site\/wp-json\/wp\/v2\/posts"}],"about":[{"href":"https:\/\/cleitonpinheiro.com.br\/site\/wp-json\/wp\/v2\/types\/post"}],"author":[{"embeddable":true,"href":"https:\/\/cleitonpinheiro.com.br\/site\/wp-json\/wp\/v2\/users\/13"}],"replies":[{"embeddable":true,"href":"https:\/\/cleitonpinheiro.com.br\/site\/wp-json\/wp\/v2\/comments?post=81863"}],"version-history":[{"count":1,"href":"https:\/\/cleitonpinheiro.com.br\/site\/wp-json\/wp\/v2\/posts\/81863\/revisions"}],"predecessor-version":[{"id":81865,"href":"https:\/\/cleitonpinheiro.com.br\/site\/wp-json\/wp\/v2\/posts\/81863\/revisions\/81865"}],"wp:attachment":[{"href":"https:\/\/cleitonpinheiro.com.br\/site\/wp-json\/wp\/v2\/media?parent=81863"}],"wp:term":[{"taxonomy":"category","embeddable":true,"href":"https:\/\/cleitonpinheiro.com.br\/site\/wp-json\/wp\/v2\/categories?post=81863"},{"taxonomy":"post_tag","embeddable":true,"href":"https:\/\/cleitonpinheiro.com.br\/site\/wp-json\/wp\/v2\/tags?post=81863"}],"curies":[{"name":"wp","href":"https:\/\/api.w.org\/{rel}","templated":true}]}}