{"id":81866,"date":"2024-10-16T08:40:36","date_gmt":"2024-10-16T11:40:36","guid":{"rendered":"https:\/\/cleitonpinheiro.com.br\/site\/?p=81866"},"modified":"2024-10-16T08:40:41","modified_gmt":"2024-10-16T11:40:41","slug":"corpo-de-bombeiros-militar-do-tocantins-realiza-capacitacao-sobre-prevencao-ao-assedio-sexual","status":"publish","type":"post","link":"https:\/\/cleitonpinheiro.com.br\/site\/corpo-de-bombeiros-militar-do-tocantins-realiza-capacitacao-sobre-prevencao-ao-assedio-sexual\/","title":{"rendered":"Corpo de Bombeiros Militar do Tocantins\u00a0realiza capacita\u00e7\u00e3o sobre Preven\u00e7\u00e3o ao Ass\u00e9dio Sexual"},"content":{"rendered":"\n<figure class=\"wp-block-gallery has-nested-images columns-default is-cropped wp-block-gallery-1 is-layout-flex wp-block-gallery-is-layout-flex\">\n<figure class=\"wp-block-image size-large\"><img decoding=\"async\" data-id=\"81867\" src=\"https:\/\/cleitonpinheiro.com.br\/site\/wp-content\/uploads\/2024\/10\/01.-Corpo-de-Bombeiros-Militar-fara-evento-relacionado-a-Prevencao-do-Assedio-Sexual-e-da-Violencia-1024x573.jpeg\" alt=\"\" class=\"wp-image-81867\"\/><figcaption class=\"wp-element-caption\">Foto: Sargento Felipe Bittencourt\/Governo do Tocantins<\/figcaption><\/figure>\n<\/figure>\n\n\n\n<p>Corpo de Bombeiros Militar do Tocantins est\u00e1 realizando, nesta quarta-feira, 16, capacita\u00e7\u00e3o sobre Preven\u00e7\u00e3o do Ass\u00e9dio Sexual e da Viol\u00eancia, dirigida aos oficiais e comandanntes de Unidades Operacionais. O evento ser\u00e1 no Audit\u00f3rio do Quartel do Comando Geral, em Palmas.<\/p>\n\n\n\n<p>A realiza\u00e7\u00e3o ter\u00e1 dura\u00e7\u00e3o de dois dias e reflete o compromisso da corpora\u00e7\u00e3o com a promo\u00e7\u00e3o de ambientes de trabalho seguros e respeitosos para todos. O foco est\u00e1 tamb\u00e9m na conscientiza\u00e7\u00e3o e na capacita\u00e7\u00e3o para o enfrentamento dos temas em quest\u00e3o.<\/p>\n\n\n\n<p>No primeiro, haver\u00e1 a capacita\u00e7\u00e3o sobre Preven\u00e7\u00e3o do Ass\u00e9dio e da Viol\u00eancia, com objetivo de conscientizar para o combate ao ass\u00e9dio sexual. J\u00e1 na quinta-feira, o segundo dia do evento, ser\u00e1 a consultoria destinada \u00e0 Comiss\u00e3o respons\u00e1vel pela pol\u00edtica de preven\u00e7\u00e3o e combate ao ass\u00e9dio instaurada na Corpora\u00e7\u00e3o.<\/p>\n\n\n\n<p>A capacita\u00e7\u00e3o faz parte do Plano de Aplica\u00e7\u00e3o do Fundo Nacional de Seguran\u00e7a P\u00fablica\/2022. Entre os oficiais confirmados para o evento est\u00e3o a coronel Andreya de F\u00e1tima Bueno,\u00a0 Chefe do Estado-Maior do CBMTO, e o coronel Cl\u00e9ber Jos\u00e9 Borges Sobrinho, Subchefe do Estado-Maior da corpora\u00e7\u00e3o.<\/p>\n\n\n\n<p>Texto:  Ascom CBMTO<\/p>\n","protected":false},"excerpt":{"rendered":"<p>Corpo de Bombeiros Militar do Tocantins est\u00e1 realizando, nesta quarta-feira, 16, capacita\u00e7\u00e3o sobre Preven\u00e7\u00e3o do Ass\u00e9dio Sexual e da Viol\u00eancia, dirigida aos oficiais e comandanntes de Unidades Operacionais. O evento ser\u00e1 no Audit\u00f3rio do Quartel do Comando Geral, em Palmas. A realiza\u00e7\u00e3o ter\u00e1 dura\u00e7\u00e3o de dois dias e reflete o compromisso da corpora\u00e7\u00e3o com a [&hellip;]<\/p>\n","protected":false},"author":13,"featured_media":0,"comment_status":"open","ping_status":"open","sticky":false,"template":"","format":"standard","meta":{"_acf_changed":false,"footnotes":""},"categories":[8,20],"tags":[72],"class_list":["post-81866","post","type-post","status-publish","format-standard","hentry","category-estado","category-noticias-em-destaque","tag-tocantins"],"acf":[],"yoast_head":"<!-- This site is optimized with the Yoast SEO plugin v24.4 - https:\/\/yoast.com\/wordpress\/plugins\/seo\/ -->\n<title>Corpo de Bombeiros Militar do Tocantins\u00a0realiza capacita\u00e7\u00e3o sobre Preven\u00e7\u00e3o ao Ass\u00e9dio Sexual - PORTAL DE NOT\u00cdCIAS CLEITON PINHEIRO<\/title>\n<meta name=\"robots\" content=\"index, follow, max-snippet:-1, max-image-preview:large, max-video-preview:-1\" \/>\n<link rel=\"canonical\" href=\"https:\/\/cleitonpinheiro.com.br\/site\/corpo-de-bombeiros-militar-do-tocantins-realiza-capacitacao-sobre-prevencao-ao-assedio-sexual\/\" \/>\n<meta property=\"og:locale\" content=\"pt_BR\" \/>\n<meta property=\"og:type\" content=\"article\" \/>\n<meta property=\"og:title\" content=\"Corpo de Bombeiros Militar do Tocantins\u00a0realiza capacita\u00e7\u00e3o sobre Preven\u00e7\u00e3o ao Ass\u00e9dio Sexual - PORTAL DE NOT\u00cdCIAS CLEITON PINHEIRO\" \/>\n<meta property=\"og:description\" content=\"Corpo de Bombeiros Militar do Tocantins est\u00e1 realizando, nesta quarta-feira, 16, capacita\u00e7\u00e3o sobre Preven\u00e7\u00e3o do Ass\u00e9dio Sexual e da Viol\u00eancia, dirigida aos oficiais e comandanntes de Unidades Operacionais. O evento ser\u00e1 no Audit\u00f3rio do Quartel do Comando Geral, em Palmas. A realiza\u00e7\u00e3o ter\u00e1 dura\u00e7\u00e3o de dois dias e reflete o compromisso da corpora\u00e7\u00e3o com a [&hellip;]\" \/>\n<meta property=\"og:url\" content=\"https:\/\/cleitonpinheiro.com.br\/site\/corpo-de-bombeiros-militar-do-tocantins-realiza-capacitacao-sobre-prevencao-ao-assedio-sexual\/\" \/>\n<meta property=\"og:site_name\" content=\"PORTAL DE NOT\u00cdCIAS CLEITON PINHEIRO\" \/>\n<meta property=\"article:publisher\" content=\"https:\/\/www.facebook.com\/portalcpnoticias\/\" \/>\n<meta property=\"article:published_time\" content=\"2024-10-16T11:40:36+00:00\" \/>\n<meta property=\"article:modified_time\" content=\"2024-10-16T11:40:41+00:00\" \/>\n<meta property=\"og:image\" content=\"https:\/\/cleitonpinheiro.com.br\/site\/wp-content\/uploads\/2024\/10\/01.-Corpo-de-Bombeiros-Militar-fara-evento-relacionado-a-Prevencao-do-Assedio-Sexual-e-da-Violencia.jpeg\" \/>\n\t<meta property=\"og:image:width\" content=\"1600\" \/>\n\t<meta property=\"og:image:height\" content=\"895\" \/>\n\t<meta property=\"og:image:type\" content=\"image\/jpeg\" \/>\n<meta name=\"author\" content=\"Reda\u00e7\u00e3o CP\" \/>\n<meta name=\"twitter:card\" content=\"summary_large_image\" \/>\n<meta name=\"twitter:label1\" content=\"Escrito por\" \/>\n\t<meta name=\"twitter:data1\" content=\"Reda\u00e7\u00e3o CP\" \/>\n\t<meta name=\"twitter:label2\" content=\"Est. tempo de leitura\" \/>\n\t<meta name=\"twitter:data2\" content=\"2 minutos\" \/>\n<script type=\"application\/ld+json\" class=\"yoast-schema-graph\">{\"@context\":\"https:\/\/schema.org\",\"@graph\":[{\"@type\":\"Article\",\"@id\":\"https:\/\/cleitonpinheiro.com.br\/site\/corpo-de-bombeiros-militar-do-tocantins-realiza-capacitacao-sobre-prevencao-ao-assedio-sexual\/#article\",\"isPartOf\":{\"@id\":\"https:\/\/cleitonpinheiro.com.br\/site\/corpo-de-bombeiros-militar-do-tocantins-realiza-capacitacao-sobre-prevencao-ao-assedio-sexual\/\"},\"author\":{\"name\":\"Reda\u00e7\u00e3o CP\",\"@id\":\"https:\/\/cleitonpinheiro.com.br\/site\/#\/schema\/person\/8f04544e0bc40a1b68775b08360f87db\"},\"headline\":\"Corpo de Bombeiros Militar do Tocantins\u00a0realiza capacita\u00e7\u00e3o sobre Preven\u00e7\u00e3o ao Ass\u00e9dio Sexual\",\"datePublished\":\"2024-10-16T11:40:36+00:00\",\"dateModified\":\"2024-10-16T11:40:41+00:00\",\"mainEntityOfPage\":{\"@id\":\"https:\/\/cleitonpinheiro.com.br\/site\/corpo-de-bombeiros-militar-do-tocantins-realiza-capacitacao-sobre-prevencao-ao-assedio-sexual\/\"},\"wordCount\":230,\"commentCount\":0,\"publisher\":{\"@id\":\"https:\/\/cleitonpinheiro.com.br\/site\/#organization\"},\"image\":{\"@id\":\"https:\/\/cleitonpinheiro.com.br\/site\/corpo-de-bombeiros-militar-do-tocantins-realiza-capacitacao-sobre-prevencao-ao-assedio-sexual\/#primaryimage\"},\"thumbnailUrl\":\"https:\/\/cleitonpinheiro.com.br\/site\/wp-content\/uploads\/2024\/10\/01.-Corpo-de-Bombeiros-Militar-fara-evento-relacionado-a-Prevencao-do-Assedio-Sexual-e-da-Violencia-1024x573.jpeg\",\"keywords\":[\"tocantins\"],\"articleSection\":[\"ESTADO\",\"NOT\u00cdCIAS EM DESTAQUE\"],\"inLanguage\":\"pt-BR\",\"potentialAction\":[{\"@type\":\"CommentAction\",\"name\":\"Comment\",\"target\":[\"https:\/\/cleitonpinheiro.com.br\/site\/corpo-de-bombeiros-militar-do-tocantins-realiza-capacitacao-sobre-prevencao-ao-assedio-sexual\/#respond\"]}]},{\"@type\":\"WebPage\",\"@id\":\"https:\/\/cleitonpinheiro.com.br\/site\/corpo-de-bombeiros-militar-do-tocantins-realiza-capacitacao-sobre-prevencao-ao-assedio-sexual\/\",\"url\":\"https:\/\/cleitonpinheiro.com.br\/site\/corpo-de-bombeiros-militar-do-tocantins-realiza-capacitacao-sobre-prevencao-ao-assedio-sexual\/\",\"name\":\"Corpo de Bombeiros Militar do Tocantins\u00a0realiza capacita\u00e7\u00e3o sobre Preven\u00e7\u00e3o ao Ass\u00e9dio Sexual - PORTAL DE NOT\u00cdCIAS CLEITON PINHEIRO\",\"isPartOf\":{\"@id\":\"https:\/\/cleitonpinheiro.com.br\/site\/#website\"},\"primaryImageOfPage\":{\"@id\":\"https:\/\/cleitonpinheiro.com.br\/site\/corpo-de-bombeiros-militar-do-tocantins-realiza-capacitacao-sobre-prevencao-ao-assedio-sexual\/#primaryimage\"},\"image\":{\"@id\":\"https:\/\/cleitonpinheiro.com.br\/site\/corpo-de-bombeiros-militar-do-tocantins-realiza-capacitacao-sobre-prevencao-ao-assedio-sexual\/#primaryimage\"},\"thumbnailUrl\":\"https:\/\/cleitonpinheiro.com.br\/site\/wp-content\/uploads\/2024\/10\/01.-Corpo-de-Bombeiros-Militar-fara-evento-relacionado-a-Prevencao-do-Assedio-Sexual-e-da-Violencia-1024x573.jpeg\",\"datePublished\":\"2024-10-16T11:40:36+00:00\",\"dateModified\":\"2024-10-16T11:40:41+00:00\",\"breadcrumb\":{\"@id\":\"https:\/\/cleitonpinheiro.com.br\/site\/corpo-de-bombeiros-militar-do-tocantins-realiza-capacitacao-sobre-prevencao-ao-assedio-sexual\/#breadcrumb\"},\"inLanguage\":\"pt-BR\",\"potentialAction\":[{\"@type\":\"ReadAction\",\"target\":[\"https:\/\/cleitonpinheiro.com.br\/site\/corpo-de-bombeiros-militar-do-tocantins-realiza-capacitacao-sobre-prevencao-ao-assedio-sexual\/\"]}]},{\"@type\":\"ImageObject\",\"inLanguage\":\"pt-BR\",\"@id\":\"https:\/\/cleitonpinheiro.com.br\/site\/corpo-de-bombeiros-militar-do-tocantins-realiza-capacitacao-sobre-prevencao-ao-assedio-sexual\/#primaryimage\",\"url\":\"\",\"contentUrl\":\"\"},{\"@type\":\"BreadcrumbList\",\"@id\":\"https:\/\/cleitonpinheiro.com.br\/site\/corpo-de-bombeiros-militar-do-tocantins-realiza-capacitacao-sobre-prevencao-ao-assedio-sexual\/#breadcrumb\",\"itemListElement\":[{\"@type\":\"ListItem\",\"position\":1,\"name\":\"In\u00edcio\",\"item\":\"https:\/\/cleitonpinheiro.com.br\/site\/\"},{\"@type\":\"ListItem\",\"position\":2,\"name\":\"Corpo de Bombeiros Militar do Tocantins\u00a0realiza capacita\u00e7\u00e3o sobre Preven\u00e7\u00e3o ao Ass\u00e9dio Sexual\"}]},{\"@type\":\"WebSite\",\"@id\":\"https:\/\/cleitonpinheiro.com.br\/site\/#website\",\"url\":\"https:\/\/cleitonpinheiro.com.br\/site\/\",\"name\":\"PORTAL DE NOT\u00cdCIAS CLEITON PINHEIRO\",\"description\":\"FALANDO A VERDADE\",\"publisher\":{\"@id\":\"https:\/\/cleitonpinheiro.com.br\/site\/#organization\"},\"potentialAction\":[{\"@type\":\"SearchAction\",\"target\":{\"@type\":\"EntryPoint\",\"urlTemplate\":\"https:\/\/cleitonpinheiro.com.br\/site\/?s={search_term_string}\"},\"query-input\":{\"@type\":\"PropertyValueSpecification\",\"valueRequired\":true,\"valueName\":\"search_term_string\"}}],\"inLanguage\":\"pt-BR\"},{\"@type\":\"Organization\",\"@id\":\"https:\/\/cleitonpinheiro.com.br\/site\/#organization\",\"name\":\"CPNOT\u00cdCIAS\",\"url\":\"https:\/\/cleitonpinheiro.com.br\/site\/\",\"logo\":{\"@type\":\"ImageObject\",\"inLanguage\":\"pt-BR\",\"@id\":\"https:\/\/cleitonpinheiro.com.br\/site\/#\/schema\/logo\/image\/\",\"url\":\"https:\/\/cleitonpinheiro.com.br\/site\/wp-content\/uploads\/2022\/08\/Logo-pequena-2.png\",\"contentUrl\":\"https:\/\/cleitonpinheiro.com.br\/site\/wp-content\/uploads\/2022\/08\/Logo-pequena-2.png\",\"width\":500,\"height\":500,\"caption\":\"CPNOT\u00cdCIAS\"},\"image\":{\"@id\":\"https:\/\/cleitonpinheiro.com.br\/site\/#\/schema\/logo\/image\/\"},\"sameAs\":[\"https:\/\/www.facebook.com\/portalcpnoticias\/\"]},{\"@type\":\"Person\",\"@id\":\"https:\/\/cleitonpinheiro.com.br\/site\/#\/schema\/person\/8f04544e0bc40a1b68775b08360f87db\",\"name\":\"Reda\u00e7\u00e3o CP\",\"image\":{\"@type\":\"ImageObject\",\"inLanguage\":\"pt-BR\",\"@id\":\"https:\/\/cleitonpinheiro.com.br\/site\/#\/schema\/person\/image\/\",\"url\":\"https:\/\/secure.gravatar.com\/avatar\/0bcf19cb29fdc8fc588c490c7ae1b3e174dac268586a63fbe1d1893a0f9020cd?s=96&r=g\",\"contentUrl\":\"https:\/\/secure.gravatar.com\/avatar\/0bcf19cb29fdc8fc588c490c7ae1b3e174dac268586a63fbe1d1893a0f9020cd?s=96&r=g\",\"caption\":\"Reda\u00e7\u00e3o CP\"},\"url\":\"https:\/\/cleitonpinheiro.com.br\/site\/author\/redacao\/\"}]}<\/script>\n<!-- \/ Yoast SEO plugin. -->","yoast_head_json":{"title":"Corpo de Bombeiros Militar do Tocantins\u00a0realiza capacita\u00e7\u00e3o sobre Preven\u00e7\u00e3o ao Ass\u00e9dio Sexual - PORTAL DE NOT\u00cdCIAS CLEITON PINHEIRO","robots":{"index":"index","follow":"follow","max-snippet":"max-snippet:-1","max-image-preview":"max-image-preview:large","max-video-preview":"max-video-preview:-1"},"canonical":"https:\/\/cleitonpinheiro.com.br\/site\/corpo-de-bombeiros-militar-do-tocantins-realiza-capacitacao-sobre-prevencao-ao-assedio-sexual\/","og_locale":"pt_BR","og_type":"article","og_title":"Corpo de Bombeiros Militar do Tocantins\u00a0realiza capacita\u00e7\u00e3o sobre Preven\u00e7\u00e3o ao Ass\u00e9dio Sexual - PORTAL DE NOT\u00cdCIAS CLEITON PINHEIRO","og_description":"Corpo de Bombeiros Militar do Tocantins est\u00e1 realizando, nesta quarta-feira, 16, capacita\u00e7\u00e3o sobre Preven\u00e7\u00e3o do Ass\u00e9dio Sexual e da Viol\u00eancia, dirigida aos oficiais e comandanntes de Unidades Operacionais. O evento ser\u00e1 no Audit\u00f3rio do Quartel do Comando Geral, em Palmas. A realiza\u00e7\u00e3o ter\u00e1 dura\u00e7\u00e3o de dois dias e reflete o compromisso da corpora\u00e7\u00e3o com a [&hellip;]","og_url":"https:\/\/cleitonpinheiro.com.br\/site\/corpo-de-bombeiros-militar-do-tocantins-realiza-capacitacao-sobre-prevencao-ao-assedio-sexual\/","og_site_name":"PORTAL DE NOT\u00cdCIAS CLEITON PINHEIRO","article_publisher":"https:\/\/www.facebook.com\/portalcpnoticias\/","article_published_time":"2024-10-16T11:40:36+00:00","article_modified_time":"2024-10-16T11:40:41+00:00","og_image":[{"width":1600,"height":895,"url":"https:\/\/cleitonpinheiro.com.br\/site\/wp-content\/uploads\/2024\/10\/01.-Corpo-de-Bombeiros-Militar-fara-evento-relacionado-a-Prevencao-do-Assedio-Sexual-e-da-Violencia.jpeg","type":"image\/jpeg"}],"author":"Reda\u00e7\u00e3o CP","twitter_card":"summary_large_image","twitter_misc":{"Escrito por":"Reda\u00e7\u00e3o CP","Est. tempo de leitura":"2 minutos"},"schema":{"@context":"https:\/\/schema.org","@graph":[{"@type":"Article","@id":"https:\/\/cleitonpinheiro.com.br\/site\/corpo-de-bombeiros-militar-do-tocantins-realiza-capacitacao-sobre-prevencao-ao-assedio-sexual\/#article","isPartOf":{"@id":"https:\/\/cleitonpinheiro.com.br\/site\/corpo-de-bombeiros-militar-do-tocantins-realiza-capacitacao-sobre-prevencao-ao-assedio-sexual\/"},"author":{"name":"Reda\u00e7\u00e3o CP","@id":"https:\/\/cleitonpinheiro.com.br\/site\/#\/schema\/person\/8f04544e0bc40a1b68775b08360f87db"},"headline":"Corpo de Bombeiros Militar do Tocantins\u00a0realiza capacita\u00e7\u00e3o sobre Preven\u00e7\u00e3o ao Ass\u00e9dio Sexual","datePublished":"2024-10-16T11:40:36+00:00","dateModified":"2024-10-16T11:40:41+00:00","mainEntityOfPage":{"@id":"https:\/\/cleitonpinheiro.com.br\/site\/corpo-de-bombeiros-militar-do-tocantins-realiza-capacitacao-sobre-prevencao-ao-assedio-sexual\/"},"wordCount":230,"commentCount":0,"publisher":{"@id":"https:\/\/cleitonpinheiro.com.br\/site\/#organization"},"image":{"@id":"https:\/\/cleitonpinheiro.com.br\/site\/corpo-de-bombeiros-militar-do-tocantins-realiza-capacitacao-sobre-prevencao-ao-assedio-sexual\/#primaryimage"},"thumbnailUrl":"https:\/\/cleitonpinheiro.com.br\/site\/wp-content\/uploads\/2024\/10\/01.-Corpo-de-Bombeiros-Militar-fara-evento-relacionado-a-Prevencao-do-Assedio-Sexual-e-da-Violencia-1024x573.jpeg","keywords":["tocantins"],"articleSection":["ESTADO","NOT\u00cdCIAS EM DESTAQUE"],"inLanguage":"pt-BR","potentialAction":[{"@type":"CommentAction","name":"Comment","target":["https:\/\/cleitonpinheiro.com.br\/site\/corpo-de-bombeiros-militar-do-tocantins-realiza-capacitacao-sobre-prevencao-ao-assedio-sexual\/#respond"]}]},{"@type":"WebPage","@id":"https:\/\/cleitonpinheiro.com.br\/site\/corpo-de-bombeiros-militar-do-tocantins-realiza-capacitacao-sobre-prevencao-ao-assedio-sexual\/","url":"https:\/\/cleitonpinheiro.com.br\/site\/corpo-de-bombeiros-militar-do-tocantins-realiza-capacitacao-sobre-prevencao-ao-assedio-sexual\/","name":"Corpo de Bombeiros Militar do Tocantins\u00a0realiza capacita\u00e7\u00e3o sobre Preven\u00e7\u00e3o ao Ass\u00e9dio Sexual - PORTAL DE NOT\u00cdCIAS CLEITON PINHEIRO","isPartOf":{"@id":"https:\/\/cleitonpinheiro.com.br\/site\/#website"},"primaryImageOfPage":{"@id":"https:\/\/cleitonpinheiro.com.br\/site\/corpo-de-bombeiros-militar-do-tocantins-realiza-capacitacao-sobre-prevencao-ao-assedio-sexual\/#primaryimage"},"image":{"@id":"https:\/\/cleitonpinheiro.com.br\/site\/corpo-de-bombeiros-militar-do-tocantins-realiza-capacitacao-sobre-prevencao-ao-assedio-sexual\/#primaryimage"},"thumbnailUrl":"https:\/\/cleitonpinheiro.com.br\/site\/wp-content\/uploads\/2024\/10\/01.-Corpo-de-Bombeiros-Militar-fara-evento-relacionado-a-Prevencao-do-Assedio-Sexual-e-da-Violencia-1024x573.jpeg","datePublished":"2024-10-16T11:40:36+00:00","dateModified":"2024-10-16T11:40:41+00:00","breadcrumb":{"@id":"https:\/\/cleitonpinheiro.com.br\/site\/corpo-de-bombeiros-militar-do-tocantins-realiza-capacitacao-sobre-prevencao-ao-assedio-sexual\/#breadcrumb"},"inLanguage":"pt-BR","potentialAction":[{"@type":"ReadAction","target":["https:\/\/cleitonpinheiro.com.br\/site\/corpo-de-bombeiros-militar-do-tocantins-realiza-capacitacao-sobre-prevencao-ao-assedio-sexual\/"]}]},{"@type":"ImageObject","inLanguage":"pt-BR","@id":"https:\/\/cleitonpinheiro.com.br\/site\/corpo-de-bombeiros-militar-do-tocantins-realiza-capacitacao-sobre-prevencao-ao-assedio-sexual\/#primaryimage","url":"","contentUrl":""},{"@type":"BreadcrumbList","@id":"https:\/\/cleitonpinheiro.com.br\/site\/corpo-de-bombeiros-militar-do-tocantins-realiza-capacitacao-sobre-prevencao-ao-assedio-sexual\/#breadcrumb","itemListElement":[{"@type":"ListItem","position":1,"name":"In\u00edcio","item":"https:\/\/cleitonpinheiro.com.br\/site\/"},{"@type":"ListItem","position":2,"name":"Corpo de Bombeiros Militar do Tocantins\u00a0realiza capacita\u00e7\u00e3o sobre Preven\u00e7\u00e3o ao Ass\u00e9dio Sexual"}]},{"@type":"WebSite","@id":"https:\/\/cleitonpinheiro.com.br\/site\/#website","url":"https:\/\/cleitonpinheiro.com.br\/site\/","name":"PORTAL DE NOT\u00cdCIAS CLEITON PINHEIRO","description":"FALANDO A VERDADE","publisher":{"@id":"https:\/\/cleitonpinheiro.com.br\/site\/#organization"},"potentialAction":[{"@type":"SearchAction","target":{"@type":"EntryPoint","urlTemplate":"https:\/\/cleitonpinheiro.com.br\/site\/?s={search_term_string}"},"query-input":{"@type":"PropertyValueSpecification","valueRequired":true,"valueName":"search_term_string"}}],"inLanguage":"pt-BR"},{"@type":"Organization","@id":"https:\/\/cleitonpinheiro.com.br\/site\/#organization","name":"CPNOT\u00cdCIAS","url":"https:\/\/cleitonpinheiro.com.br\/site\/","logo":{"@type":"ImageObject","inLanguage":"pt-BR","@id":"https:\/\/cleitonpinheiro.com.br\/site\/#\/schema\/logo\/image\/","url":"https:\/\/cleitonpinheiro.com.br\/site\/wp-content\/uploads\/2022\/08\/Logo-pequena-2.png","contentUrl":"https:\/\/cleitonpinheiro.com.br\/site\/wp-content\/uploads\/2022\/08\/Logo-pequena-2.png","width":500,"height":500,"caption":"CPNOT\u00cdCIAS"},"image":{"@id":"https:\/\/cleitonpinheiro.com.br\/site\/#\/schema\/logo\/image\/"},"sameAs":["https:\/\/www.facebook.com\/portalcpnoticias\/"]},{"@type":"Person","@id":"https:\/\/cleitonpinheiro.com.br\/site\/#\/schema\/person\/8f04544e0bc40a1b68775b08360f87db","name":"Reda\u00e7\u00e3o CP","image":{"@type":"ImageObject","inLanguage":"pt-BR","@id":"https:\/\/cleitonpinheiro.com.br\/site\/#\/schema\/person\/image\/","url":"https:\/\/secure.gravatar.com\/avatar\/0bcf19cb29fdc8fc588c490c7ae1b3e174dac268586a63fbe1d1893a0f9020cd?s=96&r=g","contentUrl":"https:\/\/secure.gravatar.com\/avatar\/0bcf19cb29fdc8fc588c490c7ae1b3e174dac268586a63fbe1d1893a0f9020cd?s=96&r=g","caption":"Reda\u00e7\u00e3o CP"},"url":"https:\/\/cleitonpinheiro.com.br\/site\/author\/redacao\/"}]}},"views":186,"_links":{"self":[{"href":"https:\/\/cleitonpinheiro.com.br\/site\/wp-json\/wp\/v2\/posts\/81866","targetHints":{"allow":["GET"]}}],"collection":[{"href":"https:\/\/cleitonpinheiro.com.br\/site\/wp-json\/wp\/v2\/posts"}],"about":[{"href":"https:\/\/cleitonpinheiro.com.br\/site\/wp-json\/wp\/v2\/types\/post"}],"author":[{"embeddable":true,"href":"https:\/\/cleitonpinheiro.com.br\/site\/wp-json\/wp\/v2\/users\/13"}],"replies":[{"embeddable":true,"href":"https:\/\/cleitonpinheiro.com.br\/site\/wp-json\/wp\/v2\/comments?post=81866"}],"version-history":[{"count":1,"href":"https:\/\/cleitonpinheiro.com.br\/site\/wp-json\/wp\/v2\/posts\/81866\/revisions"}],"predecessor-version":[{"id":81868,"href":"https:\/\/cleitonpinheiro.com.br\/site\/wp-json\/wp\/v2\/posts\/81866\/revisions\/81868"}],"wp:attachment":[{"href":"https:\/\/cleitonpinheiro.com.br\/site\/wp-json\/wp\/v2\/media?parent=81866"}],"wp:term":[{"taxonomy":"category","embeddable":true,"href":"https:\/\/cleitonpinheiro.com.br\/site\/wp-json\/wp\/v2\/categories?post=81866"},{"taxonomy":"post_tag","embeddable":true,"href":"https:\/\/cleitonpinheiro.com.br\/site\/wp-json\/wp\/v2\/tags?post=81866"}],"curies":[{"name":"wp","href":"https:\/\/api.w.org\/{rel}","templated":true}]}}