{"id":81881,"date":"2024-10-16T08:52:00","date_gmt":"2024-10-16T11:52:00","guid":{"rendered":"https:\/\/cleitonpinheiro.com.br\/site\/?p=81881"},"modified":"2024-10-16T09:56:01","modified_gmt":"2024-10-16T12:56:01","slug":"justica-condena-ex-namorado-de-jornalista-por-tentativa-de-feminicidio","status":"publish","type":"post","link":"https:\/\/cleitonpinheiro.com.br\/site\/justica-condena-ex-namorado-de-jornalista-por-tentativa-de-feminicidio\/","title":{"rendered":"Justi\u00e7a condena ex-namorado de jornalista por tentativa de feminic\u00eddio"},"content":{"rendered":"\n<figure class=\"wp-block-gallery has-nested-images columns-default is-cropped wp-block-gallery-1 is-layout-flex wp-block-gallery-is-layout-flex\">\n<figure class=\"wp-block-image size-large\"><img decoding=\"async\" data-id=\"81882\" src=\"https:\/\/cleitonpinheiro.com.br\/site\/wp-content\/uploads\/2024\/10\/Divulgacao-TJRJ-1024x613.webp\" alt=\"\" class=\"wp-image-81882\"\/><figcaption class=\"wp-element-caption\">Foto: Divulga\u00e7\u00e3o-TJRJ<\/figcaption><\/figure>\n<\/figure>\n\n\n\n<p>O Conselho de Senten\u00e7a do 1\u00ba Tribunal do J\u00fari do Rio de Janeiro condenou Fred Henrique Lima Moreira a 17 anos e nove meses de pris\u00e3o por tentativa de feminic\u00eddio e tortura contra a jornalista Ana Luiza Dias, mais conhecida como Luka Dias. O julgamento foi realizado nessa ter\u00e7a-feira (15).<img decoding=\"async\" src=\"https:\/\/agenciabrasil.ebc.com.br\/ebc.png?id=1615608&amp;o=node\"><img decoding=\"async\" src=\"https:\/\/agenciabrasil.ebc.com.br\/ebc.gif?id=1615608&amp;o=node\"><\/p>\n\n\n\n<p>Em abril de 2022, a jornalista foi mantida em c\u00e1rcere privado no apartamento do ex-namorado, em Copacabana, zona sul do Rio, e durante tr\u00eas dias sofreu v\u00e1rias agress\u00f5es. Aproveitando um descuido de Fred, Luka conseguiu escapar do cativeiro, mesmo muito machucada, com v\u00e1rios ferimentos pelo corpo, rosto e cabe\u00e7a.<\/p>\n\n\n\n<p>A jornalista foi torturada com cassetete e soco-ingl\u00eas e teve de ser internada, pois sofreu traumatismo craniano e fratura na mand\u00edbula.<\/p>\n\n\n\n<p>Depois de mais de nove horas de julgamento, a ju\u00edza Alessandra da Rocha Lima Roidis, presidente do Tribunal do J\u00fari, leu a senten\u00e7a condenat\u00f3ria.<\/p>\n\n\n\n<p>\u201cO apenado n\u00e3o faz jus ao direito de apelar em liberdade, pois respondeu ao processo preso e assim deve permanecer, pois inexiste motivo que justifique a revoga\u00e7\u00e3o da pris\u00e3o neste momento, at\u00e9 mesmo porque o acusado pode querer se esquivar da aplica\u00e7\u00e3o da lei penal, agora mais certo do que antes desta senten\u00e7a condenat\u00f3ria\u201d.<\/p>\n\n\n\n<p>Na decis\u00e3o, a magistrada tamb\u00e9m escreveu: \u201cConsequentemente, mantenho a pris\u00e3o do acusado, at\u00e9 mesmo porque o Egr\u00e9gio STF j\u00e1 decidiu pela execu\u00e7\u00e3o provis\u00f3ria da pena. O apenado se encontra preso h\u00e1 aproximadamente dois anos e meio, de modo que n\u00e3o faz jus \u00e0 progress\u00e3o de regime\u201d.<\/p>\n\n\n\n<p>Texto: Douglas Corr\u00eaa &#8211; Rep\u00f3rter da Ag\u00eancia Brasil<\/p>\n\n\n\n<p><\/p>\n\n\n\n<p><a href=\"https:\/\/agenciabrasil.ebc.com.br\/justica\/noticia\/2024-10\/lula-sanciona-aumento-de-pena-de-feminicidio-para-ate-40-anos\"><\/a><\/p>\n","protected":false},"excerpt":{"rendered":"<p>O Conselho de Senten\u00e7a do 1\u00ba Tribunal do J\u00fari do Rio de Janeiro condenou Fred Henrique Lima Moreira a 17 anos e nove meses de pris\u00e3o por tentativa de feminic\u00eddio e tortura contra a jornalista Ana Luiza Dias, mais conhecida como Luka Dias. O julgamento foi realizado nessa ter\u00e7a-feira (15). Em abril de 2022, a [&hellip;]<\/p>\n","protected":false},"author":13,"featured_media":0,"comment_status":"open","ping_status":"open","sticky":false,"template":"","format":"standard","meta":{"_acf_changed":false,"footnotes":""},"categories":[19,898],"tags":[446],"class_list":["post-81881","post","type-post","status-publish","format-standard","hentry","category-brasil-mundo","category-manchete-segundaria","tag-brasil-mundo"],"acf":[],"yoast_head":"<!-- This site is optimized with the Yoast SEO plugin v24.4 - https:\/\/yoast.com\/wordpress\/plugins\/seo\/ -->\n<title>Justi\u00e7a condena ex-namorado de jornalista por tentativa de feminic\u00eddio - PORTAL DE NOT\u00cdCIAS CLEITON PINHEIRO<\/title>\n<meta name=\"robots\" content=\"index, follow, max-snippet:-1, max-image-preview:large, max-video-preview:-1\" \/>\n<link rel=\"canonical\" href=\"https:\/\/cleitonpinheiro.com.br\/site\/justica-condena-ex-namorado-de-jornalista-por-tentativa-de-feminicidio\/\" \/>\n<meta property=\"og:locale\" content=\"pt_BR\" \/>\n<meta property=\"og:type\" content=\"article\" \/>\n<meta property=\"og:title\" content=\"Justi\u00e7a condena ex-namorado de jornalista por tentativa de feminic\u00eddio - PORTAL DE NOT\u00cdCIAS CLEITON PINHEIRO\" \/>\n<meta property=\"og:description\" content=\"O Conselho de Senten\u00e7a do 1\u00ba Tribunal do J\u00fari do Rio de Janeiro condenou Fred Henrique Lima Moreira a 17 anos e nove meses de pris\u00e3o por tentativa de feminic\u00eddio e tortura contra a jornalista Ana Luiza Dias, mais conhecida como Luka Dias. O julgamento foi realizado nessa ter\u00e7a-feira (15). Em abril de 2022, a [&hellip;]\" \/>\n<meta property=\"og:url\" content=\"https:\/\/cleitonpinheiro.com.br\/site\/justica-condena-ex-namorado-de-jornalista-por-tentativa-de-feminicidio\/\" \/>\n<meta property=\"og:site_name\" content=\"PORTAL DE NOT\u00cdCIAS CLEITON PINHEIRO\" \/>\n<meta property=\"article:publisher\" content=\"https:\/\/www.facebook.com\/portalcpnoticias\/\" \/>\n<meta property=\"article:published_time\" content=\"2024-10-16T11:52:00+00:00\" \/>\n<meta property=\"article:modified_time\" content=\"2024-10-16T12:56:01+00:00\" \/>\n<meta property=\"og:image\" content=\"https:\/\/cleitonpinheiro.com.br\/site\/wp-content\/uploads\/2024\/10\/Divulgacao-TJRJ.webp\" \/>\n\t<meta property=\"og:image:width\" content=\"1170\" \/>\n\t<meta property=\"og:image:height\" content=\"700\" \/>\n\t<meta property=\"og:image:type\" content=\"image\/webp\" \/>\n<meta name=\"author\" content=\"Reda\u00e7\u00e3o CP\" \/>\n<meta name=\"twitter:card\" content=\"summary_large_image\" \/>\n<meta name=\"twitter:label1\" content=\"Escrito por\" \/>\n\t<meta name=\"twitter:data1\" content=\"Reda\u00e7\u00e3o CP\" \/>\n\t<meta name=\"twitter:label2\" content=\"Est. tempo de leitura\" \/>\n\t<meta name=\"twitter:data2\" content=\"3 minutos\" \/>\n<script type=\"application\/ld+json\" class=\"yoast-schema-graph\">{\"@context\":\"https:\/\/schema.org\",\"@graph\":[{\"@type\":\"Article\",\"@id\":\"https:\/\/cleitonpinheiro.com.br\/site\/justica-condena-ex-namorado-de-jornalista-por-tentativa-de-feminicidio\/#article\",\"isPartOf\":{\"@id\":\"https:\/\/cleitonpinheiro.com.br\/site\/justica-condena-ex-namorado-de-jornalista-por-tentativa-de-feminicidio\/\"},\"author\":{\"name\":\"Reda\u00e7\u00e3o CP\",\"@id\":\"https:\/\/cleitonpinheiro.com.br\/site\/#\/schema\/person\/8f04544e0bc40a1b68775b08360f87db\"},\"headline\":\"Justi\u00e7a condena ex-namorado de jornalista por tentativa de feminic\u00eddio\",\"datePublished\":\"2024-10-16T11:52:00+00:00\",\"dateModified\":\"2024-10-16T12:56:01+00:00\",\"mainEntityOfPage\":{\"@id\":\"https:\/\/cleitonpinheiro.com.br\/site\/justica-condena-ex-namorado-de-jornalista-por-tentativa-de-feminicidio\/\"},\"wordCount\":295,\"commentCount\":0,\"publisher\":{\"@id\":\"https:\/\/cleitonpinheiro.com.br\/site\/#organization\"},\"image\":{\"@id\":\"https:\/\/cleitonpinheiro.com.br\/site\/justica-condena-ex-namorado-de-jornalista-por-tentativa-de-feminicidio\/#primaryimage\"},\"thumbnailUrl\":\"https:\/\/cleitonpinheiro.com.br\/site\/wp-content\/uploads\/2024\/10\/Divulgacao-TJRJ-1024x613.webp\",\"keywords\":[\"Brasil mundo\"],\"articleSection\":[\"BRASIL \/ MUNDO\",\"MANCHETE SEGUND\u00c1RIA\"],\"inLanguage\":\"pt-BR\",\"potentialAction\":[{\"@type\":\"CommentAction\",\"name\":\"Comment\",\"target\":[\"https:\/\/cleitonpinheiro.com.br\/site\/justica-condena-ex-namorado-de-jornalista-por-tentativa-de-feminicidio\/#respond\"]}]},{\"@type\":\"WebPage\",\"@id\":\"https:\/\/cleitonpinheiro.com.br\/site\/justica-condena-ex-namorado-de-jornalista-por-tentativa-de-feminicidio\/\",\"url\":\"https:\/\/cleitonpinheiro.com.br\/site\/justica-condena-ex-namorado-de-jornalista-por-tentativa-de-feminicidio\/\",\"name\":\"Justi\u00e7a condena ex-namorado de jornalista por tentativa de feminic\u00eddio - PORTAL DE NOT\u00cdCIAS CLEITON PINHEIRO\",\"isPartOf\":{\"@id\":\"https:\/\/cleitonpinheiro.com.br\/site\/#website\"},\"primaryImageOfPage\":{\"@id\":\"https:\/\/cleitonpinheiro.com.br\/site\/justica-condena-ex-namorado-de-jornalista-por-tentativa-de-feminicidio\/#primaryimage\"},\"image\":{\"@id\":\"https:\/\/cleitonpinheiro.com.br\/site\/justica-condena-ex-namorado-de-jornalista-por-tentativa-de-feminicidio\/#primaryimage\"},\"thumbnailUrl\":\"https:\/\/cleitonpinheiro.com.br\/site\/wp-content\/uploads\/2024\/10\/Divulgacao-TJRJ-1024x613.webp\",\"datePublished\":\"2024-10-16T11:52:00+00:00\",\"dateModified\":\"2024-10-16T12:56:01+00:00\",\"breadcrumb\":{\"@id\":\"https:\/\/cleitonpinheiro.com.br\/site\/justica-condena-ex-namorado-de-jornalista-por-tentativa-de-feminicidio\/#breadcrumb\"},\"inLanguage\":\"pt-BR\",\"potentialAction\":[{\"@type\":\"ReadAction\",\"target\":[\"https:\/\/cleitonpinheiro.com.br\/site\/justica-condena-ex-namorado-de-jornalista-por-tentativa-de-feminicidio\/\"]}]},{\"@type\":\"ImageObject\",\"inLanguage\":\"pt-BR\",\"@id\":\"https:\/\/cleitonpinheiro.com.br\/site\/justica-condena-ex-namorado-de-jornalista-por-tentativa-de-feminicidio\/#primaryimage\",\"url\":\"\",\"contentUrl\":\"\"},{\"@type\":\"BreadcrumbList\",\"@id\":\"https:\/\/cleitonpinheiro.com.br\/site\/justica-condena-ex-namorado-de-jornalista-por-tentativa-de-feminicidio\/#breadcrumb\",\"itemListElement\":[{\"@type\":\"ListItem\",\"position\":1,\"name\":\"In\u00edcio\",\"item\":\"https:\/\/cleitonpinheiro.com.br\/site\/\"},{\"@type\":\"ListItem\",\"position\":2,\"name\":\"Justi\u00e7a condena ex-namorado de jornalista por tentativa de feminic\u00eddio\"}]},{\"@type\":\"WebSite\",\"@id\":\"https:\/\/cleitonpinheiro.com.br\/site\/#website\",\"url\":\"https:\/\/cleitonpinheiro.com.br\/site\/\",\"name\":\"PORTAL DE NOT\u00cdCIAS CLEITON PINHEIRO\",\"description\":\"FALANDO A VERDADE\",\"publisher\":{\"@id\":\"https:\/\/cleitonpinheiro.com.br\/site\/#organization\"},\"potentialAction\":[{\"@type\":\"SearchAction\",\"target\":{\"@type\":\"EntryPoint\",\"urlTemplate\":\"https:\/\/cleitonpinheiro.com.br\/site\/?s={search_term_string}\"},\"query-input\":{\"@type\":\"PropertyValueSpecification\",\"valueRequired\":true,\"valueName\":\"search_term_string\"}}],\"inLanguage\":\"pt-BR\"},{\"@type\":\"Organization\",\"@id\":\"https:\/\/cleitonpinheiro.com.br\/site\/#organization\",\"name\":\"CPNOT\u00cdCIAS\",\"url\":\"https:\/\/cleitonpinheiro.com.br\/site\/\",\"logo\":{\"@type\":\"ImageObject\",\"inLanguage\":\"pt-BR\",\"@id\":\"https:\/\/cleitonpinheiro.com.br\/site\/#\/schema\/logo\/image\/\",\"url\":\"https:\/\/cleitonpinheiro.com.br\/site\/wp-content\/uploads\/2022\/08\/Logo-pequena-2.png\",\"contentUrl\":\"https:\/\/cleitonpinheiro.com.br\/site\/wp-content\/uploads\/2022\/08\/Logo-pequena-2.png\",\"width\":500,\"height\":500,\"caption\":\"CPNOT\u00cdCIAS\"},\"image\":{\"@id\":\"https:\/\/cleitonpinheiro.com.br\/site\/#\/schema\/logo\/image\/\"},\"sameAs\":[\"https:\/\/www.facebook.com\/portalcpnoticias\/\"]},{\"@type\":\"Person\",\"@id\":\"https:\/\/cleitonpinheiro.com.br\/site\/#\/schema\/person\/8f04544e0bc40a1b68775b08360f87db\",\"name\":\"Reda\u00e7\u00e3o CP\",\"image\":{\"@type\":\"ImageObject\",\"inLanguage\":\"pt-BR\",\"@id\":\"https:\/\/cleitonpinheiro.com.br\/site\/#\/schema\/person\/image\/\",\"url\":\"https:\/\/secure.gravatar.com\/avatar\/0bcf19cb29fdc8fc588c490c7ae1b3e174dac268586a63fbe1d1893a0f9020cd?s=96&r=g\",\"contentUrl\":\"https:\/\/secure.gravatar.com\/avatar\/0bcf19cb29fdc8fc588c490c7ae1b3e174dac268586a63fbe1d1893a0f9020cd?s=96&r=g\",\"caption\":\"Reda\u00e7\u00e3o CP\"},\"url\":\"https:\/\/cleitonpinheiro.com.br\/site\/author\/redacao\/\"}]}<\/script>\n<!-- \/ Yoast SEO plugin. -->","yoast_head_json":{"title":"Justi\u00e7a condena ex-namorado de jornalista por tentativa de feminic\u00eddio - PORTAL DE NOT\u00cdCIAS CLEITON PINHEIRO","robots":{"index":"index","follow":"follow","max-snippet":"max-snippet:-1","max-image-preview":"max-image-preview:large","max-video-preview":"max-video-preview:-1"},"canonical":"https:\/\/cleitonpinheiro.com.br\/site\/justica-condena-ex-namorado-de-jornalista-por-tentativa-de-feminicidio\/","og_locale":"pt_BR","og_type":"article","og_title":"Justi\u00e7a condena ex-namorado de jornalista por tentativa de feminic\u00eddio - PORTAL DE NOT\u00cdCIAS CLEITON PINHEIRO","og_description":"O Conselho de Senten\u00e7a do 1\u00ba Tribunal do J\u00fari do Rio de Janeiro condenou Fred Henrique Lima Moreira a 17 anos e nove meses de pris\u00e3o por tentativa de feminic\u00eddio e tortura contra a jornalista Ana Luiza Dias, mais conhecida como Luka Dias. O julgamento foi realizado nessa ter\u00e7a-feira (15). Em abril de 2022, a [&hellip;]","og_url":"https:\/\/cleitonpinheiro.com.br\/site\/justica-condena-ex-namorado-de-jornalista-por-tentativa-de-feminicidio\/","og_site_name":"PORTAL DE NOT\u00cdCIAS CLEITON PINHEIRO","article_publisher":"https:\/\/www.facebook.com\/portalcpnoticias\/","article_published_time":"2024-10-16T11:52:00+00:00","article_modified_time":"2024-10-16T12:56:01+00:00","og_image":[{"width":1170,"height":700,"url":"https:\/\/cleitonpinheiro.com.br\/site\/wp-content\/uploads\/2024\/10\/Divulgacao-TJRJ.webp","type":"image\/webp"}],"author":"Reda\u00e7\u00e3o CP","twitter_card":"summary_large_image","twitter_misc":{"Escrito por":"Reda\u00e7\u00e3o CP","Est. tempo de leitura":"3 minutos"},"schema":{"@context":"https:\/\/schema.org","@graph":[{"@type":"Article","@id":"https:\/\/cleitonpinheiro.com.br\/site\/justica-condena-ex-namorado-de-jornalista-por-tentativa-de-feminicidio\/#article","isPartOf":{"@id":"https:\/\/cleitonpinheiro.com.br\/site\/justica-condena-ex-namorado-de-jornalista-por-tentativa-de-feminicidio\/"},"author":{"name":"Reda\u00e7\u00e3o CP","@id":"https:\/\/cleitonpinheiro.com.br\/site\/#\/schema\/person\/8f04544e0bc40a1b68775b08360f87db"},"headline":"Justi\u00e7a condena ex-namorado de jornalista por tentativa de feminic\u00eddio","datePublished":"2024-10-16T11:52:00+00:00","dateModified":"2024-10-16T12:56:01+00:00","mainEntityOfPage":{"@id":"https:\/\/cleitonpinheiro.com.br\/site\/justica-condena-ex-namorado-de-jornalista-por-tentativa-de-feminicidio\/"},"wordCount":295,"commentCount":0,"publisher":{"@id":"https:\/\/cleitonpinheiro.com.br\/site\/#organization"},"image":{"@id":"https:\/\/cleitonpinheiro.com.br\/site\/justica-condena-ex-namorado-de-jornalista-por-tentativa-de-feminicidio\/#primaryimage"},"thumbnailUrl":"https:\/\/cleitonpinheiro.com.br\/site\/wp-content\/uploads\/2024\/10\/Divulgacao-TJRJ-1024x613.webp","keywords":["Brasil mundo"],"articleSection":["BRASIL \/ MUNDO","MANCHETE SEGUND\u00c1RIA"],"inLanguage":"pt-BR","potentialAction":[{"@type":"CommentAction","name":"Comment","target":["https:\/\/cleitonpinheiro.com.br\/site\/justica-condena-ex-namorado-de-jornalista-por-tentativa-de-feminicidio\/#respond"]}]},{"@type":"WebPage","@id":"https:\/\/cleitonpinheiro.com.br\/site\/justica-condena-ex-namorado-de-jornalista-por-tentativa-de-feminicidio\/","url":"https:\/\/cleitonpinheiro.com.br\/site\/justica-condena-ex-namorado-de-jornalista-por-tentativa-de-feminicidio\/","name":"Justi\u00e7a condena ex-namorado de jornalista por tentativa de feminic\u00eddio - PORTAL DE NOT\u00cdCIAS CLEITON PINHEIRO","isPartOf":{"@id":"https:\/\/cleitonpinheiro.com.br\/site\/#website"},"primaryImageOfPage":{"@id":"https:\/\/cleitonpinheiro.com.br\/site\/justica-condena-ex-namorado-de-jornalista-por-tentativa-de-feminicidio\/#primaryimage"},"image":{"@id":"https:\/\/cleitonpinheiro.com.br\/site\/justica-condena-ex-namorado-de-jornalista-por-tentativa-de-feminicidio\/#primaryimage"},"thumbnailUrl":"https:\/\/cleitonpinheiro.com.br\/site\/wp-content\/uploads\/2024\/10\/Divulgacao-TJRJ-1024x613.webp","datePublished":"2024-10-16T11:52:00+00:00","dateModified":"2024-10-16T12:56:01+00:00","breadcrumb":{"@id":"https:\/\/cleitonpinheiro.com.br\/site\/justica-condena-ex-namorado-de-jornalista-por-tentativa-de-feminicidio\/#breadcrumb"},"inLanguage":"pt-BR","potentialAction":[{"@type":"ReadAction","target":["https:\/\/cleitonpinheiro.com.br\/site\/justica-condena-ex-namorado-de-jornalista-por-tentativa-de-feminicidio\/"]}]},{"@type":"ImageObject","inLanguage":"pt-BR","@id":"https:\/\/cleitonpinheiro.com.br\/site\/justica-condena-ex-namorado-de-jornalista-por-tentativa-de-feminicidio\/#primaryimage","url":"","contentUrl":""},{"@type":"BreadcrumbList","@id":"https:\/\/cleitonpinheiro.com.br\/site\/justica-condena-ex-namorado-de-jornalista-por-tentativa-de-feminicidio\/#breadcrumb","itemListElement":[{"@type":"ListItem","position":1,"name":"In\u00edcio","item":"https:\/\/cleitonpinheiro.com.br\/site\/"},{"@type":"ListItem","position":2,"name":"Justi\u00e7a condena ex-namorado de jornalista por tentativa de feminic\u00eddio"}]},{"@type":"WebSite","@id":"https:\/\/cleitonpinheiro.com.br\/site\/#website","url":"https:\/\/cleitonpinheiro.com.br\/site\/","name":"PORTAL DE NOT\u00cdCIAS CLEITON PINHEIRO","description":"FALANDO A VERDADE","publisher":{"@id":"https:\/\/cleitonpinheiro.com.br\/site\/#organization"},"potentialAction":[{"@type":"SearchAction","target":{"@type":"EntryPoint","urlTemplate":"https:\/\/cleitonpinheiro.com.br\/site\/?s={search_term_string}"},"query-input":{"@type":"PropertyValueSpecification","valueRequired":true,"valueName":"search_term_string"}}],"inLanguage":"pt-BR"},{"@type":"Organization","@id":"https:\/\/cleitonpinheiro.com.br\/site\/#organization","name":"CPNOT\u00cdCIAS","url":"https:\/\/cleitonpinheiro.com.br\/site\/","logo":{"@type":"ImageObject","inLanguage":"pt-BR","@id":"https:\/\/cleitonpinheiro.com.br\/site\/#\/schema\/logo\/image\/","url":"https:\/\/cleitonpinheiro.com.br\/site\/wp-content\/uploads\/2022\/08\/Logo-pequena-2.png","contentUrl":"https:\/\/cleitonpinheiro.com.br\/site\/wp-content\/uploads\/2022\/08\/Logo-pequena-2.png","width":500,"height":500,"caption":"CPNOT\u00cdCIAS"},"image":{"@id":"https:\/\/cleitonpinheiro.com.br\/site\/#\/schema\/logo\/image\/"},"sameAs":["https:\/\/www.facebook.com\/portalcpnoticias\/"]},{"@type":"Person","@id":"https:\/\/cleitonpinheiro.com.br\/site\/#\/schema\/person\/8f04544e0bc40a1b68775b08360f87db","name":"Reda\u00e7\u00e3o CP","image":{"@type":"ImageObject","inLanguage":"pt-BR","@id":"https:\/\/cleitonpinheiro.com.br\/site\/#\/schema\/person\/image\/","url":"https:\/\/secure.gravatar.com\/avatar\/0bcf19cb29fdc8fc588c490c7ae1b3e174dac268586a63fbe1d1893a0f9020cd?s=96&r=g","contentUrl":"https:\/\/secure.gravatar.com\/avatar\/0bcf19cb29fdc8fc588c490c7ae1b3e174dac268586a63fbe1d1893a0f9020cd?s=96&r=g","caption":"Reda\u00e7\u00e3o CP"},"url":"https:\/\/cleitonpinheiro.com.br\/site\/author\/redacao\/"}]}},"views":162,"_links":{"self":[{"href":"https:\/\/cleitonpinheiro.com.br\/site\/wp-json\/wp\/v2\/posts\/81881","targetHints":{"allow":["GET"]}}],"collection":[{"href":"https:\/\/cleitonpinheiro.com.br\/site\/wp-json\/wp\/v2\/posts"}],"about":[{"href":"https:\/\/cleitonpinheiro.com.br\/site\/wp-json\/wp\/v2\/types\/post"}],"author":[{"embeddable":true,"href":"https:\/\/cleitonpinheiro.com.br\/site\/wp-json\/wp\/v2\/users\/13"}],"replies":[{"embeddable":true,"href":"https:\/\/cleitonpinheiro.com.br\/site\/wp-json\/wp\/v2\/comments?post=81881"}],"version-history":[{"count":1,"href":"https:\/\/cleitonpinheiro.com.br\/site\/wp-json\/wp\/v2\/posts\/81881\/revisions"}],"predecessor-version":[{"id":81883,"href":"https:\/\/cleitonpinheiro.com.br\/site\/wp-json\/wp\/v2\/posts\/81881\/revisions\/81883"}],"wp:attachment":[{"href":"https:\/\/cleitonpinheiro.com.br\/site\/wp-json\/wp\/v2\/media?parent=81881"}],"wp:term":[{"taxonomy":"category","embeddable":true,"href":"https:\/\/cleitonpinheiro.com.br\/site\/wp-json\/wp\/v2\/categories?post=81881"},{"taxonomy":"post_tag","embeddable":true,"href":"https:\/\/cleitonpinheiro.com.br\/site\/wp-json\/wp\/v2\/tags?post=81881"}],"curies":[{"name":"wp","href":"https:\/\/api.w.org\/{rel}","templated":true}]}}