{"id":81887,"date":"2024-10-16T12:19:54","date_gmt":"2024-10-16T15:19:54","guid":{"rendered":"https:\/\/cleitonpinheiro.com.br\/site\/?p=81887"},"modified":"2024-10-16T12:22:04","modified_gmt":"2024-10-16T15:22:04","slug":"denuncias-apontam-que-os-servidores-do-estado-estao-sendo-pressionados-a-gravar-videos-de-apoio-a-candidata-de-palmas-janad-valcari","status":"publish","type":"post","link":"https:\/\/cleitonpinheiro.com.br\/site\/denuncias-apontam-que-os-servidores-do-estado-estao-sendo-pressionados-a-gravar-videos-de-apoio-a-candidata-de-palmas-janad-valcari\/","title":{"rendered":"Den\u00fancias apontam que os servidores do Estado est\u00e3o sendo pressionados a gravar v\u00eddeos de apoio \u00e0 candidata de Palmas Janad Valcari"},"content":{"rendered":"\n<figure class=\"wp-block-embed is-type-video is-provider-youtube wp-block-embed-youtube wp-embed-aspect-16-9 wp-has-aspect-ratio\"><div class=\"wp-block-embed__wrapper\">\n<iframe title=\"Servidores do Estado obrigados a colocar adesivo da Janad nos carros\" width=\"800\" height=\"450\" src=\"https:\/\/www.youtube.com\/embed\/R7qiLaVVHxM?feature=oembed\" frameborder=\"0\" allow=\"accelerometer; autoplay; clipboard-write; encrypted-media; gyroscope; picture-in-picture; web-share\" referrerpolicy=\"strict-origin-when-cross-origin\" allowfullscreen><\/iframe>\n<\/div><\/figure>\n\n\n\n<p><br>Nos \u00faltimos dias, surgiram den\u00fancias de que os servidores p\u00fablicos comissionados e contratados est\u00e3o sendo pressionados a gravar v\u00eddeos de apoio \u00e0 candidata \u00e0 Prefeitura de Palmas, Janad Valcari. De acordo com fontes internas, a pr\u00e1tica estaria ocorrendo em diferentes \u00f3rg\u00e3os, gerando desconforto entre os funcion\u00e1rios, que relataram sentir-se pressionados a se posicionar.<br><br>O caso veio \u00e0 tona ap\u00f3s uma s\u00e9rie de v\u00eddeos de servidores expressando apoio \u00e0 candidata circular em redes sociais. Alguns funcion\u00e1rios, sob condi\u00e7\u00e3o de anonimato, afirmam que foram orientados pelos superiores a participar nessas quest\u00f5es, falando ser constrangedor o que est\u00e1 ocorrendo.<\/p>\n\n\n\n<p><br>Entidades de classe j\u00e1 se mobilizaram para investigar den\u00fancias e discutir a legalidade de tal conduta. \u201cIsso s\u00e3o princ\u00edpios b\u00e1sicos da administra\u00e7\u00e3o p\u00fablica, como a imparcialidade e a autonomia dos servidores\u201d, afirmou o presidente da Associa\u00e7\u00e3o de Assist\u00eancia Jur\u00eddica dos Servidores P\u00fablicos no Estado do Tocantins (Ajusp-TO), Cleiton Pinheiro, que na semana passada a emitiu uma <a href=\"https:\/\/cleitonpinheiro.com.br\/site\/ajusp-to-emite-nota-de-repudio-contra-assedio-eleitoral-praticado-nos-orgaos-publicos-estaduais-em-palmas\/\">nota p\u00fablica<\/a>, manifestando seu rep\u00fadio \u00e0s supostas pr\u00e1ticas de coa\u00e7\u00e3o, amea\u00e7a e intimida\u00e7\u00e3o que estariam ocorrendo nos \u00f3rg\u00e3os p\u00fablicos estaduais, em Palmas.<br><br>Conforme a entidade, servidores estariam sendo pressionados a votar na candidata apoiada pelo governador Wanderlei Barbosa no segundo turno das elei\u00e7\u00f5es municipais. Eles tamb\u00e9m estariam sendo obrigados a adesivar os seus carros, confome \u00e9 mostrado no v\u00eddeo abaixo: <\/p>\n\n\n\n<figure class=\"wp-block-embed is-type-video is-provider-youtube wp-block-embed-youtube wp-embed-aspect-16-9 wp-has-aspect-ratio\"><div class=\"wp-block-embed__wrapper\">\n<iframe title=\"Servidores do Estado obrigados a colocar adesivo da Janad nos carros\" width=\"800\" height=\"450\" src=\"https:\/\/www.youtube.com\/embed\/R7qiLaVVHxM?feature=oembed\" frameborder=\"0\" allow=\"accelerometer; autoplay; clipboard-write; encrypted-media; gyroscope; picture-in-picture; web-share\" referrerpolicy=\"strict-origin-when-cross-origin\" allowfullscreen><\/iframe>\n<\/div><\/figure>\n","protected":false},"excerpt":{"rendered":"<p>Nos \u00faltimos dias, surgiram den\u00fancias de que os servidores p\u00fablicos comissionados e contratados est\u00e3o sendo pressionados a gravar v\u00eddeos de apoio \u00e0 candidata \u00e0 Prefeitura de Palmas, Janad Valcari. De acordo com fontes internas, a pr\u00e1tica estaria ocorrendo em diferentes \u00f3rg\u00e3os, gerando desconforto entre os funcion\u00e1rios, que relataram sentir-se pressionados a se posicionar. O caso [&hellip;]<\/p>\n","protected":false},"author":13,"featured_media":0,"comment_status":"open","ping_status":"open","sticky":false,"template":"","format":"standard","meta":{"_acf_changed":false,"footnotes":""},"categories":[22,898,23],"tags":[],"class_list":["post-81887","post","type-post","status-publish","format-standard","hentry","category-cidades","category-manchete-segundaria","category-politica"],"acf":[],"yoast_head":"<!-- This site is optimized with the Yoast SEO plugin v24.4 - https:\/\/yoast.com\/wordpress\/plugins\/seo\/ -->\n<title>Den\u00fancias apontam que os servidores do Estado est\u00e3o sendo pressionados a gravar v\u00eddeos de apoio \u00e0 candidata de Palmas Janad Valcari - PORTAL DE NOT\u00cdCIAS CLEITON PINHEIRO<\/title>\n<meta name=\"robots\" content=\"index, follow, max-snippet:-1, max-image-preview:large, max-video-preview:-1\" \/>\n<link rel=\"canonical\" href=\"https:\/\/cleitonpinheiro.com.br\/site\/denuncias-apontam-que-os-servidores-do-estado-estao-sendo-pressionados-a-gravar-videos-de-apoio-a-candidata-de-palmas-janad-valcari\/\" \/>\n<meta property=\"og:locale\" content=\"pt_BR\" \/>\n<meta property=\"og:type\" content=\"article\" \/>\n<meta property=\"og:title\" content=\"Den\u00fancias apontam que os servidores do Estado est\u00e3o sendo pressionados a gravar v\u00eddeos de apoio \u00e0 candidata de Palmas Janad Valcari - PORTAL DE NOT\u00cdCIAS CLEITON PINHEIRO\" \/>\n<meta property=\"og:description\" content=\"Nos \u00faltimos dias, surgiram den\u00fancias de que os servidores p\u00fablicos comissionados e contratados est\u00e3o sendo pressionados a gravar v\u00eddeos de apoio \u00e0 candidata \u00e0 Prefeitura de Palmas, Janad Valcari. De acordo com fontes internas, a pr\u00e1tica estaria ocorrendo em diferentes \u00f3rg\u00e3os, gerando desconforto entre os funcion\u00e1rios, que relataram sentir-se pressionados a se posicionar. O caso [&hellip;]\" \/>\n<meta property=\"og:url\" content=\"https:\/\/cleitonpinheiro.com.br\/site\/denuncias-apontam-que-os-servidores-do-estado-estao-sendo-pressionados-a-gravar-videos-de-apoio-a-candidata-de-palmas-janad-valcari\/\" \/>\n<meta property=\"og:site_name\" content=\"PORTAL DE NOT\u00cdCIAS CLEITON PINHEIRO\" \/>\n<meta property=\"article:publisher\" content=\"https:\/\/www.facebook.com\/portalcpnoticias\/\" \/>\n<meta property=\"article:published_time\" content=\"2024-10-16T15:19:54+00:00\" \/>\n<meta property=\"article:modified_time\" content=\"2024-10-16T15:22:04+00:00\" \/>\n<meta property=\"og:image\" content=\"https:\/\/cleitonpinheiro.com.br\/site\/wp-content\/uploads\/2024\/10\/1-7.png\" \/>\n\t<meta property=\"og:image:width\" content=\"638\" \/>\n\t<meta property=\"og:image:height\" content=\"966\" \/>\n\t<meta property=\"og:image:type\" content=\"image\/png\" \/>\n<meta name=\"author\" content=\"Reda\u00e7\u00e3o CP\" \/>\n<meta name=\"twitter:card\" content=\"summary_large_image\" \/>\n<meta name=\"twitter:label1\" content=\"Escrito por\" \/>\n\t<meta name=\"twitter:data1\" content=\"Reda\u00e7\u00e3o CP\" \/>\n\t<meta name=\"twitter:label2\" content=\"Est. tempo de leitura\" \/>\n\t<meta name=\"twitter:data2\" content=\"2 minutos\" \/>\n<script type=\"application\/ld+json\" class=\"yoast-schema-graph\">{\"@context\":\"https:\/\/schema.org\",\"@graph\":[{\"@type\":\"Article\",\"@id\":\"https:\/\/cleitonpinheiro.com.br\/site\/denuncias-apontam-que-os-servidores-do-estado-estao-sendo-pressionados-a-gravar-videos-de-apoio-a-candidata-de-palmas-janad-valcari\/#article\",\"isPartOf\":{\"@id\":\"https:\/\/cleitonpinheiro.com.br\/site\/denuncias-apontam-que-os-servidores-do-estado-estao-sendo-pressionados-a-gravar-videos-de-apoio-a-candidata-de-palmas-janad-valcari\/\"},\"author\":{\"name\":\"Reda\u00e7\u00e3o CP\",\"@id\":\"https:\/\/cleitonpinheiro.com.br\/site\/#\/schema\/person\/8f04544e0bc40a1b68775b08360f87db\"},\"headline\":\"Den\u00fancias apontam que os servidores do Estado est\u00e3o sendo pressionados a gravar v\u00eddeos de apoio \u00e0 candidata de Palmas Janad Valcari\",\"datePublished\":\"2024-10-16T15:19:54+00:00\",\"dateModified\":\"2024-10-16T15:22:04+00:00\",\"mainEntityOfPage\":{\"@id\":\"https:\/\/cleitonpinheiro.com.br\/site\/denuncias-apontam-que-os-servidores-do-estado-estao-sendo-pressionados-a-gravar-videos-de-apoio-a-candidata-de-palmas-janad-valcari\/\"},\"wordCount\":280,\"commentCount\":0,\"publisher\":{\"@id\":\"https:\/\/cleitonpinheiro.com.br\/site\/#organization\"},\"articleSection\":[\"CIDADES\",\"MANCHETE SEGUND\u00c1RIA\",\"POL\u00cdTICA\"],\"inLanguage\":\"pt-BR\",\"potentialAction\":[{\"@type\":\"CommentAction\",\"name\":\"Comment\",\"target\":[\"https:\/\/cleitonpinheiro.com.br\/site\/denuncias-apontam-que-os-servidores-do-estado-estao-sendo-pressionados-a-gravar-videos-de-apoio-a-candidata-de-palmas-janad-valcari\/#respond\"]}]},{\"@type\":\"WebPage\",\"@id\":\"https:\/\/cleitonpinheiro.com.br\/site\/denuncias-apontam-que-os-servidores-do-estado-estao-sendo-pressionados-a-gravar-videos-de-apoio-a-candidata-de-palmas-janad-valcari\/\",\"url\":\"https:\/\/cleitonpinheiro.com.br\/site\/denuncias-apontam-que-os-servidores-do-estado-estao-sendo-pressionados-a-gravar-videos-de-apoio-a-candidata-de-palmas-janad-valcari\/\",\"name\":\"Den\u00fancias apontam que os servidores do Estado est\u00e3o sendo pressionados a gravar v\u00eddeos de apoio \u00e0 candidata de Palmas Janad Valcari - PORTAL DE NOT\u00cdCIAS CLEITON PINHEIRO\",\"isPartOf\":{\"@id\":\"https:\/\/cleitonpinheiro.com.br\/site\/#website\"},\"datePublished\":\"2024-10-16T15:19:54+00:00\",\"dateModified\":\"2024-10-16T15:22:04+00:00\",\"breadcrumb\":{\"@id\":\"https:\/\/cleitonpinheiro.com.br\/site\/denuncias-apontam-que-os-servidores-do-estado-estao-sendo-pressionados-a-gravar-videos-de-apoio-a-candidata-de-palmas-janad-valcari\/#breadcrumb\"},\"inLanguage\":\"pt-BR\",\"potentialAction\":[{\"@type\":\"ReadAction\",\"target\":[\"https:\/\/cleitonpinheiro.com.br\/site\/denuncias-apontam-que-os-servidores-do-estado-estao-sendo-pressionados-a-gravar-videos-de-apoio-a-candidata-de-palmas-janad-valcari\/\"]}]},{\"@type\":\"BreadcrumbList\",\"@id\":\"https:\/\/cleitonpinheiro.com.br\/site\/denuncias-apontam-que-os-servidores-do-estado-estao-sendo-pressionados-a-gravar-videos-de-apoio-a-candidata-de-palmas-janad-valcari\/#breadcrumb\",\"itemListElement\":[{\"@type\":\"ListItem\",\"position\":1,\"name\":\"In\u00edcio\",\"item\":\"https:\/\/cleitonpinheiro.com.br\/site\/\"},{\"@type\":\"ListItem\",\"position\":2,\"name\":\"Den\u00fancias apontam que os servidores do Estado est\u00e3o sendo pressionados a gravar v\u00eddeos de apoio \u00e0 candidata de Palmas Janad Valcari\"}]},{\"@type\":\"WebSite\",\"@id\":\"https:\/\/cleitonpinheiro.com.br\/site\/#website\",\"url\":\"https:\/\/cleitonpinheiro.com.br\/site\/\",\"name\":\"PORTAL DE NOT\u00cdCIAS CLEITON PINHEIRO\",\"description\":\"FALANDO A VERDADE\",\"publisher\":{\"@id\":\"https:\/\/cleitonpinheiro.com.br\/site\/#organization\"},\"potentialAction\":[{\"@type\":\"SearchAction\",\"target\":{\"@type\":\"EntryPoint\",\"urlTemplate\":\"https:\/\/cleitonpinheiro.com.br\/site\/?s={search_term_string}\"},\"query-input\":{\"@type\":\"PropertyValueSpecification\",\"valueRequired\":true,\"valueName\":\"search_term_string\"}}],\"inLanguage\":\"pt-BR\"},{\"@type\":\"Organization\",\"@id\":\"https:\/\/cleitonpinheiro.com.br\/site\/#organization\",\"name\":\"CPNOT\u00cdCIAS\",\"url\":\"https:\/\/cleitonpinheiro.com.br\/site\/\",\"logo\":{\"@type\":\"ImageObject\",\"inLanguage\":\"pt-BR\",\"@id\":\"https:\/\/cleitonpinheiro.com.br\/site\/#\/schema\/logo\/image\/\",\"url\":\"https:\/\/cleitonpinheiro.com.br\/site\/wp-content\/uploads\/2022\/08\/Logo-pequena-2.png\",\"contentUrl\":\"https:\/\/cleitonpinheiro.com.br\/site\/wp-content\/uploads\/2022\/08\/Logo-pequena-2.png\",\"width\":500,\"height\":500,\"caption\":\"CPNOT\u00cdCIAS\"},\"image\":{\"@id\":\"https:\/\/cleitonpinheiro.com.br\/site\/#\/schema\/logo\/image\/\"},\"sameAs\":[\"https:\/\/www.facebook.com\/portalcpnoticias\/\"]},{\"@type\":\"Person\",\"@id\":\"https:\/\/cleitonpinheiro.com.br\/site\/#\/schema\/person\/8f04544e0bc40a1b68775b08360f87db\",\"name\":\"Reda\u00e7\u00e3o CP\",\"image\":{\"@type\":\"ImageObject\",\"inLanguage\":\"pt-BR\",\"@id\":\"https:\/\/cleitonpinheiro.com.br\/site\/#\/schema\/person\/image\/\",\"url\":\"https:\/\/secure.gravatar.com\/avatar\/0bcf19cb29fdc8fc588c490c7ae1b3e174dac268586a63fbe1d1893a0f9020cd?s=96&r=g\",\"contentUrl\":\"https:\/\/secure.gravatar.com\/avatar\/0bcf19cb29fdc8fc588c490c7ae1b3e174dac268586a63fbe1d1893a0f9020cd?s=96&r=g\",\"caption\":\"Reda\u00e7\u00e3o CP\"},\"url\":\"https:\/\/cleitonpinheiro.com.br\/site\/author\/redacao\/\"}]}<\/script>\n<!-- \/ Yoast SEO plugin. -->","yoast_head_json":{"title":"Den\u00fancias apontam que os servidores do Estado est\u00e3o sendo pressionados a gravar v\u00eddeos de apoio \u00e0 candidata de Palmas Janad Valcari - PORTAL DE NOT\u00cdCIAS CLEITON PINHEIRO","robots":{"index":"index","follow":"follow","max-snippet":"max-snippet:-1","max-image-preview":"max-image-preview:large","max-video-preview":"max-video-preview:-1"},"canonical":"https:\/\/cleitonpinheiro.com.br\/site\/denuncias-apontam-que-os-servidores-do-estado-estao-sendo-pressionados-a-gravar-videos-de-apoio-a-candidata-de-palmas-janad-valcari\/","og_locale":"pt_BR","og_type":"article","og_title":"Den\u00fancias apontam que os servidores do Estado est\u00e3o sendo pressionados a gravar v\u00eddeos de apoio \u00e0 candidata de Palmas Janad Valcari - PORTAL DE NOT\u00cdCIAS CLEITON PINHEIRO","og_description":"Nos \u00faltimos dias, surgiram den\u00fancias de que os servidores p\u00fablicos comissionados e contratados est\u00e3o sendo pressionados a gravar v\u00eddeos de apoio \u00e0 candidata \u00e0 Prefeitura de Palmas, Janad Valcari. De acordo com fontes internas, a pr\u00e1tica estaria ocorrendo em diferentes \u00f3rg\u00e3os, gerando desconforto entre os funcion\u00e1rios, que relataram sentir-se pressionados a se posicionar. O caso [&hellip;]","og_url":"https:\/\/cleitonpinheiro.com.br\/site\/denuncias-apontam-que-os-servidores-do-estado-estao-sendo-pressionados-a-gravar-videos-de-apoio-a-candidata-de-palmas-janad-valcari\/","og_site_name":"PORTAL DE NOT\u00cdCIAS CLEITON PINHEIRO","article_publisher":"https:\/\/www.facebook.com\/portalcpnoticias\/","article_published_time":"2024-10-16T15:19:54+00:00","article_modified_time":"2024-10-16T15:22:04+00:00","og_image":[{"width":638,"height":966,"url":"https:\/\/cleitonpinheiro.com.br\/site\/wp-content\/uploads\/2024\/10\/1-7.png","type":"image\/png"}],"author":"Reda\u00e7\u00e3o CP","twitter_card":"summary_large_image","twitter_misc":{"Escrito por":"Reda\u00e7\u00e3o CP","Est. tempo de leitura":"2 minutos"},"schema":{"@context":"https:\/\/schema.org","@graph":[{"@type":"Article","@id":"https:\/\/cleitonpinheiro.com.br\/site\/denuncias-apontam-que-os-servidores-do-estado-estao-sendo-pressionados-a-gravar-videos-de-apoio-a-candidata-de-palmas-janad-valcari\/#article","isPartOf":{"@id":"https:\/\/cleitonpinheiro.com.br\/site\/denuncias-apontam-que-os-servidores-do-estado-estao-sendo-pressionados-a-gravar-videos-de-apoio-a-candidata-de-palmas-janad-valcari\/"},"author":{"name":"Reda\u00e7\u00e3o CP","@id":"https:\/\/cleitonpinheiro.com.br\/site\/#\/schema\/person\/8f04544e0bc40a1b68775b08360f87db"},"headline":"Den\u00fancias apontam que os servidores do Estado est\u00e3o sendo pressionados a gravar v\u00eddeos de apoio \u00e0 candidata de Palmas Janad Valcari","datePublished":"2024-10-16T15:19:54+00:00","dateModified":"2024-10-16T15:22:04+00:00","mainEntityOfPage":{"@id":"https:\/\/cleitonpinheiro.com.br\/site\/denuncias-apontam-que-os-servidores-do-estado-estao-sendo-pressionados-a-gravar-videos-de-apoio-a-candidata-de-palmas-janad-valcari\/"},"wordCount":280,"commentCount":0,"publisher":{"@id":"https:\/\/cleitonpinheiro.com.br\/site\/#organization"},"articleSection":["CIDADES","MANCHETE SEGUND\u00c1RIA","POL\u00cdTICA"],"inLanguage":"pt-BR","potentialAction":[{"@type":"CommentAction","name":"Comment","target":["https:\/\/cleitonpinheiro.com.br\/site\/denuncias-apontam-que-os-servidores-do-estado-estao-sendo-pressionados-a-gravar-videos-de-apoio-a-candidata-de-palmas-janad-valcari\/#respond"]}]},{"@type":"WebPage","@id":"https:\/\/cleitonpinheiro.com.br\/site\/denuncias-apontam-que-os-servidores-do-estado-estao-sendo-pressionados-a-gravar-videos-de-apoio-a-candidata-de-palmas-janad-valcari\/","url":"https:\/\/cleitonpinheiro.com.br\/site\/denuncias-apontam-que-os-servidores-do-estado-estao-sendo-pressionados-a-gravar-videos-de-apoio-a-candidata-de-palmas-janad-valcari\/","name":"Den\u00fancias apontam que os servidores do Estado est\u00e3o sendo pressionados a gravar v\u00eddeos de apoio \u00e0 candidata de Palmas Janad Valcari - PORTAL DE NOT\u00cdCIAS CLEITON PINHEIRO","isPartOf":{"@id":"https:\/\/cleitonpinheiro.com.br\/site\/#website"},"datePublished":"2024-10-16T15:19:54+00:00","dateModified":"2024-10-16T15:22:04+00:00","breadcrumb":{"@id":"https:\/\/cleitonpinheiro.com.br\/site\/denuncias-apontam-que-os-servidores-do-estado-estao-sendo-pressionados-a-gravar-videos-de-apoio-a-candidata-de-palmas-janad-valcari\/#breadcrumb"},"inLanguage":"pt-BR","potentialAction":[{"@type":"ReadAction","target":["https:\/\/cleitonpinheiro.com.br\/site\/denuncias-apontam-que-os-servidores-do-estado-estao-sendo-pressionados-a-gravar-videos-de-apoio-a-candidata-de-palmas-janad-valcari\/"]}]},{"@type":"BreadcrumbList","@id":"https:\/\/cleitonpinheiro.com.br\/site\/denuncias-apontam-que-os-servidores-do-estado-estao-sendo-pressionados-a-gravar-videos-de-apoio-a-candidata-de-palmas-janad-valcari\/#breadcrumb","itemListElement":[{"@type":"ListItem","position":1,"name":"In\u00edcio","item":"https:\/\/cleitonpinheiro.com.br\/site\/"},{"@type":"ListItem","position":2,"name":"Den\u00fancias apontam que os servidores do Estado est\u00e3o sendo pressionados a gravar v\u00eddeos de apoio \u00e0 candidata de Palmas Janad Valcari"}]},{"@type":"WebSite","@id":"https:\/\/cleitonpinheiro.com.br\/site\/#website","url":"https:\/\/cleitonpinheiro.com.br\/site\/","name":"PORTAL DE NOT\u00cdCIAS CLEITON PINHEIRO","description":"FALANDO A VERDADE","publisher":{"@id":"https:\/\/cleitonpinheiro.com.br\/site\/#organization"},"potentialAction":[{"@type":"SearchAction","target":{"@type":"EntryPoint","urlTemplate":"https:\/\/cleitonpinheiro.com.br\/site\/?s={search_term_string}"},"query-input":{"@type":"PropertyValueSpecification","valueRequired":true,"valueName":"search_term_string"}}],"inLanguage":"pt-BR"},{"@type":"Organization","@id":"https:\/\/cleitonpinheiro.com.br\/site\/#organization","name":"CPNOT\u00cdCIAS","url":"https:\/\/cleitonpinheiro.com.br\/site\/","logo":{"@type":"ImageObject","inLanguage":"pt-BR","@id":"https:\/\/cleitonpinheiro.com.br\/site\/#\/schema\/logo\/image\/","url":"https:\/\/cleitonpinheiro.com.br\/site\/wp-content\/uploads\/2022\/08\/Logo-pequena-2.png","contentUrl":"https:\/\/cleitonpinheiro.com.br\/site\/wp-content\/uploads\/2022\/08\/Logo-pequena-2.png","width":500,"height":500,"caption":"CPNOT\u00cdCIAS"},"image":{"@id":"https:\/\/cleitonpinheiro.com.br\/site\/#\/schema\/logo\/image\/"},"sameAs":["https:\/\/www.facebook.com\/portalcpnoticias\/"]},{"@type":"Person","@id":"https:\/\/cleitonpinheiro.com.br\/site\/#\/schema\/person\/8f04544e0bc40a1b68775b08360f87db","name":"Reda\u00e7\u00e3o CP","image":{"@type":"ImageObject","inLanguage":"pt-BR","@id":"https:\/\/cleitonpinheiro.com.br\/site\/#\/schema\/person\/image\/","url":"https:\/\/secure.gravatar.com\/avatar\/0bcf19cb29fdc8fc588c490c7ae1b3e174dac268586a63fbe1d1893a0f9020cd?s=96&r=g","contentUrl":"https:\/\/secure.gravatar.com\/avatar\/0bcf19cb29fdc8fc588c490c7ae1b3e174dac268586a63fbe1d1893a0f9020cd?s=96&r=g","caption":"Reda\u00e7\u00e3o CP"},"url":"https:\/\/cleitonpinheiro.com.br\/site\/author\/redacao\/"}]}},"views":386,"_links":{"self":[{"href":"https:\/\/cleitonpinheiro.com.br\/site\/wp-json\/wp\/v2\/posts\/81887","targetHints":{"allow":["GET"]}}],"collection":[{"href":"https:\/\/cleitonpinheiro.com.br\/site\/wp-json\/wp\/v2\/posts"}],"about":[{"href":"https:\/\/cleitonpinheiro.com.br\/site\/wp-json\/wp\/v2\/types\/post"}],"author":[{"embeddable":true,"href":"https:\/\/cleitonpinheiro.com.br\/site\/wp-json\/wp\/v2\/users\/13"}],"replies":[{"embeddable":true,"href":"https:\/\/cleitonpinheiro.com.br\/site\/wp-json\/wp\/v2\/comments?post=81887"}],"version-history":[{"count":3,"href":"https:\/\/cleitonpinheiro.com.br\/site\/wp-json\/wp\/v2\/posts\/81887\/revisions"}],"predecessor-version":[{"id":81893,"href":"https:\/\/cleitonpinheiro.com.br\/site\/wp-json\/wp\/v2\/posts\/81887\/revisions\/81893"}],"wp:attachment":[{"href":"https:\/\/cleitonpinheiro.com.br\/site\/wp-json\/wp\/v2\/media?parent=81887"}],"wp:term":[{"taxonomy":"category","embeddable":true,"href":"https:\/\/cleitonpinheiro.com.br\/site\/wp-json\/wp\/v2\/categories?post=81887"},{"taxonomy":"post_tag","embeddable":true,"href":"https:\/\/cleitonpinheiro.com.br\/site\/wp-json\/wp\/v2\/tags?post=81887"}],"curies":[{"name":"wp","href":"https:\/\/api.w.org\/{rel}","templated":true}]}}