{"id":81894,"date":"2024-10-16T14:01:01","date_gmt":"2024-10-16T17:01:01","guid":{"rendered":"https:\/\/cleitonpinheiro.com.br\/site\/?p=81894"},"modified":"2024-10-16T14:05:55","modified_gmt":"2024-10-16T17:05:55","slug":"sindicato-dos-medicos-do-tocantins-repudia-uso-indevido-da-imagem-do-dr-manoel-odir-rocha-em-campanha-eleitoral","status":"publish","type":"post","link":"https:\/\/cleitonpinheiro.com.br\/site\/sindicato-dos-medicos-do-tocantins-repudia-uso-indevido-da-imagem-do-dr-manoel-odir-rocha-em-campanha-eleitoral\/","title":{"rendered":"Sindicato dos M\u00e9dicos do Tocantins repudia uso indevido da imagem do Dr. Manoel Odir Rocha em campanha eleitoral"},"content":{"rendered":"\n<figure class=\"wp-block-gallery has-nested-images columns-default is-cropped wp-block-gallery-1 is-layout-flex wp-block-gallery-is-layout-flex\">\n<figure class=\"wp-block-image size-large\"><img decoding=\"async\" data-id=\"81895\" src=\"https:\/\/cleitonpinheiro.com.br\/site\/wp-content\/uploads\/2024\/10\/odir.jpg\" alt=\"\" class=\"wp-image-81895\"\/><figcaption class=\"wp-element-caption\">Foto: Divulga\u00e7\u00e3o <\/figcaption><\/figure>\n<\/figure>\n\n\n\n<p>O Sindicato dos M\u00e9dicos do Estado do Tocantins (Simed-TO) emitiu nesta quarta-feira, 16, uma nota de rep\u00fadio contra o uso indevido da imagem do m\u00e9dico, escritor, poeta e ex-prefeito de Palmas, Manoel Odir Rocha, falecido em maio de 2022, em uma campanha eleitoral em Palmas. Segundo a entidade, a imagem do ex-prefeito estaria sendo explorada de maneira difamat\u00f3ria contra advers\u00e1rios pol\u00edticos. <\/p>\n\n\n\n<p>Na nota, o Sindicato destaca que o Dr. Odir Rocha foi um profissional dedicado \u00e0 sa\u00fade, \u00e0 cultura e ao desenvolvimento social e pol\u00edtico do Tocantins, e que sua mem\u00f3ria deve ser tratada com respeito. Al\u00e9m de sua atua\u00e7\u00e3o como m\u00e9dico, ele tamb\u00e9m teve uma importante contribui\u00e7\u00e3o como escritor e poeta, sendo membro ativo da Academia de Letras de Palmas e da Academia Tocantinense de Letras, al\u00e9m de ocupar cargos pol\u00edticos, como prefeito de Colinas e de Palmas.<\/p>\n\n\n\n<p>\u201cO uso de sua imagem para fins eleitoreiros \u00e9 uma frente \u00e0 \u00e9tica, \u00e0 sua fam\u00edlia e ao seu legado inestim\u00e1vel para a sociedade tocantinense\u201d, afirma o sindicato.<\/p>\n\n\n\n<p>Jornalista<\/p>\n\n\n\n<p>O jornalista Luiz Armando tamb\u00e9m se mostrou indignado com o material veiculado na campanha e em seu blog disse &#8220;A campanha de Janad circulou ontem trechos de um v\u00eddeo de entrevista que realizei com o ex-prefeito Odir Rocha h\u00e1 tr\u00eas anos. Era um programa de Cultura (Coisa Nossa), Odir Rocha era poeta (com diversos livros publicados) numa empresa privada (SBT). E n\u00e3o numa TV P\u00fablica como a TV Assembl\u00e9ia, um rombo de desvio de recursos p\u00fablicos espec\u00edficos, comandado pelo grupo de Janad no Legislativo. Um programa com dono.&#8221;<\/p>\n\n\n\n<p>Ele ainda destacou que &#8220;E o joga em cortes (fora do contexto) a parte que lhes interessa na sua propaganda eleitoral sem a minha autoriza\u00e7\u00e3o. Hum crime. E para responder \u00e0 sua den\u00fancia, cite o meu nome. J\u00e1 estou tomando as medidas judiciais jurisdicionais.&#8221; <\/p>\n\n\n\n<p><strong>Confira a nota do Simed  em sua \u00edntegra:<\/strong><\/p>\n\n\n\n<p><strong>NOTA DE REP\u00daDIO<\/strong><br><br>O Sindicato dos M\u00e9dicos do Estado do Tocantins (SIMED-TO) vem a p\u00fablico manifestar seu mais veemente rep\u00fadio \u00e0 utiliza\u00e7\u00e3o indevida da imagem do m\u00e9dico, escritor e poeta Dr. Manoel Odir Rocha, falecido em maio de 2022, na campanha eleitoral em Palmas, de cunho difamat\u00f3rio contra advers\u00e1rios pol\u00edticos.&nbsp;<br><br>A mem\u00f3ria de Dr. Odir, que dedicou sua vida \u00e0 sa\u00fade, \u00e0 cultura e ao desenvolvimento social e pol\u00edtico de nosso Estado, merece ser tratada com o devido respeito e rever\u00eancia.<br><br>Dr. Manoel Odir Rocha foi um profissional de sa\u00fade exemplar, escritor e poeta, membro ativo da Academia de Letras de Palmas e da Academia Tocantinense de Letras, al\u00e9m de ter deixado um legado importante em sua atua\u00e7\u00e3o pol\u00edtica, como prefeito de Colinas e de Palmas, Secret\u00e1rio de A\u00e7\u00e3o Social e Habita\u00e7\u00e3o, e Secret\u00e1rio do Governo Estadual.&nbsp;<br><br>A tentativa de manipula\u00e7\u00e3o de sua imagem em prol de fins eleitoreiros \u00e9 uma afronta \u00e0 \u00e9tica, \u00e0 sua fam\u00edlia e \u00e0 sua inestim\u00e1vel contribui\u00e7\u00e3o \u00e0 sociedade tocantinense.<br><br>Repudiamos firmemente o uso de estrat\u00e9gias que desrespeitam a mem\u00f3ria dos que n\u00e3o est\u00e3o mais entre n\u00f3s para se defenderem, e exigimos que os respons\u00e1veis cessem imediatamente com essa pr\u00e1tica desrespeitosa. Campanhas eleitorais devem se pautar pelo debate de ideias e propostas, e n\u00e3o pela explora\u00e7\u00e3o de legados que merecem respeito.<br><br>O Sindicato dos M\u00e9dicos do Estado do Tocantins \u00e9 vigilante na defesa da honra e da dignidade dos profissionais que contribu\u00edram e continuam contribuindo para a sa\u00fade e o desenvolvimento de nossa sociedade.<br><br>Palmas, Tocantins, 16 de outubro de 2024.<br><br>Sindicato dos M\u00e9dicos do Estado do Tocantins<\/p>\n","protected":false},"excerpt":{"rendered":"<p>O Sindicato dos M\u00e9dicos do Estado do Tocantins (Simed-TO) emitiu nesta quarta-feira, 16, uma nota de rep\u00fadio contra o uso indevido da imagem do m\u00e9dico, escritor, poeta e ex-prefeito de Palmas, Manoel Odir Rocha, falecido em maio de 2022, em uma campanha eleitoral em Palmas. Segundo a entidade, a imagem do ex-prefeito estaria sendo explorada [&hellip;]<\/p>\n","protected":false},"author":13,"featured_media":0,"comment_status":"open","ping_status":"open","sticky":false,"template":"","format":"standard","meta":{"_acf_changed":false,"footnotes":""},"categories":[22,898],"tags":[],"class_list":["post-81894","post","type-post","status-publish","format-standard","hentry","category-cidades","category-manchete-segundaria"],"acf":[],"yoast_head":"<!-- This site is optimized with the Yoast SEO plugin v24.4 - https:\/\/yoast.com\/wordpress\/plugins\/seo\/ -->\n<title>Sindicato dos M\u00e9dicos do Tocantins repudia uso indevido da imagem do Dr. Manoel Odir Rocha em campanha eleitoral - PORTAL DE NOT\u00cdCIAS CLEITON PINHEIRO<\/title>\n<meta name=\"robots\" content=\"index, follow, max-snippet:-1, max-image-preview:large, max-video-preview:-1\" \/>\n<link rel=\"canonical\" href=\"https:\/\/cleitonpinheiro.com.br\/site\/sindicato-dos-medicos-do-tocantins-repudia-uso-indevido-da-imagem-do-dr-manoel-odir-rocha-em-campanha-eleitoral\/\" \/>\n<meta property=\"og:locale\" content=\"pt_BR\" \/>\n<meta property=\"og:type\" content=\"article\" \/>\n<meta property=\"og:title\" content=\"Sindicato dos M\u00e9dicos do Tocantins repudia uso indevido da imagem do Dr. Manoel Odir Rocha em campanha eleitoral - PORTAL DE NOT\u00cdCIAS CLEITON PINHEIRO\" \/>\n<meta property=\"og:description\" content=\"O Sindicato dos M\u00e9dicos do Estado do Tocantins (Simed-TO) emitiu nesta quarta-feira, 16, uma nota de rep\u00fadio contra o uso indevido da imagem do m\u00e9dico, escritor, poeta e ex-prefeito de Palmas, Manoel Odir Rocha, falecido em maio de 2022, em uma campanha eleitoral em Palmas. Segundo a entidade, a imagem do ex-prefeito estaria sendo explorada [&hellip;]\" \/>\n<meta property=\"og:url\" content=\"https:\/\/cleitonpinheiro.com.br\/site\/sindicato-dos-medicos-do-tocantins-repudia-uso-indevido-da-imagem-do-dr-manoel-odir-rocha-em-campanha-eleitoral\/\" \/>\n<meta property=\"og:site_name\" content=\"PORTAL DE NOT\u00cdCIAS CLEITON PINHEIRO\" \/>\n<meta property=\"article:publisher\" content=\"https:\/\/www.facebook.com\/portalcpnoticias\/\" \/>\n<meta property=\"article:published_time\" content=\"2024-10-16T17:01:01+00:00\" \/>\n<meta property=\"article:modified_time\" content=\"2024-10-16T17:05:55+00:00\" \/>\n<meta property=\"og:image\" content=\"https:\/\/cleitonpinheiro.com.br\/site\/wp-content\/uploads\/2024\/10\/odir.jpg\" \/>\n\t<meta property=\"og:image:width\" content=\"620\" \/>\n\t<meta property=\"og:image:height\" content=\"350\" \/>\n\t<meta property=\"og:image:type\" content=\"image\/jpeg\" \/>\n<meta name=\"author\" content=\"Reda\u00e7\u00e3o CP\" \/>\n<meta name=\"twitter:card\" content=\"summary_large_image\" \/>\n<meta name=\"twitter:label1\" content=\"Escrito por\" \/>\n\t<meta name=\"twitter:data1\" content=\"Reda\u00e7\u00e3o CP\" \/>\n\t<meta name=\"twitter:label2\" content=\"Est. tempo de leitura\" \/>\n\t<meta name=\"twitter:data2\" content=\"4 minutos\" \/>\n<script type=\"application\/ld+json\" class=\"yoast-schema-graph\">{\"@context\":\"https:\/\/schema.org\",\"@graph\":[{\"@type\":\"Article\",\"@id\":\"https:\/\/cleitonpinheiro.com.br\/site\/sindicato-dos-medicos-do-tocantins-repudia-uso-indevido-da-imagem-do-dr-manoel-odir-rocha-em-campanha-eleitoral\/#article\",\"isPartOf\":{\"@id\":\"https:\/\/cleitonpinheiro.com.br\/site\/sindicato-dos-medicos-do-tocantins-repudia-uso-indevido-da-imagem-do-dr-manoel-odir-rocha-em-campanha-eleitoral\/\"},\"author\":{\"name\":\"Reda\u00e7\u00e3o CP\",\"@id\":\"https:\/\/cleitonpinheiro.com.br\/site\/#\/schema\/person\/8f04544e0bc40a1b68775b08360f87db\"},\"headline\":\"Sindicato dos M\u00e9dicos do Tocantins repudia uso indevido da imagem do Dr. Manoel Odir Rocha em campanha eleitoral\",\"datePublished\":\"2024-10-16T17:01:01+00:00\",\"dateModified\":\"2024-10-16T17:05:55+00:00\",\"mainEntityOfPage\":{\"@id\":\"https:\/\/cleitonpinheiro.com.br\/site\/sindicato-dos-medicos-do-tocantins-repudia-uso-indevido-da-imagem-do-dr-manoel-odir-rocha-em-campanha-eleitoral\/\"},\"wordCount\":641,\"commentCount\":0,\"publisher\":{\"@id\":\"https:\/\/cleitonpinheiro.com.br\/site\/#organization\"},\"image\":{\"@id\":\"https:\/\/cleitonpinheiro.com.br\/site\/sindicato-dos-medicos-do-tocantins-repudia-uso-indevido-da-imagem-do-dr-manoel-odir-rocha-em-campanha-eleitoral\/#primaryimage\"},\"thumbnailUrl\":\"https:\/\/cleitonpinheiro.com.br\/site\/wp-content\/uploads\/2024\/10\/odir.jpg\",\"articleSection\":[\"CIDADES\",\"MANCHETE SEGUND\u00c1RIA\"],\"inLanguage\":\"pt-BR\",\"potentialAction\":[{\"@type\":\"CommentAction\",\"name\":\"Comment\",\"target\":[\"https:\/\/cleitonpinheiro.com.br\/site\/sindicato-dos-medicos-do-tocantins-repudia-uso-indevido-da-imagem-do-dr-manoel-odir-rocha-em-campanha-eleitoral\/#respond\"]}]},{\"@type\":\"WebPage\",\"@id\":\"https:\/\/cleitonpinheiro.com.br\/site\/sindicato-dos-medicos-do-tocantins-repudia-uso-indevido-da-imagem-do-dr-manoel-odir-rocha-em-campanha-eleitoral\/\",\"url\":\"https:\/\/cleitonpinheiro.com.br\/site\/sindicato-dos-medicos-do-tocantins-repudia-uso-indevido-da-imagem-do-dr-manoel-odir-rocha-em-campanha-eleitoral\/\",\"name\":\"Sindicato dos M\u00e9dicos do Tocantins repudia uso indevido da imagem do Dr. Manoel Odir Rocha em campanha eleitoral - PORTAL DE NOT\u00cdCIAS CLEITON PINHEIRO\",\"isPartOf\":{\"@id\":\"https:\/\/cleitonpinheiro.com.br\/site\/#website\"},\"primaryImageOfPage\":{\"@id\":\"https:\/\/cleitonpinheiro.com.br\/site\/sindicato-dos-medicos-do-tocantins-repudia-uso-indevido-da-imagem-do-dr-manoel-odir-rocha-em-campanha-eleitoral\/#primaryimage\"},\"image\":{\"@id\":\"https:\/\/cleitonpinheiro.com.br\/site\/sindicato-dos-medicos-do-tocantins-repudia-uso-indevido-da-imagem-do-dr-manoel-odir-rocha-em-campanha-eleitoral\/#primaryimage\"},\"thumbnailUrl\":\"https:\/\/cleitonpinheiro.com.br\/site\/wp-content\/uploads\/2024\/10\/odir.jpg\",\"datePublished\":\"2024-10-16T17:01:01+00:00\",\"dateModified\":\"2024-10-16T17:05:55+00:00\",\"breadcrumb\":{\"@id\":\"https:\/\/cleitonpinheiro.com.br\/site\/sindicato-dos-medicos-do-tocantins-repudia-uso-indevido-da-imagem-do-dr-manoel-odir-rocha-em-campanha-eleitoral\/#breadcrumb\"},\"inLanguage\":\"pt-BR\",\"potentialAction\":[{\"@type\":\"ReadAction\",\"target\":[\"https:\/\/cleitonpinheiro.com.br\/site\/sindicato-dos-medicos-do-tocantins-repudia-uso-indevido-da-imagem-do-dr-manoel-odir-rocha-em-campanha-eleitoral\/\"]}]},{\"@type\":\"ImageObject\",\"inLanguage\":\"pt-BR\",\"@id\":\"https:\/\/cleitonpinheiro.com.br\/site\/sindicato-dos-medicos-do-tocantins-repudia-uso-indevido-da-imagem-do-dr-manoel-odir-rocha-em-campanha-eleitoral\/#primaryimage\",\"url\":\"\",\"contentUrl\":\"\"},{\"@type\":\"BreadcrumbList\",\"@id\":\"https:\/\/cleitonpinheiro.com.br\/site\/sindicato-dos-medicos-do-tocantins-repudia-uso-indevido-da-imagem-do-dr-manoel-odir-rocha-em-campanha-eleitoral\/#breadcrumb\",\"itemListElement\":[{\"@type\":\"ListItem\",\"position\":1,\"name\":\"In\u00edcio\",\"item\":\"https:\/\/cleitonpinheiro.com.br\/site\/\"},{\"@type\":\"ListItem\",\"position\":2,\"name\":\"Sindicato dos M\u00e9dicos do Tocantins repudia uso indevido da imagem do Dr. Manoel Odir Rocha em campanha eleitoral\"}]},{\"@type\":\"WebSite\",\"@id\":\"https:\/\/cleitonpinheiro.com.br\/site\/#website\",\"url\":\"https:\/\/cleitonpinheiro.com.br\/site\/\",\"name\":\"PORTAL DE NOT\u00cdCIAS CLEITON PINHEIRO\",\"description\":\"FALANDO A VERDADE\",\"publisher\":{\"@id\":\"https:\/\/cleitonpinheiro.com.br\/site\/#organization\"},\"potentialAction\":[{\"@type\":\"SearchAction\",\"target\":{\"@type\":\"EntryPoint\",\"urlTemplate\":\"https:\/\/cleitonpinheiro.com.br\/site\/?s={search_term_string}\"},\"query-input\":{\"@type\":\"PropertyValueSpecification\",\"valueRequired\":true,\"valueName\":\"search_term_string\"}}],\"inLanguage\":\"pt-BR\"},{\"@type\":\"Organization\",\"@id\":\"https:\/\/cleitonpinheiro.com.br\/site\/#organization\",\"name\":\"CPNOT\u00cdCIAS\",\"url\":\"https:\/\/cleitonpinheiro.com.br\/site\/\",\"logo\":{\"@type\":\"ImageObject\",\"inLanguage\":\"pt-BR\",\"@id\":\"https:\/\/cleitonpinheiro.com.br\/site\/#\/schema\/logo\/image\/\",\"url\":\"https:\/\/cleitonpinheiro.com.br\/site\/wp-content\/uploads\/2022\/08\/Logo-pequena-2.png\",\"contentUrl\":\"https:\/\/cleitonpinheiro.com.br\/site\/wp-content\/uploads\/2022\/08\/Logo-pequena-2.png\",\"width\":500,\"height\":500,\"caption\":\"CPNOT\u00cdCIAS\"},\"image\":{\"@id\":\"https:\/\/cleitonpinheiro.com.br\/site\/#\/schema\/logo\/image\/\"},\"sameAs\":[\"https:\/\/www.facebook.com\/portalcpnoticias\/\"]},{\"@type\":\"Person\",\"@id\":\"https:\/\/cleitonpinheiro.com.br\/site\/#\/schema\/person\/8f04544e0bc40a1b68775b08360f87db\",\"name\":\"Reda\u00e7\u00e3o CP\",\"image\":{\"@type\":\"ImageObject\",\"inLanguage\":\"pt-BR\",\"@id\":\"https:\/\/cleitonpinheiro.com.br\/site\/#\/schema\/person\/image\/\",\"url\":\"https:\/\/secure.gravatar.com\/avatar\/0bcf19cb29fdc8fc588c490c7ae1b3e174dac268586a63fbe1d1893a0f9020cd?s=96&r=g\",\"contentUrl\":\"https:\/\/secure.gravatar.com\/avatar\/0bcf19cb29fdc8fc588c490c7ae1b3e174dac268586a63fbe1d1893a0f9020cd?s=96&r=g\",\"caption\":\"Reda\u00e7\u00e3o CP\"},\"url\":\"https:\/\/cleitonpinheiro.com.br\/site\/author\/redacao\/\"}]}<\/script>\n<!-- \/ Yoast SEO plugin. -->","yoast_head_json":{"title":"Sindicato dos M\u00e9dicos do Tocantins repudia uso indevido da imagem do Dr. Manoel Odir Rocha em campanha eleitoral - PORTAL DE NOT\u00cdCIAS CLEITON PINHEIRO","robots":{"index":"index","follow":"follow","max-snippet":"max-snippet:-1","max-image-preview":"max-image-preview:large","max-video-preview":"max-video-preview:-1"},"canonical":"https:\/\/cleitonpinheiro.com.br\/site\/sindicato-dos-medicos-do-tocantins-repudia-uso-indevido-da-imagem-do-dr-manoel-odir-rocha-em-campanha-eleitoral\/","og_locale":"pt_BR","og_type":"article","og_title":"Sindicato dos M\u00e9dicos do Tocantins repudia uso indevido da imagem do Dr. Manoel Odir Rocha em campanha eleitoral - PORTAL DE NOT\u00cdCIAS CLEITON PINHEIRO","og_description":"O Sindicato dos M\u00e9dicos do Estado do Tocantins (Simed-TO) emitiu nesta quarta-feira, 16, uma nota de rep\u00fadio contra o uso indevido da imagem do m\u00e9dico, escritor, poeta e ex-prefeito de Palmas, Manoel Odir Rocha, falecido em maio de 2022, em uma campanha eleitoral em Palmas. Segundo a entidade, a imagem do ex-prefeito estaria sendo explorada [&hellip;]","og_url":"https:\/\/cleitonpinheiro.com.br\/site\/sindicato-dos-medicos-do-tocantins-repudia-uso-indevido-da-imagem-do-dr-manoel-odir-rocha-em-campanha-eleitoral\/","og_site_name":"PORTAL DE NOT\u00cdCIAS CLEITON PINHEIRO","article_publisher":"https:\/\/www.facebook.com\/portalcpnoticias\/","article_published_time":"2024-10-16T17:01:01+00:00","article_modified_time":"2024-10-16T17:05:55+00:00","og_image":[{"width":620,"height":350,"url":"https:\/\/cleitonpinheiro.com.br\/site\/wp-content\/uploads\/2024\/10\/odir.jpg","type":"image\/jpeg"}],"author":"Reda\u00e7\u00e3o CP","twitter_card":"summary_large_image","twitter_misc":{"Escrito por":"Reda\u00e7\u00e3o CP","Est. tempo de leitura":"4 minutos"},"schema":{"@context":"https:\/\/schema.org","@graph":[{"@type":"Article","@id":"https:\/\/cleitonpinheiro.com.br\/site\/sindicato-dos-medicos-do-tocantins-repudia-uso-indevido-da-imagem-do-dr-manoel-odir-rocha-em-campanha-eleitoral\/#article","isPartOf":{"@id":"https:\/\/cleitonpinheiro.com.br\/site\/sindicato-dos-medicos-do-tocantins-repudia-uso-indevido-da-imagem-do-dr-manoel-odir-rocha-em-campanha-eleitoral\/"},"author":{"name":"Reda\u00e7\u00e3o CP","@id":"https:\/\/cleitonpinheiro.com.br\/site\/#\/schema\/person\/8f04544e0bc40a1b68775b08360f87db"},"headline":"Sindicato dos M\u00e9dicos do Tocantins repudia uso indevido da imagem do Dr. Manoel Odir Rocha em campanha eleitoral","datePublished":"2024-10-16T17:01:01+00:00","dateModified":"2024-10-16T17:05:55+00:00","mainEntityOfPage":{"@id":"https:\/\/cleitonpinheiro.com.br\/site\/sindicato-dos-medicos-do-tocantins-repudia-uso-indevido-da-imagem-do-dr-manoel-odir-rocha-em-campanha-eleitoral\/"},"wordCount":641,"commentCount":0,"publisher":{"@id":"https:\/\/cleitonpinheiro.com.br\/site\/#organization"},"image":{"@id":"https:\/\/cleitonpinheiro.com.br\/site\/sindicato-dos-medicos-do-tocantins-repudia-uso-indevido-da-imagem-do-dr-manoel-odir-rocha-em-campanha-eleitoral\/#primaryimage"},"thumbnailUrl":"https:\/\/cleitonpinheiro.com.br\/site\/wp-content\/uploads\/2024\/10\/odir.jpg","articleSection":["CIDADES","MANCHETE SEGUND\u00c1RIA"],"inLanguage":"pt-BR","potentialAction":[{"@type":"CommentAction","name":"Comment","target":["https:\/\/cleitonpinheiro.com.br\/site\/sindicato-dos-medicos-do-tocantins-repudia-uso-indevido-da-imagem-do-dr-manoel-odir-rocha-em-campanha-eleitoral\/#respond"]}]},{"@type":"WebPage","@id":"https:\/\/cleitonpinheiro.com.br\/site\/sindicato-dos-medicos-do-tocantins-repudia-uso-indevido-da-imagem-do-dr-manoel-odir-rocha-em-campanha-eleitoral\/","url":"https:\/\/cleitonpinheiro.com.br\/site\/sindicato-dos-medicos-do-tocantins-repudia-uso-indevido-da-imagem-do-dr-manoel-odir-rocha-em-campanha-eleitoral\/","name":"Sindicato dos M\u00e9dicos do Tocantins repudia uso indevido da imagem do Dr. Manoel Odir Rocha em campanha eleitoral - PORTAL DE NOT\u00cdCIAS CLEITON PINHEIRO","isPartOf":{"@id":"https:\/\/cleitonpinheiro.com.br\/site\/#website"},"primaryImageOfPage":{"@id":"https:\/\/cleitonpinheiro.com.br\/site\/sindicato-dos-medicos-do-tocantins-repudia-uso-indevido-da-imagem-do-dr-manoel-odir-rocha-em-campanha-eleitoral\/#primaryimage"},"image":{"@id":"https:\/\/cleitonpinheiro.com.br\/site\/sindicato-dos-medicos-do-tocantins-repudia-uso-indevido-da-imagem-do-dr-manoel-odir-rocha-em-campanha-eleitoral\/#primaryimage"},"thumbnailUrl":"https:\/\/cleitonpinheiro.com.br\/site\/wp-content\/uploads\/2024\/10\/odir.jpg","datePublished":"2024-10-16T17:01:01+00:00","dateModified":"2024-10-16T17:05:55+00:00","breadcrumb":{"@id":"https:\/\/cleitonpinheiro.com.br\/site\/sindicato-dos-medicos-do-tocantins-repudia-uso-indevido-da-imagem-do-dr-manoel-odir-rocha-em-campanha-eleitoral\/#breadcrumb"},"inLanguage":"pt-BR","potentialAction":[{"@type":"ReadAction","target":["https:\/\/cleitonpinheiro.com.br\/site\/sindicato-dos-medicos-do-tocantins-repudia-uso-indevido-da-imagem-do-dr-manoel-odir-rocha-em-campanha-eleitoral\/"]}]},{"@type":"ImageObject","inLanguage":"pt-BR","@id":"https:\/\/cleitonpinheiro.com.br\/site\/sindicato-dos-medicos-do-tocantins-repudia-uso-indevido-da-imagem-do-dr-manoel-odir-rocha-em-campanha-eleitoral\/#primaryimage","url":"","contentUrl":""},{"@type":"BreadcrumbList","@id":"https:\/\/cleitonpinheiro.com.br\/site\/sindicato-dos-medicos-do-tocantins-repudia-uso-indevido-da-imagem-do-dr-manoel-odir-rocha-em-campanha-eleitoral\/#breadcrumb","itemListElement":[{"@type":"ListItem","position":1,"name":"In\u00edcio","item":"https:\/\/cleitonpinheiro.com.br\/site\/"},{"@type":"ListItem","position":2,"name":"Sindicato dos M\u00e9dicos do Tocantins repudia uso indevido da imagem do Dr. Manoel Odir Rocha em campanha eleitoral"}]},{"@type":"WebSite","@id":"https:\/\/cleitonpinheiro.com.br\/site\/#website","url":"https:\/\/cleitonpinheiro.com.br\/site\/","name":"PORTAL DE NOT\u00cdCIAS CLEITON PINHEIRO","description":"FALANDO A VERDADE","publisher":{"@id":"https:\/\/cleitonpinheiro.com.br\/site\/#organization"},"potentialAction":[{"@type":"SearchAction","target":{"@type":"EntryPoint","urlTemplate":"https:\/\/cleitonpinheiro.com.br\/site\/?s={search_term_string}"},"query-input":{"@type":"PropertyValueSpecification","valueRequired":true,"valueName":"search_term_string"}}],"inLanguage":"pt-BR"},{"@type":"Organization","@id":"https:\/\/cleitonpinheiro.com.br\/site\/#organization","name":"CPNOT\u00cdCIAS","url":"https:\/\/cleitonpinheiro.com.br\/site\/","logo":{"@type":"ImageObject","inLanguage":"pt-BR","@id":"https:\/\/cleitonpinheiro.com.br\/site\/#\/schema\/logo\/image\/","url":"https:\/\/cleitonpinheiro.com.br\/site\/wp-content\/uploads\/2022\/08\/Logo-pequena-2.png","contentUrl":"https:\/\/cleitonpinheiro.com.br\/site\/wp-content\/uploads\/2022\/08\/Logo-pequena-2.png","width":500,"height":500,"caption":"CPNOT\u00cdCIAS"},"image":{"@id":"https:\/\/cleitonpinheiro.com.br\/site\/#\/schema\/logo\/image\/"},"sameAs":["https:\/\/www.facebook.com\/portalcpnoticias\/"]},{"@type":"Person","@id":"https:\/\/cleitonpinheiro.com.br\/site\/#\/schema\/person\/8f04544e0bc40a1b68775b08360f87db","name":"Reda\u00e7\u00e3o CP","image":{"@type":"ImageObject","inLanguage":"pt-BR","@id":"https:\/\/cleitonpinheiro.com.br\/site\/#\/schema\/person\/image\/","url":"https:\/\/secure.gravatar.com\/avatar\/0bcf19cb29fdc8fc588c490c7ae1b3e174dac268586a63fbe1d1893a0f9020cd?s=96&r=g","contentUrl":"https:\/\/secure.gravatar.com\/avatar\/0bcf19cb29fdc8fc588c490c7ae1b3e174dac268586a63fbe1d1893a0f9020cd?s=96&r=g","caption":"Reda\u00e7\u00e3o CP"},"url":"https:\/\/cleitonpinheiro.com.br\/site\/author\/redacao\/"}]}},"views":209,"_links":{"self":[{"href":"https:\/\/cleitonpinheiro.com.br\/site\/wp-json\/wp\/v2\/posts\/81894","targetHints":{"allow":["GET"]}}],"collection":[{"href":"https:\/\/cleitonpinheiro.com.br\/site\/wp-json\/wp\/v2\/posts"}],"about":[{"href":"https:\/\/cleitonpinheiro.com.br\/site\/wp-json\/wp\/v2\/types\/post"}],"author":[{"embeddable":true,"href":"https:\/\/cleitonpinheiro.com.br\/site\/wp-json\/wp\/v2\/users\/13"}],"replies":[{"embeddable":true,"href":"https:\/\/cleitonpinheiro.com.br\/site\/wp-json\/wp\/v2\/comments?post=81894"}],"version-history":[{"count":1,"href":"https:\/\/cleitonpinheiro.com.br\/site\/wp-json\/wp\/v2\/posts\/81894\/revisions"}],"predecessor-version":[{"id":81896,"href":"https:\/\/cleitonpinheiro.com.br\/site\/wp-json\/wp\/v2\/posts\/81894\/revisions\/81896"}],"wp:attachment":[{"href":"https:\/\/cleitonpinheiro.com.br\/site\/wp-json\/wp\/v2\/media?parent=81894"}],"wp:term":[{"taxonomy":"category","embeddable":true,"href":"https:\/\/cleitonpinheiro.com.br\/site\/wp-json\/wp\/v2\/categories?post=81894"},{"taxonomy":"post_tag","embeddable":true,"href":"https:\/\/cleitonpinheiro.com.br\/site\/wp-json\/wp\/v2\/tags?post=81894"}],"curies":[{"name":"wp","href":"https:\/\/api.w.org\/{rel}","templated":true}]}}