{"id":81901,"date":"2024-10-16T16:50:22","date_gmt":"2024-10-16T19:50:22","guid":{"rendered":"https:\/\/cleitonpinheiro.com.br\/site\/?p=81901"},"modified":"2024-10-16T16:50:26","modified_gmt":"2024-10-16T19:50:26","slug":"homem-condenado-por-estrupro-de-vulneravel-e-preso-pela-policia-civil-do-tocantins-no-municipio-de-ponte-alta-do-bom-jesus","status":"publish","type":"post","link":"https:\/\/cleitonpinheiro.com.br\/site\/homem-condenado-por-estrupro-de-vulneravel-e-preso-pela-policia-civil-do-tocantins-no-municipio-de-ponte-alta-do-bom-jesus\/","title":{"rendered":"Homem condenado por estrupro de vulner\u00e1vel \u00e9 preso pela Pol\u00edcia Civil do Tocantins no munic\u00edpio de Ponte Alta do Bom Jesus\u00a0"},"content":{"rendered":"\n<figure class=\"wp-block-gallery has-nested-images columns-default is-cropped wp-block-gallery-1 is-layout-flex wp-block-gallery-is-layout-flex\">\n<figure class=\"wp-block-image size-large\"><img decoding=\"async\" data-id=\"81902\" src=\"https:\/\/cleitonpinheiro.com.br\/site\/wp-content\/uploads\/2024\/10\/WhatsApp-Image-2024-10-16-at-15.01.05-768x1024.jpeg\" alt=\"\" class=\"wp-image-81902\"\/><figcaption class=\"wp-element-caption\">Foto: Divulga\u00e7\u00e3o SSP\/TO<\/figcaption><\/figure>\n<\/figure>\n\n\n\n<p>Na manh\u00e3 desta quarta-feira, 16, equipes da Pol\u00edcia Civil do Tocantins cumpriram um mandado de pris\u00e3o contra um homem de 54 anos no munic\u00edpio de Ponte Alta do Bom Jesus. O homem foi condenado a 11 anos e tr\u00eas meses de pris\u00e3o, em regime fechado pela pr\u00e1tica de estupro de vulner\u00e1vel.<\/p>\n\n\n\n<p>De acordo com a delegada Vanusa Regina de Carvalho, titular da 11\u00aa Delegacia Especializada em Atendimento \u00e0 Mulher e Vulner\u00e1veis (Deamv &#8211; Arraias), o crime ocorreu em 2016, na cidade de Combinado e a v\u00edtima na \u00e9poca dos fatos, tinha 13 anos.&nbsp;<\/p>\n\n\n\n<p>A delegada destaca que a Pol\u00edcia Civil conta com uma equipe especializada para atender v\u00edtimas de todos os tipos de abuso e refor\u00e7a a import\u00e2ncia das den\u00fancias destes crimes. &#8220;O abuso ocorreu h\u00e1 cerca de oito anos, mas a v\u00edtima demorou a denunciar por medo. Se voc\u00ea conhece algu\u00e9m que sofre abusos ou se j\u00e1 passou ou est\u00e1 passando por algo semelhante, n\u00e3o tenha medo, denuncie! A Pol\u00edcia Civil possui delegacias em todo o Estado, al\u00e9m de delegacias especializadas e a delegacia virtual\u201d, destaca a delegada.<\/p>\n\n\n\n<p>A opera\u00e7\u00e3o contou com o apoio das equipes da Pol\u00edcia Civil dos munic\u00edpios de Combinado e Arraias. O homem foi conduzido \u00e0 103\u00aa Delegacia de Pol\u00edcia de Taguatinga e, posteriormente, recambiado para a Unidade Prisional de Taguatinga, onde permanecer\u00e1 \u00e0 disposi\u00e7\u00e3o da Justi\u00e7a.<\/p>\n\n\n\n<p>Texto: Larissa Mendes \/ Governo do Tocantins\u00a0<\/p>\n","protected":false},"excerpt":{"rendered":"<p>Na manh\u00e3 desta quarta-feira, 16, equipes da Pol\u00edcia Civil do Tocantins cumpriram um mandado de pris\u00e3o contra um homem de 54 anos no munic\u00edpio de Ponte Alta do Bom Jesus. O homem foi condenado a 11 anos e tr\u00eas meses de pris\u00e3o, em regime fechado pela pr\u00e1tica de estupro de vulner\u00e1vel. De acordo com a [&hellip;]<\/p>\n","protected":false},"author":13,"featured_media":0,"comment_status":"open","ping_status":"open","sticky":false,"template":"","format":"standard","meta":{"_acf_changed":false,"footnotes":""},"categories":[8,898],"tags":[1307],"class_list":["post-81901","post","type-post","status-publish","format-standard","hentry","category-estado","category-manchete-segundaria","tag-ssp-to"],"acf":[],"yoast_head":"<!-- This site is optimized with the Yoast SEO plugin v24.4 - https:\/\/yoast.com\/wordpress\/plugins\/seo\/ -->\n<title>Homem condenado por estrupro de vulner\u00e1vel \u00e9 preso pela Pol\u00edcia Civil do Tocantins no munic\u00edpio de Ponte Alta do Bom Jesus\u00a0 - PORTAL DE NOT\u00cdCIAS CLEITON PINHEIRO<\/title>\n<meta name=\"robots\" content=\"index, follow, max-snippet:-1, max-image-preview:large, max-video-preview:-1\" \/>\n<link rel=\"canonical\" href=\"https:\/\/cleitonpinheiro.com.br\/site\/homem-condenado-por-estrupro-de-vulneravel-e-preso-pela-policia-civil-do-tocantins-no-municipio-de-ponte-alta-do-bom-jesus\/\" \/>\n<meta property=\"og:locale\" content=\"pt_BR\" \/>\n<meta property=\"og:type\" content=\"article\" \/>\n<meta property=\"og:title\" content=\"Homem condenado por estrupro de vulner\u00e1vel \u00e9 preso pela Pol\u00edcia Civil do Tocantins no munic\u00edpio de Ponte Alta do Bom Jesus\u00a0 - PORTAL DE NOT\u00cdCIAS CLEITON PINHEIRO\" \/>\n<meta property=\"og:description\" content=\"Na manh\u00e3 desta quarta-feira, 16, equipes da Pol\u00edcia Civil do Tocantins cumpriram um mandado de pris\u00e3o contra um homem de 54 anos no munic\u00edpio de Ponte Alta do Bom Jesus. O homem foi condenado a 11 anos e tr\u00eas meses de pris\u00e3o, em regime fechado pela pr\u00e1tica de estupro de vulner\u00e1vel. De acordo com a [&hellip;]\" \/>\n<meta property=\"og:url\" content=\"https:\/\/cleitonpinheiro.com.br\/site\/homem-condenado-por-estrupro-de-vulneravel-e-preso-pela-policia-civil-do-tocantins-no-municipio-de-ponte-alta-do-bom-jesus\/\" \/>\n<meta property=\"og:site_name\" content=\"PORTAL DE NOT\u00cdCIAS CLEITON PINHEIRO\" \/>\n<meta property=\"article:publisher\" content=\"https:\/\/www.facebook.com\/portalcpnoticias\/\" \/>\n<meta property=\"article:published_time\" content=\"2024-10-16T19:50:22+00:00\" \/>\n<meta property=\"article:modified_time\" content=\"2024-10-16T19:50:26+00:00\" \/>\n<meta property=\"og:image\" content=\"https:\/\/cleitonpinheiro.com.br\/site\/wp-content\/uploads\/2024\/10\/WhatsApp-Image-2024-10-16-at-15.01.05.jpeg\" \/>\n\t<meta property=\"og:image:width\" content=\"960\" \/>\n\t<meta property=\"og:image:height\" content=\"1280\" \/>\n\t<meta property=\"og:image:type\" content=\"image\/jpeg\" \/>\n<meta name=\"author\" content=\"Reda\u00e7\u00e3o CP\" \/>\n<meta name=\"twitter:card\" content=\"summary_large_image\" \/>\n<meta name=\"twitter:label1\" content=\"Escrito por\" \/>\n\t<meta name=\"twitter:data1\" content=\"Reda\u00e7\u00e3o CP\" \/>\n\t<meta name=\"twitter:label2\" content=\"Est. tempo de leitura\" \/>\n\t<meta name=\"twitter:data2\" content=\"2 minutos\" \/>\n<script type=\"application\/ld+json\" class=\"yoast-schema-graph\">{\"@context\":\"https:\/\/schema.org\",\"@graph\":[{\"@type\":\"Article\",\"@id\":\"https:\/\/cleitonpinheiro.com.br\/site\/homem-condenado-por-estrupro-de-vulneravel-e-preso-pela-policia-civil-do-tocantins-no-municipio-de-ponte-alta-do-bom-jesus\/#article\",\"isPartOf\":{\"@id\":\"https:\/\/cleitonpinheiro.com.br\/site\/homem-condenado-por-estrupro-de-vulneravel-e-preso-pela-policia-civil-do-tocantins-no-municipio-de-ponte-alta-do-bom-jesus\/\"},\"author\":{\"name\":\"Reda\u00e7\u00e3o CP\",\"@id\":\"https:\/\/cleitonpinheiro.com.br\/site\/#\/schema\/person\/8f04544e0bc40a1b68775b08360f87db\"},\"headline\":\"Homem condenado por estrupro de vulner\u00e1vel \u00e9 preso pela Pol\u00edcia Civil do Tocantins no munic\u00edpio de Ponte Alta do Bom Jesus\u00a0\",\"datePublished\":\"2024-10-16T19:50:22+00:00\",\"dateModified\":\"2024-10-16T19:50:26+00:00\",\"mainEntityOfPage\":{\"@id\":\"https:\/\/cleitonpinheiro.com.br\/site\/homem-condenado-por-estrupro-de-vulneravel-e-preso-pela-policia-civil-do-tocantins-no-municipio-de-ponte-alta-do-bom-jesus\/\"},\"wordCount\":272,\"commentCount\":0,\"publisher\":{\"@id\":\"https:\/\/cleitonpinheiro.com.br\/site\/#organization\"},\"image\":{\"@id\":\"https:\/\/cleitonpinheiro.com.br\/site\/homem-condenado-por-estrupro-de-vulneravel-e-preso-pela-policia-civil-do-tocantins-no-municipio-de-ponte-alta-do-bom-jesus\/#primaryimage\"},\"thumbnailUrl\":\"https:\/\/cleitonpinheiro.com.br\/site\/wp-content\/uploads\/2024\/10\/WhatsApp-Image-2024-10-16-at-15.01.05-768x1024.jpeg\",\"keywords\":[\"SSP-TO\"],\"articleSection\":[\"ESTADO\",\"MANCHETE SEGUND\u00c1RIA\"],\"inLanguage\":\"pt-BR\",\"potentialAction\":[{\"@type\":\"CommentAction\",\"name\":\"Comment\",\"target\":[\"https:\/\/cleitonpinheiro.com.br\/site\/homem-condenado-por-estrupro-de-vulneravel-e-preso-pela-policia-civil-do-tocantins-no-municipio-de-ponte-alta-do-bom-jesus\/#respond\"]}]},{\"@type\":\"WebPage\",\"@id\":\"https:\/\/cleitonpinheiro.com.br\/site\/homem-condenado-por-estrupro-de-vulneravel-e-preso-pela-policia-civil-do-tocantins-no-municipio-de-ponte-alta-do-bom-jesus\/\",\"url\":\"https:\/\/cleitonpinheiro.com.br\/site\/homem-condenado-por-estrupro-de-vulneravel-e-preso-pela-policia-civil-do-tocantins-no-municipio-de-ponte-alta-do-bom-jesus\/\",\"name\":\"Homem condenado por estrupro de vulner\u00e1vel \u00e9 preso pela Pol\u00edcia Civil do Tocantins no munic\u00edpio de Ponte Alta do Bom Jesus\u00a0 - PORTAL DE NOT\u00cdCIAS CLEITON PINHEIRO\",\"isPartOf\":{\"@id\":\"https:\/\/cleitonpinheiro.com.br\/site\/#website\"},\"primaryImageOfPage\":{\"@id\":\"https:\/\/cleitonpinheiro.com.br\/site\/homem-condenado-por-estrupro-de-vulneravel-e-preso-pela-policia-civil-do-tocantins-no-municipio-de-ponte-alta-do-bom-jesus\/#primaryimage\"},\"image\":{\"@id\":\"https:\/\/cleitonpinheiro.com.br\/site\/homem-condenado-por-estrupro-de-vulneravel-e-preso-pela-policia-civil-do-tocantins-no-municipio-de-ponte-alta-do-bom-jesus\/#primaryimage\"},\"thumbnailUrl\":\"https:\/\/cleitonpinheiro.com.br\/site\/wp-content\/uploads\/2024\/10\/WhatsApp-Image-2024-10-16-at-15.01.05-768x1024.jpeg\",\"datePublished\":\"2024-10-16T19:50:22+00:00\",\"dateModified\":\"2024-10-16T19:50:26+00:00\",\"breadcrumb\":{\"@id\":\"https:\/\/cleitonpinheiro.com.br\/site\/homem-condenado-por-estrupro-de-vulneravel-e-preso-pela-policia-civil-do-tocantins-no-municipio-de-ponte-alta-do-bom-jesus\/#breadcrumb\"},\"inLanguage\":\"pt-BR\",\"potentialAction\":[{\"@type\":\"ReadAction\",\"target\":[\"https:\/\/cleitonpinheiro.com.br\/site\/homem-condenado-por-estrupro-de-vulneravel-e-preso-pela-policia-civil-do-tocantins-no-municipio-de-ponte-alta-do-bom-jesus\/\"]}]},{\"@type\":\"ImageObject\",\"inLanguage\":\"pt-BR\",\"@id\":\"https:\/\/cleitonpinheiro.com.br\/site\/homem-condenado-por-estrupro-de-vulneravel-e-preso-pela-policia-civil-do-tocantins-no-municipio-de-ponte-alta-do-bom-jesus\/#primaryimage\",\"url\":\"\",\"contentUrl\":\"\"},{\"@type\":\"BreadcrumbList\",\"@id\":\"https:\/\/cleitonpinheiro.com.br\/site\/homem-condenado-por-estrupro-de-vulneravel-e-preso-pela-policia-civil-do-tocantins-no-municipio-de-ponte-alta-do-bom-jesus\/#breadcrumb\",\"itemListElement\":[{\"@type\":\"ListItem\",\"position\":1,\"name\":\"In\u00edcio\",\"item\":\"https:\/\/cleitonpinheiro.com.br\/site\/\"},{\"@type\":\"ListItem\",\"position\":2,\"name\":\"Homem condenado por estrupro de vulner\u00e1vel \u00e9 preso pela Pol\u00edcia Civil do Tocantins no munic\u00edpio de Ponte Alta do Bom Jesus\u00a0\"}]},{\"@type\":\"WebSite\",\"@id\":\"https:\/\/cleitonpinheiro.com.br\/site\/#website\",\"url\":\"https:\/\/cleitonpinheiro.com.br\/site\/\",\"name\":\"PORTAL DE NOT\u00cdCIAS CLEITON PINHEIRO\",\"description\":\"FALANDO A VERDADE\",\"publisher\":{\"@id\":\"https:\/\/cleitonpinheiro.com.br\/site\/#organization\"},\"potentialAction\":[{\"@type\":\"SearchAction\",\"target\":{\"@type\":\"EntryPoint\",\"urlTemplate\":\"https:\/\/cleitonpinheiro.com.br\/site\/?s={search_term_string}\"},\"query-input\":{\"@type\":\"PropertyValueSpecification\",\"valueRequired\":true,\"valueName\":\"search_term_string\"}}],\"inLanguage\":\"pt-BR\"},{\"@type\":\"Organization\",\"@id\":\"https:\/\/cleitonpinheiro.com.br\/site\/#organization\",\"name\":\"CPNOT\u00cdCIAS\",\"url\":\"https:\/\/cleitonpinheiro.com.br\/site\/\",\"logo\":{\"@type\":\"ImageObject\",\"inLanguage\":\"pt-BR\",\"@id\":\"https:\/\/cleitonpinheiro.com.br\/site\/#\/schema\/logo\/image\/\",\"url\":\"https:\/\/cleitonpinheiro.com.br\/site\/wp-content\/uploads\/2022\/08\/Logo-pequena-2.png\",\"contentUrl\":\"https:\/\/cleitonpinheiro.com.br\/site\/wp-content\/uploads\/2022\/08\/Logo-pequena-2.png\",\"width\":500,\"height\":500,\"caption\":\"CPNOT\u00cdCIAS\"},\"image\":{\"@id\":\"https:\/\/cleitonpinheiro.com.br\/site\/#\/schema\/logo\/image\/\"},\"sameAs\":[\"https:\/\/www.facebook.com\/portalcpnoticias\/\"]},{\"@type\":\"Person\",\"@id\":\"https:\/\/cleitonpinheiro.com.br\/site\/#\/schema\/person\/8f04544e0bc40a1b68775b08360f87db\",\"name\":\"Reda\u00e7\u00e3o CP\",\"image\":{\"@type\":\"ImageObject\",\"inLanguage\":\"pt-BR\",\"@id\":\"https:\/\/cleitonpinheiro.com.br\/site\/#\/schema\/person\/image\/\",\"url\":\"https:\/\/secure.gravatar.com\/avatar\/0bcf19cb29fdc8fc588c490c7ae1b3e174dac268586a63fbe1d1893a0f9020cd?s=96&r=g\",\"contentUrl\":\"https:\/\/secure.gravatar.com\/avatar\/0bcf19cb29fdc8fc588c490c7ae1b3e174dac268586a63fbe1d1893a0f9020cd?s=96&r=g\",\"caption\":\"Reda\u00e7\u00e3o CP\"},\"url\":\"https:\/\/cleitonpinheiro.com.br\/site\/author\/redacao\/\"}]}<\/script>\n<!-- \/ Yoast SEO plugin. -->","yoast_head_json":{"title":"Homem condenado por estrupro de vulner\u00e1vel \u00e9 preso pela Pol\u00edcia Civil do Tocantins no munic\u00edpio de Ponte Alta do Bom Jesus\u00a0 - PORTAL DE NOT\u00cdCIAS CLEITON PINHEIRO","robots":{"index":"index","follow":"follow","max-snippet":"max-snippet:-1","max-image-preview":"max-image-preview:large","max-video-preview":"max-video-preview:-1"},"canonical":"https:\/\/cleitonpinheiro.com.br\/site\/homem-condenado-por-estrupro-de-vulneravel-e-preso-pela-policia-civil-do-tocantins-no-municipio-de-ponte-alta-do-bom-jesus\/","og_locale":"pt_BR","og_type":"article","og_title":"Homem condenado por estrupro de vulner\u00e1vel \u00e9 preso pela Pol\u00edcia Civil do Tocantins no munic\u00edpio de Ponte Alta do Bom Jesus\u00a0 - PORTAL DE NOT\u00cdCIAS CLEITON PINHEIRO","og_description":"Na manh\u00e3 desta quarta-feira, 16, equipes da Pol\u00edcia Civil do Tocantins cumpriram um mandado de pris\u00e3o contra um homem de 54 anos no munic\u00edpio de Ponte Alta do Bom Jesus. O homem foi condenado a 11 anos e tr\u00eas meses de pris\u00e3o, em regime fechado pela pr\u00e1tica de estupro de vulner\u00e1vel. De acordo com a [&hellip;]","og_url":"https:\/\/cleitonpinheiro.com.br\/site\/homem-condenado-por-estrupro-de-vulneravel-e-preso-pela-policia-civil-do-tocantins-no-municipio-de-ponte-alta-do-bom-jesus\/","og_site_name":"PORTAL DE NOT\u00cdCIAS CLEITON PINHEIRO","article_publisher":"https:\/\/www.facebook.com\/portalcpnoticias\/","article_published_time":"2024-10-16T19:50:22+00:00","article_modified_time":"2024-10-16T19:50:26+00:00","og_image":[{"width":960,"height":1280,"url":"https:\/\/cleitonpinheiro.com.br\/site\/wp-content\/uploads\/2024\/10\/WhatsApp-Image-2024-10-16-at-15.01.05.jpeg","type":"image\/jpeg"}],"author":"Reda\u00e7\u00e3o CP","twitter_card":"summary_large_image","twitter_misc":{"Escrito por":"Reda\u00e7\u00e3o CP","Est. tempo de leitura":"2 minutos"},"schema":{"@context":"https:\/\/schema.org","@graph":[{"@type":"Article","@id":"https:\/\/cleitonpinheiro.com.br\/site\/homem-condenado-por-estrupro-de-vulneravel-e-preso-pela-policia-civil-do-tocantins-no-municipio-de-ponte-alta-do-bom-jesus\/#article","isPartOf":{"@id":"https:\/\/cleitonpinheiro.com.br\/site\/homem-condenado-por-estrupro-de-vulneravel-e-preso-pela-policia-civil-do-tocantins-no-municipio-de-ponte-alta-do-bom-jesus\/"},"author":{"name":"Reda\u00e7\u00e3o CP","@id":"https:\/\/cleitonpinheiro.com.br\/site\/#\/schema\/person\/8f04544e0bc40a1b68775b08360f87db"},"headline":"Homem condenado por estrupro de vulner\u00e1vel \u00e9 preso pela Pol\u00edcia Civil do Tocantins no munic\u00edpio de Ponte Alta do Bom Jesus\u00a0","datePublished":"2024-10-16T19:50:22+00:00","dateModified":"2024-10-16T19:50:26+00:00","mainEntityOfPage":{"@id":"https:\/\/cleitonpinheiro.com.br\/site\/homem-condenado-por-estrupro-de-vulneravel-e-preso-pela-policia-civil-do-tocantins-no-municipio-de-ponte-alta-do-bom-jesus\/"},"wordCount":272,"commentCount":0,"publisher":{"@id":"https:\/\/cleitonpinheiro.com.br\/site\/#organization"},"image":{"@id":"https:\/\/cleitonpinheiro.com.br\/site\/homem-condenado-por-estrupro-de-vulneravel-e-preso-pela-policia-civil-do-tocantins-no-municipio-de-ponte-alta-do-bom-jesus\/#primaryimage"},"thumbnailUrl":"https:\/\/cleitonpinheiro.com.br\/site\/wp-content\/uploads\/2024\/10\/WhatsApp-Image-2024-10-16-at-15.01.05-768x1024.jpeg","keywords":["SSP-TO"],"articleSection":["ESTADO","MANCHETE SEGUND\u00c1RIA"],"inLanguage":"pt-BR","potentialAction":[{"@type":"CommentAction","name":"Comment","target":["https:\/\/cleitonpinheiro.com.br\/site\/homem-condenado-por-estrupro-de-vulneravel-e-preso-pela-policia-civil-do-tocantins-no-municipio-de-ponte-alta-do-bom-jesus\/#respond"]}]},{"@type":"WebPage","@id":"https:\/\/cleitonpinheiro.com.br\/site\/homem-condenado-por-estrupro-de-vulneravel-e-preso-pela-policia-civil-do-tocantins-no-municipio-de-ponte-alta-do-bom-jesus\/","url":"https:\/\/cleitonpinheiro.com.br\/site\/homem-condenado-por-estrupro-de-vulneravel-e-preso-pela-policia-civil-do-tocantins-no-municipio-de-ponte-alta-do-bom-jesus\/","name":"Homem condenado por estrupro de vulner\u00e1vel \u00e9 preso pela Pol\u00edcia Civil do Tocantins no munic\u00edpio de Ponte Alta do Bom Jesus\u00a0 - PORTAL DE NOT\u00cdCIAS CLEITON PINHEIRO","isPartOf":{"@id":"https:\/\/cleitonpinheiro.com.br\/site\/#website"},"primaryImageOfPage":{"@id":"https:\/\/cleitonpinheiro.com.br\/site\/homem-condenado-por-estrupro-de-vulneravel-e-preso-pela-policia-civil-do-tocantins-no-municipio-de-ponte-alta-do-bom-jesus\/#primaryimage"},"image":{"@id":"https:\/\/cleitonpinheiro.com.br\/site\/homem-condenado-por-estrupro-de-vulneravel-e-preso-pela-policia-civil-do-tocantins-no-municipio-de-ponte-alta-do-bom-jesus\/#primaryimage"},"thumbnailUrl":"https:\/\/cleitonpinheiro.com.br\/site\/wp-content\/uploads\/2024\/10\/WhatsApp-Image-2024-10-16-at-15.01.05-768x1024.jpeg","datePublished":"2024-10-16T19:50:22+00:00","dateModified":"2024-10-16T19:50:26+00:00","breadcrumb":{"@id":"https:\/\/cleitonpinheiro.com.br\/site\/homem-condenado-por-estrupro-de-vulneravel-e-preso-pela-policia-civil-do-tocantins-no-municipio-de-ponte-alta-do-bom-jesus\/#breadcrumb"},"inLanguage":"pt-BR","potentialAction":[{"@type":"ReadAction","target":["https:\/\/cleitonpinheiro.com.br\/site\/homem-condenado-por-estrupro-de-vulneravel-e-preso-pela-policia-civil-do-tocantins-no-municipio-de-ponte-alta-do-bom-jesus\/"]}]},{"@type":"ImageObject","inLanguage":"pt-BR","@id":"https:\/\/cleitonpinheiro.com.br\/site\/homem-condenado-por-estrupro-de-vulneravel-e-preso-pela-policia-civil-do-tocantins-no-municipio-de-ponte-alta-do-bom-jesus\/#primaryimage","url":"","contentUrl":""},{"@type":"BreadcrumbList","@id":"https:\/\/cleitonpinheiro.com.br\/site\/homem-condenado-por-estrupro-de-vulneravel-e-preso-pela-policia-civil-do-tocantins-no-municipio-de-ponte-alta-do-bom-jesus\/#breadcrumb","itemListElement":[{"@type":"ListItem","position":1,"name":"In\u00edcio","item":"https:\/\/cleitonpinheiro.com.br\/site\/"},{"@type":"ListItem","position":2,"name":"Homem condenado por estrupro de vulner\u00e1vel \u00e9 preso pela Pol\u00edcia Civil do Tocantins no munic\u00edpio de Ponte Alta do Bom Jesus\u00a0"}]},{"@type":"WebSite","@id":"https:\/\/cleitonpinheiro.com.br\/site\/#website","url":"https:\/\/cleitonpinheiro.com.br\/site\/","name":"PORTAL DE NOT\u00cdCIAS CLEITON PINHEIRO","description":"FALANDO A VERDADE","publisher":{"@id":"https:\/\/cleitonpinheiro.com.br\/site\/#organization"},"potentialAction":[{"@type":"SearchAction","target":{"@type":"EntryPoint","urlTemplate":"https:\/\/cleitonpinheiro.com.br\/site\/?s={search_term_string}"},"query-input":{"@type":"PropertyValueSpecification","valueRequired":true,"valueName":"search_term_string"}}],"inLanguage":"pt-BR"},{"@type":"Organization","@id":"https:\/\/cleitonpinheiro.com.br\/site\/#organization","name":"CPNOT\u00cdCIAS","url":"https:\/\/cleitonpinheiro.com.br\/site\/","logo":{"@type":"ImageObject","inLanguage":"pt-BR","@id":"https:\/\/cleitonpinheiro.com.br\/site\/#\/schema\/logo\/image\/","url":"https:\/\/cleitonpinheiro.com.br\/site\/wp-content\/uploads\/2022\/08\/Logo-pequena-2.png","contentUrl":"https:\/\/cleitonpinheiro.com.br\/site\/wp-content\/uploads\/2022\/08\/Logo-pequena-2.png","width":500,"height":500,"caption":"CPNOT\u00cdCIAS"},"image":{"@id":"https:\/\/cleitonpinheiro.com.br\/site\/#\/schema\/logo\/image\/"},"sameAs":["https:\/\/www.facebook.com\/portalcpnoticias\/"]},{"@type":"Person","@id":"https:\/\/cleitonpinheiro.com.br\/site\/#\/schema\/person\/8f04544e0bc40a1b68775b08360f87db","name":"Reda\u00e7\u00e3o CP","image":{"@type":"ImageObject","inLanguage":"pt-BR","@id":"https:\/\/cleitonpinheiro.com.br\/site\/#\/schema\/person\/image\/","url":"https:\/\/secure.gravatar.com\/avatar\/0bcf19cb29fdc8fc588c490c7ae1b3e174dac268586a63fbe1d1893a0f9020cd?s=96&r=g","contentUrl":"https:\/\/secure.gravatar.com\/avatar\/0bcf19cb29fdc8fc588c490c7ae1b3e174dac268586a63fbe1d1893a0f9020cd?s=96&r=g","caption":"Reda\u00e7\u00e3o CP"},"url":"https:\/\/cleitonpinheiro.com.br\/site\/author\/redacao\/"}]}},"views":184,"_links":{"self":[{"href":"https:\/\/cleitonpinheiro.com.br\/site\/wp-json\/wp\/v2\/posts\/81901","targetHints":{"allow":["GET"]}}],"collection":[{"href":"https:\/\/cleitonpinheiro.com.br\/site\/wp-json\/wp\/v2\/posts"}],"about":[{"href":"https:\/\/cleitonpinheiro.com.br\/site\/wp-json\/wp\/v2\/types\/post"}],"author":[{"embeddable":true,"href":"https:\/\/cleitonpinheiro.com.br\/site\/wp-json\/wp\/v2\/users\/13"}],"replies":[{"embeddable":true,"href":"https:\/\/cleitonpinheiro.com.br\/site\/wp-json\/wp\/v2\/comments?post=81901"}],"version-history":[{"count":1,"href":"https:\/\/cleitonpinheiro.com.br\/site\/wp-json\/wp\/v2\/posts\/81901\/revisions"}],"predecessor-version":[{"id":81903,"href":"https:\/\/cleitonpinheiro.com.br\/site\/wp-json\/wp\/v2\/posts\/81901\/revisions\/81903"}],"wp:attachment":[{"href":"https:\/\/cleitonpinheiro.com.br\/site\/wp-json\/wp\/v2\/media?parent=81901"}],"wp:term":[{"taxonomy":"category","embeddable":true,"href":"https:\/\/cleitonpinheiro.com.br\/site\/wp-json\/wp\/v2\/categories?post=81901"},{"taxonomy":"post_tag","embeddable":true,"href":"https:\/\/cleitonpinheiro.com.br\/site\/wp-json\/wp\/v2\/tags?post=81901"}],"curies":[{"name":"wp","href":"https:\/\/api.w.org\/{rel}","templated":true}]}}