{"id":82207,"date":"2024-10-25T10:39:17","date_gmt":"2024-10-25T13:39:17","guid":{"rendered":"https:\/\/cleitonpinheiro.com.br\/site\/?p=82207"},"modified":"2024-10-25T10:42:40","modified_gmt":"2024-10-25T13:42:40","slug":"segundo-turno-em-palmas-e-preciso-que-o-voto-seja-refletido-e-consciente","status":"publish","type":"post","link":"https:\/\/cleitonpinheiro.com.br\/site\/segundo-turno-em-palmas-e-preciso-que-o-voto-seja-refletido-e-consciente\/","title":{"rendered":"Segundo turno em Palmas: \u00e9 preciso que o voto seja refletido e consciente"},"content":{"rendered":"\n<figure class=\"wp-block-gallery has-nested-images columns-default is-cropped wp-block-gallery-1 is-layout-flex wp-block-gallery-is-layout-flex\">\n<figure class=\"wp-block-image size-large\"><img decoding=\"async\" data-id=\"82208\" src=\"https:\/\/cleitonpinheiro.com.br\/site\/wp-content\/uploads\/2024\/10\/7-1.png\" alt=\"\" class=\"wp-image-82208\"\/><\/figure>\n<\/figure>\n\n\n\n<p><\/p>\n\n\n\n<p>Falta muito pouco para o eleitorado palmense ir \u00e0s urnas para votar neste in\u00e9dito segundo turno na Capital do Tocantins. Daqui a poucos dias, ser\u00e1 s\u00f3 o eleitor em frente \u00e0 urna. N\u00e3o haver\u00e1 mais propaganda eleitoral, debate, sabatina, v\u00eddeos de acusa\u00e7\u00f5es ou qualquer outro meio que ainda tente influenciar a escolha do eleitorado.<\/p>\n\n\n\n<p>E o poder da escolha \u00e9 exatamente a maior arma que o eleitor tem nas m\u00e3os. Toda arma \u00e9, antes de tudo, um escudo. \u00c9 um objeto que, de modo consciente ou instintivo, busca proteger; um gesto que nasce do impulso de sobreviver a qualquer amea\u00e7a pr\u00f3xima.<\/p>\n\n\n\n<p>Com esse mesmo esp\u00edrito de resist\u00eancia, mais uma vez, precisamos enxergar na penumbra ao nosso redor a chance de transformar nossa arma mais poderosa em algo saud\u00e1vel. S\u00e3o apenas dois candidatos e uma \u00fanica escolha que vai revelar qual \u00e9 o projeto de cidade que a maioria do eleitorado deseja para os pr\u00f3ximos anos.<\/p>\n\n\n\n<p>Penso que o senso de fortalecimento da democracia e o aut\u00eantico desejo do melhor caminho para Palmas, que precisam sobressair dentro de cada um de n\u00f3s.<\/p>\n\n\n\n<p><br>\u00c9 nossa responsabilidade dizer o que queremos e o que rejeitamos, e o voto \u00e9 uma grande oportunidade de fazermos isso. As se\u00e7\u00f5es eleitorais estar\u00e3o abertas das 8 \u00e0s 17 horas, sem interrup\u00e7\u00e3o, e o palmense precisa comparecer. Verifique seu local de vota\u00e7\u00e3o com anteced\u00eancia, leve seu documento oficial, organize-se e n\u00e3o perca o direito de votar e escolher qual caminho voc\u00ea quer para a nossa cidade: Palmas.<\/p>\n\n\n\n<p>Nesse sentido, n\u00e3o \u00e9 demasiado ressaltar que o voto precisa ser consciente. As propostas, a trajet\u00f3ria de cada candidato, o que defende e o que rejeita; tudo isso precisa ser cuidadosamente analisado por voc\u00ea, eleitor. As propostas s\u00e3o poss\u00edveis de serem executadas? Est\u00e3o alinhadas com o que mais importa para voc\u00ea e para a cidade? \u00c9 preciso refletir e \u00e9 preciso estar munido de muitas respostas antes de apertar a tecla verde na urna eletr\u00f4nica.<\/p>\n\n\n\n<p>Como l\u00edder classista e pioneiro na defesa das reivindica\u00e7\u00f5es dos servidores p\u00fablicos tocantinenses, eu n\u00e3o poderia deixar de registrar aqui tamb\u00e9m o meu apelo para a nossa categoria. No pr\u00f3ximo domingo, o servidor p\u00fablico tem em suas m\u00e3os a for\u00e7a de mais de 30 mil votos. Ao longo de todo o processo eleitoral, fiz muitos alertas e, por isso, nesta reta final, posso dizer: vote consciente, n\u00e3o se deixe levar pelas press\u00f5es e persegui\u00e7\u00f5es que certamente aconteceram no seu ambiente de trabalho ou em qualquer outro lugar. O voto \u00e9 seu! A sua consci\u00eancia \u00e9 livre e na cabine de vota\u00e7\u00e3o, s\u00f3 estar\u00e1 voc\u00ea.<\/p>\n\n\n\n<p>Finalmente, expresso meus sinceros votos de que Palmas tenha elei\u00e7\u00f5es tranquilas. Desejo que esse marco hist\u00f3rico que \u00e9 a primeira vez em que temos um segundo turno, seja oportunidade \u00edmpar para o pleno exerc\u00edcio da nossa democracia. E que ao chegar a hora, cada eleitor possa exercer seu direito de votar a partir de uma decis\u00e3o madura, refletida e consciente.<\/p>\n\n\n\n<p><em>Por Cleiton Pinheiro<\/em><\/p>\n\n\n\n<p><em>CEO do Portal CPNot\u00edcias e l\u00edder classista<\/em><\/p>\n","protected":false},"excerpt":{"rendered":"<p>Falta muito pouco para o eleitorado palmense ir \u00e0s urnas para votar neste in\u00e9dito segundo turno na Capital do Tocantins. Daqui a poucos dias, ser\u00e1 s\u00f3 o eleitor em frente \u00e0 urna. N\u00e3o haver\u00e1 mais propaganda eleitoral, debate, sabatina, v\u00eddeos de acusa\u00e7\u00f5es ou qualquer outro meio que ainda tente influenciar a escolha do eleitorado. E [&hellip;]<\/p>\n","protected":false},"author":10,"featured_media":0,"comment_status":"open","ping_status":"open","sticky":false,"template":"","format":"standard","meta":{"_acf_changed":false,"footnotes":""},"categories":[24,898],"tags":[1287],"class_list":["post-82207","post","type-post","status-publish","format-standard","hentry","category-colunas","category-manchete-segundaria","tag-eleicoes-2024"],"acf":[],"yoast_head":"<!-- This site is optimized with the Yoast SEO plugin v24.4 - https:\/\/yoast.com\/wordpress\/plugins\/seo\/ -->\n<title>Segundo turno em Palmas: \u00e9 preciso que o voto seja refletido e consciente - PORTAL DE NOT\u00cdCIAS CLEITON PINHEIRO<\/title>\n<meta name=\"robots\" content=\"index, follow, max-snippet:-1, max-image-preview:large, max-video-preview:-1\" \/>\n<link rel=\"canonical\" href=\"https:\/\/cleitonpinheiro.com.br\/site\/segundo-turno-em-palmas-e-preciso-que-o-voto-seja-refletido-e-consciente\/\" \/>\n<meta property=\"og:locale\" content=\"pt_BR\" \/>\n<meta property=\"og:type\" content=\"article\" \/>\n<meta property=\"og:title\" content=\"Segundo turno em Palmas: \u00e9 preciso que o voto seja refletido e consciente - PORTAL DE NOT\u00cdCIAS CLEITON PINHEIRO\" \/>\n<meta property=\"og:description\" content=\"Falta muito pouco para o eleitorado palmense ir \u00e0s urnas para votar neste in\u00e9dito segundo turno na Capital do Tocantins. Daqui a poucos dias, ser\u00e1 s\u00f3 o eleitor em frente \u00e0 urna. N\u00e3o haver\u00e1 mais propaganda eleitoral, debate, sabatina, v\u00eddeos de acusa\u00e7\u00f5es ou qualquer outro meio que ainda tente influenciar a escolha do eleitorado. E [&hellip;]\" \/>\n<meta property=\"og:url\" content=\"https:\/\/cleitonpinheiro.com.br\/site\/segundo-turno-em-palmas-e-preciso-que-o-voto-seja-refletido-e-consciente\/\" \/>\n<meta property=\"og:site_name\" content=\"PORTAL DE NOT\u00cdCIAS CLEITON PINHEIRO\" \/>\n<meta property=\"article:publisher\" content=\"https:\/\/www.facebook.com\/portalcpnoticias\/\" \/>\n<meta property=\"article:published_time\" content=\"2024-10-25T13:39:17+00:00\" \/>\n<meta property=\"article:modified_time\" content=\"2024-10-25T13:42:40+00:00\" \/>\n<meta property=\"og:image\" content=\"https:\/\/cleitonpinheiro.com.br\/site\/wp-content\/uploads\/2024\/10\/7-1.png\" \/>\n\t<meta property=\"og:image:width\" content=\"420\" \/>\n\t<meta property=\"og:image:height\" content=\"362\" \/>\n\t<meta property=\"og:image:type\" content=\"image\/png\" \/>\n<meta name=\"author\" content=\"Cleiton Pinheiro\" \/>\n<meta name=\"twitter:card\" content=\"summary_large_image\" \/>\n<meta name=\"twitter:label1\" content=\"Escrito por\" \/>\n\t<meta name=\"twitter:data1\" content=\"Cleiton Pinheiro\" \/>\n\t<meta name=\"twitter:label2\" content=\"Est. tempo de leitura\" \/>\n\t<meta name=\"twitter:data2\" content=\"4 minutos\" \/>\n<script type=\"application\/ld+json\" class=\"yoast-schema-graph\">{\"@context\":\"https:\/\/schema.org\",\"@graph\":[{\"@type\":\"Article\",\"@id\":\"https:\/\/cleitonpinheiro.com.br\/site\/segundo-turno-em-palmas-e-preciso-que-o-voto-seja-refletido-e-consciente\/#article\",\"isPartOf\":{\"@id\":\"https:\/\/cleitonpinheiro.com.br\/site\/segundo-turno-em-palmas-e-preciso-que-o-voto-seja-refletido-e-consciente\/\"},\"author\":{\"name\":\"Cleiton Pinheiro\",\"@id\":\"https:\/\/cleitonpinheiro.com.br\/site\/#\/schema\/person\/62fd4eb98fcc8bd3fc477aaff264af51\"},\"headline\":\"Segundo turno em Palmas: \u00e9 preciso que o voto seja refletido e consciente\",\"datePublished\":\"2024-10-25T13:39:17+00:00\",\"dateModified\":\"2024-10-25T13:42:40+00:00\",\"mainEntityOfPage\":{\"@id\":\"https:\/\/cleitonpinheiro.com.br\/site\/segundo-turno-em-palmas-e-preciso-que-o-voto-seja-refletido-e-consciente\/\"},\"wordCount\":540,\"commentCount\":0,\"publisher\":{\"@id\":\"https:\/\/cleitonpinheiro.com.br\/site\/#organization\"},\"image\":{\"@id\":\"https:\/\/cleitonpinheiro.com.br\/site\/segundo-turno-em-palmas-e-preciso-que-o-voto-seja-refletido-e-consciente\/#primaryimage\"},\"thumbnailUrl\":\"https:\/\/cleitonpinheiro.com.br\/site\/wp-content\/uploads\/2024\/10\/7-1.png\",\"keywords\":[\"Elei\u00e7\u00f5es 2024\"],\"articleSection\":[\"COLUNAS\",\"MANCHETE SEGUND\u00c1RIA\"],\"inLanguage\":\"pt-BR\",\"potentialAction\":[{\"@type\":\"CommentAction\",\"name\":\"Comment\",\"target\":[\"https:\/\/cleitonpinheiro.com.br\/site\/segundo-turno-em-palmas-e-preciso-que-o-voto-seja-refletido-e-consciente\/#respond\"]}]},{\"@type\":\"WebPage\",\"@id\":\"https:\/\/cleitonpinheiro.com.br\/site\/segundo-turno-em-palmas-e-preciso-que-o-voto-seja-refletido-e-consciente\/\",\"url\":\"https:\/\/cleitonpinheiro.com.br\/site\/segundo-turno-em-palmas-e-preciso-que-o-voto-seja-refletido-e-consciente\/\",\"name\":\"Segundo turno em Palmas: \u00e9 preciso que o voto seja refletido e consciente - PORTAL DE NOT\u00cdCIAS CLEITON PINHEIRO\",\"isPartOf\":{\"@id\":\"https:\/\/cleitonpinheiro.com.br\/site\/#website\"},\"primaryImageOfPage\":{\"@id\":\"https:\/\/cleitonpinheiro.com.br\/site\/segundo-turno-em-palmas-e-preciso-que-o-voto-seja-refletido-e-consciente\/#primaryimage\"},\"image\":{\"@id\":\"https:\/\/cleitonpinheiro.com.br\/site\/segundo-turno-em-palmas-e-preciso-que-o-voto-seja-refletido-e-consciente\/#primaryimage\"},\"thumbnailUrl\":\"https:\/\/cleitonpinheiro.com.br\/site\/wp-content\/uploads\/2024\/10\/7-1.png\",\"datePublished\":\"2024-10-25T13:39:17+00:00\",\"dateModified\":\"2024-10-25T13:42:40+00:00\",\"breadcrumb\":{\"@id\":\"https:\/\/cleitonpinheiro.com.br\/site\/segundo-turno-em-palmas-e-preciso-que-o-voto-seja-refletido-e-consciente\/#breadcrumb\"},\"inLanguage\":\"pt-BR\",\"potentialAction\":[{\"@type\":\"ReadAction\",\"target\":[\"https:\/\/cleitonpinheiro.com.br\/site\/segundo-turno-em-palmas-e-preciso-que-o-voto-seja-refletido-e-consciente\/\"]}]},{\"@type\":\"ImageObject\",\"inLanguage\":\"pt-BR\",\"@id\":\"https:\/\/cleitonpinheiro.com.br\/site\/segundo-turno-em-palmas-e-preciso-que-o-voto-seja-refletido-e-consciente\/#primaryimage\",\"url\":\"\",\"contentUrl\":\"\"},{\"@type\":\"BreadcrumbList\",\"@id\":\"https:\/\/cleitonpinheiro.com.br\/site\/segundo-turno-em-palmas-e-preciso-que-o-voto-seja-refletido-e-consciente\/#breadcrumb\",\"itemListElement\":[{\"@type\":\"ListItem\",\"position\":1,\"name\":\"In\u00edcio\",\"item\":\"https:\/\/cleitonpinheiro.com.br\/site\/\"},{\"@type\":\"ListItem\",\"position\":2,\"name\":\"Segundo turno em Palmas: \u00e9 preciso que o voto seja refletido e consciente\"}]},{\"@type\":\"WebSite\",\"@id\":\"https:\/\/cleitonpinheiro.com.br\/site\/#website\",\"url\":\"https:\/\/cleitonpinheiro.com.br\/site\/\",\"name\":\"PORTAL DE NOT\u00cdCIAS CLEITON PINHEIRO\",\"description\":\"FALANDO A VERDADE\",\"publisher\":{\"@id\":\"https:\/\/cleitonpinheiro.com.br\/site\/#organization\"},\"potentialAction\":[{\"@type\":\"SearchAction\",\"target\":{\"@type\":\"EntryPoint\",\"urlTemplate\":\"https:\/\/cleitonpinheiro.com.br\/site\/?s={search_term_string}\"},\"query-input\":{\"@type\":\"PropertyValueSpecification\",\"valueRequired\":true,\"valueName\":\"search_term_string\"}}],\"inLanguage\":\"pt-BR\"},{\"@type\":\"Organization\",\"@id\":\"https:\/\/cleitonpinheiro.com.br\/site\/#organization\",\"name\":\"CPNOT\u00cdCIAS\",\"url\":\"https:\/\/cleitonpinheiro.com.br\/site\/\",\"logo\":{\"@type\":\"ImageObject\",\"inLanguage\":\"pt-BR\",\"@id\":\"https:\/\/cleitonpinheiro.com.br\/site\/#\/schema\/logo\/image\/\",\"url\":\"https:\/\/cleitonpinheiro.com.br\/site\/wp-content\/uploads\/2022\/08\/Logo-pequena-2.png\",\"contentUrl\":\"https:\/\/cleitonpinheiro.com.br\/site\/wp-content\/uploads\/2022\/08\/Logo-pequena-2.png\",\"width\":500,\"height\":500,\"caption\":\"CPNOT\u00cdCIAS\"},\"image\":{\"@id\":\"https:\/\/cleitonpinheiro.com.br\/site\/#\/schema\/logo\/image\/\"},\"sameAs\":[\"https:\/\/www.facebook.com\/portalcpnoticias\/\"]},{\"@type\":\"Person\",\"@id\":\"https:\/\/cleitonpinheiro.com.br\/site\/#\/schema\/person\/62fd4eb98fcc8bd3fc477aaff264af51\",\"name\":\"Cleiton Pinheiro\",\"image\":{\"@type\":\"ImageObject\",\"inLanguage\":\"pt-BR\",\"@id\":\"https:\/\/cleitonpinheiro.com.br\/site\/#\/schema\/person\/image\/\",\"url\":\"https:\/\/secure.gravatar.com\/avatar\/15642ec35b78fe5eed3cfa8e4a3f3211d73a3df4f35f0566b4324958cba1b1b9?s=96&r=g\",\"contentUrl\":\"https:\/\/secure.gravatar.com\/avatar\/15642ec35b78fe5eed3cfa8e4a3f3211d73a3df4f35f0566b4324958cba1b1b9?s=96&r=g\",\"caption\":\"Cleiton Pinheiro\"},\"url\":\"https:\/\/cleitonpinheiro.com.br\/site\/author\/cleiton\/\"}]}<\/script>\n<!-- \/ Yoast SEO plugin. -->","yoast_head_json":{"title":"Segundo turno em Palmas: \u00e9 preciso que o voto seja refletido e consciente - PORTAL DE NOT\u00cdCIAS CLEITON PINHEIRO","robots":{"index":"index","follow":"follow","max-snippet":"max-snippet:-1","max-image-preview":"max-image-preview:large","max-video-preview":"max-video-preview:-1"},"canonical":"https:\/\/cleitonpinheiro.com.br\/site\/segundo-turno-em-palmas-e-preciso-que-o-voto-seja-refletido-e-consciente\/","og_locale":"pt_BR","og_type":"article","og_title":"Segundo turno em Palmas: \u00e9 preciso que o voto seja refletido e consciente - PORTAL DE NOT\u00cdCIAS CLEITON PINHEIRO","og_description":"Falta muito pouco para o eleitorado palmense ir \u00e0s urnas para votar neste in\u00e9dito segundo turno na Capital do Tocantins. Daqui a poucos dias, ser\u00e1 s\u00f3 o eleitor em frente \u00e0 urna. N\u00e3o haver\u00e1 mais propaganda eleitoral, debate, sabatina, v\u00eddeos de acusa\u00e7\u00f5es ou qualquer outro meio que ainda tente influenciar a escolha do eleitorado. E [&hellip;]","og_url":"https:\/\/cleitonpinheiro.com.br\/site\/segundo-turno-em-palmas-e-preciso-que-o-voto-seja-refletido-e-consciente\/","og_site_name":"PORTAL DE NOT\u00cdCIAS CLEITON PINHEIRO","article_publisher":"https:\/\/www.facebook.com\/portalcpnoticias\/","article_published_time":"2024-10-25T13:39:17+00:00","article_modified_time":"2024-10-25T13:42:40+00:00","og_image":[{"width":420,"height":362,"url":"https:\/\/cleitonpinheiro.com.br\/site\/wp-content\/uploads\/2024\/10\/7-1.png","type":"image\/png"}],"author":"Cleiton Pinheiro","twitter_card":"summary_large_image","twitter_misc":{"Escrito por":"Cleiton Pinheiro","Est. tempo de leitura":"4 minutos"},"schema":{"@context":"https:\/\/schema.org","@graph":[{"@type":"Article","@id":"https:\/\/cleitonpinheiro.com.br\/site\/segundo-turno-em-palmas-e-preciso-que-o-voto-seja-refletido-e-consciente\/#article","isPartOf":{"@id":"https:\/\/cleitonpinheiro.com.br\/site\/segundo-turno-em-palmas-e-preciso-que-o-voto-seja-refletido-e-consciente\/"},"author":{"name":"Cleiton Pinheiro","@id":"https:\/\/cleitonpinheiro.com.br\/site\/#\/schema\/person\/62fd4eb98fcc8bd3fc477aaff264af51"},"headline":"Segundo turno em Palmas: \u00e9 preciso que o voto seja refletido e consciente","datePublished":"2024-10-25T13:39:17+00:00","dateModified":"2024-10-25T13:42:40+00:00","mainEntityOfPage":{"@id":"https:\/\/cleitonpinheiro.com.br\/site\/segundo-turno-em-palmas-e-preciso-que-o-voto-seja-refletido-e-consciente\/"},"wordCount":540,"commentCount":0,"publisher":{"@id":"https:\/\/cleitonpinheiro.com.br\/site\/#organization"},"image":{"@id":"https:\/\/cleitonpinheiro.com.br\/site\/segundo-turno-em-palmas-e-preciso-que-o-voto-seja-refletido-e-consciente\/#primaryimage"},"thumbnailUrl":"https:\/\/cleitonpinheiro.com.br\/site\/wp-content\/uploads\/2024\/10\/7-1.png","keywords":["Elei\u00e7\u00f5es 2024"],"articleSection":["COLUNAS","MANCHETE SEGUND\u00c1RIA"],"inLanguage":"pt-BR","potentialAction":[{"@type":"CommentAction","name":"Comment","target":["https:\/\/cleitonpinheiro.com.br\/site\/segundo-turno-em-palmas-e-preciso-que-o-voto-seja-refletido-e-consciente\/#respond"]}]},{"@type":"WebPage","@id":"https:\/\/cleitonpinheiro.com.br\/site\/segundo-turno-em-palmas-e-preciso-que-o-voto-seja-refletido-e-consciente\/","url":"https:\/\/cleitonpinheiro.com.br\/site\/segundo-turno-em-palmas-e-preciso-que-o-voto-seja-refletido-e-consciente\/","name":"Segundo turno em Palmas: \u00e9 preciso que o voto seja refletido e consciente - PORTAL DE NOT\u00cdCIAS CLEITON PINHEIRO","isPartOf":{"@id":"https:\/\/cleitonpinheiro.com.br\/site\/#website"},"primaryImageOfPage":{"@id":"https:\/\/cleitonpinheiro.com.br\/site\/segundo-turno-em-palmas-e-preciso-que-o-voto-seja-refletido-e-consciente\/#primaryimage"},"image":{"@id":"https:\/\/cleitonpinheiro.com.br\/site\/segundo-turno-em-palmas-e-preciso-que-o-voto-seja-refletido-e-consciente\/#primaryimage"},"thumbnailUrl":"https:\/\/cleitonpinheiro.com.br\/site\/wp-content\/uploads\/2024\/10\/7-1.png","datePublished":"2024-10-25T13:39:17+00:00","dateModified":"2024-10-25T13:42:40+00:00","breadcrumb":{"@id":"https:\/\/cleitonpinheiro.com.br\/site\/segundo-turno-em-palmas-e-preciso-que-o-voto-seja-refletido-e-consciente\/#breadcrumb"},"inLanguage":"pt-BR","potentialAction":[{"@type":"ReadAction","target":["https:\/\/cleitonpinheiro.com.br\/site\/segundo-turno-em-palmas-e-preciso-que-o-voto-seja-refletido-e-consciente\/"]}]},{"@type":"ImageObject","inLanguage":"pt-BR","@id":"https:\/\/cleitonpinheiro.com.br\/site\/segundo-turno-em-palmas-e-preciso-que-o-voto-seja-refletido-e-consciente\/#primaryimage","url":"","contentUrl":""},{"@type":"BreadcrumbList","@id":"https:\/\/cleitonpinheiro.com.br\/site\/segundo-turno-em-palmas-e-preciso-que-o-voto-seja-refletido-e-consciente\/#breadcrumb","itemListElement":[{"@type":"ListItem","position":1,"name":"In\u00edcio","item":"https:\/\/cleitonpinheiro.com.br\/site\/"},{"@type":"ListItem","position":2,"name":"Segundo turno em Palmas: \u00e9 preciso que o voto seja refletido e consciente"}]},{"@type":"WebSite","@id":"https:\/\/cleitonpinheiro.com.br\/site\/#website","url":"https:\/\/cleitonpinheiro.com.br\/site\/","name":"PORTAL DE NOT\u00cdCIAS CLEITON PINHEIRO","description":"FALANDO A VERDADE","publisher":{"@id":"https:\/\/cleitonpinheiro.com.br\/site\/#organization"},"potentialAction":[{"@type":"SearchAction","target":{"@type":"EntryPoint","urlTemplate":"https:\/\/cleitonpinheiro.com.br\/site\/?s={search_term_string}"},"query-input":{"@type":"PropertyValueSpecification","valueRequired":true,"valueName":"search_term_string"}}],"inLanguage":"pt-BR"},{"@type":"Organization","@id":"https:\/\/cleitonpinheiro.com.br\/site\/#organization","name":"CPNOT\u00cdCIAS","url":"https:\/\/cleitonpinheiro.com.br\/site\/","logo":{"@type":"ImageObject","inLanguage":"pt-BR","@id":"https:\/\/cleitonpinheiro.com.br\/site\/#\/schema\/logo\/image\/","url":"https:\/\/cleitonpinheiro.com.br\/site\/wp-content\/uploads\/2022\/08\/Logo-pequena-2.png","contentUrl":"https:\/\/cleitonpinheiro.com.br\/site\/wp-content\/uploads\/2022\/08\/Logo-pequena-2.png","width":500,"height":500,"caption":"CPNOT\u00cdCIAS"},"image":{"@id":"https:\/\/cleitonpinheiro.com.br\/site\/#\/schema\/logo\/image\/"},"sameAs":["https:\/\/www.facebook.com\/portalcpnoticias\/"]},{"@type":"Person","@id":"https:\/\/cleitonpinheiro.com.br\/site\/#\/schema\/person\/62fd4eb98fcc8bd3fc477aaff264af51","name":"Cleiton Pinheiro","image":{"@type":"ImageObject","inLanguage":"pt-BR","@id":"https:\/\/cleitonpinheiro.com.br\/site\/#\/schema\/person\/image\/","url":"https:\/\/secure.gravatar.com\/avatar\/15642ec35b78fe5eed3cfa8e4a3f3211d73a3df4f35f0566b4324958cba1b1b9?s=96&r=g","contentUrl":"https:\/\/secure.gravatar.com\/avatar\/15642ec35b78fe5eed3cfa8e4a3f3211d73a3df4f35f0566b4324958cba1b1b9?s=96&r=g","caption":"Cleiton Pinheiro"},"url":"https:\/\/cleitonpinheiro.com.br\/site\/author\/cleiton\/"}]}},"views":475,"_links":{"self":[{"href":"https:\/\/cleitonpinheiro.com.br\/site\/wp-json\/wp\/v2\/posts\/82207","targetHints":{"allow":["GET"]}}],"collection":[{"href":"https:\/\/cleitonpinheiro.com.br\/site\/wp-json\/wp\/v2\/posts"}],"about":[{"href":"https:\/\/cleitonpinheiro.com.br\/site\/wp-json\/wp\/v2\/types\/post"}],"author":[{"embeddable":true,"href":"https:\/\/cleitonpinheiro.com.br\/site\/wp-json\/wp\/v2\/users\/10"}],"replies":[{"embeddable":true,"href":"https:\/\/cleitonpinheiro.com.br\/site\/wp-json\/wp\/v2\/comments?post=82207"}],"version-history":[{"count":1,"href":"https:\/\/cleitonpinheiro.com.br\/site\/wp-json\/wp\/v2\/posts\/82207\/revisions"}],"predecessor-version":[{"id":82209,"href":"https:\/\/cleitonpinheiro.com.br\/site\/wp-json\/wp\/v2\/posts\/82207\/revisions\/82209"}],"wp:attachment":[{"href":"https:\/\/cleitonpinheiro.com.br\/site\/wp-json\/wp\/v2\/media?parent=82207"}],"wp:term":[{"taxonomy":"category","embeddable":true,"href":"https:\/\/cleitonpinheiro.com.br\/site\/wp-json\/wp\/v2\/categories?post=82207"},{"taxonomy":"post_tag","embeddable":true,"href":"https:\/\/cleitonpinheiro.com.br\/site\/wp-json\/wp\/v2\/tags?post=82207"}],"curies":[{"name":"wp","href":"https:\/\/api.w.org\/{rel}","templated":true}]}}