{"id":82330,"date":"2024-10-30T08:51:53","date_gmt":"2024-10-30T11:51:53","guid":{"rendered":"https:\/\/cleitonpinheiro.com.br\/site\/?p=82330"},"modified":"2024-10-30T09:04:49","modified_gmt":"2024-10-30T12:04:49","slug":"policia-civil-prende-suspeito-de-homicidio","status":"publish","type":"post","link":"https:\/\/cleitonpinheiro.com.br\/site\/policia-civil-prende-suspeito-de-homicidio\/","title":{"rendered":"Pol\u00edcia Civil prende suspeito de homic\u00eddio"},"content":{"rendered":"\n<figure class=\"wp-block-gallery has-nested-images columns-default is-cropped wp-block-gallery-1 is-layout-flex wp-block-gallery-is-layout-flex\">\n<figure class=\"wp-block-image size-large\"><img decoding=\"async\" data-id=\"82331\" src=\"https:\/\/cleitonpinheiro.com.br\/site\/wp-content\/uploads\/2024\/10\/bc777c8c-9367-4a0b-b32a-60044595822b-768x1024.jpeg\" alt=\"\" class=\"wp-image-82331\"\/><figcaption class=\"wp-element-caption\">Foto: Divulga\u00e7\u00e3o\/SSP<\/figcaption><\/figure>\n<\/figure>\n\n\n\n<p><\/p>\n\n\n\n<p>A Pol\u00edcia Civil do Tocantins, por meio da 98\u00aa Delegacia de Natividade, em a\u00e7\u00e3o conjunta com policiais civis da 14\u00aa Central de Atendimento da Pol\u00edcia Civil de Dian\u00f3polis, cumpriu nesta ter\u00e7a-feira, 29, mandado de pris\u00e3o em desfavor de G.S.C., de 31 anos, investigado pela morte de Odilon Nascimento Dias, de 56 anos.&nbsp;<\/p>\n\n\n\n<p>O crime ocorreu na madrugada da \u00faltima segunda-feira, 28, em uma distribuidora de bebidas em Natividade, onde Odilon foi agredido com golpes de arma branca. Devido \u00e0 gravidade dos ferimentos, acabou n\u00e3o resistindo e foi a \u00f3bito.&nbsp;<\/p>\n\n\n\n<p>O delegado respons\u00e1vel pelo caso, Welson Antonio da Rocha, informou que desde a data dos fatos, os policiais civis da 98\u00aa DP de Natividade iniciaram as investiga\u00e7\u00f5es, que revelaram que o crime duplamente qualificado teria sido cometido por motivo f\u00fatil, por meio que impe\u00e7a ou dificulte a chance de defesa pela v\u00edtima.&nbsp;<\/p>\n\n\n\n<p>&#8220;Inicialmente, n\u00e3o t\u00ednhamos informa\u00e7\u00f5es sobre a identidade do autor. Contudo, come\u00e7amos as dilig\u00eancias para descobrir quem era o respons\u00e1vel pelo crime, que, por sua natureza, exigia uma resposta r\u00e1pida. Com base em depoimentos e algumas informa\u00e7\u00f5es, conseguimos identificar o perfil do suspeito. Foi um grande esfor\u00e7o de toda a nossa equipe para que as investiga\u00e7\u00f5es avan\u00e7assem rapidamente e resultassem na identifica\u00e7\u00e3o e pris\u00e3o do autor, demonstrando nosso compromisso com a justi\u00e7a e a seguran\u00e7a da comunidade&#8221;, explica.<\/p>\n\n\n\n<p>Ao ser preso, o suspeito foi conduzido \u00e0 sede da 14\u00aa Central de Atendimento da Pol\u00edcia Civil de Dian\u00f3polis, onde foi ouvido e, ap\u00f3s a realiza\u00e7\u00e3o dos procedimentos legais cab\u00edveis, recolhido \u00e0 Unidade Penal local, onde aguardar\u00e1 manifesta\u00e7\u00e3o da Justi\u00e7a.<\/p>\n\n\n\n<p>A r\u00e1pida a\u00e7\u00e3o da Pol\u00edcia \u00e9 resultado de esfor\u00e7os intensificados das for\u00e7as de seguran\u00e7a em todo o Estado, visando fortalecer o combate \u00e0 criminalidade e garantir a seguran\u00e7a da popula\u00e7\u00e3o.<\/p>\n\n\n\n<p>Texto: Hiago Muniz\/Governo do Tocantins<\/p>\n","protected":false},"excerpt":{"rendered":"<p>A Pol\u00edcia Civil do Tocantins, por meio da 98\u00aa Delegacia de Natividade, em a\u00e7\u00e3o conjunta com policiais civis da 14\u00aa Central de Atendimento da Pol\u00edcia Civil de Dian\u00f3polis, cumpriu nesta ter\u00e7a-feira, 29, mandado de pris\u00e3o em desfavor de G.S.C., de 31 anos, investigado pela morte de Odilon Nascimento Dias, de 56 anos.&nbsp; O crime ocorreu [&hellip;]<\/p>\n","protected":false},"author":13,"featured_media":0,"comment_status":"open","ping_status":"open","sticky":false,"template":"","format":"standard","meta":{"_acf_changed":false,"footnotes":""},"categories":[22,20],"tags":[1307],"class_list":["post-82330","post","type-post","status-publish","format-standard","hentry","category-cidades","category-noticias-em-destaque","tag-ssp-to"],"acf":[],"yoast_head":"<!-- This site is optimized with the Yoast SEO plugin v24.4 - https:\/\/yoast.com\/wordpress\/plugins\/seo\/ -->\n<title>Pol\u00edcia Civil prende suspeito de homic\u00eddio - PORTAL DE NOT\u00cdCIAS CLEITON PINHEIRO<\/title>\n<meta name=\"robots\" content=\"index, follow, max-snippet:-1, max-image-preview:large, max-video-preview:-1\" \/>\n<link rel=\"canonical\" href=\"https:\/\/cleitonpinheiro.com.br\/site\/policia-civil-prende-suspeito-de-homicidio\/\" \/>\n<meta property=\"og:locale\" content=\"pt_BR\" \/>\n<meta property=\"og:type\" content=\"article\" \/>\n<meta property=\"og:title\" content=\"Pol\u00edcia Civil prende suspeito de homic\u00eddio - PORTAL DE NOT\u00cdCIAS CLEITON PINHEIRO\" \/>\n<meta property=\"og:description\" content=\"A Pol\u00edcia Civil do Tocantins, por meio da 98\u00aa Delegacia de Natividade, em a\u00e7\u00e3o conjunta com policiais civis da 14\u00aa Central de Atendimento da Pol\u00edcia Civil de Dian\u00f3polis, cumpriu nesta ter\u00e7a-feira, 29, mandado de pris\u00e3o em desfavor de G.S.C., de 31 anos, investigado pela morte de Odilon Nascimento Dias, de 56 anos.&nbsp; O crime ocorreu [&hellip;]\" \/>\n<meta property=\"og:url\" content=\"https:\/\/cleitonpinheiro.com.br\/site\/policia-civil-prende-suspeito-de-homicidio\/\" \/>\n<meta property=\"og:site_name\" content=\"PORTAL DE NOT\u00cdCIAS CLEITON PINHEIRO\" \/>\n<meta property=\"article:publisher\" content=\"https:\/\/www.facebook.com\/portalcpnoticias\/\" \/>\n<meta property=\"article:published_time\" content=\"2024-10-30T11:51:53+00:00\" \/>\n<meta property=\"article:modified_time\" content=\"2024-10-30T12:04:49+00:00\" \/>\n<meta property=\"og:image\" content=\"https:\/\/cleitonpinheiro.com.br\/site\/wp-content\/uploads\/2024\/10\/bc777c8c-9367-4a0b-b32a-60044595822b.jpeg\" \/>\n\t<meta property=\"og:image:width\" content=\"960\" \/>\n\t<meta property=\"og:image:height\" content=\"1280\" \/>\n\t<meta property=\"og:image:type\" content=\"image\/jpeg\" \/>\n<meta name=\"author\" content=\"Reda\u00e7\u00e3o CP\" \/>\n<meta name=\"twitter:card\" content=\"summary_large_image\" \/>\n<meta name=\"twitter:label1\" content=\"Escrito por\" \/>\n\t<meta name=\"twitter:data1\" content=\"Reda\u00e7\u00e3o CP\" \/>\n\t<meta name=\"twitter:label2\" content=\"Est. tempo de leitura\" \/>\n\t<meta name=\"twitter:data2\" content=\"3 minutos\" \/>\n<script type=\"application\/ld+json\" class=\"yoast-schema-graph\">{\"@context\":\"https:\/\/schema.org\",\"@graph\":[{\"@type\":\"Article\",\"@id\":\"https:\/\/cleitonpinheiro.com.br\/site\/policia-civil-prende-suspeito-de-homicidio\/#article\",\"isPartOf\":{\"@id\":\"https:\/\/cleitonpinheiro.com.br\/site\/policia-civil-prende-suspeito-de-homicidio\/\"},\"author\":{\"name\":\"Reda\u00e7\u00e3o CP\",\"@id\":\"https:\/\/cleitonpinheiro.com.br\/site\/#\/schema\/person\/8f04544e0bc40a1b68775b08360f87db\"},\"headline\":\"Pol\u00edcia Civil prende suspeito de homic\u00eddio\",\"datePublished\":\"2024-10-30T11:51:53+00:00\",\"dateModified\":\"2024-10-30T12:04:49+00:00\",\"mainEntityOfPage\":{\"@id\":\"https:\/\/cleitonpinheiro.com.br\/site\/policia-civil-prende-suspeito-de-homicidio\/\"},\"wordCount\":340,\"commentCount\":0,\"publisher\":{\"@id\":\"https:\/\/cleitonpinheiro.com.br\/site\/#organization\"},\"image\":{\"@id\":\"https:\/\/cleitonpinheiro.com.br\/site\/policia-civil-prende-suspeito-de-homicidio\/#primaryimage\"},\"thumbnailUrl\":\"https:\/\/cleitonpinheiro.com.br\/site\/wp-content\/uploads\/2024\/10\/bc777c8c-9367-4a0b-b32a-60044595822b-768x1024.jpeg\",\"keywords\":[\"SSP-TO\"],\"articleSection\":[\"CIDADES\",\"NOT\u00cdCIAS EM DESTAQUE\"],\"inLanguage\":\"pt-BR\",\"potentialAction\":[{\"@type\":\"CommentAction\",\"name\":\"Comment\",\"target\":[\"https:\/\/cleitonpinheiro.com.br\/site\/policia-civil-prende-suspeito-de-homicidio\/#respond\"]}]},{\"@type\":\"WebPage\",\"@id\":\"https:\/\/cleitonpinheiro.com.br\/site\/policia-civil-prende-suspeito-de-homicidio\/\",\"url\":\"https:\/\/cleitonpinheiro.com.br\/site\/policia-civil-prende-suspeito-de-homicidio\/\",\"name\":\"Pol\u00edcia Civil prende suspeito de homic\u00eddio - PORTAL DE NOT\u00cdCIAS CLEITON PINHEIRO\",\"isPartOf\":{\"@id\":\"https:\/\/cleitonpinheiro.com.br\/site\/#website\"},\"primaryImageOfPage\":{\"@id\":\"https:\/\/cleitonpinheiro.com.br\/site\/policia-civil-prende-suspeito-de-homicidio\/#primaryimage\"},\"image\":{\"@id\":\"https:\/\/cleitonpinheiro.com.br\/site\/policia-civil-prende-suspeito-de-homicidio\/#primaryimage\"},\"thumbnailUrl\":\"https:\/\/cleitonpinheiro.com.br\/site\/wp-content\/uploads\/2024\/10\/bc777c8c-9367-4a0b-b32a-60044595822b-768x1024.jpeg\",\"datePublished\":\"2024-10-30T11:51:53+00:00\",\"dateModified\":\"2024-10-30T12:04:49+00:00\",\"breadcrumb\":{\"@id\":\"https:\/\/cleitonpinheiro.com.br\/site\/policia-civil-prende-suspeito-de-homicidio\/#breadcrumb\"},\"inLanguage\":\"pt-BR\",\"potentialAction\":[{\"@type\":\"ReadAction\",\"target\":[\"https:\/\/cleitonpinheiro.com.br\/site\/policia-civil-prende-suspeito-de-homicidio\/\"]}]},{\"@type\":\"ImageObject\",\"inLanguage\":\"pt-BR\",\"@id\":\"https:\/\/cleitonpinheiro.com.br\/site\/policia-civil-prende-suspeito-de-homicidio\/#primaryimage\",\"url\":\"\",\"contentUrl\":\"\"},{\"@type\":\"BreadcrumbList\",\"@id\":\"https:\/\/cleitonpinheiro.com.br\/site\/policia-civil-prende-suspeito-de-homicidio\/#breadcrumb\",\"itemListElement\":[{\"@type\":\"ListItem\",\"position\":1,\"name\":\"In\u00edcio\",\"item\":\"https:\/\/cleitonpinheiro.com.br\/site\/\"},{\"@type\":\"ListItem\",\"position\":2,\"name\":\"Pol\u00edcia Civil prende suspeito de homic\u00eddio\"}]},{\"@type\":\"WebSite\",\"@id\":\"https:\/\/cleitonpinheiro.com.br\/site\/#website\",\"url\":\"https:\/\/cleitonpinheiro.com.br\/site\/\",\"name\":\"PORTAL DE NOT\u00cdCIAS CLEITON PINHEIRO\",\"description\":\"FALANDO A VERDADE\",\"publisher\":{\"@id\":\"https:\/\/cleitonpinheiro.com.br\/site\/#organization\"},\"potentialAction\":[{\"@type\":\"SearchAction\",\"target\":{\"@type\":\"EntryPoint\",\"urlTemplate\":\"https:\/\/cleitonpinheiro.com.br\/site\/?s={search_term_string}\"},\"query-input\":{\"@type\":\"PropertyValueSpecification\",\"valueRequired\":true,\"valueName\":\"search_term_string\"}}],\"inLanguage\":\"pt-BR\"},{\"@type\":\"Organization\",\"@id\":\"https:\/\/cleitonpinheiro.com.br\/site\/#organization\",\"name\":\"CPNOT\u00cdCIAS\",\"url\":\"https:\/\/cleitonpinheiro.com.br\/site\/\",\"logo\":{\"@type\":\"ImageObject\",\"inLanguage\":\"pt-BR\",\"@id\":\"https:\/\/cleitonpinheiro.com.br\/site\/#\/schema\/logo\/image\/\",\"url\":\"https:\/\/cleitonpinheiro.com.br\/site\/wp-content\/uploads\/2022\/08\/Logo-pequena-2.png\",\"contentUrl\":\"https:\/\/cleitonpinheiro.com.br\/site\/wp-content\/uploads\/2022\/08\/Logo-pequena-2.png\",\"width\":500,\"height\":500,\"caption\":\"CPNOT\u00cdCIAS\"},\"image\":{\"@id\":\"https:\/\/cleitonpinheiro.com.br\/site\/#\/schema\/logo\/image\/\"},\"sameAs\":[\"https:\/\/www.facebook.com\/portalcpnoticias\/\"]},{\"@type\":\"Person\",\"@id\":\"https:\/\/cleitonpinheiro.com.br\/site\/#\/schema\/person\/8f04544e0bc40a1b68775b08360f87db\",\"name\":\"Reda\u00e7\u00e3o CP\",\"image\":{\"@type\":\"ImageObject\",\"inLanguage\":\"pt-BR\",\"@id\":\"https:\/\/cleitonpinheiro.com.br\/site\/#\/schema\/person\/image\/\",\"url\":\"https:\/\/secure.gravatar.com\/avatar\/0bcf19cb29fdc8fc588c490c7ae1b3e174dac268586a63fbe1d1893a0f9020cd?s=96&r=g\",\"contentUrl\":\"https:\/\/secure.gravatar.com\/avatar\/0bcf19cb29fdc8fc588c490c7ae1b3e174dac268586a63fbe1d1893a0f9020cd?s=96&r=g\",\"caption\":\"Reda\u00e7\u00e3o CP\"},\"url\":\"https:\/\/cleitonpinheiro.com.br\/site\/author\/redacao\/\"}]}<\/script>\n<!-- \/ Yoast SEO plugin. -->","yoast_head_json":{"title":"Pol\u00edcia Civil prende suspeito de homic\u00eddio - PORTAL DE NOT\u00cdCIAS CLEITON PINHEIRO","robots":{"index":"index","follow":"follow","max-snippet":"max-snippet:-1","max-image-preview":"max-image-preview:large","max-video-preview":"max-video-preview:-1"},"canonical":"https:\/\/cleitonpinheiro.com.br\/site\/policia-civil-prende-suspeito-de-homicidio\/","og_locale":"pt_BR","og_type":"article","og_title":"Pol\u00edcia Civil prende suspeito de homic\u00eddio - PORTAL DE NOT\u00cdCIAS CLEITON PINHEIRO","og_description":"A Pol\u00edcia Civil do Tocantins, por meio da 98\u00aa Delegacia de Natividade, em a\u00e7\u00e3o conjunta com policiais civis da 14\u00aa Central de Atendimento da Pol\u00edcia Civil de Dian\u00f3polis, cumpriu nesta ter\u00e7a-feira, 29, mandado de pris\u00e3o em desfavor de G.S.C., de 31 anos, investigado pela morte de Odilon Nascimento Dias, de 56 anos.&nbsp; O crime ocorreu [&hellip;]","og_url":"https:\/\/cleitonpinheiro.com.br\/site\/policia-civil-prende-suspeito-de-homicidio\/","og_site_name":"PORTAL DE NOT\u00cdCIAS CLEITON PINHEIRO","article_publisher":"https:\/\/www.facebook.com\/portalcpnoticias\/","article_published_time":"2024-10-30T11:51:53+00:00","article_modified_time":"2024-10-30T12:04:49+00:00","og_image":[{"width":960,"height":1280,"url":"https:\/\/cleitonpinheiro.com.br\/site\/wp-content\/uploads\/2024\/10\/bc777c8c-9367-4a0b-b32a-60044595822b.jpeg","type":"image\/jpeg"}],"author":"Reda\u00e7\u00e3o CP","twitter_card":"summary_large_image","twitter_misc":{"Escrito por":"Reda\u00e7\u00e3o CP","Est. tempo de leitura":"3 minutos"},"schema":{"@context":"https:\/\/schema.org","@graph":[{"@type":"Article","@id":"https:\/\/cleitonpinheiro.com.br\/site\/policia-civil-prende-suspeito-de-homicidio\/#article","isPartOf":{"@id":"https:\/\/cleitonpinheiro.com.br\/site\/policia-civil-prende-suspeito-de-homicidio\/"},"author":{"name":"Reda\u00e7\u00e3o CP","@id":"https:\/\/cleitonpinheiro.com.br\/site\/#\/schema\/person\/8f04544e0bc40a1b68775b08360f87db"},"headline":"Pol\u00edcia Civil prende suspeito de homic\u00eddio","datePublished":"2024-10-30T11:51:53+00:00","dateModified":"2024-10-30T12:04:49+00:00","mainEntityOfPage":{"@id":"https:\/\/cleitonpinheiro.com.br\/site\/policia-civil-prende-suspeito-de-homicidio\/"},"wordCount":340,"commentCount":0,"publisher":{"@id":"https:\/\/cleitonpinheiro.com.br\/site\/#organization"},"image":{"@id":"https:\/\/cleitonpinheiro.com.br\/site\/policia-civil-prende-suspeito-de-homicidio\/#primaryimage"},"thumbnailUrl":"https:\/\/cleitonpinheiro.com.br\/site\/wp-content\/uploads\/2024\/10\/bc777c8c-9367-4a0b-b32a-60044595822b-768x1024.jpeg","keywords":["SSP-TO"],"articleSection":["CIDADES","NOT\u00cdCIAS EM DESTAQUE"],"inLanguage":"pt-BR","potentialAction":[{"@type":"CommentAction","name":"Comment","target":["https:\/\/cleitonpinheiro.com.br\/site\/policia-civil-prende-suspeito-de-homicidio\/#respond"]}]},{"@type":"WebPage","@id":"https:\/\/cleitonpinheiro.com.br\/site\/policia-civil-prende-suspeito-de-homicidio\/","url":"https:\/\/cleitonpinheiro.com.br\/site\/policia-civil-prende-suspeito-de-homicidio\/","name":"Pol\u00edcia Civil prende suspeito de homic\u00eddio - PORTAL DE NOT\u00cdCIAS CLEITON PINHEIRO","isPartOf":{"@id":"https:\/\/cleitonpinheiro.com.br\/site\/#website"},"primaryImageOfPage":{"@id":"https:\/\/cleitonpinheiro.com.br\/site\/policia-civil-prende-suspeito-de-homicidio\/#primaryimage"},"image":{"@id":"https:\/\/cleitonpinheiro.com.br\/site\/policia-civil-prende-suspeito-de-homicidio\/#primaryimage"},"thumbnailUrl":"https:\/\/cleitonpinheiro.com.br\/site\/wp-content\/uploads\/2024\/10\/bc777c8c-9367-4a0b-b32a-60044595822b-768x1024.jpeg","datePublished":"2024-10-30T11:51:53+00:00","dateModified":"2024-10-30T12:04:49+00:00","breadcrumb":{"@id":"https:\/\/cleitonpinheiro.com.br\/site\/policia-civil-prende-suspeito-de-homicidio\/#breadcrumb"},"inLanguage":"pt-BR","potentialAction":[{"@type":"ReadAction","target":["https:\/\/cleitonpinheiro.com.br\/site\/policia-civil-prende-suspeito-de-homicidio\/"]}]},{"@type":"ImageObject","inLanguage":"pt-BR","@id":"https:\/\/cleitonpinheiro.com.br\/site\/policia-civil-prende-suspeito-de-homicidio\/#primaryimage","url":"","contentUrl":""},{"@type":"BreadcrumbList","@id":"https:\/\/cleitonpinheiro.com.br\/site\/policia-civil-prende-suspeito-de-homicidio\/#breadcrumb","itemListElement":[{"@type":"ListItem","position":1,"name":"In\u00edcio","item":"https:\/\/cleitonpinheiro.com.br\/site\/"},{"@type":"ListItem","position":2,"name":"Pol\u00edcia Civil prende suspeito de homic\u00eddio"}]},{"@type":"WebSite","@id":"https:\/\/cleitonpinheiro.com.br\/site\/#website","url":"https:\/\/cleitonpinheiro.com.br\/site\/","name":"PORTAL DE NOT\u00cdCIAS CLEITON PINHEIRO","description":"FALANDO A VERDADE","publisher":{"@id":"https:\/\/cleitonpinheiro.com.br\/site\/#organization"},"potentialAction":[{"@type":"SearchAction","target":{"@type":"EntryPoint","urlTemplate":"https:\/\/cleitonpinheiro.com.br\/site\/?s={search_term_string}"},"query-input":{"@type":"PropertyValueSpecification","valueRequired":true,"valueName":"search_term_string"}}],"inLanguage":"pt-BR"},{"@type":"Organization","@id":"https:\/\/cleitonpinheiro.com.br\/site\/#organization","name":"CPNOT\u00cdCIAS","url":"https:\/\/cleitonpinheiro.com.br\/site\/","logo":{"@type":"ImageObject","inLanguage":"pt-BR","@id":"https:\/\/cleitonpinheiro.com.br\/site\/#\/schema\/logo\/image\/","url":"https:\/\/cleitonpinheiro.com.br\/site\/wp-content\/uploads\/2022\/08\/Logo-pequena-2.png","contentUrl":"https:\/\/cleitonpinheiro.com.br\/site\/wp-content\/uploads\/2022\/08\/Logo-pequena-2.png","width":500,"height":500,"caption":"CPNOT\u00cdCIAS"},"image":{"@id":"https:\/\/cleitonpinheiro.com.br\/site\/#\/schema\/logo\/image\/"},"sameAs":["https:\/\/www.facebook.com\/portalcpnoticias\/"]},{"@type":"Person","@id":"https:\/\/cleitonpinheiro.com.br\/site\/#\/schema\/person\/8f04544e0bc40a1b68775b08360f87db","name":"Reda\u00e7\u00e3o CP","image":{"@type":"ImageObject","inLanguage":"pt-BR","@id":"https:\/\/cleitonpinheiro.com.br\/site\/#\/schema\/person\/image\/","url":"https:\/\/secure.gravatar.com\/avatar\/0bcf19cb29fdc8fc588c490c7ae1b3e174dac268586a63fbe1d1893a0f9020cd?s=96&r=g","contentUrl":"https:\/\/secure.gravatar.com\/avatar\/0bcf19cb29fdc8fc588c490c7ae1b3e174dac268586a63fbe1d1893a0f9020cd?s=96&r=g","caption":"Reda\u00e7\u00e3o CP"},"url":"https:\/\/cleitonpinheiro.com.br\/site\/author\/redacao\/"}]}},"views":173,"_links":{"self":[{"href":"https:\/\/cleitonpinheiro.com.br\/site\/wp-json\/wp\/v2\/posts\/82330","targetHints":{"allow":["GET"]}}],"collection":[{"href":"https:\/\/cleitonpinheiro.com.br\/site\/wp-json\/wp\/v2\/posts"}],"about":[{"href":"https:\/\/cleitonpinheiro.com.br\/site\/wp-json\/wp\/v2\/types\/post"}],"author":[{"embeddable":true,"href":"https:\/\/cleitonpinheiro.com.br\/site\/wp-json\/wp\/v2\/users\/13"}],"replies":[{"embeddable":true,"href":"https:\/\/cleitonpinheiro.com.br\/site\/wp-json\/wp\/v2\/comments?post=82330"}],"version-history":[{"count":1,"href":"https:\/\/cleitonpinheiro.com.br\/site\/wp-json\/wp\/v2\/posts\/82330\/revisions"}],"predecessor-version":[{"id":82332,"href":"https:\/\/cleitonpinheiro.com.br\/site\/wp-json\/wp\/v2\/posts\/82330\/revisions\/82332"}],"wp:attachment":[{"href":"https:\/\/cleitonpinheiro.com.br\/site\/wp-json\/wp\/v2\/media?parent=82330"}],"wp:term":[{"taxonomy":"category","embeddable":true,"href":"https:\/\/cleitonpinheiro.com.br\/site\/wp-json\/wp\/v2\/categories?post=82330"},{"taxonomy":"post_tag","embeddable":true,"href":"https:\/\/cleitonpinheiro.com.br\/site\/wp-json\/wp\/v2\/tags?post=82330"}],"curies":[{"name":"wp","href":"https:\/\/api.w.org\/{rel}","templated":true}]}}