{"id":82354,"date":"2024-10-30T11:23:16","date_gmt":"2024-10-30T14:23:16","guid":{"rendered":"https:\/\/cleitonpinheiro.com.br\/site\/?p=82354"},"modified":"2024-10-30T11:23:20","modified_gmt":"2024-10-30T14:23:20","slug":"meteorologia-preve-chuvas-intensas-para-o-tocantins-nos-proximos-dias","status":"publish","type":"post","link":"https:\/\/cleitonpinheiro.com.br\/site\/meteorologia-preve-chuvas-intensas-para-o-tocantins-nos-proximos-dias\/","title":{"rendered":"Meteorologia prev\u00ea chuvas intensas para o Tocantins nos pr\u00f3ximos dias"},"content":{"rendered":"\n<figure class=\"wp-block-gallery has-nested-images columns-default is-cropped wp-block-gallery-1 is-layout-flex wp-block-gallery-is-layout-flex\">\n<figure class=\"wp-block-image size-large\"><img decoding=\"async\" data-id=\"82355\" src=\"https:\/\/cleitonpinheiro.com.br\/site\/wp-content\/uploads\/2024\/10\/1-10.png\" alt=\"\" class=\"wp-image-82355\"\/><figcaption class=\"wp-element-caption\">Foto: Divulga\u00e7\u00e3o\/Eduardo Azevedo<\/figcaption><\/figure>\n<\/figure>\n\n\n\n<p>Se voc\u00ea mora em Palmas, provavelmente acordou com as chuvas fortes que cobriram a capital nesta quarta-feira (30). Mas o tempo chuvoso n\u00e3o para por a\u00ed. De acordo com previs\u00f5es do Grupo Storm, empresa de monitoramento clim\u00e1tico que atende a Energisa, o tempo ainda deve ficar inst\u00e1vel nesta quarta e com condi\u00e7\u00f5es para chuvas fortes e acompanhadas de descargas atmosf\u00e9ricas, com destaque para as regi\u00f5es centro e sul do Tocantins.<\/p>\n\n\n\n<p>Al\u00e9m das chuvas intensas, existe outro fator que deve acompanhar estes fen\u00f4menos: os fortes ventos. De acordo com Ana Paula Paes, meteorologista e consultora da Energisa, as rajadas de vento devem variar entre 40&nbsp;<a>a<\/a>&nbsp;60 km\/h. Ainda de acordo com a meteorologista, \u201cpara os pr\u00f3ximos dias, ao menos at\u00e9 o final da semana que vem, as \u00e1reas com chuva devem ficar mais abrangentes e em maior intensidade, acompanhada de raios\u201d, alerta.<\/p>\n\n\n\n<p>E com a possibilidade de condi\u00e7\u00f5es clim\u00e1ticas adversas, o cuidado com a seguran\u00e7a deve ser redobrado, pois as chuvas acompanhadas de ventos fortes e raios podem causar danos, como queda de galhos, \u00e1rvores e outros objetos que podem ser arremessados pelo vento e, inclusive, atingir a rede el\u00e9trica, causando interrup\u00e7\u00e3o no fornecimento de energia.<\/p>\n\n\n\n<p><strong>Seguran\u00e7a no per\u00edodo chuvoso<\/strong><\/p>\n\n\n\n<p>Para evitar acidentes com a rede el\u00e9trica nos pr\u00f3ximos dias chuvosos, a concession\u00e1ria de energia destacou algumas orienta\u00e7\u00f5es de seguran\u00e7a, confira:<\/p>\n\n\n\n<ul class=\"wp-block-list\">\n<li>Jamais tente retirar qualquer tipo de objeto preso \u00e0 rede el\u00e9trica, pois eles podem estar energizados e causar choques fatais;<\/li>\n\n\n\n<li>N\u00e3o fa\u00e7a interven\u00e7\u00f5es ou manuten\u00e7\u00f5es el\u00e9tricas durante as chuvas;<\/li>\n\n\n\n<li>Evite o uso de chuveiro el\u00e9trico durante as tempestades;<\/li>\n\n\n\n<li>Caso o n\u00edvel da \u00e1gua alcance a altura das tomadas, desligue o disjuntor geral imediatamente. Evite usar tomadas em paredes que estejam aparentemente \u00famidas por infiltra\u00e7\u00e3o;<\/li>\n\n\n\n<li>Mantenha desligados os equipamentos el\u00e9tricos pr\u00f3ximos a goteiras ou que estejam molhados;<\/li>\n\n\n\n<li>Nos casos de descargas atmosf\u00e9ricas: evitar \u00e1reas descampadas, ficar longe de \u00e1rvores e estruturas met\u00e1licas e n\u00e3o manusear equipamentos ligados \u00e0 tomada durante as tempestades.<\/li>\n<\/ul>\n\n\n\n<p>Em caso de acidentes, entre em contato urgente com o Corpo de Bombeiros pelo 193. Caso o incidente envolva a rede el\u00e9trica, ou no caso de falta de energia, a concession\u00e1ria orienta entrar em contato por meio dos canais digitais.&nbsp;O atendimento \u00e9 dispon\u00edvel 24 horas por dia, todos os dias da semana. Pelo aplicativo Energisa&nbsp;On&nbsp;(dispon\u00edvel no Google Play ou App Store do celular), atendente virtual pelo WhatsApp (Gisa):&nbsp;&nbsp;<a href=\"http:\/\/www.gisa.energisa.com.br\/\" target=\"_blank\" rel=\"noreferrer noopener\">www.gisa.energisa.com.br<\/a>&nbsp;ou a&nbsp;Ag\u00eancia Digital pelo site&nbsp;<a href=\"http:\/\/energisa.com.br\/\" target=\"_blank\" rel=\"noreferrer noopener\">energisa.com.br<\/a>.<\/p>\n","protected":false},"excerpt":{"rendered":"<p>Se voc\u00ea mora em Palmas, provavelmente acordou com as chuvas fortes que cobriram a capital nesta quarta-feira (30). Mas o tempo chuvoso n\u00e3o para por a\u00ed. De acordo com previs\u00f5es do Grupo Storm, empresa de monitoramento clim\u00e1tico que atende a Energisa, o tempo ainda deve ficar inst\u00e1vel nesta quarta e com condi\u00e7\u00f5es para chuvas fortes [&hellip;]<\/p>\n","protected":false},"author":13,"featured_media":0,"comment_status":"open","ping_status":"open","sticky":false,"template":"","format":"standard","meta":{"_acf_changed":false,"footnotes":""},"categories":[8,898],"tags":[],"class_list":["post-82354","post","type-post","status-publish","format-standard","hentry","category-estado","category-manchete-segundaria"],"acf":[],"yoast_head":"<!-- This site is optimized with the Yoast SEO plugin v24.4 - https:\/\/yoast.com\/wordpress\/plugins\/seo\/ -->\n<title>Meteorologia prev\u00ea chuvas intensas para o Tocantins nos pr\u00f3ximos dias - PORTAL DE NOT\u00cdCIAS CLEITON PINHEIRO<\/title>\n<meta name=\"robots\" content=\"index, follow, max-snippet:-1, max-image-preview:large, max-video-preview:-1\" \/>\n<link rel=\"canonical\" href=\"https:\/\/cleitonpinheiro.com.br\/site\/meteorologia-preve-chuvas-intensas-para-o-tocantins-nos-proximos-dias\/\" \/>\n<meta property=\"og:locale\" content=\"pt_BR\" \/>\n<meta property=\"og:type\" content=\"article\" \/>\n<meta property=\"og:title\" content=\"Meteorologia prev\u00ea chuvas intensas para o Tocantins nos pr\u00f3ximos dias - PORTAL DE NOT\u00cdCIAS CLEITON PINHEIRO\" \/>\n<meta property=\"og:description\" content=\"Se voc\u00ea mora em Palmas, provavelmente acordou com as chuvas fortes que cobriram a capital nesta quarta-feira (30). Mas o tempo chuvoso n\u00e3o para por a\u00ed. De acordo com previs\u00f5es do Grupo Storm, empresa de monitoramento clim\u00e1tico que atende a Energisa, o tempo ainda deve ficar inst\u00e1vel nesta quarta e com condi\u00e7\u00f5es para chuvas fortes [&hellip;]\" \/>\n<meta property=\"og:url\" content=\"https:\/\/cleitonpinheiro.com.br\/site\/meteorologia-preve-chuvas-intensas-para-o-tocantins-nos-proximos-dias\/\" \/>\n<meta property=\"og:site_name\" content=\"PORTAL DE NOT\u00cdCIAS CLEITON PINHEIRO\" \/>\n<meta property=\"article:publisher\" content=\"https:\/\/www.facebook.com\/portalcpnoticias\/\" \/>\n<meta property=\"article:published_time\" content=\"2024-10-30T14:23:16+00:00\" \/>\n<meta property=\"article:modified_time\" content=\"2024-10-30T14:23:20+00:00\" \/>\n<meta property=\"og:image\" content=\"https:\/\/cleitonpinheiro.com.br\/site\/wp-content\/uploads\/2024\/10\/1-10.png\" \/>\n\t<meta property=\"og:image:width\" content=\"300\" \/>\n\t<meta property=\"og:image:height\" content=\"193\" \/>\n\t<meta property=\"og:image:type\" content=\"image\/png\" \/>\n<meta name=\"author\" content=\"Reda\u00e7\u00e3o CP\" \/>\n<meta name=\"twitter:card\" content=\"summary_large_image\" \/>\n<meta name=\"twitter:label1\" content=\"Escrito por\" \/>\n\t<meta name=\"twitter:data1\" content=\"Reda\u00e7\u00e3o CP\" \/>\n\t<meta name=\"twitter:label2\" content=\"Est. tempo de leitura\" \/>\n\t<meta name=\"twitter:data2\" content=\"3 minutos\" \/>\n<script type=\"application\/ld+json\" class=\"yoast-schema-graph\">{\"@context\":\"https:\/\/schema.org\",\"@graph\":[{\"@type\":\"Article\",\"@id\":\"https:\/\/cleitonpinheiro.com.br\/site\/meteorologia-preve-chuvas-intensas-para-o-tocantins-nos-proximos-dias\/#article\",\"isPartOf\":{\"@id\":\"https:\/\/cleitonpinheiro.com.br\/site\/meteorologia-preve-chuvas-intensas-para-o-tocantins-nos-proximos-dias\/\"},\"author\":{\"name\":\"Reda\u00e7\u00e3o CP\",\"@id\":\"https:\/\/cleitonpinheiro.com.br\/site\/#\/schema\/person\/8f04544e0bc40a1b68775b08360f87db\"},\"headline\":\"Meteorologia prev\u00ea chuvas intensas para o Tocantins nos pr\u00f3ximos dias\",\"datePublished\":\"2024-10-30T14:23:16+00:00\",\"dateModified\":\"2024-10-30T14:23:20+00:00\",\"mainEntityOfPage\":{\"@id\":\"https:\/\/cleitonpinheiro.com.br\/site\/meteorologia-preve-chuvas-intensas-para-o-tocantins-nos-proximos-dias\/\"},\"wordCount\":467,\"commentCount\":0,\"publisher\":{\"@id\":\"https:\/\/cleitonpinheiro.com.br\/site\/#organization\"},\"image\":{\"@id\":\"https:\/\/cleitonpinheiro.com.br\/site\/meteorologia-preve-chuvas-intensas-para-o-tocantins-nos-proximos-dias\/#primaryimage\"},\"thumbnailUrl\":\"https:\/\/cleitonpinheiro.com.br\/site\/wp-content\/uploads\/2024\/10\/1-10.png\",\"articleSection\":[\"ESTADO\",\"MANCHETE SEGUND\u00c1RIA\"],\"inLanguage\":\"pt-BR\",\"potentialAction\":[{\"@type\":\"CommentAction\",\"name\":\"Comment\",\"target\":[\"https:\/\/cleitonpinheiro.com.br\/site\/meteorologia-preve-chuvas-intensas-para-o-tocantins-nos-proximos-dias\/#respond\"]}]},{\"@type\":\"WebPage\",\"@id\":\"https:\/\/cleitonpinheiro.com.br\/site\/meteorologia-preve-chuvas-intensas-para-o-tocantins-nos-proximos-dias\/\",\"url\":\"https:\/\/cleitonpinheiro.com.br\/site\/meteorologia-preve-chuvas-intensas-para-o-tocantins-nos-proximos-dias\/\",\"name\":\"Meteorologia prev\u00ea chuvas intensas para o Tocantins nos pr\u00f3ximos dias - PORTAL DE NOT\u00cdCIAS CLEITON PINHEIRO\",\"isPartOf\":{\"@id\":\"https:\/\/cleitonpinheiro.com.br\/site\/#website\"},\"primaryImageOfPage\":{\"@id\":\"https:\/\/cleitonpinheiro.com.br\/site\/meteorologia-preve-chuvas-intensas-para-o-tocantins-nos-proximos-dias\/#primaryimage\"},\"image\":{\"@id\":\"https:\/\/cleitonpinheiro.com.br\/site\/meteorologia-preve-chuvas-intensas-para-o-tocantins-nos-proximos-dias\/#primaryimage\"},\"thumbnailUrl\":\"https:\/\/cleitonpinheiro.com.br\/site\/wp-content\/uploads\/2024\/10\/1-10.png\",\"datePublished\":\"2024-10-30T14:23:16+00:00\",\"dateModified\":\"2024-10-30T14:23:20+00:00\",\"breadcrumb\":{\"@id\":\"https:\/\/cleitonpinheiro.com.br\/site\/meteorologia-preve-chuvas-intensas-para-o-tocantins-nos-proximos-dias\/#breadcrumb\"},\"inLanguage\":\"pt-BR\",\"potentialAction\":[{\"@type\":\"ReadAction\",\"target\":[\"https:\/\/cleitonpinheiro.com.br\/site\/meteorologia-preve-chuvas-intensas-para-o-tocantins-nos-proximos-dias\/\"]}]},{\"@type\":\"ImageObject\",\"inLanguage\":\"pt-BR\",\"@id\":\"https:\/\/cleitonpinheiro.com.br\/site\/meteorologia-preve-chuvas-intensas-para-o-tocantins-nos-proximos-dias\/#primaryimage\",\"url\":\"\",\"contentUrl\":\"\"},{\"@type\":\"BreadcrumbList\",\"@id\":\"https:\/\/cleitonpinheiro.com.br\/site\/meteorologia-preve-chuvas-intensas-para-o-tocantins-nos-proximos-dias\/#breadcrumb\",\"itemListElement\":[{\"@type\":\"ListItem\",\"position\":1,\"name\":\"In\u00edcio\",\"item\":\"https:\/\/cleitonpinheiro.com.br\/site\/\"},{\"@type\":\"ListItem\",\"position\":2,\"name\":\"Meteorologia prev\u00ea chuvas intensas para o Tocantins nos pr\u00f3ximos dias\"}]},{\"@type\":\"WebSite\",\"@id\":\"https:\/\/cleitonpinheiro.com.br\/site\/#website\",\"url\":\"https:\/\/cleitonpinheiro.com.br\/site\/\",\"name\":\"PORTAL DE NOT\u00cdCIAS CLEITON PINHEIRO\",\"description\":\"FALANDO A VERDADE\",\"publisher\":{\"@id\":\"https:\/\/cleitonpinheiro.com.br\/site\/#organization\"},\"potentialAction\":[{\"@type\":\"SearchAction\",\"target\":{\"@type\":\"EntryPoint\",\"urlTemplate\":\"https:\/\/cleitonpinheiro.com.br\/site\/?s={search_term_string}\"},\"query-input\":{\"@type\":\"PropertyValueSpecification\",\"valueRequired\":true,\"valueName\":\"search_term_string\"}}],\"inLanguage\":\"pt-BR\"},{\"@type\":\"Organization\",\"@id\":\"https:\/\/cleitonpinheiro.com.br\/site\/#organization\",\"name\":\"CPNOT\u00cdCIAS\",\"url\":\"https:\/\/cleitonpinheiro.com.br\/site\/\",\"logo\":{\"@type\":\"ImageObject\",\"inLanguage\":\"pt-BR\",\"@id\":\"https:\/\/cleitonpinheiro.com.br\/site\/#\/schema\/logo\/image\/\",\"url\":\"https:\/\/cleitonpinheiro.com.br\/site\/wp-content\/uploads\/2022\/08\/Logo-pequena-2.png\",\"contentUrl\":\"https:\/\/cleitonpinheiro.com.br\/site\/wp-content\/uploads\/2022\/08\/Logo-pequena-2.png\",\"width\":500,\"height\":500,\"caption\":\"CPNOT\u00cdCIAS\"},\"image\":{\"@id\":\"https:\/\/cleitonpinheiro.com.br\/site\/#\/schema\/logo\/image\/\"},\"sameAs\":[\"https:\/\/www.facebook.com\/portalcpnoticias\/\"]},{\"@type\":\"Person\",\"@id\":\"https:\/\/cleitonpinheiro.com.br\/site\/#\/schema\/person\/8f04544e0bc40a1b68775b08360f87db\",\"name\":\"Reda\u00e7\u00e3o CP\",\"image\":{\"@type\":\"ImageObject\",\"inLanguage\":\"pt-BR\",\"@id\":\"https:\/\/cleitonpinheiro.com.br\/site\/#\/schema\/person\/image\/\",\"url\":\"https:\/\/secure.gravatar.com\/avatar\/0bcf19cb29fdc8fc588c490c7ae1b3e174dac268586a63fbe1d1893a0f9020cd?s=96&r=g\",\"contentUrl\":\"https:\/\/secure.gravatar.com\/avatar\/0bcf19cb29fdc8fc588c490c7ae1b3e174dac268586a63fbe1d1893a0f9020cd?s=96&r=g\",\"caption\":\"Reda\u00e7\u00e3o CP\"},\"url\":\"https:\/\/cleitonpinheiro.com.br\/site\/author\/redacao\/\"}]}<\/script>\n<!-- \/ Yoast SEO plugin. -->","yoast_head_json":{"title":"Meteorologia prev\u00ea chuvas intensas para o Tocantins nos pr\u00f3ximos dias - PORTAL DE NOT\u00cdCIAS CLEITON PINHEIRO","robots":{"index":"index","follow":"follow","max-snippet":"max-snippet:-1","max-image-preview":"max-image-preview:large","max-video-preview":"max-video-preview:-1"},"canonical":"https:\/\/cleitonpinheiro.com.br\/site\/meteorologia-preve-chuvas-intensas-para-o-tocantins-nos-proximos-dias\/","og_locale":"pt_BR","og_type":"article","og_title":"Meteorologia prev\u00ea chuvas intensas para o Tocantins nos pr\u00f3ximos dias - PORTAL DE NOT\u00cdCIAS CLEITON PINHEIRO","og_description":"Se voc\u00ea mora em Palmas, provavelmente acordou com as chuvas fortes que cobriram a capital nesta quarta-feira (30). Mas o tempo chuvoso n\u00e3o para por a\u00ed. De acordo com previs\u00f5es do Grupo Storm, empresa de monitoramento clim\u00e1tico que atende a Energisa, o tempo ainda deve ficar inst\u00e1vel nesta quarta e com condi\u00e7\u00f5es para chuvas fortes [&hellip;]","og_url":"https:\/\/cleitonpinheiro.com.br\/site\/meteorologia-preve-chuvas-intensas-para-o-tocantins-nos-proximos-dias\/","og_site_name":"PORTAL DE NOT\u00cdCIAS CLEITON PINHEIRO","article_publisher":"https:\/\/www.facebook.com\/portalcpnoticias\/","article_published_time":"2024-10-30T14:23:16+00:00","article_modified_time":"2024-10-30T14:23:20+00:00","og_image":[{"width":300,"height":193,"url":"https:\/\/cleitonpinheiro.com.br\/site\/wp-content\/uploads\/2024\/10\/1-10.png","type":"image\/png"}],"author":"Reda\u00e7\u00e3o CP","twitter_card":"summary_large_image","twitter_misc":{"Escrito por":"Reda\u00e7\u00e3o CP","Est. tempo de leitura":"3 minutos"},"schema":{"@context":"https:\/\/schema.org","@graph":[{"@type":"Article","@id":"https:\/\/cleitonpinheiro.com.br\/site\/meteorologia-preve-chuvas-intensas-para-o-tocantins-nos-proximos-dias\/#article","isPartOf":{"@id":"https:\/\/cleitonpinheiro.com.br\/site\/meteorologia-preve-chuvas-intensas-para-o-tocantins-nos-proximos-dias\/"},"author":{"name":"Reda\u00e7\u00e3o CP","@id":"https:\/\/cleitonpinheiro.com.br\/site\/#\/schema\/person\/8f04544e0bc40a1b68775b08360f87db"},"headline":"Meteorologia prev\u00ea chuvas intensas para o Tocantins nos pr\u00f3ximos dias","datePublished":"2024-10-30T14:23:16+00:00","dateModified":"2024-10-30T14:23:20+00:00","mainEntityOfPage":{"@id":"https:\/\/cleitonpinheiro.com.br\/site\/meteorologia-preve-chuvas-intensas-para-o-tocantins-nos-proximos-dias\/"},"wordCount":467,"commentCount":0,"publisher":{"@id":"https:\/\/cleitonpinheiro.com.br\/site\/#organization"},"image":{"@id":"https:\/\/cleitonpinheiro.com.br\/site\/meteorologia-preve-chuvas-intensas-para-o-tocantins-nos-proximos-dias\/#primaryimage"},"thumbnailUrl":"https:\/\/cleitonpinheiro.com.br\/site\/wp-content\/uploads\/2024\/10\/1-10.png","articleSection":["ESTADO","MANCHETE SEGUND\u00c1RIA"],"inLanguage":"pt-BR","potentialAction":[{"@type":"CommentAction","name":"Comment","target":["https:\/\/cleitonpinheiro.com.br\/site\/meteorologia-preve-chuvas-intensas-para-o-tocantins-nos-proximos-dias\/#respond"]}]},{"@type":"WebPage","@id":"https:\/\/cleitonpinheiro.com.br\/site\/meteorologia-preve-chuvas-intensas-para-o-tocantins-nos-proximos-dias\/","url":"https:\/\/cleitonpinheiro.com.br\/site\/meteorologia-preve-chuvas-intensas-para-o-tocantins-nos-proximos-dias\/","name":"Meteorologia prev\u00ea chuvas intensas para o Tocantins nos pr\u00f3ximos dias - PORTAL DE NOT\u00cdCIAS CLEITON PINHEIRO","isPartOf":{"@id":"https:\/\/cleitonpinheiro.com.br\/site\/#website"},"primaryImageOfPage":{"@id":"https:\/\/cleitonpinheiro.com.br\/site\/meteorologia-preve-chuvas-intensas-para-o-tocantins-nos-proximos-dias\/#primaryimage"},"image":{"@id":"https:\/\/cleitonpinheiro.com.br\/site\/meteorologia-preve-chuvas-intensas-para-o-tocantins-nos-proximos-dias\/#primaryimage"},"thumbnailUrl":"https:\/\/cleitonpinheiro.com.br\/site\/wp-content\/uploads\/2024\/10\/1-10.png","datePublished":"2024-10-30T14:23:16+00:00","dateModified":"2024-10-30T14:23:20+00:00","breadcrumb":{"@id":"https:\/\/cleitonpinheiro.com.br\/site\/meteorologia-preve-chuvas-intensas-para-o-tocantins-nos-proximos-dias\/#breadcrumb"},"inLanguage":"pt-BR","potentialAction":[{"@type":"ReadAction","target":["https:\/\/cleitonpinheiro.com.br\/site\/meteorologia-preve-chuvas-intensas-para-o-tocantins-nos-proximos-dias\/"]}]},{"@type":"ImageObject","inLanguage":"pt-BR","@id":"https:\/\/cleitonpinheiro.com.br\/site\/meteorologia-preve-chuvas-intensas-para-o-tocantins-nos-proximos-dias\/#primaryimage","url":"","contentUrl":""},{"@type":"BreadcrumbList","@id":"https:\/\/cleitonpinheiro.com.br\/site\/meteorologia-preve-chuvas-intensas-para-o-tocantins-nos-proximos-dias\/#breadcrumb","itemListElement":[{"@type":"ListItem","position":1,"name":"In\u00edcio","item":"https:\/\/cleitonpinheiro.com.br\/site\/"},{"@type":"ListItem","position":2,"name":"Meteorologia prev\u00ea chuvas intensas para o Tocantins nos pr\u00f3ximos dias"}]},{"@type":"WebSite","@id":"https:\/\/cleitonpinheiro.com.br\/site\/#website","url":"https:\/\/cleitonpinheiro.com.br\/site\/","name":"PORTAL DE NOT\u00cdCIAS CLEITON PINHEIRO","description":"FALANDO A VERDADE","publisher":{"@id":"https:\/\/cleitonpinheiro.com.br\/site\/#organization"},"potentialAction":[{"@type":"SearchAction","target":{"@type":"EntryPoint","urlTemplate":"https:\/\/cleitonpinheiro.com.br\/site\/?s={search_term_string}"},"query-input":{"@type":"PropertyValueSpecification","valueRequired":true,"valueName":"search_term_string"}}],"inLanguage":"pt-BR"},{"@type":"Organization","@id":"https:\/\/cleitonpinheiro.com.br\/site\/#organization","name":"CPNOT\u00cdCIAS","url":"https:\/\/cleitonpinheiro.com.br\/site\/","logo":{"@type":"ImageObject","inLanguage":"pt-BR","@id":"https:\/\/cleitonpinheiro.com.br\/site\/#\/schema\/logo\/image\/","url":"https:\/\/cleitonpinheiro.com.br\/site\/wp-content\/uploads\/2022\/08\/Logo-pequena-2.png","contentUrl":"https:\/\/cleitonpinheiro.com.br\/site\/wp-content\/uploads\/2022\/08\/Logo-pequena-2.png","width":500,"height":500,"caption":"CPNOT\u00cdCIAS"},"image":{"@id":"https:\/\/cleitonpinheiro.com.br\/site\/#\/schema\/logo\/image\/"},"sameAs":["https:\/\/www.facebook.com\/portalcpnoticias\/"]},{"@type":"Person","@id":"https:\/\/cleitonpinheiro.com.br\/site\/#\/schema\/person\/8f04544e0bc40a1b68775b08360f87db","name":"Reda\u00e7\u00e3o CP","image":{"@type":"ImageObject","inLanguage":"pt-BR","@id":"https:\/\/cleitonpinheiro.com.br\/site\/#\/schema\/person\/image\/","url":"https:\/\/secure.gravatar.com\/avatar\/0bcf19cb29fdc8fc588c490c7ae1b3e174dac268586a63fbe1d1893a0f9020cd?s=96&r=g","contentUrl":"https:\/\/secure.gravatar.com\/avatar\/0bcf19cb29fdc8fc588c490c7ae1b3e174dac268586a63fbe1d1893a0f9020cd?s=96&r=g","caption":"Reda\u00e7\u00e3o CP"},"url":"https:\/\/cleitonpinheiro.com.br\/site\/author\/redacao\/"}]}},"views":164,"_links":{"self":[{"href":"https:\/\/cleitonpinheiro.com.br\/site\/wp-json\/wp\/v2\/posts\/82354","targetHints":{"allow":["GET"]}}],"collection":[{"href":"https:\/\/cleitonpinheiro.com.br\/site\/wp-json\/wp\/v2\/posts"}],"about":[{"href":"https:\/\/cleitonpinheiro.com.br\/site\/wp-json\/wp\/v2\/types\/post"}],"author":[{"embeddable":true,"href":"https:\/\/cleitonpinheiro.com.br\/site\/wp-json\/wp\/v2\/users\/13"}],"replies":[{"embeddable":true,"href":"https:\/\/cleitonpinheiro.com.br\/site\/wp-json\/wp\/v2\/comments?post=82354"}],"version-history":[{"count":1,"href":"https:\/\/cleitonpinheiro.com.br\/site\/wp-json\/wp\/v2\/posts\/82354\/revisions"}],"predecessor-version":[{"id":82356,"href":"https:\/\/cleitonpinheiro.com.br\/site\/wp-json\/wp\/v2\/posts\/82354\/revisions\/82356"}],"wp:attachment":[{"href":"https:\/\/cleitonpinheiro.com.br\/site\/wp-json\/wp\/v2\/media?parent=82354"}],"wp:term":[{"taxonomy":"category","embeddable":true,"href":"https:\/\/cleitonpinheiro.com.br\/site\/wp-json\/wp\/v2\/categories?post=82354"},{"taxonomy":"post_tag","embeddable":true,"href":"https:\/\/cleitonpinheiro.com.br\/site\/wp-json\/wp\/v2\/tags?post=82354"}],"curies":[{"name":"wp","href":"https:\/\/api.w.org\/{rel}","templated":true}]}}