{"id":82727,"date":"2024-11-13T08:00:18","date_gmt":"2024-11-13T11:00:18","guid":{"rendered":"https:\/\/cleitonpinheiro.com.br\/site\/?p=82727"},"modified":"2024-11-13T08:00:22","modified_gmt":"2024-11-13T11:00:22","slug":"premio-de-bonificacao-ideb-mais-tocantins-e-divulgado","status":"publish","type":"post","link":"https:\/\/cleitonpinheiro.com.br\/site\/premio-de-bonificacao-ideb-mais-tocantins-e-divulgado\/","title":{"rendered":"Pr\u00eamio de Bonifica\u00e7\u00e3o Ideb Mais Tocantins \u00e9 divulgado"},"content":{"rendered":"\n<figure class=\"wp-block-gallery has-nested-images columns-default is-cropped wp-block-gallery-1 is-layout-flex wp-block-gallery-is-layout-flex\">\n<figure class=\"wp-block-image size-large\"><img decoding=\"async\" data-id=\"82728\" src=\"https:\/\/cleitonpinheiro.com.br\/site\/wp-content\/uploads\/2024\/11\/2-2.jpeg\" alt=\"\" class=\"wp-image-82728\"\/><figcaption class=\"wp-element-caption\">Foto: Divulga\u00e7\u00e3o Seduc\/TO<\/figcaption><\/figure>\n<\/figure>\n\n\n\n<p>O Governo do Tocantins, por meio da Secretaria de Estado da Educa\u00e7\u00e3o (Seduc), publicou nesta ter\u00e7a-feira, 12, o resultado definitivo do Pr\u00eamio de Bonifica\u00e7\u00e3o Ideb Mais Tocantins. A bonifica\u00e7\u00e3o reconhece o trabalho e dedica\u00e7\u00e3o dos profissionais da educa\u00e7\u00e3o e contempla 39 escolas estaduais do Tocantins.<\/p>\n\n\n\n<p>A premia\u00e7\u00e3o, que integra o eixo de valoriza\u00e7\u00e3o do Programa de Fortalecimento da Educa\u00e7\u00e3o (PROFE), \u00e9 concedida nas categorias Unidades Escolares e Superintend\u00eancias Regionais de Educa\u00e7\u00e3o (SRE) e avalia crit\u00e9rios como taxa de aprova\u00e7\u00e3o, reprova\u00e7\u00e3o, evas\u00e3o escolar e desempenho no Ideb 2023. O pr\u00eamio para o 1\u00ba lugar equivale a um sal\u00e1rio completo, enquanto os 2\u00ba e 3\u00ba lugares recebem 50% e 25% do sal\u00e1rio, respectivamente.<\/p>\n\n\n\n<p>O governador do Tocantins, Wanderlei Barbosa, destaca que a valoriza\u00e7\u00e3o do servidor \u00e9 um dos pilares da gest\u00e3o. \u201cA valoriza\u00e7\u00e3o do servidor \u00e9 um compromisso nosso. Quando assumimos o Governo, regularizamos as progress\u00f5es e passivos dos servidores. E este pr\u00eamio \u00e9 uma forma de agradecermos pelo excelente trabalho realizado em nossas escolas estaduais\u201d, completou Wanderlei.<\/p>\n\n\n\n<p>Foram selecionadas tr\u00eas unidades escolares de cada SRE e tr\u00eas Superintend\u00eancias Regionais de Educa\u00e7\u00e3o. Todos os servidores das escolas e SREs contempladas, que trabalharam nessas unidades por no m\u00ednimo 6 meses ininterruptos at\u00e9 o m\u00eas de outubro de 2023, ser\u00e3o beneficiados.<\/p>\n\n\n\n<p>O secret\u00e1rio de Estado da Educa\u00e7\u00e3o, F\u00e1bio Vaz, ressalta que a premia\u00e7\u00e3o \u00e9 um reconhecimento ao compromisso e ao empenho de cada profissional da rede estadual de educa\u00e7\u00e3o. \u201cA premia\u00e7\u00e3o \u00e9 resultado de um esfor\u00e7o conjunto e visa valorizar o impacto positivo que esses profissionais t\u00eam sobre o desenvolvimento da educa\u00e7\u00e3o no estado. Al\u00e9m de um incentivo, \u00e9 uma forma de fortalecer o compromisso com a melhoria cont\u00ednua nas escolas e nas SREs\u201d, completou.<\/p>\n\n\n\n<p><a href=\"https:\/\/doe.to.gov.br\/diario\/5298\/download\" target=\"_blank\" rel=\"noreferrer noopener\">Confira aqui a lista das escolas e SREs vencedoras<\/a>.<\/p>\n\n\n\n<p>Texto: Ana Luiza Dias\/Governo do Tocantins<br>&#8211;<\/p>\n","protected":false},"excerpt":{"rendered":"<p>O Governo do Tocantins, por meio da Secretaria de Estado da Educa\u00e7\u00e3o (Seduc), publicou nesta ter\u00e7a-feira, 12, o resultado definitivo do Pr\u00eamio de Bonifica\u00e7\u00e3o Ideb Mais Tocantins. A bonifica\u00e7\u00e3o reconhece o trabalho e dedica\u00e7\u00e3o dos profissionais da educa\u00e7\u00e3o e contempla 39 escolas estaduais do Tocantins. A premia\u00e7\u00e3o, que integra o eixo de valoriza\u00e7\u00e3o do Programa [&hellip;]<\/p>\n","protected":false},"author":13,"featured_media":0,"comment_status":"open","ping_status":"open","sticky":false,"template":"","format":"standard","meta":{"_acf_changed":false,"footnotes":""},"categories":[8,20],"tags":[1328],"class_list":["post-82727","post","type-post","status-publish","format-standard","hentry","category-estado","category-noticias-em-destaque","tag-seduc-to"],"acf":[],"yoast_head":"<!-- This site is optimized with the Yoast SEO plugin v24.4 - https:\/\/yoast.com\/wordpress\/plugins\/seo\/ -->\n<title>Pr\u00eamio de Bonifica\u00e7\u00e3o Ideb Mais Tocantins \u00e9 divulgado - PORTAL DE NOT\u00cdCIAS CLEITON PINHEIRO<\/title>\n<meta name=\"robots\" content=\"index, follow, max-snippet:-1, max-image-preview:large, max-video-preview:-1\" \/>\n<link rel=\"canonical\" href=\"https:\/\/cleitonpinheiro.com.br\/site\/premio-de-bonificacao-ideb-mais-tocantins-e-divulgado\/\" \/>\n<meta property=\"og:locale\" content=\"pt_BR\" \/>\n<meta property=\"og:type\" content=\"article\" \/>\n<meta property=\"og:title\" content=\"Pr\u00eamio de Bonifica\u00e7\u00e3o Ideb Mais Tocantins \u00e9 divulgado - PORTAL DE NOT\u00cdCIAS CLEITON PINHEIRO\" \/>\n<meta property=\"og:description\" content=\"O Governo do Tocantins, por meio da Secretaria de Estado da Educa\u00e7\u00e3o (Seduc), publicou nesta ter\u00e7a-feira, 12, o resultado definitivo do Pr\u00eamio de Bonifica\u00e7\u00e3o Ideb Mais Tocantins. A bonifica\u00e7\u00e3o reconhece o trabalho e dedica\u00e7\u00e3o dos profissionais da educa\u00e7\u00e3o e contempla 39 escolas estaduais do Tocantins. A premia\u00e7\u00e3o, que integra o eixo de valoriza\u00e7\u00e3o do Programa [&hellip;]\" \/>\n<meta property=\"og:url\" content=\"https:\/\/cleitonpinheiro.com.br\/site\/premio-de-bonificacao-ideb-mais-tocantins-e-divulgado\/\" \/>\n<meta property=\"og:site_name\" content=\"PORTAL DE NOT\u00cdCIAS CLEITON PINHEIRO\" \/>\n<meta property=\"article:publisher\" content=\"https:\/\/www.facebook.com\/portalcpnoticias\/\" \/>\n<meta property=\"article:published_time\" content=\"2024-11-13T11:00:18+00:00\" \/>\n<meta property=\"article:modified_time\" content=\"2024-11-13T11:00:22+00:00\" \/>\n<meta property=\"og:image\" content=\"https:\/\/cleitonpinheiro.com.br\/site\/wp-content\/uploads\/2024\/11\/2-2.jpeg\" \/>\n\t<meta property=\"og:image:width\" content=\"300\" \/>\n\t<meta property=\"og:image:height\" content=\"199\" \/>\n\t<meta property=\"og:image:type\" content=\"image\/jpeg\" \/>\n<meta name=\"author\" content=\"Reda\u00e7\u00e3o CP\" \/>\n<meta name=\"twitter:card\" content=\"summary_large_image\" \/>\n<meta name=\"twitter:label1\" content=\"Escrito por\" \/>\n\t<meta name=\"twitter:data1\" content=\"Reda\u00e7\u00e3o CP\" \/>\n\t<meta name=\"twitter:label2\" content=\"Est. tempo de leitura\" \/>\n\t<meta name=\"twitter:data2\" content=\"3 minutos\" \/>\n<script type=\"application\/ld+json\" class=\"yoast-schema-graph\">{\"@context\":\"https:\/\/schema.org\",\"@graph\":[{\"@type\":\"Article\",\"@id\":\"https:\/\/cleitonpinheiro.com.br\/site\/premio-de-bonificacao-ideb-mais-tocantins-e-divulgado\/#article\",\"isPartOf\":{\"@id\":\"https:\/\/cleitonpinheiro.com.br\/site\/premio-de-bonificacao-ideb-mais-tocantins-e-divulgado\/\"},\"author\":{\"name\":\"Reda\u00e7\u00e3o CP\",\"@id\":\"https:\/\/cleitonpinheiro.com.br\/site\/#\/schema\/person\/8f04544e0bc40a1b68775b08360f87db\"},\"headline\":\"Pr\u00eamio de Bonifica\u00e7\u00e3o Ideb Mais Tocantins \u00e9 divulgado\",\"datePublished\":\"2024-11-13T11:00:18+00:00\",\"dateModified\":\"2024-11-13T11:00:22+00:00\",\"mainEntityOfPage\":{\"@id\":\"https:\/\/cleitonpinheiro.com.br\/site\/premio-de-bonificacao-ideb-mais-tocantins-e-divulgado\/\"},\"wordCount\":336,\"commentCount\":0,\"publisher\":{\"@id\":\"https:\/\/cleitonpinheiro.com.br\/site\/#organization\"},\"image\":{\"@id\":\"https:\/\/cleitonpinheiro.com.br\/site\/premio-de-bonificacao-ideb-mais-tocantins-e-divulgado\/#primaryimage\"},\"thumbnailUrl\":\"https:\/\/cleitonpinheiro.com.br\/site\/wp-content\/uploads\/2024\/11\/2-2.jpeg\",\"keywords\":[\"Seduc-TO\"],\"articleSection\":[\"ESTADO\",\"NOT\u00cdCIAS EM DESTAQUE\"],\"inLanguage\":\"pt-BR\",\"potentialAction\":[{\"@type\":\"CommentAction\",\"name\":\"Comment\",\"target\":[\"https:\/\/cleitonpinheiro.com.br\/site\/premio-de-bonificacao-ideb-mais-tocantins-e-divulgado\/#respond\"]}]},{\"@type\":\"WebPage\",\"@id\":\"https:\/\/cleitonpinheiro.com.br\/site\/premio-de-bonificacao-ideb-mais-tocantins-e-divulgado\/\",\"url\":\"https:\/\/cleitonpinheiro.com.br\/site\/premio-de-bonificacao-ideb-mais-tocantins-e-divulgado\/\",\"name\":\"Pr\u00eamio de Bonifica\u00e7\u00e3o Ideb Mais Tocantins \u00e9 divulgado - PORTAL DE NOT\u00cdCIAS CLEITON PINHEIRO\",\"isPartOf\":{\"@id\":\"https:\/\/cleitonpinheiro.com.br\/site\/#website\"},\"primaryImageOfPage\":{\"@id\":\"https:\/\/cleitonpinheiro.com.br\/site\/premio-de-bonificacao-ideb-mais-tocantins-e-divulgado\/#primaryimage\"},\"image\":{\"@id\":\"https:\/\/cleitonpinheiro.com.br\/site\/premio-de-bonificacao-ideb-mais-tocantins-e-divulgado\/#primaryimage\"},\"thumbnailUrl\":\"https:\/\/cleitonpinheiro.com.br\/site\/wp-content\/uploads\/2024\/11\/2-2.jpeg\",\"datePublished\":\"2024-11-13T11:00:18+00:00\",\"dateModified\":\"2024-11-13T11:00:22+00:00\",\"breadcrumb\":{\"@id\":\"https:\/\/cleitonpinheiro.com.br\/site\/premio-de-bonificacao-ideb-mais-tocantins-e-divulgado\/#breadcrumb\"},\"inLanguage\":\"pt-BR\",\"potentialAction\":[{\"@type\":\"ReadAction\",\"target\":[\"https:\/\/cleitonpinheiro.com.br\/site\/premio-de-bonificacao-ideb-mais-tocantins-e-divulgado\/\"]}]},{\"@type\":\"ImageObject\",\"inLanguage\":\"pt-BR\",\"@id\":\"https:\/\/cleitonpinheiro.com.br\/site\/premio-de-bonificacao-ideb-mais-tocantins-e-divulgado\/#primaryimage\",\"url\":\"\",\"contentUrl\":\"\"},{\"@type\":\"BreadcrumbList\",\"@id\":\"https:\/\/cleitonpinheiro.com.br\/site\/premio-de-bonificacao-ideb-mais-tocantins-e-divulgado\/#breadcrumb\",\"itemListElement\":[{\"@type\":\"ListItem\",\"position\":1,\"name\":\"In\u00edcio\",\"item\":\"https:\/\/cleitonpinheiro.com.br\/site\/\"},{\"@type\":\"ListItem\",\"position\":2,\"name\":\"Pr\u00eamio de Bonifica\u00e7\u00e3o Ideb Mais Tocantins \u00e9 divulgado\"}]},{\"@type\":\"WebSite\",\"@id\":\"https:\/\/cleitonpinheiro.com.br\/site\/#website\",\"url\":\"https:\/\/cleitonpinheiro.com.br\/site\/\",\"name\":\"PORTAL DE NOT\u00cdCIAS CLEITON PINHEIRO\",\"description\":\"FALANDO A VERDADE\",\"publisher\":{\"@id\":\"https:\/\/cleitonpinheiro.com.br\/site\/#organization\"},\"potentialAction\":[{\"@type\":\"SearchAction\",\"target\":{\"@type\":\"EntryPoint\",\"urlTemplate\":\"https:\/\/cleitonpinheiro.com.br\/site\/?s={search_term_string}\"},\"query-input\":{\"@type\":\"PropertyValueSpecification\",\"valueRequired\":true,\"valueName\":\"search_term_string\"}}],\"inLanguage\":\"pt-BR\"},{\"@type\":\"Organization\",\"@id\":\"https:\/\/cleitonpinheiro.com.br\/site\/#organization\",\"name\":\"CPNOT\u00cdCIAS\",\"url\":\"https:\/\/cleitonpinheiro.com.br\/site\/\",\"logo\":{\"@type\":\"ImageObject\",\"inLanguage\":\"pt-BR\",\"@id\":\"https:\/\/cleitonpinheiro.com.br\/site\/#\/schema\/logo\/image\/\",\"url\":\"https:\/\/cleitonpinheiro.com.br\/site\/wp-content\/uploads\/2022\/08\/Logo-pequena-2.png\",\"contentUrl\":\"https:\/\/cleitonpinheiro.com.br\/site\/wp-content\/uploads\/2022\/08\/Logo-pequena-2.png\",\"width\":500,\"height\":500,\"caption\":\"CPNOT\u00cdCIAS\"},\"image\":{\"@id\":\"https:\/\/cleitonpinheiro.com.br\/site\/#\/schema\/logo\/image\/\"},\"sameAs\":[\"https:\/\/www.facebook.com\/portalcpnoticias\/\"]},{\"@type\":\"Person\",\"@id\":\"https:\/\/cleitonpinheiro.com.br\/site\/#\/schema\/person\/8f04544e0bc40a1b68775b08360f87db\",\"name\":\"Reda\u00e7\u00e3o CP\",\"image\":{\"@type\":\"ImageObject\",\"inLanguage\":\"pt-BR\",\"@id\":\"https:\/\/cleitonpinheiro.com.br\/site\/#\/schema\/person\/image\/\",\"url\":\"https:\/\/secure.gravatar.com\/avatar\/0bcf19cb29fdc8fc588c490c7ae1b3e174dac268586a63fbe1d1893a0f9020cd?s=96&r=g\",\"contentUrl\":\"https:\/\/secure.gravatar.com\/avatar\/0bcf19cb29fdc8fc588c490c7ae1b3e174dac268586a63fbe1d1893a0f9020cd?s=96&r=g\",\"caption\":\"Reda\u00e7\u00e3o CP\"},\"url\":\"https:\/\/cleitonpinheiro.com.br\/site\/author\/redacao\/\"}]}<\/script>\n<!-- \/ Yoast SEO plugin. -->","yoast_head_json":{"title":"Pr\u00eamio de Bonifica\u00e7\u00e3o Ideb Mais Tocantins \u00e9 divulgado - PORTAL DE NOT\u00cdCIAS CLEITON PINHEIRO","robots":{"index":"index","follow":"follow","max-snippet":"max-snippet:-1","max-image-preview":"max-image-preview:large","max-video-preview":"max-video-preview:-1"},"canonical":"https:\/\/cleitonpinheiro.com.br\/site\/premio-de-bonificacao-ideb-mais-tocantins-e-divulgado\/","og_locale":"pt_BR","og_type":"article","og_title":"Pr\u00eamio de Bonifica\u00e7\u00e3o Ideb Mais Tocantins \u00e9 divulgado - PORTAL DE NOT\u00cdCIAS CLEITON PINHEIRO","og_description":"O Governo do Tocantins, por meio da Secretaria de Estado da Educa\u00e7\u00e3o (Seduc), publicou nesta ter\u00e7a-feira, 12, o resultado definitivo do Pr\u00eamio de Bonifica\u00e7\u00e3o Ideb Mais Tocantins. A bonifica\u00e7\u00e3o reconhece o trabalho e dedica\u00e7\u00e3o dos profissionais da educa\u00e7\u00e3o e contempla 39 escolas estaduais do Tocantins. A premia\u00e7\u00e3o, que integra o eixo de valoriza\u00e7\u00e3o do Programa [&hellip;]","og_url":"https:\/\/cleitonpinheiro.com.br\/site\/premio-de-bonificacao-ideb-mais-tocantins-e-divulgado\/","og_site_name":"PORTAL DE NOT\u00cdCIAS CLEITON PINHEIRO","article_publisher":"https:\/\/www.facebook.com\/portalcpnoticias\/","article_published_time":"2024-11-13T11:00:18+00:00","article_modified_time":"2024-11-13T11:00:22+00:00","og_image":[{"width":300,"height":199,"url":"https:\/\/cleitonpinheiro.com.br\/site\/wp-content\/uploads\/2024\/11\/2-2.jpeg","type":"image\/jpeg"}],"author":"Reda\u00e7\u00e3o CP","twitter_card":"summary_large_image","twitter_misc":{"Escrito por":"Reda\u00e7\u00e3o CP","Est. tempo de leitura":"3 minutos"},"schema":{"@context":"https:\/\/schema.org","@graph":[{"@type":"Article","@id":"https:\/\/cleitonpinheiro.com.br\/site\/premio-de-bonificacao-ideb-mais-tocantins-e-divulgado\/#article","isPartOf":{"@id":"https:\/\/cleitonpinheiro.com.br\/site\/premio-de-bonificacao-ideb-mais-tocantins-e-divulgado\/"},"author":{"name":"Reda\u00e7\u00e3o CP","@id":"https:\/\/cleitonpinheiro.com.br\/site\/#\/schema\/person\/8f04544e0bc40a1b68775b08360f87db"},"headline":"Pr\u00eamio de Bonifica\u00e7\u00e3o Ideb Mais Tocantins \u00e9 divulgado","datePublished":"2024-11-13T11:00:18+00:00","dateModified":"2024-11-13T11:00:22+00:00","mainEntityOfPage":{"@id":"https:\/\/cleitonpinheiro.com.br\/site\/premio-de-bonificacao-ideb-mais-tocantins-e-divulgado\/"},"wordCount":336,"commentCount":0,"publisher":{"@id":"https:\/\/cleitonpinheiro.com.br\/site\/#organization"},"image":{"@id":"https:\/\/cleitonpinheiro.com.br\/site\/premio-de-bonificacao-ideb-mais-tocantins-e-divulgado\/#primaryimage"},"thumbnailUrl":"https:\/\/cleitonpinheiro.com.br\/site\/wp-content\/uploads\/2024\/11\/2-2.jpeg","keywords":["Seduc-TO"],"articleSection":["ESTADO","NOT\u00cdCIAS EM DESTAQUE"],"inLanguage":"pt-BR","potentialAction":[{"@type":"CommentAction","name":"Comment","target":["https:\/\/cleitonpinheiro.com.br\/site\/premio-de-bonificacao-ideb-mais-tocantins-e-divulgado\/#respond"]}]},{"@type":"WebPage","@id":"https:\/\/cleitonpinheiro.com.br\/site\/premio-de-bonificacao-ideb-mais-tocantins-e-divulgado\/","url":"https:\/\/cleitonpinheiro.com.br\/site\/premio-de-bonificacao-ideb-mais-tocantins-e-divulgado\/","name":"Pr\u00eamio de Bonifica\u00e7\u00e3o Ideb Mais Tocantins \u00e9 divulgado - PORTAL DE NOT\u00cdCIAS CLEITON PINHEIRO","isPartOf":{"@id":"https:\/\/cleitonpinheiro.com.br\/site\/#website"},"primaryImageOfPage":{"@id":"https:\/\/cleitonpinheiro.com.br\/site\/premio-de-bonificacao-ideb-mais-tocantins-e-divulgado\/#primaryimage"},"image":{"@id":"https:\/\/cleitonpinheiro.com.br\/site\/premio-de-bonificacao-ideb-mais-tocantins-e-divulgado\/#primaryimage"},"thumbnailUrl":"https:\/\/cleitonpinheiro.com.br\/site\/wp-content\/uploads\/2024\/11\/2-2.jpeg","datePublished":"2024-11-13T11:00:18+00:00","dateModified":"2024-11-13T11:00:22+00:00","breadcrumb":{"@id":"https:\/\/cleitonpinheiro.com.br\/site\/premio-de-bonificacao-ideb-mais-tocantins-e-divulgado\/#breadcrumb"},"inLanguage":"pt-BR","potentialAction":[{"@type":"ReadAction","target":["https:\/\/cleitonpinheiro.com.br\/site\/premio-de-bonificacao-ideb-mais-tocantins-e-divulgado\/"]}]},{"@type":"ImageObject","inLanguage":"pt-BR","@id":"https:\/\/cleitonpinheiro.com.br\/site\/premio-de-bonificacao-ideb-mais-tocantins-e-divulgado\/#primaryimage","url":"","contentUrl":""},{"@type":"BreadcrumbList","@id":"https:\/\/cleitonpinheiro.com.br\/site\/premio-de-bonificacao-ideb-mais-tocantins-e-divulgado\/#breadcrumb","itemListElement":[{"@type":"ListItem","position":1,"name":"In\u00edcio","item":"https:\/\/cleitonpinheiro.com.br\/site\/"},{"@type":"ListItem","position":2,"name":"Pr\u00eamio de Bonifica\u00e7\u00e3o Ideb Mais Tocantins \u00e9 divulgado"}]},{"@type":"WebSite","@id":"https:\/\/cleitonpinheiro.com.br\/site\/#website","url":"https:\/\/cleitonpinheiro.com.br\/site\/","name":"PORTAL DE NOT\u00cdCIAS CLEITON PINHEIRO","description":"FALANDO A VERDADE","publisher":{"@id":"https:\/\/cleitonpinheiro.com.br\/site\/#organization"},"potentialAction":[{"@type":"SearchAction","target":{"@type":"EntryPoint","urlTemplate":"https:\/\/cleitonpinheiro.com.br\/site\/?s={search_term_string}"},"query-input":{"@type":"PropertyValueSpecification","valueRequired":true,"valueName":"search_term_string"}}],"inLanguage":"pt-BR"},{"@type":"Organization","@id":"https:\/\/cleitonpinheiro.com.br\/site\/#organization","name":"CPNOT\u00cdCIAS","url":"https:\/\/cleitonpinheiro.com.br\/site\/","logo":{"@type":"ImageObject","inLanguage":"pt-BR","@id":"https:\/\/cleitonpinheiro.com.br\/site\/#\/schema\/logo\/image\/","url":"https:\/\/cleitonpinheiro.com.br\/site\/wp-content\/uploads\/2022\/08\/Logo-pequena-2.png","contentUrl":"https:\/\/cleitonpinheiro.com.br\/site\/wp-content\/uploads\/2022\/08\/Logo-pequena-2.png","width":500,"height":500,"caption":"CPNOT\u00cdCIAS"},"image":{"@id":"https:\/\/cleitonpinheiro.com.br\/site\/#\/schema\/logo\/image\/"},"sameAs":["https:\/\/www.facebook.com\/portalcpnoticias\/"]},{"@type":"Person","@id":"https:\/\/cleitonpinheiro.com.br\/site\/#\/schema\/person\/8f04544e0bc40a1b68775b08360f87db","name":"Reda\u00e7\u00e3o CP","image":{"@type":"ImageObject","inLanguage":"pt-BR","@id":"https:\/\/cleitonpinheiro.com.br\/site\/#\/schema\/person\/image\/","url":"https:\/\/secure.gravatar.com\/avatar\/0bcf19cb29fdc8fc588c490c7ae1b3e174dac268586a63fbe1d1893a0f9020cd?s=96&r=g","contentUrl":"https:\/\/secure.gravatar.com\/avatar\/0bcf19cb29fdc8fc588c490c7ae1b3e174dac268586a63fbe1d1893a0f9020cd?s=96&r=g","caption":"Reda\u00e7\u00e3o CP"},"url":"https:\/\/cleitonpinheiro.com.br\/site\/author\/redacao\/"}]}},"views":185,"_links":{"self":[{"href":"https:\/\/cleitonpinheiro.com.br\/site\/wp-json\/wp\/v2\/posts\/82727","targetHints":{"allow":["GET"]}}],"collection":[{"href":"https:\/\/cleitonpinheiro.com.br\/site\/wp-json\/wp\/v2\/posts"}],"about":[{"href":"https:\/\/cleitonpinheiro.com.br\/site\/wp-json\/wp\/v2\/types\/post"}],"author":[{"embeddable":true,"href":"https:\/\/cleitonpinheiro.com.br\/site\/wp-json\/wp\/v2\/users\/13"}],"replies":[{"embeddable":true,"href":"https:\/\/cleitonpinheiro.com.br\/site\/wp-json\/wp\/v2\/comments?post=82727"}],"version-history":[{"count":1,"href":"https:\/\/cleitonpinheiro.com.br\/site\/wp-json\/wp\/v2\/posts\/82727\/revisions"}],"predecessor-version":[{"id":82729,"href":"https:\/\/cleitonpinheiro.com.br\/site\/wp-json\/wp\/v2\/posts\/82727\/revisions\/82729"}],"wp:attachment":[{"href":"https:\/\/cleitonpinheiro.com.br\/site\/wp-json\/wp\/v2\/media?parent=82727"}],"wp:term":[{"taxonomy":"category","embeddable":true,"href":"https:\/\/cleitonpinheiro.com.br\/site\/wp-json\/wp\/v2\/categories?post=82727"},{"taxonomy":"post_tag","embeddable":true,"href":"https:\/\/cleitonpinheiro.com.br\/site\/wp-json\/wp\/v2\/tags?post=82727"}],"curies":[{"name":"wp","href":"https:\/\/api.w.org\/{rel}","templated":true}]}}