{"id":82730,"date":"2024-11-13T08:02:15","date_gmt":"2024-11-13T11:02:15","guid":{"rendered":"https:\/\/cleitonpinheiro.com.br\/site\/?p=82730"},"modified":"2024-11-13T08:02:19","modified_gmt":"2024-11-13T11:02:19","slug":"g20-social-impulsiona-articulacao-global-de-vitimas-da-crise-climatica","status":"publish","type":"post","link":"https:\/\/cleitonpinheiro.com.br\/site\/g20-social-impulsiona-articulacao-global-de-vitimas-da-crise-climatica\/","title":{"rendered":"G20 Social impulsiona articula\u00e7\u00e3o global de v\u00edtimas da crise clim\u00e1tica"},"content":{"rendered":"\n<figure class=\"wp-block-gallery has-nested-images columns-default is-cropped wp-block-gallery-1 is-layout-flex wp-block-gallery-is-layout-flex\">\n<figure class=\"wp-block-image size-large\"><img decoding=\"async\" data-id=\"82731\" src=\"https:\/\/cleitonpinheiro.com.br\/site\/wp-content\/uploads\/2024\/11\/3-2-1024x613.webp\" alt=\"\" class=\"wp-image-82731\"\/><figcaption class=\"wp-element-caption\">Foto: Eduardo Gab\u00e3o\/MAB<\/figcaption><\/figure>\n<\/figure>\n\n\n\n<p>V\u00edtimas dos efeitos da crise clim\u00e1tica de diferentes partes do mundo estar\u00e3o reunidos no Brasil durante a realiza\u00e7\u00e3o do G20 Social para avan\u00e7ar&nbsp;na constru\u00e7\u00e3o de um movimento internacional. O objetivo \u00e9 criar uma organiza\u00e7\u00e3o que atue&nbsp;de forma articulada em debates considerados centrais, como a garantia de direitos de popula\u00e7\u00f5es vulner\u00e1veis e a necessidade de uma transi\u00e7\u00e3o energ\u00e9tica justa. \u00c9 o que explicou S\u00f4nia Mara Maranho, integrante do Movimento dos Atingidos por Barragem (MAB), em entrevista concedida \u00e0&nbsp;<strong>Ag\u00eancia Brasil<\/strong>.<img decoding=\"async\" src=\"https:\/\/agenciabrasil.ebc.com.br\/ebc.png?id=1619230&amp;o=node\"><img decoding=\"async\" src=\"https:\/\/agenciabrasil.ebc.com.br\/ebc.gif?id=1619230&amp;o=node\"><\/p>\n\n\n\n<p>O G20 Social ser\u00e1 de&nbsp;14 a&nbsp;16 de novembro no Rio de Janeiro. \u00c9 uma&nbsp;inova\u00e7\u00e3o&nbsp;<a href=\"https:\/\/agenciabrasil.ebc.com.br\/politica\/noticia\/2023-12\/g20-social-sera-marca-da-gestao-do-brasil-frente-do-grupo\" target=\"_blank\" rel=\"noreferrer noopener\">institu\u00edda&nbsp;pelo governo brasileiro<\/a>. O pa\u00eds preside o G20 pela primeira vez desde 2008, quando foi implantado o atual formato do grupo, composto pelas 19 maiores economias do mundo, bem como a Uni\u00e3o Europeia e mais recentemente a Uni\u00e3o Africana. Nas presid\u00eancias anteriores, a sociedade civil costumava se reunir em iniciativas paralelas \u00e0 programa\u00e7\u00e3o oficial. Com o G20 Social, essas reuni\u00f5es foram integradas \u00e0 agenda oficial constru\u00edda pelo Brasil.<\/p>\n\n\n\n<p>Boa parte da programa\u00e7\u00e3o do G20 Social \u00e9 composta por atividades&nbsp;propostas e executadas por diferentes organiza\u00e7\u00f5es. O MAB, junto com outras entidades, est\u00e1 envolvido&nbsp;na prepara\u00e7\u00e3o de duas delas, ambas no dia 14 de novembro. A primeira, \u00e0s 11h, abordar\u00e1 o tema da Transi\u00e7\u00e3o Energ\u00e9tica Justa, Soberana e Popular para o Desenvolvimento Sustent\u00e1vel da Humanidade. A outra, \u00e0s 14h, se intitula Crise Clim\u00e1tica: Desafios das Popula\u00e7\u00f5es Atingidas e o Acesso \u00e0 Pol\u00edticas P\u00fablicas.<\/p>\n\n\n\n<p>Ao final da programa\u00e7\u00e3o, um documento s\u00edntese do G20 Social deve ser apresentado&nbsp;e, em seguida, entregue aos governos de todas as na\u00e7\u00f5es na C\u00fapula dos L\u00edderes do G20, evento nos dias&nbsp;18 e 19 de novembro, encerrando a presid\u00eancia brasileira. O pa\u00eds ser\u00e1 sucedido pela \u00c1frica do Sul.<\/p>\n\n\n\n<p>De acordo com S\u00f4nia, as duas atividades que o MAB lidera&nbsp;s\u00e3o encaradas pelo movimento tamb\u00e9m como uma prepara\u00e7\u00e3o para a 30\u00aa Confer\u00eancia das Na\u00e7\u00f5es Unidas sobre as Mudan\u00e7as Clim\u00e1ticas (COP 30), que reunir\u00e1 l\u00edderes globais na cidade de Bel\u00e9m em novembro de 2025, e para um encontro internacional dos atingidos que est\u00e1 sendo programado para acontecer alguns dias antes. Na entrevista \u00e0&nbsp;<strong>Ag\u00eancia Brasil<\/strong>, a ativista avaliou que a institui\u00e7\u00e3o do G20 Social revela uma inten\u00e7\u00e3o de se estimular a participa\u00e7\u00e3o popular, mas considerou que ainda h\u00e1 limita\u00e7\u00f5es.<\/p>\n\n\n\n<p>S\u00f4nia destacou a import\u00e2ncia das lutas populares. Ela citou a mobiliza\u00e7\u00e3o frente aos rompimentos das barragens da Samarco, que causou 19 mortes e impactos em Mariana (MG) e em toda a bacia do Rio Doce em 2015, e da Vale, que matou 272 pessoas na cidade de Brumadinho (MG) em 2019. Tamb\u00e9m tratou como refer\u00eancia a Pol\u00edtica Nacional de Direitos das Popula\u00e7\u00f5es Atingidas por Barragens (PNAB), que foi&nbsp;<a href=\"https:\/\/agenciabrasil.ebc.com.br\/geral\/noticia\/2023-11\/lei-aprovada-no-congresso-fixa-direitos-para-atingidos-por-barragens\" target=\"_blank\" rel=\"noreferrer noopener\">aprovada&nbsp;pelo Congresso Nacional<\/a>&nbsp;no ano passado incorporando reivindica\u00e7\u00f5es populares.<\/p>\n\n\n\n<p>A integrante do MAB manifestou ainda preocupa\u00e7\u00e3o com as&nbsp;viola\u00e7\u00f5es de direitos envolvendo novas&nbsp;<a href=\"https:\/\/agenciabrasil.ebc.com.br\/geral\/noticia\/2024-09\/relatorio-indica-conflitos-envolvendo-transicao-energetica-e-mineracao\" target=\"_blank\" rel=\"noreferrer noopener\">frentes de explora\u00e7\u00e3o mineral<\/a>. Mencionou o exemplo do l\u00edtio, que tem sido frequentemente apontado como fundamental para a transi\u00e7\u00e3o energ\u00e9tica devido \u00e0 sua demanda para a produ\u00e7\u00e3o de baterias. Confira a entrevista:<\/p>\n\n\n\n<p><strong>Ag\u00eancia Brasil<\/strong>:&nbsp;Quais temas estar\u00e3o no centro das interven\u00e7\u00f5es do MAB durante o G20 Social?<\/p>\n\n\n\n<p><strong>S\u00f4nia Mara<\/strong>:&nbsp;S\u00e3o duas mesas autogestionadas que estamos construindo de forma coletiva. Uma delas \u00e9 sobre a transi\u00e7\u00e3o energ\u00e9tica justa e o MAB vai apresentar na mesa uma an\u00e1lise do ponto de vista dos atingidos por barragens. Iremos discutir a quest\u00e3o da soberania, da participa\u00e7\u00e3o da sociedade na constru\u00e7\u00e3o de um projeto de desenvolvimento sustent\u00e1vel e soberano. E na outra vamos debater estrat\u00e9gias diante da crise clim\u00e1tica. O que chamamos de crise clim\u00e1tica \u00e9 a crise de um sistema que interfere no clima como um todo. \u00c9 uma crise internacional.<\/p>\n\n\n\n<p>No Brasil, j\u00e1 existem diversas mobiliza\u00e7\u00f5es chamando aten\u00e7\u00e3o para a necessidade de mudan\u00e7as. Tivemos rea\u00e7\u00f5es diante das cheias no Rio Grande do Sul e diante das chuvas intensas em Guarulhos, na grande S\u00e3o Paulo. Isso para citar locais onde j\u00e1 existem bases de atingidos organizadas fazendo luta, apresentando suas pautas, discutindo com os governos municipais e estaduais e tamb\u00e9m com o governo federal.<\/p>\n\n\n\n<p>Esperamos que a mobiliza\u00e7\u00e3o cres\u00e7a. Temos as cheias que acontecem no Nordeste no final do ano e que geralmente n\u00e3o s\u00e3o devidamente noticiadas. Em Minas Gerais, devido aos rompimentos das barragens que ocorreram em Mariana e em Brumadinho, toda vez que chove, diversas cidades ficam embaixo d&#8217;\u00e1gua. O Rio Paraopeba e o Rio Doce est\u00e3o assoreados de min\u00e9rio e lama e as enchentes se tornaram mais frequentes. No Norte, acompanhamos o que vem acontecendo, sobretudo em Rond\u00f4nia. Com a falta de chuva, os rios est\u00e3o secando. Isso interfere no transporte da regi\u00e3o Amaz\u00f4nica. Interfere na produ\u00e7\u00e3o das fam\u00edlias nas v\u00e1rzeas, no acesso \u00e0 \u00e1gua e \u00e0 alimenta\u00e7\u00e3o, no acesso \u00e0 sa\u00fade. Tudo isso depende dos rios.<\/p>\n\n\n\n<p>Os riscos existem mesmo nos grandes centros urbanos. Em Belo Horizonte, sempre que chove forte, ruas do centro se alagam porque o rio que passava ali est\u00e1 todo encanado, cimentado. Ent\u00e3o quando tem tempestade, ele verte para cima, engole carros. A forma como est\u00e3o estruturadas as nossas cidades \u00e9 um problema que \u00e9 agravado com o aumento da pobreza, que leva \u00e0 ocupa\u00e7\u00e3o de lugares que deviam ser de preserva\u00e7\u00e3o ambiental. Os territ\u00f3rios mais vulner\u00e1veis v\u00e3o sendo ocupados pelas popula\u00e7\u00f5es que n\u00e3o t\u00eam para onde ir. Ent\u00e3o n\u00f3s precisamos repensar toda a forma de organiza\u00e7\u00e3o do processo habitacional, dos cuidados com os rios, com a fauna e com a flora, enfim, com a natureza como um todo.<\/p>\n\n\n\n<p><strong>Ag\u00eancia Brasil:<\/strong>&nbsp;O G20 Social ser\u00e1 tamb\u00e9m um momento para avan\u00e7ar na articula\u00e7\u00e3o com as organiza\u00e7\u00f5es internacionais que tamb\u00e9m est\u00e3o pautando essas discuss\u00f5es?<\/p>\n\n\n\n<p><strong>S\u00f4nia Mara<\/strong>:&nbsp;Estamos avan\u00e7ando na constru\u00e7\u00e3o de um movimento internacional dos atingidos. N\u00e3o s\u00e3o s\u00f3 atingidos por barragens. S\u00e3o atingidos da crise clim\u00e1tica. Os debates que estamos propondo no G20 integram tamb\u00e9m uma prepara\u00e7\u00e3o para a COP-30. E para o nosso encontro internacional dos atingidos, que vai ser em novembro do pr\u00f3ximo ano, antes da COP-30. A gente vai reunir os atingidos dos cinco continentes. Estamos construindo uma estrat\u00e9gia de organiza\u00e7\u00e3o para fazer a luta. Vimos agora&nbsp;<a href=\"https:\/\/agenciabrasil.ebc.com.br\/internacional\/noticia\/2024-11\/governo-espanhol-declara-valencia-area-gravemente-afetada-por-temporal\" target=\"_blank\" rel=\"noreferrer noopener\">o que&nbsp;aconteceu na Espanha<\/a>. As imagens mostraram um cen\u00e1rio muito parecido com o que aconteceu no Rio Grande do Sul.<\/p>\n\n\n\n<p>Os tornados, principalmente nas ilhas do Caribe, t\u00eam sido tamb\u00e9m cada vez mais fortes. Cuba acabou de enfrentar um dos maiores da sua hist\u00f3ria. Tivemos recentemente rompimentos de barragens na \u00c1sia e na \u00c1frica. N\u00f3s estamos vivendo um momento de vulnerabilidade da sociedade em todo o mundo, diante do processo de explora\u00e7\u00e3o desenfreado de um sistema capitalista que se apropria de todos os recursos naturais. E n\u00f3s entendemos que os pr\u00f3prios atingidos desse sistema \u00e9 que s\u00e3o os sujeitos capazes de construir propostas tanto o n\u00edvel nacional como internacional, atrav\u00e9s de um processo de organiza\u00e7\u00e3o e de participa\u00e7\u00e3o.<\/p>\n\n\n\n<p><strong>Ag\u00eancia Brasil:<\/strong>&nbsp;Com a crise clim\u00e1tica e a ocorr\u00eancia de chuvas cada vez mais intensas, a seguran\u00e7a das barragens se torna alvo de novas preocupa\u00e7\u00f5es?<\/p>\n\n\n\n<p><strong>S\u00f4nia Mara:&nbsp;<\/strong>Antes, a gente costumava falar da seguran\u00e7a das barragens. Hoje, a gente fala da seguran\u00e7a dos atingidos. Existem barragens constru\u00eddas h\u00e1 20 ou 30 anos e que, ao longo de todo esse tempo, gerou diversos impactos. E o que vemos s\u00e3o popula\u00e7\u00f5es vulner\u00e1veis, mal indenizadas ou n\u00e3o indenizadas, que n\u00e3o tiveram&nbsp;seus direitos respeitados. H\u00e1 pessoas vivendo em zonas onde n\u00e3o deveria morar ningu\u00e9m. As empresas n\u00e3o mostram nenhuma responsabilidade com a quest\u00e3o ambiental e social. Em Minas Gerais, temos v\u00e1rias barragens que est\u00e3o em n\u00edvel 2 e 3 de emerg\u00eancia conforme a classifica\u00e7\u00e3o da Ag\u00eancia Nacional de Minera\u00e7\u00e3o. Em muitos locais, n\u00e3o foram dadas condi\u00e7\u00f5es dignas para as fam\u00edlias sa\u00edrem.<\/p>\n\n\n\n<p>No m\u00eas passado, em Bar\u00e3o de Cocais, as sirenes da barragem da Vale tocaram por engano e mobilizou toda a comunidade. Gerou um grande transtorno, traumas nas crian\u00e7as. Depois pediram desculpa, disseram que foi sem querer. As popula\u00e7\u00f5es est\u00e3o muito vulner\u00e1veis perto dessas barragens e tamb\u00e9m perto dos rios que est\u00e3o cada vez mais assoreados. H\u00e1 um sofrimento grande.<\/p>\n\n\n\n<p>As pessoas cresceram em uma comunidade pac\u00edfica e, de repente, em todo lugar para onde elas olham passa a ter uma placa indicando rota de fuga. Elas vivem com medo. As empresas organizam treinamentos com a popula\u00e7\u00e3o para lidar com poss\u00edveis rompimentos. Isso acelera ainda mais o medo nas pessoas. A chuva era um sinal de energia, de coisa boa, e hoje traz preocupa\u00e7\u00f5es e gera sentimentos negativos.<\/p>\n\n\n\n<p><strong>Ag\u00eancia Brasil<\/strong>:&nbsp;Qual a import\u00e2ncia de levar para o G20 as pautas das popula\u00e7\u00f5es atingidas?<\/p>\n\n\n\n<p><strong>S\u00f4nia Mara:<\/strong>&nbsp;\u00c9 um espa\u00e7o de visibilidade, um espa\u00e7o para trocar experi\u00eancias com outros pa\u00edses e tamb\u00e9m com as organiza\u00e7\u00f5es no Brasil. A crise clim\u00e1tica \u00e9 um tema novo dentro da preocupa\u00e7\u00e3o mundial. Hoje est\u00e1 todo mundo preocupado, mas at\u00e9 ontem n\u00e3o era assim. Ent\u00e3o, ainda estamos construindo um processo de luta e de organiza\u00e7\u00e3o popular para enfrentar as consequ\u00eancias da crise.<\/p>\n\n\n\n<p>Sem d\u00favida nenhuma, \u00e9 tamb\u00e9m um espa\u00e7o para se posicionar diante dos governos, que precisam olhar com seriedade para o processo de reorganiza\u00e7\u00e3o dos territ\u00f3rios. Vou te dar o exemplo do Rio Grande do Sul, onde praticamente todos os munic\u00edpios foram afetados pelas chuvas do in\u00edcio do ano. Muitos lugares est\u00e3o se tornando \u00e1reas fantasmas. As fam\u00edlias n\u00e3o v\u00e3o mais voltar, as fam\u00edlias n\u00e3o querem mais viver l\u00e1. Abandonaram os locais. Ent\u00e3o o governo tem que pensar uma forma participativa de como conduzir a reconstru\u00e7\u00e3o. Esse \u00e9 um ponto importante. \u00c9 preciso que os atingidos da crise clim\u00e1tica sejam respeitados, que o processo de recupera\u00e7\u00e3o ocorra de forma construtiva.<\/p>\n\n\n\n<p>N\u00e3o \u00e9 s\u00f3 uma quest\u00e3o de dinheiro. Dinheiro \u00e9 importante. Mas \u00e9 tamb\u00e9m uma quest\u00e3o de participa\u00e7\u00e3o social. Do contr\u00e1rio, os munic\u00edpios usam o dinheiro para outras finalidades. O recurso n\u00e3o chega para os atingidos e os problemas n\u00e3o s\u00e3o solucionados. E sabemos que isso acontece em todo o mundo.<\/p>\n\n\n\n<p><strong>Ag\u00eancia Brasil:<\/strong>&nbsp;Voc\u00ea percebe uma abertura entre os pa\u00edses do G20 para incorporar as pautas dos atingidos?<\/p>\n\n\n\n<p><strong>S\u00f4nia Mara:<\/strong>&nbsp;As conquistas que n\u00f3s tivemos no Brasil no \u00faltimo per\u00edodo, com o governo atual, servem como uma refer\u00eancia internacional. Nessa semana, tivemos por exemplo, reuni\u00f5es com representantes do governo da Col\u00f4mbia. Eles estavam interessados em ouvir os atingidos por barragem no Brasil, alguns parlamentares e representantes do Minist\u00e9rio de Minas e Energia, para entender como foi constru\u00edda a PNAB.<\/p>\n\n\n\n<p>A Col\u00f4mbia est\u00e1 pensando em elaborar um legisla\u00e7\u00e3o similar, porque ela tem hoje o terceiro maior potencial h\u00eddrico da Am\u00e9rica Latina e j\u00e1 possui muitas barragens. Posso dizer que h\u00e1 esse di\u00e1logo com pa\u00edses que possuem governos mais \u00e0 esquerda, dispostos a construir marcos regulat\u00f3rios, leis, \u00f3rg\u00e3os e fundos que ofere\u00e7am repostas para a quest\u00e3o dos atingidos.<\/p>\n\n\n\n<p><strong>Ag\u00eancia Brasil:&nbsp;<\/strong>A discuss\u00e3o em torno de crimes ambientais como os ocorrido em Brumadinho e Mariana podem ser levados \u00e0 mesa das pot\u00eancias do G20?<\/p>\n\n\n\n<p><strong>S\u00f4nia Mara<\/strong>:&nbsp;Para conseguir chegar numa mesa de debate com as grandes empresas e os governos, a gente precisa ter correla\u00e7\u00e3o de for\u00e7a. Se n\u00e3o, voc\u00ea \u00e9 isolado, \u00e9 cooptado, \u00e9 exterminado. Veja que ningu\u00e9m foi condenado pelas trag\u00e9dias em Mariana e em Brumadinho. Isso acontece porque n\u00e3o existe na atual correla\u00e7\u00e3o de for\u00e7a uma participa\u00e7\u00e3o social na grandeza necess\u00e1ria para amedrontar as empresas e todas as institui\u00e7\u00f5es que deveriam fazer a lei valer.<\/p>\n\n\n\n<p>Veja tamb\u00e9m que os acordos que est\u00e3o sendo feitos n\u00e3o s\u00e3o suficientes para repor aquilo que se perdeu em todo esse tempo. J\u00e1 s\u00e3o nove anos em Mariana. Em janeiro, vamos para os seis anos em Brumadinho. As empresas conseguem ter uma for\u00e7a diante dos governos que ela imp\u00f5e a n\u00e3o participa\u00e7\u00e3o dos atingidos na elabora\u00e7\u00e3o dos acordos e o n\u00e3o julgamento dos culpados. E ela ainda se coloca como o \u00f3rg\u00e3o que vai cuidar das suas pr\u00f3prias v\u00edtimas. Isso \u00e9 muito ruim. Quando o pr\u00f3prio criminoso cuida de suas v\u00edtimas, ele cria crit\u00e9rios excludentes, n\u00e3o vai reconhecer os direitos, n\u00e3o vai fazer o que \u00e9 o correto diante de todos os danos causados.<\/p>\n\n\n\n<p>Enfim, eu n\u00e3o sei se n\u00f3s vamos conseguir chegar onde gostar\u00edamos, para apresentar as proposta que n\u00f3s temos para que o Brasil e o mundo enfrentem a crise ambiental e garantam uma transi\u00e7\u00e3o energ\u00e9tica justa. Mas nos cabe aproveitar os espa\u00e7os para continuar fazendo a luta e mostrar as contradi\u00e7\u00f5es no sistema.<\/p>\n\n\n\n<p>Eu acho que a abertura do governo brasileiro para construirmos o G20 Social revela uma inten\u00e7\u00e3o de estimular a participa\u00e7\u00e3o popular. Ainda assim, ela n\u00e3o tem o peso que n\u00f3s gostar\u00edamos. N\u00e3o garante que a gente consiga dialogar com o mesmo poder com as empresas e com os governos. Mas as for\u00e7as populares v\u00e3o colocar a sua avalia\u00e7\u00e3o e a sua cr\u00edtica e v\u00e3o apresentar suas propostas diante de tudo que est\u00e1 colocado hoje nesse sistema que est\u00e1 colapsado.<\/p>\n\n\n\n<p>A explora\u00e7\u00e3o da forma como est\u00e1 sendo feita hoje vai acabar atrasando o desenvolvimento das nossas na\u00e7\u00f5es. Os danos e as consequ\u00eancias recaem sobre a classe trabalhadora, que sustenta todo processo de produ\u00e7\u00e3o que \u00e9 constru\u00eddo socialmente, recaem sobre os mais pobres, os negros, as mulheres, os povos ind\u00edgenas, os quilombolas e assim por diante. S\u00e3o esses sujeitos que est\u00e3o se organizando pra fazer parte de um processo de mudan\u00e7a.<\/p>\n\n\n\n<p><strong>Ag\u00eancia Brasil:<\/strong>&nbsp;A minera\u00e7\u00e3o \u00e9 uma atividade econ\u00f4mica com forte presen\u00e7a de empresa multinacionais, que atuam em diferentes pa\u00edses. N\u00e3o por acaso, o processo de repara\u00e7\u00e3o da trag\u00e9dia ocorrida em Mariana&nbsp;chegou \u00e0&nbsp;<a href=\"https:\/\/agenciabrasil.ebc.com.br\/meio-ambiente\/noticia\/2024-11\/caso-samarco-novo-acordo-pode-afetar-acao-inglesa-agenda-nao-muda\" target=\"_blank\" rel=\"noreferrer noopener\">Justi\u00e7a inglesa<\/a>, onde atingidos processam a BHP Billiton, que possui sede em Londres e \u00e9 uma das acionistas da Samarco. Como os pa\u00edses podem se preparar melhor para oferecer respostas satisfat\u00f3rias diante desse cen\u00e1rio?<\/p>\n\n\n\n<p><strong>S\u00f4nia Mara:<\/strong>&nbsp;As popula\u00e7\u00f5es precisam ser ouvidas. Os atingidos n\u00e3o s\u00e3o contra o desenvolvimento. O problema \u00e9 que as decis\u00f5es s\u00e3o centralizadas e tudo virou mercadoria. Como vamos pensar assim em uma transi\u00e7\u00e3o energ\u00e9tica justa? Os recursos naturais continuam sendo mapeados por essas empresas em todo o mundo.<\/p>\n\n\n\n<p>Em Minas Gerais, por exemplo, as fam\u00edlias do Vale do Jequitinhonha est\u00e3o agora sofrendo com a explora\u00e7\u00e3o do l\u00edtio. \u00c9 uma explora\u00e7\u00e3o sem nenhuma responsabilidade, sem cuidado com os atingidos. S\u00f3 que antes, as empresas chegavam e determinavam quem era atingido e quem n\u00e3o era. E adotava as medidas que julgava suficiente. Hoje, n\u00f3s temos a PNAB. Ainda precisamos fazer ela sair do papel, entrar em vigor de&nbsp;fato. E a partir dela, trazer justi\u00e7a para os atingidos.<\/p>\n\n\n\n<p>A luta em defesa dos atingidos tamb\u00e9m precisa ser globalizada. Uma empresa como a BHP Billiton precisa ser julgada e precisa cumprir com a sua responsabilidade. Ela precisar arcar com o crime que cometeu. Da mesma forma, empresas brasileiras que cometerem crimes em outros pa\u00edses tamb\u00e9m precisar\u00e3o responder por eles. Eu acho que aqui entra o debate da soberania que a gente precisa construir entre as na\u00e7\u00f5es e entre os governos. Novas pol\u00edticas e marcos regulat\u00f3rios precisam ser constru\u00eddos para que o povo seja respeitado. Eu n\u00e3o posso ir para um outro pa\u00eds e cometer um crime. Nenhuma pessoa pode fazer isso, uma empresa tamb\u00e9m n\u00e3o pode. N\u00e3o d\u00e1 pra aceitar que n\u00e3o aconte\u00e7a nada como uma empresa que tem o lucro em primeiro lugar, que n\u00e3o indeniza, que mata, que continua minerando, que continua se apropriando dos territ\u00f3rios.<\/p>\n\n\n\n<p>Texto: L\u00e9o Rodrigues &#8211; Rep\u00f3rter da Ag\u00eancia Brasil<\/p>\n","protected":false},"excerpt":{"rendered":"<p>V\u00edtimas dos efeitos da crise clim\u00e1tica de diferentes partes do mundo estar\u00e3o reunidos no Brasil durante a realiza\u00e7\u00e3o do G20 Social para avan\u00e7ar&nbsp;na constru\u00e7\u00e3o de um movimento internacional. O objetivo \u00e9 criar uma organiza\u00e7\u00e3o que atue&nbsp;de forma articulada em debates considerados centrais, como a garantia de direitos de popula\u00e7\u00f5es vulner\u00e1veis e a necessidade de uma [&hellip;]<\/p>\n","protected":false},"author":13,"featured_media":0,"comment_status":"open","ping_status":"open","sticky":false,"template":"","format":"standard","meta":{"_acf_changed":false,"footnotes":""},"categories":[19,898],"tags":[446],"class_list":["post-82730","post","type-post","status-publish","format-standard","hentry","category-brasil-mundo","category-manchete-segundaria","tag-brasil-mundo"],"acf":[],"yoast_head":"<!-- This site is optimized with the Yoast SEO plugin v24.4 - https:\/\/yoast.com\/wordpress\/plugins\/seo\/ -->\n<title>G20 Social impulsiona articula\u00e7\u00e3o global de v\u00edtimas da crise clim\u00e1tica - PORTAL DE NOT\u00cdCIAS CLEITON PINHEIRO<\/title>\n<meta name=\"robots\" content=\"index, follow, max-snippet:-1, max-image-preview:large, max-video-preview:-1\" \/>\n<link rel=\"canonical\" href=\"https:\/\/cleitonpinheiro.com.br\/site\/g20-social-impulsiona-articulacao-global-de-vitimas-da-crise-climatica\/\" \/>\n<meta property=\"og:locale\" content=\"pt_BR\" \/>\n<meta property=\"og:type\" content=\"article\" \/>\n<meta property=\"og:title\" content=\"G20 Social impulsiona articula\u00e7\u00e3o global de v\u00edtimas da crise clim\u00e1tica - PORTAL DE NOT\u00cdCIAS CLEITON PINHEIRO\" \/>\n<meta property=\"og:description\" content=\"V\u00edtimas dos efeitos da crise clim\u00e1tica de diferentes partes do mundo estar\u00e3o reunidos no Brasil durante a realiza\u00e7\u00e3o do G20 Social para avan\u00e7ar&nbsp;na constru\u00e7\u00e3o de um movimento internacional. O objetivo \u00e9 criar uma organiza\u00e7\u00e3o que atue&nbsp;de forma articulada em debates considerados centrais, como a garantia de direitos de popula\u00e7\u00f5es vulner\u00e1veis e a necessidade de uma [&hellip;]\" \/>\n<meta property=\"og:url\" content=\"https:\/\/cleitonpinheiro.com.br\/site\/g20-social-impulsiona-articulacao-global-de-vitimas-da-crise-climatica\/\" \/>\n<meta property=\"og:site_name\" content=\"PORTAL DE NOT\u00cdCIAS CLEITON PINHEIRO\" \/>\n<meta property=\"article:publisher\" content=\"https:\/\/www.facebook.com\/portalcpnoticias\/\" \/>\n<meta property=\"article:published_time\" content=\"2024-11-13T11:02:15+00:00\" \/>\n<meta property=\"article:modified_time\" content=\"2024-11-13T11:02:19+00:00\" \/>\n<meta property=\"og:image\" content=\"https:\/\/cleitonpinheiro.com.br\/site\/wp-content\/uploads\/2024\/11\/3-2.webp\" \/>\n\t<meta property=\"og:image:width\" content=\"1170\" \/>\n\t<meta property=\"og:image:height\" content=\"700\" \/>\n\t<meta property=\"og:image:type\" content=\"image\/webp\" \/>\n<meta name=\"author\" content=\"Reda\u00e7\u00e3o CP\" \/>\n<meta name=\"twitter:card\" content=\"summary_large_image\" \/>\n<meta name=\"twitter:label1\" content=\"Escrito por\" \/>\n\t<meta name=\"twitter:data1\" content=\"Reda\u00e7\u00e3o CP\" \/>\n\t<meta name=\"twitter:label2\" content=\"Est. tempo de leitura\" \/>\n\t<meta name=\"twitter:data2\" content=\"15 minutos\" \/>\n<script type=\"application\/ld+json\" class=\"yoast-schema-graph\">{\"@context\":\"https:\/\/schema.org\",\"@graph\":[{\"@type\":\"Article\",\"@id\":\"https:\/\/cleitonpinheiro.com.br\/site\/g20-social-impulsiona-articulacao-global-de-vitimas-da-crise-climatica\/#article\",\"isPartOf\":{\"@id\":\"https:\/\/cleitonpinheiro.com.br\/site\/g20-social-impulsiona-articulacao-global-de-vitimas-da-crise-climatica\/\"},\"author\":{\"name\":\"Reda\u00e7\u00e3o CP\",\"@id\":\"https:\/\/cleitonpinheiro.com.br\/site\/#\/schema\/person\/8f04544e0bc40a1b68775b08360f87db\"},\"headline\":\"G20 Social impulsiona articula\u00e7\u00e3o global de v\u00edtimas da crise clim\u00e1tica\",\"datePublished\":\"2024-11-13T11:02:15+00:00\",\"dateModified\":\"2024-11-13T11:02:19+00:00\",\"mainEntityOfPage\":{\"@id\":\"https:\/\/cleitonpinheiro.com.br\/site\/g20-social-impulsiona-articulacao-global-de-vitimas-da-crise-climatica\/\"},\"wordCount\":2877,\"commentCount\":0,\"publisher\":{\"@id\":\"https:\/\/cleitonpinheiro.com.br\/site\/#organization\"},\"image\":{\"@id\":\"https:\/\/cleitonpinheiro.com.br\/site\/g20-social-impulsiona-articulacao-global-de-vitimas-da-crise-climatica\/#primaryimage\"},\"thumbnailUrl\":\"https:\/\/cleitonpinheiro.com.br\/site\/wp-content\/uploads\/2024\/11\/3-2-1024x613.webp\",\"keywords\":[\"Brasil mundo\"],\"articleSection\":[\"BRASIL \/ MUNDO\",\"MANCHETE SEGUND\u00c1RIA\"],\"inLanguage\":\"pt-BR\",\"potentialAction\":[{\"@type\":\"CommentAction\",\"name\":\"Comment\",\"target\":[\"https:\/\/cleitonpinheiro.com.br\/site\/g20-social-impulsiona-articulacao-global-de-vitimas-da-crise-climatica\/#respond\"]}]},{\"@type\":\"WebPage\",\"@id\":\"https:\/\/cleitonpinheiro.com.br\/site\/g20-social-impulsiona-articulacao-global-de-vitimas-da-crise-climatica\/\",\"url\":\"https:\/\/cleitonpinheiro.com.br\/site\/g20-social-impulsiona-articulacao-global-de-vitimas-da-crise-climatica\/\",\"name\":\"G20 Social impulsiona articula\u00e7\u00e3o global de v\u00edtimas da crise clim\u00e1tica - PORTAL DE NOT\u00cdCIAS CLEITON PINHEIRO\",\"isPartOf\":{\"@id\":\"https:\/\/cleitonpinheiro.com.br\/site\/#website\"},\"primaryImageOfPage\":{\"@id\":\"https:\/\/cleitonpinheiro.com.br\/site\/g20-social-impulsiona-articulacao-global-de-vitimas-da-crise-climatica\/#primaryimage\"},\"image\":{\"@id\":\"https:\/\/cleitonpinheiro.com.br\/site\/g20-social-impulsiona-articulacao-global-de-vitimas-da-crise-climatica\/#primaryimage\"},\"thumbnailUrl\":\"https:\/\/cleitonpinheiro.com.br\/site\/wp-content\/uploads\/2024\/11\/3-2-1024x613.webp\",\"datePublished\":\"2024-11-13T11:02:15+00:00\",\"dateModified\":\"2024-11-13T11:02:19+00:00\",\"breadcrumb\":{\"@id\":\"https:\/\/cleitonpinheiro.com.br\/site\/g20-social-impulsiona-articulacao-global-de-vitimas-da-crise-climatica\/#breadcrumb\"},\"inLanguage\":\"pt-BR\",\"potentialAction\":[{\"@type\":\"ReadAction\",\"target\":[\"https:\/\/cleitonpinheiro.com.br\/site\/g20-social-impulsiona-articulacao-global-de-vitimas-da-crise-climatica\/\"]}]},{\"@type\":\"ImageObject\",\"inLanguage\":\"pt-BR\",\"@id\":\"https:\/\/cleitonpinheiro.com.br\/site\/g20-social-impulsiona-articulacao-global-de-vitimas-da-crise-climatica\/#primaryimage\",\"url\":\"\",\"contentUrl\":\"\"},{\"@type\":\"BreadcrumbList\",\"@id\":\"https:\/\/cleitonpinheiro.com.br\/site\/g20-social-impulsiona-articulacao-global-de-vitimas-da-crise-climatica\/#breadcrumb\",\"itemListElement\":[{\"@type\":\"ListItem\",\"position\":1,\"name\":\"In\u00edcio\",\"item\":\"https:\/\/cleitonpinheiro.com.br\/site\/\"},{\"@type\":\"ListItem\",\"position\":2,\"name\":\"G20 Social impulsiona articula\u00e7\u00e3o global de v\u00edtimas da crise clim\u00e1tica\"}]},{\"@type\":\"WebSite\",\"@id\":\"https:\/\/cleitonpinheiro.com.br\/site\/#website\",\"url\":\"https:\/\/cleitonpinheiro.com.br\/site\/\",\"name\":\"PORTAL DE NOT\u00cdCIAS CLEITON PINHEIRO\",\"description\":\"FALANDO A VERDADE\",\"publisher\":{\"@id\":\"https:\/\/cleitonpinheiro.com.br\/site\/#organization\"},\"potentialAction\":[{\"@type\":\"SearchAction\",\"target\":{\"@type\":\"EntryPoint\",\"urlTemplate\":\"https:\/\/cleitonpinheiro.com.br\/site\/?s={search_term_string}\"},\"query-input\":{\"@type\":\"PropertyValueSpecification\",\"valueRequired\":true,\"valueName\":\"search_term_string\"}}],\"inLanguage\":\"pt-BR\"},{\"@type\":\"Organization\",\"@id\":\"https:\/\/cleitonpinheiro.com.br\/site\/#organization\",\"name\":\"CPNOT\u00cdCIAS\",\"url\":\"https:\/\/cleitonpinheiro.com.br\/site\/\",\"logo\":{\"@type\":\"ImageObject\",\"inLanguage\":\"pt-BR\",\"@id\":\"https:\/\/cleitonpinheiro.com.br\/site\/#\/schema\/logo\/image\/\",\"url\":\"https:\/\/cleitonpinheiro.com.br\/site\/wp-content\/uploads\/2022\/08\/Logo-pequena-2.png\",\"contentUrl\":\"https:\/\/cleitonpinheiro.com.br\/site\/wp-content\/uploads\/2022\/08\/Logo-pequena-2.png\",\"width\":500,\"height\":500,\"caption\":\"CPNOT\u00cdCIAS\"},\"image\":{\"@id\":\"https:\/\/cleitonpinheiro.com.br\/site\/#\/schema\/logo\/image\/\"},\"sameAs\":[\"https:\/\/www.facebook.com\/portalcpnoticias\/\"]},{\"@type\":\"Person\",\"@id\":\"https:\/\/cleitonpinheiro.com.br\/site\/#\/schema\/person\/8f04544e0bc40a1b68775b08360f87db\",\"name\":\"Reda\u00e7\u00e3o CP\",\"image\":{\"@type\":\"ImageObject\",\"inLanguage\":\"pt-BR\",\"@id\":\"https:\/\/cleitonpinheiro.com.br\/site\/#\/schema\/person\/image\/\",\"url\":\"https:\/\/secure.gravatar.com\/avatar\/0bcf19cb29fdc8fc588c490c7ae1b3e174dac268586a63fbe1d1893a0f9020cd?s=96&r=g\",\"contentUrl\":\"https:\/\/secure.gravatar.com\/avatar\/0bcf19cb29fdc8fc588c490c7ae1b3e174dac268586a63fbe1d1893a0f9020cd?s=96&r=g\",\"caption\":\"Reda\u00e7\u00e3o CP\"},\"url\":\"https:\/\/cleitonpinheiro.com.br\/site\/author\/redacao\/\"}]}<\/script>\n<!-- \/ Yoast SEO plugin. -->","yoast_head_json":{"title":"G20 Social impulsiona articula\u00e7\u00e3o global de v\u00edtimas da crise clim\u00e1tica - PORTAL DE NOT\u00cdCIAS CLEITON PINHEIRO","robots":{"index":"index","follow":"follow","max-snippet":"max-snippet:-1","max-image-preview":"max-image-preview:large","max-video-preview":"max-video-preview:-1"},"canonical":"https:\/\/cleitonpinheiro.com.br\/site\/g20-social-impulsiona-articulacao-global-de-vitimas-da-crise-climatica\/","og_locale":"pt_BR","og_type":"article","og_title":"G20 Social impulsiona articula\u00e7\u00e3o global de v\u00edtimas da crise clim\u00e1tica - PORTAL DE NOT\u00cdCIAS CLEITON PINHEIRO","og_description":"V\u00edtimas dos efeitos da crise clim\u00e1tica de diferentes partes do mundo estar\u00e3o reunidos no Brasil durante a realiza\u00e7\u00e3o do G20 Social para avan\u00e7ar&nbsp;na constru\u00e7\u00e3o de um movimento internacional. O objetivo \u00e9 criar uma organiza\u00e7\u00e3o que atue&nbsp;de forma articulada em debates considerados centrais, como a garantia de direitos de popula\u00e7\u00f5es vulner\u00e1veis e a necessidade de uma [&hellip;]","og_url":"https:\/\/cleitonpinheiro.com.br\/site\/g20-social-impulsiona-articulacao-global-de-vitimas-da-crise-climatica\/","og_site_name":"PORTAL DE NOT\u00cdCIAS CLEITON PINHEIRO","article_publisher":"https:\/\/www.facebook.com\/portalcpnoticias\/","article_published_time":"2024-11-13T11:02:15+00:00","article_modified_time":"2024-11-13T11:02:19+00:00","og_image":[{"width":1170,"height":700,"url":"https:\/\/cleitonpinheiro.com.br\/site\/wp-content\/uploads\/2024\/11\/3-2.webp","type":"image\/webp"}],"author":"Reda\u00e7\u00e3o CP","twitter_card":"summary_large_image","twitter_misc":{"Escrito por":"Reda\u00e7\u00e3o CP","Est. tempo de leitura":"15 minutos"},"schema":{"@context":"https:\/\/schema.org","@graph":[{"@type":"Article","@id":"https:\/\/cleitonpinheiro.com.br\/site\/g20-social-impulsiona-articulacao-global-de-vitimas-da-crise-climatica\/#article","isPartOf":{"@id":"https:\/\/cleitonpinheiro.com.br\/site\/g20-social-impulsiona-articulacao-global-de-vitimas-da-crise-climatica\/"},"author":{"name":"Reda\u00e7\u00e3o CP","@id":"https:\/\/cleitonpinheiro.com.br\/site\/#\/schema\/person\/8f04544e0bc40a1b68775b08360f87db"},"headline":"G20 Social impulsiona articula\u00e7\u00e3o global de v\u00edtimas da crise clim\u00e1tica","datePublished":"2024-11-13T11:02:15+00:00","dateModified":"2024-11-13T11:02:19+00:00","mainEntityOfPage":{"@id":"https:\/\/cleitonpinheiro.com.br\/site\/g20-social-impulsiona-articulacao-global-de-vitimas-da-crise-climatica\/"},"wordCount":2877,"commentCount":0,"publisher":{"@id":"https:\/\/cleitonpinheiro.com.br\/site\/#organization"},"image":{"@id":"https:\/\/cleitonpinheiro.com.br\/site\/g20-social-impulsiona-articulacao-global-de-vitimas-da-crise-climatica\/#primaryimage"},"thumbnailUrl":"https:\/\/cleitonpinheiro.com.br\/site\/wp-content\/uploads\/2024\/11\/3-2-1024x613.webp","keywords":["Brasil mundo"],"articleSection":["BRASIL \/ MUNDO","MANCHETE SEGUND\u00c1RIA"],"inLanguage":"pt-BR","potentialAction":[{"@type":"CommentAction","name":"Comment","target":["https:\/\/cleitonpinheiro.com.br\/site\/g20-social-impulsiona-articulacao-global-de-vitimas-da-crise-climatica\/#respond"]}]},{"@type":"WebPage","@id":"https:\/\/cleitonpinheiro.com.br\/site\/g20-social-impulsiona-articulacao-global-de-vitimas-da-crise-climatica\/","url":"https:\/\/cleitonpinheiro.com.br\/site\/g20-social-impulsiona-articulacao-global-de-vitimas-da-crise-climatica\/","name":"G20 Social impulsiona articula\u00e7\u00e3o global de v\u00edtimas da crise clim\u00e1tica - PORTAL DE NOT\u00cdCIAS CLEITON PINHEIRO","isPartOf":{"@id":"https:\/\/cleitonpinheiro.com.br\/site\/#website"},"primaryImageOfPage":{"@id":"https:\/\/cleitonpinheiro.com.br\/site\/g20-social-impulsiona-articulacao-global-de-vitimas-da-crise-climatica\/#primaryimage"},"image":{"@id":"https:\/\/cleitonpinheiro.com.br\/site\/g20-social-impulsiona-articulacao-global-de-vitimas-da-crise-climatica\/#primaryimage"},"thumbnailUrl":"https:\/\/cleitonpinheiro.com.br\/site\/wp-content\/uploads\/2024\/11\/3-2-1024x613.webp","datePublished":"2024-11-13T11:02:15+00:00","dateModified":"2024-11-13T11:02:19+00:00","breadcrumb":{"@id":"https:\/\/cleitonpinheiro.com.br\/site\/g20-social-impulsiona-articulacao-global-de-vitimas-da-crise-climatica\/#breadcrumb"},"inLanguage":"pt-BR","potentialAction":[{"@type":"ReadAction","target":["https:\/\/cleitonpinheiro.com.br\/site\/g20-social-impulsiona-articulacao-global-de-vitimas-da-crise-climatica\/"]}]},{"@type":"ImageObject","inLanguage":"pt-BR","@id":"https:\/\/cleitonpinheiro.com.br\/site\/g20-social-impulsiona-articulacao-global-de-vitimas-da-crise-climatica\/#primaryimage","url":"","contentUrl":""},{"@type":"BreadcrumbList","@id":"https:\/\/cleitonpinheiro.com.br\/site\/g20-social-impulsiona-articulacao-global-de-vitimas-da-crise-climatica\/#breadcrumb","itemListElement":[{"@type":"ListItem","position":1,"name":"In\u00edcio","item":"https:\/\/cleitonpinheiro.com.br\/site\/"},{"@type":"ListItem","position":2,"name":"G20 Social impulsiona articula\u00e7\u00e3o global de v\u00edtimas da crise clim\u00e1tica"}]},{"@type":"WebSite","@id":"https:\/\/cleitonpinheiro.com.br\/site\/#website","url":"https:\/\/cleitonpinheiro.com.br\/site\/","name":"PORTAL DE NOT\u00cdCIAS CLEITON PINHEIRO","description":"FALANDO A VERDADE","publisher":{"@id":"https:\/\/cleitonpinheiro.com.br\/site\/#organization"},"potentialAction":[{"@type":"SearchAction","target":{"@type":"EntryPoint","urlTemplate":"https:\/\/cleitonpinheiro.com.br\/site\/?s={search_term_string}"},"query-input":{"@type":"PropertyValueSpecification","valueRequired":true,"valueName":"search_term_string"}}],"inLanguage":"pt-BR"},{"@type":"Organization","@id":"https:\/\/cleitonpinheiro.com.br\/site\/#organization","name":"CPNOT\u00cdCIAS","url":"https:\/\/cleitonpinheiro.com.br\/site\/","logo":{"@type":"ImageObject","inLanguage":"pt-BR","@id":"https:\/\/cleitonpinheiro.com.br\/site\/#\/schema\/logo\/image\/","url":"https:\/\/cleitonpinheiro.com.br\/site\/wp-content\/uploads\/2022\/08\/Logo-pequena-2.png","contentUrl":"https:\/\/cleitonpinheiro.com.br\/site\/wp-content\/uploads\/2022\/08\/Logo-pequena-2.png","width":500,"height":500,"caption":"CPNOT\u00cdCIAS"},"image":{"@id":"https:\/\/cleitonpinheiro.com.br\/site\/#\/schema\/logo\/image\/"},"sameAs":["https:\/\/www.facebook.com\/portalcpnoticias\/"]},{"@type":"Person","@id":"https:\/\/cleitonpinheiro.com.br\/site\/#\/schema\/person\/8f04544e0bc40a1b68775b08360f87db","name":"Reda\u00e7\u00e3o CP","image":{"@type":"ImageObject","inLanguage":"pt-BR","@id":"https:\/\/cleitonpinheiro.com.br\/site\/#\/schema\/person\/image\/","url":"https:\/\/secure.gravatar.com\/avatar\/0bcf19cb29fdc8fc588c490c7ae1b3e174dac268586a63fbe1d1893a0f9020cd?s=96&r=g","contentUrl":"https:\/\/secure.gravatar.com\/avatar\/0bcf19cb29fdc8fc588c490c7ae1b3e174dac268586a63fbe1d1893a0f9020cd?s=96&r=g","caption":"Reda\u00e7\u00e3o CP"},"url":"https:\/\/cleitonpinheiro.com.br\/site\/author\/redacao\/"}]}},"views":150,"_links":{"self":[{"href":"https:\/\/cleitonpinheiro.com.br\/site\/wp-json\/wp\/v2\/posts\/82730","targetHints":{"allow":["GET"]}}],"collection":[{"href":"https:\/\/cleitonpinheiro.com.br\/site\/wp-json\/wp\/v2\/posts"}],"about":[{"href":"https:\/\/cleitonpinheiro.com.br\/site\/wp-json\/wp\/v2\/types\/post"}],"author":[{"embeddable":true,"href":"https:\/\/cleitonpinheiro.com.br\/site\/wp-json\/wp\/v2\/users\/13"}],"replies":[{"embeddable":true,"href":"https:\/\/cleitonpinheiro.com.br\/site\/wp-json\/wp\/v2\/comments?post=82730"}],"version-history":[{"count":1,"href":"https:\/\/cleitonpinheiro.com.br\/site\/wp-json\/wp\/v2\/posts\/82730\/revisions"}],"predecessor-version":[{"id":82732,"href":"https:\/\/cleitonpinheiro.com.br\/site\/wp-json\/wp\/v2\/posts\/82730\/revisions\/82732"}],"wp:attachment":[{"href":"https:\/\/cleitonpinheiro.com.br\/site\/wp-json\/wp\/v2\/media?parent=82730"}],"wp:term":[{"taxonomy":"category","embeddable":true,"href":"https:\/\/cleitonpinheiro.com.br\/site\/wp-json\/wp\/v2\/categories?post=82730"},{"taxonomy":"post_tag","embeddable":true,"href":"https:\/\/cleitonpinheiro.com.br\/site\/wp-json\/wp\/v2\/tags?post=82730"}],"curies":[{"name":"wp","href":"https:\/\/api.w.org\/{rel}","templated":true}]}}