{"id":82733,"date":"2024-11-13T08:04:06","date_gmt":"2024-11-13T11:04:06","guid":{"rendered":"https:\/\/cleitonpinheiro.com.br\/site\/?p=82733"},"modified":"2024-11-13T08:04:11","modified_gmt":"2024-11-13T11:04:11","slug":"um-em-cada-3-professores-de-escolas-publicas-nao-tem-formacao-adequada","status":"publish","type":"post","link":"https:\/\/cleitonpinheiro.com.br\/site\/um-em-cada-3-professores-de-escolas-publicas-nao-tem-formacao-adequada\/","title":{"rendered":"Um em cada 3 professores de escolas p\u00fablicas n\u00e3o tem forma\u00e7\u00e3o adequada"},"content":{"rendered":"\n<figure class=\"wp-block-gallery has-nested-images columns-default is-cropped wp-block-gallery-1 is-layout-flex wp-block-gallery-is-layout-flex\">\n<figure class=\"wp-block-image size-large\"><img decoding=\"async\" data-id=\"82734\" src=\"https:\/\/cleitonpinheiro.com.br\/site\/wp-content\/uploads\/2024\/11\/4-2-1024x613.webp\" alt=\"\" class=\"wp-image-82734\"\/><figcaption class=\"wp-element-caption\">Foto: L\u00facio Bernardo Jr.\/Ag\u00eancia Bras\u00edlia<\/figcaption><\/figure>\n<\/figure>\n\n\n\n<p>Um em&nbsp;cada tr\u00eas professores de escolas p\u00fablicas n\u00e3o tem a forma\u00e7\u00e3o adequada para a disciplina que leciona. Considerando tanto as escolas p\u00fablicas quanto as privadas, 12,8% dos docentes n\u00e3o possuem sequer gradua\u00e7\u00e3o. Os dados s\u00e3o do Anu\u00e1rio Brasileiro da Educa\u00e7\u00e3o B\u00e1sica, lan\u00e7ado nesta quarta-feira (13)&nbsp;pela organiza\u00e7\u00e3o&nbsp;Todos Pela Educa\u00e7\u00e3o, a Funda\u00e7\u00e3o Santillana e Editora Moderna.<img decoding=\"async\" src=\"https:\/\/agenciabrasil.ebc.com.br\/ebc.png?id=1619310&amp;o=node\"><img decoding=\"async\" src=\"https:\/\/agenciabrasil.ebc.com.br\/ebc.gif?id=1619310&amp;o=node\"><\/p>\n\n\n\n<p>A publica\u00e7\u00e3o re\u00fane dados p\u00fablicos sobre educa\u00e7\u00e3o brasileira do Instituto Brasileiro de Geografia e Estat\u00edstica (IBGE) e do Minist\u00e9rio da Educa\u00e7\u00e3o, al\u00e9m de an\u00e1lises das informa\u00e7\u00f5es.<\/p>\n\n\n\n<p>O anu\u00e1rio aponta que, ao todo, 68% dos professores da rede p\u00fablica t\u00eam&nbsp;forma\u00e7\u00e3o adequada na disciplina da qual d\u00e3o aula na educa\u00e7\u00e3o infantil e no ensino m\u00e9dio. Nos anos iniciais do ensino fundamental, do 5\u00ba ao 9\u00ba ano, essa porcentagem sobe para 79%. Mas, nos anos finais, do 6\u00ba ao 9\u00ba ano, cai para 59% dos docentes formados nas \u00e1reas em que lecionam.<\/p>\n\n\n\n<p>\u201cPara a gente considerar um professor como tendo a forma\u00e7\u00e3o adequada para a disciplina que leciona, ele precisa ser licenciado naquela \u00e1rea.&nbsp;Ent\u00e3o, vamos pensar um professor de qu\u00edmica, por exemplo, no ensino m\u00e9dio, s\u00f3 \u00e9 considerado adequado o professor que \u00e9 licenciado em qu\u00edmica. Se ele \u00e9, por exemplo, licenciado em f\u00edsica e est\u00e1 dando aula de qu\u00edmica,&nbsp;n\u00e3o \u00e9 considerado adequado\u201d, explica o gerente de Pol\u00edticas Educacionais do Todos Pela Educa\u00e7\u00e3o, Ivan Gontijo.<\/p>\n\n\n\n<p>O levantamento mostra ainda que, no cen\u00e1rio nacional, considerando tanto as escolas p\u00fablicas quanto as privadas, 12,8% dos docentes n\u00e3o possuem gradua\u00e7\u00e3o. O percentual \u00e9 ainda maior na educa\u00e7\u00e3o infantil, chegando a 20,5% dos professores sem gradua\u00e7\u00e3o. Na outra ponta, o ensino m\u00e9dio \u00e9 a etapa com maior propor\u00e7\u00e3o de profissionais com algum n\u00edvel de gradua\u00e7\u00e3o, chegando a 96%.<\/p>\n\n\n\n<p>Tamb\u00e9m considerando tanto as redes p\u00fablicas quanto as privadas, a porcentagem de professores com licenciatura \u00e9 84,5%.<\/p>\n\n\n\n<p>Diante desse cen\u00e1rio, Gontijo cita&nbsp;algumas poss\u00edveis solu\u00e7\u00f5es, entre elas&nbsp;garantir que professores tenham a jornada adequada em uma escola s\u00f3 e estimular que cursem licenciaturas nas \u00e1reas em que atuam.<\/p>\n\n\n\n<p>\u201cTem algumas solu\u00e7\u00f5es poss\u00edveis.&nbsp;Uma delas \u00e9, principalmente, garantir uma aloca\u00e7\u00e3o de professores que consiga fazer com que deem aula em uma escola s\u00f3 e tenham cargas hor\u00e1rias completas. Isso \u00e9 muito importante para garantir adequa\u00e7\u00e3o. E tamb\u00e9m ofertar segundas licenciaturas para professores que j\u00e1 est\u00e3o nas redes\u201d, defende.<\/p>\n\n\n\n<h2 class=\"wp-block-heading\">Sal\u00e1rio<\/h2>\n\n\n\n<p>Segundo o levantamento, em 2023&nbsp;o rendimento m\u00e9dio mensal dos profissionais do magist\u00e9rio das redes p\u00fablicas&nbsp;com ensino superior chegou a&nbsp;R$ 4.942, que representa 86% do rendimento de outros profissionais assalariados com o mesmo n\u00edvel de escolaridade, que \u00e9 R$ 5.747.<\/p>\n\n\n\n<p>Esse valor representa um aumento em rela\u00e7\u00e3o ao que era pago em anos anteriores. Em 2013, os professores ganhavam 71% do rendimento de outros profissionais.<\/p>\n\n\n\n<p>Enquanto o rendimento apresentou melhora, o regime de&nbsp;<a href=\"https:\/\/agenciabrasil.ebc.com.br\/educacao\/noticia\/2024-04\/estados-perdem-mais-de-180-mil-professores-em-10-anos\" target=\"_blank\" rel=\"noreferrer noopener\">contrata\u00e7\u00e3o&nbsp;<\/a>sofreu precariza\u00e7\u00f5es. Segundo a publica\u00e7\u00e3o, a modalidade de contrata\u00e7\u00e3o em formato tempor\u00e1rio disparou de 2013 para 2023 na maioria das redes estaduais, que hoje&nbsp;contam com mais da metade de seu corpo docente contratada como tempor\u00e1ria.&nbsp;<\/p>\n\n\n\n<p>\u201cCada vez mais as redes t\u00eam contratado professores tempor\u00e1rios, inclusive as estaduais hoje t\u00eam mais professores tempor\u00e1rios que efetivos\u201d, diz Gontijo. \u201cEnt\u00e3o, a primeira tend\u00eancia \u00e9 um pouco mais positiva, olhando essa quest\u00e3o salarial, e a dos tempor\u00e1rios realmente \u00e9 um efeito bem negativo dos \u00faltimos anos\u201d, acrescenta.<\/p>\n\n\n\n<h2 class=\"wp-block-heading\">Carreira e forma\u00e7\u00e3o<\/h2>\n\n\n\n<p>Outro fator importante para esses profissionais \u00e9 a exist\u00eancia e a ado\u00e7\u00e3o de crit\u00e9rios de um Plano de Cargo e Carreira. Segundo o anu\u00e1rio, 96,3% das redes municipais e 100% das estaduais t\u00eam&nbsp;esse instrumento. Entre os munic\u00edpios, 82,9% preveem expressamente o limite de dois ter\u00e7os da carga hor\u00e1ria para o desempenho das atividades de intera\u00e7\u00e3o com os estudantes, deixando um ter\u00e7o da carga hor\u00e1ria para planejamento de aula e outras atividades docentes, como previsto na Lei do Piso Nacional do Magist\u00e9rio. Entre os estados, 85,2% preveem esse limite.<\/p>\n\n\n\n<p>Em rela\u00e7\u00e3o \u00e0 forma\u00e7\u00e3o, o estudo mostra que o Brasil tem quase dois ter\u00e7os de seus licenciandos se formando a dist\u00e2ncia, o equivalente a 67%. Em 2023, foi superada a marca de 1,1 milh\u00e3o de matr\u00edculas no ensino superior em cursos voltados \u00e0 doc\u00eancia nessa modalidade. Em 2013, esse n\u00famero era menos da metade, 446 mil matr\u00edculas.<\/p>\n\n\n\n<p>&#8220;Embora a educa\u00e7\u00e3o a dist\u00e2ncia tenha contribu\u00eddo para a democratiza\u00e7\u00e3o do acesso ao ensino superior, sua efic\u00e1cia na forma\u00e7\u00e3o docente ainda \u00e9 debatida&#8221;, diz a an\u00e1lise no relat\u00f3rio, do coordenador-geral do Movimento Profiss\u00e3o Docente, Haroldo Corr\u00eaa Rocha.&nbsp;<\/p>\n\n\n\n<h2 class=\"wp-block-heading\">Leis e pol\u00edticas p\u00fablicas<\/h2>\n\n\n\n<p>A valoriza\u00e7\u00e3o docente est\u00e1 prevista em lei, no Plano Nacional de Educa\u00e7\u00e3o (PNE), cuja vig\u00eancia foi prorrogada at\u00e9 o final de 2025. Entre as metas previstas para serem cumpridas em todo o pa\u00eds est\u00e1 garantir que todos os professores da educa\u00e7\u00e3o b\u00e1sica tenham&nbsp;forma\u00e7\u00e3o espec\u00edfica de n\u00edvel superior, obtida em curso de licenciatura na \u00e1rea de conhecimento em que atuam.&nbsp;<\/p>\n\n\n\n<p>Al\u00e9m disso, tamb\u00e9m est\u00e1 previsto na lei que o pa\u00eds deve equiparar o rendimento m\u00e9dio dos professores ao dos demais profissionais com escolaridade equivalente. Essa meta deveria ter sido cumprida at\u00e9 2020. &nbsp;<\/p>\n\n\n\n<p>O ministro da Educa\u00e7\u00e3o, Camilo Santana, afirmou que o governo vai&nbsp;lan\u00e7ar, em novembro, um conjunto de a\u00e7\u00f5es para valorizar os professores brasileiros da educa\u00e7\u00e3o b\u00e1sica. Entre as medidas est\u00e1 o&nbsp;<a href=\"https:\/\/agenciabrasil.ebc.com.br\/educacao\/noticia\/2024-11\/pe-de-meia-licenciaturas-pagara-mais-de-r-500-para-futuros-mestres\" target=\"_blank\" rel=\"noreferrer noopener\">P\u00e9-de-Meia<\/a>&nbsp;para as licenciaturas, ou seja, bolsas para apoiar estudantes que ingressem na universidade para seguir a carreira docente.<\/p>\n\n\n\n<p>O\u00a0<a href=\"https:\/\/anuario.todospelaeducacao.org.br\/index.html\" target=\"_blank\" rel=\"noreferrer noopener\">Anu\u00e1rio Brasileiro da Educa\u00e7\u00e3o B\u00e1sica 2024<\/a>\u00a0est\u00e1 dispon\u00edvel na \u00edntegra na internet.\u00a0<\/p>\n\n\n\n<p>Texto: Mariana Tokarnia &#8211; Rep\u00f3rter da Ag\u00eancia Brasil<\/p>\n","protected":false},"excerpt":{"rendered":"<p>Um em&nbsp;cada tr\u00eas professores de escolas p\u00fablicas n\u00e3o tem a forma\u00e7\u00e3o adequada para a disciplina que leciona. Considerando tanto as escolas p\u00fablicas quanto as privadas, 12,8% dos docentes n\u00e3o possuem sequer gradua\u00e7\u00e3o. Os dados s\u00e3o do Anu\u00e1rio Brasileiro da Educa\u00e7\u00e3o B\u00e1sica, lan\u00e7ado nesta quarta-feira (13)&nbsp;pela organiza\u00e7\u00e3o&nbsp;Todos Pela Educa\u00e7\u00e3o, a Funda\u00e7\u00e3o Santillana e Editora Moderna. A [&hellip;]<\/p>\n","protected":false},"author":13,"featured_media":0,"comment_status":"open","ping_status":"open","sticky":false,"template":"","format":"standard","meta":{"_acf_changed":false,"footnotes":""},"categories":[19,898],"tags":[446],"class_list":["post-82733","post","type-post","status-publish","format-standard","hentry","category-brasil-mundo","category-manchete-segundaria","tag-brasil-mundo"],"acf":[],"yoast_head":"<!-- This site is optimized with the Yoast SEO plugin v24.4 - https:\/\/yoast.com\/wordpress\/plugins\/seo\/ -->\n<title>Um em cada 3 professores de escolas p\u00fablicas n\u00e3o tem forma\u00e7\u00e3o adequada - PORTAL DE NOT\u00cdCIAS CLEITON PINHEIRO<\/title>\n<meta name=\"robots\" content=\"index, follow, max-snippet:-1, max-image-preview:large, max-video-preview:-1\" \/>\n<link rel=\"canonical\" href=\"https:\/\/cleitonpinheiro.com.br\/site\/um-em-cada-3-professores-de-escolas-publicas-nao-tem-formacao-adequada\/\" \/>\n<meta property=\"og:locale\" content=\"pt_BR\" \/>\n<meta property=\"og:type\" content=\"article\" \/>\n<meta property=\"og:title\" content=\"Um em cada 3 professores de escolas p\u00fablicas n\u00e3o tem forma\u00e7\u00e3o adequada - PORTAL DE NOT\u00cdCIAS CLEITON PINHEIRO\" \/>\n<meta property=\"og:description\" content=\"Um em&nbsp;cada tr\u00eas professores de escolas p\u00fablicas n\u00e3o tem a forma\u00e7\u00e3o adequada para a disciplina que leciona. Considerando tanto as escolas p\u00fablicas quanto as privadas, 12,8% dos docentes n\u00e3o possuem sequer gradua\u00e7\u00e3o. Os dados s\u00e3o do Anu\u00e1rio Brasileiro da Educa\u00e7\u00e3o B\u00e1sica, lan\u00e7ado nesta quarta-feira (13)&nbsp;pela organiza\u00e7\u00e3o&nbsp;Todos Pela Educa\u00e7\u00e3o, a Funda\u00e7\u00e3o Santillana e Editora Moderna. A [&hellip;]\" \/>\n<meta property=\"og:url\" content=\"https:\/\/cleitonpinheiro.com.br\/site\/um-em-cada-3-professores-de-escolas-publicas-nao-tem-formacao-adequada\/\" \/>\n<meta property=\"og:site_name\" content=\"PORTAL DE NOT\u00cdCIAS CLEITON PINHEIRO\" \/>\n<meta property=\"article:publisher\" content=\"https:\/\/www.facebook.com\/portalcpnoticias\/\" \/>\n<meta property=\"article:published_time\" content=\"2024-11-13T11:04:06+00:00\" \/>\n<meta property=\"article:modified_time\" content=\"2024-11-13T11:04:11+00:00\" \/>\n<meta property=\"og:image\" content=\"https:\/\/cleitonpinheiro.com.br\/site\/wp-content\/uploads\/2024\/11\/4-2.webp\" \/>\n\t<meta property=\"og:image:width\" content=\"1170\" \/>\n\t<meta property=\"og:image:height\" content=\"700\" \/>\n\t<meta property=\"og:image:type\" content=\"image\/webp\" \/>\n<meta name=\"author\" content=\"Reda\u00e7\u00e3o CP\" \/>\n<meta name=\"twitter:card\" content=\"summary_large_image\" \/>\n<meta name=\"twitter:label1\" content=\"Escrito por\" \/>\n\t<meta name=\"twitter:data1\" content=\"Reda\u00e7\u00e3o CP\" \/>\n\t<meta name=\"twitter:label2\" content=\"Est. tempo de leitura\" \/>\n\t<meta name=\"twitter:data2\" content=\"6 minutos\" \/>\n<script type=\"application\/ld+json\" class=\"yoast-schema-graph\">{\"@context\":\"https:\/\/schema.org\",\"@graph\":[{\"@type\":\"Article\",\"@id\":\"https:\/\/cleitonpinheiro.com.br\/site\/um-em-cada-3-professores-de-escolas-publicas-nao-tem-formacao-adequada\/#article\",\"isPartOf\":{\"@id\":\"https:\/\/cleitonpinheiro.com.br\/site\/um-em-cada-3-professores-de-escolas-publicas-nao-tem-formacao-adequada\/\"},\"author\":{\"name\":\"Reda\u00e7\u00e3o CP\",\"@id\":\"https:\/\/cleitonpinheiro.com.br\/site\/#\/schema\/person\/8f04544e0bc40a1b68775b08360f87db\"},\"headline\":\"Um em cada 3 professores de escolas p\u00fablicas n\u00e3o tem forma\u00e7\u00e3o adequada\",\"datePublished\":\"2024-11-13T11:04:06+00:00\",\"dateModified\":\"2024-11-13T11:04:11+00:00\",\"mainEntityOfPage\":{\"@id\":\"https:\/\/cleitonpinheiro.com.br\/site\/um-em-cada-3-professores-de-escolas-publicas-nao-tem-formacao-adequada\/\"},\"wordCount\":1033,\"commentCount\":0,\"publisher\":{\"@id\":\"https:\/\/cleitonpinheiro.com.br\/site\/#organization\"},\"image\":{\"@id\":\"https:\/\/cleitonpinheiro.com.br\/site\/um-em-cada-3-professores-de-escolas-publicas-nao-tem-formacao-adequada\/#primaryimage\"},\"thumbnailUrl\":\"https:\/\/cleitonpinheiro.com.br\/site\/wp-content\/uploads\/2024\/11\/4-2-1024x613.webp\",\"keywords\":[\"Brasil mundo\"],\"articleSection\":[\"BRASIL \/ MUNDO\",\"MANCHETE SEGUND\u00c1RIA\"],\"inLanguage\":\"pt-BR\",\"potentialAction\":[{\"@type\":\"CommentAction\",\"name\":\"Comment\",\"target\":[\"https:\/\/cleitonpinheiro.com.br\/site\/um-em-cada-3-professores-de-escolas-publicas-nao-tem-formacao-adequada\/#respond\"]}]},{\"@type\":\"WebPage\",\"@id\":\"https:\/\/cleitonpinheiro.com.br\/site\/um-em-cada-3-professores-de-escolas-publicas-nao-tem-formacao-adequada\/\",\"url\":\"https:\/\/cleitonpinheiro.com.br\/site\/um-em-cada-3-professores-de-escolas-publicas-nao-tem-formacao-adequada\/\",\"name\":\"Um em cada 3 professores de escolas p\u00fablicas n\u00e3o tem forma\u00e7\u00e3o adequada - PORTAL DE NOT\u00cdCIAS CLEITON PINHEIRO\",\"isPartOf\":{\"@id\":\"https:\/\/cleitonpinheiro.com.br\/site\/#website\"},\"primaryImageOfPage\":{\"@id\":\"https:\/\/cleitonpinheiro.com.br\/site\/um-em-cada-3-professores-de-escolas-publicas-nao-tem-formacao-adequada\/#primaryimage\"},\"image\":{\"@id\":\"https:\/\/cleitonpinheiro.com.br\/site\/um-em-cada-3-professores-de-escolas-publicas-nao-tem-formacao-adequada\/#primaryimage\"},\"thumbnailUrl\":\"https:\/\/cleitonpinheiro.com.br\/site\/wp-content\/uploads\/2024\/11\/4-2-1024x613.webp\",\"datePublished\":\"2024-11-13T11:04:06+00:00\",\"dateModified\":\"2024-11-13T11:04:11+00:00\",\"breadcrumb\":{\"@id\":\"https:\/\/cleitonpinheiro.com.br\/site\/um-em-cada-3-professores-de-escolas-publicas-nao-tem-formacao-adequada\/#breadcrumb\"},\"inLanguage\":\"pt-BR\",\"potentialAction\":[{\"@type\":\"ReadAction\",\"target\":[\"https:\/\/cleitonpinheiro.com.br\/site\/um-em-cada-3-professores-de-escolas-publicas-nao-tem-formacao-adequada\/\"]}]},{\"@type\":\"ImageObject\",\"inLanguage\":\"pt-BR\",\"@id\":\"https:\/\/cleitonpinheiro.com.br\/site\/um-em-cada-3-professores-de-escolas-publicas-nao-tem-formacao-adequada\/#primaryimage\",\"url\":\"\",\"contentUrl\":\"\"},{\"@type\":\"BreadcrumbList\",\"@id\":\"https:\/\/cleitonpinheiro.com.br\/site\/um-em-cada-3-professores-de-escolas-publicas-nao-tem-formacao-adequada\/#breadcrumb\",\"itemListElement\":[{\"@type\":\"ListItem\",\"position\":1,\"name\":\"In\u00edcio\",\"item\":\"https:\/\/cleitonpinheiro.com.br\/site\/\"},{\"@type\":\"ListItem\",\"position\":2,\"name\":\"Um em cada 3 professores de escolas p\u00fablicas n\u00e3o tem forma\u00e7\u00e3o adequada\"}]},{\"@type\":\"WebSite\",\"@id\":\"https:\/\/cleitonpinheiro.com.br\/site\/#website\",\"url\":\"https:\/\/cleitonpinheiro.com.br\/site\/\",\"name\":\"PORTAL DE NOT\u00cdCIAS CLEITON PINHEIRO\",\"description\":\"FALANDO A VERDADE\",\"publisher\":{\"@id\":\"https:\/\/cleitonpinheiro.com.br\/site\/#organization\"},\"potentialAction\":[{\"@type\":\"SearchAction\",\"target\":{\"@type\":\"EntryPoint\",\"urlTemplate\":\"https:\/\/cleitonpinheiro.com.br\/site\/?s={search_term_string}\"},\"query-input\":{\"@type\":\"PropertyValueSpecification\",\"valueRequired\":true,\"valueName\":\"search_term_string\"}}],\"inLanguage\":\"pt-BR\"},{\"@type\":\"Organization\",\"@id\":\"https:\/\/cleitonpinheiro.com.br\/site\/#organization\",\"name\":\"CPNOT\u00cdCIAS\",\"url\":\"https:\/\/cleitonpinheiro.com.br\/site\/\",\"logo\":{\"@type\":\"ImageObject\",\"inLanguage\":\"pt-BR\",\"@id\":\"https:\/\/cleitonpinheiro.com.br\/site\/#\/schema\/logo\/image\/\",\"url\":\"https:\/\/cleitonpinheiro.com.br\/site\/wp-content\/uploads\/2022\/08\/Logo-pequena-2.png\",\"contentUrl\":\"https:\/\/cleitonpinheiro.com.br\/site\/wp-content\/uploads\/2022\/08\/Logo-pequena-2.png\",\"width\":500,\"height\":500,\"caption\":\"CPNOT\u00cdCIAS\"},\"image\":{\"@id\":\"https:\/\/cleitonpinheiro.com.br\/site\/#\/schema\/logo\/image\/\"},\"sameAs\":[\"https:\/\/www.facebook.com\/portalcpnoticias\/\"]},{\"@type\":\"Person\",\"@id\":\"https:\/\/cleitonpinheiro.com.br\/site\/#\/schema\/person\/8f04544e0bc40a1b68775b08360f87db\",\"name\":\"Reda\u00e7\u00e3o CP\",\"image\":{\"@type\":\"ImageObject\",\"inLanguage\":\"pt-BR\",\"@id\":\"https:\/\/cleitonpinheiro.com.br\/site\/#\/schema\/person\/image\/\",\"url\":\"https:\/\/secure.gravatar.com\/avatar\/0bcf19cb29fdc8fc588c490c7ae1b3e174dac268586a63fbe1d1893a0f9020cd?s=96&r=g\",\"contentUrl\":\"https:\/\/secure.gravatar.com\/avatar\/0bcf19cb29fdc8fc588c490c7ae1b3e174dac268586a63fbe1d1893a0f9020cd?s=96&r=g\",\"caption\":\"Reda\u00e7\u00e3o CP\"},\"url\":\"https:\/\/cleitonpinheiro.com.br\/site\/author\/redacao\/\"}]}<\/script>\n<!-- \/ Yoast SEO plugin. -->","yoast_head_json":{"title":"Um em cada 3 professores de escolas p\u00fablicas n\u00e3o tem forma\u00e7\u00e3o adequada - PORTAL DE NOT\u00cdCIAS CLEITON PINHEIRO","robots":{"index":"index","follow":"follow","max-snippet":"max-snippet:-1","max-image-preview":"max-image-preview:large","max-video-preview":"max-video-preview:-1"},"canonical":"https:\/\/cleitonpinheiro.com.br\/site\/um-em-cada-3-professores-de-escolas-publicas-nao-tem-formacao-adequada\/","og_locale":"pt_BR","og_type":"article","og_title":"Um em cada 3 professores de escolas p\u00fablicas n\u00e3o tem forma\u00e7\u00e3o adequada - PORTAL DE NOT\u00cdCIAS CLEITON PINHEIRO","og_description":"Um em&nbsp;cada tr\u00eas professores de escolas p\u00fablicas n\u00e3o tem a forma\u00e7\u00e3o adequada para a disciplina que leciona. Considerando tanto as escolas p\u00fablicas quanto as privadas, 12,8% dos docentes n\u00e3o possuem sequer gradua\u00e7\u00e3o. Os dados s\u00e3o do Anu\u00e1rio Brasileiro da Educa\u00e7\u00e3o B\u00e1sica, lan\u00e7ado nesta quarta-feira (13)&nbsp;pela organiza\u00e7\u00e3o&nbsp;Todos Pela Educa\u00e7\u00e3o, a Funda\u00e7\u00e3o Santillana e Editora Moderna. A [&hellip;]","og_url":"https:\/\/cleitonpinheiro.com.br\/site\/um-em-cada-3-professores-de-escolas-publicas-nao-tem-formacao-adequada\/","og_site_name":"PORTAL DE NOT\u00cdCIAS CLEITON PINHEIRO","article_publisher":"https:\/\/www.facebook.com\/portalcpnoticias\/","article_published_time":"2024-11-13T11:04:06+00:00","article_modified_time":"2024-11-13T11:04:11+00:00","og_image":[{"width":1170,"height":700,"url":"https:\/\/cleitonpinheiro.com.br\/site\/wp-content\/uploads\/2024\/11\/4-2.webp","type":"image\/webp"}],"author":"Reda\u00e7\u00e3o CP","twitter_card":"summary_large_image","twitter_misc":{"Escrito por":"Reda\u00e7\u00e3o CP","Est. tempo de leitura":"6 minutos"},"schema":{"@context":"https:\/\/schema.org","@graph":[{"@type":"Article","@id":"https:\/\/cleitonpinheiro.com.br\/site\/um-em-cada-3-professores-de-escolas-publicas-nao-tem-formacao-adequada\/#article","isPartOf":{"@id":"https:\/\/cleitonpinheiro.com.br\/site\/um-em-cada-3-professores-de-escolas-publicas-nao-tem-formacao-adequada\/"},"author":{"name":"Reda\u00e7\u00e3o CP","@id":"https:\/\/cleitonpinheiro.com.br\/site\/#\/schema\/person\/8f04544e0bc40a1b68775b08360f87db"},"headline":"Um em cada 3 professores de escolas p\u00fablicas n\u00e3o tem forma\u00e7\u00e3o adequada","datePublished":"2024-11-13T11:04:06+00:00","dateModified":"2024-11-13T11:04:11+00:00","mainEntityOfPage":{"@id":"https:\/\/cleitonpinheiro.com.br\/site\/um-em-cada-3-professores-de-escolas-publicas-nao-tem-formacao-adequada\/"},"wordCount":1033,"commentCount":0,"publisher":{"@id":"https:\/\/cleitonpinheiro.com.br\/site\/#organization"},"image":{"@id":"https:\/\/cleitonpinheiro.com.br\/site\/um-em-cada-3-professores-de-escolas-publicas-nao-tem-formacao-adequada\/#primaryimage"},"thumbnailUrl":"https:\/\/cleitonpinheiro.com.br\/site\/wp-content\/uploads\/2024\/11\/4-2-1024x613.webp","keywords":["Brasil mundo"],"articleSection":["BRASIL \/ MUNDO","MANCHETE SEGUND\u00c1RIA"],"inLanguage":"pt-BR","potentialAction":[{"@type":"CommentAction","name":"Comment","target":["https:\/\/cleitonpinheiro.com.br\/site\/um-em-cada-3-professores-de-escolas-publicas-nao-tem-formacao-adequada\/#respond"]}]},{"@type":"WebPage","@id":"https:\/\/cleitonpinheiro.com.br\/site\/um-em-cada-3-professores-de-escolas-publicas-nao-tem-formacao-adequada\/","url":"https:\/\/cleitonpinheiro.com.br\/site\/um-em-cada-3-professores-de-escolas-publicas-nao-tem-formacao-adequada\/","name":"Um em cada 3 professores de escolas p\u00fablicas n\u00e3o tem forma\u00e7\u00e3o adequada - PORTAL DE NOT\u00cdCIAS CLEITON PINHEIRO","isPartOf":{"@id":"https:\/\/cleitonpinheiro.com.br\/site\/#website"},"primaryImageOfPage":{"@id":"https:\/\/cleitonpinheiro.com.br\/site\/um-em-cada-3-professores-de-escolas-publicas-nao-tem-formacao-adequada\/#primaryimage"},"image":{"@id":"https:\/\/cleitonpinheiro.com.br\/site\/um-em-cada-3-professores-de-escolas-publicas-nao-tem-formacao-adequada\/#primaryimage"},"thumbnailUrl":"https:\/\/cleitonpinheiro.com.br\/site\/wp-content\/uploads\/2024\/11\/4-2-1024x613.webp","datePublished":"2024-11-13T11:04:06+00:00","dateModified":"2024-11-13T11:04:11+00:00","breadcrumb":{"@id":"https:\/\/cleitonpinheiro.com.br\/site\/um-em-cada-3-professores-de-escolas-publicas-nao-tem-formacao-adequada\/#breadcrumb"},"inLanguage":"pt-BR","potentialAction":[{"@type":"ReadAction","target":["https:\/\/cleitonpinheiro.com.br\/site\/um-em-cada-3-professores-de-escolas-publicas-nao-tem-formacao-adequada\/"]}]},{"@type":"ImageObject","inLanguage":"pt-BR","@id":"https:\/\/cleitonpinheiro.com.br\/site\/um-em-cada-3-professores-de-escolas-publicas-nao-tem-formacao-adequada\/#primaryimage","url":"","contentUrl":""},{"@type":"BreadcrumbList","@id":"https:\/\/cleitonpinheiro.com.br\/site\/um-em-cada-3-professores-de-escolas-publicas-nao-tem-formacao-adequada\/#breadcrumb","itemListElement":[{"@type":"ListItem","position":1,"name":"In\u00edcio","item":"https:\/\/cleitonpinheiro.com.br\/site\/"},{"@type":"ListItem","position":2,"name":"Um em cada 3 professores de escolas p\u00fablicas n\u00e3o tem forma\u00e7\u00e3o adequada"}]},{"@type":"WebSite","@id":"https:\/\/cleitonpinheiro.com.br\/site\/#website","url":"https:\/\/cleitonpinheiro.com.br\/site\/","name":"PORTAL DE NOT\u00cdCIAS CLEITON PINHEIRO","description":"FALANDO A VERDADE","publisher":{"@id":"https:\/\/cleitonpinheiro.com.br\/site\/#organization"},"potentialAction":[{"@type":"SearchAction","target":{"@type":"EntryPoint","urlTemplate":"https:\/\/cleitonpinheiro.com.br\/site\/?s={search_term_string}"},"query-input":{"@type":"PropertyValueSpecification","valueRequired":true,"valueName":"search_term_string"}}],"inLanguage":"pt-BR"},{"@type":"Organization","@id":"https:\/\/cleitonpinheiro.com.br\/site\/#organization","name":"CPNOT\u00cdCIAS","url":"https:\/\/cleitonpinheiro.com.br\/site\/","logo":{"@type":"ImageObject","inLanguage":"pt-BR","@id":"https:\/\/cleitonpinheiro.com.br\/site\/#\/schema\/logo\/image\/","url":"https:\/\/cleitonpinheiro.com.br\/site\/wp-content\/uploads\/2022\/08\/Logo-pequena-2.png","contentUrl":"https:\/\/cleitonpinheiro.com.br\/site\/wp-content\/uploads\/2022\/08\/Logo-pequena-2.png","width":500,"height":500,"caption":"CPNOT\u00cdCIAS"},"image":{"@id":"https:\/\/cleitonpinheiro.com.br\/site\/#\/schema\/logo\/image\/"},"sameAs":["https:\/\/www.facebook.com\/portalcpnoticias\/"]},{"@type":"Person","@id":"https:\/\/cleitonpinheiro.com.br\/site\/#\/schema\/person\/8f04544e0bc40a1b68775b08360f87db","name":"Reda\u00e7\u00e3o CP","image":{"@type":"ImageObject","inLanguage":"pt-BR","@id":"https:\/\/cleitonpinheiro.com.br\/site\/#\/schema\/person\/image\/","url":"https:\/\/secure.gravatar.com\/avatar\/0bcf19cb29fdc8fc588c490c7ae1b3e174dac268586a63fbe1d1893a0f9020cd?s=96&r=g","contentUrl":"https:\/\/secure.gravatar.com\/avatar\/0bcf19cb29fdc8fc588c490c7ae1b3e174dac268586a63fbe1d1893a0f9020cd?s=96&r=g","caption":"Reda\u00e7\u00e3o CP"},"url":"https:\/\/cleitonpinheiro.com.br\/site\/author\/redacao\/"}]}},"views":183,"_links":{"self":[{"href":"https:\/\/cleitonpinheiro.com.br\/site\/wp-json\/wp\/v2\/posts\/82733","targetHints":{"allow":["GET"]}}],"collection":[{"href":"https:\/\/cleitonpinheiro.com.br\/site\/wp-json\/wp\/v2\/posts"}],"about":[{"href":"https:\/\/cleitonpinheiro.com.br\/site\/wp-json\/wp\/v2\/types\/post"}],"author":[{"embeddable":true,"href":"https:\/\/cleitonpinheiro.com.br\/site\/wp-json\/wp\/v2\/users\/13"}],"replies":[{"embeddable":true,"href":"https:\/\/cleitonpinheiro.com.br\/site\/wp-json\/wp\/v2\/comments?post=82733"}],"version-history":[{"count":1,"href":"https:\/\/cleitonpinheiro.com.br\/site\/wp-json\/wp\/v2\/posts\/82733\/revisions"}],"predecessor-version":[{"id":82735,"href":"https:\/\/cleitonpinheiro.com.br\/site\/wp-json\/wp\/v2\/posts\/82733\/revisions\/82735"}],"wp:attachment":[{"href":"https:\/\/cleitonpinheiro.com.br\/site\/wp-json\/wp\/v2\/media?parent=82733"}],"wp:term":[{"taxonomy":"category","embeddable":true,"href":"https:\/\/cleitonpinheiro.com.br\/site\/wp-json\/wp\/v2\/categories?post=82733"},{"taxonomy":"post_tag","embeddable":true,"href":"https:\/\/cleitonpinheiro.com.br\/site\/wp-json\/wp\/v2\/tags?post=82733"}],"curies":[{"name":"wp","href":"https:\/\/api.w.org\/{rel}","templated":true}]}}