{"id":82742,"date":"2024-11-13T08:18:36","date_gmt":"2024-11-13T11:18:36","guid":{"rendered":"https:\/\/cleitonpinheiro.com.br\/site\/?p=82742"},"modified":"2024-11-13T08:18:40","modified_gmt":"2024-11-13T11:18:40","slug":"unidades-de-saude-de-palmas-terao-atendimento-noturno-aos-homens-durante-a-campanha-novembro-azul","status":"publish","type":"post","link":"https:\/\/cleitonpinheiro.com.br\/site\/unidades-de-saude-de-palmas-terao-atendimento-noturno-aos-homens-durante-a-campanha-novembro-azul\/","title":{"rendered":"Unidades de Sa\u00fade de Palmas ter\u00e3o atendimento noturno aos homens durante a campanha Novembro Azul"},"content":{"rendered":"\n<figure class=\"wp-block-gallery has-nested-images columns-default is-cropped wp-block-gallery-1 is-layout-flex wp-block-gallery-is-layout-flex\">\n<figure class=\"wp-block-image size-large\"><img decoding=\"async\" data-id=\"82743\" src=\"https:\/\/cleitonpinheiro.com.br\/site\/wp-content\/uploads\/2024\/11\/bdf15896-ee07-4269-b0ff-5a142a173636.jpg\" alt=\"\" class=\"wp-image-82743\"\/><figcaption class=\"wp-element-caption\">Foto: Lia Mara\/Secom Palmas<\/figcaption><\/figure>\n<\/figure>\n\n\n\n<p>A partir desta quarta-feira, 13, as Unidades de Sa\u00fade da Fam\u00edlia (USFs) iniciam uma programa\u00e7\u00e3o especial em alus\u00e3o \u00e0 campanha Novembro Azul, que ressalta a import\u00e2ncia do diagn\u00f3stico precoce do c\u00e2ncer de pr\u00f3stata. Cada USF preparou um cronograma pr\u00f3prio (dispon\u00edvel no final da mat\u00e9ria), com o diferencial de que, como em anos anteriores, as unidades estar\u00e3o abertas no per\u00edodo noturno, facilitando o acesso para pacientes homens que s\u00f3 podem buscar atendimento m\u00e9dico nesse hor\u00e1rio.<\/p>\n\n\n\n<p>A programa\u00e7\u00e3o inclui consultas m\u00e9dicas, atendimentos odontol\u00f3gicos e de enfermagem, testagem r\u00e1pida para Infec\u00e7\u00f5es Sexualmente Transmiss\u00edveis (ISTs), exames laboratoriais, vacina\u00e7\u00e3o e palestras voltadas para a sa\u00fade do homem. Para participar, basta comparecer \u00e0 unidade de refer\u00eancia com o Cart\u00e3o SUS ou um documento de identifica\u00e7\u00e3o.<\/p>\n\n\n\n<p><strong>Confira abaixo a programa\u00e7\u00e3o completa:<\/strong><\/p>\n\n\n\n<p><strong>USF Arse 82 (806 Sul)&nbsp;<\/strong><\/p>\n\n\n\n<p>13 e 27\/11 &#8211; 7h \u00e0s 12h e das 14h \u00e0s 17h<br>Atendimento m\u00e9dico e odontol\u00f3gico, testes r\u00e1pidos para ISTs com testes r\u00e1pidos pela enfermagem;<\/p>\n\n\n\n<p><strong>USF Laurides Lima Milhomem (Jardim Aureny III)<\/strong><\/p>\n\n\n\n<p>13 e 27\/11 &#8211; 18h \u00e0s 21h<br>Atendimento m\u00e9dico, odontol\u00f3gico e de enfermagem, testes r\u00e1pidos para ISTs, exames laboratoriais, vacina\u00e7\u00e3o e palestras;<\/p>\n\n\n\n<p><strong>USF Val\u00e9ria Martins Pereira &#8211;&nbsp;Arse 122 (1.206 Sul)<\/strong><\/p>\n\n\n\n<p>13\/11, 20\/11 e 27\/11 &#8211; 7h \u00e0s 13h<br>27\/11 &#8211; 19h \u00e0s 21h30<br>Atendimento m\u00e9dico e odontol\u00f3gico, e testes r\u00e1pidos para ISTs;<\/p>\n\n\n\n<p><strong>USF Vereador Jos\u00e9 Hermes Rodrigues Damaso (Setor Sul)<\/strong><\/p>\n\n\n\n<p>13\/11 e 27\/11 \u2013 19h \u00e0s 21h<br>Abertura de processo de vasectomia, testes r\u00e1pidos para ISTs, atendimento m\u00e9dico e de enfermagem, antropometria (peso, altura, circunfer\u00eancia abdominal, \u00edndice de massa corporal), aferi\u00e7\u00e3o de press\u00e3o e glicemia, e vacina\u00e7\u00e3o;<\/p>\n\n\n\n<p><strong>USF do Jardim Aureny II<\/strong><\/p>\n\n\n\n<p>13\/11, 20\/11 e 27\/11 \u2013 9h \u00e0s 13h<br>Dia D 18\/11 &#8211; 18 \u00e0s 22h<br>Consulta m\u00e9dica, vacina\u00e7\u00e3o e testes r\u00e1pidos para ISTs;<\/p>\n\n\n\n<p><strong>USF da ASR SE 75 (712 Sul)<\/strong><\/p>\n\n\n\n<p>13 e 27\/ 11 \u2013 9h \u00e0s 17h<br>Atendimento odontol\u00f3gico e testes r\u00e1pidos para ISTs;<\/p>\n\n\n\n<p><strong>USF Francisco J\u00fanior (Arso 41 &#8211; 403 Sul)<\/strong><\/p>\n\n\n\n<p>13\/11, 20\/ 11 e 27\/11 &#8211; 14h \u00e0s 18h<br>Atendimento m\u00e9dico e odontol\u00f3gico, solicita\u00e7\u00e3o de exames, testes r\u00e1pidos para ISTs, e orienta\u00e7\u00f5es sobre o cuidado com a sa\u00fade do homem;<\/p>\n\n\n\n<p><strong>USF Bela Vista&nbsp;<\/strong><\/p>\n\n\n\n<p>14\/11 e 28\/11 &#8211; 07 \u00e0s 22h<br>Consulta m\u00e9dica, avalia\u00e7\u00e3o odontol\u00f3gica e testes r\u00e1pidos para ISTs;<\/p>\n\n\n\n<p><strong>USF Arne 53 (406 Norte)<\/strong><\/p>\n\n\n\n<p>18\/11 &#8211; 18h \u00e0s 21h<br>Consulta m\u00e9dica, avalia\u00e7\u00e3o odontol\u00f3gica, solicita\u00e7\u00e3o de exames, testes r\u00e1pidos para ISTs, aferi\u00e7\u00e3o de press\u00e3o e palestras;<\/p>\n\n\n\n<p><strong>USF Jos\u00e9 Luiz Otaviani (Arno 33 &#8211; 307 Norte)<\/strong><\/p>\n\n\n\n<p>19\/11 &#8211; 17 \u00e0s 21h<br>Consulta m\u00e9dica, &nbsp;testes r\u00e1pidos para ISTs, solicita\u00e7\u00e3o de exames e encaminhamentos conforme necessidade, e avalia\u00e7\u00e3o cl\u00ednica de fumantes;<\/p>\n\n\n\n<p><strong>USF Arno 44 (409 Norte)<\/strong><\/p>\n\n\n\n<p>19\/11 &#8211; 18h \u00e0s 20h<br>Solicita\u00e7\u00e3o de exames, orienta\u00e7\u00f5es de higiene bucal, planejamento familiar, testes r\u00e1pidos para ISTs\/<\/p>\n\n\n\n<p><strong>USF Mariazinha Rodrigues da Silva (Buritirana)<\/strong><\/p>\n\n\n\n<p>19\/11 &nbsp;e 27\/ 11 &#8211; 8h \u00e0s 12h<br>Atendimento m\u00e9dico e odontol\u00f3gico, testes r\u00e1pidos para ISTs e palestra;<\/p>\n\n\n\n<p><strong>USF Jos\u00e9 L\u00facio de Carvalho (Lago Sul)<\/strong><\/p>\n\n\n\n<p>21\/11 &#8211; 17h \u00e0s 21h<br>Exame de sangue, PSA e testes r\u00e1pidos para ISTs;<\/p>\n\n\n\n<p><strong>USF Santa B\u00e1rbara &nbsp;&nbsp;<\/strong>&nbsp; &nbsp; &nbsp; &nbsp; &nbsp; &nbsp; &nbsp; &nbsp; &nbsp; &nbsp; &nbsp; &nbsp;<\/p>\n\n\n\n<p>22\/11 &#8211; 14h \u00e0s 21h<br>Consulta m\u00e9dica, solicita\u00e7\u00e3o de exames, vacina\u00e7\u00e3o, avalia\u00e7\u00e3o odontol\u00f3gica, testes r\u00e1pidos para ISTs, aferi\u00e7\u00e3o de press\u00e3o e palestras;<\/p>\n\n\n\n<p><strong>USF Walterly Wagner Jos\u00e9 Ribeiro Sousa (Taquaru\u00e7u Grande)&nbsp;<\/strong><\/p>\n\n\n\n<p>22\/11 &#8211; 18h na Feira Coberta de Taquaru\u00e7u Grande<br>27\/11 &#8211; 8h no ponto de atendimento Le\u00e3o de Jud\u00e1<br>Consulta m\u00e9dica, palestras educativas, aferi\u00e7\u00e3o de press\u00e3o arterial, teste de glicemia, testes r\u00e1pidos para ISTs, pedidos de PSA e vacina\u00e7\u00e3o;<\/p>\n\n\n\n<p><strong>USF Albertino Santos (Arse 101 &#8211; 1.004 Sul)<\/strong><\/p>\n\n\n\n<p>23\/11 &#8211; 8 \u00e0s 18h<br>Atendimento m\u00e9dico e odontol\u00f3gico, testes r\u00e1pidos para ISTs e palestra;<\/p>\n\n\n\n<p><strong>USF Arno 41 (403 Norte)<\/strong><\/p>\n\n\n\n<p>26\/11 &#8211; 19h \u00e0s 21h<br>Consulta m\u00e9dica, testes r\u00e1pidos para ISTs, vacina\u00e7\u00e3o, atividades educativas e levantamento de necessidades odontol\u00f3gicas;<\/p>\n\n\n\n<p><strong>USF Liberdade (Jardim Aureny III)<\/strong><\/p>\n\n\n\n<p>27\/11 &#8211; 17h \u00e0s 21h<br>Consulta m\u00e9dica, testes r\u00e1pidos, solicita\u00e7\u00e3o de exames e encaminhamento a especialistas (conforme a necessidade) e palestra sobre sa\u00fade bucal;<\/p>\n\n\n\n<p><strong>USF Walter Pereira Morato (Taquaru\u00e7u)<\/strong><\/p>\n\n\n\n<p>27\/11 &#8211; 18h \u00e0s 22h<br>Consulta m\u00e9dica, palestra e auriculoterapia;<\/p>\n\n\n\n<p><strong>USF Loiane Moreno Vieira \u2013 210 Sul (Arse 24)<\/strong><\/p>\n\n\n\n<p>&nbsp;27\/ 11 &#8211; 07h \u00e0s 21h<br>Atendimento cl\u00ednico e odontol\u00f3gico, testes r\u00e1pidos para ISTs, vacina\u00e7\u00e3o e educa\u00e7\u00e3o em sa\u00fade;<\/p>\n\n\n\n<p><strong>USF Arno 41 (403 Norte)<\/strong><\/p>\n\n\n\n<p>28\/11 &#8211; 19h \u00e0s 21h<br>Consulta m\u00e9dica, testagem para ISTS, vacina\u00e7\u00e3o, atividades educativas e levantamento de necessidades odontol\u00f3gicas.<\/p>\n\n\n\n<p>Texto: Semus Palmas<\/p>\n","protected":false},"excerpt":{"rendered":"<p>A partir desta quarta-feira, 13, as Unidades de Sa\u00fade da Fam\u00edlia (USFs) iniciam uma programa\u00e7\u00e3o especial em alus\u00e3o \u00e0 campanha Novembro Azul, que ressalta a import\u00e2ncia do diagn\u00f3stico precoce do c\u00e2ncer de pr\u00f3stata. Cada USF preparou um cronograma pr\u00f3prio (dispon\u00edvel no final da mat\u00e9ria), com o diferencial de que, como em anos anteriores, as unidades [&hellip;]<\/p>\n","protected":false},"author":13,"featured_media":0,"comment_status":"open","ping_status":"open","sticky":false,"template":"","format":"standard","meta":{"_acf_changed":false,"footnotes":""},"categories":[22,898],"tags":[720],"class_list":["post-82742","post","type-post","status-publish","format-standard","hentry","category-cidades","category-manchete-segundaria","tag-prefeitura-de-palmas"],"acf":[],"yoast_head":"<!-- This site is optimized with the Yoast SEO plugin v24.4 - https:\/\/yoast.com\/wordpress\/plugins\/seo\/ -->\n<title>Unidades de Sa\u00fade de Palmas ter\u00e3o atendimento noturno aos homens durante a campanha Novembro Azul - PORTAL DE NOT\u00cdCIAS CLEITON PINHEIRO<\/title>\n<meta name=\"robots\" content=\"index, follow, max-snippet:-1, max-image-preview:large, max-video-preview:-1\" \/>\n<link rel=\"canonical\" href=\"https:\/\/cleitonpinheiro.com.br\/site\/unidades-de-saude-de-palmas-terao-atendimento-noturno-aos-homens-durante-a-campanha-novembro-azul\/\" \/>\n<meta property=\"og:locale\" content=\"pt_BR\" \/>\n<meta property=\"og:type\" content=\"article\" \/>\n<meta property=\"og:title\" content=\"Unidades de Sa\u00fade de Palmas ter\u00e3o atendimento noturno aos homens durante a campanha Novembro Azul - PORTAL DE NOT\u00cdCIAS CLEITON PINHEIRO\" \/>\n<meta property=\"og:description\" content=\"A partir desta quarta-feira, 13, as Unidades de Sa\u00fade da Fam\u00edlia (USFs) iniciam uma programa\u00e7\u00e3o especial em alus\u00e3o \u00e0 campanha Novembro Azul, que ressalta a import\u00e2ncia do diagn\u00f3stico precoce do c\u00e2ncer de pr\u00f3stata. Cada USF preparou um cronograma pr\u00f3prio (dispon\u00edvel no final da mat\u00e9ria), com o diferencial de que, como em anos anteriores, as unidades [&hellip;]\" \/>\n<meta property=\"og:url\" content=\"https:\/\/cleitonpinheiro.com.br\/site\/unidades-de-saude-de-palmas-terao-atendimento-noturno-aos-homens-durante-a-campanha-novembro-azul\/\" \/>\n<meta property=\"og:site_name\" content=\"PORTAL DE NOT\u00cdCIAS CLEITON PINHEIRO\" \/>\n<meta property=\"article:publisher\" content=\"https:\/\/www.facebook.com\/portalcpnoticias\/\" \/>\n<meta property=\"article:published_time\" content=\"2024-11-13T11:18:36+00:00\" \/>\n<meta property=\"article:modified_time\" content=\"2024-11-13T11:18:40+00:00\" \/>\n<meta property=\"og:image\" content=\"https:\/\/cleitonpinheiro.com.br\/site\/wp-content\/uploads\/2024\/11\/bdf15896-ee07-4269-b0ff-5a142a173636.jpg\" \/>\n\t<meta property=\"og:image:width\" content=\"800\" \/>\n\t<meta property=\"og:image:height\" content=\"533\" \/>\n\t<meta property=\"og:image:type\" content=\"image\/jpeg\" \/>\n<meta name=\"author\" content=\"Reda\u00e7\u00e3o CP\" \/>\n<meta name=\"twitter:card\" content=\"summary_large_image\" \/>\n<meta name=\"twitter:label1\" content=\"Escrito por\" \/>\n\t<meta name=\"twitter:data1\" content=\"Reda\u00e7\u00e3o CP\" \/>\n\t<meta name=\"twitter:label2\" content=\"Est. tempo de leitura\" \/>\n\t<meta name=\"twitter:data2\" content=\"5 minutos\" \/>\n<script type=\"application\/ld+json\" class=\"yoast-schema-graph\">{\"@context\":\"https:\/\/schema.org\",\"@graph\":[{\"@type\":\"Article\",\"@id\":\"https:\/\/cleitonpinheiro.com.br\/site\/unidades-de-saude-de-palmas-terao-atendimento-noturno-aos-homens-durante-a-campanha-novembro-azul\/#article\",\"isPartOf\":{\"@id\":\"https:\/\/cleitonpinheiro.com.br\/site\/unidades-de-saude-de-palmas-terao-atendimento-noturno-aos-homens-durante-a-campanha-novembro-azul\/\"},\"author\":{\"name\":\"Reda\u00e7\u00e3o CP\",\"@id\":\"https:\/\/cleitonpinheiro.com.br\/site\/#\/schema\/person\/8f04544e0bc40a1b68775b08360f87db\"},\"headline\":\"Unidades de Sa\u00fade de Palmas ter\u00e3o atendimento noturno aos homens durante a campanha Novembro Azul\",\"datePublished\":\"2024-11-13T11:18:36+00:00\",\"dateModified\":\"2024-11-13T11:18:40+00:00\",\"mainEntityOfPage\":{\"@id\":\"https:\/\/cleitonpinheiro.com.br\/site\/unidades-de-saude-de-palmas-terao-atendimento-noturno-aos-homens-durante-a-campanha-novembro-azul\/\"},\"wordCount\":779,\"commentCount\":0,\"publisher\":{\"@id\":\"https:\/\/cleitonpinheiro.com.br\/site\/#organization\"},\"image\":{\"@id\":\"https:\/\/cleitonpinheiro.com.br\/site\/unidades-de-saude-de-palmas-terao-atendimento-noturno-aos-homens-durante-a-campanha-novembro-azul\/#primaryimage\"},\"thumbnailUrl\":\"https:\/\/cleitonpinheiro.com.br\/site\/wp-content\/uploads\/2024\/11\/bdf15896-ee07-4269-b0ff-5a142a173636.jpg\",\"keywords\":[\"Prefeitura de Palmas\"],\"articleSection\":[\"CIDADES\",\"MANCHETE SEGUND\u00c1RIA\"],\"inLanguage\":\"pt-BR\",\"potentialAction\":[{\"@type\":\"CommentAction\",\"name\":\"Comment\",\"target\":[\"https:\/\/cleitonpinheiro.com.br\/site\/unidades-de-saude-de-palmas-terao-atendimento-noturno-aos-homens-durante-a-campanha-novembro-azul\/#respond\"]}]},{\"@type\":\"WebPage\",\"@id\":\"https:\/\/cleitonpinheiro.com.br\/site\/unidades-de-saude-de-palmas-terao-atendimento-noturno-aos-homens-durante-a-campanha-novembro-azul\/\",\"url\":\"https:\/\/cleitonpinheiro.com.br\/site\/unidades-de-saude-de-palmas-terao-atendimento-noturno-aos-homens-durante-a-campanha-novembro-azul\/\",\"name\":\"Unidades de Sa\u00fade de Palmas ter\u00e3o atendimento noturno aos homens durante a campanha Novembro Azul - PORTAL DE NOT\u00cdCIAS CLEITON PINHEIRO\",\"isPartOf\":{\"@id\":\"https:\/\/cleitonpinheiro.com.br\/site\/#website\"},\"primaryImageOfPage\":{\"@id\":\"https:\/\/cleitonpinheiro.com.br\/site\/unidades-de-saude-de-palmas-terao-atendimento-noturno-aos-homens-durante-a-campanha-novembro-azul\/#primaryimage\"},\"image\":{\"@id\":\"https:\/\/cleitonpinheiro.com.br\/site\/unidades-de-saude-de-palmas-terao-atendimento-noturno-aos-homens-durante-a-campanha-novembro-azul\/#primaryimage\"},\"thumbnailUrl\":\"https:\/\/cleitonpinheiro.com.br\/site\/wp-content\/uploads\/2024\/11\/bdf15896-ee07-4269-b0ff-5a142a173636.jpg\",\"datePublished\":\"2024-11-13T11:18:36+00:00\",\"dateModified\":\"2024-11-13T11:18:40+00:00\",\"breadcrumb\":{\"@id\":\"https:\/\/cleitonpinheiro.com.br\/site\/unidades-de-saude-de-palmas-terao-atendimento-noturno-aos-homens-durante-a-campanha-novembro-azul\/#breadcrumb\"},\"inLanguage\":\"pt-BR\",\"potentialAction\":[{\"@type\":\"ReadAction\",\"target\":[\"https:\/\/cleitonpinheiro.com.br\/site\/unidades-de-saude-de-palmas-terao-atendimento-noturno-aos-homens-durante-a-campanha-novembro-azul\/\"]}]},{\"@type\":\"ImageObject\",\"inLanguage\":\"pt-BR\",\"@id\":\"https:\/\/cleitonpinheiro.com.br\/site\/unidades-de-saude-de-palmas-terao-atendimento-noturno-aos-homens-durante-a-campanha-novembro-azul\/#primaryimage\",\"url\":\"\",\"contentUrl\":\"\"},{\"@type\":\"BreadcrumbList\",\"@id\":\"https:\/\/cleitonpinheiro.com.br\/site\/unidades-de-saude-de-palmas-terao-atendimento-noturno-aos-homens-durante-a-campanha-novembro-azul\/#breadcrumb\",\"itemListElement\":[{\"@type\":\"ListItem\",\"position\":1,\"name\":\"In\u00edcio\",\"item\":\"https:\/\/cleitonpinheiro.com.br\/site\/\"},{\"@type\":\"ListItem\",\"position\":2,\"name\":\"Unidades de Sa\u00fade de Palmas ter\u00e3o atendimento noturno aos homens durante a campanha Novembro Azul\"}]},{\"@type\":\"WebSite\",\"@id\":\"https:\/\/cleitonpinheiro.com.br\/site\/#website\",\"url\":\"https:\/\/cleitonpinheiro.com.br\/site\/\",\"name\":\"PORTAL DE NOT\u00cdCIAS CLEITON PINHEIRO\",\"description\":\"FALANDO A VERDADE\",\"publisher\":{\"@id\":\"https:\/\/cleitonpinheiro.com.br\/site\/#organization\"},\"potentialAction\":[{\"@type\":\"SearchAction\",\"target\":{\"@type\":\"EntryPoint\",\"urlTemplate\":\"https:\/\/cleitonpinheiro.com.br\/site\/?s={search_term_string}\"},\"query-input\":{\"@type\":\"PropertyValueSpecification\",\"valueRequired\":true,\"valueName\":\"search_term_string\"}}],\"inLanguage\":\"pt-BR\"},{\"@type\":\"Organization\",\"@id\":\"https:\/\/cleitonpinheiro.com.br\/site\/#organization\",\"name\":\"CPNOT\u00cdCIAS\",\"url\":\"https:\/\/cleitonpinheiro.com.br\/site\/\",\"logo\":{\"@type\":\"ImageObject\",\"inLanguage\":\"pt-BR\",\"@id\":\"https:\/\/cleitonpinheiro.com.br\/site\/#\/schema\/logo\/image\/\",\"url\":\"https:\/\/cleitonpinheiro.com.br\/site\/wp-content\/uploads\/2022\/08\/Logo-pequena-2.png\",\"contentUrl\":\"https:\/\/cleitonpinheiro.com.br\/site\/wp-content\/uploads\/2022\/08\/Logo-pequena-2.png\",\"width\":500,\"height\":500,\"caption\":\"CPNOT\u00cdCIAS\"},\"image\":{\"@id\":\"https:\/\/cleitonpinheiro.com.br\/site\/#\/schema\/logo\/image\/\"},\"sameAs\":[\"https:\/\/www.facebook.com\/portalcpnoticias\/\"]},{\"@type\":\"Person\",\"@id\":\"https:\/\/cleitonpinheiro.com.br\/site\/#\/schema\/person\/8f04544e0bc40a1b68775b08360f87db\",\"name\":\"Reda\u00e7\u00e3o CP\",\"image\":{\"@type\":\"ImageObject\",\"inLanguage\":\"pt-BR\",\"@id\":\"https:\/\/cleitonpinheiro.com.br\/site\/#\/schema\/person\/image\/\",\"url\":\"https:\/\/secure.gravatar.com\/avatar\/0bcf19cb29fdc8fc588c490c7ae1b3e174dac268586a63fbe1d1893a0f9020cd?s=96&r=g\",\"contentUrl\":\"https:\/\/secure.gravatar.com\/avatar\/0bcf19cb29fdc8fc588c490c7ae1b3e174dac268586a63fbe1d1893a0f9020cd?s=96&r=g\",\"caption\":\"Reda\u00e7\u00e3o CP\"},\"url\":\"https:\/\/cleitonpinheiro.com.br\/site\/author\/redacao\/\"}]}<\/script>\n<!-- \/ Yoast SEO plugin. -->","yoast_head_json":{"title":"Unidades de Sa\u00fade de Palmas ter\u00e3o atendimento noturno aos homens durante a campanha Novembro Azul - PORTAL DE NOT\u00cdCIAS CLEITON PINHEIRO","robots":{"index":"index","follow":"follow","max-snippet":"max-snippet:-1","max-image-preview":"max-image-preview:large","max-video-preview":"max-video-preview:-1"},"canonical":"https:\/\/cleitonpinheiro.com.br\/site\/unidades-de-saude-de-palmas-terao-atendimento-noturno-aos-homens-durante-a-campanha-novembro-azul\/","og_locale":"pt_BR","og_type":"article","og_title":"Unidades de Sa\u00fade de Palmas ter\u00e3o atendimento noturno aos homens durante a campanha Novembro Azul - PORTAL DE NOT\u00cdCIAS CLEITON PINHEIRO","og_description":"A partir desta quarta-feira, 13, as Unidades de Sa\u00fade da Fam\u00edlia (USFs) iniciam uma programa\u00e7\u00e3o especial em alus\u00e3o \u00e0 campanha Novembro Azul, que ressalta a import\u00e2ncia do diagn\u00f3stico precoce do c\u00e2ncer de pr\u00f3stata. Cada USF preparou um cronograma pr\u00f3prio (dispon\u00edvel no final da mat\u00e9ria), com o diferencial de que, como em anos anteriores, as unidades [&hellip;]","og_url":"https:\/\/cleitonpinheiro.com.br\/site\/unidades-de-saude-de-palmas-terao-atendimento-noturno-aos-homens-durante-a-campanha-novembro-azul\/","og_site_name":"PORTAL DE NOT\u00cdCIAS CLEITON PINHEIRO","article_publisher":"https:\/\/www.facebook.com\/portalcpnoticias\/","article_published_time":"2024-11-13T11:18:36+00:00","article_modified_time":"2024-11-13T11:18:40+00:00","og_image":[{"width":800,"height":533,"url":"https:\/\/cleitonpinheiro.com.br\/site\/wp-content\/uploads\/2024\/11\/bdf15896-ee07-4269-b0ff-5a142a173636.jpg","type":"image\/jpeg"}],"author":"Reda\u00e7\u00e3o CP","twitter_card":"summary_large_image","twitter_misc":{"Escrito por":"Reda\u00e7\u00e3o CP","Est. tempo de leitura":"5 minutos"},"schema":{"@context":"https:\/\/schema.org","@graph":[{"@type":"Article","@id":"https:\/\/cleitonpinheiro.com.br\/site\/unidades-de-saude-de-palmas-terao-atendimento-noturno-aos-homens-durante-a-campanha-novembro-azul\/#article","isPartOf":{"@id":"https:\/\/cleitonpinheiro.com.br\/site\/unidades-de-saude-de-palmas-terao-atendimento-noturno-aos-homens-durante-a-campanha-novembro-azul\/"},"author":{"name":"Reda\u00e7\u00e3o CP","@id":"https:\/\/cleitonpinheiro.com.br\/site\/#\/schema\/person\/8f04544e0bc40a1b68775b08360f87db"},"headline":"Unidades de Sa\u00fade de Palmas ter\u00e3o atendimento noturno aos homens durante a campanha Novembro Azul","datePublished":"2024-11-13T11:18:36+00:00","dateModified":"2024-11-13T11:18:40+00:00","mainEntityOfPage":{"@id":"https:\/\/cleitonpinheiro.com.br\/site\/unidades-de-saude-de-palmas-terao-atendimento-noturno-aos-homens-durante-a-campanha-novembro-azul\/"},"wordCount":779,"commentCount":0,"publisher":{"@id":"https:\/\/cleitonpinheiro.com.br\/site\/#organization"},"image":{"@id":"https:\/\/cleitonpinheiro.com.br\/site\/unidades-de-saude-de-palmas-terao-atendimento-noturno-aos-homens-durante-a-campanha-novembro-azul\/#primaryimage"},"thumbnailUrl":"https:\/\/cleitonpinheiro.com.br\/site\/wp-content\/uploads\/2024\/11\/bdf15896-ee07-4269-b0ff-5a142a173636.jpg","keywords":["Prefeitura de Palmas"],"articleSection":["CIDADES","MANCHETE SEGUND\u00c1RIA"],"inLanguage":"pt-BR","potentialAction":[{"@type":"CommentAction","name":"Comment","target":["https:\/\/cleitonpinheiro.com.br\/site\/unidades-de-saude-de-palmas-terao-atendimento-noturno-aos-homens-durante-a-campanha-novembro-azul\/#respond"]}]},{"@type":"WebPage","@id":"https:\/\/cleitonpinheiro.com.br\/site\/unidades-de-saude-de-palmas-terao-atendimento-noturno-aos-homens-durante-a-campanha-novembro-azul\/","url":"https:\/\/cleitonpinheiro.com.br\/site\/unidades-de-saude-de-palmas-terao-atendimento-noturno-aos-homens-durante-a-campanha-novembro-azul\/","name":"Unidades de Sa\u00fade de Palmas ter\u00e3o atendimento noturno aos homens durante a campanha Novembro Azul - PORTAL DE NOT\u00cdCIAS CLEITON PINHEIRO","isPartOf":{"@id":"https:\/\/cleitonpinheiro.com.br\/site\/#website"},"primaryImageOfPage":{"@id":"https:\/\/cleitonpinheiro.com.br\/site\/unidades-de-saude-de-palmas-terao-atendimento-noturno-aos-homens-durante-a-campanha-novembro-azul\/#primaryimage"},"image":{"@id":"https:\/\/cleitonpinheiro.com.br\/site\/unidades-de-saude-de-palmas-terao-atendimento-noturno-aos-homens-durante-a-campanha-novembro-azul\/#primaryimage"},"thumbnailUrl":"https:\/\/cleitonpinheiro.com.br\/site\/wp-content\/uploads\/2024\/11\/bdf15896-ee07-4269-b0ff-5a142a173636.jpg","datePublished":"2024-11-13T11:18:36+00:00","dateModified":"2024-11-13T11:18:40+00:00","breadcrumb":{"@id":"https:\/\/cleitonpinheiro.com.br\/site\/unidades-de-saude-de-palmas-terao-atendimento-noturno-aos-homens-durante-a-campanha-novembro-azul\/#breadcrumb"},"inLanguage":"pt-BR","potentialAction":[{"@type":"ReadAction","target":["https:\/\/cleitonpinheiro.com.br\/site\/unidades-de-saude-de-palmas-terao-atendimento-noturno-aos-homens-durante-a-campanha-novembro-azul\/"]}]},{"@type":"ImageObject","inLanguage":"pt-BR","@id":"https:\/\/cleitonpinheiro.com.br\/site\/unidades-de-saude-de-palmas-terao-atendimento-noturno-aos-homens-durante-a-campanha-novembro-azul\/#primaryimage","url":"","contentUrl":""},{"@type":"BreadcrumbList","@id":"https:\/\/cleitonpinheiro.com.br\/site\/unidades-de-saude-de-palmas-terao-atendimento-noturno-aos-homens-durante-a-campanha-novembro-azul\/#breadcrumb","itemListElement":[{"@type":"ListItem","position":1,"name":"In\u00edcio","item":"https:\/\/cleitonpinheiro.com.br\/site\/"},{"@type":"ListItem","position":2,"name":"Unidades de Sa\u00fade de Palmas ter\u00e3o atendimento noturno aos homens durante a campanha Novembro Azul"}]},{"@type":"WebSite","@id":"https:\/\/cleitonpinheiro.com.br\/site\/#website","url":"https:\/\/cleitonpinheiro.com.br\/site\/","name":"PORTAL DE NOT\u00cdCIAS CLEITON PINHEIRO","description":"FALANDO A VERDADE","publisher":{"@id":"https:\/\/cleitonpinheiro.com.br\/site\/#organization"},"potentialAction":[{"@type":"SearchAction","target":{"@type":"EntryPoint","urlTemplate":"https:\/\/cleitonpinheiro.com.br\/site\/?s={search_term_string}"},"query-input":{"@type":"PropertyValueSpecification","valueRequired":true,"valueName":"search_term_string"}}],"inLanguage":"pt-BR"},{"@type":"Organization","@id":"https:\/\/cleitonpinheiro.com.br\/site\/#organization","name":"CPNOT\u00cdCIAS","url":"https:\/\/cleitonpinheiro.com.br\/site\/","logo":{"@type":"ImageObject","inLanguage":"pt-BR","@id":"https:\/\/cleitonpinheiro.com.br\/site\/#\/schema\/logo\/image\/","url":"https:\/\/cleitonpinheiro.com.br\/site\/wp-content\/uploads\/2022\/08\/Logo-pequena-2.png","contentUrl":"https:\/\/cleitonpinheiro.com.br\/site\/wp-content\/uploads\/2022\/08\/Logo-pequena-2.png","width":500,"height":500,"caption":"CPNOT\u00cdCIAS"},"image":{"@id":"https:\/\/cleitonpinheiro.com.br\/site\/#\/schema\/logo\/image\/"},"sameAs":["https:\/\/www.facebook.com\/portalcpnoticias\/"]},{"@type":"Person","@id":"https:\/\/cleitonpinheiro.com.br\/site\/#\/schema\/person\/8f04544e0bc40a1b68775b08360f87db","name":"Reda\u00e7\u00e3o CP","image":{"@type":"ImageObject","inLanguage":"pt-BR","@id":"https:\/\/cleitonpinheiro.com.br\/site\/#\/schema\/person\/image\/","url":"https:\/\/secure.gravatar.com\/avatar\/0bcf19cb29fdc8fc588c490c7ae1b3e174dac268586a63fbe1d1893a0f9020cd?s=96&r=g","contentUrl":"https:\/\/secure.gravatar.com\/avatar\/0bcf19cb29fdc8fc588c490c7ae1b3e174dac268586a63fbe1d1893a0f9020cd?s=96&r=g","caption":"Reda\u00e7\u00e3o CP"},"url":"https:\/\/cleitonpinheiro.com.br\/site\/author\/redacao\/"}]}},"views":148,"_links":{"self":[{"href":"https:\/\/cleitonpinheiro.com.br\/site\/wp-json\/wp\/v2\/posts\/82742","targetHints":{"allow":["GET"]}}],"collection":[{"href":"https:\/\/cleitonpinheiro.com.br\/site\/wp-json\/wp\/v2\/posts"}],"about":[{"href":"https:\/\/cleitonpinheiro.com.br\/site\/wp-json\/wp\/v2\/types\/post"}],"author":[{"embeddable":true,"href":"https:\/\/cleitonpinheiro.com.br\/site\/wp-json\/wp\/v2\/users\/13"}],"replies":[{"embeddable":true,"href":"https:\/\/cleitonpinheiro.com.br\/site\/wp-json\/wp\/v2\/comments?post=82742"}],"version-history":[{"count":1,"href":"https:\/\/cleitonpinheiro.com.br\/site\/wp-json\/wp\/v2\/posts\/82742\/revisions"}],"predecessor-version":[{"id":82744,"href":"https:\/\/cleitonpinheiro.com.br\/site\/wp-json\/wp\/v2\/posts\/82742\/revisions\/82744"}],"wp:attachment":[{"href":"https:\/\/cleitonpinheiro.com.br\/site\/wp-json\/wp\/v2\/media?parent=82742"}],"wp:term":[{"taxonomy":"category","embeddable":true,"href":"https:\/\/cleitonpinheiro.com.br\/site\/wp-json\/wp\/v2\/categories?post=82742"},{"taxonomy":"post_tag","embeddable":true,"href":"https:\/\/cleitonpinheiro.com.br\/site\/wp-json\/wp\/v2\/tags?post=82742"}],"curies":[{"name":"wp","href":"https:\/\/api.w.org\/{rel}","templated":true}]}}