{"id":82745,"date":"2024-11-13T08:35:14","date_gmt":"2024-11-13T11:35:14","guid":{"rendered":"https:\/\/cleitonpinheiro.com.br\/site\/?p=82745"},"modified":"2024-11-13T08:35:23","modified_gmt":"2024-11-13T11:35:23","slug":"homem-que-utilizava-condicao-de-lider-espiritual-para-praticar-abuso-sexual-contra-adolescentes-e-condenado","status":"publish","type":"post","link":"https:\/\/cleitonpinheiro.com.br\/site\/homem-que-utilizava-condicao-de-lider-espiritual-para-praticar-abuso-sexual-contra-adolescentes-e-condenado\/","title":{"rendered":"Homem que utilizava condi\u00e7\u00e3o de l\u00edder espiritual para praticar abuso sexual contra adolescentes \u00e9 condenado"},"content":{"rendered":"\n<figure class=\"wp-block-gallery has-nested-images columns-default is-cropped wp-block-gallery-1 is-layout-flex wp-block-gallery-is-layout-flex\">\n<figure class=\"wp-block-image size-large\"><img decoding=\"async\" data-id=\"82746\" src=\"https:\/\/cleitonpinheiro.com.br\/site\/wp-content\/uploads\/2024\/11\/6-1.jpeg\" alt=\"\" class=\"wp-image-82746\"\/><figcaption class=\"wp-element-caption\">Foto: Divulga\u00e7\u00e3o  MPTO<\/figcaption><\/figure>\n<\/figure>\n\n\n\n<p>O Minist\u00e9rio P\u00fablico do Tocantins (MPTO) obteve a condena\u00e7\u00e3o de um homem \u00e0 pena de 13 anos e seis meses de reclus\u00e3o, em regime inicialmente fechado, pelos crimes de estupro, ato libidinoso e conjun\u00e7\u00e3o carnal mediante fraude religiosa ou abuso de autoridade. Os casos aconteceram na cidade de Guara\u00ed, distante 190 quil\u00f4metros de Palmas. A senten\u00e7a foi publicada em 22 de outubro.<\/p>\n\n\n\n<p>De acordo com a den\u00fancia do MPTO, o homem fez uso da posi\u00e7\u00e3o de l\u00edder espiritual de uma denomina\u00e7\u00e3o evang\u00e9lica para praticar os atos criminosos contra dez adolescentes, sendo sete rapazes e tr\u00eas mo\u00e7as. Entre os relatos, por exemplo, o ent\u00e3o pastor de jovens da igreja era procurado para tratar de casos de abuso infantil, pornografia e masturba\u00e7\u00e3o e aplicava \u201cprocedimentos para liberta\u00e7\u00e3o dos pecados\u201d. Nesse contexto, chegou a tocar intimamente as v\u00edtimas sem consentimento e enviar fotos de cunho sexual.<\/p>\n\n\n\n<p>Com base em testemunhos e ainda segundo a den\u00fancia do Minist\u00e9rio P\u00fablico, apresentada pela 1\u00aa Promotoria de Justi\u00e7a de Guara\u00ed e recebida pela Justi\u00e7a em abril deste ano, o condenado praticou estelionato religioso. Como forma de \u201ctirar um dem\u00f4nio\u201d e \u201cesp\u00edrito de masturba\u00e7\u00e3o\u201d de adolescentes, o pastor fazia uso do termo \u201cpai espiritual\u201d ao praticar os crimes. O processo tramita em segredo de justi\u00e7a e h\u00e1 a possibilidade de existir um maior n\u00famero de v\u00edtimas.<\/p>\n\n\n\n<p>Texto: Ascom MPTO<\/p>\n","protected":false},"excerpt":{"rendered":"<p>O Minist\u00e9rio P\u00fablico do Tocantins (MPTO) obteve a condena\u00e7\u00e3o de um homem \u00e0 pena de 13 anos e seis meses de reclus\u00e3o, em regime inicialmente fechado, pelos crimes de estupro, ato libidinoso e conjun\u00e7\u00e3o carnal mediante fraude religiosa ou abuso de autoridade. Os casos aconteceram na cidade de Guara\u00ed, distante 190 quil\u00f4metros de Palmas. A [&hellip;]<\/p>\n","protected":false},"author":13,"featured_media":0,"comment_status":"open","ping_status":"open","sticky":false,"template":"","format":"standard","meta":{"_acf_changed":false,"footnotes":""},"categories":[19,20],"tags":[],"class_list":["post-82745","post","type-post","status-publish","format-standard","hentry","category-brasil-mundo","category-noticias-em-destaque"],"acf":[],"yoast_head":"<!-- This site is optimized with the Yoast SEO plugin v24.4 - https:\/\/yoast.com\/wordpress\/plugins\/seo\/ -->\n<title>Homem que utilizava condi\u00e7\u00e3o de l\u00edder espiritual para praticar abuso sexual contra adolescentes \u00e9 condenado - PORTAL DE NOT\u00cdCIAS CLEITON PINHEIRO<\/title>\n<meta name=\"robots\" content=\"index, follow, max-snippet:-1, max-image-preview:large, max-video-preview:-1\" \/>\n<link rel=\"canonical\" href=\"https:\/\/cleitonpinheiro.com.br\/site\/homem-que-utilizava-condicao-de-lider-espiritual-para-praticar-abuso-sexual-contra-adolescentes-e-condenado\/\" \/>\n<meta property=\"og:locale\" content=\"pt_BR\" \/>\n<meta property=\"og:type\" content=\"article\" \/>\n<meta property=\"og:title\" content=\"Homem que utilizava condi\u00e7\u00e3o de l\u00edder espiritual para praticar abuso sexual contra adolescentes \u00e9 condenado - PORTAL DE NOT\u00cdCIAS CLEITON PINHEIRO\" \/>\n<meta property=\"og:description\" content=\"O Minist\u00e9rio P\u00fablico do Tocantins (MPTO) obteve a condena\u00e7\u00e3o de um homem \u00e0 pena de 13 anos e seis meses de reclus\u00e3o, em regime inicialmente fechado, pelos crimes de estupro, ato libidinoso e conjun\u00e7\u00e3o carnal mediante fraude religiosa ou abuso de autoridade. Os casos aconteceram na cidade de Guara\u00ed, distante 190 quil\u00f4metros de Palmas. A [&hellip;]\" \/>\n<meta property=\"og:url\" content=\"https:\/\/cleitonpinheiro.com.br\/site\/homem-que-utilizava-condicao-de-lider-espiritual-para-praticar-abuso-sexual-contra-adolescentes-e-condenado\/\" \/>\n<meta property=\"og:site_name\" content=\"PORTAL DE NOT\u00cdCIAS CLEITON PINHEIRO\" \/>\n<meta property=\"article:publisher\" content=\"https:\/\/www.facebook.com\/portalcpnoticias\/\" \/>\n<meta property=\"article:published_time\" content=\"2024-11-13T11:35:14+00:00\" \/>\n<meta property=\"article:modified_time\" content=\"2024-11-13T11:35:23+00:00\" \/>\n<meta property=\"og:image\" content=\"https:\/\/cleitonpinheiro.com.br\/site\/wp-content\/uploads\/2024\/11\/6-1.jpeg\" \/>\n\t<meta property=\"og:image:width\" content=\"300\" \/>\n\t<meta property=\"og:image:height\" content=\"193\" \/>\n\t<meta property=\"og:image:type\" content=\"image\/jpeg\" \/>\n<meta name=\"author\" content=\"Reda\u00e7\u00e3o CP\" \/>\n<meta name=\"twitter:card\" content=\"summary_large_image\" \/>\n<meta name=\"twitter:label1\" content=\"Escrito por\" \/>\n\t<meta name=\"twitter:data1\" content=\"Reda\u00e7\u00e3o CP\" \/>\n\t<meta name=\"twitter:label2\" content=\"Est. tempo de leitura\" \/>\n\t<meta name=\"twitter:data2\" content=\"2 minutos\" \/>\n<script type=\"application\/ld+json\" class=\"yoast-schema-graph\">{\"@context\":\"https:\/\/schema.org\",\"@graph\":[{\"@type\":\"Article\",\"@id\":\"https:\/\/cleitonpinheiro.com.br\/site\/homem-que-utilizava-condicao-de-lider-espiritual-para-praticar-abuso-sexual-contra-adolescentes-e-condenado\/#article\",\"isPartOf\":{\"@id\":\"https:\/\/cleitonpinheiro.com.br\/site\/homem-que-utilizava-condicao-de-lider-espiritual-para-praticar-abuso-sexual-contra-adolescentes-e-condenado\/\"},\"author\":{\"name\":\"Reda\u00e7\u00e3o CP\",\"@id\":\"https:\/\/cleitonpinheiro.com.br\/site\/#\/schema\/person\/8f04544e0bc40a1b68775b08360f87db\"},\"headline\":\"Homem que utilizava condi\u00e7\u00e3o de l\u00edder espiritual para praticar abuso sexual contra adolescentes \u00e9 condenado\",\"datePublished\":\"2024-11-13T11:35:14+00:00\",\"dateModified\":\"2024-11-13T11:35:23+00:00\",\"mainEntityOfPage\":{\"@id\":\"https:\/\/cleitonpinheiro.com.br\/site\/homem-que-utilizava-condicao-de-lider-espiritual-para-praticar-abuso-sexual-contra-adolescentes-e-condenado\/\"},\"wordCount\":265,\"commentCount\":0,\"publisher\":{\"@id\":\"https:\/\/cleitonpinheiro.com.br\/site\/#organization\"},\"image\":{\"@id\":\"https:\/\/cleitonpinheiro.com.br\/site\/homem-que-utilizava-condicao-de-lider-espiritual-para-praticar-abuso-sexual-contra-adolescentes-e-condenado\/#primaryimage\"},\"thumbnailUrl\":\"https:\/\/cleitonpinheiro.com.br\/site\/wp-content\/uploads\/2024\/11\/6-1.jpeg\",\"articleSection\":[\"BRASIL \/ MUNDO\",\"NOT\u00cdCIAS EM DESTAQUE\"],\"inLanguage\":\"pt-BR\",\"potentialAction\":[{\"@type\":\"CommentAction\",\"name\":\"Comment\",\"target\":[\"https:\/\/cleitonpinheiro.com.br\/site\/homem-que-utilizava-condicao-de-lider-espiritual-para-praticar-abuso-sexual-contra-adolescentes-e-condenado\/#respond\"]}]},{\"@type\":\"WebPage\",\"@id\":\"https:\/\/cleitonpinheiro.com.br\/site\/homem-que-utilizava-condicao-de-lider-espiritual-para-praticar-abuso-sexual-contra-adolescentes-e-condenado\/\",\"url\":\"https:\/\/cleitonpinheiro.com.br\/site\/homem-que-utilizava-condicao-de-lider-espiritual-para-praticar-abuso-sexual-contra-adolescentes-e-condenado\/\",\"name\":\"Homem que utilizava condi\u00e7\u00e3o de l\u00edder espiritual para praticar abuso sexual contra adolescentes \u00e9 condenado - PORTAL DE NOT\u00cdCIAS CLEITON PINHEIRO\",\"isPartOf\":{\"@id\":\"https:\/\/cleitonpinheiro.com.br\/site\/#website\"},\"primaryImageOfPage\":{\"@id\":\"https:\/\/cleitonpinheiro.com.br\/site\/homem-que-utilizava-condicao-de-lider-espiritual-para-praticar-abuso-sexual-contra-adolescentes-e-condenado\/#primaryimage\"},\"image\":{\"@id\":\"https:\/\/cleitonpinheiro.com.br\/site\/homem-que-utilizava-condicao-de-lider-espiritual-para-praticar-abuso-sexual-contra-adolescentes-e-condenado\/#primaryimage\"},\"thumbnailUrl\":\"https:\/\/cleitonpinheiro.com.br\/site\/wp-content\/uploads\/2024\/11\/6-1.jpeg\",\"datePublished\":\"2024-11-13T11:35:14+00:00\",\"dateModified\":\"2024-11-13T11:35:23+00:00\",\"breadcrumb\":{\"@id\":\"https:\/\/cleitonpinheiro.com.br\/site\/homem-que-utilizava-condicao-de-lider-espiritual-para-praticar-abuso-sexual-contra-adolescentes-e-condenado\/#breadcrumb\"},\"inLanguage\":\"pt-BR\",\"potentialAction\":[{\"@type\":\"ReadAction\",\"target\":[\"https:\/\/cleitonpinheiro.com.br\/site\/homem-que-utilizava-condicao-de-lider-espiritual-para-praticar-abuso-sexual-contra-adolescentes-e-condenado\/\"]}]},{\"@type\":\"ImageObject\",\"inLanguage\":\"pt-BR\",\"@id\":\"https:\/\/cleitonpinheiro.com.br\/site\/homem-que-utilizava-condicao-de-lider-espiritual-para-praticar-abuso-sexual-contra-adolescentes-e-condenado\/#primaryimage\",\"url\":\"\",\"contentUrl\":\"\"},{\"@type\":\"BreadcrumbList\",\"@id\":\"https:\/\/cleitonpinheiro.com.br\/site\/homem-que-utilizava-condicao-de-lider-espiritual-para-praticar-abuso-sexual-contra-adolescentes-e-condenado\/#breadcrumb\",\"itemListElement\":[{\"@type\":\"ListItem\",\"position\":1,\"name\":\"In\u00edcio\",\"item\":\"https:\/\/cleitonpinheiro.com.br\/site\/\"},{\"@type\":\"ListItem\",\"position\":2,\"name\":\"Homem que utilizava condi\u00e7\u00e3o de l\u00edder espiritual para praticar abuso sexual contra adolescentes \u00e9 condenado\"}]},{\"@type\":\"WebSite\",\"@id\":\"https:\/\/cleitonpinheiro.com.br\/site\/#website\",\"url\":\"https:\/\/cleitonpinheiro.com.br\/site\/\",\"name\":\"PORTAL DE NOT\u00cdCIAS CLEITON PINHEIRO\",\"description\":\"FALANDO A VERDADE\",\"publisher\":{\"@id\":\"https:\/\/cleitonpinheiro.com.br\/site\/#organization\"},\"potentialAction\":[{\"@type\":\"SearchAction\",\"target\":{\"@type\":\"EntryPoint\",\"urlTemplate\":\"https:\/\/cleitonpinheiro.com.br\/site\/?s={search_term_string}\"},\"query-input\":{\"@type\":\"PropertyValueSpecification\",\"valueRequired\":true,\"valueName\":\"search_term_string\"}}],\"inLanguage\":\"pt-BR\"},{\"@type\":\"Organization\",\"@id\":\"https:\/\/cleitonpinheiro.com.br\/site\/#organization\",\"name\":\"CPNOT\u00cdCIAS\",\"url\":\"https:\/\/cleitonpinheiro.com.br\/site\/\",\"logo\":{\"@type\":\"ImageObject\",\"inLanguage\":\"pt-BR\",\"@id\":\"https:\/\/cleitonpinheiro.com.br\/site\/#\/schema\/logo\/image\/\",\"url\":\"https:\/\/cleitonpinheiro.com.br\/site\/wp-content\/uploads\/2022\/08\/Logo-pequena-2.png\",\"contentUrl\":\"https:\/\/cleitonpinheiro.com.br\/site\/wp-content\/uploads\/2022\/08\/Logo-pequena-2.png\",\"width\":500,\"height\":500,\"caption\":\"CPNOT\u00cdCIAS\"},\"image\":{\"@id\":\"https:\/\/cleitonpinheiro.com.br\/site\/#\/schema\/logo\/image\/\"},\"sameAs\":[\"https:\/\/www.facebook.com\/portalcpnoticias\/\"]},{\"@type\":\"Person\",\"@id\":\"https:\/\/cleitonpinheiro.com.br\/site\/#\/schema\/person\/8f04544e0bc40a1b68775b08360f87db\",\"name\":\"Reda\u00e7\u00e3o CP\",\"image\":{\"@type\":\"ImageObject\",\"inLanguage\":\"pt-BR\",\"@id\":\"https:\/\/cleitonpinheiro.com.br\/site\/#\/schema\/person\/image\/\",\"url\":\"https:\/\/secure.gravatar.com\/avatar\/0bcf19cb29fdc8fc588c490c7ae1b3e174dac268586a63fbe1d1893a0f9020cd?s=96&r=g\",\"contentUrl\":\"https:\/\/secure.gravatar.com\/avatar\/0bcf19cb29fdc8fc588c490c7ae1b3e174dac268586a63fbe1d1893a0f9020cd?s=96&r=g\",\"caption\":\"Reda\u00e7\u00e3o CP\"},\"url\":\"https:\/\/cleitonpinheiro.com.br\/site\/author\/redacao\/\"}]}<\/script>\n<!-- \/ Yoast SEO plugin. -->","yoast_head_json":{"title":"Homem que utilizava condi\u00e7\u00e3o de l\u00edder espiritual para praticar abuso sexual contra adolescentes \u00e9 condenado - PORTAL DE NOT\u00cdCIAS CLEITON PINHEIRO","robots":{"index":"index","follow":"follow","max-snippet":"max-snippet:-1","max-image-preview":"max-image-preview:large","max-video-preview":"max-video-preview:-1"},"canonical":"https:\/\/cleitonpinheiro.com.br\/site\/homem-que-utilizava-condicao-de-lider-espiritual-para-praticar-abuso-sexual-contra-adolescentes-e-condenado\/","og_locale":"pt_BR","og_type":"article","og_title":"Homem que utilizava condi\u00e7\u00e3o de l\u00edder espiritual para praticar abuso sexual contra adolescentes \u00e9 condenado - PORTAL DE NOT\u00cdCIAS CLEITON PINHEIRO","og_description":"O Minist\u00e9rio P\u00fablico do Tocantins (MPTO) obteve a condena\u00e7\u00e3o de um homem \u00e0 pena de 13 anos e seis meses de reclus\u00e3o, em regime inicialmente fechado, pelos crimes de estupro, ato libidinoso e conjun\u00e7\u00e3o carnal mediante fraude religiosa ou abuso de autoridade. Os casos aconteceram na cidade de Guara\u00ed, distante 190 quil\u00f4metros de Palmas. A [&hellip;]","og_url":"https:\/\/cleitonpinheiro.com.br\/site\/homem-que-utilizava-condicao-de-lider-espiritual-para-praticar-abuso-sexual-contra-adolescentes-e-condenado\/","og_site_name":"PORTAL DE NOT\u00cdCIAS CLEITON PINHEIRO","article_publisher":"https:\/\/www.facebook.com\/portalcpnoticias\/","article_published_time":"2024-11-13T11:35:14+00:00","article_modified_time":"2024-11-13T11:35:23+00:00","og_image":[{"width":300,"height":193,"url":"https:\/\/cleitonpinheiro.com.br\/site\/wp-content\/uploads\/2024\/11\/6-1.jpeg","type":"image\/jpeg"}],"author":"Reda\u00e7\u00e3o CP","twitter_card":"summary_large_image","twitter_misc":{"Escrito por":"Reda\u00e7\u00e3o CP","Est. tempo de leitura":"2 minutos"},"schema":{"@context":"https:\/\/schema.org","@graph":[{"@type":"Article","@id":"https:\/\/cleitonpinheiro.com.br\/site\/homem-que-utilizava-condicao-de-lider-espiritual-para-praticar-abuso-sexual-contra-adolescentes-e-condenado\/#article","isPartOf":{"@id":"https:\/\/cleitonpinheiro.com.br\/site\/homem-que-utilizava-condicao-de-lider-espiritual-para-praticar-abuso-sexual-contra-adolescentes-e-condenado\/"},"author":{"name":"Reda\u00e7\u00e3o CP","@id":"https:\/\/cleitonpinheiro.com.br\/site\/#\/schema\/person\/8f04544e0bc40a1b68775b08360f87db"},"headline":"Homem que utilizava condi\u00e7\u00e3o de l\u00edder espiritual para praticar abuso sexual contra adolescentes \u00e9 condenado","datePublished":"2024-11-13T11:35:14+00:00","dateModified":"2024-11-13T11:35:23+00:00","mainEntityOfPage":{"@id":"https:\/\/cleitonpinheiro.com.br\/site\/homem-que-utilizava-condicao-de-lider-espiritual-para-praticar-abuso-sexual-contra-adolescentes-e-condenado\/"},"wordCount":265,"commentCount":0,"publisher":{"@id":"https:\/\/cleitonpinheiro.com.br\/site\/#organization"},"image":{"@id":"https:\/\/cleitonpinheiro.com.br\/site\/homem-que-utilizava-condicao-de-lider-espiritual-para-praticar-abuso-sexual-contra-adolescentes-e-condenado\/#primaryimage"},"thumbnailUrl":"https:\/\/cleitonpinheiro.com.br\/site\/wp-content\/uploads\/2024\/11\/6-1.jpeg","articleSection":["BRASIL \/ MUNDO","NOT\u00cdCIAS EM DESTAQUE"],"inLanguage":"pt-BR","potentialAction":[{"@type":"CommentAction","name":"Comment","target":["https:\/\/cleitonpinheiro.com.br\/site\/homem-que-utilizava-condicao-de-lider-espiritual-para-praticar-abuso-sexual-contra-adolescentes-e-condenado\/#respond"]}]},{"@type":"WebPage","@id":"https:\/\/cleitonpinheiro.com.br\/site\/homem-que-utilizava-condicao-de-lider-espiritual-para-praticar-abuso-sexual-contra-adolescentes-e-condenado\/","url":"https:\/\/cleitonpinheiro.com.br\/site\/homem-que-utilizava-condicao-de-lider-espiritual-para-praticar-abuso-sexual-contra-adolescentes-e-condenado\/","name":"Homem que utilizava condi\u00e7\u00e3o de l\u00edder espiritual para praticar abuso sexual contra adolescentes \u00e9 condenado - PORTAL DE NOT\u00cdCIAS CLEITON PINHEIRO","isPartOf":{"@id":"https:\/\/cleitonpinheiro.com.br\/site\/#website"},"primaryImageOfPage":{"@id":"https:\/\/cleitonpinheiro.com.br\/site\/homem-que-utilizava-condicao-de-lider-espiritual-para-praticar-abuso-sexual-contra-adolescentes-e-condenado\/#primaryimage"},"image":{"@id":"https:\/\/cleitonpinheiro.com.br\/site\/homem-que-utilizava-condicao-de-lider-espiritual-para-praticar-abuso-sexual-contra-adolescentes-e-condenado\/#primaryimage"},"thumbnailUrl":"https:\/\/cleitonpinheiro.com.br\/site\/wp-content\/uploads\/2024\/11\/6-1.jpeg","datePublished":"2024-11-13T11:35:14+00:00","dateModified":"2024-11-13T11:35:23+00:00","breadcrumb":{"@id":"https:\/\/cleitonpinheiro.com.br\/site\/homem-que-utilizava-condicao-de-lider-espiritual-para-praticar-abuso-sexual-contra-adolescentes-e-condenado\/#breadcrumb"},"inLanguage":"pt-BR","potentialAction":[{"@type":"ReadAction","target":["https:\/\/cleitonpinheiro.com.br\/site\/homem-que-utilizava-condicao-de-lider-espiritual-para-praticar-abuso-sexual-contra-adolescentes-e-condenado\/"]}]},{"@type":"ImageObject","inLanguage":"pt-BR","@id":"https:\/\/cleitonpinheiro.com.br\/site\/homem-que-utilizava-condicao-de-lider-espiritual-para-praticar-abuso-sexual-contra-adolescentes-e-condenado\/#primaryimage","url":"","contentUrl":""},{"@type":"BreadcrumbList","@id":"https:\/\/cleitonpinheiro.com.br\/site\/homem-que-utilizava-condicao-de-lider-espiritual-para-praticar-abuso-sexual-contra-adolescentes-e-condenado\/#breadcrumb","itemListElement":[{"@type":"ListItem","position":1,"name":"In\u00edcio","item":"https:\/\/cleitonpinheiro.com.br\/site\/"},{"@type":"ListItem","position":2,"name":"Homem que utilizava condi\u00e7\u00e3o de l\u00edder espiritual para praticar abuso sexual contra adolescentes \u00e9 condenado"}]},{"@type":"WebSite","@id":"https:\/\/cleitonpinheiro.com.br\/site\/#website","url":"https:\/\/cleitonpinheiro.com.br\/site\/","name":"PORTAL DE NOT\u00cdCIAS CLEITON PINHEIRO","description":"FALANDO A VERDADE","publisher":{"@id":"https:\/\/cleitonpinheiro.com.br\/site\/#organization"},"potentialAction":[{"@type":"SearchAction","target":{"@type":"EntryPoint","urlTemplate":"https:\/\/cleitonpinheiro.com.br\/site\/?s={search_term_string}"},"query-input":{"@type":"PropertyValueSpecification","valueRequired":true,"valueName":"search_term_string"}}],"inLanguage":"pt-BR"},{"@type":"Organization","@id":"https:\/\/cleitonpinheiro.com.br\/site\/#organization","name":"CPNOT\u00cdCIAS","url":"https:\/\/cleitonpinheiro.com.br\/site\/","logo":{"@type":"ImageObject","inLanguage":"pt-BR","@id":"https:\/\/cleitonpinheiro.com.br\/site\/#\/schema\/logo\/image\/","url":"https:\/\/cleitonpinheiro.com.br\/site\/wp-content\/uploads\/2022\/08\/Logo-pequena-2.png","contentUrl":"https:\/\/cleitonpinheiro.com.br\/site\/wp-content\/uploads\/2022\/08\/Logo-pequena-2.png","width":500,"height":500,"caption":"CPNOT\u00cdCIAS"},"image":{"@id":"https:\/\/cleitonpinheiro.com.br\/site\/#\/schema\/logo\/image\/"},"sameAs":["https:\/\/www.facebook.com\/portalcpnoticias\/"]},{"@type":"Person","@id":"https:\/\/cleitonpinheiro.com.br\/site\/#\/schema\/person\/8f04544e0bc40a1b68775b08360f87db","name":"Reda\u00e7\u00e3o CP","image":{"@type":"ImageObject","inLanguage":"pt-BR","@id":"https:\/\/cleitonpinheiro.com.br\/site\/#\/schema\/person\/image\/","url":"https:\/\/secure.gravatar.com\/avatar\/0bcf19cb29fdc8fc588c490c7ae1b3e174dac268586a63fbe1d1893a0f9020cd?s=96&r=g","contentUrl":"https:\/\/secure.gravatar.com\/avatar\/0bcf19cb29fdc8fc588c490c7ae1b3e174dac268586a63fbe1d1893a0f9020cd?s=96&r=g","caption":"Reda\u00e7\u00e3o CP"},"url":"https:\/\/cleitonpinheiro.com.br\/site\/author\/redacao\/"}]}},"views":220,"_links":{"self":[{"href":"https:\/\/cleitonpinheiro.com.br\/site\/wp-json\/wp\/v2\/posts\/82745","targetHints":{"allow":["GET"]}}],"collection":[{"href":"https:\/\/cleitonpinheiro.com.br\/site\/wp-json\/wp\/v2\/posts"}],"about":[{"href":"https:\/\/cleitonpinheiro.com.br\/site\/wp-json\/wp\/v2\/types\/post"}],"author":[{"embeddable":true,"href":"https:\/\/cleitonpinheiro.com.br\/site\/wp-json\/wp\/v2\/users\/13"}],"replies":[{"embeddable":true,"href":"https:\/\/cleitonpinheiro.com.br\/site\/wp-json\/wp\/v2\/comments?post=82745"}],"version-history":[{"count":1,"href":"https:\/\/cleitonpinheiro.com.br\/site\/wp-json\/wp\/v2\/posts\/82745\/revisions"}],"predecessor-version":[{"id":82747,"href":"https:\/\/cleitonpinheiro.com.br\/site\/wp-json\/wp\/v2\/posts\/82745\/revisions\/82747"}],"wp:attachment":[{"href":"https:\/\/cleitonpinheiro.com.br\/site\/wp-json\/wp\/v2\/media?parent=82745"}],"wp:term":[{"taxonomy":"category","embeddable":true,"href":"https:\/\/cleitonpinheiro.com.br\/site\/wp-json\/wp\/v2\/categories?post=82745"},{"taxonomy":"post_tag","embeddable":true,"href":"https:\/\/cleitonpinheiro.com.br\/site\/wp-json\/wp\/v2\/tags?post=82745"}],"curies":[{"name":"wp","href":"https:\/\/api.w.org\/{rel}","templated":true}]}}