{"id":82751,"date":"2024-11-13T10:09:49","date_gmt":"2024-11-13T13:09:49","guid":{"rendered":"https:\/\/cleitonpinheiro.com.br\/site\/?p=82751"},"modified":"2024-11-13T10:09:54","modified_gmt":"2024-11-13T13:09:54","slug":"tre-to-prestara-apoio-nas-eleicoes-da-oab-tocantins","status":"publish","type":"post","link":"https:\/\/cleitonpinheiro.com.br\/site\/tre-to-prestara-apoio-nas-eleicoes-da-oab-tocantins\/","title":{"rendered":"TRE-TO prestar\u00e1 apoio nas elei\u00e7\u00f5es da OAB Tocantins"},"content":{"rendered":"\n<figure class=\"wp-block-gallery has-nested-images columns-default is-cropped wp-block-gallery-1 is-layout-flex wp-block-gallery-is-layout-flex\">\n<figure class=\"wp-block-image size-large\"><img decoding=\"async\" data-id=\"82752\" src=\"https:\/\/cleitonpinheiro.com.br\/site\/wp-content\/uploads\/2024\/11\/URNAS.jpeg\" alt=\"\" class=\"wp-image-82752\"\/><figcaption class=\"wp-element-caption\">Foto: Ascom TRE-TO<\/figcaption><\/figure>\n<\/figure>\n\n\n\n<p>Contribuir para um processo democr\u00e1tico e transparente \u00e9 um dos pap\u00e9is do Tribunal Regional Eleitoral do Tocantins (TRE-TO), que dar\u00e1 apoio \u00e0s elei\u00e7\u00f5es da Ordem dos Advogados do Brasil no estado (OAB-TO), para a escolha de representantes do tri\u00eanio 2025\/2027. O pleito acontece na pr\u00f3xima segunda-feira, 18, na sede da seccional em Palmas e nas 15 subse\u00e7\u00f5es do interior tocantinense, das 9h \u00e0s 17h.<\/p>\n\n\n\n<p>O TRE-TO estar\u00e1 disponibilizando urnas eletr\u00f4nicas para a realiza\u00e7\u00e3o da vota\u00e7\u00e3o, assim como extens\u00f5es, cabinas, isolamento das janelas e demais procedimentos&nbsp;importantes para a manuten\u00e7\u00e3o do sigilo do voto e do bom andamento do pleito.<\/p>\n\n\n\n<p>Poder\u00e3o votar as advogadas e advogados inscritos na seccional do Estado do Tocantins, adimplentes com suas obriga\u00e7\u00f5es financeiras perante a OAB-TO. Os eleitores devem votar apresentando cart\u00e3o ou carteira de identidade profissional, ou um dos seguintes documentos: RG, CNH, carteira de trabalho ou passaporte.<\/p>\n\n\n\n<p>Elei\u00e7\u00f5es comunit\u00e1rias<\/p>\n\n\n\n<p>As elei\u00e7\u00f5es comunit\u00e1rias s\u00e3o uma forma r\u00e1pida, segura e eficiente de planejar e executar um pleito, utilizando a urna eletr\u00f4nica com os par\u00e2metros de uma elei\u00e7\u00e3o n\u00e3o oficial. Por meio do apoio prestado pelo TRE-TO a universidades, faculdades, conselhos, associa\u00e7\u00f5es de classes e organiza\u00e7\u00f5es, h\u00e1 a divulga\u00e7\u00e3o da urna e do sistema de voto informatizado, mostrando a seguran\u00e7a e a imunidade de todo o processo eleitoral.<\/p>\n\n\n\n<p>Texto: Ascom TRE-TO<\/p>\n","protected":false},"excerpt":{"rendered":"<p>Contribuir para um processo democr\u00e1tico e transparente \u00e9 um dos pap\u00e9is do Tribunal Regional Eleitoral do Tocantins (TRE-TO), que dar\u00e1 apoio \u00e0s elei\u00e7\u00f5es da Ordem dos Advogados do Brasil no estado (OAB-TO), para a escolha de representantes do tri\u00eanio 2025\/2027. O pleito acontece na pr\u00f3xima segunda-feira, 18, na sede da seccional em Palmas e nas [&hellip;]<\/p>\n","protected":false},"author":13,"featured_media":0,"comment_status":"open","ping_status":"open","sticky":false,"template":"","format":"standard","meta":{"_acf_changed":false,"footnotes":""},"categories":[8,898],"tags":[1287],"class_list":["post-82751","post","type-post","status-publish","format-standard","hentry","category-estado","category-manchete-segundaria","tag-eleicoes-2024"],"acf":[],"yoast_head":"<!-- This site is optimized with the Yoast SEO plugin v24.4 - https:\/\/yoast.com\/wordpress\/plugins\/seo\/ -->\n<title>TRE-TO prestar\u00e1 apoio nas elei\u00e7\u00f5es da OAB Tocantins - PORTAL DE NOT\u00cdCIAS CLEITON PINHEIRO<\/title>\n<meta name=\"robots\" content=\"index, follow, max-snippet:-1, max-image-preview:large, max-video-preview:-1\" \/>\n<link rel=\"canonical\" href=\"https:\/\/cleitonpinheiro.com.br\/site\/tre-to-prestara-apoio-nas-eleicoes-da-oab-tocantins\/\" \/>\n<meta property=\"og:locale\" content=\"pt_BR\" \/>\n<meta property=\"og:type\" content=\"article\" \/>\n<meta property=\"og:title\" content=\"TRE-TO prestar\u00e1 apoio nas elei\u00e7\u00f5es da OAB Tocantins - PORTAL DE NOT\u00cdCIAS CLEITON PINHEIRO\" \/>\n<meta property=\"og:description\" content=\"Contribuir para um processo democr\u00e1tico e transparente \u00e9 um dos pap\u00e9is do Tribunal Regional Eleitoral do Tocantins (TRE-TO), que dar\u00e1 apoio \u00e0s elei\u00e7\u00f5es da Ordem dos Advogados do Brasil no estado (OAB-TO), para a escolha de representantes do tri\u00eanio 2025\/2027. O pleito acontece na pr\u00f3xima segunda-feira, 18, na sede da seccional em Palmas e nas [&hellip;]\" \/>\n<meta property=\"og:url\" content=\"https:\/\/cleitonpinheiro.com.br\/site\/tre-to-prestara-apoio-nas-eleicoes-da-oab-tocantins\/\" \/>\n<meta property=\"og:site_name\" content=\"PORTAL DE NOT\u00cdCIAS CLEITON PINHEIRO\" \/>\n<meta property=\"article:publisher\" content=\"https:\/\/www.facebook.com\/portalcpnoticias\/\" \/>\n<meta property=\"article:published_time\" content=\"2024-11-13T13:09:49+00:00\" \/>\n<meta property=\"article:modified_time\" content=\"2024-11-13T13:09:54+00:00\" \/>\n<meta property=\"og:image\" content=\"https:\/\/cleitonpinheiro.com.br\/site\/wp-content\/uploads\/2024\/11\/URNAS.jpeg\" \/>\n\t<meta property=\"og:image:width\" content=\"758\" \/>\n\t<meta property=\"og:image:height\" content=\"409\" \/>\n\t<meta property=\"og:image:type\" content=\"image\/jpeg\" \/>\n<meta name=\"author\" content=\"Reda\u00e7\u00e3o CP\" \/>\n<meta name=\"twitter:card\" content=\"summary_large_image\" \/>\n<meta name=\"twitter:label1\" content=\"Escrito por\" \/>\n\t<meta name=\"twitter:data1\" content=\"Reda\u00e7\u00e3o CP\" \/>\n\t<meta name=\"twitter:label2\" content=\"Est. tempo de leitura\" \/>\n\t<meta name=\"twitter:data2\" content=\"2 minutos\" \/>\n<script type=\"application\/ld+json\" class=\"yoast-schema-graph\">{\"@context\":\"https:\/\/schema.org\",\"@graph\":[{\"@type\":\"Article\",\"@id\":\"https:\/\/cleitonpinheiro.com.br\/site\/tre-to-prestara-apoio-nas-eleicoes-da-oab-tocantins\/#article\",\"isPartOf\":{\"@id\":\"https:\/\/cleitonpinheiro.com.br\/site\/tre-to-prestara-apoio-nas-eleicoes-da-oab-tocantins\/\"},\"author\":{\"name\":\"Reda\u00e7\u00e3o CP\",\"@id\":\"https:\/\/cleitonpinheiro.com.br\/site\/#\/schema\/person\/8f04544e0bc40a1b68775b08360f87db\"},\"headline\":\"TRE-TO prestar\u00e1 apoio nas elei\u00e7\u00f5es da OAB Tocantins\",\"datePublished\":\"2024-11-13T13:09:49+00:00\",\"dateModified\":\"2024-11-13T13:09:54+00:00\",\"mainEntityOfPage\":{\"@id\":\"https:\/\/cleitonpinheiro.com.br\/site\/tre-to-prestara-apoio-nas-eleicoes-da-oab-tocantins\/\"},\"wordCount\":251,\"commentCount\":0,\"publisher\":{\"@id\":\"https:\/\/cleitonpinheiro.com.br\/site\/#organization\"},\"image\":{\"@id\":\"https:\/\/cleitonpinheiro.com.br\/site\/tre-to-prestara-apoio-nas-eleicoes-da-oab-tocantins\/#primaryimage\"},\"thumbnailUrl\":\"https:\/\/cleitonpinheiro.com.br\/site\/wp-content\/uploads\/2024\/11\/URNAS.jpeg\",\"keywords\":[\"Elei\u00e7\u00f5es 2024\"],\"articleSection\":[\"ESTADO\",\"MANCHETE SEGUND\u00c1RIA\"],\"inLanguage\":\"pt-BR\",\"potentialAction\":[{\"@type\":\"CommentAction\",\"name\":\"Comment\",\"target\":[\"https:\/\/cleitonpinheiro.com.br\/site\/tre-to-prestara-apoio-nas-eleicoes-da-oab-tocantins\/#respond\"]}]},{\"@type\":\"WebPage\",\"@id\":\"https:\/\/cleitonpinheiro.com.br\/site\/tre-to-prestara-apoio-nas-eleicoes-da-oab-tocantins\/\",\"url\":\"https:\/\/cleitonpinheiro.com.br\/site\/tre-to-prestara-apoio-nas-eleicoes-da-oab-tocantins\/\",\"name\":\"TRE-TO prestar\u00e1 apoio nas elei\u00e7\u00f5es da OAB Tocantins - PORTAL DE NOT\u00cdCIAS CLEITON PINHEIRO\",\"isPartOf\":{\"@id\":\"https:\/\/cleitonpinheiro.com.br\/site\/#website\"},\"primaryImageOfPage\":{\"@id\":\"https:\/\/cleitonpinheiro.com.br\/site\/tre-to-prestara-apoio-nas-eleicoes-da-oab-tocantins\/#primaryimage\"},\"image\":{\"@id\":\"https:\/\/cleitonpinheiro.com.br\/site\/tre-to-prestara-apoio-nas-eleicoes-da-oab-tocantins\/#primaryimage\"},\"thumbnailUrl\":\"https:\/\/cleitonpinheiro.com.br\/site\/wp-content\/uploads\/2024\/11\/URNAS.jpeg\",\"datePublished\":\"2024-11-13T13:09:49+00:00\",\"dateModified\":\"2024-11-13T13:09:54+00:00\",\"breadcrumb\":{\"@id\":\"https:\/\/cleitonpinheiro.com.br\/site\/tre-to-prestara-apoio-nas-eleicoes-da-oab-tocantins\/#breadcrumb\"},\"inLanguage\":\"pt-BR\",\"potentialAction\":[{\"@type\":\"ReadAction\",\"target\":[\"https:\/\/cleitonpinheiro.com.br\/site\/tre-to-prestara-apoio-nas-eleicoes-da-oab-tocantins\/\"]}]},{\"@type\":\"ImageObject\",\"inLanguage\":\"pt-BR\",\"@id\":\"https:\/\/cleitonpinheiro.com.br\/site\/tre-to-prestara-apoio-nas-eleicoes-da-oab-tocantins\/#primaryimage\",\"url\":\"\",\"contentUrl\":\"\"},{\"@type\":\"BreadcrumbList\",\"@id\":\"https:\/\/cleitonpinheiro.com.br\/site\/tre-to-prestara-apoio-nas-eleicoes-da-oab-tocantins\/#breadcrumb\",\"itemListElement\":[{\"@type\":\"ListItem\",\"position\":1,\"name\":\"In\u00edcio\",\"item\":\"https:\/\/cleitonpinheiro.com.br\/site\/\"},{\"@type\":\"ListItem\",\"position\":2,\"name\":\"TRE-TO prestar\u00e1 apoio nas elei\u00e7\u00f5es da OAB Tocantins\"}]},{\"@type\":\"WebSite\",\"@id\":\"https:\/\/cleitonpinheiro.com.br\/site\/#website\",\"url\":\"https:\/\/cleitonpinheiro.com.br\/site\/\",\"name\":\"PORTAL DE NOT\u00cdCIAS CLEITON PINHEIRO\",\"description\":\"FALANDO A VERDADE\",\"publisher\":{\"@id\":\"https:\/\/cleitonpinheiro.com.br\/site\/#organization\"},\"potentialAction\":[{\"@type\":\"SearchAction\",\"target\":{\"@type\":\"EntryPoint\",\"urlTemplate\":\"https:\/\/cleitonpinheiro.com.br\/site\/?s={search_term_string}\"},\"query-input\":{\"@type\":\"PropertyValueSpecification\",\"valueRequired\":true,\"valueName\":\"search_term_string\"}}],\"inLanguage\":\"pt-BR\"},{\"@type\":\"Organization\",\"@id\":\"https:\/\/cleitonpinheiro.com.br\/site\/#organization\",\"name\":\"CPNOT\u00cdCIAS\",\"url\":\"https:\/\/cleitonpinheiro.com.br\/site\/\",\"logo\":{\"@type\":\"ImageObject\",\"inLanguage\":\"pt-BR\",\"@id\":\"https:\/\/cleitonpinheiro.com.br\/site\/#\/schema\/logo\/image\/\",\"url\":\"https:\/\/cleitonpinheiro.com.br\/site\/wp-content\/uploads\/2022\/08\/Logo-pequena-2.png\",\"contentUrl\":\"https:\/\/cleitonpinheiro.com.br\/site\/wp-content\/uploads\/2022\/08\/Logo-pequena-2.png\",\"width\":500,\"height\":500,\"caption\":\"CPNOT\u00cdCIAS\"},\"image\":{\"@id\":\"https:\/\/cleitonpinheiro.com.br\/site\/#\/schema\/logo\/image\/\"},\"sameAs\":[\"https:\/\/www.facebook.com\/portalcpnoticias\/\"]},{\"@type\":\"Person\",\"@id\":\"https:\/\/cleitonpinheiro.com.br\/site\/#\/schema\/person\/8f04544e0bc40a1b68775b08360f87db\",\"name\":\"Reda\u00e7\u00e3o CP\",\"image\":{\"@type\":\"ImageObject\",\"inLanguage\":\"pt-BR\",\"@id\":\"https:\/\/cleitonpinheiro.com.br\/site\/#\/schema\/person\/image\/\",\"url\":\"https:\/\/secure.gravatar.com\/avatar\/0bcf19cb29fdc8fc588c490c7ae1b3e174dac268586a63fbe1d1893a0f9020cd?s=96&r=g\",\"contentUrl\":\"https:\/\/secure.gravatar.com\/avatar\/0bcf19cb29fdc8fc588c490c7ae1b3e174dac268586a63fbe1d1893a0f9020cd?s=96&r=g\",\"caption\":\"Reda\u00e7\u00e3o CP\"},\"url\":\"https:\/\/cleitonpinheiro.com.br\/site\/author\/redacao\/\"}]}<\/script>\n<!-- \/ Yoast SEO plugin. -->","yoast_head_json":{"title":"TRE-TO prestar\u00e1 apoio nas elei\u00e7\u00f5es da OAB Tocantins - PORTAL DE NOT\u00cdCIAS CLEITON PINHEIRO","robots":{"index":"index","follow":"follow","max-snippet":"max-snippet:-1","max-image-preview":"max-image-preview:large","max-video-preview":"max-video-preview:-1"},"canonical":"https:\/\/cleitonpinheiro.com.br\/site\/tre-to-prestara-apoio-nas-eleicoes-da-oab-tocantins\/","og_locale":"pt_BR","og_type":"article","og_title":"TRE-TO prestar\u00e1 apoio nas elei\u00e7\u00f5es da OAB Tocantins - PORTAL DE NOT\u00cdCIAS CLEITON PINHEIRO","og_description":"Contribuir para um processo democr\u00e1tico e transparente \u00e9 um dos pap\u00e9is do Tribunal Regional Eleitoral do Tocantins (TRE-TO), que dar\u00e1 apoio \u00e0s elei\u00e7\u00f5es da Ordem dos Advogados do Brasil no estado (OAB-TO), para a escolha de representantes do tri\u00eanio 2025\/2027. O pleito acontece na pr\u00f3xima segunda-feira, 18, na sede da seccional em Palmas e nas [&hellip;]","og_url":"https:\/\/cleitonpinheiro.com.br\/site\/tre-to-prestara-apoio-nas-eleicoes-da-oab-tocantins\/","og_site_name":"PORTAL DE NOT\u00cdCIAS CLEITON PINHEIRO","article_publisher":"https:\/\/www.facebook.com\/portalcpnoticias\/","article_published_time":"2024-11-13T13:09:49+00:00","article_modified_time":"2024-11-13T13:09:54+00:00","og_image":[{"width":758,"height":409,"url":"https:\/\/cleitonpinheiro.com.br\/site\/wp-content\/uploads\/2024\/11\/URNAS.jpeg","type":"image\/jpeg"}],"author":"Reda\u00e7\u00e3o CP","twitter_card":"summary_large_image","twitter_misc":{"Escrito por":"Reda\u00e7\u00e3o CP","Est. tempo de leitura":"2 minutos"},"schema":{"@context":"https:\/\/schema.org","@graph":[{"@type":"Article","@id":"https:\/\/cleitonpinheiro.com.br\/site\/tre-to-prestara-apoio-nas-eleicoes-da-oab-tocantins\/#article","isPartOf":{"@id":"https:\/\/cleitonpinheiro.com.br\/site\/tre-to-prestara-apoio-nas-eleicoes-da-oab-tocantins\/"},"author":{"name":"Reda\u00e7\u00e3o CP","@id":"https:\/\/cleitonpinheiro.com.br\/site\/#\/schema\/person\/8f04544e0bc40a1b68775b08360f87db"},"headline":"TRE-TO prestar\u00e1 apoio nas elei\u00e7\u00f5es da OAB Tocantins","datePublished":"2024-11-13T13:09:49+00:00","dateModified":"2024-11-13T13:09:54+00:00","mainEntityOfPage":{"@id":"https:\/\/cleitonpinheiro.com.br\/site\/tre-to-prestara-apoio-nas-eleicoes-da-oab-tocantins\/"},"wordCount":251,"commentCount":0,"publisher":{"@id":"https:\/\/cleitonpinheiro.com.br\/site\/#organization"},"image":{"@id":"https:\/\/cleitonpinheiro.com.br\/site\/tre-to-prestara-apoio-nas-eleicoes-da-oab-tocantins\/#primaryimage"},"thumbnailUrl":"https:\/\/cleitonpinheiro.com.br\/site\/wp-content\/uploads\/2024\/11\/URNAS.jpeg","keywords":["Elei\u00e7\u00f5es 2024"],"articleSection":["ESTADO","MANCHETE SEGUND\u00c1RIA"],"inLanguage":"pt-BR","potentialAction":[{"@type":"CommentAction","name":"Comment","target":["https:\/\/cleitonpinheiro.com.br\/site\/tre-to-prestara-apoio-nas-eleicoes-da-oab-tocantins\/#respond"]}]},{"@type":"WebPage","@id":"https:\/\/cleitonpinheiro.com.br\/site\/tre-to-prestara-apoio-nas-eleicoes-da-oab-tocantins\/","url":"https:\/\/cleitonpinheiro.com.br\/site\/tre-to-prestara-apoio-nas-eleicoes-da-oab-tocantins\/","name":"TRE-TO prestar\u00e1 apoio nas elei\u00e7\u00f5es da OAB Tocantins - PORTAL DE NOT\u00cdCIAS CLEITON PINHEIRO","isPartOf":{"@id":"https:\/\/cleitonpinheiro.com.br\/site\/#website"},"primaryImageOfPage":{"@id":"https:\/\/cleitonpinheiro.com.br\/site\/tre-to-prestara-apoio-nas-eleicoes-da-oab-tocantins\/#primaryimage"},"image":{"@id":"https:\/\/cleitonpinheiro.com.br\/site\/tre-to-prestara-apoio-nas-eleicoes-da-oab-tocantins\/#primaryimage"},"thumbnailUrl":"https:\/\/cleitonpinheiro.com.br\/site\/wp-content\/uploads\/2024\/11\/URNAS.jpeg","datePublished":"2024-11-13T13:09:49+00:00","dateModified":"2024-11-13T13:09:54+00:00","breadcrumb":{"@id":"https:\/\/cleitonpinheiro.com.br\/site\/tre-to-prestara-apoio-nas-eleicoes-da-oab-tocantins\/#breadcrumb"},"inLanguage":"pt-BR","potentialAction":[{"@type":"ReadAction","target":["https:\/\/cleitonpinheiro.com.br\/site\/tre-to-prestara-apoio-nas-eleicoes-da-oab-tocantins\/"]}]},{"@type":"ImageObject","inLanguage":"pt-BR","@id":"https:\/\/cleitonpinheiro.com.br\/site\/tre-to-prestara-apoio-nas-eleicoes-da-oab-tocantins\/#primaryimage","url":"","contentUrl":""},{"@type":"BreadcrumbList","@id":"https:\/\/cleitonpinheiro.com.br\/site\/tre-to-prestara-apoio-nas-eleicoes-da-oab-tocantins\/#breadcrumb","itemListElement":[{"@type":"ListItem","position":1,"name":"In\u00edcio","item":"https:\/\/cleitonpinheiro.com.br\/site\/"},{"@type":"ListItem","position":2,"name":"TRE-TO prestar\u00e1 apoio nas elei\u00e7\u00f5es da OAB Tocantins"}]},{"@type":"WebSite","@id":"https:\/\/cleitonpinheiro.com.br\/site\/#website","url":"https:\/\/cleitonpinheiro.com.br\/site\/","name":"PORTAL DE NOT\u00cdCIAS CLEITON PINHEIRO","description":"FALANDO A VERDADE","publisher":{"@id":"https:\/\/cleitonpinheiro.com.br\/site\/#organization"},"potentialAction":[{"@type":"SearchAction","target":{"@type":"EntryPoint","urlTemplate":"https:\/\/cleitonpinheiro.com.br\/site\/?s={search_term_string}"},"query-input":{"@type":"PropertyValueSpecification","valueRequired":true,"valueName":"search_term_string"}}],"inLanguage":"pt-BR"},{"@type":"Organization","@id":"https:\/\/cleitonpinheiro.com.br\/site\/#organization","name":"CPNOT\u00cdCIAS","url":"https:\/\/cleitonpinheiro.com.br\/site\/","logo":{"@type":"ImageObject","inLanguage":"pt-BR","@id":"https:\/\/cleitonpinheiro.com.br\/site\/#\/schema\/logo\/image\/","url":"https:\/\/cleitonpinheiro.com.br\/site\/wp-content\/uploads\/2022\/08\/Logo-pequena-2.png","contentUrl":"https:\/\/cleitonpinheiro.com.br\/site\/wp-content\/uploads\/2022\/08\/Logo-pequena-2.png","width":500,"height":500,"caption":"CPNOT\u00cdCIAS"},"image":{"@id":"https:\/\/cleitonpinheiro.com.br\/site\/#\/schema\/logo\/image\/"},"sameAs":["https:\/\/www.facebook.com\/portalcpnoticias\/"]},{"@type":"Person","@id":"https:\/\/cleitonpinheiro.com.br\/site\/#\/schema\/person\/8f04544e0bc40a1b68775b08360f87db","name":"Reda\u00e7\u00e3o CP","image":{"@type":"ImageObject","inLanguage":"pt-BR","@id":"https:\/\/cleitonpinheiro.com.br\/site\/#\/schema\/person\/image\/","url":"https:\/\/secure.gravatar.com\/avatar\/0bcf19cb29fdc8fc588c490c7ae1b3e174dac268586a63fbe1d1893a0f9020cd?s=96&r=g","contentUrl":"https:\/\/secure.gravatar.com\/avatar\/0bcf19cb29fdc8fc588c490c7ae1b3e174dac268586a63fbe1d1893a0f9020cd?s=96&r=g","caption":"Reda\u00e7\u00e3o CP"},"url":"https:\/\/cleitonpinheiro.com.br\/site\/author\/redacao\/"}]}},"views":163,"_links":{"self":[{"href":"https:\/\/cleitonpinheiro.com.br\/site\/wp-json\/wp\/v2\/posts\/82751","targetHints":{"allow":["GET"]}}],"collection":[{"href":"https:\/\/cleitonpinheiro.com.br\/site\/wp-json\/wp\/v2\/posts"}],"about":[{"href":"https:\/\/cleitonpinheiro.com.br\/site\/wp-json\/wp\/v2\/types\/post"}],"author":[{"embeddable":true,"href":"https:\/\/cleitonpinheiro.com.br\/site\/wp-json\/wp\/v2\/users\/13"}],"replies":[{"embeddable":true,"href":"https:\/\/cleitonpinheiro.com.br\/site\/wp-json\/wp\/v2\/comments?post=82751"}],"version-history":[{"count":1,"href":"https:\/\/cleitonpinheiro.com.br\/site\/wp-json\/wp\/v2\/posts\/82751\/revisions"}],"predecessor-version":[{"id":82753,"href":"https:\/\/cleitonpinheiro.com.br\/site\/wp-json\/wp\/v2\/posts\/82751\/revisions\/82753"}],"wp:attachment":[{"href":"https:\/\/cleitonpinheiro.com.br\/site\/wp-json\/wp\/v2\/media?parent=82751"}],"wp:term":[{"taxonomy":"category","embeddable":true,"href":"https:\/\/cleitonpinheiro.com.br\/site\/wp-json\/wp\/v2\/categories?post=82751"},{"taxonomy":"post_tag","embeddable":true,"href":"https:\/\/cleitonpinheiro.com.br\/site\/wp-json\/wp\/v2\/tags?post=82751"}],"curies":[{"name":"wp","href":"https:\/\/api.w.org\/{rel}","templated":true}]}}