{"id":82757,"date":"2024-11-13T10:48:51","date_gmt":"2024-11-13T13:48:51","guid":{"rendered":"https:\/\/cleitonpinheiro.com.br\/site\/?p=82757"},"modified":"2024-11-13T10:48:54","modified_gmt":"2024-11-13T13:48:54","slug":"sesmu-promove-semana-estadual-dr-pedro-caldas-de-conscientizacao-e-prevencao-de-acidentes-com-ciclistas","status":"publish","type":"post","link":"https:\/\/cleitonpinheiro.com.br\/site\/sesmu-promove-semana-estadual-dr-pedro-caldas-de-conscientizacao-e-prevencao-de-acidentes-com-ciclistas\/","title":{"rendered":"Sesmu promove Semana Estadual Dr. Pedro Caldas de Conscientiza\u00e7\u00e3o e Preven\u00e7\u00e3o de Acidentes com Ciclistas"},"content":{"rendered":"\n<figure class=\"wp-block-gallery has-nested-images columns-default is-cropped wp-block-gallery-1 is-layout-flex wp-block-gallery-is-layout-flex\">\n<figure class=\"wp-block-image size-large\"><img decoding=\"async\" data-id=\"82758\" src=\"https:\/\/cleitonpinheiro.com.br\/site\/wp-content\/uploads\/2024\/11\/9.jpg\" alt=\"\" class=\"wp-image-82758\"\/><figcaption class=\"wp-element-caption\">Foto: Lia Mara\/Secom Palmas<\/figcaption><\/figure>\n<\/figure>\n\n\n\n<p>A \u2018Semana Estadual Dr. Pedro Caldas de Conscientiza\u00e7\u00e3o e Preven\u00e7\u00e3o de Acidentes com Ciclistas\u2019 promovida pela Secretaria Municipal de Seguran\u00e7a e Mobilidade Urbana (Sesmu), que iniciou nesta&nbsp;segunda-feira, 11, busca envolver toda a sociedade em um compromisso com a seguran\u00e7a e respeito no tr\u00e2nsito. Com atividades educativas e a\u00e7\u00f5es voltadas para o engajamento de ciclistas e motoristas, a campanha pretende reduzir os \u00edndices de acidentes e incentivar um ambiente mais seguro para todos os que utilizam as vias p\u00fablicas. Para ciclistas, o tr\u00e2nsito oferece desafios \u00fanicos e riscos que exigem aten\u00e7\u00e3o redobrada, tanto em \u00e1reas urbanas quanto em rodovias. \u00c9 com esse objetivo que o evento destaca a import\u00e2ncia de medidas preventivas e da conviv\u00eancia harmoniosa entre diferentes tipos de ve\u00edculos, promovendo uma cultura de conscientiza\u00e7\u00e3o e respeito \u00e0s normas de tr\u00e2nsito.<\/p>\n\n\n\n<p>O agente de Tr\u00e2nsito, Francisco Seixas, que participa ativamente da campanha, ressaltou os principais fatores de risco para ciclistas no tr\u00e2nsito. \u201cOs motivos&nbsp;que mais colocam ciclistas em perigo s\u00e3o a falta de visibilidade, tanto por ilumina\u00e7\u00e3o insuficiente quanto pela aus\u00eancia de equipamentos refletivos, al\u00e9m da imprud\u00eancia de alguns motoristas que n\u00e3o respeitam a dist\u00e2ncia m\u00ednima de seguran\u00e7a ao ultrapass\u00e1-los. Outro fator cr\u00edtico \u00e9 a falta de ciclovias e ciclofaixas em alguns trechos, que obrigam os ciclistas a dividir espa\u00e7o com ve\u00edculos em alta velocidade\u201d.<\/p>\n\n\n\n<p>Seixas tamb\u00e9m orientou sobre comportamentos que os ciclistas devem evitar ou adotar para garantir a pr\u00f3pria seguran\u00e7a. \u201c\u00c9 essencial que os ciclistas utilizem sempre capacetes, roupas de cores vivas e itens refletivos, principalmente em hor\u00e1rios de pouca luz. Outro ponto \u00e9 evitar manobras arriscadas e sinalizar com anteced\u00eancia suas inten\u00e7\u00f5es de mudar de dire\u00e7\u00e3o ou parar. Manter-se previs\u00edvel e respeitar as normas de tr\u00e2nsito \u00e9 uma maneira eficaz de evitar acidentes\u201d.<\/p>\n\n\n\n<p>Os n\u00fameros revelados pela agente de Tr\u00e2nsito, Cleis Souza, refor\u00e7am a gravidade da situa\u00e7\u00e3o. Entre 2021 e 2024, Palmas registrou dez&nbsp;v\u00edtimas fatais em acidentes envolvendo ciclistas. \u201cCada uma dessas mortes representa uma perda irrepar\u00e1vel para as fam\u00edlias e amigos, al\u00e9m de um alerta para a sociedade sobre a vulnerabilidade dos ciclistas no tr\u00e2nsito\u201d. \u201c\u00c9 essencial que campanhas como essa semana de conscientiza\u00e7\u00e3o mantenham o debate sobre seguran\u00e7a no tr\u00e2nsito vivo, para que possamos reduzir ao m\u00e1ximo esses n\u00fameros\u201d.<\/p>\n\n\n\n<p>A escolha do nome da campanha \u00e9 uma homenagem ao m\u00e9dico Pedro de Paula Caldas, v\u00edtima de um acidente enquanto treinava para uma competi\u00e7\u00e3o. No dia 12 de novembro de 2017, o m\u00e9dico pedalava na pista marginal da TO-050, nas proximidades do Dertins, em Palmas, quando foi atingido por um ve\u00edculo. Na ocasi\u00e3o, outro m\u00e9dico tamb\u00e9m foi ferido, mas sobreviveu ao acidente. Pedro Caldas ficou internado por cerca de um m\u00eas, mas, devido \u00e0 gravidade do traumatismo craniano que sofreu, n\u00e3o resistiu.<\/p>\n\n\n\n<p>A Semana Estadual Dr. Pedro Caldas de Conscientiza\u00e7\u00e3o e Preven\u00e7\u00e3o de Acidentes com Ciclistas convida a popula\u00e7\u00e3o a refletir sobre pr\u00e1ticas que possam proteger vidas no tr\u00e2nsito. Al\u00e9m de palestras e a\u00e7\u00f5es educativas, a campanha promover\u00e1 atividades pr\u00e1ticas, como passeios cicl\u00edsticos e distribui\u00e7\u00e3o de materiais informativos, com o objetivo de sensibilizar tanto ciclistas quanto motoristas.<\/p>\n\n\n\n<p>Texto<strong>:<\/strong>\u00a0Isabella Brito &#8211; estagi\u00e1ria sob a supervis\u00e3o da Diretoria de Jornalismo da Secom Palmas<\/p>\n","protected":false},"excerpt":{"rendered":"<p>A \u2018Semana Estadual Dr. Pedro Caldas de Conscientiza\u00e7\u00e3o e Preven\u00e7\u00e3o de Acidentes com Ciclistas\u2019 promovida pela Secretaria Municipal de Seguran\u00e7a e Mobilidade Urbana (Sesmu), que iniciou nesta&nbsp;segunda-feira, 11, busca envolver toda a sociedade em um compromisso com a seguran\u00e7a e respeito no tr\u00e2nsito. Com atividades educativas e a\u00e7\u00f5es voltadas para o engajamento de ciclistas e [&hellip;]<\/p>\n","protected":false},"author":13,"featured_media":0,"comment_status":"open","ping_status":"open","sticky":false,"template":"","format":"standard","meta":{"_acf_changed":false,"footnotes":""},"categories":[22,898],"tags":[720],"class_list":["post-82757","post","type-post","status-publish","format-standard","hentry","category-cidades","category-manchete-segundaria","tag-prefeitura-de-palmas"],"acf":[],"yoast_head":"<!-- This site is optimized with the Yoast SEO plugin v24.4 - https:\/\/yoast.com\/wordpress\/plugins\/seo\/ -->\n<title>Sesmu promove Semana Estadual Dr. Pedro Caldas de Conscientiza\u00e7\u00e3o e Preven\u00e7\u00e3o de Acidentes com Ciclistas - PORTAL DE NOT\u00cdCIAS CLEITON PINHEIRO<\/title>\n<meta name=\"robots\" content=\"index, follow, max-snippet:-1, max-image-preview:large, max-video-preview:-1\" \/>\n<link rel=\"canonical\" href=\"https:\/\/cleitonpinheiro.com.br\/site\/sesmu-promove-semana-estadual-dr-pedro-caldas-de-conscientizacao-e-prevencao-de-acidentes-com-ciclistas\/\" \/>\n<meta property=\"og:locale\" content=\"pt_BR\" \/>\n<meta property=\"og:type\" content=\"article\" \/>\n<meta property=\"og:title\" content=\"Sesmu promove Semana Estadual Dr. Pedro Caldas de Conscientiza\u00e7\u00e3o e Preven\u00e7\u00e3o de Acidentes com Ciclistas - PORTAL DE NOT\u00cdCIAS CLEITON PINHEIRO\" \/>\n<meta property=\"og:description\" content=\"A \u2018Semana Estadual Dr. Pedro Caldas de Conscientiza\u00e7\u00e3o e Preven\u00e7\u00e3o de Acidentes com Ciclistas\u2019 promovida pela Secretaria Municipal de Seguran\u00e7a e Mobilidade Urbana (Sesmu), que iniciou nesta&nbsp;segunda-feira, 11, busca envolver toda a sociedade em um compromisso com a seguran\u00e7a e respeito no tr\u00e2nsito. Com atividades educativas e a\u00e7\u00f5es voltadas para o engajamento de ciclistas e [&hellip;]\" \/>\n<meta property=\"og:url\" content=\"https:\/\/cleitonpinheiro.com.br\/site\/sesmu-promove-semana-estadual-dr-pedro-caldas-de-conscientizacao-e-prevencao-de-acidentes-com-ciclistas\/\" \/>\n<meta property=\"og:site_name\" content=\"PORTAL DE NOT\u00cdCIAS CLEITON PINHEIRO\" \/>\n<meta property=\"article:publisher\" content=\"https:\/\/www.facebook.com\/portalcpnoticias\/\" \/>\n<meta property=\"article:published_time\" content=\"2024-11-13T13:48:51+00:00\" \/>\n<meta property=\"article:modified_time\" content=\"2024-11-13T13:48:54+00:00\" \/>\n<meta property=\"og:image\" content=\"https:\/\/cleitonpinheiro.com.br\/site\/wp-content\/uploads\/2024\/11\/9.jpg\" \/>\n\t<meta property=\"og:image:width\" content=\"800\" \/>\n\t<meta property=\"og:image:height\" content=\"533\" \/>\n\t<meta property=\"og:image:type\" content=\"image\/jpeg\" \/>\n<meta name=\"author\" content=\"Reda\u00e7\u00e3o CP\" \/>\n<meta name=\"twitter:card\" content=\"summary_large_image\" \/>\n<meta name=\"twitter:label1\" content=\"Escrito por\" \/>\n\t<meta name=\"twitter:data1\" content=\"Reda\u00e7\u00e3o CP\" \/>\n\t<meta name=\"twitter:label2\" content=\"Est. tempo de leitura\" \/>\n\t<meta name=\"twitter:data2\" content=\"4 minutos\" \/>\n<script type=\"application\/ld+json\" class=\"yoast-schema-graph\">{\"@context\":\"https:\/\/schema.org\",\"@graph\":[{\"@type\":\"Article\",\"@id\":\"https:\/\/cleitonpinheiro.com.br\/site\/sesmu-promove-semana-estadual-dr-pedro-caldas-de-conscientizacao-e-prevencao-de-acidentes-com-ciclistas\/#article\",\"isPartOf\":{\"@id\":\"https:\/\/cleitonpinheiro.com.br\/site\/sesmu-promove-semana-estadual-dr-pedro-caldas-de-conscientizacao-e-prevencao-de-acidentes-com-ciclistas\/\"},\"author\":{\"name\":\"Reda\u00e7\u00e3o CP\",\"@id\":\"https:\/\/cleitonpinheiro.com.br\/site\/#\/schema\/person\/8f04544e0bc40a1b68775b08360f87db\"},\"headline\":\"Sesmu promove Semana Estadual Dr. Pedro Caldas de Conscientiza\u00e7\u00e3o e Preven\u00e7\u00e3o de Acidentes com Ciclistas\",\"datePublished\":\"2024-11-13T13:48:51+00:00\",\"dateModified\":\"2024-11-13T13:48:54+00:00\",\"mainEntityOfPage\":{\"@id\":\"https:\/\/cleitonpinheiro.com.br\/site\/sesmu-promove-semana-estadual-dr-pedro-caldas-de-conscientizacao-e-prevencao-de-acidentes-com-ciclistas\/\"},\"wordCount\":605,\"commentCount\":0,\"publisher\":{\"@id\":\"https:\/\/cleitonpinheiro.com.br\/site\/#organization\"},\"image\":{\"@id\":\"https:\/\/cleitonpinheiro.com.br\/site\/sesmu-promove-semana-estadual-dr-pedro-caldas-de-conscientizacao-e-prevencao-de-acidentes-com-ciclistas\/#primaryimage\"},\"thumbnailUrl\":\"https:\/\/cleitonpinheiro.com.br\/site\/wp-content\/uploads\/2024\/11\/9.jpg\",\"keywords\":[\"Prefeitura de Palmas\"],\"articleSection\":[\"CIDADES\",\"MANCHETE SEGUND\u00c1RIA\"],\"inLanguage\":\"pt-BR\",\"potentialAction\":[{\"@type\":\"CommentAction\",\"name\":\"Comment\",\"target\":[\"https:\/\/cleitonpinheiro.com.br\/site\/sesmu-promove-semana-estadual-dr-pedro-caldas-de-conscientizacao-e-prevencao-de-acidentes-com-ciclistas\/#respond\"]}]},{\"@type\":\"WebPage\",\"@id\":\"https:\/\/cleitonpinheiro.com.br\/site\/sesmu-promove-semana-estadual-dr-pedro-caldas-de-conscientizacao-e-prevencao-de-acidentes-com-ciclistas\/\",\"url\":\"https:\/\/cleitonpinheiro.com.br\/site\/sesmu-promove-semana-estadual-dr-pedro-caldas-de-conscientizacao-e-prevencao-de-acidentes-com-ciclistas\/\",\"name\":\"Sesmu promove Semana Estadual Dr. Pedro Caldas de Conscientiza\u00e7\u00e3o e Preven\u00e7\u00e3o de Acidentes com Ciclistas - PORTAL DE NOT\u00cdCIAS CLEITON PINHEIRO\",\"isPartOf\":{\"@id\":\"https:\/\/cleitonpinheiro.com.br\/site\/#website\"},\"primaryImageOfPage\":{\"@id\":\"https:\/\/cleitonpinheiro.com.br\/site\/sesmu-promove-semana-estadual-dr-pedro-caldas-de-conscientizacao-e-prevencao-de-acidentes-com-ciclistas\/#primaryimage\"},\"image\":{\"@id\":\"https:\/\/cleitonpinheiro.com.br\/site\/sesmu-promove-semana-estadual-dr-pedro-caldas-de-conscientizacao-e-prevencao-de-acidentes-com-ciclistas\/#primaryimage\"},\"thumbnailUrl\":\"https:\/\/cleitonpinheiro.com.br\/site\/wp-content\/uploads\/2024\/11\/9.jpg\",\"datePublished\":\"2024-11-13T13:48:51+00:00\",\"dateModified\":\"2024-11-13T13:48:54+00:00\",\"breadcrumb\":{\"@id\":\"https:\/\/cleitonpinheiro.com.br\/site\/sesmu-promove-semana-estadual-dr-pedro-caldas-de-conscientizacao-e-prevencao-de-acidentes-com-ciclistas\/#breadcrumb\"},\"inLanguage\":\"pt-BR\",\"potentialAction\":[{\"@type\":\"ReadAction\",\"target\":[\"https:\/\/cleitonpinheiro.com.br\/site\/sesmu-promove-semana-estadual-dr-pedro-caldas-de-conscientizacao-e-prevencao-de-acidentes-com-ciclistas\/\"]}]},{\"@type\":\"ImageObject\",\"inLanguage\":\"pt-BR\",\"@id\":\"https:\/\/cleitonpinheiro.com.br\/site\/sesmu-promove-semana-estadual-dr-pedro-caldas-de-conscientizacao-e-prevencao-de-acidentes-com-ciclistas\/#primaryimage\",\"url\":\"\",\"contentUrl\":\"\"},{\"@type\":\"BreadcrumbList\",\"@id\":\"https:\/\/cleitonpinheiro.com.br\/site\/sesmu-promove-semana-estadual-dr-pedro-caldas-de-conscientizacao-e-prevencao-de-acidentes-com-ciclistas\/#breadcrumb\",\"itemListElement\":[{\"@type\":\"ListItem\",\"position\":1,\"name\":\"In\u00edcio\",\"item\":\"https:\/\/cleitonpinheiro.com.br\/site\/\"},{\"@type\":\"ListItem\",\"position\":2,\"name\":\"Sesmu promove Semana Estadual Dr. Pedro Caldas de Conscientiza\u00e7\u00e3o e Preven\u00e7\u00e3o de Acidentes com Ciclistas\"}]},{\"@type\":\"WebSite\",\"@id\":\"https:\/\/cleitonpinheiro.com.br\/site\/#website\",\"url\":\"https:\/\/cleitonpinheiro.com.br\/site\/\",\"name\":\"PORTAL DE NOT\u00cdCIAS CLEITON PINHEIRO\",\"description\":\"FALANDO A VERDADE\",\"publisher\":{\"@id\":\"https:\/\/cleitonpinheiro.com.br\/site\/#organization\"},\"potentialAction\":[{\"@type\":\"SearchAction\",\"target\":{\"@type\":\"EntryPoint\",\"urlTemplate\":\"https:\/\/cleitonpinheiro.com.br\/site\/?s={search_term_string}\"},\"query-input\":{\"@type\":\"PropertyValueSpecification\",\"valueRequired\":true,\"valueName\":\"search_term_string\"}}],\"inLanguage\":\"pt-BR\"},{\"@type\":\"Organization\",\"@id\":\"https:\/\/cleitonpinheiro.com.br\/site\/#organization\",\"name\":\"CPNOT\u00cdCIAS\",\"url\":\"https:\/\/cleitonpinheiro.com.br\/site\/\",\"logo\":{\"@type\":\"ImageObject\",\"inLanguage\":\"pt-BR\",\"@id\":\"https:\/\/cleitonpinheiro.com.br\/site\/#\/schema\/logo\/image\/\",\"url\":\"https:\/\/cleitonpinheiro.com.br\/site\/wp-content\/uploads\/2022\/08\/Logo-pequena-2.png\",\"contentUrl\":\"https:\/\/cleitonpinheiro.com.br\/site\/wp-content\/uploads\/2022\/08\/Logo-pequena-2.png\",\"width\":500,\"height\":500,\"caption\":\"CPNOT\u00cdCIAS\"},\"image\":{\"@id\":\"https:\/\/cleitonpinheiro.com.br\/site\/#\/schema\/logo\/image\/\"},\"sameAs\":[\"https:\/\/www.facebook.com\/portalcpnoticias\/\"]},{\"@type\":\"Person\",\"@id\":\"https:\/\/cleitonpinheiro.com.br\/site\/#\/schema\/person\/8f04544e0bc40a1b68775b08360f87db\",\"name\":\"Reda\u00e7\u00e3o CP\",\"image\":{\"@type\":\"ImageObject\",\"inLanguage\":\"pt-BR\",\"@id\":\"https:\/\/cleitonpinheiro.com.br\/site\/#\/schema\/person\/image\/\",\"url\":\"https:\/\/secure.gravatar.com\/avatar\/0bcf19cb29fdc8fc588c490c7ae1b3e174dac268586a63fbe1d1893a0f9020cd?s=96&r=g\",\"contentUrl\":\"https:\/\/secure.gravatar.com\/avatar\/0bcf19cb29fdc8fc588c490c7ae1b3e174dac268586a63fbe1d1893a0f9020cd?s=96&r=g\",\"caption\":\"Reda\u00e7\u00e3o CP\"},\"url\":\"https:\/\/cleitonpinheiro.com.br\/site\/author\/redacao\/\"}]}<\/script>\n<!-- \/ Yoast SEO plugin. -->","yoast_head_json":{"title":"Sesmu promove Semana Estadual Dr. Pedro Caldas de Conscientiza\u00e7\u00e3o e Preven\u00e7\u00e3o de Acidentes com Ciclistas - PORTAL DE NOT\u00cdCIAS CLEITON PINHEIRO","robots":{"index":"index","follow":"follow","max-snippet":"max-snippet:-1","max-image-preview":"max-image-preview:large","max-video-preview":"max-video-preview:-1"},"canonical":"https:\/\/cleitonpinheiro.com.br\/site\/sesmu-promove-semana-estadual-dr-pedro-caldas-de-conscientizacao-e-prevencao-de-acidentes-com-ciclistas\/","og_locale":"pt_BR","og_type":"article","og_title":"Sesmu promove Semana Estadual Dr. Pedro Caldas de Conscientiza\u00e7\u00e3o e Preven\u00e7\u00e3o de Acidentes com Ciclistas - PORTAL DE NOT\u00cdCIAS CLEITON PINHEIRO","og_description":"A \u2018Semana Estadual Dr. Pedro Caldas de Conscientiza\u00e7\u00e3o e Preven\u00e7\u00e3o de Acidentes com Ciclistas\u2019 promovida pela Secretaria Municipal de Seguran\u00e7a e Mobilidade Urbana (Sesmu), que iniciou nesta&nbsp;segunda-feira, 11, busca envolver toda a sociedade em um compromisso com a seguran\u00e7a e respeito no tr\u00e2nsito. Com atividades educativas e a\u00e7\u00f5es voltadas para o engajamento de ciclistas e [&hellip;]","og_url":"https:\/\/cleitonpinheiro.com.br\/site\/sesmu-promove-semana-estadual-dr-pedro-caldas-de-conscientizacao-e-prevencao-de-acidentes-com-ciclistas\/","og_site_name":"PORTAL DE NOT\u00cdCIAS CLEITON PINHEIRO","article_publisher":"https:\/\/www.facebook.com\/portalcpnoticias\/","article_published_time":"2024-11-13T13:48:51+00:00","article_modified_time":"2024-11-13T13:48:54+00:00","og_image":[{"width":800,"height":533,"url":"https:\/\/cleitonpinheiro.com.br\/site\/wp-content\/uploads\/2024\/11\/9.jpg","type":"image\/jpeg"}],"author":"Reda\u00e7\u00e3o CP","twitter_card":"summary_large_image","twitter_misc":{"Escrito por":"Reda\u00e7\u00e3o CP","Est. tempo de leitura":"4 minutos"},"schema":{"@context":"https:\/\/schema.org","@graph":[{"@type":"Article","@id":"https:\/\/cleitonpinheiro.com.br\/site\/sesmu-promove-semana-estadual-dr-pedro-caldas-de-conscientizacao-e-prevencao-de-acidentes-com-ciclistas\/#article","isPartOf":{"@id":"https:\/\/cleitonpinheiro.com.br\/site\/sesmu-promove-semana-estadual-dr-pedro-caldas-de-conscientizacao-e-prevencao-de-acidentes-com-ciclistas\/"},"author":{"name":"Reda\u00e7\u00e3o CP","@id":"https:\/\/cleitonpinheiro.com.br\/site\/#\/schema\/person\/8f04544e0bc40a1b68775b08360f87db"},"headline":"Sesmu promove Semana Estadual Dr. Pedro Caldas de Conscientiza\u00e7\u00e3o e Preven\u00e7\u00e3o de Acidentes com Ciclistas","datePublished":"2024-11-13T13:48:51+00:00","dateModified":"2024-11-13T13:48:54+00:00","mainEntityOfPage":{"@id":"https:\/\/cleitonpinheiro.com.br\/site\/sesmu-promove-semana-estadual-dr-pedro-caldas-de-conscientizacao-e-prevencao-de-acidentes-com-ciclistas\/"},"wordCount":605,"commentCount":0,"publisher":{"@id":"https:\/\/cleitonpinheiro.com.br\/site\/#organization"},"image":{"@id":"https:\/\/cleitonpinheiro.com.br\/site\/sesmu-promove-semana-estadual-dr-pedro-caldas-de-conscientizacao-e-prevencao-de-acidentes-com-ciclistas\/#primaryimage"},"thumbnailUrl":"https:\/\/cleitonpinheiro.com.br\/site\/wp-content\/uploads\/2024\/11\/9.jpg","keywords":["Prefeitura de Palmas"],"articleSection":["CIDADES","MANCHETE SEGUND\u00c1RIA"],"inLanguage":"pt-BR","potentialAction":[{"@type":"CommentAction","name":"Comment","target":["https:\/\/cleitonpinheiro.com.br\/site\/sesmu-promove-semana-estadual-dr-pedro-caldas-de-conscientizacao-e-prevencao-de-acidentes-com-ciclistas\/#respond"]}]},{"@type":"WebPage","@id":"https:\/\/cleitonpinheiro.com.br\/site\/sesmu-promove-semana-estadual-dr-pedro-caldas-de-conscientizacao-e-prevencao-de-acidentes-com-ciclistas\/","url":"https:\/\/cleitonpinheiro.com.br\/site\/sesmu-promove-semana-estadual-dr-pedro-caldas-de-conscientizacao-e-prevencao-de-acidentes-com-ciclistas\/","name":"Sesmu promove Semana Estadual Dr. Pedro Caldas de Conscientiza\u00e7\u00e3o e Preven\u00e7\u00e3o de Acidentes com Ciclistas - PORTAL DE NOT\u00cdCIAS CLEITON PINHEIRO","isPartOf":{"@id":"https:\/\/cleitonpinheiro.com.br\/site\/#website"},"primaryImageOfPage":{"@id":"https:\/\/cleitonpinheiro.com.br\/site\/sesmu-promove-semana-estadual-dr-pedro-caldas-de-conscientizacao-e-prevencao-de-acidentes-com-ciclistas\/#primaryimage"},"image":{"@id":"https:\/\/cleitonpinheiro.com.br\/site\/sesmu-promove-semana-estadual-dr-pedro-caldas-de-conscientizacao-e-prevencao-de-acidentes-com-ciclistas\/#primaryimage"},"thumbnailUrl":"https:\/\/cleitonpinheiro.com.br\/site\/wp-content\/uploads\/2024\/11\/9.jpg","datePublished":"2024-11-13T13:48:51+00:00","dateModified":"2024-11-13T13:48:54+00:00","breadcrumb":{"@id":"https:\/\/cleitonpinheiro.com.br\/site\/sesmu-promove-semana-estadual-dr-pedro-caldas-de-conscientizacao-e-prevencao-de-acidentes-com-ciclistas\/#breadcrumb"},"inLanguage":"pt-BR","potentialAction":[{"@type":"ReadAction","target":["https:\/\/cleitonpinheiro.com.br\/site\/sesmu-promove-semana-estadual-dr-pedro-caldas-de-conscientizacao-e-prevencao-de-acidentes-com-ciclistas\/"]}]},{"@type":"ImageObject","inLanguage":"pt-BR","@id":"https:\/\/cleitonpinheiro.com.br\/site\/sesmu-promove-semana-estadual-dr-pedro-caldas-de-conscientizacao-e-prevencao-de-acidentes-com-ciclistas\/#primaryimage","url":"","contentUrl":""},{"@type":"BreadcrumbList","@id":"https:\/\/cleitonpinheiro.com.br\/site\/sesmu-promove-semana-estadual-dr-pedro-caldas-de-conscientizacao-e-prevencao-de-acidentes-com-ciclistas\/#breadcrumb","itemListElement":[{"@type":"ListItem","position":1,"name":"In\u00edcio","item":"https:\/\/cleitonpinheiro.com.br\/site\/"},{"@type":"ListItem","position":2,"name":"Sesmu promove Semana Estadual Dr. Pedro Caldas de Conscientiza\u00e7\u00e3o e Preven\u00e7\u00e3o de Acidentes com Ciclistas"}]},{"@type":"WebSite","@id":"https:\/\/cleitonpinheiro.com.br\/site\/#website","url":"https:\/\/cleitonpinheiro.com.br\/site\/","name":"PORTAL DE NOT\u00cdCIAS CLEITON PINHEIRO","description":"FALANDO A VERDADE","publisher":{"@id":"https:\/\/cleitonpinheiro.com.br\/site\/#organization"},"potentialAction":[{"@type":"SearchAction","target":{"@type":"EntryPoint","urlTemplate":"https:\/\/cleitonpinheiro.com.br\/site\/?s={search_term_string}"},"query-input":{"@type":"PropertyValueSpecification","valueRequired":true,"valueName":"search_term_string"}}],"inLanguage":"pt-BR"},{"@type":"Organization","@id":"https:\/\/cleitonpinheiro.com.br\/site\/#organization","name":"CPNOT\u00cdCIAS","url":"https:\/\/cleitonpinheiro.com.br\/site\/","logo":{"@type":"ImageObject","inLanguage":"pt-BR","@id":"https:\/\/cleitonpinheiro.com.br\/site\/#\/schema\/logo\/image\/","url":"https:\/\/cleitonpinheiro.com.br\/site\/wp-content\/uploads\/2022\/08\/Logo-pequena-2.png","contentUrl":"https:\/\/cleitonpinheiro.com.br\/site\/wp-content\/uploads\/2022\/08\/Logo-pequena-2.png","width":500,"height":500,"caption":"CPNOT\u00cdCIAS"},"image":{"@id":"https:\/\/cleitonpinheiro.com.br\/site\/#\/schema\/logo\/image\/"},"sameAs":["https:\/\/www.facebook.com\/portalcpnoticias\/"]},{"@type":"Person","@id":"https:\/\/cleitonpinheiro.com.br\/site\/#\/schema\/person\/8f04544e0bc40a1b68775b08360f87db","name":"Reda\u00e7\u00e3o CP","image":{"@type":"ImageObject","inLanguage":"pt-BR","@id":"https:\/\/cleitonpinheiro.com.br\/site\/#\/schema\/person\/image\/","url":"https:\/\/secure.gravatar.com\/avatar\/0bcf19cb29fdc8fc588c490c7ae1b3e174dac268586a63fbe1d1893a0f9020cd?s=96&r=g","contentUrl":"https:\/\/secure.gravatar.com\/avatar\/0bcf19cb29fdc8fc588c490c7ae1b3e174dac268586a63fbe1d1893a0f9020cd?s=96&r=g","caption":"Reda\u00e7\u00e3o CP"},"url":"https:\/\/cleitonpinheiro.com.br\/site\/author\/redacao\/"}]}},"views":165,"_links":{"self":[{"href":"https:\/\/cleitonpinheiro.com.br\/site\/wp-json\/wp\/v2\/posts\/82757","targetHints":{"allow":["GET"]}}],"collection":[{"href":"https:\/\/cleitonpinheiro.com.br\/site\/wp-json\/wp\/v2\/posts"}],"about":[{"href":"https:\/\/cleitonpinheiro.com.br\/site\/wp-json\/wp\/v2\/types\/post"}],"author":[{"embeddable":true,"href":"https:\/\/cleitonpinheiro.com.br\/site\/wp-json\/wp\/v2\/users\/13"}],"replies":[{"embeddable":true,"href":"https:\/\/cleitonpinheiro.com.br\/site\/wp-json\/wp\/v2\/comments?post=82757"}],"version-history":[{"count":1,"href":"https:\/\/cleitonpinheiro.com.br\/site\/wp-json\/wp\/v2\/posts\/82757\/revisions"}],"predecessor-version":[{"id":82759,"href":"https:\/\/cleitonpinheiro.com.br\/site\/wp-json\/wp\/v2\/posts\/82757\/revisions\/82759"}],"wp:attachment":[{"href":"https:\/\/cleitonpinheiro.com.br\/site\/wp-json\/wp\/v2\/media?parent=82757"}],"wp:term":[{"taxonomy":"category","embeddable":true,"href":"https:\/\/cleitonpinheiro.com.br\/site\/wp-json\/wp\/v2\/categories?post=82757"},{"taxonomy":"post_tag","embeddable":true,"href":"https:\/\/cleitonpinheiro.com.br\/site\/wp-json\/wp\/v2\/tags?post=82757"}],"curies":[{"name":"wp","href":"https:\/\/api.w.org\/{rel}","templated":true}]}}