{"id":82760,"date":"2024-11-13T15:29:10","date_gmt":"2024-11-13T18:29:10","guid":{"rendered":"https:\/\/cleitonpinheiro.com.br\/site\/?p=82760"},"modified":"2024-11-13T15:29:14","modified_gmt":"2024-11-13T18:29:14","slug":"concurso-da-guarda-municipal-de-porto-nacional-tem-inscricoes-prorrogadas-ate-20-de-dezembro","status":"publish","type":"post","link":"https:\/\/cleitonpinheiro.com.br\/site\/concurso-da-guarda-municipal-de-porto-nacional-tem-inscricoes-prorrogadas-ate-20-de-dezembro\/","title":{"rendered":"Concurso da Guarda Municipal de Porto Nacional tem inscri\u00e7\u00f5es prorrogadas at\u00e9 20 de dezembro"},"content":{"rendered":"\n<figure class=\"wp-block-gallery has-nested-images columns-default is-cropped wp-block-gallery-1 is-layout-flex wp-block-gallery-is-layout-flex\">\n<figure class=\"wp-block-image size-large\"><img decoding=\"async\" data-id=\"82761\" src=\"https:\/\/cleitonpinheiro.com.br\/site\/wp-content\/uploads\/2024\/11\/22.png\" alt=\"\" class=\"wp-image-82761\"\/><figcaption class=\"wp-element-caption\">Foto: \u00a0Anne karianny moreira\/Secom Porto Nacional\u00a0<\/figcaption><\/figure>\n<\/figure>\n\n\n\n<p>Foto: Anne karianny moreira\/Secom Porto Nacional&nbsp;<\/p>\n\n\n\n<p>O concurso da Guarda Municipal de Porto Nacional teve suas inscri\u00e7\u00f5es prorrogadas at\u00e9 o dia 20 de dezembro de 2024. O processo seletivo oferece 29 vagas imediatas e 20 para cadastro reserva, com sal\u00e1rio inicial de R$ 2.200, que pode alcan\u00e7ar at\u00e9 R$ 6 mil com benef\u00edcios como adicional de periculosidade e noturno, vale-alimenta\u00e7\u00e3o e horas extras.<\/p>\n\n\n\n<p>A prova te\u00f3rico-objetiva foi reagendada para o dia 12 de janeiro de 2025. As inscri\u00e7\u00f5es devem ser realizadas exclusivamente online, pelo site da Fundatec. O concurso ser\u00e1 composto de seis etapas: prova te\u00f3rico-objetiva, teste de aptid\u00e3o f\u00edsica (TAF), avalia\u00e7\u00e3o psicol\u00f3gica, exame m\u00e9dico, investiga\u00e7\u00e3o social e curso de forma\u00e7\u00e3o.<\/p>\n\n\n\n<p>&#8220;Nossa gest\u00e3o valoriza a seguran\u00e7a p\u00fablica e acredita que um efetivo bem capacitado \u00e9 essencial para o desenvolvimento de uma cidade mais segura e acolhedora para todos. Com a oferta de vagas e os benef\u00edcios proporcionados, buscamos atrair candidatos dedicados e comprometidos com a prote\u00e7\u00e3o de nossa comunidade. Convido a todos os interessados a aproveitarem essa oportunidade e participarem deste processo seletivo, que \u00e9 mais um passo para construirmos juntos um futuro melhor para a nossa cidade\u201d, pontuou o prefeito de Porto Nacional, Ronivon Maciel.<\/p>\n\n\n\n<p>Para acessar o edital e realizar a inscri\u00e7\u00e3o, consulte o site da Fundatec:\u00a0<a href=\"https:\/\/www.fundatec.org.br\/portal\/concursos\/index_concursos.php?concurso=928\" target=\"_blank\" rel=\"noreferrer noopener\">https:\/\/www.fundatec.org.br\/portal\/concursos\/index_concursos.php?concurso=928<\/a><\/p>\n\n\n\n<p><\/p>\n\n\n\n<p>Texto: Anne karianny Moreira\/Secretaria Municipal de Comunica\u00e7\u00e3o\u00a0<\/p>\n","protected":false},"excerpt":{"rendered":"<p>Foto: Anne karianny moreira\/Secom Porto Nacional&nbsp; O concurso da Guarda Municipal de Porto Nacional teve suas inscri\u00e7\u00f5es prorrogadas at\u00e9 o dia 20 de dezembro de 2024. O processo seletivo oferece 29 vagas imediatas e 20 para cadastro reserva, com sal\u00e1rio inicial de R$ 2.200, que pode alcan\u00e7ar at\u00e9 R$ 6 mil com benef\u00edcios como adicional [&hellip;]<\/p>\n","protected":false},"author":13,"featured_media":0,"comment_status":"open","ping_status":"open","sticky":false,"template":"","format":"standard","meta":{"_acf_changed":false,"footnotes":""},"categories":[22,898],"tags":[],"class_list":["post-82760","post","type-post","status-publish","format-standard","hentry","category-cidades","category-manchete-segundaria"],"acf":[],"yoast_head":"<!-- This site is optimized with the Yoast SEO plugin v24.4 - https:\/\/yoast.com\/wordpress\/plugins\/seo\/ -->\n<title>Concurso da Guarda Municipal de Porto Nacional tem inscri\u00e7\u00f5es prorrogadas at\u00e9 20 de dezembro - PORTAL DE NOT\u00cdCIAS CLEITON PINHEIRO<\/title>\n<meta name=\"robots\" content=\"index, follow, max-snippet:-1, max-image-preview:large, max-video-preview:-1\" \/>\n<link rel=\"canonical\" href=\"https:\/\/cleitonpinheiro.com.br\/site\/concurso-da-guarda-municipal-de-porto-nacional-tem-inscricoes-prorrogadas-ate-20-de-dezembro\/\" \/>\n<meta property=\"og:locale\" content=\"pt_BR\" \/>\n<meta property=\"og:type\" content=\"article\" \/>\n<meta property=\"og:title\" content=\"Concurso da Guarda Municipal de Porto Nacional tem inscri\u00e7\u00f5es prorrogadas at\u00e9 20 de dezembro - PORTAL DE NOT\u00cdCIAS CLEITON PINHEIRO\" \/>\n<meta property=\"og:description\" content=\"Foto: Anne karianny moreira\/Secom Porto Nacional&nbsp; O concurso da Guarda Municipal de Porto Nacional teve suas inscri\u00e7\u00f5es prorrogadas at\u00e9 o dia 20 de dezembro de 2024. O processo seletivo oferece 29 vagas imediatas e 20 para cadastro reserva, com sal\u00e1rio inicial de R$ 2.200, que pode alcan\u00e7ar at\u00e9 R$ 6 mil com benef\u00edcios como adicional [&hellip;]\" \/>\n<meta property=\"og:url\" content=\"https:\/\/cleitonpinheiro.com.br\/site\/concurso-da-guarda-municipal-de-porto-nacional-tem-inscricoes-prorrogadas-ate-20-de-dezembro\/\" \/>\n<meta property=\"og:site_name\" content=\"PORTAL DE NOT\u00cdCIAS CLEITON PINHEIRO\" \/>\n<meta property=\"article:publisher\" content=\"https:\/\/www.facebook.com\/portalcpnoticias\/\" \/>\n<meta property=\"article:published_time\" content=\"2024-11-13T18:29:10+00:00\" \/>\n<meta property=\"article:modified_time\" content=\"2024-11-13T18:29:14+00:00\" \/>\n<meta property=\"og:image\" content=\"https:\/\/cleitonpinheiro.com.br\/site\/wp-content\/uploads\/2024\/11\/22.png\" \/>\n\t<meta property=\"og:image:width\" content=\"300\" \/>\n\t<meta property=\"og:image:height\" content=\"199\" \/>\n\t<meta property=\"og:image:type\" content=\"image\/png\" \/>\n<meta name=\"author\" content=\"Reda\u00e7\u00e3o CP\" \/>\n<meta name=\"twitter:card\" content=\"summary_large_image\" \/>\n<meta name=\"twitter:label1\" content=\"Escrito por\" \/>\n\t<meta name=\"twitter:data1\" content=\"Reda\u00e7\u00e3o CP\" \/>\n\t<meta name=\"twitter:label2\" content=\"Est. tempo de leitura\" \/>\n\t<meta name=\"twitter:data2\" content=\"2 minutos\" \/>\n<script type=\"application\/ld+json\" class=\"yoast-schema-graph\">{\"@context\":\"https:\/\/schema.org\",\"@graph\":[{\"@type\":\"Article\",\"@id\":\"https:\/\/cleitonpinheiro.com.br\/site\/concurso-da-guarda-municipal-de-porto-nacional-tem-inscricoes-prorrogadas-ate-20-de-dezembro\/#article\",\"isPartOf\":{\"@id\":\"https:\/\/cleitonpinheiro.com.br\/site\/concurso-da-guarda-municipal-de-porto-nacional-tem-inscricoes-prorrogadas-ate-20-de-dezembro\/\"},\"author\":{\"name\":\"Reda\u00e7\u00e3o CP\",\"@id\":\"https:\/\/cleitonpinheiro.com.br\/site\/#\/schema\/person\/8f04544e0bc40a1b68775b08360f87db\"},\"headline\":\"Concurso da Guarda Municipal de Porto Nacional tem inscri\u00e7\u00f5es prorrogadas at\u00e9 20 de dezembro\",\"datePublished\":\"2024-11-13T18:29:10+00:00\",\"dateModified\":\"2024-11-13T18:29:14+00:00\",\"mainEntityOfPage\":{\"@id\":\"https:\/\/cleitonpinheiro.com.br\/site\/concurso-da-guarda-municipal-de-porto-nacional-tem-inscricoes-prorrogadas-ate-20-de-dezembro\/\"},\"wordCount\":263,\"commentCount\":0,\"publisher\":{\"@id\":\"https:\/\/cleitonpinheiro.com.br\/site\/#organization\"},\"image\":{\"@id\":\"https:\/\/cleitonpinheiro.com.br\/site\/concurso-da-guarda-municipal-de-porto-nacional-tem-inscricoes-prorrogadas-ate-20-de-dezembro\/#primaryimage\"},\"thumbnailUrl\":\"https:\/\/cleitonpinheiro.com.br\/site\/wp-content\/uploads\/2024\/11\/22.png\",\"articleSection\":[\"CIDADES\",\"MANCHETE SEGUND\u00c1RIA\"],\"inLanguage\":\"pt-BR\",\"potentialAction\":[{\"@type\":\"CommentAction\",\"name\":\"Comment\",\"target\":[\"https:\/\/cleitonpinheiro.com.br\/site\/concurso-da-guarda-municipal-de-porto-nacional-tem-inscricoes-prorrogadas-ate-20-de-dezembro\/#respond\"]}]},{\"@type\":\"WebPage\",\"@id\":\"https:\/\/cleitonpinheiro.com.br\/site\/concurso-da-guarda-municipal-de-porto-nacional-tem-inscricoes-prorrogadas-ate-20-de-dezembro\/\",\"url\":\"https:\/\/cleitonpinheiro.com.br\/site\/concurso-da-guarda-municipal-de-porto-nacional-tem-inscricoes-prorrogadas-ate-20-de-dezembro\/\",\"name\":\"Concurso da Guarda Municipal de Porto Nacional tem inscri\u00e7\u00f5es prorrogadas at\u00e9 20 de dezembro - PORTAL DE NOT\u00cdCIAS CLEITON PINHEIRO\",\"isPartOf\":{\"@id\":\"https:\/\/cleitonpinheiro.com.br\/site\/#website\"},\"primaryImageOfPage\":{\"@id\":\"https:\/\/cleitonpinheiro.com.br\/site\/concurso-da-guarda-municipal-de-porto-nacional-tem-inscricoes-prorrogadas-ate-20-de-dezembro\/#primaryimage\"},\"image\":{\"@id\":\"https:\/\/cleitonpinheiro.com.br\/site\/concurso-da-guarda-municipal-de-porto-nacional-tem-inscricoes-prorrogadas-ate-20-de-dezembro\/#primaryimage\"},\"thumbnailUrl\":\"https:\/\/cleitonpinheiro.com.br\/site\/wp-content\/uploads\/2024\/11\/22.png\",\"datePublished\":\"2024-11-13T18:29:10+00:00\",\"dateModified\":\"2024-11-13T18:29:14+00:00\",\"breadcrumb\":{\"@id\":\"https:\/\/cleitonpinheiro.com.br\/site\/concurso-da-guarda-municipal-de-porto-nacional-tem-inscricoes-prorrogadas-ate-20-de-dezembro\/#breadcrumb\"},\"inLanguage\":\"pt-BR\",\"potentialAction\":[{\"@type\":\"ReadAction\",\"target\":[\"https:\/\/cleitonpinheiro.com.br\/site\/concurso-da-guarda-municipal-de-porto-nacional-tem-inscricoes-prorrogadas-ate-20-de-dezembro\/\"]}]},{\"@type\":\"ImageObject\",\"inLanguage\":\"pt-BR\",\"@id\":\"https:\/\/cleitonpinheiro.com.br\/site\/concurso-da-guarda-municipal-de-porto-nacional-tem-inscricoes-prorrogadas-ate-20-de-dezembro\/#primaryimage\",\"url\":\"\",\"contentUrl\":\"\"},{\"@type\":\"BreadcrumbList\",\"@id\":\"https:\/\/cleitonpinheiro.com.br\/site\/concurso-da-guarda-municipal-de-porto-nacional-tem-inscricoes-prorrogadas-ate-20-de-dezembro\/#breadcrumb\",\"itemListElement\":[{\"@type\":\"ListItem\",\"position\":1,\"name\":\"In\u00edcio\",\"item\":\"https:\/\/cleitonpinheiro.com.br\/site\/\"},{\"@type\":\"ListItem\",\"position\":2,\"name\":\"Concurso da Guarda Municipal de Porto Nacional tem inscri\u00e7\u00f5es prorrogadas at\u00e9 20 de dezembro\"}]},{\"@type\":\"WebSite\",\"@id\":\"https:\/\/cleitonpinheiro.com.br\/site\/#website\",\"url\":\"https:\/\/cleitonpinheiro.com.br\/site\/\",\"name\":\"PORTAL DE NOT\u00cdCIAS CLEITON PINHEIRO\",\"description\":\"FALANDO A VERDADE\",\"publisher\":{\"@id\":\"https:\/\/cleitonpinheiro.com.br\/site\/#organization\"},\"potentialAction\":[{\"@type\":\"SearchAction\",\"target\":{\"@type\":\"EntryPoint\",\"urlTemplate\":\"https:\/\/cleitonpinheiro.com.br\/site\/?s={search_term_string}\"},\"query-input\":{\"@type\":\"PropertyValueSpecification\",\"valueRequired\":true,\"valueName\":\"search_term_string\"}}],\"inLanguage\":\"pt-BR\"},{\"@type\":\"Organization\",\"@id\":\"https:\/\/cleitonpinheiro.com.br\/site\/#organization\",\"name\":\"CPNOT\u00cdCIAS\",\"url\":\"https:\/\/cleitonpinheiro.com.br\/site\/\",\"logo\":{\"@type\":\"ImageObject\",\"inLanguage\":\"pt-BR\",\"@id\":\"https:\/\/cleitonpinheiro.com.br\/site\/#\/schema\/logo\/image\/\",\"url\":\"https:\/\/cleitonpinheiro.com.br\/site\/wp-content\/uploads\/2022\/08\/Logo-pequena-2.png\",\"contentUrl\":\"https:\/\/cleitonpinheiro.com.br\/site\/wp-content\/uploads\/2022\/08\/Logo-pequena-2.png\",\"width\":500,\"height\":500,\"caption\":\"CPNOT\u00cdCIAS\"},\"image\":{\"@id\":\"https:\/\/cleitonpinheiro.com.br\/site\/#\/schema\/logo\/image\/\"},\"sameAs\":[\"https:\/\/www.facebook.com\/portalcpnoticias\/\"]},{\"@type\":\"Person\",\"@id\":\"https:\/\/cleitonpinheiro.com.br\/site\/#\/schema\/person\/8f04544e0bc40a1b68775b08360f87db\",\"name\":\"Reda\u00e7\u00e3o CP\",\"image\":{\"@type\":\"ImageObject\",\"inLanguage\":\"pt-BR\",\"@id\":\"https:\/\/cleitonpinheiro.com.br\/site\/#\/schema\/person\/image\/\",\"url\":\"https:\/\/secure.gravatar.com\/avatar\/0bcf19cb29fdc8fc588c490c7ae1b3e174dac268586a63fbe1d1893a0f9020cd?s=96&r=g\",\"contentUrl\":\"https:\/\/secure.gravatar.com\/avatar\/0bcf19cb29fdc8fc588c490c7ae1b3e174dac268586a63fbe1d1893a0f9020cd?s=96&r=g\",\"caption\":\"Reda\u00e7\u00e3o CP\"},\"url\":\"https:\/\/cleitonpinheiro.com.br\/site\/author\/redacao\/\"}]}<\/script>\n<!-- \/ Yoast SEO plugin. -->","yoast_head_json":{"title":"Concurso da Guarda Municipal de Porto Nacional tem inscri\u00e7\u00f5es prorrogadas at\u00e9 20 de dezembro - PORTAL DE NOT\u00cdCIAS CLEITON PINHEIRO","robots":{"index":"index","follow":"follow","max-snippet":"max-snippet:-1","max-image-preview":"max-image-preview:large","max-video-preview":"max-video-preview:-1"},"canonical":"https:\/\/cleitonpinheiro.com.br\/site\/concurso-da-guarda-municipal-de-porto-nacional-tem-inscricoes-prorrogadas-ate-20-de-dezembro\/","og_locale":"pt_BR","og_type":"article","og_title":"Concurso da Guarda Municipal de Porto Nacional tem inscri\u00e7\u00f5es prorrogadas at\u00e9 20 de dezembro - PORTAL DE NOT\u00cdCIAS CLEITON PINHEIRO","og_description":"Foto: Anne karianny moreira\/Secom Porto Nacional&nbsp; O concurso da Guarda Municipal de Porto Nacional teve suas inscri\u00e7\u00f5es prorrogadas at\u00e9 o dia 20 de dezembro de 2024. O processo seletivo oferece 29 vagas imediatas e 20 para cadastro reserva, com sal\u00e1rio inicial de R$ 2.200, que pode alcan\u00e7ar at\u00e9 R$ 6 mil com benef\u00edcios como adicional [&hellip;]","og_url":"https:\/\/cleitonpinheiro.com.br\/site\/concurso-da-guarda-municipal-de-porto-nacional-tem-inscricoes-prorrogadas-ate-20-de-dezembro\/","og_site_name":"PORTAL DE NOT\u00cdCIAS CLEITON PINHEIRO","article_publisher":"https:\/\/www.facebook.com\/portalcpnoticias\/","article_published_time":"2024-11-13T18:29:10+00:00","article_modified_time":"2024-11-13T18:29:14+00:00","og_image":[{"width":300,"height":199,"url":"https:\/\/cleitonpinheiro.com.br\/site\/wp-content\/uploads\/2024\/11\/22.png","type":"image\/png"}],"author":"Reda\u00e7\u00e3o CP","twitter_card":"summary_large_image","twitter_misc":{"Escrito por":"Reda\u00e7\u00e3o CP","Est. tempo de leitura":"2 minutos"},"schema":{"@context":"https:\/\/schema.org","@graph":[{"@type":"Article","@id":"https:\/\/cleitonpinheiro.com.br\/site\/concurso-da-guarda-municipal-de-porto-nacional-tem-inscricoes-prorrogadas-ate-20-de-dezembro\/#article","isPartOf":{"@id":"https:\/\/cleitonpinheiro.com.br\/site\/concurso-da-guarda-municipal-de-porto-nacional-tem-inscricoes-prorrogadas-ate-20-de-dezembro\/"},"author":{"name":"Reda\u00e7\u00e3o CP","@id":"https:\/\/cleitonpinheiro.com.br\/site\/#\/schema\/person\/8f04544e0bc40a1b68775b08360f87db"},"headline":"Concurso da Guarda Municipal de Porto Nacional tem inscri\u00e7\u00f5es prorrogadas at\u00e9 20 de dezembro","datePublished":"2024-11-13T18:29:10+00:00","dateModified":"2024-11-13T18:29:14+00:00","mainEntityOfPage":{"@id":"https:\/\/cleitonpinheiro.com.br\/site\/concurso-da-guarda-municipal-de-porto-nacional-tem-inscricoes-prorrogadas-ate-20-de-dezembro\/"},"wordCount":263,"commentCount":0,"publisher":{"@id":"https:\/\/cleitonpinheiro.com.br\/site\/#organization"},"image":{"@id":"https:\/\/cleitonpinheiro.com.br\/site\/concurso-da-guarda-municipal-de-porto-nacional-tem-inscricoes-prorrogadas-ate-20-de-dezembro\/#primaryimage"},"thumbnailUrl":"https:\/\/cleitonpinheiro.com.br\/site\/wp-content\/uploads\/2024\/11\/22.png","articleSection":["CIDADES","MANCHETE SEGUND\u00c1RIA"],"inLanguage":"pt-BR","potentialAction":[{"@type":"CommentAction","name":"Comment","target":["https:\/\/cleitonpinheiro.com.br\/site\/concurso-da-guarda-municipal-de-porto-nacional-tem-inscricoes-prorrogadas-ate-20-de-dezembro\/#respond"]}]},{"@type":"WebPage","@id":"https:\/\/cleitonpinheiro.com.br\/site\/concurso-da-guarda-municipal-de-porto-nacional-tem-inscricoes-prorrogadas-ate-20-de-dezembro\/","url":"https:\/\/cleitonpinheiro.com.br\/site\/concurso-da-guarda-municipal-de-porto-nacional-tem-inscricoes-prorrogadas-ate-20-de-dezembro\/","name":"Concurso da Guarda Municipal de Porto Nacional tem inscri\u00e7\u00f5es prorrogadas at\u00e9 20 de dezembro - PORTAL DE NOT\u00cdCIAS CLEITON PINHEIRO","isPartOf":{"@id":"https:\/\/cleitonpinheiro.com.br\/site\/#website"},"primaryImageOfPage":{"@id":"https:\/\/cleitonpinheiro.com.br\/site\/concurso-da-guarda-municipal-de-porto-nacional-tem-inscricoes-prorrogadas-ate-20-de-dezembro\/#primaryimage"},"image":{"@id":"https:\/\/cleitonpinheiro.com.br\/site\/concurso-da-guarda-municipal-de-porto-nacional-tem-inscricoes-prorrogadas-ate-20-de-dezembro\/#primaryimage"},"thumbnailUrl":"https:\/\/cleitonpinheiro.com.br\/site\/wp-content\/uploads\/2024\/11\/22.png","datePublished":"2024-11-13T18:29:10+00:00","dateModified":"2024-11-13T18:29:14+00:00","breadcrumb":{"@id":"https:\/\/cleitonpinheiro.com.br\/site\/concurso-da-guarda-municipal-de-porto-nacional-tem-inscricoes-prorrogadas-ate-20-de-dezembro\/#breadcrumb"},"inLanguage":"pt-BR","potentialAction":[{"@type":"ReadAction","target":["https:\/\/cleitonpinheiro.com.br\/site\/concurso-da-guarda-municipal-de-porto-nacional-tem-inscricoes-prorrogadas-ate-20-de-dezembro\/"]}]},{"@type":"ImageObject","inLanguage":"pt-BR","@id":"https:\/\/cleitonpinheiro.com.br\/site\/concurso-da-guarda-municipal-de-porto-nacional-tem-inscricoes-prorrogadas-ate-20-de-dezembro\/#primaryimage","url":"","contentUrl":""},{"@type":"BreadcrumbList","@id":"https:\/\/cleitonpinheiro.com.br\/site\/concurso-da-guarda-municipal-de-porto-nacional-tem-inscricoes-prorrogadas-ate-20-de-dezembro\/#breadcrumb","itemListElement":[{"@type":"ListItem","position":1,"name":"In\u00edcio","item":"https:\/\/cleitonpinheiro.com.br\/site\/"},{"@type":"ListItem","position":2,"name":"Concurso da Guarda Municipal de Porto Nacional tem inscri\u00e7\u00f5es prorrogadas at\u00e9 20 de dezembro"}]},{"@type":"WebSite","@id":"https:\/\/cleitonpinheiro.com.br\/site\/#website","url":"https:\/\/cleitonpinheiro.com.br\/site\/","name":"PORTAL DE NOT\u00cdCIAS CLEITON PINHEIRO","description":"FALANDO A VERDADE","publisher":{"@id":"https:\/\/cleitonpinheiro.com.br\/site\/#organization"},"potentialAction":[{"@type":"SearchAction","target":{"@type":"EntryPoint","urlTemplate":"https:\/\/cleitonpinheiro.com.br\/site\/?s={search_term_string}"},"query-input":{"@type":"PropertyValueSpecification","valueRequired":true,"valueName":"search_term_string"}}],"inLanguage":"pt-BR"},{"@type":"Organization","@id":"https:\/\/cleitonpinheiro.com.br\/site\/#organization","name":"CPNOT\u00cdCIAS","url":"https:\/\/cleitonpinheiro.com.br\/site\/","logo":{"@type":"ImageObject","inLanguage":"pt-BR","@id":"https:\/\/cleitonpinheiro.com.br\/site\/#\/schema\/logo\/image\/","url":"https:\/\/cleitonpinheiro.com.br\/site\/wp-content\/uploads\/2022\/08\/Logo-pequena-2.png","contentUrl":"https:\/\/cleitonpinheiro.com.br\/site\/wp-content\/uploads\/2022\/08\/Logo-pequena-2.png","width":500,"height":500,"caption":"CPNOT\u00cdCIAS"},"image":{"@id":"https:\/\/cleitonpinheiro.com.br\/site\/#\/schema\/logo\/image\/"},"sameAs":["https:\/\/www.facebook.com\/portalcpnoticias\/"]},{"@type":"Person","@id":"https:\/\/cleitonpinheiro.com.br\/site\/#\/schema\/person\/8f04544e0bc40a1b68775b08360f87db","name":"Reda\u00e7\u00e3o CP","image":{"@type":"ImageObject","inLanguage":"pt-BR","@id":"https:\/\/cleitonpinheiro.com.br\/site\/#\/schema\/person\/image\/","url":"https:\/\/secure.gravatar.com\/avatar\/0bcf19cb29fdc8fc588c490c7ae1b3e174dac268586a63fbe1d1893a0f9020cd?s=96&r=g","contentUrl":"https:\/\/secure.gravatar.com\/avatar\/0bcf19cb29fdc8fc588c490c7ae1b3e174dac268586a63fbe1d1893a0f9020cd?s=96&r=g","caption":"Reda\u00e7\u00e3o CP"},"url":"https:\/\/cleitonpinheiro.com.br\/site\/author\/redacao\/"}]}},"views":166,"_links":{"self":[{"href":"https:\/\/cleitonpinheiro.com.br\/site\/wp-json\/wp\/v2\/posts\/82760","targetHints":{"allow":["GET"]}}],"collection":[{"href":"https:\/\/cleitonpinheiro.com.br\/site\/wp-json\/wp\/v2\/posts"}],"about":[{"href":"https:\/\/cleitonpinheiro.com.br\/site\/wp-json\/wp\/v2\/types\/post"}],"author":[{"embeddable":true,"href":"https:\/\/cleitonpinheiro.com.br\/site\/wp-json\/wp\/v2\/users\/13"}],"replies":[{"embeddable":true,"href":"https:\/\/cleitonpinheiro.com.br\/site\/wp-json\/wp\/v2\/comments?post=82760"}],"version-history":[{"count":1,"href":"https:\/\/cleitonpinheiro.com.br\/site\/wp-json\/wp\/v2\/posts\/82760\/revisions"}],"predecessor-version":[{"id":82762,"href":"https:\/\/cleitonpinheiro.com.br\/site\/wp-json\/wp\/v2\/posts\/82760\/revisions\/82762"}],"wp:attachment":[{"href":"https:\/\/cleitonpinheiro.com.br\/site\/wp-json\/wp\/v2\/media?parent=82760"}],"wp:term":[{"taxonomy":"category","embeddable":true,"href":"https:\/\/cleitonpinheiro.com.br\/site\/wp-json\/wp\/v2\/categories?post=82760"},{"taxonomy":"post_tag","embeddable":true,"href":"https:\/\/cleitonpinheiro.com.br\/site\/wp-json\/wp\/v2\/tags?post=82760"}],"curies":[{"name":"wp","href":"https:\/\/api.w.org\/{rel}","templated":true}]}}