{"id":83407,"date":"2024-12-09T12:40:12","date_gmt":"2024-12-09T15:40:12","guid":{"rendered":"https:\/\/cleitonpinheiro.com.br\/site\/?p=83407"},"modified":"2024-12-09T12:40:16","modified_gmt":"2024-12-09T15:40:16","slug":"cnu-divulgadas-notas-preliminares-de-provas-discursivas-e-redacoes","status":"publish","type":"post","link":"https:\/\/cleitonpinheiro.com.br\/site\/cnu-divulgadas-notas-preliminares-de-provas-discursivas-e-redacoes\/","title":{"rendered":"CNU: divulgadas notas preliminares de provas discursivas e reda\u00e7\u00f5es"},"content":{"rendered":"\n<figure class=\"wp-block-image size-large\"><img decoding=\"async\" src=\"https:\/\/cleitonpinheiro.com.br\/site\/wp-content\/uploads\/2024\/12\/mgiconcurso-1024x613.webp\" alt=\"\" class=\"wp-image-83408\"\/><\/figure>\n\n\n\n<p>Os candidatos reintegrados ao\u00a0<a href=\"https:\/\/agenciabrasil.ebc.com.br\/geral\/noticia\/2024-11\/resultado-final-do-cnu-sera-divulgado-em-11-de-fevereiro\" target=\"_blank\" rel=\"noreferrer noopener\">Concurso P\u00fablico Nacional Unificado<\/a>\u00a0(CPNU) e habilitados \u00e0 corre\u00e7\u00e3o da prova discursiva, ap\u00f3s acordo judicial firmado entre o Minist\u00e9rio da Gest\u00e3o e da Inova\u00e7\u00e3o em Servi\u00e7os P\u00fablicos e o Minist\u00e9rio P\u00fablico Federal (MGI), j\u00e1 podem consultar as notas preliminares das provas discursivas e reda\u00e7\u00f5es. A\u00a0<a href=\"https:\/\/cpnu.cesgranrio.org.br\/login\" target=\"_blank\" rel=\"noreferrer noopener\">consulta<\/a>\u00a0pode ser feita na p\u00e1gina oficial do concurso.<img decoding=\"async\" src=\"https:\/\/agenciabrasil.ebc.com.br\/ebc.png?id=1622904&amp;o=node\"><img decoding=\"async\" src=\"https:\/\/agenciabrasil.ebc.com.br\/ebc.gif?id=1622904&amp;o=node\"><\/p>\n\n\n\n<p>Para acessar, os 32.260 candidatos que avan\u00e7aram nessa nova etapa podem realizar o&nbsp;<em>login<\/em>&nbsp;usando o Cadastro de Pessoa F\u00edsica (CPF) e senha cadastrados no portal do governo federal, o Gov.br. No sistema, o candidato deve selecionar \u201cResultados e convoca\u00e7\u00f5es\u201d e depois \u201cConsultar Situa\u00e7\u00e3o\u201d.<\/p>\n\n\n\n<p>Junto com a divulga\u00e7\u00e3o das notas, inicia hoje o prazo para interposi\u00e7\u00e3o de eventuais pedidos de revis\u00e3o das notas, prazo que encerra amanh\u00e3 (10) e que ter\u00e1 a divulga\u00e7\u00e3o do resultado do pedido no dia 20 de dezembro.<\/p>\n\n\n\n<p>A pr\u00f3xima etapa, conforme o novo cronograma divulgado pelo MGI, ser\u00e1 a convoca\u00e7\u00e3o para verificar as condi\u00e7\u00f5es declaradas para concorrer \u00e0s vagas reservadas aos candidatos negros e ind\u00edgenas, prevista para o dia 23 de dezembro. O procedimento est\u00e1 previsto para ocorrer entre os dias 11 e 12 de janeiro de 2025. Entre 6 e 10 de janeiro de 2025 ser\u00e1 realizada a per\u00edcia m\u00e9dica dos candidatos que declararam com defici\u00eancia.<\/p>\n\n\n\n<p>A previs\u00e3o \u00e9 que os resultados finais sejam divulgados no dia 11 de fevereiro de 2025. De acordo com o MGI, os candidatos aprovados para o n\u00famero de vagas dispon\u00edveis ser\u00e3o convocados para posse e posterior realiza\u00e7\u00e3o de curso de forma\u00e7\u00e3o.<\/p>\n\n\n\n<p>Os candidatos que j\u00e1 haviam sido habilitados anteriormente continuam no processo seletivo, sem altera\u00e7\u00e3o nas etapas cumpridas do cronograma. Eles dever\u00e3o apenas aguardar o resultado final do certame.<\/p>\n","protected":false},"excerpt":{"rendered":"<p>Os candidatos reintegrados ao\u00a0Concurso P\u00fablico Nacional Unificado\u00a0(CPNU) e habilitados \u00e0 corre\u00e7\u00e3o da prova discursiva, ap\u00f3s acordo judicial firmado entre o Minist\u00e9rio da Gest\u00e3o e da Inova\u00e7\u00e3o em Servi\u00e7os P\u00fablicos e o Minist\u00e9rio P\u00fablico Federal (MGI), j\u00e1 podem consultar as notas preliminares das provas discursivas e reda\u00e7\u00f5es. A\u00a0consulta\u00a0pode ser feita na p\u00e1gina oficial do concurso. Para [&hellip;]<\/p>\n","protected":false},"author":10,"featured_media":0,"comment_status":"open","ping_status":"open","sticky":false,"template":"","format":"standard","meta":{"_acf_changed":false,"footnotes":""},"categories":[25,898,21],"tags":[],"class_list":["post-83407","post","type-post","status-publish","format-standard","hentry","category-funcionalismo","category-manchete-segundaria","category-todas-noticias"],"acf":[],"yoast_head":"<!-- This site is optimized with the Yoast SEO plugin v24.4 - https:\/\/yoast.com\/wordpress\/plugins\/seo\/ -->\n<title>CNU: divulgadas notas preliminares de provas discursivas e reda\u00e7\u00f5es - PORTAL DE NOT\u00cdCIAS CLEITON PINHEIRO<\/title>\n<meta name=\"robots\" content=\"index, follow, max-snippet:-1, max-image-preview:large, max-video-preview:-1\" \/>\n<link rel=\"canonical\" href=\"https:\/\/cleitonpinheiro.com.br\/site\/cnu-divulgadas-notas-preliminares-de-provas-discursivas-e-redacoes\/\" \/>\n<meta property=\"og:locale\" content=\"pt_BR\" \/>\n<meta property=\"og:type\" content=\"article\" \/>\n<meta property=\"og:title\" content=\"CNU: divulgadas notas preliminares de provas discursivas e reda\u00e7\u00f5es - PORTAL DE NOT\u00cdCIAS CLEITON PINHEIRO\" \/>\n<meta property=\"og:description\" content=\"Os candidatos reintegrados ao\u00a0Concurso P\u00fablico Nacional Unificado\u00a0(CPNU) e habilitados \u00e0 corre\u00e7\u00e3o da prova discursiva, ap\u00f3s acordo judicial firmado entre o Minist\u00e9rio da Gest\u00e3o e da Inova\u00e7\u00e3o em Servi\u00e7os P\u00fablicos e o Minist\u00e9rio P\u00fablico Federal (MGI), j\u00e1 podem consultar as notas preliminares das provas discursivas e reda\u00e7\u00f5es. A\u00a0consulta\u00a0pode ser feita na p\u00e1gina oficial do concurso. Para [&hellip;]\" \/>\n<meta property=\"og:url\" content=\"https:\/\/cleitonpinheiro.com.br\/site\/cnu-divulgadas-notas-preliminares-de-provas-discursivas-e-redacoes\/\" \/>\n<meta property=\"og:site_name\" content=\"PORTAL DE NOT\u00cdCIAS CLEITON PINHEIRO\" \/>\n<meta property=\"article:publisher\" content=\"https:\/\/www.facebook.com\/portalcpnoticias\/\" \/>\n<meta property=\"article:published_time\" content=\"2024-12-09T15:40:12+00:00\" \/>\n<meta property=\"article:modified_time\" content=\"2024-12-09T15:40:16+00:00\" \/>\n<meta property=\"og:image\" content=\"https:\/\/cleitonpinheiro.com.br\/site\/wp-content\/uploads\/2024\/12\/mgiconcurso.webp\" \/>\n\t<meta property=\"og:image:width\" content=\"1170\" \/>\n\t<meta property=\"og:image:height\" content=\"700\" \/>\n\t<meta property=\"og:image:type\" content=\"image\/webp\" \/>\n<meta name=\"author\" content=\"Cleiton Pinheiro\" \/>\n<meta name=\"twitter:card\" content=\"summary_large_image\" \/>\n<meta name=\"twitter:label1\" content=\"Escrito por\" \/>\n\t<meta name=\"twitter:data1\" content=\"Cleiton Pinheiro\" \/>\n\t<meta name=\"twitter:label2\" content=\"Est. tempo de leitura\" \/>\n\t<meta name=\"twitter:data2\" content=\"3 minutos\" \/>\n<script type=\"application\/ld+json\" class=\"yoast-schema-graph\">{\"@context\":\"https:\/\/schema.org\",\"@graph\":[{\"@type\":\"Article\",\"@id\":\"https:\/\/cleitonpinheiro.com.br\/site\/cnu-divulgadas-notas-preliminares-de-provas-discursivas-e-redacoes\/#article\",\"isPartOf\":{\"@id\":\"https:\/\/cleitonpinheiro.com.br\/site\/cnu-divulgadas-notas-preliminares-de-provas-discursivas-e-redacoes\/\"},\"author\":{\"name\":\"Cleiton Pinheiro\",\"@id\":\"https:\/\/cleitonpinheiro.com.br\/site\/#\/schema\/person\/62fd4eb98fcc8bd3fc477aaff264af51\"},\"headline\":\"CNU: divulgadas notas preliminares de provas discursivas e reda\u00e7\u00f5es\",\"datePublished\":\"2024-12-09T15:40:12+00:00\",\"dateModified\":\"2024-12-09T15:40:16+00:00\",\"mainEntityOfPage\":{\"@id\":\"https:\/\/cleitonpinheiro.com.br\/site\/cnu-divulgadas-notas-preliminares-de-provas-discursivas-e-redacoes\/\"},\"wordCount\":313,\"commentCount\":0,\"publisher\":{\"@id\":\"https:\/\/cleitonpinheiro.com.br\/site\/#organization\"},\"image\":{\"@id\":\"https:\/\/cleitonpinheiro.com.br\/site\/cnu-divulgadas-notas-preliminares-de-provas-discursivas-e-redacoes\/#primaryimage\"},\"thumbnailUrl\":\"https:\/\/cleitonpinheiro.com.br\/site\/wp-content\/uploads\/2024\/12\/mgiconcurso-1024x613.webp\",\"articleSection\":[\"FUNCIONALISMO\",\"MANCHETE SEGUND\u00c1RIA\",\"TODAS NOTICIAS\"],\"inLanguage\":\"pt-BR\",\"potentialAction\":[{\"@type\":\"CommentAction\",\"name\":\"Comment\",\"target\":[\"https:\/\/cleitonpinheiro.com.br\/site\/cnu-divulgadas-notas-preliminares-de-provas-discursivas-e-redacoes\/#respond\"]}]},{\"@type\":\"WebPage\",\"@id\":\"https:\/\/cleitonpinheiro.com.br\/site\/cnu-divulgadas-notas-preliminares-de-provas-discursivas-e-redacoes\/\",\"url\":\"https:\/\/cleitonpinheiro.com.br\/site\/cnu-divulgadas-notas-preliminares-de-provas-discursivas-e-redacoes\/\",\"name\":\"CNU: divulgadas notas preliminares de provas discursivas e reda\u00e7\u00f5es - PORTAL DE NOT\u00cdCIAS CLEITON PINHEIRO\",\"isPartOf\":{\"@id\":\"https:\/\/cleitonpinheiro.com.br\/site\/#website\"},\"primaryImageOfPage\":{\"@id\":\"https:\/\/cleitonpinheiro.com.br\/site\/cnu-divulgadas-notas-preliminares-de-provas-discursivas-e-redacoes\/#primaryimage\"},\"image\":{\"@id\":\"https:\/\/cleitonpinheiro.com.br\/site\/cnu-divulgadas-notas-preliminares-de-provas-discursivas-e-redacoes\/#primaryimage\"},\"thumbnailUrl\":\"https:\/\/cleitonpinheiro.com.br\/site\/wp-content\/uploads\/2024\/12\/mgiconcurso-1024x613.webp\",\"datePublished\":\"2024-12-09T15:40:12+00:00\",\"dateModified\":\"2024-12-09T15:40:16+00:00\",\"breadcrumb\":{\"@id\":\"https:\/\/cleitonpinheiro.com.br\/site\/cnu-divulgadas-notas-preliminares-de-provas-discursivas-e-redacoes\/#breadcrumb\"},\"inLanguage\":\"pt-BR\",\"potentialAction\":[{\"@type\":\"ReadAction\",\"target\":[\"https:\/\/cleitonpinheiro.com.br\/site\/cnu-divulgadas-notas-preliminares-de-provas-discursivas-e-redacoes\/\"]}]},{\"@type\":\"ImageObject\",\"inLanguage\":\"pt-BR\",\"@id\":\"https:\/\/cleitonpinheiro.com.br\/site\/cnu-divulgadas-notas-preliminares-de-provas-discursivas-e-redacoes\/#primaryimage\",\"url\":\"\",\"contentUrl\":\"\"},{\"@type\":\"BreadcrumbList\",\"@id\":\"https:\/\/cleitonpinheiro.com.br\/site\/cnu-divulgadas-notas-preliminares-de-provas-discursivas-e-redacoes\/#breadcrumb\",\"itemListElement\":[{\"@type\":\"ListItem\",\"position\":1,\"name\":\"In\u00edcio\",\"item\":\"https:\/\/cleitonpinheiro.com.br\/site\/\"},{\"@type\":\"ListItem\",\"position\":2,\"name\":\"CNU: divulgadas notas preliminares de provas discursivas e reda\u00e7\u00f5es\"}]},{\"@type\":\"WebSite\",\"@id\":\"https:\/\/cleitonpinheiro.com.br\/site\/#website\",\"url\":\"https:\/\/cleitonpinheiro.com.br\/site\/\",\"name\":\"PORTAL DE NOT\u00cdCIAS CLEITON PINHEIRO\",\"description\":\"FALANDO A VERDADE\",\"publisher\":{\"@id\":\"https:\/\/cleitonpinheiro.com.br\/site\/#organization\"},\"potentialAction\":[{\"@type\":\"SearchAction\",\"target\":{\"@type\":\"EntryPoint\",\"urlTemplate\":\"https:\/\/cleitonpinheiro.com.br\/site\/?s={search_term_string}\"},\"query-input\":{\"@type\":\"PropertyValueSpecification\",\"valueRequired\":true,\"valueName\":\"search_term_string\"}}],\"inLanguage\":\"pt-BR\"},{\"@type\":\"Organization\",\"@id\":\"https:\/\/cleitonpinheiro.com.br\/site\/#organization\",\"name\":\"CPNOT\u00cdCIAS\",\"url\":\"https:\/\/cleitonpinheiro.com.br\/site\/\",\"logo\":{\"@type\":\"ImageObject\",\"inLanguage\":\"pt-BR\",\"@id\":\"https:\/\/cleitonpinheiro.com.br\/site\/#\/schema\/logo\/image\/\",\"url\":\"https:\/\/cleitonpinheiro.com.br\/site\/wp-content\/uploads\/2022\/08\/Logo-pequena-2.png\",\"contentUrl\":\"https:\/\/cleitonpinheiro.com.br\/site\/wp-content\/uploads\/2022\/08\/Logo-pequena-2.png\",\"width\":500,\"height\":500,\"caption\":\"CPNOT\u00cdCIAS\"},\"image\":{\"@id\":\"https:\/\/cleitonpinheiro.com.br\/site\/#\/schema\/logo\/image\/\"},\"sameAs\":[\"https:\/\/www.facebook.com\/portalcpnoticias\/\"]},{\"@type\":\"Person\",\"@id\":\"https:\/\/cleitonpinheiro.com.br\/site\/#\/schema\/person\/62fd4eb98fcc8bd3fc477aaff264af51\",\"name\":\"Cleiton Pinheiro\",\"image\":{\"@type\":\"ImageObject\",\"inLanguage\":\"pt-BR\",\"@id\":\"https:\/\/cleitonpinheiro.com.br\/site\/#\/schema\/person\/image\/\",\"url\":\"https:\/\/secure.gravatar.com\/avatar\/15642ec35b78fe5eed3cfa8e4a3f3211d73a3df4f35f0566b4324958cba1b1b9?s=96&r=g\",\"contentUrl\":\"https:\/\/secure.gravatar.com\/avatar\/15642ec35b78fe5eed3cfa8e4a3f3211d73a3df4f35f0566b4324958cba1b1b9?s=96&r=g\",\"caption\":\"Cleiton Pinheiro\"},\"url\":\"https:\/\/cleitonpinheiro.com.br\/site\/author\/cleiton\/\"}]}<\/script>\n<!-- \/ Yoast SEO plugin. -->","yoast_head_json":{"title":"CNU: divulgadas notas preliminares de provas discursivas e reda\u00e7\u00f5es - PORTAL DE NOT\u00cdCIAS CLEITON PINHEIRO","robots":{"index":"index","follow":"follow","max-snippet":"max-snippet:-1","max-image-preview":"max-image-preview:large","max-video-preview":"max-video-preview:-1"},"canonical":"https:\/\/cleitonpinheiro.com.br\/site\/cnu-divulgadas-notas-preliminares-de-provas-discursivas-e-redacoes\/","og_locale":"pt_BR","og_type":"article","og_title":"CNU: divulgadas notas preliminares de provas discursivas e reda\u00e7\u00f5es - PORTAL DE NOT\u00cdCIAS CLEITON PINHEIRO","og_description":"Os candidatos reintegrados ao\u00a0Concurso P\u00fablico Nacional Unificado\u00a0(CPNU) e habilitados \u00e0 corre\u00e7\u00e3o da prova discursiva, ap\u00f3s acordo judicial firmado entre o Minist\u00e9rio da Gest\u00e3o e da Inova\u00e7\u00e3o em Servi\u00e7os P\u00fablicos e o Minist\u00e9rio P\u00fablico Federal (MGI), j\u00e1 podem consultar as notas preliminares das provas discursivas e reda\u00e7\u00f5es. A\u00a0consulta\u00a0pode ser feita na p\u00e1gina oficial do concurso. Para [&hellip;]","og_url":"https:\/\/cleitonpinheiro.com.br\/site\/cnu-divulgadas-notas-preliminares-de-provas-discursivas-e-redacoes\/","og_site_name":"PORTAL DE NOT\u00cdCIAS CLEITON PINHEIRO","article_publisher":"https:\/\/www.facebook.com\/portalcpnoticias\/","article_published_time":"2024-12-09T15:40:12+00:00","article_modified_time":"2024-12-09T15:40:16+00:00","og_image":[{"width":1170,"height":700,"url":"https:\/\/cleitonpinheiro.com.br\/site\/wp-content\/uploads\/2024\/12\/mgiconcurso.webp","type":"image\/webp"}],"author":"Cleiton Pinheiro","twitter_card":"summary_large_image","twitter_misc":{"Escrito por":"Cleiton Pinheiro","Est. tempo de leitura":"3 minutos"},"schema":{"@context":"https:\/\/schema.org","@graph":[{"@type":"Article","@id":"https:\/\/cleitonpinheiro.com.br\/site\/cnu-divulgadas-notas-preliminares-de-provas-discursivas-e-redacoes\/#article","isPartOf":{"@id":"https:\/\/cleitonpinheiro.com.br\/site\/cnu-divulgadas-notas-preliminares-de-provas-discursivas-e-redacoes\/"},"author":{"name":"Cleiton Pinheiro","@id":"https:\/\/cleitonpinheiro.com.br\/site\/#\/schema\/person\/62fd4eb98fcc8bd3fc477aaff264af51"},"headline":"CNU: divulgadas notas preliminares de provas discursivas e reda\u00e7\u00f5es","datePublished":"2024-12-09T15:40:12+00:00","dateModified":"2024-12-09T15:40:16+00:00","mainEntityOfPage":{"@id":"https:\/\/cleitonpinheiro.com.br\/site\/cnu-divulgadas-notas-preliminares-de-provas-discursivas-e-redacoes\/"},"wordCount":313,"commentCount":0,"publisher":{"@id":"https:\/\/cleitonpinheiro.com.br\/site\/#organization"},"image":{"@id":"https:\/\/cleitonpinheiro.com.br\/site\/cnu-divulgadas-notas-preliminares-de-provas-discursivas-e-redacoes\/#primaryimage"},"thumbnailUrl":"https:\/\/cleitonpinheiro.com.br\/site\/wp-content\/uploads\/2024\/12\/mgiconcurso-1024x613.webp","articleSection":["FUNCIONALISMO","MANCHETE SEGUND\u00c1RIA","TODAS NOTICIAS"],"inLanguage":"pt-BR","potentialAction":[{"@type":"CommentAction","name":"Comment","target":["https:\/\/cleitonpinheiro.com.br\/site\/cnu-divulgadas-notas-preliminares-de-provas-discursivas-e-redacoes\/#respond"]}]},{"@type":"WebPage","@id":"https:\/\/cleitonpinheiro.com.br\/site\/cnu-divulgadas-notas-preliminares-de-provas-discursivas-e-redacoes\/","url":"https:\/\/cleitonpinheiro.com.br\/site\/cnu-divulgadas-notas-preliminares-de-provas-discursivas-e-redacoes\/","name":"CNU: divulgadas notas preliminares de provas discursivas e reda\u00e7\u00f5es - PORTAL DE NOT\u00cdCIAS CLEITON PINHEIRO","isPartOf":{"@id":"https:\/\/cleitonpinheiro.com.br\/site\/#website"},"primaryImageOfPage":{"@id":"https:\/\/cleitonpinheiro.com.br\/site\/cnu-divulgadas-notas-preliminares-de-provas-discursivas-e-redacoes\/#primaryimage"},"image":{"@id":"https:\/\/cleitonpinheiro.com.br\/site\/cnu-divulgadas-notas-preliminares-de-provas-discursivas-e-redacoes\/#primaryimage"},"thumbnailUrl":"https:\/\/cleitonpinheiro.com.br\/site\/wp-content\/uploads\/2024\/12\/mgiconcurso-1024x613.webp","datePublished":"2024-12-09T15:40:12+00:00","dateModified":"2024-12-09T15:40:16+00:00","breadcrumb":{"@id":"https:\/\/cleitonpinheiro.com.br\/site\/cnu-divulgadas-notas-preliminares-de-provas-discursivas-e-redacoes\/#breadcrumb"},"inLanguage":"pt-BR","potentialAction":[{"@type":"ReadAction","target":["https:\/\/cleitonpinheiro.com.br\/site\/cnu-divulgadas-notas-preliminares-de-provas-discursivas-e-redacoes\/"]}]},{"@type":"ImageObject","inLanguage":"pt-BR","@id":"https:\/\/cleitonpinheiro.com.br\/site\/cnu-divulgadas-notas-preliminares-de-provas-discursivas-e-redacoes\/#primaryimage","url":"","contentUrl":""},{"@type":"BreadcrumbList","@id":"https:\/\/cleitonpinheiro.com.br\/site\/cnu-divulgadas-notas-preliminares-de-provas-discursivas-e-redacoes\/#breadcrumb","itemListElement":[{"@type":"ListItem","position":1,"name":"In\u00edcio","item":"https:\/\/cleitonpinheiro.com.br\/site\/"},{"@type":"ListItem","position":2,"name":"CNU: divulgadas notas preliminares de provas discursivas e reda\u00e7\u00f5es"}]},{"@type":"WebSite","@id":"https:\/\/cleitonpinheiro.com.br\/site\/#website","url":"https:\/\/cleitonpinheiro.com.br\/site\/","name":"PORTAL DE NOT\u00cdCIAS CLEITON PINHEIRO","description":"FALANDO A VERDADE","publisher":{"@id":"https:\/\/cleitonpinheiro.com.br\/site\/#organization"},"potentialAction":[{"@type":"SearchAction","target":{"@type":"EntryPoint","urlTemplate":"https:\/\/cleitonpinheiro.com.br\/site\/?s={search_term_string}"},"query-input":{"@type":"PropertyValueSpecification","valueRequired":true,"valueName":"search_term_string"}}],"inLanguage":"pt-BR"},{"@type":"Organization","@id":"https:\/\/cleitonpinheiro.com.br\/site\/#organization","name":"CPNOT\u00cdCIAS","url":"https:\/\/cleitonpinheiro.com.br\/site\/","logo":{"@type":"ImageObject","inLanguage":"pt-BR","@id":"https:\/\/cleitonpinheiro.com.br\/site\/#\/schema\/logo\/image\/","url":"https:\/\/cleitonpinheiro.com.br\/site\/wp-content\/uploads\/2022\/08\/Logo-pequena-2.png","contentUrl":"https:\/\/cleitonpinheiro.com.br\/site\/wp-content\/uploads\/2022\/08\/Logo-pequena-2.png","width":500,"height":500,"caption":"CPNOT\u00cdCIAS"},"image":{"@id":"https:\/\/cleitonpinheiro.com.br\/site\/#\/schema\/logo\/image\/"},"sameAs":["https:\/\/www.facebook.com\/portalcpnoticias\/"]},{"@type":"Person","@id":"https:\/\/cleitonpinheiro.com.br\/site\/#\/schema\/person\/62fd4eb98fcc8bd3fc477aaff264af51","name":"Cleiton Pinheiro","image":{"@type":"ImageObject","inLanguage":"pt-BR","@id":"https:\/\/cleitonpinheiro.com.br\/site\/#\/schema\/person\/image\/","url":"https:\/\/secure.gravatar.com\/avatar\/15642ec35b78fe5eed3cfa8e4a3f3211d73a3df4f35f0566b4324958cba1b1b9?s=96&r=g","contentUrl":"https:\/\/secure.gravatar.com\/avatar\/15642ec35b78fe5eed3cfa8e4a3f3211d73a3df4f35f0566b4324958cba1b1b9?s=96&r=g","caption":"Cleiton Pinheiro"},"url":"https:\/\/cleitonpinheiro.com.br\/site\/author\/cleiton\/"}]}},"views":194,"_links":{"self":[{"href":"https:\/\/cleitonpinheiro.com.br\/site\/wp-json\/wp\/v2\/posts\/83407","targetHints":{"allow":["GET"]}}],"collection":[{"href":"https:\/\/cleitonpinheiro.com.br\/site\/wp-json\/wp\/v2\/posts"}],"about":[{"href":"https:\/\/cleitonpinheiro.com.br\/site\/wp-json\/wp\/v2\/types\/post"}],"author":[{"embeddable":true,"href":"https:\/\/cleitonpinheiro.com.br\/site\/wp-json\/wp\/v2\/users\/10"}],"replies":[{"embeddable":true,"href":"https:\/\/cleitonpinheiro.com.br\/site\/wp-json\/wp\/v2\/comments?post=83407"}],"version-history":[{"count":1,"href":"https:\/\/cleitonpinheiro.com.br\/site\/wp-json\/wp\/v2\/posts\/83407\/revisions"}],"predecessor-version":[{"id":83409,"href":"https:\/\/cleitonpinheiro.com.br\/site\/wp-json\/wp\/v2\/posts\/83407\/revisions\/83409"}],"wp:attachment":[{"href":"https:\/\/cleitonpinheiro.com.br\/site\/wp-json\/wp\/v2\/media?parent=83407"}],"wp:term":[{"taxonomy":"category","embeddable":true,"href":"https:\/\/cleitonpinheiro.com.br\/site\/wp-json\/wp\/v2\/categories?post=83407"},{"taxonomy":"post_tag","embeddable":true,"href":"https:\/\/cleitonpinheiro.com.br\/site\/wp-json\/wp\/v2\/tags?post=83407"}],"curies":[{"name":"wp","href":"https:\/\/api.w.org\/{rel}","templated":true}]}}